{"id":365811,"date":"2026-02-05T06:14:29","date_gmt":"2026-02-05T10:14:29","guid":{"rendered":"https:\/\/www.eldiario.net\/portal\/?p=365811"},"modified":"2026-02-05T06:14:29","modified_gmt":"2026-02-05T10:14:29","slug":"avanza-la-socializacion-de-proyecto-para-fortalecer-defensa-de-animales","status":"publish","type":"post","link":"https:\/\/www.eldiario.net\/portal\/2026\/02\/05\/avanza-la-socializacion-de-proyecto-para-fortalecer-defensa-de-animales\/","title":{"rendered":"Avanza la socializaci\u00f3n de proyecto  para fortalecer defensa de animales"},"content":{"rendered":"<p>En un acto p\u00fablico realizado en la Asamblea Legislativa Plurinacional (ALP), el diputado por el Partido Dem\u00f3crata Cristiano (PDC), Manolo Rojas, socializ\u00f3 con la poblaci\u00f3n los alcances del proyecto de ley que propone el fortalecimiento de la Ley 700, para la defensa de los animales contra todo acto de crueldad y maltrato.<\/p>\n<p>\u201cEsta ley no nace en un escritorio (\u2026) Nace del dolor y de la impotencia que hemos vivido como activistas, como abogado y como diputado\u201d, manifest\u00f3.<\/p>\n<p>El acto cont\u00f3 con la presencia del director nacional de la Polic\u00eda Forestal y de Preservaci\u00f3n del Medio Ambiente, Jos\u00e9 Luis Alarc\u00f3n, as\u00ed como de las diputadas Grace Santelices y Ximena Arispe (ambas del PDC), adem\u00e1s de activistas en defensa de los animales.<\/p>\n<p>En la ocasi\u00f3n, Rojas anunci\u00f3 la apertura de seis mesas de trabajo digitales para abordar temas espec\u00edficos que contribuir\u00e1n al fortalecimiento de la propuesta normativa, entre ellos la prevenci\u00f3n y el control poblacional, la esterilizaci\u00f3n de animales con profesionales especializados, el trabajo coordinado con gobiernos municipales y centros de adopci\u00f3n y la elaboraci\u00f3n de un documento espec\u00edfico para sancionar a responsables de maltrato animal y biocidio.<\/p>\n<p>Anteriormente, Rojas hab\u00eda detallado que el objetico principal de la norma planteada es poder endurecer sanciones para que realmente quien cometa un delito contra los animales pague con su libertad, se proceda con una carnetizaci\u00f3n a nivel nacional y se asuman medidas relacionadas a la salud p\u00fablica nacional como campa\u00f1as de esterilizaci\u00f3n masiva.<\/p>\n","protected":false},"excerpt":{"rendered":"<p>En un acto p\u00fablico realizado en la Asamblea Legislativa Plurinacional (ALP), el diputado por el Partido Dem\u00f3crata Cristiano (PDC), Manolo Rojas, socializ\u00f3 con la poblaci\u00f3n los alcances del proyecto de ley que propone el fortalecimiento de la Ley 700, para la defensa de los animales contra todo acto de crueldad y maltrato. \u201cEsta ley no [&hellip;]<\/p>\n","protected":false},"author":1,"featured_media":365812,"comment_status":"closed","ping_status":"open","sticky":false,"template":"","format":"standard","meta":{"_acf_changed":false,"footnotes":""},"categories":[14],"tags":[],"class_list":["post-365811","post","type-post","status-publish","format-standard","has-post-thumbnail","category-politica"],"acf":{"antetitulo":"Para endurecer sanciones"},"yoast_head":"<!-- This site is optimized with the Yoast SEO plugin v28.3 - https:\/\/yoast.com\/product\/yoast-seo-wordpress\/ -->\n<title>Avanza la socializaci\u00f3n de proyecto para fortalecer defensa de animales - El Diario - Bolivia<\/title>\n<meta name=\"robots\" content=\"index, follow, max-snippet:-1, max-image-preview:large, max-video-preview:-1\" \/>\n<link rel=\"canonical\" href=\"https:\/\/www.eldiario.net\/portal\/2026\/02\/05\/avanza-la-socializacion-de-proyecto-para-fortalecer-defensa-de-animales\/\" \/>\n<meta property=\"og:locale\" content=\"es_ES\" \/>\n<meta property=\"og:type\" content=\"article\" \/>\n<meta property=\"og:title\" content=\"Avanza la socializaci\u00f3n de proyecto para fortalecer defensa de animales - El Diario - Bolivia\" \/>\n<meta property=\"og:description\" content=\"En un acto p\u00fablico realizado en la Asamblea Legislativa Plurinacional (ALP), el diputado por el Partido Dem\u00f3crata Cristiano (PDC), Manolo Rojas, socializ\u00f3 con la poblaci\u00f3n los alcances del proyecto de ley que propone el fortalecimiento de la Ley 700, para la defensa de los animales contra todo acto de crueldad y maltrato. \u201cEsta ley no [&hellip;]\" \/>\n<meta property=\"og:url\" content=\"https:\/\/www.eldiario.net\/portal\/2026\/02\/05\/avanza-la-socializacion-de-proyecto-para-fortalecer-defensa-de-animales\/\" \/>\n<meta property=\"og:site_name\" content=\"El Diario - Bolivia\" \/>\n<meta property=\"article:publisher\" content=\"https:\/\/www.facebook.com\/eldiario.bolivia\/\" \/>\n<meta property=\"article:published_time\" content=\"2026-02-05T10:14:29+00:00\" \/>\n<meta property=\"og:image\" content=\"https:\/\/www.eldiario.net\/portal\/wp-content\/uploads\/2026\/02\/ANIMALES-FOTO.webp\" \/>\n\t<meta property=\"og:image:width\" content=\"1200\" \/>\n\t<meta property=\"og:image:height\" content=\"674\" \/>\n\t<meta property=\"og:image:type\" content=\"image\/webp\" \/>\n<meta name=\"author\" content=\"Jeanette\" \/>\n<meta name=\"twitter:card\" content=\"summary_large_image\" \/>\n<meta name=\"twitter:creator\" content=\"@eldiario_net\" \/>\n<meta name=\"twitter:site\" content=\"@eldiario_net\" \/>\n<meta name=\"twitter:label1\" content=\"Escrito por\" \/>\n\t<meta name=\"twitter:data1\" content=\"Jeanette\" \/>\n\t<meta name=\"twitter:label2\" content=\"Tiempo de lectura\" \/>\n\t<meta name=\"twitter:data2\" content=\"2 minutos\" \/>\n<script type=\"application\/ld+json\" class=\"yoast-schema-graph\">{\"@context\":\"https:\\\/\\\/schema.org\",\"@graph\":[{\"@type\":\"Article\",\"@id\":\"https:\\\/\\\/www.eldiario.net\\\/portal\\\/2026\\\/02\\\/05\\\/avanza-la-socializacion-de-proyecto-para-fortalecer-defensa-de-animales\\\/#article\",\"isPartOf\":{\"@id\":\"https:\\\/\\\/www.eldiario.net\\\/portal\\\/2026\\\/02\\\/05\\\/avanza-la-socializacion-de-proyecto-para-fortalecer-defensa-de-animales\\\/\"},\"author\":{\"name\":\"Jeanette\",\"@id\":\"https:\\\/\\\/www.eldiario.net\\\/portal\\\/#\\\/schema\\\/person\\\/f46445640444750d7d753ccd04ae01b7\"},\"headline\":\"Avanza la socializaci\u00f3n de proyecto para fortalecer defensa de animales\",\"datePublished\":\"2026-02-05T10:14:29+00:00\",\"mainEntityOfPage\":{\"@id\":\"https:\\\/\\\/www.eldiario.net\\\/portal\\\/2026\\\/02\\\/05\\\/avanza-la-socializacion-de-proyecto-para-fortalecer-defensa-de-animales\\\/\"},\"wordCount\":269,\"publisher\":{\"@id\":\"https:\\\/\\\/www.eldiario.net\\\/portal\\\/#organization\"},\"image\":{\"@id\":\"https:\\\/\\\/www.eldiario.net\\\/portal\\\/2026\\\/02\\\/05\\\/avanza-la-socializacion-de-proyecto-para-fortalecer-defensa-de-animales\\\/#primaryimage\"},\"thumbnailUrl\":\"https:\\\/\\\/www.eldiario.net\\\/portal\\\/wp-content\\\/uploads\\\/2026\\\/02\\\/ANIMALES-FOTO.webp\",\"articleSection\":[\"Pol\u00edtica\"],\"inLanguage\":\"es\"},{\"@type\":\"WebPage\",\"@id\":\"https:\\\/\\\/www.eldiario.net\\\/portal\\\/2026\\\/02\\\/05\\\/avanza-la-socializacion-de-proyecto-para-fortalecer-defensa-de-animales\\\/\",\"url\":\"https:\\\/\\\/www.eldiario.net\\\/portal\\\/2026\\\/02\\\/05\\\/avanza-la-socializacion-de-proyecto-para-fortalecer-defensa-de-animales\\\/\",\"name\":\"Avanza la socializaci\u00f3n de proyecto para fortalecer defensa de animales - El Diario - Bolivia\",\"isPartOf\":{\"@id\":\"https:\\\/\\\/www.eldiario.net\\\/portal\\\/#website\"},\"primaryImageOfPage\":{\"@id\":\"https:\\\/\\\/www.eldiario.net\\\/portal\\\/2026\\\/02\\\/05\\\/avanza-la-socializacion-de-proyecto-para-fortalecer-defensa-de-animales\\\/#primaryimage\"},\"image\":{\"@id\":\"https:\\\/\\\/www.eldiario.net\\\/portal\\\/2026\\\/02\\\/05\\\/avanza-la-socializacion-de-proyecto-para-fortalecer-defensa-de-animales\\\/#primaryimage\"},\"thumbnailUrl\":\"https:\\\/\\\/www.eldiario.net\\\/portal\\\/wp-content\\\/uploads\\\/2026\\\/02\\\/ANIMALES-FOTO.webp\",\"datePublished\":\"2026-02-05T10:14:29+00:00\",\"breadcrumb\":{\"@id\":\"https:\\\/\\\/www.eldiario.net\\\/portal\\\/2026\\\/02\\\/05\\\/avanza-la-socializacion-de-proyecto-para-fortalecer-defensa-de-animales\\\/#breadcrumb\"},\"inLanguage\":\"es\",\"potentialAction\":[{\"@type\":\"ReadAction\",\"target\":[\"https:\\\/\\\/www.eldiario.net\\\/portal\\\/2026\\\/02\\\/05\\\/avanza-la-socializacion-de-proyecto-para-fortalecer-defensa-de-animales\\\/\"]}]},{\"@type\":\"ImageObject\",\"inLanguage\":\"es\",\"@id\":\"https:\\\/\\\/www.eldiario.net\\\/portal\\\/2026\\\/02\\\/05\\\/avanza-la-socializacion-de-proyecto-para-fortalecer-defensa-de-animales\\\/#primaryimage\",\"url\":\"https:\\\/\\\/www.eldiario.net\\\/portal\\\/wp-content\\\/uploads\\\/2026\\\/02\\\/ANIMALES-FOTO.webp\",\"contentUrl\":\"https:\\\/\\\/www.eldiario.net\\\/portal\\\/wp-content\\\/uploads\\\/2026\\\/02\\\/ANIMALES-FOTO.webp\",\"width\":1200,\"height\":674,\"caption\":\"Acto de socializaci\u00f3n en la ALP CREDITOS \\\/ RRSS\"},{\"@type\":\"BreadcrumbList\",\"@id\":\"https:\\\/\\\/www.eldiario.net\\\/portal\\\/2026\\\/02\\\/05\\\/avanza-la-socializacion-de-proyecto-para-fortalecer-defensa-de-animales\\\/#breadcrumb\",\"itemListElement\":[{\"@type\":\"ListItem\",\"position\":1,\"name\":\"Portada\",\"item\":\"https:\\\/\\\/www.eldiario.net\\\/portal\\\/\"},{\"@type\":\"ListItem\",\"position\":2,\"name\":\"Avanza la socializaci\u00f3n de proyecto para fortalecer defensa de animales\"}]},{\"@type\":\"WebSite\",\"@id\":\"https:\\\/\\\/www.eldiario.net\\\/portal\\\/#website\",\"url\":\"https:\\\/\\\/www.eldiario.net\\\/portal\\\/\",\"name\":\"El Diario - Decano de la prensa nacional\",\"description\":\"El Diario - Decano de la prensa nacional\",\"publisher\":{\"@id\":\"https:\\\/\\\/www.eldiario.net\\\/portal\\\/#organization\"},\"potentialAction\":[{\"@type\":\"SearchAction\",\"target\":{\"@type\":\"EntryPoint\",\"urlTemplate\":\"https:\\\/\\\/www.eldiario.net\\\/portal\\\/?s={search_term_string}\"},\"query-input\":{\"@type\":\"PropertyValueSpecification\",\"valueRequired\":true,\"valueName\":\"search_term_string\"}}],\"inLanguage\":\"es\"},{\"@type\":\"Organization\",\"@id\":\"https:\\\/\\\/www.eldiario.net\\\/portal\\\/#organization\",\"name\":\"El Diario - Decano de la prensa nacional\",\"url\":\"https:\\\/\\\/www.eldiario.net\\\/portal\\\/\",\"logo\":{\"@type\":\"ImageObject\",\"inLanguage\":\"es\",\"@id\":\"https:\\\/\\\/www.eldiario.net\\\/portal\\\/#\\\/schema\\\/logo\\\/image\\\/\",\"url\":\"https:\\\/\\\/www.eldiario.net\\\/portal\\\/wp-content\\\/uploads\\\/2023\\\/07\\\/logo_ED.jpg\",\"contentUrl\":\"https:\\\/\\\/www.eldiario.net\\\/portal\\\/wp-content\\\/uploads\\\/2023\\\/07\\\/logo_ED.jpg\",\"width\":272,\"height\":52,\"caption\":\"El Diario - Decano de la prensa nacional\"},\"image\":{\"@id\":\"https:\\\/\\\/www.eldiario.net\\\/portal\\\/#\\\/schema\\\/logo\\\/image\\\/\"},\"sameAs\":[\"https:\\\/\\\/www.facebook.com\\\/eldiario.bolivia\\\/\",\"https:\\\/\\\/x.com\\\/eldiario_net\"]},{\"@type\":\"Person\",\"@id\":\"https:\\\/\\\/www.eldiario.net\\\/portal\\\/#\\\/schema\\\/person\\\/f46445640444750d7d753ccd04ae01b7\",\"name\":\"Jeanette\",\"image\":{\"@type\":\"ImageObject\",\"inLanguage\":\"es\",\"@id\":\"https:\\\/\\\/secure.gravatar.com\\\/avatar\\\/3ea2118a5f7dad2b7138b1187a6b7ee55f160b9968b66013c3a3ef39dd7e5798?s=96&d=mm&r=g\",\"url\":\"https:\\\/\\\/secure.gravatar.com\\\/avatar\\\/3ea2118a5f7dad2b7138b1187a6b7ee55f160b9968b66013c3a3ef39dd7e5798?s=96&d=mm&r=g\",\"contentUrl\":\"https:\\\/\\\/secure.gravatar.com\\\/avatar\\\/3ea2118a5f7dad2b7138b1187a6b7ee55f160b9968b66013c3a3ef39dd7e5798?s=96&d=mm&r=g\",\"caption\":\"Jeanette\"},\"sameAs\":[\"https:\\\/\\\/www.eldiario.net\\\/portal\"],\"url\":\"https:\\\/\\\/www.eldiario.net\\\/portal\\\/author\\\/jeanette\\\/\"}]}<\/script>\n<!-- \/ Yoast SEO plugin. -->","yoast_head_json":{"title":"Avanza la socializaci\u00f3n de proyecto para fortalecer defensa de animales - El Diario - Bolivia","robots":{"index":"index","follow":"follow","max-snippet":"max-snippet:-1","max-image-preview":"max-image-preview:large","max-video-preview":"max-video-preview:-1"},"canonical":"https:\/\/www.eldiario.net\/portal\/2026\/02\/05\/avanza-la-socializacion-de-proyecto-para-fortalecer-defensa-de-animales\/","og_locale":"es_ES","og_type":"article","og_title":"Avanza la socializaci\u00f3n de proyecto para fortalecer defensa de animales - El Diario - Bolivia","og_description":"En un acto p\u00fablico realizado en la Asamblea Legislativa Plurinacional (ALP), el diputado por el Partido Dem\u00f3crata Cristiano (PDC), Manolo Rojas, socializ\u00f3 con la poblaci\u00f3n los alcances del proyecto de ley que propone el fortalecimiento de la Ley 700, para la defensa de los animales contra todo acto de crueldad y maltrato. \u201cEsta ley no [&hellip;]","og_url":"https:\/\/www.eldiario.net\/portal\/2026\/02\/05\/avanza-la-socializacion-de-proyecto-para-fortalecer-defensa-de-animales\/","og_site_name":"El Diario - Bolivia","article_publisher":"https:\/\/www.facebook.com\/eldiario.bolivia\/","article_published_time":"2026-02-05T10:14:29+00:00","og_image":[{"width":1200,"height":674,"url":"https:\/\/www.eldiario.net\/portal\/wp-content\/uploads\/2026\/02\/ANIMALES-FOTO.webp","type":"image\/webp"}],"author":"Jeanette","twitter_card":"summary_large_image","twitter_creator":"@eldiario_net","twitter_site":"@eldiario_net","twitter_misc":{"Escrito por":"Jeanette","Tiempo de lectura":"2 minutos"},"schema":{"@context":"https:\/\/schema.org","@graph":[{"@type":"Article","@id":"https:\/\/www.eldiario.net\/portal\/2026\/02\/05\/avanza-la-socializacion-de-proyecto-para-fortalecer-defensa-de-animales\/#article","isPartOf":{"@id":"https:\/\/www.eldiario.net\/portal\/2026\/02\/05\/avanza-la-socializacion-de-proyecto-para-fortalecer-defensa-de-animales\/"},"author":{"name":"Jeanette","@id":"https:\/\/www.eldiario.net\/portal\/#\/schema\/person\/f46445640444750d7d753ccd04ae01b7"},"headline":"Avanza la socializaci\u00f3n de proyecto para fortalecer defensa de animales","datePublished":"2026-02-05T10:14:29+00:00","mainEntityOfPage":{"@id":"https:\/\/www.eldiario.net\/portal\/2026\/02\/05\/avanza-la-socializacion-de-proyecto-para-fortalecer-defensa-de-animales\/"},"wordCount":269,"publisher":{"@id":"https:\/\/www.eldiario.net\/portal\/#organization"},"image":{"@id":"https:\/\/www.eldiario.net\/portal\/2026\/02\/05\/avanza-la-socializacion-de-proyecto-para-fortalecer-defensa-de-animales\/#primaryimage"},"thumbnailUrl":"https:\/\/www.eldiario.net\/portal\/wp-content\/uploads\/2026\/02\/ANIMALES-FOTO.webp","articleSection":["Pol\u00edtica"],"inLanguage":"es"},{"@type":"WebPage","@id":"https:\/\/www.eldiario.net\/portal\/2026\/02\/05\/avanza-la-socializacion-de-proyecto-para-fortalecer-defensa-de-animales\/","url":"https:\/\/www.eldiario.net\/portal\/2026\/02\/05\/avanza-la-socializacion-de-proyecto-para-fortalecer-defensa-de-animales\/","name":"Avanza la socializaci\u00f3n de proyecto para fortalecer defensa de animales - El Diario - Bolivia","isPartOf":{"@id":"https:\/\/www.eldiario.net\/portal\/#website"},"primaryImageOfPage":{"@id":"https:\/\/www.eldiario.net\/portal\/2026\/02\/05\/avanza-la-socializacion-de-proyecto-para-fortalecer-defensa-de-animales\/#primaryimage"},"image":{"@id":"https:\/\/www.eldiario.net\/portal\/2026\/02\/05\/avanza-la-socializacion-de-proyecto-para-fortalecer-defensa-de-animales\/#primaryimage"},"thumbnailUrl":"https:\/\/www.eldiario.net\/portal\/wp-content\/uploads\/2026\/02\/ANIMALES-FOTO.webp","datePublished":"2026-02-05T10:14:29+00:00","breadcrumb":{"@id":"https:\/\/www.eldiario.net\/portal\/2026\/02\/05\/avanza-la-socializacion-de-proyecto-para-fortalecer-defensa-de-animales\/#breadcrumb"},"inLanguage":"es","potentialAction":[{"@type":"ReadAction","target":["https:\/\/www.eldiario.net\/portal\/2026\/02\/05\/avanza-la-socializacion-de-proyecto-para-fortalecer-defensa-de-animales\/"]}]},{"@type":"ImageObject","inLanguage":"es","@id":"https:\/\/www.eldiario.net\/portal\/2026\/02\/05\/avanza-la-socializacion-de-proyecto-para-fortalecer-defensa-de-animales\/#primaryimage","url":"https:\/\/www.eldiario.net\/portal\/wp-content\/uploads\/2026\/02\/ANIMALES-FOTO.webp","contentUrl":"https:\/\/www.eldiario.net\/portal\/wp-content\/uploads\/2026\/02\/ANIMALES-FOTO.webp","width":1200,"height":674,"caption":"Acto de socializaci\u00f3n en la ALP CREDITOS \/ RRSS"},{"@type":"BreadcrumbList","@id":"https:\/\/www.eldiario.net\/portal\/2026\/02\/05\/avanza-la-socializacion-de-proyecto-para-fortalecer-defensa-de-animales\/#breadcrumb","itemListElement":[{"@type":"ListItem","position":1,"name":"Portada","item":"https:\/\/www.eldiario.net\/portal\/"},{"@type":"ListItem","position":2,"name":"Avanza la socializaci\u00f3n de proyecto para fortalecer defensa de animales"}]},{"@type":"WebSite","@id":"https:\/\/www.eldiario.net\/portal\/#website","url":"https:\/\/www.eldiario.net\/portal\/","name":"El Diario - Decano de la prensa nacional","description":"El Diario - Decano de la prensa nacional","publisher":{"@id":"https:\/\/www.eldiario.net\/portal\/#organization"},"potentialAction":[{"@type":"SearchAction","target":{"@type":"EntryPoint","urlTemplate":"https:\/\/www.eldiario.net\/portal\/?s={search_term_string}"},"query-input":{"@type":"PropertyValueSpecification","valueRequired":true,"valueName":"search_term_string"}}],"inLanguage":"es"},{"@type":"Organization","@id":"https:\/\/www.eldiario.net\/portal\/#organization","name":"El Diario - Decano de la prensa nacional","url":"https:\/\/www.eldiario.net\/portal\/","logo":{"@type":"ImageObject","inLanguage":"es","@id":"https:\/\/www.eldiario.net\/portal\/#\/schema\/logo\/image\/","url":"https:\/\/www.eldiario.net\/portal\/wp-content\/uploads\/2023\/07\/logo_ED.jpg","contentUrl":"https:\/\/www.eldiario.net\/portal\/wp-content\/uploads\/2023\/07\/logo_ED.jpg","width":272,"height":52,"caption":"El Diario - Decano de la prensa nacional"},"image":{"@id":"https:\/\/www.eldiario.net\/portal\/#\/schema\/logo\/image\/"},"sameAs":["https:\/\/www.facebook.com\/eldiario.bolivia\/","https:\/\/x.com\/eldiario_net"]},{"@type":"Person","@id":"https:\/\/www.eldiario.net\/portal\/#\/schema\/person\/f46445640444750d7d753ccd04ae01b7","name":"Jeanette","image":{"@type":"ImageObject","inLanguage":"es","@id":"https:\/\/secure.gravatar.com\/avatar\/3ea2118a5f7dad2b7138b1187a6b7ee55f160b9968b66013c3a3ef39dd7e5798?s=96&d=mm&r=g","url":"https:\/\/secure.gravatar.com\/avatar\/3ea2118a5f7dad2b7138b1187a6b7ee55f160b9968b66013c3a3ef39dd7e5798?s=96&d=mm&r=g","contentUrl":"https:\/\/secure.gravatar.com\/avatar\/3ea2118a5f7dad2b7138b1187a6b7ee55f160b9968b66013c3a3ef39dd7e5798?s=96&d=mm&r=g","caption":"Jeanette"},"sameAs":["https:\/\/www.eldiario.net\/portal"],"url":"https:\/\/www.eldiario.net\/portal\/author\/jeanette\/"}]}},"_links":{"self":[{"href":"https:\/\/www.eldiario.net\/portal\/wp-json\/wp\/v2\/posts\/365811","targetHints":{"allow":["GET"]}}],"collection":[{"href":"https:\/\/www.eldiario.net\/portal\/wp-json\/wp\/v2\/posts"}],"about":[{"href":"https:\/\/www.eldiario.net\/portal\/wp-json\/wp\/v2\/types\/post"}],"author":[{"embeddable":true,"href":"https:\/\/www.eldiario.net\/portal\/wp-json\/wp\/v2\/users\/1"}],"replies":[{"embeddable":true,"href":"https:\/\/www.eldiario.net\/portal\/wp-json\/wp\/v2\/comments?post=365811"}],"version-history":[{"count":1,"href":"https:\/\/www.eldiario.net\/portal\/wp-json\/wp\/v2\/posts\/365811\/revisions"}],"predecessor-version":[{"id":365813,"href":"https:\/\/www.eldiario.net\/portal\/wp-json\/wp\/v2\/posts\/365811\/revisions\/365813"}],"wp:featuredmedia":[{"embeddable":true,"href":"https:\/\/www.eldiario.net\/portal\/wp-json\/wp\/v2\/media\/365812"}],"wp:attachment":[{"href":"https:\/\/www.eldiario.net\/portal\/wp-json\/wp\/v2\/media?parent=365811"}],"wp:term":[{"taxonomy":"category","embeddable":true,"href":"https:\/\/www.eldiario.net\/portal\/wp-json\/wp\/v2\/categories?post=365811"},{"taxonomy":"post_tag","embeddable":true,"href":"https:\/\/www.eldiario.net\/portal\/wp-json\/wp\/v2\/tags?post=365811"}],"curies":[{"name":"wp","href":"https:\/\/api.w.org\/{rel}","templated":true}]}}