{"id":365808,"date":"2026-02-05T06:13:59","date_gmt":"2026-02-05T10:13:59","guid":{"rendered":"https:\/\/www.eldiario.net\/portal\/?p=365808"},"modified":"2026-02-05T06:13:59","modified_gmt":"2026-02-05T10:13:59","slug":"lara-es-responsable-por-falta-de-coordinacion-en-la-alp","status":"publish","type":"post","link":"https:\/\/www.eldiario.net\/portal\/2026\/02\/05\/lara-es-responsable-por-falta-de-coordinacion-en-la-alp\/","title":{"rendered":"Lara es responsable por falta  de coordinaci\u00f3n en la ALP"},"content":{"rendered":"<p>Lamentando que la ruptura entre presidente y vicepresidente del Estado afecte no solo la gesti\u00f3n de gobierno sino el correcto funcionamiento de la Asamblea Legislativa Plurinacional, el jefe de bancada por la alianza Libre en la C\u00e1mara de Diputados, Rafael L\u00f3pez, afirm\u00f3 que el vicepresidente, Edmand Lara, deber\u00eda empezar a hacer su trabajo y justificar el sueldo que percibe.<\/p>\n<p>\u201cEl se\u00f1or Lara deber\u00eda empezar a trabajar para justificar su sueldo, eso deber\u00eda hacer porque no solo no coordina con el presidente o su equipo para trabajar por el pa\u00eds, sino que tampoco coordina con los presidentes del Senado y Diputados\u201d, reproch\u00f3 L\u00f3pez.<\/p>\n<p>Seg\u00fan el asamble\u00edsta representante del departamento de Santa Cruz, la actual conducci\u00f3n de la ALP no cumple cabalmente con sus funciones y eso se puede observar en la forma en que se tratan algunos proyectos de ley relacionados a temas importantes y urgentes para el pa\u00eds como resolver el problema del quorum en el TCP.<\/p>\n<p>\u201cUn ejemplo de esto es el proyecto de ley para el tema de los magistrados del Tribunal Constitucional Plurinacional, en el que se trabaja una norma en el Senado y otra, sobre el mismo tema, en instancias de la C\u00e1mara Baja. Eso no puede existir porque es una incoherencia y la persona encargada de eso es el Vicepresidente\u201d, lament\u00f3 L\u00f3pez.<\/p>\n<p>A esto se suma la cantidad de normativas, peticiones de informe y otras gestiones de fiscalizaci\u00f3n que se encuentran estancadas en comisiones debido a la falta de coordinaci\u00f3n y orden entre directivas camarales y la presidencia de la ALP.<\/p>\n<p>\u201cLo que en este momento se tiene que hacer es poner orden en la Asamblea Legislativa y mejorar la coordinaci\u00f3n con las presidencias del Senado y la C\u00e1mara de Diputados\u201d, insisti\u00f3.<\/p>\n","protected":false},"excerpt":{"rendered":"<p>Lamentando que la ruptura entre presidente y vicepresidente del Estado afecte no solo la gesti\u00f3n de gobierno sino el correcto funcionamiento de la Asamblea Legislativa Plurinacional, el jefe de bancada por la alianza Libre en la C\u00e1mara de Diputados, Rafael L\u00f3pez, afirm\u00f3 que el vicepresidente, Edmand Lara, deber\u00eda empezar a hacer su trabajo y justificar [&hellip;]<\/p>\n","protected":false},"author":1,"featured_media":365809,"comment_status":"closed","ping_status":"open","sticky":false,"template":"","format":"standard","meta":{"_acf_changed":false,"footnotes":""},"categories":[14],"tags":[],"class_list":["post-365808","post","type-post","status-publish","format-standard","has-post-thumbnail","category-politica"],"acf":{"antetitulo":"Afirma Diputado"},"yoast_head":"<!-- This site is optimized with the Yoast SEO plugin v28.3 - https:\/\/yoast.com\/product\/yoast-seo-wordpress\/ -->\n<title>Lara es responsable por falta de coordinaci\u00f3n en la ALP - El Diario - Bolivia<\/title>\n<meta name=\"robots\" content=\"index, follow, max-snippet:-1, max-image-preview:large, max-video-preview:-1\" \/>\n<link rel=\"canonical\" href=\"https:\/\/www.eldiario.net\/portal\/2026\/02\/05\/lara-es-responsable-por-falta-de-coordinacion-en-la-alp\/\" \/>\n<meta property=\"og:locale\" content=\"es_ES\" \/>\n<meta property=\"og:type\" content=\"article\" \/>\n<meta property=\"og:title\" content=\"Lara es responsable por falta de coordinaci\u00f3n en la ALP - El Diario - Bolivia\" \/>\n<meta property=\"og:description\" content=\"Lamentando que la ruptura entre presidente y vicepresidente del Estado afecte no solo la gesti\u00f3n de gobierno sino el correcto funcionamiento de la Asamblea Legislativa Plurinacional, el jefe de bancada por la alianza Libre en la C\u00e1mara de Diputados, Rafael L\u00f3pez, afirm\u00f3 que el vicepresidente, Edmand Lara, deber\u00eda empezar a hacer su trabajo y justificar [&hellip;]\" \/>\n<meta property=\"og:url\" content=\"https:\/\/www.eldiario.net\/portal\/2026\/02\/05\/lara-es-responsable-por-falta-de-coordinacion-en-la-alp\/\" \/>\n<meta property=\"og:site_name\" content=\"El Diario - Bolivia\" \/>\n<meta property=\"article:publisher\" content=\"https:\/\/www.facebook.com\/eldiario.bolivia\/\" \/>\n<meta property=\"article:published_time\" content=\"2026-02-05T10:13:59+00:00\" \/>\n<meta property=\"og:image\" content=\"https:\/\/www.eldiario.net\/portal\/wp-content\/uploads\/2026\/02\/FALTA-FOTO.webp\" \/>\n\t<meta property=\"og:image:width\" content=\"1609\" \/>\n\t<meta property=\"og:image:height\" content=\"903\" \/>\n\t<meta property=\"og:image:type\" content=\"image\/webp\" \/>\n<meta name=\"author\" content=\"Jeanette\" \/>\n<meta name=\"twitter:card\" content=\"summary_large_image\" \/>\n<meta name=\"twitter:creator\" content=\"@eldiario_net\" \/>\n<meta name=\"twitter:site\" content=\"@eldiario_net\" \/>\n<meta name=\"twitter:label1\" content=\"Escrito por\" \/>\n\t<meta name=\"twitter:data1\" content=\"Jeanette\" \/>\n\t<meta name=\"twitter:label2\" content=\"Tiempo de lectura\" \/>\n\t<meta name=\"twitter:data2\" content=\"2 minutos\" \/>\n<script type=\"application\/ld+json\" class=\"yoast-schema-graph\">{\"@context\":\"https:\\\/\\\/schema.org\",\"@graph\":[{\"@type\":\"Article\",\"@id\":\"https:\\\/\\\/www.eldiario.net\\\/portal\\\/2026\\\/02\\\/05\\\/lara-es-responsable-por-falta-de-coordinacion-en-la-alp\\\/#article\",\"isPartOf\":{\"@id\":\"https:\\\/\\\/www.eldiario.net\\\/portal\\\/2026\\\/02\\\/05\\\/lara-es-responsable-por-falta-de-coordinacion-en-la-alp\\\/\"},\"author\":{\"name\":\"Jeanette\",\"@id\":\"https:\\\/\\\/www.eldiario.net\\\/portal\\\/#\\\/schema\\\/person\\\/f46445640444750d7d753ccd04ae01b7\"},\"headline\":\"Lara es responsable por falta de coordinaci\u00f3n en la ALP\",\"datePublished\":\"2026-02-05T10:13:59+00:00\",\"mainEntityOfPage\":{\"@id\":\"https:\\\/\\\/www.eldiario.net\\\/portal\\\/2026\\\/02\\\/05\\\/lara-es-responsable-por-falta-de-coordinacion-en-la-alp\\\/\"},\"wordCount\":317,\"publisher\":{\"@id\":\"https:\\\/\\\/www.eldiario.net\\\/portal\\\/#organization\"},\"image\":{\"@id\":\"https:\\\/\\\/www.eldiario.net\\\/portal\\\/2026\\\/02\\\/05\\\/lara-es-responsable-por-falta-de-coordinacion-en-la-alp\\\/#primaryimage\"},\"thumbnailUrl\":\"https:\\\/\\\/www.eldiario.net\\\/portal\\\/wp-content\\\/uploads\\\/2026\\\/02\\\/FALTA-FOTO.webp\",\"articleSection\":[\"Pol\u00edtica\"],\"inLanguage\":\"es\"},{\"@type\":\"WebPage\",\"@id\":\"https:\\\/\\\/www.eldiario.net\\\/portal\\\/2026\\\/02\\\/05\\\/lara-es-responsable-por-falta-de-coordinacion-en-la-alp\\\/\",\"url\":\"https:\\\/\\\/www.eldiario.net\\\/portal\\\/2026\\\/02\\\/05\\\/lara-es-responsable-por-falta-de-coordinacion-en-la-alp\\\/\",\"name\":\"Lara es responsable por falta de coordinaci\u00f3n en la ALP - El Diario - Bolivia\",\"isPartOf\":{\"@id\":\"https:\\\/\\\/www.eldiario.net\\\/portal\\\/#website\"},\"primaryImageOfPage\":{\"@id\":\"https:\\\/\\\/www.eldiario.net\\\/portal\\\/2026\\\/02\\\/05\\\/lara-es-responsable-por-falta-de-coordinacion-en-la-alp\\\/#primaryimage\"},\"image\":{\"@id\":\"https:\\\/\\\/www.eldiario.net\\\/portal\\\/2026\\\/02\\\/05\\\/lara-es-responsable-por-falta-de-coordinacion-en-la-alp\\\/#primaryimage\"},\"thumbnailUrl\":\"https:\\\/\\\/www.eldiario.net\\\/portal\\\/wp-content\\\/uploads\\\/2026\\\/02\\\/FALTA-FOTO.webp\",\"datePublished\":\"2026-02-05T10:13:59+00:00\",\"breadcrumb\":{\"@id\":\"https:\\\/\\\/www.eldiario.net\\\/portal\\\/2026\\\/02\\\/05\\\/lara-es-responsable-por-falta-de-coordinacion-en-la-alp\\\/#breadcrumb\"},\"inLanguage\":\"es\",\"potentialAction\":[{\"@type\":\"ReadAction\",\"target\":[\"https:\\\/\\\/www.eldiario.net\\\/portal\\\/2026\\\/02\\\/05\\\/lara-es-responsable-por-falta-de-coordinacion-en-la-alp\\\/\"]}]},{\"@type\":\"ImageObject\",\"inLanguage\":\"es\",\"@id\":\"https:\\\/\\\/www.eldiario.net\\\/portal\\\/2026\\\/02\\\/05\\\/lara-es-responsable-por-falta-de-coordinacion-en-la-alp\\\/#primaryimage\",\"url\":\"https:\\\/\\\/www.eldiario.net\\\/portal\\\/wp-content\\\/uploads\\\/2026\\\/02\\\/FALTA-FOTO.webp\",\"contentUrl\":\"https:\\\/\\\/www.eldiario.net\\\/portal\\\/wp-content\\\/uploads\\\/2026\\\/02\\\/FALTA-FOTO.webp\",\"width\":1609,\"height\":903,\"caption\":\"Diputado Rafael L\u00f3pez (Libre) CREDITOS \\\/ RRSS\"},{\"@type\":\"BreadcrumbList\",\"@id\":\"https:\\\/\\\/www.eldiario.net\\\/portal\\\/2026\\\/02\\\/05\\\/lara-es-responsable-por-falta-de-coordinacion-en-la-alp\\\/#breadcrumb\",\"itemListElement\":[{\"@type\":\"ListItem\",\"position\":1,\"name\":\"Portada\",\"item\":\"https:\\\/\\\/www.eldiario.net\\\/portal\\\/\"},{\"@type\":\"ListItem\",\"position\":2,\"name\":\"Lara es responsable por falta de coordinaci\u00f3n en la ALP\"}]},{\"@type\":\"WebSite\",\"@id\":\"https:\\\/\\\/www.eldiario.net\\\/portal\\\/#website\",\"url\":\"https:\\\/\\\/www.eldiario.net\\\/portal\\\/\",\"name\":\"El Diario - Decano de la prensa nacional\",\"description\":\"El Diario - Decano de la prensa nacional\",\"publisher\":{\"@id\":\"https:\\\/\\\/www.eldiario.net\\\/portal\\\/#organization\"},\"potentialAction\":[{\"@type\":\"SearchAction\",\"target\":{\"@type\":\"EntryPoint\",\"urlTemplate\":\"https:\\\/\\\/www.eldiario.net\\\/portal\\\/?s={search_term_string}\"},\"query-input\":{\"@type\":\"PropertyValueSpecification\",\"valueRequired\":true,\"valueName\":\"search_term_string\"}}],\"inLanguage\":\"es\"},{\"@type\":\"Organization\",\"@id\":\"https:\\\/\\\/www.eldiario.net\\\/portal\\\/#organization\",\"name\":\"El Diario - Decano de la prensa nacional\",\"url\":\"https:\\\/\\\/www.eldiario.net\\\/portal\\\/\",\"logo\":{\"@type\":\"ImageObject\",\"inLanguage\":\"es\",\"@id\":\"https:\\\/\\\/www.eldiario.net\\\/portal\\\/#\\\/schema\\\/logo\\\/image\\\/\",\"url\":\"https:\\\/\\\/www.eldiario.net\\\/portal\\\/wp-content\\\/uploads\\\/2023\\\/07\\\/logo_ED.jpg\",\"contentUrl\":\"https:\\\/\\\/www.eldiario.net\\\/portal\\\/wp-content\\\/uploads\\\/2023\\\/07\\\/logo_ED.jpg\",\"width\":272,\"height\":52,\"caption\":\"El Diario - Decano de la prensa nacional\"},\"image\":{\"@id\":\"https:\\\/\\\/www.eldiario.net\\\/portal\\\/#\\\/schema\\\/logo\\\/image\\\/\"},\"sameAs\":[\"https:\\\/\\\/www.facebook.com\\\/eldiario.bolivia\\\/\",\"https:\\\/\\\/x.com\\\/eldiario_net\"]},{\"@type\":\"Person\",\"@id\":\"https:\\\/\\\/www.eldiario.net\\\/portal\\\/#\\\/schema\\\/person\\\/f46445640444750d7d753ccd04ae01b7\",\"name\":\"Jeanette\",\"image\":{\"@type\":\"ImageObject\",\"inLanguage\":\"es\",\"@id\":\"https:\\\/\\\/secure.gravatar.com\\\/avatar\\\/3ea2118a5f7dad2b7138b1187a6b7ee55f160b9968b66013c3a3ef39dd7e5798?s=96&d=mm&r=g\",\"url\":\"https:\\\/\\\/secure.gravatar.com\\\/avatar\\\/3ea2118a5f7dad2b7138b1187a6b7ee55f160b9968b66013c3a3ef39dd7e5798?s=96&d=mm&r=g\",\"contentUrl\":\"https:\\\/\\\/secure.gravatar.com\\\/avatar\\\/3ea2118a5f7dad2b7138b1187a6b7ee55f160b9968b66013c3a3ef39dd7e5798?s=96&d=mm&r=g\",\"caption\":\"Jeanette\"},\"sameAs\":[\"https:\\\/\\\/www.eldiario.net\\\/portal\"],\"url\":\"https:\\\/\\\/www.eldiario.net\\\/portal\\\/author\\\/jeanette\\\/\"}]}<\/script>\n<!-- \/ Yoast SEO plugin. -->","yoast_head_json":{"title":"Lara es responsable por falta de coordinaci\u00f3n en la ALP - El Diario - Bolivia","robots":{"index":"index","follow":"follow","max-snippet":"max-snippet:-1","max-image-preview":"max-image-preview:large","max-video-preview":"max-video-preview:-1"},"canonical":"https:\/\/www.eldiario.net\/portal\/2026\/02\/05\/lara-es-responsable-por-falta-de-coordinacion-en-la-alp\/","og_locale":"es_ES","og_type":"article","og_title":"Lara es responsable por falta de coordinaci\u00f3n en la ALP - El Diario - Bolivia","og_description":"Lamentando que la ruptura entre presidente y vicepresidente del Estado afecte no solo la gesti\u00f3n de gobierno sino el correcto funcionamiento de la Asamblea Legislativa Plurinacional, el jefe de bancada por la alianza Libre en la C\u00e1mara de Diputados, Rafael L\u00f3pez, afirm\u00f3 que el vicepresidente, Edmand Lara, deber\u00eda empezar a hacer su trabajo y justificar [&hellip;]","og_url":"https:\/\/www.eldiario.net\/portal\/2026\/02\/05\/lara-es-responsable-por-falta-de-coordinacion-en-la-alp\/","og_site_name":"El Diario - Bolivia","article_publisher":"https:\/\/www.facebook.com\/eldiario.bolivia\/","article_published_time":"2026-02-05T10:13:59+00:00","og_image":[{"width":1609,"height":903,"url":"https:\/\/www.eldiario.net\/portal\/wp-content\/uploads\/2026\/02\/FALTA-FOTO.webp","type":"image\/webp"}],"author":"Jeanette","twitter_card":"summary_large_image","twitter_creator":"@eldiario_net","twitter_site":"@eldiario_net","twitter_misc":{"Escrito por":"Jeanette","Tiempo de lectura":"2 minutos"},"schema":{"@context":"https:\/\/schema.org","@graph":[{"@type":"Article","@id":"https:\/\/www.eldiario.net\/portal\/2026\/02\/05\/lara-es-responsable-por-falta-de-coordinacion-en-la-alp\/#article","isPartOf":{"@id":"https:\/\/www.eldiario.net\/portal\/2026\/02\/05\/lara-es-responsable-por-falta-de-coordinacion-en-la-alp\/"},"author":{"name":"Jeanette","@id":"https:\/\/www.eldiario.net\/portal\/#\/schema\/person\/f46445640444750d7d753ccd04ae01b7"},"headline":"Lara es responsable por falta de coordinaci\u00f3n en la ALP","datePublished":"2026-02-05T10:13:59+00:00","mainEntityOfPage":{"@id":"https:\/\/www.eldiario.net\/portal\/2026\/02\/05\/lara-es-responsable-por-falta-de-coordinacion-en-la-alp\/"},"wordCount":317,"publisher":{"@id":"https:\/\/www.eldiario.net\/portal\/#organization"},"image":{"@id":"https:\/\/www.eldiario.net\/portal\/2026\/02\/05\/lara-es-responsable-por-falta-de-coordinacion-en-la-alp\/#primaryimage"},"thumbnailUrl":"https:\/\/www.eldiario.net\/portal\/wp-content\/uploads\/2026\/02\/FALTA-FOTO.webp","articleSection":["Pol\u00edtica"],"inLanguage":"es"},{"@type":"WebPage","@id":"https:\/\/www.eldiario.net\/portal\/2026\/02\/05\/lara-es-responsable-por-falta-de-coordinacion-en-la-alp\/","url":"https:\/\/www.eldiario.net\/portal\/2026\/02\/05\/lara-es-responsable-por-falta-de-coordinacion-en-la-alp\/","name":"Lara es responsable por falta de coordinaci\u00f3n en la ALP - El Diario - Bolivia","isPartOf":{"@id":"https:\/\/www.eldiario.net\/portal\/#website"},"primaryImageOfPage":{"@id":"https:\/\/www.eldiario.net\/portal\/2026\/02\/05\/lara-es-responsable-por-falta-de-coordinacion-en-la-alp\/#primaryimage"},"image":{"@id":"https:\/\/www.eldiario.net\/portal\/2026\/02\/05\/lara-es-responsable-por-falta-de-coordinacion-en-la-alp\/#primaryimage"},"thumbnailUrl":"https:\/\/www.eldiario.net\/portal\/wp-content\/uploads\/2026\/02\/FALTA-FOTO.webp","datePublished":"2026-02-05T10:13:59+00:00","breadcrumb":{"@id":"https:\/\/www.eldiario.net\/portal\/2026\/02\/05\/lara-es-responsable-por-falta-de-coordinacion-en-la-alp\/#breadcrumb"},"inLanguage":"es","potentialAction":[{"@type":"ReadAction","target":["https:\/\/www.eldiario.net\/portal\/2026\/02\/05\/lara-es-responsable-por-falta-de-coordinacion-en-la-alp\/"]}]},{"@type":"ImageObject","inLanguage":"es","@id":"https:\/\/www.eldiario.net\/portal\/2026\/02\/05\/lara-es-responsable-por-falta-de-coordinacion-en-la-alp\/#primaryimage","url":"https:\/\/www.eldiario.net\/portal\/wp-content\/uploads\/2026\/02\/FALTA-FOTO.webp","contentUrl":"https:\/\/www.eldiario.net\/portal\/wp-content\/uploads\/2026\/02\/FALTA-FOTO.webp","width":1609,"height":903,"caption":"Diputado Rafael L\u00f3pez (Libre) CREDITOS \/ RRSS"},{"@type":"BreadcrumbList","@id":"https:\/\/www.eldiario.net\/portal\/2026\/02\/05\/lara-es-responsable-por-falta-de-coordinacion-en-la-alp\/#breadcrumb","itemListElement":[{"@type":"ListItem","position":1,"name":"Portada","item":"https:\/\/www.eldiario.net\/portal\/"},{"@type":"ListItem","position":2,"name":"Lara es responsable por falta de coordinaci\u00f3n en la ALP"}]},{"@type":"WebSite","@id":"https:\/\/www.eldiario.net\/portal\/#website","url":"https:\/\/www.eldiario.net\/portal\/","name":"El Diario - Decano de la prensa nacional","description":"El Diario - Decano de la prensa nacional","publisher":{"@id":"https:\/\/www.eldiario.net\/portal\/#organization"},"potentialAction":[{"@type":"SearchAction","target":{"@type":"EntryPoint","urlTemplate":"https:\/\/www.eldiario.net\/portal\/?s={search_term_string}"},"query-input":{"@type":"PropertyValueSpecification","valueRequired":true,"valueName":"search_term_string"}}],"inLanguage":"es"},{"@type":"Organization","@id":"https:\/\/www.eldiario.net\/portal\/#organization","name":"El Diario - Decano de la prensa nacional","url":"https:\/\/www.eldiario.net\/portal\/","logo":{"@type":"ImageObject","inLanguage":"es","@id":"https:\/\/www.eldiario.net\/portal\/#\/schema\/logo\/image\/","url":"https:\/\/www.eldiario.net\/portal\/wp-content\/uploads\/2023\/07\/logo_ED.jpg","contentUrl":"https:\/\/www.eldiario.net\/portal\/wp-content\/uploads\/2023\/07\/logo_ED.jpg","width":272,"height":52,"caption":"El Diario - Decano de la prensa nacional"},"image":{"@id":"https:\/\/www.eldiario.net\/portal\/#\/schema\/logo\/image\/"},"sameAs":["https:\/\/www.facebook.com\/eldiario.bolivia\/","https:\/\/x.com\/eldiario_net"]},{"@type":"Person","@id":"https:\/\/www.eldiario.net\/portal\/#\/schema\/person\/f46445640444750d7d753ccd04ae01b7","name":"Jeanette","image":{"@type":"ImageObject","inLanguage":"es","@id":"https:\/\/secure.gravatar.com\/avatar\/3ea2118a5f7dad2b7138b1187a6b7ee55f160b9968b66013c3a3ef39dd7e5798?s=96&d=mm&r=g","url":"https:\/\/secure.gravatar.com\/avatar\/3ea2118a5f7dad2b7138b1187a6b7ee55f160b9968b66013c3a3ef39dd7e5798?s=96&d=mm&r=g","contentUrl":"https:\/\/secure.gravatar.com\/avatar\/3ea2118a5f7dad2b7138b1187a6b7ee55f160b9968b66013c3a3ef39dd7e5798?s=96&d=mm&r=g","caption":"Jeanette"},"sameAs":["https:\/\/www.eldiario.net\/portal"],"url":"https:\/\/www.eldiario.net\/portal\/author\/jeanette\/"}]}},"_links":{"self":[{"href":"https:\/\/www.eldiario.net\/portal\/wp-json\/wp\/v2\/posts\/365808","targetHints":{"allow":["GET"]}}],"collection":[{"href":"https:\/\/www.eldiario.net\/portal\/wp-json\/wp\/v2\/posts"}],"about":[{"href":"https:\/\/www.eldiario.net\/portal\/wp-json\/wp\/v2\/types\/post"}],"author":[{"embeddable":true,"href":"https:\/\/www.eldiario.net\/portal\/wp-json\/wp\/v2\/users\/1"}],"replies":[{"embeddable":true,"href":"https:\/\/www.eldiario.net\/portal\/wp-json\/wp\/v2\/comments?post=365808"}],"version-history":[{"count":1,"href":"https:\/\/www.eldiario.net\/portal\/wp-json\/wp\/v2\/posts\/365808\/revisions"}],"predecessor-version":[{"id":365810,"href":"https:\/\/www.eldiario.net\/portal\/wp-json\/wp\/v2\/posts\/365808\/revisions\/365810"}],"wp:featuredmedia":[{"embeddable":true,"href":"https:\/\/www.eldiario.net\/portal\/wp-json\/wp\/v2\/media\/365809"}],"wp:attachment":[{"href":"https:\/\/www.eldiario.net\/portal\/wp-json\/wp\/v2\/media?parent=365808"}],"wp:term":[{"taxonomy":"category","embeddable":true,"href":"https:\/\/www.eldiario.net\/portal\/wp-json\/wp\/v2\/categories?post=365808"},{"taxonomy":"post_tag","embeddable":true,"href":"https:\/\/www.eldiario.net\/portal\/wp-json\/wp\/v2\/tags?post=365808"}],"curies":[{"name":"wp","href":"https:\/\/api.w.org\/{rel}","templated":true}]}}