{"id":365790,"date":"2026-02-05T06:08:05","date_gmt":"2026-02-05T10:08:05","guid":{"rendered":"https:\/\/www.eldiario.net\/portal\/?p=365790"},"modified":"2026-02-05T06:08:05","modified_gmt":"2026-02-05T10:08:05","slug":"el-problema-con-la-calidad-de-la-gasolina-esta-focalizado-en-el-oriente","status":"publish","type":"post","link":"https:\/\/www.eldiario.net\/portal\/2026\/02\/05\/el-problema-con-la-calidad-de-la-gasolina-esta-focalizado-en-el-oriente\/","title":{"rendered":"El problema con la calidad de la  gasolina est\u00e1 focalizado en el oriente"},"content":{"rendered":"<p>El presidente de Yacimientos Petrol\u00edferos Fiscales Bolivianos (YPFB) Yussef Akly afirm\u00f3 que los problemas con la calidad de la gasolina est\u00e1n concentrados en el oriente del pa\u00eds y no en todo el territorio nacional.<\/p>\n<p>Indic\u00f3 que la gasolina plus es la que present\u00f3 fallas en la calidad y que este combustible tiene mayor consumo en el oriente, mientras que en el occidente existe m\u00e1s demanda de gasolina regular.<\/p>\n<p>\u201c\u00bfD\u00f3nde principalmente se vende la gasolina plus? Que es en oriente. Eso tambi\u00e9n es importante que se entienda\u201d. \u201cNo quisiera yo que esto se entienda que est\u00e1 (\u2026) irradiado como un problema en todos los motores. Est\u00e1 muy localizado, (\u2026) el problema (\u2026) est\u00e1 relacionado con la mezcla\u201d, se\u00f1al\u00f3 a BTV.<\/p>\n<p>Este martes, el ministro de Hidrocarburos, en una conferencia conjunta con Akly y la directora de la Agencia Nacional de Hidrocarburos Margot Ayala, inform\u00f3 que hubo problemas con la calidad de la gasolina debido a que parte del combustible adquirido durante la actual gesti\u00f3n gubernamental se mezcl\u00f3 con componentes de mala calidad comprados durante la administraci\u00f3n del expresidente Luis Arce.<\/p>\n<p>Akly record\u00f3 ayer que la identificaci\u00f3n del origen del problema demand\u00f3 cerca de dos semanas de an\u00e1lisis t\u00e9cnicos especializados, los cuales permitieron detectar que el combustible afectado proven\u00eda de tanques con saldos antiguos de gasolina con componentes inadecuados.<\/p>\n<p>\u201cPrincipalmente se presenta donde en tanques que ten\u00edan saldos antiguos de gasolina que ven\u00edan con problemas en relaci\u00f3n a estos componentes\u201d, explic\u00f3.<\/p>\n<p>A\u00f1adi\u00f3 que esos tanques eran utilizados para la producci\u00f3n de gasolina plus, combustible que incluye mezcla con etanol.<\/p>\n<p>\u201cVamos a reducir la mezcla a nivel m\u00ednimo hasta que se pueda hacer esa limpieza del tanque\u201d. En este sentido el proceso se mantendr\u00e1 hasta que los tanques se adecuen a los otros componentes.<\/p>\n<p>\u201cLa idea es bajar el etanol a valores m\u00ednimos de mezcla\u201d, reiter\u00f3 la autoridad de la empresa estatal.<\/p>\n<p>Akly resalt\u00f3 que el inconveniente fue un hecho puntual y que ya se aplicaron medidas correctivas con el traslado del proceso de mezcla directamente a las refiner\u00edas, lo que permite garantizar la calidad del combustible.<\/p>\n<p>\u201cEl problema fue puntual y no de alcance nacional\u201d, reiter\u00f3.<\/p>\n<p>Choferes de La Paz y Oruro protestaron ayer por la calidad de la gasolina y exigieron resarcimientos debido a que, aseguran, el combustible ocasion\u00f3 da\u00f1os en sus veh\u00edculos. En Santa Cruz, hubo bloqueos de mototaxistas. (Br\u00fajula Digital)<\/p>\n","protected":false},"excerpt":{"rendered":"<p>El presidente de Yacimientos Petrol\u00edferos Fiscales Bolivianos (YPFB) Yussef Akly afirm\u00f3 que los problemas con la calidad de la gasolina est\u00e1n concentrados en el oriente del pa\u00eds y no en todo el territorio nacional. Indic\u00f3 que la gasolina plus es la que present\u00f3 fallas en la calidad y que este combustible tiene mayor consumo en [&hellip;]<\/p>\n","protected":false},"author":1,"featured_media":365791,"comment_status":"closed","ping_status":"open","sticky":false,"template":"","format":"standard","meta":{"_acf_changed":false,"footnotes":""},"categories":[15],"tags":[],"class_list":["post-365790","post","type-post","status-publish","format-standard","has-post-thumbnail","category-portada"],"acf":{"antetitulo":"YPFB asegura"},"yoast_head":"<!-- This site is optimized with the Yoast SEO plugin v28.3 - https:\/\/yoast.com\/product\/yoast-seo-wordpress\/ -->\n<title>El problema con la calidad de la gasolina est\u00e1 focalizado en el oriente - El Diario - Bolivia<\/title>\n<meta name=\"robots\" content=\"index, follow, max-snippet:-1, max-image-preview:large, max-video-preview:-1\" \/>\n<link rel=\"canonical\" href=\"https:\/\/www.eldiario.net\/portal\/2026\/02\/05\/el-problema-con-la-calidad-de-la-gasolina-esta-focalizado-en-el-oriente\/\" \/>\n<meta property=\"og:locale\" content=\"es_ES\" \/>\n<meta property=\"og:type\" content=\"article\" \/>\n<meta property=\"og:title\" content=\"El problema con la calidad de la gasolina est\u00e1 focalizado en el oriente - El Diario - Bolivia\" \/>\n<meta property=\"og:description\" content=\"El presidente de Yacimientos Petrol\u00edferos Fiscales Bolivianos (YPFB) Yussef Akly afirm\u00f3 que los problemas con la calidad de la gasolina est\u00e1n concentrados en el oriente del pa\u00eds y no en todo el territorio nacional. Indic\u00f3 que la gasolina plus es la que present\u00f3 fallas en la calidad y que este combustible tiene mayor consumo en [&hellip;]\" \/>\n<meta property=\"og:url\" content=\"https:\/\/www.eldiario.net\/portal\/2026\/02\/05\/el-problema-con-la-calidad-de-la-gasolina-esta-focalizado-en-el-oriente\/\" \/>\n<meta property=\"og:site_name\" content=\"El Diario - Bolivia\" \/>\n<meta property=\"article:publisher\" content=\"https:\/\/www.facebook.com\/eldiario.bolivia\/\" \/>\n<meta property=\"article:published_time\" content=\"2026-02-05T10:08:05+00:00\" \/>\n<meta property=\"og:image\" content=\"https:\/\/www.eldiario.net\/portal\/wp-content\/uploads\/2026\/02\/CALIDAD-FOTO.webp\" \/>\n\t<meta property=\"og:image:width\" content=\"720\" \/>\n\t<meta property=\"og:image:height\" content=\"399\" \/>\n\t<meta property=\"og:image:type\" content=\"image\/webp\" \/>\n<meta name=\"author\" content=\"Jeanette\" \/>\n<meta name=\"twitter:card\" content=\"summary_large_image\" \/>\n<meta name=\"twitter:creator\" content=\"@eldiario_net\" \/>\n<meta name=\"twitter:site\" content=\"@eldiario_net\" \/>\n<meta name=\"twitter:label1\" content=\"Escrito por\" \/>\n\t<meta name=\"twitter:data1\" content=\"Jeanette\" \/>\n\t<meta name=\"twitter:label2\" content=\"Tiempo de lectura\" \/>\n\t<meta name=\"twitter:data2\" content=\"2 minutos\" \/>\n<script type=\"application\/ld+json\" class=\"yoast-schema-graph\">{\"@context\":\"https:\\\/\\\/schema.org\",\"@graph\":[{\"@type\":\"Article\",\"@id\":\"https:\\\/\\\/www.eldiario.net\\\/portal\\\/2026\\\/02\\\/05\\\/el-problema-con-la-calidad-de-la-gasolina-esta-focalizado-en-el-oriente\\\/#article\",\"isPartOf\":{\"@id\":\"https:\\\/\\\/www.eldiario.net\\\/portal\\\/2026\\\/02\\\/05\\\/el-problema-con-la-calidad-de-la-gasolina-esta-focalizado-en-el-oriente\\\/\"},\"author\":{\"name\":\"Jeanette\",\"@id\":\"https:\\\/\\\/www.eldiario.net\\\/portal\\\/#\\\/schema\\\/person\\\/f46445640444750d7d753ccd04ae01b7\"},\"headline\":\"El problema con la calidad de la gasolina est\u00e1 focalizado en el oriente\",\"datePublished\":\"2026-02-05T10:08:05+00:00\",\"mainEntityOfPage\":{\"@id\":\"https:\\\/\\\/www.eldiario.net\\\/portal\\\/2026\\\/02\\\/05\\\/el-problema-con-la-calidad-de-la-gasolina-esta-focalizado-en-el-oriente\\\/\"},\"wordCount\":425,\"publisher\":{\"@id\":\"https:\\\/\\\/www.eldiario.net\\\/portal\\\/#organization\"},\"image\":{\"@id\":\"https:\\\/\\\/www.eldiario.net\\\/portal\\\/2026\\\/02\\\/05\\\/el-problema-con-la-calidad-de-la-gasolina-esta-focalizado-en-el-oriente\\\/#primaryimage\"},\"thumbnailUrl\":\"https:\\\/\\\/www.eldiario.net\\\/portal\\\/wp-content\\\/uploads\\\/2026\\\/02\\\/CALIDAD-FOTO.webp\",\"articleSection\":[\"Portada\"],\"inLanguage\":\"es\"},{\"@type\":\"WebPage\",\"@id\":\"https:\\\/\\\/www.eldiario.net\\\/portal\\\/2026\\\/02\\\/05\\\/el-problema-con-la-calidad-de-la-gasolina-esta-focalizado-en-el-oriente\\\/\",\"url\":\"https:\\\/\\\/www.eldiario.net\\\/portal\\\/2026\\\/02\\\/05\\\/el-problema-con-la-calidad-de-la-gasolina-esta-focalizado-en-el-oriente\\\/\",\"name\":\"El problema con la calidad de la gasolina est\u00e1 focalizado en el oriente - El Diario - Bolivia\",\"isPartOf\":{\"@id\":\"https:\\\/\\\/www.eldiario.net\\\/portal\\\/#website\"},\"primaryImageOfPage\":{\"@id\":\"https:\\\/\\\/www.eldiario.net\\\/portal\\\/2026\\\/02\\\/05\\\/el-problema-con-la-calidad-de-la-gasolina-esta-focalizado-en-el-oriente\\\/#primaryimage\"},\"image\":{\"@id\":\"https:\\\/\\\/www.eldiario.net\\\/portal\\\/2026\\\/02\\\/05\\\/el-problema-con-la-calidad-de-la-gasolina-esta-focalizado-en-el-oriente\\\/#primaryimage\"},\"thumbnailUrl\":\"https:\\\/\\\/www.eldiario.net\\\/portal\\\/wp-content\\\/uploads\\\/2026\\\/02\\\/CALIDAD-FOTO.webp\",\"datePublished\":\"2026-02-05T10:08:05+00:00\",\"breadcrumb\":{\"@id\":\"https:\\\/\\\/www.eldiario.net\\\/portal\\\/2026\\\/02\\\/05\\\/el-problema-con-la-calidad-de-la-gasolina-esta-focalizado-en-el-oriente\\\/#breadcrumb\"},\"inLanguage\":\"es\",\"potentialAction\":[{\"@type\":\"ReadAction\",\"target\":[\"https:\\\/\\\/www.eldiario.net\\\/portal\\\/2026\\\/02\\\/05\\\/el-problema-con-la-calidad-de-la-gasolina-esta-focalizado-en-el-oriente\\\/\"]}]},{\"@type\":\"ImageObject\",\"inLanguage\":\"es\",\"@id\":\"https:\\\/\\\/www.eldiario.net\\\/portal\\\/2026\\\/02\\\/05\\\/el-problema-con-la-calidad-de-la-gasolina-esta-focalizado-en-el-oriente\\\/#primaryimage\",\"url\":\"https:\\\/\\\/www.eldiario.net\\\/portal\\\/wp-content\\\/uploads\\\/2026\\\/02\\\/CALIDAD-FOTO.webp\",\"contentUrl\":\"https:\\\/\\\/www.eldiario.net\\\/portal\\\/wp-content\\\/uploads\\\/2026\\\/02\\\/CALIDAD-FOTO.webp\",\"width\":720,\"height\":399,\"caption\":\"PROTESTA DE CHOFERES EN PUERTAS DE LA AGENCIA NACIONAL DE HIDROCARBUROS, EN LA PAZ. FOTO:APG\"},{\"@type\":\"BreadcrumbList\",\"@id\":\"https:\\\/\\\/www.eldiario.net\\\/portal\\\/2026\\\/02\\\/05\\\/el-problema-con-la-calidad-de-la-gasolina-esta-focalizado-en-el-oriente\\\/#breadcrumb\",\"itemListElement\":[{\"@type\":\"ListItem\",\"position\":1,\"name\":\"Portada\",\"item\":\"https:\\\/\\\/www.eldiario.net\\\/portal\\\/\"},{\"@type\":\"ListItem\",\"position\":2,\"name\":\"El problema con la calidad de la gasolina est\u00e1 focalizado en el oriente\"}]},{\"@type\":\"WebSite\",\"@id\":\"https:\\\/\\\/www.eldiario.net\\\/portal\\\/#website\",\"url\":\"https:\\\/\\\/www.eldiario.net\\\/portal\\\/\",\"name\":\"El Diario - Decano de la prensa nacional\",\"description\":\"El Diario - Decano de la prensa nacional\",\"publisher\":{\"@id\":\"https:\\\/\\\/www.eldiario.net\\\/portal\\\/#organization\"},\"potentialAction\":[{\"@type\":\"SearchAction\",\"target\":{\"@type\":\"EntryPoint\",\"urlTemplate\":\"https:\\\/\\\/www.eldiario.net\\\/portal\\\/?s={search_term_string}\"},\"query-input\":{\"@type\":\"PropertyValueSpecification\",\"valueRequired\":true,\"valueName\":\"search_term_string\"}}],\"inLanguage\":\"es\"},{\"@type\":\"Organization\",\"@id\":\"https:\\\/\\\/www.eldiario.net\\\/portal\\\/#organization\",\"name\":\"El Diario - Decano de la prensa nacional\",\"url\":\"https:\\\/\\\/www.eldiario.net\\\/portal\\\/\",\"logo\":{\"@type\":\"ImageObject\",\"inLanguage\":\"es\",\"@id\":\"https:\\\/\\\/www.eldiario.net\\\/portal\\\/#\\\/schema\\\/logo\\\/image\\\/\",\"url\":\"https:\\\/\\\/www.eldiario.net\\\/portal\\\/wp-content\\\/uploads\\\/2023\\\/07\\\/logo_ED.jpg\",\"contentUrl\":\"https:\\\/\\\/www.eldiario.net\\\/portal\\\/wp-content\\\/uploads\\\/2023\\\/07\\\/logo_ED.jpg\",\"width\":272,\"height\":52,\"caption\":\"El Diario - Decano de la prensa nacional\"},\"image\":{\"@id\":\"https:\\\/\\\/www.eldiario.net\\\/portal\\\/#\\\/schema\\\/logo\\\/image\\\/\"},\"sameAs\":[\"https:\\\/\\\/www.facebook.com\\\/eldiario.bolivia\\\/\",\"https:\\\/\\\/x.com\\\/eldiario_net\"]},{\"@type\":\"Person\",\"@id\":\"https:\\\/\\\/www.eldiario.net\\\/portal\\\/#\\\/schema\\\/person\\\/f46445640444750d7d753ccd04ae01b7\",\"name\":\"Jeanette\",\"image\":{\"@type\":\"ImageObject\",\"inLanguage\":\"es\",\"@id\":\"https:\\\/\\\/secure.gravatar.com\\\/avatar\\\/3ea2118a5f7dad2b7138b1187a6b7ee55f160b9968b66013c3a3ef39dd7e5798?s=96&d=mm&r=g\",\"url\":\"https:\\\/\\\/secure.gravatar.com\\\/avatar\\\/3ea2118a5f7dad2b7138b1187a6b7ee55f160b9968b66013c3a3ef39dd7e5798?s=96&d=mm&r=g\",\"contentUrl\":\"https:\\\/\\\/secure.gravatar.com\\\/avatar\\\/3ea2118a5f7dad2b7138b1187a6b7ee55f160b9968b66013c3a3ef39dd7e5798?s=96&d=mm&r=g\",\"caption\":\"Jeanette\"},\"sameAs\":[\"https:\\\/\\\/www.eldiario.net\\\/portal\"],\"url\":\"https:\\\/\\\/www.eldiario.net\\\/portal\\\/author\\\/jeanette\\\/\"}]}<\/script>\n<!-- \/ Yoast SEO plugin. -->","yoast_head_json":{"title":"El problema con la calidad de la gasolina est\u00e1 focalizado en el oriente - El Diario - Bolivia","robots":{"index":"index","follow":"follow","max-snippet":"max-snippet:-1","max-image-preview":"max-image-preview:large","max-video-preview":"max-video-preview:-1"},"canonical":"https:\/\/www.eldiario.net\/portal\/2026\/02\/05\/el-problema-con-la-calidad-de-la-gasolina-esta-focalizado-en-el-oriente\/","og_locale":"es_ES","og_type":"article","og_title":"El problema con la calidad de la gasolina est\u00e1 focalizado en el oriente - El Diario - Bolivia","og_description":"El presidente de Yacimientos Petrol\u00edferos Fiscales Bolivianos (YPFB) Yussef Akly afirm\u00f3 que los problemas con la calidad de la gasolina est\u00e1n concentrados en el oriente del pa\u00eds y no en todo el territorio nacional. Indic\u00f3 que la gasolina plus es la que present\u00f3 fallas en la calidad y que este combustible tiene mayor consumo en [&hellip;]","og_url":"https:\/\/www.eldiario.net\/portal\/2026\/02\/05\/el-problema-con-la-calidad-de-la-gasolina-esta-focalizado-en-el-oriente\/","og_site_name":"El Diario - Bolivia","article_publisher":"https:\/\/www.facebook.com\/eldiario.bolivia\/","article_published_time":"2026-02-05T10:08:05+00:00","og_image":[{"width":720,"height":399,"url":"https:\/\/www.eldiario.net\/portal\/wp-content\/uploads\/2026\/02\/CALIDAD-FOTO.webp","type":"image\/webp"}],"author":"Jeanette","twitter_card":"summary_large_image","twitter_creator":"@eldiario_net","twitter_site":"@eldiario_net","twitter_misc":{"Escrito por":"Jeanette","Tiempo de lectura":"2 minutos"},"schema":{"@context":"https:\/\/schema.org","@graph":[{"@type":"Article","@id":"https:\/\/www.eldiario.net\/portal\/2026\/02\/05\/el-problema-con-la-calidad-de-la-gasolina-esta-focalizado-en-el-oriente\/#article","isPartOf":{"@id":"https:\/\/www.eldiario.net\/portal\/2026\/02\/05\/el-problema-con-la-calidad-de-la-gasolina-esta-focalizado-en-el-oriente\/"},"author":{"name":"Jeanette","@id":"https:\/\/www.eldiario.net\/portal\/#\/schema\/person\/f46445640444750d7d753ccd04ae01b7"},"headline":"El problema con la calidad de la gasolina est\u00e1 focalizado en el oriente","datePublished":"2026-02-05T10:08:05+00:00","mainEntityOfPage":{"@id":"https:\/\/www.eldiario.net\/portal\/2026\/02\/05\/el-problema-con-la-calidad-de-la-gasolina-esta-focalizado-en-el-oriente\/"},"wordCount":425,"publisher":{"@id":"https:\/\/www.eldiario.net\/portal\/#organization"},"image":{"@id":"https:\/\/www.eldiario.net\/portal\/2026\/02\/05\/el-problema-con-la-calidad-de-la-gasolina-esta-focalizado-en-el-oriente\/#primaryimage"},"thumbnailUrl":"https:\/\/www.eldiario.net\/portal\/wp-content\/uploads\/2026\/02\/CALIDAD-FOTO.webp","articleSection":["Portada"],"inLanguage":"es"},{"@type":"WebPage","@id":"https:\/\/www.eldiario.net\/portal\/2026\/02\/05\/el-problema-con-la-calidad-de-la-gasolina-esta-focalizado-en-el-oriente\/","url":"https:\/\/www.eldiario.net\/portal\/2026\/02\/05\/el-problema-con-la-calidad-de-la-gasolina-esta-focalizado-en-el-oriente\/","name":"El problema con la calidad de la gasolina est\u00e1 focalizado en el oriente - El Diario - Bolivia","isPartOf":{"@id":"https:\/\/www.eldiario.net\/portal\/#website"},"primaryImageOfPage":{"@id":"https:\/\/www.eldiario.net\/portal\/2026\/02\/05\/el-problema-con-la-calidad-de-la-gasolina-esta-focalizado-en-el-oriente\/#primaryimage"},"image":{"@id":"https:\/\/www.eldiario.net\/portal\/2026\/02\/05\/el-problema-con-la-calidad-de-la-gasolina-esta-focalizado-en-el-oriente\/#primaryimage"},"thumbnailUrl":"https:\/\/www.eldiario.net\/portal\/wp-content\/uploads\/2026\/02\/CALIDAD-FOTO.webp","datePublished":"2026-02-05T10:08:05+00:00","breadcrumb":{"@id":"https:\/\/www.eldiario.net\/portal\/2026\/02\/05\/el-problema-con-la-calidad-de-la-gasolina-esta-focalizado-en-el-oriente\/#breadcrumb"},"inLanguage":"es","potentialAction":[{"@type":"ReadAction","target":["https:\/\/www.eldiario.net\/portal\/2026\/02\/05\/el-problema-con-la-calidad-de-la-gasolina-esta-focalizado-en-el-oriente\/"]}]},{"@type":"ImageObject","inLanguage":"es","@id":"https:\/\/www.eldiario.net\/portal\/2026\/02\/05\/el-problema-con-la-calidad-de-la-gasolina-esta-focalizado-en-el-oriente\/#primaryimage","url":"https:\/\/www.eldiario.net\/portal\/wp-content\/uploads\/2026\/02\/CALIDAD-FOTO.webp","contentUrl":"https:\/\/www.eldiario.net\/portal\/wp-content\/uploads\/2026\/02\/CALIDAD-FOTO.webp","width":720,"height":399,"caption":"PROTESTA DE CHOFERES EN PUERTAS DE LA AGENCIA NACIONAL DE HIDROCARBUROS, EN LA PAZ. FOTO:APG"},{"@type":"BreadcrumbList","@id":"https:\/\/www.eldiario.net\/portal\/2026\/02\/05\/el-problema-con-la-calidad-de-la-gasolina-esta-focalizado-en-el-oriente\/#breadcrumb","itemListElement":[{"@type":"ListItem","position":1,"name":"Portada","item":"https:\/\/www.eldiario.net\/portal\/"},{"@type":"ListItem","position":2,"name":"El problema con la calidad de la gasolina est\u00e1 focalizado en el oriente"}]},{"@type":"WebSite","@id":"https:\/\/www.eldiario.net\/portal\/#website","url":"https:\/\/www.eldiario.net\/portal\/","name":"El Diario - Decano de la prensa nacional","description":"El Diario - Decano de la prensa nacional","publisher":{"@id":"https:\/\/www.eldiario.net\/portal\/#organization"},"potentialAction":[{"@type":"SearchAction","target":{"@type":"EntryPoint","urlTemplate":"https:\/\/www.eldiario.net\/portal\/?s={search_term_string}"},"query-input":{"@type":"PropertyValueSpecification","valueRequired":true,"valueName":"search_term_string"}}],"inLanguage":"es"},{"@type":"Organization","@id":"https:\/\/www.eldiario.net\/portal\/#organization","name":"El Diario - Decano de la prensa nacional","url":"https:\/\/www.eldiario.net\/portal\/","logo":{"@type":"ImageObject","inLanguage":"es","@id":"https:\/\/www.eldiario.net\/portal\/#\/schema\/logo\/image\/","url":"https:\/\/www.eldiario.net\/portal\/wp-content\/uploads\/2023\/07\/logo_ED.jpg","contentUrl":"https:\/\/www.eldiario.net\/portal\/wp-content\/uploads\/2023\/07\/logo_ED.jpg","width":272,"height":52,"caption":"El Diario - Decano de la prensa nacional"},"image":{"@id":"https:\/\/www.eldiario.net\/portal\/#\/schema\/logo\/image\/"},"sameAs":["https:\/\/www.facebook.com\/eldiario.bolivia\/","https:\/\/x.com\/eldiario_net"]},{"@type":"Person","@id":"https:\/\/www.eldiario.net\/portal\/#\/schema\/person\/f46445640444750d7d753ccd04ae01b7","name":"Jeanette","image":{"@type":"ImageObject","inLanguage":"es","@id":"https:\/\/secure.gravatar.com\/avatar\/3ea2118a5f7dad2b7138b1187a6b7ee55f160b9968b66013c3a3ef39dd7e5798?s=96&d=mm&r=g","url":"https:\/\/secure.gravatar.com\/avatar\/3ea2118a5f7dad2b7138b1187a6b7ee55f160b9968b66013c3a3ef39dd7e5798?s=96&d=mm&r=g","contentUrl":"https:\/\/secure.gravatar.com\/avatar\/3ea2118a5f7dad2b7138b1187a6b7ee55f160b9968b66013c3a3ef39dd7e5798?s=96&d=mm&r=g","caption":"Jeanette"},"sameAs":["https:\/\/www.eldiario.net\/portal"],"url":"https:\/\/www.eldiario.net\/portal\/author\/jeanette\/"}]}},"_links":{"self":[{"href":"https:\/\/www.eldiario.net\/portal\/wp-json\/wp\/v2\/posts\/365790","targetHints":{"allow":["GET"]}}],"collection":[{"href":"https:\/\/www.eldiario.net\/portal\/wp-json\/wp\/v2\/posts"}],"about":[{"href":"https:\/\/www.eldiario.net\/portal\/wp-json\/wp\/v2\/types\/post"}],"author":[{"embeddable":true,"href":"https:\/\/www.eldiario.net\/portal\/wp-json\/wp\/v2\/users\/1"}],"replies":[{"embeddable":true,"href":"https:\/\/www.eldiario.net\/portal\/wp-json\/wp\/v2\/comments?post=365790"}],"version-history":[{"count":1,"href":"https:\/\/www.eldiario.net\/portal\/wp-json\/wp\/v2\/posts\/365790\/revisions"}],"predecessor-version":[{"id":365792,"href":"https:\/\/www.eldiario.net\/portal\/wp-json\/wp\/v2\/posts\/365790\/revisions\/365792"}],"wp:featuredmedia":[{"embeddable":true,"href":"https:\/\/www.eldiario.net\/portal\/wp-json\/wp\/v2\/media\/365791"}],"wp:attachment":[{"href":"https:\/\/www.eldiario.net\/portal\/wp-json\/wp\/v2\/media?parent=365790"}],"wp:term":[{"taxonomy":"category","embeddable":true,"href":"https:\/\/www.eldiario.net\/portal\/wp-json\/wp\/v2\/categories?post=365790"},{"taxonomy":"post_tag","embeddable":true,"href":"https:\/\/www.eldiario.net\/portal\/wp-json\/wp\/v2\/tags?post=365790"}],"curies":[{"name":"wp","href":"https:\/\/api.w.org\/{rel}","templated":true}]}}