{"id":365787,"date":"2026-02-05T06:07:32","date_gmt":"2026-02-05T10:07:32","guid":{"rendered":"https:\/\/www.eldiario.net\/portal\/?p=365787"},"modified":"2026-02-05T06:07:32","modified_gmt":"2026-02-05T10:07:32","slug":"comision-aprueba-ampliar-a-seis-meses-el-arraigo-de-exautoridades","status":"publish","type":"post","link":"https:\/\/www.eldiario.net\/portal\/2026\/02\/05\/comision-aprueba-ampliar-a-seis-meses-el-arraigo-de-exautoridades\/","title":{"rendered":"Comisi\u00f3n aprueba ampliar a seis  meses el arraigo de exautoridades"},"content":{"rendered":"<p>La Comisi\u00f3n de Justicia Plural de la C\u00e1mara de Diputados aprob\u00f3 el proyecto de Ley 192 que propone ampliar de tres a seis meses el per\u00edodo de permanencia obligatoria en territorio nacional para las exautoridades del nivel central del Estado y de las entidades territoriales aut\u00f3nomas, una vez concluido su mandato.<\/p>\n<p>La decisi\u00f3n fue adoptada ayer durante la s\u00e9ptima sesi\u00f3n ordinaria de la comisi\u00f3n presidida por el diputado Manolo Rojas (PDC), quien inform\u00f3 que la medida busca fortalecer los mecanismos de control y responsabilidad tras el ejercicio de la funci\u00f3n p\u00fablica.<\/p>\n<p>\u201cEsta norma establece que el presidente, vicepresidente, ministros, gobernadores, alcaldes, asamble\u00edstas nacionales y departamentales, concejales municipales, as\u00ed como las m\u00e1ximas autoridades ejecutivas de empresas e instituciones p\u00fablicas y mixtas que administren recursos fiscales no pueden salir del pa\u00eds (hasta seis meses despu\u00e9s del fin de sus mandatos)\u201d, explic\u00f3 Rojas.<\/p>\n<p>El legislador precis\u00f3 que el proyecto fue presentado por la diputada Claudia Bilbao (PDC) y propone una modificaci\u00f3n a la Ley 1352 del 14 de octubre de 2020, que actualmente fija en tres meses el plazo obligatorio de permanencia de los ex servidores p\u00fablicos tras dejar sus cargos.<\/p>\n<p>Rojas se\u00f1al\u00f3 que la pr\u00f3rroga del plazo responde a la necesidad de garantizar procesos adecuados de revisi\u00f3n e inspecci\u00f3n. \u00abLos seis meses permitir\u00e1n a la contralor\u00eda y a otras organizaciones contar con el tiempo necesario para elaborar informes t\u00e9cnicos sobre las responsabilidades administrativas\u00bb, afirm\u00f3, y agreg\u00f3 que \u201cquienes est\u00e1n siendo investigados deben quedarse para ejercer su derecho a la defensa dentro del debido proceso\u201d, remarc\u00f3.<\/p>\n<p>Anunci\u00f3 que solicitar\u00e1 la inclusi\u00f3n del Proyecto de Ley 192 en la agenda del 46 per\u00edodo ordinario de sesiones de la C\u00e1mara de Diputados que se efectuar\u00e1 este jueves. (Br\u00fajula Digital)<\/p>\n","protected":false},"excerpt":{"rendered":"<p>La Comisi\u00f3n de Justicia Plural de la C\u00e1mara de Diputados aprob\u00f3 el proyecto de Ley 192 que propone ampliar de tres a seis meses el per\u00edodo de permanencia obligatoria en territorio nacional para las exautoridades del nivel central del Estado y de las entidades territoriales aut\u00f3nomas, una vez concluido su mandato. La decisi\u00f3n fue adoptada [&hellip;]<\/p>\n","protected":false},"author":1,"featured_media":365788,"comment_status":"closed","ping_status":"open","sticky":false,"template":"","format":"standard","meta":{"_acf_changed":false,"footnotes":""},"categories":[15],"tags":[],"class_list":["post-365787","post","type-post","status-publish","format-standard","has-post-thumbnail","category-portada"],"acf":{"antetitulo":""},"yoast_head":"<!-- This site is optimized with the Yoast SEO plugin v28.3 - https:\/\/yoast.com\/product\/yoast-seo-wordpress\/ -->\n<title>Comisi\u00f3n aprueba ampliar a seis meses el arraigo de exautoridades - El Diario - Bolivia<\/title>\n<meta name=\"robots\" content=\"index, follow, max-snippet:-1, max-image-preview:large, max-video-preview:-1\" \/>\n<link rel=\"canonical\" href=\"https:\/\/www.eldiario.net\/portal\/2026\/02\/05\/comision-aprueba-ampliar-a-seis-meses-el-arraigo-de-exautoridades\/\" \/>\n<meta property=\"og:locale\" content=\"es_ES\" \/>\n<meta property=\"og:type\" content=\"article\" \/>\n<meta property=\"og:title\" content=\"Comisi\u00f3n aprueba ampliar a seis meses el arraigo de exautoridades - El Diario - Bolivia\" \/>\n<meta property=\"og:description\" content=\"La Comisi\u00f3n de Justicia Plural de la C\u00e1mara de Diputados aprob\u00f3 el proyecto de Ley 192 que propone ampliar de tres a seis meses el per\u00edodo de permanencia obligatoria en territorio nacional para las exautoridades del nivel central del Estado y de las entidades territoriales aut\u00f3nomas, una vez concluido su mandato. La decisi\u00f3n fue adoptada [&hellip;]\" \/>\n<meta property=\"og:url\" content=\"https:\/\/www.eldiario.net\/portal\/2026\/02\/05\/comision-aprueba-ampliar-a-seis-meses-el-arraigo-de-exautoridades\/\" \/>\n<meta property=\"og:site_name\" content=\"El Diario - Bolivia\" \/>\n<meta property=\"article:publisher\" content=\"https:\/\/www.facebook.com\/eldiario.bolivia\/\" \/>\n<meta property=\"article:published_time\" content=\"2026-02-05T10:07:32+00:00\" \/>\n<meta property=\"og:image\" content=\"https:\/\/www.eldiario.net\/portal\/wp-content\/uploads\/2026\/02\/DIPUTADOS-FOTO.webp\" \/>\n\t<meta property=\"og:image:width\" content=\"720\" \/>\n\t<meta property=\"og:image:height\" content=\"399\" \/>\n\t<meta property=\"og:image:type\" content=\"image\/webp\" \/>\n<meta name=\"author\" content=\"Jeanette\" \/>\n<meta name=\"twitter:card\" content=\"summary_large_image\" \/>\n<meta name=\"twitter:creator\" content=\"@eldiario_net\" \/>\n<meta name=\"twitter:site\" content=\"@eldiario_net\" \/>\n<meta name=\"twitter:label1\" content=\"Escrito por\" \/>\n\t<meta name=\"twitter:data1\" content=\"Jeanette\" \/>\n\t<meta name=\"twitter:label2\" content=\"Tiempo de lectura\" \/>\n\t<meta name=\"twitter:data2\" content=\"2 minutos\" \/>\n<script type=\"application\/ld+json\" class=\"yoast-schema-graph\">{\"@context\":\"https:\\\/\\\/schema.org\",\"@graph\":[{\"@type\":\"Article\",\"@id\":\"https:\\\/\\\/www.eldiario.net\\\/portal\\\/2026\\\/02\\\/05\\\/comision-aprueba-ampliar-a-seis-meses-el-arraigo-de-exautoridades\\\/#article\",\"isPartOf\":{\"@id\":\"https:\\\/\\\/www.eldiario.net\\\/portal\\\/2026\\\/02\\\/05\\\/comision-aprueba-ampliar-a-seis-meses-el-arraigo-de-exautoridades\\\/\"},\"author\":{\"name\":\"Jeanette\",\"@id\":\"https:\\\/\\\/www.eldiario.net\\\/portal\\\/#\\\/schema\\\/person\\\/f46445640444750d7d753ccd04ae01b7\"},\"headline\":\"Comisi\u00f3n aprueba ampliar a seis meses el arraigo de exautoridades\",\"datePublished\":\"2026-02-05T10:07:32+00:00\",\"mainEntityOfPage\":{\"@id\":\"https:\\\/\\\/www.eldiario.net\\\/portal\\\/2026\\\/02\\\/05\\\/comision-aprueba-ampliar-a-seis-meses-el-arraigo-de-exautoridades\\\/\"},\"wordCount\":318,\"publisher\":{\"@id\":\"https:\\\/\\\/www.eldiario.net\\\/portal\\\/#organization\"},\"image\":{\"@id\":\"https:\\\/\\\/www.eldiario.net\\\/portal\\\/2026\\\/02\\\/05\\\/comision-aprueba-ampliar-a-seis-meses-el-arraigo-de-exautoridades\\\/#primaryimage\"},\"thumbnailUrl\":\"https:\\\/\\\/www.eldiario.net\\\/portal\\\/wp-content\\\/uploads\\\/2026\\\/02\\\/DIPUTADOS-FOTO.webp\",\"articleSection\":[\"Portada\"],\"inLanguage\":\"es\"},{\"@type\":\"WebPage\",\"@id\":\"https:\\\/\\\/www.eldiario.net\\\/portal\\\/2026\\\/02\\\/05\\\/comision-aprueba-ampliar-a-seis-meses-el-arraigo-de-exautoridades\\\/\",\"url\":\"https:\\\/\\\/www.eldiario.net\\\/portal\\\/2026\\\/02\\\/05\\\/comision-aprueba-ampliar-a-seis-meses-el-arraigo-de-exautoridades\\\/\",\"name\":\"Comisi\u00f3n aprueba ampliar a seis meses el arraigo de exautoridades - El Diario - Bolivia\",\"isPartOf\":{\"@id\":\"https:\\\/\\\/www.eldiario.net\\\/portal\\\/#website\"},\"primaryImageOfPage\":{\"@id\":\"https:\\\/\\\/www.eldiario.net\\\/portal\\\/2026\\\/02\\\/05\\\/comision-aprueba-ampliar-a-seis-meses-el-arraigo-de-exautoridades\\\/#primaryimage\"},\"image\":{\"@id\":\"https:\\\/\\\/www.eldiario.net\\\/portal\\\/2026\\\/02\\\/05\\\/comision-aprueba-ampliar-a-seis-meses-el-arraigo-de-exautoridades\\\/#primaryimage\"},\"thumbnailUrl\":\"https:\\\/\\\/www.eldiario.net\\\/portal\\\/wp-content\\\/uploads\\\/2026\\\/02\\\/DIPUTADOS-FOTO.webp\",\"datePublished\":\"2026-02-05T10:07:32+00:00\",\"breadcrumb\":{\"@id\":\"https:\\\/\\\/www.eldiario.net\\\/portal\\\/2026\\\/02\\\/05\\\/comision-aprueba-ampliar-a-seis-meses-el-arraigo-de-exautoridades\\\/#breadcrumb\"},\"inLanguage\":\"es\",\"potentialAction\":[{\"@type\":\"ReadAction\",\"target\":[\"https:\\\/\\\/www.eldiario.net\\\/portal\\\/2026\\\/02\\\/05\\\/comision-aprueba-ampliar-a-seis-meses-el-arraigo-de-exautoridades\\\/\"]}]},{\"@type\":\"ImageObject\",\"inLanguage\":\"es\",\"@id\":\"https:\\\/\\\/www.eldiario.net\\\/portal\\\/2026\\\/02\\\/05\\\/comision-aprueba-ampliar-a-seis-meses-el-arraigo-de-exautoridades\\\/#primaryimage\",\"url\":\"https:\\\/\\\/www.eldiario.net\\\/portal\\\/wp-content\\\/uploads\\\/2026\\\/02\\\/DIPUTADOS-FOTO.webp\",\"contentUrl\":\"https:\\\/\\\/www.eldiario.net\\\/portal\\\/wp-content\\\/uploads\\\/2026\\\/02\\\/DIPUTADOS-FOTO.webp\",\"width\":720,\"height\":399,\"caption\":\"MIEMBROS DE LA COMISI\u00d3N DE JUSTICIA PLURAL EN UNA SESI\u00d3N. FOTO: DIPUTADOS\"},{\"@type\":\"BreadcrumbList\",\"@id\":\"https:\\\/\\\/www.eldiario.net\\\/portal\\\/2026\\\/02\\\/05\\\/comision-aprueba-ampliar-a-seis-meses-el-arraigo-de-exautoridades\\\/#breadcrumb\",\"itemListElement\":[{\"@type\":\"ListItem\",\"position\":1,\"name\":\"Portada\",\"item\":\"https:\\\/\\\/www.eldiario.net\\\/portal\\\/\"},{\"@type\":\"ListItem\",\"position\":2,\"name\":\"Comisi\u00f3n aprueba ampliar a seis meses el arraigo de exautoridades\"}]},{\"@type\":\"WebSite\",\"@id\":\"https:\\\/\\\/www.eldiario.net\\\/portal\\\/#website\",\"url\":\"https:\\\/\\\/www.eldiario.net\\\/portal\\\/\",\"name\":\"El Diario - Decano de la prensa nacional\",\"description\":\"El Diario - Decano de la prensa nacional\",\"publisher\":{\"@id\":\"https:\\\/\\\/www.eldiario.net\\\/portal\\\/#organization\"},\"potentialAction\":[{\"@type\":\"SearchAction\",\"target\":{\"@type\":\"EntryPoint\",\"urlTemplate\":\"https:\\\/\\\/www.eldiario.net\\\/portal\\\/?s={search_term_string}\"},\"query-input\":{\"@type\":\"PropertyValueSpecification\",\"valueRequired\":true,\"valueName\":\"search_term_string\"}}],\"inLanguage\":\"es\"},{\"@type\":\"Organization\",\"@id\":\"https:\\\/\\\/www.eldiario.net\\\/portal\\\/#organization\",\"name\":\"El Diario - Decano de la prensa nacional\",\"url\":\"https:\\\/\\\/www.eldiario.net\\\/portal\\\/\",\"logo\":{\"@type\":\"ImageObject\",\"inLanguage\":\"es\",\"@id\":\"https:\\\/\\\/www.eldiario.net\\\/portal\\\/#\\\/schema\\\/logo\\\/image\\\/\",\"url\":\"https:\\\/\\\/www.eldiario.net\\\/portal\\\/wp-content\\\/uploads\\\/2023\\\/07\\\/logo_ED.jpg\",\"contentUrl\":\"https:\\\/\\\/www.eldiario.net\\\/portal\\\/wp-content\\\/uploads\\\/2023\\\/07\\\/logo_ED.jpg\",\"width\":272,\"height\":52,\"caption\":\"El Diario - Decano de la prensa nacional\"},\"image\":{\"@id\":\"https:\\\/\\\/www.eldiario.net\\\/portal\\\/#\\\/schema\\\/logo\\\/image\\\/\"},\"sameAs\":[\"https:\\\/\\\/www.facebook.com\\\/eldiario.bolivia\\\/\",\"https:\\\/\\\/x.com\\\/eldiario_net\"]},{\"@type\":\"Person\",\"@id\":\"https:\\\/\\\/www.eldiario.net\\\/portal\\\/#\\\/schema\\\/person\\\/f46445640444750d7d753ccd04ae01b7\",\"name\":\"Jeanette\",\"image\":{\"@type\":\"ImageObject\",\"inLanguage\":\"es\",\"@id\":\"https:\\\/\\\/secure.gravatar.com\\\/avatar\\\/3ea2118a5f7dad2b7138b1187a6b7ee55f160b9968b66013c3a3ef39dd7e5798?s=96&d=mm&r=g\",\"url\":\"https:\\\/\\\/secure.gravatar.com\\\/avatar\\\/3ea2118a5f7dad2b7138b1187a6b7ee55f160b9968b66013c3a3ef39dd7e5798?s=96&d=mm&r=g\",\"contentUrl\":\"https:\\\/\\\/secure.gravatar.com\\\/avatar\\\/3ea2118a5f7dad2b7138b1187a6b7ee55f160b9968b66013c3a3ef39dd7e5798?s=96&d=mm&r=g\",\"caption\":\"Jeanette\"},\"sameAs\":[\"https:\\\/\\\/www.eldiario.net\\\/portal\"],\"url\":\"https:\\\/\\\/www.eldiario.net\\\/portal\\\/author\\\/jeanette\\\/\"}]}<\/script>\n<!-- \/ Yoast SEO plugin. -->","yoast_head_json":{"title":"Comisi\u00f3n aprueba ampliar a seis meses el arraigo de exautoridades - El Diario - Bolivia","robots":{"index":"index","follow":"follow","max-snippet":"max-snippet:-1","max-image-preview":"max-image-preview:large","max-video-preview":"max-video-preview:-1"},"canonical":"https:\/\/www.eldiario.net\/portal\/2026\/02\/05\/comision-aprueba-ampliar-a-seis-meses-el-arraigo-de-exautoridades\/","og_locale":"es_ES","og_type":"article","og_title":"Comisi\u00f3n aprueba ampliar a seis meses el arraigo de exautoridades - El Diario - Bolivia","og_description":"La Comisi\u00f3n de Justicia Plural de la C\u00e1mara de Diputados aprob\u00f3 el proyecto de Ley 192 que propone ampliar de tres a seis meses el per\u00edodo de permanencia obligatoria en territorio nacional para las exautoridades del nivel central del Estado y de las entidades territoriales aut\u00f3nomas, una vez concluido su mandato. La decisi\u00f3n fue adoptada [&hellip;]","og_url":"https:\/\/www.eldiario.net\/portal\/2026\/02\/05\/comision-aprueba-ampliar-a-seis-meses-el-arraigo-de-exautoridades\/","og_site_name":"El Diario - Bolivia","article_publisher":"https:\/\/www.facebook.com\/eldiario.bolivia\/","article_published_time":"2026-02-05T10:07:32+00:00","og_image":[{"width":720,"height":399,"url":"https:\/\/www.eldiario.net\/portal\/wp-content\/uploads\/2026\/02\/DIPUTADOS-FOTO.webp","type":"image\/webp"}],"author":"Jeanette","twitter_card":"summary_large_image","twitter_creator":"@eldiario_net","twitter_site":"@eldiario_net","twitter_misc":{"Escrito por":"Jeanette","Tiempo de lectura":"2 minutos"},"schema":{"@context":"https:\/\/schema.org","@graph":[{"@type":"Article","@id":"https:\/\/www.eldiario.net\/portal\/2026\/02\/05\/comision-aprueba-ampliar-a-seis-meses-el-arraigo-de-exautoridades\/#article","isPartOf":{"@id":"https:\/\/www.eldiario.net\/portal\/2026\/02\/05\/comision-aprueba-ampliar-a-seis-meses-el-arraigo-de-exautoridades\/"},"author":{"name":"Jeanette","@id":"https:\/\/www.eldiario.net\/portal\/#\/schema\/person\/f46445640444750d7d753ccd04ae01b7"},"headline":"Comisi\u00f3n aprueba ampliar a seis meses el arraigo de exautoridades","datePublished":"2026-02-05T10:07:32+00:00","mainEntityOfPage":{"@id":"https:\/\/www.eldiario.net\/portal\/2026\/02\/05\/comision-aprueba-ampliar-a-seis-meses-el-arraigo-de-exautoridades\/"},"wordCount":318,"publisher":{"@id":"https:\/\/www.eldiario.net\/portal\/#organization"},"image":{"@id":"https:\/\/www.eldiario.net\/portal\/2026\/02\/05\/comision-aprueba-ampliar-a-seis-meses-el-arraigo-de-exautoridades\/#primaryimage"},"thumbnailUrl":"https:\/\/www.eldiario.net\/portal\/wp-content\/uploads\/2026\/02\/DIPUTADOS-FOTO.webp","articleSection":["Portada"],"inLanguage":"es"},{"@type":"WebPage","@id":"https:\/\/www.eldiario.net\/portal\/2026\/02\/05\/comision-aprueba-ampliar-a-seis-meses-el-arraigo-de-exautoridades\/","url":"https:\/\/www.eldiario.net\/portal\/2026\/02\/05\/comision-aprueba-ampliar-a-seis-meses-el-arraigo-de-exautoridades\/","name":"Comisi\u00f3n aprueba ampliar a seis meses el arraigo de exautoridades - El Diario - Bolivia","isPartOf":{"@id":"https:\/\/www.eldiario.net\/portal\/#website"},"primaryImageOfPage":{"@id":"https:\/\/www.eldiario.net\/portal\/2026\/02\/05\/comision-aprueba-ampliar-a-seis-meses-el-arraigo-de-exautoridades\/#primaryimage"},"image":{"@id":"https:\/\/www.eldiario.net\/portal\/2026\/02\/05\/comision-aprueba-ampliar-a-seis-meses-el-arraigo-de-exautoridades\/#primaryimage"},"thumbnailUrl":"https:\/\/www.eldiario.net\/portal\/wp-content\/uploads\/2026\/02\/DIPUTADOS-FOTO.webp","datePublished":"2026-02-05T10:07:32+00:00","breadcrumb":{"@id":"https:\/\/www.eldiario.net\/portal\/2026\/02\/05\/comision-aprueba-ampliar-a-seis-meses-el-arraigo-de-exautoridades\/#breadcrumb"},"inLanguage":"es","potentialAction":[{"@type":"ReadAction","target":["https:\/\/www.eldiario.net\/portal\/2026\/02\/05\/comision-aprueba-ampliar-a-seis-meses-el-arraigo-de-exautoridades\/"]}]},{"@type":"ImageObject","inLanguage":"es","@id":"https:\/\/www.eldiario.net\/portal\/2026\/02\/05\/comision-aprueba-ampliar-a-seis-meses-el-arraigo-de-exautoridades\/#primaryimage","url":"https:\/\/www.eldiario.net\/portal\/wp-content\/uploads\/2026\/02\/DIPUTADOS-FOTO.webp","contentUrl":"https:\/\/www.eldiario.net\/portal\/wp-content\/uploads\/2026\/02\/DIPUTADOS-FOTO.webp","width":720,"height":399,"caption":"MIEMBROS DE LA COMISI\u00d3N DE JUSTICIA PLURAL EN UNA SESI\u00d3N. FOTO: DIPUTADOS"},{"@type":"BreadcrumbList","@id":"https:\/\/www.eldiario.net\/portal\/2026\/02\/05\/comision-aprueba-ampliar-a-seis-meses-el-arraigo-de-exautoridades\/#breadcrumb","itemListElement":[{"@type":"ListItem","position":1,"name":"Portada","item":"https:\/\/www.eldiario.net\/portal\/"},{"@type":"ListItem","position":2,"name":"Comisi\u00f3n aprueba ampliar a seis meses el arraigo de exautoridades"}]},{"@type":"WebSite","@id":"https:\/\/www.eldiario.net\/portal\/#website","url":"https:\/\/www.eldiario.net\/portal\/","name":"El Diario - Decano de la prensa nacional","description":"El Diario - Decano de la prensa nacional","publisher":{"@id":"https:\/\/www.eldiario.net\/portal\/#organization"},"potentialAction":[{"@type":"SearchAction","target":{"@type":"EntryPoint","urlTemplate":"https:\/\/www.eldiario.net\/portal\/?s={search_term_string}"},"query-input":{"@type":"PropertyValueSpecification","valueRequired":true,"valueName":"search_term_string"}}],"inLanguage":"es"},{"@type":"Organization","@id":"https:\/\/www.eldiario.net\/portal\/#organization","name":"El Diario - Decano de la prensa nacional","url":"https:\/\/www.eldiario.net\/portal\/","logo":{"@type":"ImageObject","inLanguage":"es","@id":"https:\/\/www.eldiario.net\/portal\/#\/schema\/logo\/image\/","url":"https:\/\/www.eldiario.net\/portal\/wp-content\/uploads\/2023\/07\/logo_ED.jpg","contentUrl":"https:\/\/www.eldiario.net\/portal\/wp-content\/uploads\/2023\/07\/logo_ED.jpg","width":272,"height":52,"caption":"El Diario - Decano de la prensa nacional"},"image":{"@id":"https:\/\/www.eldiario.net\/portal\/#\/schema\/logo\/image\/"},"sameAs":["https:\/\/www.facebook.com\/eldiario.bolivia\/","https:\/\/x.com\/eldiario_net"]},{"@type":"Person","@id":"https:\/\/www.eldiario.net\/portal\/#\/schema\/person\/f46445640444750d7d753ccd04ae01b7","name":"Jeanette","image":{"@type":"ImageObject","inLanguage":"es","@id":"https:\/\/secure.gravatar.com\/avatar\/3ea2118a5f7dad2b7138b1187a6b7ee55f160b9968b66013c3a3ef39dd7e5798?s=96&d=mm&r=g","url":"https:\/\/secure.gravatar.com\/avatar\/3ea2118a5f7dad2b7138b1187a6b7ee55f160b9968b66013c3a3ef39dd7e5798?s=96&d=mm&r=g","contentUrl":"https:\/\/secure.gravatar.com\/avatar\/3ea2118a5f7dad2b7138b1187a6b7ee55f160b9968b66013c3a3ef39dd7e5798?s=96&d=mm&r=g","caption":"Jeanette"},"sameAs":["https:\/\/www.eldiario.net\/portal"],"url":"https:\/\/www.eldiario.net\/portal\/author\/jeanette\/"}]}},"_links":{"self":[{"href":"https:\/\/www.eldiario.net\/portal\/wp-json\/wp\/v2\/posts\/365787","targetHints":{"allow":["GET"]}}],"collection":[{"href":"https:\/\/www.eldiario.net\/portal\/wp-json\/wp\/v2\/posts"}],"about":[{"href":"https:\/\/www.eldiario.net\/portal\/wp-json\/wp\/v2\/types\/post"}],"author":[{"embeddable":true,"href":"https:\/\/www.eldiario.net\/portal\/wp-json\/wp\/v2\/users\/1"}],"replies":[{"embeddable":true,"href":"https:\/\/www.eldiario.net\/portal\/wp-json\/wp\/v2\/comments?post=365787"}],"version-history":[{"count":1,"href":"https:\/\/www.eldiario.net\/portal\/wp-json\/wp\/v2\/posts\/365787\/revisions"}],"predecessor-version":[{"id":365789,"href":"https:\/\/www.eldiario.net\/portal\/wp-json\/wp\/v2\/posts\/365787\/revisions\/365789"}],"wp:featuredmedia":[{"embeddable":true,"href":"https:\/\/www.eldiario.net\/portal\/wp-json\/wp\/v2\/media\/365788"}],"wp:attachment":[{"href":"https:\/\/www.eldiario.net\/portal\/wp-json\/wp\/v2\/media?parent=365787"}],"wp:term":[{"taxonomy":"category","embeddable":true,"href":"https:\/\/www.eldiario.net\/portal\/wp-json\/wp\/v2\/categories?post=365787"},{"taxonomy":"post_tag","embeddable":true,"href":"https:\/\/www.eldiario.net\/portal\/wp-json\/wp\/v2\/tags?post=365787"}],"curies":[{"name":"wp","href":"https:\/\/api.w.org\/{rel}","templated":true}]}}