{"id":365781,"date":"2026-02-05T06:06:37","date_gmt":"2026-02-05T10:06:37","guid":{"rendered":"https:\/\/www.eldiario.net\/portal\/?p=365781"},"modified":"2026-02-05T06:06:37","modified_gmt":"2026-02-05T10:06:37","slug":"rescatan-a-un-condor-y-lo-trasladan-a-bioparque","status":"publish","type":"post","link":"https:\/\/www.eldiario.net\/portal\/2026\/02\/05\/rescatan-a-un-condor-y-lo-trasladan-a-bioparque\/","title":{"rendered":"Rescatan a un c\u00f3ndor y lo trasladan a bioparque"},"content":{"rendered":"<p>Un c\u00f3ndor andino que era atacado por tres perros en la comunidad de Catupaya, municipio de Palca, en La Paz fue rescatado por un funcionario de la Embajada de Estados Unidos en Bolivia.<\/p>\n<p>El ave, s\u00edmbolo nacional del pa\u00eds, fue trasladada al Bioparque Municipal Vesty Pakos, donde se prev\u00e9 su recuperaci\u00f3n y posterior liberaci\u00f3n en su h\u00e1bitat natural.<\/p>\n<p>\u201cUno no se levanta un d\u00eda pensando hoy voy a ver un c\u00f3ndor, mucho menos voy a salvar a uno\u201d, afirm\u00f3 el especialista en medioambiente de la Embajada de Estados Unidos Mauricio Ballesteros, quien adem\u00e1s es dirigente en Catupaya.<\/p>\n<p>La noticia se conoci\u00f3 ayer, precisamente en el D\u00eda Nacional del C\u00f3ndor Andino, que se celebra cada 4 de febrero, seg\u00fan dicta la Ley 1525 del 2023.<\/p>\n<p>Ballesteros relat\u00f3 que, cuando lleg\u00f3 el domingo a la comunidad, sus compa\u00f1eros le informaron sobre la presencia de un c\u00f3ndor herido. Al dirigirse al lugar, encontr\u00f3 a tres perros que atacaban al ave. El funcionario defendi\u00f3 al animal y recibi\u00f3 un picotazo durante el rescate.<\/p>\n<p>\u201cEn ese momento uno no la piensa, es el ave nacional de Bolivia\u201d.<\/p>\n<p>Tras ahuyentar a los perros, el c\u00f3ndor intent\u00f3 volar, pero qued\u00f3 enredado en las ramas de un arbusto cercano. El ave se encontraba exhausta.<\/p>\n<p>\u201cMe acerqu\u00e9 al c\u00f3ndor y le habl\u00e9: \u2018amigo c\u00f3ndor, no te voy a hacer da\u00f1o, te quiero ayudar\u2019, le dije\u201d. Despu\u00e9s el ave se torn\u00f3 d\u00f3cil, asegur\u00f3 Ballesteros.<\/p>\n<p>El funcionario envolvi\u00f3 al animal en un yute y lo traslad\u00f3 a la ciudad de La Paz. El Viceministerio de Biodiversidad y Cambio Clim\u00e1tico colabor\u00f3 en las gestiones para trasladar al c\u00f3ndor al Bioparque Vesty Pakos, donde personal especializado realiz\u00f3 ex\u00e1menes y determin\u00f3 que se trata de una hembra de dos a\u00f1os. Se presume que, en uno de sus primeros vuelos, tuvo dificultades para elevarse y qued\u00f3 expuesta al ataque de perros de la zona.<\/p>\n<p>Ballesteros indic\u00f3 que el ave podr\u00eda ser liberada en las pr\u00f3ximas semanas. \u201cOjal\u00e1 podamos tener la buena noticia de que la van a liberar a esta ave\u201d. (La Nube\/Br\u00fajula Digital)<\/p>\n","protected":false},"excerpt":{"rendered":"<p>Un c\u00f3ndor andino que era atacado por tres perros en la comunidad de Catupaya, municipio de Palca, en La Paz fue rescatado por un funcionario de la Embajada de Estados Unidos en Bolivia. El ave, s\u00edmbolo nacional del pa\u00eds, fue trasladada al Bioparque Municipal Vesty Pakos, donde se prev\u00e9 su recuperaci\u00f3n y posterior liberaci\u00f3n en [&hellip;]<\/p>\n","protected":false},"author":1,"featured_media":365782,"comment_status":"closed","ping_status":"open","sticky":false,"template":"","format":"standard","meta":{"_acf_changed":false,"footnotes":""},"categories":[15],"tags":[],"class_list":["post-365781","post","type-post","status-publish","format-standard","has-post-thumbnail","category-portada"],"acf":{"antetitulo":"El ave es s\u00edmbolo nacional"},"yoast_head":"<!-- This site is optimized with the Yoast SEO plugin v28.3 - https:\/\/yoast.com\/product\/yoast-seo-wordpress\/ -->\n<title>Rescatan a un c\u00f3ndor y lo trasladan a bioparque - El Diario - Bolivia<\/title>\n<meta name=\"robots\" content=\"index, follow, max-snippet:-1, max-image-preview:large, max-video-preview:-1\" \/>\n<link rel=\"canonical\" href=\"https:\/\/www.eldiario.net\/portal\/2026\/02\/05\/rescatan-a-un-condor-y-lo-trasladan-a-bioparque\/\" \/>\n<meta property=\"og:locale\" content=\"es_ES\" \/>\n<meta property=\"og:type\" content=\"article\" \/>\n<meta property=\"og:title\" content=\"Rescatan a un c\u00f3ndor y lo trasladan a bioparque - El Diario - Bolivia\" \/>\n<meta property=\"og:description\" content=\"Un c\u00f3ndor andino que era atacado por tres perros en la comunidad de Catupaya, municipio de Palca, en La Paz fue rescatado por un funcionario de la Embajada de Estados Unidos en Bolivia. El ave, s\u00edmbolo nacional del pa\u00eds, fue trasladada al Bioparque Municipal Vesty Pakos, donde se prev\u00e9 su recuperaci\u00f3n y posterior liberaci\u00f3n en [&hellip;]\" \/>\n<meta property=\"og:url\" content=\"https:\/\/www.eldiario.net\/portal\/2026\/02\/05\/rescatan-a-un-condor-y-lo-trasladan-a-bioparque\/\" \/>\n<meta property=\"og:site_name\" content=\"El Diario - Bolivia\" \/>\n<meta property=\"article:publisher\" content=\"https:\/\/www.facebook.com\/eldiario.bolivia\/\" \/>\n<meta property=\"article:published_time\" content=\"2026-02-05T10:06:37+00:00\" \/>\n<meta property=\"og:image\" content=\"https:\/\/www.eldiario.net\/portal\/wp-content\/uploads\/2026\/02\/RESCATAN-FOTO.webp\" \/>\n\t<meta property=\"og:image:width\" content=\"720\" \/>\n\t<meta property=\"og:image:height\" content=\"399\" \/>\n\t<meta property=\"og:image:type\" content=\"image\/webp\" \/>\n<meta name=\"author\" content=\"Jeanette\" \/>\n<meta name=\"twitter:card\" content=\"summary_large_image\" \/>\n<meta name=\"twitter:creator\" content=\"@eldiario_net\" \/>\n<meta name=\"twitter:site\" content=\"@eldiario_net\" \/>\n<meta name=\"twitter:label1\" content=\"Escrito por\" \/>\n\t<meta name=\"twitter:data1\" content=\"Jeanette\" \/>\n\t<meta name=\"twitter:label2\" content=\"Tiempo de lectura\" \/>\n\t<meta name=\"twitter:data2\" content=\"2 minutos\" \/>\n<script type=\"application\/ld+json\" class=\"yoast-schema-graph\">{\"@context\":\"https:\\\/\\\/schema.org\",\"@graph\":[{\"@type\":\"Article\",\"@id\":\"https:\\\/\\\/www.eldiario.net\\\/portal\\\/2026\\\/02\\\/05\\\/rescatan-a-un-condor-y-lo-trasladan-a-bioparque\\\/#article\",\"isPartOf\":{\"@id\":\"https:\\\/\\\/www.eldiario.net\\\/portal\\\/2026\\\/02\\\/05\\\/rescatan-a-un-condor-y-lo-trasladan-a-bioparque\\\/\"},\"author\":{\"name\":\"Jeanette\",\"@id\":\"https:\\\/\\\/www.eldiario.net\\\/portal\\\/#\\\/schema\\\/person\\\/f46445640444750d7d753ccd04ae01b7\"},\"headline\":\"Rescatan a un c\u00f3ndor y lo trasladan a bioparque\",\"datePublished\":\"2026-02-05T10:06:37+00:00\",\"mainEntityOfPage\":{\"@id\":\"https:\\\/\\\/www.eldiario.net\\\/portal\\\/2026\\\/02\\\/05\\\/rescatan-a-un-condor-y-lo-trasladan-a-bioparque\\\/\"},\"wordCount\":374,\"publisher\":{\"@id\":\"https:\\\/\\\/www.eldiario.net\\\/portal\\\/#organization\"},\"image\":{\"@id\":\"https:\\\/\\\/www.eldiario.net\\\/portal\\\/2026\\\/02\\\/05\\\/rescatan-a-un-condor-y-lo-trasladan-a-bioparque\\\/#primaryimage\"},\"thumbnailUrl\":\"https:\\\/\\\/www.eldiario.net\\\/portal\\\/wp-content\\\/uploads\\\/2026\\\/02\\\/RESCATAN-FOTO.webp\",\"articleSection\":[\"Portada\"],\"inLanguage\":\"es\"},{\"@type\":\"WebPage\",\"@id\":\"https:\\\/\\\/www.eldiario.net\\\/portal\\\/2026\\\/02\\\/05\\\/rescatan-a-un-condor-y-lo-trasladan-a-bioparque\\\/\",\"url\":\"https:\\\/\\\/www.eldiario.net\\\/portal\\\/2026\\\/02\\\/05\\\/rescatan-a-un-condor-y-lo-trasladan-a-bioparque\\\/\",\"name\":\"Rescatan a un c\u00f3ndor y lo trasladan a bioparque - El Diario - Bolivia\",\"isPartOf\":{\"@id\":\"https:\\\/\\\/www.eldiario.net\\\/portal\\\/#website\"},\"primaryImageOfPage\":{\"@id\":\"https:\\\/\\\/www.eldiario.net\\\/portal\\\/2026\\\/02\\\/05\\\/rescatan-a-un-condor-y-lo-trasladan-a-bioparque\\\/#primaryimage\"},\"image\":{\"@id\":\"https:\\\/\\\/www.eldiario.net\\\/portal\\\/2026\\\/02\\\/05\\\/rescatan-a-un-condor-y-lo-trasladan-a-bioparque\\\/#primaryimage\"},\"thumbnailUrl\":\"https:\\\/\\\/www.eldiario.net\\\/portal\\\/wp-content\\\/uploads\\\/2026\\\/02\\\/RESCATAN-FOTO.webp\",\"datePublished\":\"2026-02-05T10:06:37+00:00\",\"breadcrumb\":{\"@id\":\"https:\\\/\\\/www.eldiario.net\\\/portal\\\/2026\\\/02\\\/05\\\/rescatan-a-un-condor-y-lo-trasladan-a-bioparque\\\/#breadcrumb\"},\"inLanguage\":\"es\",\"potentialAction\":[{\"@type\":\"ReadAction\",\"target\":[\"https:\\\/\\\/www.eldiario.net\\\/portal\\\/2026\\\/02\\\/05\\\/rescatan-a-un-condor-y-lo-trasladan-a-bioparque\\\/\"]}]},{\"@type\":\"ImageObject\",\"inLanguage\":\"es\",\"@id\":\"https:\\\/\\\/www.eldiario.net\\\/portal\\\/2026\\\/02\\\/05\\\/rescatan-a-un-condor-y-lo-trasladan-a-bioparque\\\/#primaryimage\",\"url\":\"https:\\\/\\\/www.eldiario.net\\\/portal\\\/wp-content\\\/uploads\\\/2026\\\/02\\\/RESCATAN-FOTO.webp\",\"contentUrl\":\"https:\\\/\\\/www.eldiario.net\\\/portal\\\/wp-content\\\/uploads\\\/2026\\\/02\\\/RESCATAN-FOTO.webp\",\"width\":720,\"height\":399,\"caption\":\"EL C\u00d3NDOR RESTACADO. FOTO: LA NUBE\"},{\"@type\":\"BreadcrumbList\",\"@id\":\"https:\\\/\\\/www.eldiario.net\\\/portal\\\/2026\\\/02\\\/05\\\/rescatan-a-un-condor-y-lo-trasladan-a-bioparque\\\/#breadcrumb\",\"itemListElement\":[{\"@type\":\"ListItem\",\"position\":1,\"name\":\"Portada\",\"item\":\"https:\\\/\\\/www.eldiario.net\\\/portal\\\/\"},{\"@type\":\"ListItem\",\"position\":2,\"name\":\"Rescatan a un c\u00f3ndor y lo trasladan a bioparque\"}]},{\"@type\":\"WebSite\",\"@id\":\"https:\\\/\\\/www.eldiario.net\\\/portal\\\/#website\",\"url\":\"https:\\\/\\\/www.eldiario.net\\\/portal\\\/\",\"name\":\"El Diario - Decano de la prensa nacional\",\"description\":\"El Diario - Decano de la prensa nacional\",\"publisher\":{\"@id\":\"https:\\\/\\\/www.eldiario.net\\\/portal\\\/#organization\"},\"potentialAction\":[{\"@type\":\"SearchAction\",\"target\":{\"@type\":\"EntryPoint\",\"urlTemplate\":\"https:\\\/\\\/www.eldiario.net\\\/portal\\\/?s={search_term_string}\"},\"query-input\":{\"@type\":\"PropertyValueSpecification\",\"valueRequired\":true,\"valueName\":\"search_term_string\"}}],\"inLanguage\":\"es\"},{\"@type\":\"Organization\",\"@id\":\"https:\\\/\\\/www.eldiario.net\\\/portal\\\/#organization\",\"name\":\"El Diario - Decano de la prensa nacional\",\"url\":\"https:\\\/\\\/www.eldiario.net\\\/portal\\\/\",\"logo\":{\"@type\":\"ImageObject\",\"inLanguage\":\"es\",\"@id\":\"https:\\\/\\\/www.eldiario.net\\\/portal\\\/#\\\/schema\\\/logo\\\/image\\\/\",\"url\":\"https:\\\/\\\/www.eldiario.net\\\/portal\\\/wp-content\\\/uploads\\\/2023\\\/07\\\/logo_ED.jpg\",\"contentUrl\":\"https:\\\/\\\/www.eldiario.net\\\/portal\\\/wp-content\\\/uploads\\\/2023\\\/07\\\/logo_ED.jpg\",\"width\":272,\"height\":52,\"caption\":\"El Diario - Decano de la prensa nacional\"},\"image\":{\"@id\":\"https:\\\/\\\/www.eldiario.net\\\/portal\\\/#\\\/schema\\\/logo\\\/image\\\/\"},\"sameAs\":[\"https:\\\/\\\/www.facebook.com\\\/eldiario.bolivia\\\/\",\"https:\\\/\\\/x.com\\\/eldiario_net\"]},{\"@type\":\"Person\",\"@id\":\"https:\\\/\\\/www.eldiario.net\\\/portal\\\/#\\\/schema\\\/person\\\/f46445640444750d7d753ccd04ae01b7\",\"name\":\"Jeanette\",\"image\":{\"@type\":\"ImageObject\",\"inLanguage\":\"es\",\"@id\":\"https:\\\/\\\/secure.gravatar.com\\\/avatar\\\/3ea2118a5f7dad2b7138b1187a6b7ee55f160b9968b66013c3a3ef39dd7e5798?s=96&d=mm&r=g\",\"url\":\"https:\\\/\\\/secure.gravatar.com\\\/avatar\\\/3ea2118a5f7dad2b7138b1187a6b7ee55f160b9968b66013c3a3ef39dd7e5798?s=96&d=mm&r=g\",\"contentUrl\":\"https:\\\/\\\/secure.gravatar.com\\\/avatar\\\/3ea2118a5f7dad2b7138b1187a6b7ee55f160b9968b66013c3a3ef39dd7e5798?s=96&d=mm&r=g\",\"caption\":\"Jeanette\"},\"sameAs\":[\"https:\\\/\\\/www.eldiario.net\\\/portal\"],\"url\":\"https:\\\/\\\/www.eldiario.net\\\/portal\\\/author\\\/jeanette\\\/\"}]}<\/script>\n<!-- \/ Yoast SEO plugin. -->","yoast_head_json":{"title":"Rescatan a un c\u00f3ndor y lo trasladan a bioparque - El Diario - Bolivia","robots":{"index":"index","follow":"follow","max-snippet":"max-snippet:-1","max-image-preview":"max-image-preview:large","max-video-preview":"max-video-preview:-1"},"canonical":"https:\/\/www.eldiario.net\/portal\/2026\/02\/05\/rescatan-a-un-condor-y-lo-trasladan-a-bioparque\/","og_locale":"es_ES","og_type":"article","og_title":"Rescatan a un c\u00f3ndor y lo trasladan a bioparque - El Diario - Bolivia","og_description":"Un c\u00f3ndor andino que era atacado por tres perros en la comunidad de Catupaya, municipio de Palca, en La Paz fue rescatado por un funcionario de la Embajada de Estados Unidos en Bolivia. El ave, s\u00edmbolo nacional del pa\u00eds, fue trasladada al Bioparque Municipal Vesty Pakos, donde se prev\u00e9 su recuperaci\u00f3n y posterior liberaci\u00f3n en [&hellip;]","og_url":"https:\/\/www.eldiario.net\/portal\/2026\/02\/05\/rescatan-a-un-condor-y-lo-trasladan-a-bioparque\/","og_site_name":"El Diario - Bolivia","article_publisher":"https:\/\/www.facebook.com\/eldiario.bolivia\/","article_published_time":"2026-02-05T10:06:37+00:00","og_image":[{"width":720,"height":399,"url":"https:\/\/www.eldiario.net\/portal\/wp-content\/uploads\/2026\/02\/RESCATAN-FOTO.webp","type":"image\/webp"}],"author":"Jeanette","twitter_card":"summary_large_image","twitter_creator":"@eldiario_net","twitter_site":"@eldiario_net","twitter_misc":{"Escrito por":"Jeanette","Tiempo de lectura":"2 minutos"},"schema":{"@context":"https:\/\/schema.org","@graph":[{"@type":"Article","@id":"https:\/\/www.eldiario.net\/portal\/2026\/02\/05\/rescatan-a-un-condor-y-lo-trasladan-a-bioparque\/#article","isPartOf":{"@id":"https:\/\/www.eldiario.net\/portal\/2026\/02\/05\/rescatan-a-un-condor-y-lo-trasladan-a-bioparque\/"},"author":{"name":"Jeanette","@id":"https:\/\/www.eldiario.net\/portal\/#\/schema\/person\/f46445640444750d7d753ccd04ae01b7"},"headline":"Rescatan a un c\u00f3ndor y lo trasladan a bioparque","datePublished":"2026-02-05T10:06:37+00:00","mainEntityOfPage":{"@id":"https:\/\/www.eldiario.net\/portal\/2026\/02\/05\/rescatan-a-un-condor-y-lo-trasladan-a-bioparque\/"},"wordCount":374,"publisher":{"@id":"https:\/\/www.eldiario.net\/portal\/#organization"},"image":{"@id":"https:\/\/www.eldiario.net\/portal\/2026\/02\/05\/rescatan-a-un-condor-y-lo-trasladan-a-bioparque\/#primaryimage"},"thumbnailUrl":"https:\/\/www.eldiario.net\/portal\/wp-content\/uploads\/2026\/02\/RESCATAN-FOTO.webp","articleSection":["Portada"],"inLanguage":"es"},{"@type":"WebPage","@id":"https:\/\/www.eldiario.net\/portal\/2026\/02\/05\/rescatan-a-un-condor-y-lo-trasladan-a-bioparque\/","url":"https:\/\/www.eldiario.net\/portal\/2026\/02\/05\/rescatan-a-un-condor-y-lo-trasladan-a-bioparque\/","name":"Rescatan a un c\u00f3ndor y lo trasladan a bioparque - El Diario - Bolivia","isPartOf":{"@id":"https:\/\/www.eldiario.net\/portal\/#website"},"primaryImageOfPage":{"@id":"https:\/\/www.eldiario.net\/portal\/2026\/02\/05\/rescatan-a-un-condor-y-lo-trasladan-a-bioparque\/#primaryimage"},"image":{"@id":"https:\/\/www.eldiario.net\/portal\/2026\/02\/05\/rescatan-a-un-condor-y-lo-trasladan-a-bioparque\/#primaryimage"},"thumbnailUrl":"https:\/\/www.eldiario.net\/portal\/wp-content\/uploads\/2026\/02\/RESCATAN-FOTO.webp","datePublished":"2026-02-05T10:06:37+00:00","breadcrumb":{"@id":"https:\/\/www.eldiario.net\/portal\/2026\/02\/05\/rescatan-a-un-condor-y-lo-trasladan-a-bioparque\/#breadcrumb"},"inLanguage":"es","potentialAction":[{"@type":"ReadAction","target":["https:\/\/www.eldiario.net\/portal\/2026\/02\/05\/rescatan-a-un-condor-y-lo-trasladan-a-bioparque\/"]}]},{"@type":"ImageObject","inLanguage":"es","@id":"https:\/\/www.eldiario.net\/portal\/2026\/02\/05\/rescatan-a-un-condor-y-lo-trasladan-a-bioparque\/#primaryimage","url":"https:\/\/www.eldiario.net\/portal\/wp-content\/uploads\/2026\/02\/RESCATAN-FOTO.webp","contentUrl":"https:\/\/www.eldiario.net\/portal\/wp-content\/uploads\/2026\/02\/RESCATAN-FOTO.webp","width":720,"height":399,"caption":"EL C\u00d3NDOR RESTACADO. FOTO: LA NUBE"},{"@type":"BreadcrumbList","@id":"https:\/\/www.eldiario.net\/portal\/2026\/02\/05\/rescatan-a-un-condor-y-lo-trasladan-a-bioparque\/#breadcrumb","itemListElement":[{"@type":"ListItem","position":1,"name":"Portada","item":"https:\/\/www.eldiario.net\/portal\/"},{"@type":"ListItem","position":2,"name":"Rescatan a un c\u00f3ndor y lo trasladan a bioparque"}]},{"@type":"WebSite","@id":"https:\/\/www.eldiario.net\/portal\/#website","url":"https:\/\/www.eldiario.net\/portal\/","name":"El Diario - Decano de la prensa nacional","description":"El Diario - Decano de la prensa nacional","publisher":{"@id":"https:\/\/www.eldiario.net\/portal\/#organization"},"potentialAction":[{"@type":"SearchAction","target":{"@type":"EntryPoint","urlTemplate":"https:\/\/www.eldiario.net\/portal\/?s={search_term_string}"},"query-input":{"@type":"PropertyValueSpecification","valueRequired":true,"valueName":"search_term_string"}}],"inLanguage":"es"},{"@type":"Organization","@id":"https:\/\/www.eldiario.net\/portal\/#organization","name":"El Diario - Decano de la prensa nacional","url":"https:\/\/www.eldiario.net\/portal\/","logo":{"@type":"ImageObject","inLanguage":"es","@id":"https:\/\/www.eldiario.net\/portal\/#\/schema\/logo\/image\/","url":"https:\/\/www.eldiario.net\/portal\/wp-content\/uploads\/2023\/07\/logo_ED.jpg","contentUrl":"https:\/\/www.eldiario.net\/portal\/wp-content\/uploads\/2023\/07\/logo_ED.jpg","width":272,"height":52,"caption":"El Diario - Decano de la prensa nacional"},"image":{"@id":"https:\/\/www.eldiario.net\/portal\/#\/schema\/logo\/image\/"},"sameAs":["https:\/\/www.facebook.com\/eldiario.bolivia\/","https:\/\/x.com\/eldiario_net"]},{"@type":"Person","@id":"https:\/\/www.eldiario.net\/portal\/#\/schema\/person\/f46445640444750d7d753ccd04ae01b7","name":"Jeanette","image":{"@type":"ImageObject","inLanguage":"es","@id":"https:\/\/secure.gravatar.com\/avatar\/3ea2118a5f7dad2b7138b1187a6b7ee55f160b9968b66013c3a3ef39dd7e5798?s=96&d=mm&r=g","url":"https:\/\/secure.gravatar.com\/avatar\/3ea2118a5f7dad2b7138b1187a6b7ee55f160b9968b66013c3a3ef39dd7e5798?s=96&d=mm&r=g","contentUrl":"https:\/\/secure.gravatar.com\/avatar\/3ea2118a5f7dad2b7138b1187a6b7ee55f160b9968b66013c3a3ef39dd7e5798?s=96&d=mm&r=g","caption":"Jeanette"},"sameAs":["https:\/\/www.eldiario.net\/portal"],"url":"https:\/\/www.eldiario.net\/portal\/author\/jeanette\/"}]}},"_links":{"self":[{"href":"https:\/\/www.eldiario.net\/portal\/wp-json\/wp\/v2\/posts\/365781","targetHints":{"allow":["GET"]}}],"collection":[{"href":"https:\/\/www.eldiario.net\/portal\/wp-json\/wp\/v2\/posts"}],"about":[{"href":"https:\/\/www.eldiario.net\/portal\/wp-json\/wp\/v2\/types\/post"}],"author":[{"embeddable":true,"href":"https:\/\/www.eldiario.net\/portal\/wp-json\/wp\/v2\/users\/1"}],"replies":[{"embeddable":true,"href":"https:\/\/www.eldiario.net\/portal\/wp-json\/wp\/v2\/comments?post=365781"}],"version-history":[{"count":1,"href":"https:\/\/www.eldiario.net\/portal\/wp-json\/wp\/v2\/posts\/365781\/revisions"}],"predecessor-version":[{"id":365783,"href":"https:\/\/www.eldiario.net\/portal\/wp-json\/wp\/v2\/posts\/365781\/revisions\/365783"}],"wp:featuredmedia":[{"embeddable":true,"href":"https:\/\/www.eldiario.net\/portal\/wp-json\/wp\/v2\/media\/365782"}],"wp:attachment":[{"href":"https:\/\/www.eldiario.net\/portal\/wp-json\/wp\/v2\/media?parent=365781"}],"wp:term":[{"taxonomy":"category","embeddable":true,"href":"https:\/\/www.eldiario.net\/portal\/wp-json\/wp\/v2\/categories?post=365781"},{"taxonomy":"post_tag","embeddable":true,"href":"https:\/\/www.eldiario.net\/portal\/wp-json\/wp\/v2\/tags?post=365781"}],"curies":[{"name":"wp","href":"https:\/\/api.w.org\/{rel}","templated":true}]}}