{"id":365778,"date":"2026-02-05T06:05:50","date_gmt":"2026-02-05T10:05:50","guid":{"rendered":"https:\/\/www.eldiario.net\/portal\/?p=365778"},"modified":"2026-02-05T06:05:50","modified_gmt":"2026-02-05T10:05:50","slug":"ucrania-rusia-y-eeuu-comienzan-una-nueva-ronda-de-contactos-en-abu-dabi","status":"publish","type":"post","link":"https:\/\/www.eldiario.net\/portal\/2026\/02\/05\/ucrania-rusia-y-eeuu-comienzan-una-nueva-ronda-de-contactos-en-abu-dabi\/","title":{"rendered":"Ucrania, Rusia y EEUU comienzan una  nueva ronda de contactos en Abu Dabi"},"content":{"rendered":"<p>Ucrania, Rusia y Estados Unidos comenzaron una nueva ronda de contactos que acoge Emiratos \u00c1rabes Unidos, en la segunda ronda de conversaciones a tres bandas para cerrar las cuestiones m\u00e1s espinosas de un eventual acuerdo de paz.<\/p>\n<p>\u00abHa comenzado otra ronda de negociaciones en Abu Dabi\u00bb, ha confirmado el secretario del Consejo Nacional de Defensa ucraniano, Rustem Umerov, que ejerce como negociador jefe ucraniano en los contactos.<\/p>\n<p>Seg\u00fan ha a\u00f1adido en un mensaje en redes sociales, la primera parte del proceso de negociaci\u00f3n se realiza a tres bandas, entre Ucrania, Estados Unidos y Rusia. \u00abA continuaci\u00f3n, se trabajar\u00e1 en grupos separados por v\u00edas espec\u00edficas, tras lo cual se prev\u00e9 una sincronizaci\u00f3n conjunta de posiciones\u00bb, ha detallado.<\/p>\n<p>Umerov ha reivindicado que la delegaci\u00f3n ucraniana sigue \u00abclaras directrices\u00bb del presidente, Volodimir Zelenski, para lograr una paz digna y duradera y mantiene informado al mandatario sobre el progreso de cada etapa de las negociaciones.<\/p>\n<p>Este mensaje tiene que ver con las cr\u00edticas lanzadas desde Kiev y la Uni\u00f3n Europea a que Rusia no se toma en serio las conversaciones y que su propia delegaci\u00f3n no tiene l\u00ednea directa con el presidente ruso, Vladimir Putin, lo que obstaculiza lograr avances rese\u00f1ables.<\/p>\n<p>La capital emirat\u00ed ya acogi\u00f3 a finales de enero un encuentro de dos d\u00edas entre las delegaciones de Ucrania, Rusia y Estados Unidos, centrado en uno de los aspectos m\u00e1s dif\u00edciles de las negociaciones de paz: la situaci\u00f3n territorial de Ucrania cuando llegue la posguerra, incluida la exigencia de Rusia de mantener el control de la regi\u00f3n del Donb\u00e1s, parcialmente ocupado por tropas rusas en el marco de la invasi\u00f3n. (Europa Press)<\/p>\n","protected":false},"excerpt":{"rendered":"<p>Ucrania, Rusia y Estados Unidos comenzaron una nueva ronda de contactos que acoge Emiratos \u00c1rabes Unidos, en la segunda ronda de conversaciones a tres bandas para cerrar las cuestiones m\u00e1s espinosas de un eventual acuerdo de paz. \u00abHa comenzado otra ronda de negociaciones en Abu Dabi\u00bb, ha confirmado el secretario del Consejo Nacional de Defensa [&hellip;]<\/p>\n","protected":false},"author":1,"featured_media":365779,"comment_status":"closed","ping_status":"open","sticky":false,"template":"","format":"standard","meta":{"_acf_changed":false,"footnotes":""},"categories":[15],"tags":[],"class_list":["post-365778","post","type-post","status-publish","format-standard","has-post-thumbnail","category-portada"],"acf":{"antetitulo":""},"yoast_head":"<!-- This site is optimized with the Yoast SEO plugin v28.3 - https:\/\/yoast.com\/product\/yoast-seo-wordpress\/ -->\n<title>Ucrania, Rusia y EEUU comienzan una nueva ronda de contactos en Abu Dabi - El Diario - Bolivia<\/title>\n<meta name=\"robots\" content=\"index, follow, max-snippet:-1, max-image-preview:large, max-video-preview:-1\" \/>\n<link rel=\"canonical\" href=\"https:\/\/www.eldiario.net\/portal\/2026\/02\/05\/ucrania-rusia-y-eeuu-comienzan-una-nueva-ronda-de-contactos-en-abu-dabi\/\" \/>\n<meta property=\"og:locale\" content=\"es_ES\" \/>\n<meta property=\"og:type\" content=\"article\" \/>\n<meta property=\"og:title\" content=\"Ucrania, Rusia y EEUU comienzan una nueva ronda de contactos en Abu Dabi - El Diario - Bolivia\" \/>\n<meta property=\"og:description\" content=\"Ucrania, Rusia y Estados Unidos comenzaron una nueva ronda de contactos que acoge Emiratos \u00c1rabes Unidos, en la segunda ronda de conversaciones a tres bandas para cerrar las cuestiones m\u00e1s espinosas de un eventual acuerdo de paz. \u00abHa comenzado otra ronda de negociaciones en Abu Dabi\u00bb, ha confirmado el secretario del Consejo Nacional de Defensa [&hellip;]\" \/>\n<meta property=\"og:url\" content=\"https:\/\/www.eldiario.net\/portal\/2026\/02\/05\/ucrania-rusia-y-eeuu-comienzan-una-nueva-ronda-de-contactos-en-abu-dabi\/\" \/>\n<meta property=\"og:site_name\" content=\"El Diario - Bolivia\" \/>\n<meta property=\"article:publisher\" content=\"https:\/\/www.facebook.com\/eldiario.bolivia\/\" \/>\n<meta property=\"article:published_time\" content=\"2026-02-05T10:05:50+00:00\" \/>\n<meta property=\"og:image\" content=\"https:\/\/www.eldiario.net\/portal\/wp-content\/uploads\/2026\/02\/UCRANIA-FOTO-1.webp\" \/>\n\t<meta property=\"og:image:width\" content=\"1638\" \/>\n\t<meta property=\"og:image:height\" content=\"910\" \/>\n\t<meta property=\"og:image:type\" content=\"image\/webp\" \/>\n<meta name=\"author\" content=\"Jeanette\" \/>\n<meta name=\"twitter:card\" content=\"summary_large_image\" \/>\n<meta name=\"twitter:creator\" content=\"@eldiario_net\" \/>\n<meta name=\"twitter:site\" content=\"@eldiario_net\" \/>\n<meta name=\"twitter:label1\" content=\"Escrito por\" \/>\n\t<meta name=\"twitter:data1\" content=\"Jeanette\" \/>\n\t<meta name=\"twitter:label2\" content=\"Tiempo de lectura\" \/>\n\t<meta name=\"twitter:data2\" content=\"2 minutos\" \/>\n<script type=\"application\/ld+json\" class=\"yoast-schema-graph\">{\"@context\":\"https:\\\/\\\/schema.org\",\"@graph\":[{\"@type\":\"Article\",\"@id\":\"https:\\\/\\\/www.eldiario.net\\\/portal\\\/2026\\\/02\\\/05\\\/ucrania-rusia-y-eeuu-comienzan-una-nueva-ronda-de-contactos-en-abu-dabi\\\/#article\",\"isPartOf\":{\"@id\":\"https:\\\/\\\/www.eldiario.net\\\/portal\\\/2026\\\/02\\\/05\\\/ucrania-rusia-y-eeuu-comienzan-una-nueva-ronda-de-contactos-en-abu-dabi\\\/\"},\"author\":{\"name\":\"Jeanette\",\"@id\":\"https:\\\/\\\/www.eldiario.net\\\/portal\\\/#\\\/schema\\\/person\\\/f46445640444750d7d753ccd04ae01b7\"},\"headline\":\"Ucrania, Rusia y EEUU comienzan una nueva ronda de contactos en Abu Dabi\",\"datePublished\":\"2026-02-05T10:05:50+00:00\",\"mainEntityOfPage\":{\"@id\":\"https:\\\/\\\/www.eldiario.net\\\/portal\\\/2026\\\/02\\\/05\\\/ucrania-rusia-y-eeuu-comienzan-una-nueva-ronda-de-contactos-en-abu-dabi\\\/\"},\"wordCount\":303,\"publisher\":{\"@id\":\"https:\\\/\\\/www.eldiario.net\\\/portal\\\/#organization\"},\"image\":{\"@id\":\"https:\\\/\\\/www.eldiario.net\\\/portal\\\/2026\\\/02\\\/05\\\/ucrania-rusia-y-eeuu-comienzan-una-nueva-ronda-de-contactos-en-abu-dabi\\\/#primaryimage\"},\"thumbnailUrl\":\"https:\\\/\\\/www.eldiario.net\\\/portal\\\/wp-content\\\/uploads\\\/2026\\\/02\\\/UCRANIA-FOTO-1.webp\",\"articleSection\":[\"Portada\"],\"inLanguage\":\"es\"},{\"@type\":\"WebPage\",\"@id\":\"https:\\\/\\\/www.eldiario.net\\\/portal\\\/2026\\\/02\\\/05\\\/ucrania-rusia-y-eeuu-comienzan-una-nueva-ronda-de-contactos-en-abu-dabi\\\/\",\"url\":\"https:\\\/\\\/www.eldiario.net\\\/portal\\\/2026\\\/02\\\/05\\\/ucrania-rusia-y-eeuu-comienzan-una-nueva-ronda-de-contactos-en-abu-dabi\\\/\",\"name\":\"Ucrania, Rusia y EEUU comienzan una nueva ronda de contactos en Abu Dabi - El Diario - Bolivia\",\"isPartOf\":{\"@id\":\"https:\\\/\\\/www.eldiario.net\\\/portal\\\/#website\"},\"primaryImageOfPage\":{\"@id\":\"https:\\\/\\\/www.eldiario.net\\\/portal\\\/2026\\\/02\\\/05\\\/ucrania-rusia-y-eeuu-comienzan-una-nueva-ronda-de-contactos-en-abu-dabi\\\/#primaryimage\"},\"image\":{\"@id\":\"https:\\\/\\\/www.eldiario.net\\\/portal\\\/2026\\\/02\\\/05\\\/ucrania-rusia-y-eeuu-comienzan-una-nueva-ronda-de-contactos-en-abu-dabi\\\/#primaryimage\"},\"thumbnailUrl\":\"https:\\\/\\\/www.eldiario.net\\\/portal\\\/wp-content\\\/uploads\\\/2026\\\/02\\\/UCRANIA-FOTO-1.webp\",\"datePublished\":\"2026-02-05T10:05:50+00:00\",\"breadcrumb\":{\"@id\":\"https:\\\/\\\/www.eldiario.net\\\/portal\\\/2026\\\/02\\\/05\\\/ucrania-rusia-y-eeuu-comienzan-una-nueva-ronda-de-contactos-en-abu-dabi\\\/#breadcrumb\"},\"inLanguage\":\"es\",\"potentialAction\":[{\"@type\":\"ReadAction\",\"target\":[\"https:\\\/\\\/www.eldiario.net\\\/portal\\\/2026\\\/02\\\/05\\\/ucrania-rusia-y-eeuu-comienzan-una-nueva-ronda-de-contactos-en-abu-dabi\\\/\"]}]},{\"@type\":\"ImageObject\",\"inLanguage\":\"es\",\"@id\":\"https:\\\/\\\/www.eldiario.net\\\/portal\\\/2026\\\/02\\\/05\\\/ucrania-rusia-y-eeuu-comienzan-una-nueva-ronda-de-contactos-en-abu-dabi\\\/#primaryimage\",\"url\":\"https:\\\/\\\/www.eldiario.net\\\/portal\\\/wp-content\\\/uploads\\\/2026\\\/02\\\/UCRANIA-FOTO-1.webp\",\"contentUrl\":\"https:\\\/\\\/www.eldiario.net\\\/portal\\\/wp-content\\\/uploads\\\/2026\\\/02\\\/UCRANIA-FOTO-1.webp\",\"width\":1638,\"height\":910,\"caption\":\"REFERENCIAL. FOTO: MINISTERIO DE DEFENSA UCRANIA.\"},{\"@type\":\"BreadcrumbList\",\"@id\":\"https:\\\/\\\/www.eldiario.net\\\/portal\\\/2026\\\/02\\\/05\\\/ucrania-rusia-y-eeuu-comienzan-una-nueva-ronda-de-contactos-en-abu-dabi\\\/#breadcrumb\",\"itemListElement\":[{\"@type\":\"ListItem\",\"position\":1,\"name\":\"Portada\",\"item\":\"https:\\\/\\\/www.eldiario.net\\\/portal\\\/\"},{\"@type\":\"ListItem\",\"position\":2,\"name\":\"Ucrania, Rusia y EEUU comienzan una nueva ronda de contactos en Abu Dabi\"}]},{\"@type\":\"WebSite\",\"@id\":\"https:\\\/\\\/www.eldiario.net\\\/portal\\\/#website\",\"url\":\"https:\\\/\\\/www.eldiario.net\\\/portal\\\/\",\"name\":\"El Diario - Decano de la prensa nacional\",\"description\":\"El Diario - Decano de la prensa nacional\",\"publisher\":{\"@id\":\"https:\\\/\\\/www.eldiario.net\\\/portal\\\/#organization\"},\"potentialAction\":[{\"@type\":\"SearchAction\",\"target\":{\"@type\":\"EntryPoint\",\"urlTemplate\":\"https:\\\/\\\/www.eldiario.net\\\/portal\\\/?s={search_term_string}\"},\"query-input\":{\"@type\":\"PropertyValueSpecification\",\"valueRequired\":true,\"valueName\":\"search_term_string\"}}],\"inLanguage\":\"es\"},{\"@type\":\"Organization\",\"@id\":\"https:\\\/\\\/www.eldiario.net\\\/portal\\\/#organization\",\"name\":\"El Diario - Decano de la prensa nacional\",\"url\":\"https:\\\/\\\/www.eldiario.net\\\/portal\\\/\",\"logo\":{\"@type\":\"ImageObject\",\"inLanguage\":\"es\",\"@id\":\"https:\\\/\\\/www.eldiario.net\\\/portal\\\/#\\\/schema\\\/logo\\\/image\\\/\",\"url\":\"https:\\\/\\\/www.eldiario.net\\\/portal\\\/wp-content\\\/uploads\\\/2023\\\/07\\\/logo_ED.jpg\",\"contentUrl\":\"https:\\\/\\\/www.eldiario.net\\\/portal\\\/wp-content\\\/uploads\\\/2023\\\/07\\\/logo_ED.jpg\",\"width\":272,\"height\":52,\"caption\":\"El Diario - Decano de la prensa nacional\"},\"image\":{\"@id\":\"https:\\\/\\\/www.eldiario.net\\\/portal\\\/#\\\/schema\\\/logo\\\/image\\\/\"},\"sameAs\":[\"https:\\\/\\\/www.facebook.com\\\/eldiario.bolivia\\\/\",\"https:\\\/\\\/x.com\\\/eldiario_net\"]},{\"@type\":\"Person\",\"@id\":\"https:\\\/\\\/www.eldiario.net\\\/portal\\\/#\\\/schema\\\/person\\\/f46445640444750d7d753ccd04ae01b7\",\"name\":\"Jeanette\",\"image\":{\"@type\":\"ImageObject\",\"inLanguage\":\"es\",\"@id\":\"https:\\\/\\\/secure.gravatar.com\\\/avatar\\\/3ea2118a5f7dad2b7138b1187a6b7ee55f160b9968b66013c3a3ef39dd7e5798?s=96&d=mm&r=g\",\"url\":\"https:\\\/\\\/secure.gravatar.com\\\/avatar\\\/3ea2118a5f7dad2b7138b1187a6b7ee55f160b9968b66013c3a3ef39dd7e5798?s=96&d=mm&r=g\",\"contentUrl\":\"https:\\\/\\\/secure.gravatar.com\\\/avatar\\\/3ea2118a5f7dad2b7138b1187a6b7ee55f160b9968b66013c3a3ef39dd7e5798?s=96&d=mm&r=g\",\"caption\":\"Jeanette\"},\"sameAs\":[\"https:\\\/\\\/www.eldiario.net\\\/portal\"],\"url\":\"https:\\\/\\\/www.eldiario.net\\\/portal\\\/author\\\/jeanette\\\/\"}]}<\/script>\n<!-- \/ Yoast SEO plugin. -->","yoast_head_json":{"title":"Ucrania, Rusia y EEUU comienzan una nueva ronda de contactos en Abu Dabi - El Diario - Bolivia","robots":{"index":"index","follow":"follow","max-snippet":"max-snippet:-1","max-image-preview":"max-image-preview:large","max-video-preview":"max-video-preview:-1"},"canonical":"https:\/\/www.eldiario.net\/portal\/2026\/02\/05\/ucrania-rusia-y-eeuu-comienzan-una-nueva-ronda-de-contactos-en-abu-dabi\/","og_locale":"es_ES","og_type":"article","og_title":"Ucrania, Rusia y EEUU comienzan una nueva ronda de contactos en Abu Dabi - El Diario - Bolivia","og_description":"Ucrania, Rusia y Estados Unidos comenzaron una nueva ronda de contactos que acoge Emiratos \u00c1rabes Unidos, en la segunda ronda de conversaciones a tres bandas para cerrar las cuestiones m\u00e1s espinosas de un eventual acuerdo de paz. \u00abHa comenzado otra ronda de negociaciones en Abu Dabi\u00bb, ha confirmado el secretario del Consejo Nacional de Defensa [&hellip;]","og_url":"https:\/\/www.eldiario.net\/portal\/2026\/02\/05\/ucrania-rusia-y-eeuu-comienzan-una-nueva-ronda-de-contactos-en-abu-dabi\/","og_site_name":"El Diario - Bolivia","article_publisher":"https:\/\/www.facebook.com\/eldiario.bolivia\/","article_published_time":"2026-02-05T10:05:50+00:00","og_image":[{"width":1638,"height":910,"url":"https:\/\/www.eldiario.net\/portal\/wp-content\/uploads\/2026\/02\/UCRANIA-FOTO-1.webp","type":"image\/webp"}],"author":"Jeanette","twitter_card":"summary_large_image","twitter_creator":"@eldiario_net","twitter_site":"@eldiario_net","twitter_misc":{"Escrito por":"Jeanette","Tiempo de lectura":"2 minutos"},"schema":{"@context":"https:\/\/schema.org","@graph":[{"@type":"Article","@id":"https:\/\/www.eldiario.net\/portal\/2026\/02\/05\/ucrania-rusia-y-eeuu-comienzan-una-nueva-ronda-de-contactos-en-abu-dabi\/#article","isPartOf":{"@id":"https:\/\/www.eldiario.net\/portal\/2026\/02\/05\/ucrania-rusia-y-eeuu-comienzan-una-nueva-ronda-de-contactos-en-abu-dabi\/"},"author":{"name":"Jeanette","@id":"https:\/\/www.eldiario.net\/portal\/#\/schema\/person\/f46445640444750d7d753ccd04ae01b7"},"headline":"Ucrania, Rusia y EEUU comienzan una nueva ronda de contactos en Abu Dabi","datePublished":"2026-02-05T10:05:50+00:00","mainEntityOfPage":{"@id":"https:\/\/www.eldiario.net\/portal\/2026\/02\/05\/ucrania-rusia-y-eeuu-comienzan-una-nueva-ronda-de-contactos-en-abu-dabi\/"},"wordCount":303,"publisher":{"@id":"https:\/\/www.eldiario.net\/portal\/#organization"},"image":{"@id":"https:\/\/www.eldiario.net\/portal\/2026\/02\/05\/ucrania-rusia-y-eeuu-comienzan-una-nueva-ronda-de-contactos-en-abu-dabi\/#primaryimage"},"thumbnailUrl":"https:\/\/www.eldiario.net\/portal\/wp-content\/uploads\/2026\/02\/UCRANIA-FOTO-1.webp","articleSection":["Portada"],"inLanguage":"es"},{"@type":"WebPage","@id":"https:\/\/www.eldiario.net\/portal\/2026\/02\/05\/ucrania-rusia-y-eeuu-comienzan-una-nueva-ronda-de-contactos-en-abu-dabi\/","url":"https:\/\/www.eldiario.net\/portal\/2026\/02\/05\/ucrania-rusia-y-eeuu-comienzan-una-nueva-ronda-de-contactos-en-abu-dabi\/","name":"Ucrania, Rusia y EEUU comienzan una nueva ronda de contactos en Abu Dabi - El Diario - Bolivia","isPartOf":{"@id":"https:\/\/www.eldiario.net\/portal\/#website"},"primaryImageOfPage":{"@id":"https:\/\/www.eldiario.net\/portal\/2026\/02\/05\/ucrania-rusia-y-eeuu-comienzan-una-nueva-ronda-de-contactos-en-abu-dabi\/#primaryimage"},"image":{"@id":"https:\/\/www.eldiario.net\/portal\/2026\/02\/05\/ucrania-rusia-y-eeuu-comienzan-una-nueva-ronda-de-contactos-en-abu-dabi\/#primaryimage"},"thumbnailUrl":"https:\/\/www.eldiario.net\/portal\/wp-content\/uploads\/2026\/02\/UCRANIA-FOTO-1.webp","datePublished":"2026-02-05T10:05:50+00:00","breadcrumb":{"@id":"https:\/\/www.eldiario.net\/portal\/2026\/02\/05\/ucrania-rusia-y-eeuu-comienzan-una-nueva-ronda-de-contactos-en-abu-dabi\/#breadcrumb"},"inLanguage":"es","potentialAction":[{"@type":"ReadAction","target":["https:\/\/www.eldiario.net\/portal\/2026\/02\/05\/ucrania-rusia-y-eeuu-comienzan-una-nueva-ronda-de-contactos-en-abu-dabi\/"]}]},{"@type":"ImageObject","inLanguage":"es","@id":"https:\/\/www.eldiario.net\/portal\/2026\/02\/05\/ucrania-rusia-y-eeuu-comienzan-una-nueva-ronda-de-contactos-en-abu-dabi\/#primaryimage","url":"https:\/\/www.eldiario.net\/portal\/wp-content\/uploads\/2026\/02\/UCRANIA-FOTO-1.webp","contentUrl":"https:\/\/www.eldiario.net\/portal\/wp-content\/uploads\/2026\/02\/UCRANIA-FOTO-1.webp","width":1638,"height":910,"caption":"REFERENCIAL. FOTO: MINISTERIO DE DEFENSA UCRANIA."},{"@type":"BreadcrumbList","@id":"https:\/\/www.eldiario.net\/portal\/2026\/02\/05\/ucrania-rusia-y-eeuu-comienzan-una-nueva-ronda-de-contactos-en-abu-dabi\/#breadcrumb","itemListElement":[{"@type":"ListItem","position":1,"name":"Portada","item":"https:\/\/www.eldiario.net\/portal\/"},{"@type":"ListItem","position":2,"name":"Ucrania, Rusia y EEUU comienzan una nueva ronda de contactos en Abu Dabi"}]},{"@type":"WebSite","@id":"https:\/\/www.eldiario.net\/portal\/#website","url":"https:\/\/www.eldiario.net\/portal\/","name":"El Diario - Decano de la prensa nacional","description":"El Diario - Decano de la prensa nacional","publisher":{"@id":"https:\/\/www.eldiario.net\/portal\/#organization"},"potentialAction":[{"@type":"SearchAction","target":{"@type":"EntryPoint","urlTemplate":"https:\/\/www.eldiario.net\/portal\/?s={search_term_string}"},"query-input":{"@type":"PropertyValueSpecification","valueRequired":true,"valueName":"search_term_string"}}],"inLanguage":"es"},{"@type":"Organization","@id":"https:\/\/www.eldiario.net\/portal\/#organization","name":"El Diario - Decano de la prensa nacional","url":"https:\/\/www.eldiario.net\/portal\/","logo":{"@type":"ImageObject","inLanguage":"es","@id":"https:\/\/www.eldiario.net\/portal\/#\/schema\/logo\/image\/","url":"https:\/\/www.eldiario.net\/portal\/wp-content\/uploads\/2023\/07\/logo_ED.jpg","contentUrl":"https:\/\/www.eldiario.net\/portal\/wp-content\/uploads\/2023\/07\/logo_ED.jpg","width":272,"height":52,"caption":"El Diario - Decano de la prensa nacional"},"image":{"@id":"https:\/\/www.eldiario.net\/portal\/#\/schema\/logo\/image\/"},"sameAs":["https:\/\/www.facebook.com\/eldiario.bolivia\/","https:\/\/x.com\/eldiario_net"]},{"@type":"Person","@id":"https:\/\/www.eldiario.net\/portal\/#\/schema\/person\/f46445640444750d7d753ccd04ae01b7","name":"Jeanette","image":{"@type":"ImageObject","inLanguage":"es","@id":"https:\/\/secure.gravatar.com\/avatar\/3ea2118a5f7dad2b7138b1187a6b7ee55f160b9968b66013c3a3ef39dd7e5798?s=96&d=mm&r=g","url":"https:\/\/secure.gravatar.com\/avatar\/3ea2118a5f7dad2b7138b1187a6b7ee55f160b9968b66013c3a3ef39dd7e5798?s=96&d=mm&r=g","contentUrl":"https:\/\/secure.gravatar.com\/avatar\/3ea2118a5f7dad2b7138b1187a6b7ee55f160b9968b66013c3a3ef39dd7e5798?s=96&d=mm&r=g","caption":"Jeanette"},"sameAs":["https:\/\/www.eldiario.net\/portal"],"url":"https:\/\/www.eldiario.net\/portal\/author\/jeanette\/"}]}},"_links":{"self":[{"href":"https:\/\/www.eldiario.net\/portal\/wp-json\/wp\/v2\/posts\/365778","targetHints":{"allow":["GET"]}}],"collection":[{"href":"https:\/\/www.eldiario.net\/portal\/wp-json\/wp\/v2\/posts"}],"about":[{"href":"https:\/\/www.eldiario.net\/portal\/wp-json\/wp\/v2\/types\/post"}],"author":[{"embeddable":true,"href":"https:\/\/www.eldiario.net\/portal\/wp-json\/wp\/v2\/users\/1"}],"replies":[{"embeddable":true,"href":"https:\/\/www.eldiario.net\/portal\/wp-json\/wp\/v2\/comments?post=365778"}],"version-history":[{"count":1,"href":"https:\/\/www.eldiario.net\/portal\/wp-json\/wp\/v2\/posts\/365778\/revisions"}],"predecessor-version":[{"id":365780,"href":"https:\/\/www.eldiario.net\/portal\/wp-json\/wp\/v2\/posts\/365778\/revisions\/365780"}],"wp:featuredmedia":[{"embeddable":true,"href":"https:\/\/www.eldiario.net\/portal\/wp-json\/wp\/v2\/media\/365779"}],"wp:attachment":[{"href":"https:\/\/www.eldiario.net\/portal\/wp-json\/wp\/v2\/media?parent=365778"}],"wp:term":[{"taxonomy":"category","embeddable":true,"href":"https:\/\/www.eldiario.net\/portal\/wp-json\/wp\/v2\/categories?post=365778"},{"taxonomy":"post_tag","embeddable":true,"href":"https:\/\/www.eldiario.net\/portal\/wp-json\/wp\/v2\/tags?post=365778"}],"curies":[{"name":"wp","href":"https:\/\/api.w.org\/{rel}","templated":true}]}}