{"id":365327,"date":"2026-02-03T06:22:12","date_gmt":"2026-02-03T10:22:12","guid":{"rendered":"https:\/\/www.eldiario.net\/portal\/?p=365327"},"modified":"2026-02-03T06:22:12","modified_gmt":"2026-02-03T10:22:12","slug":"gobierno-espera-la-unificacion-del-tipo-de-cambio-en-este-ano","status":"publish","type":"post","link":"https:\/\/www.eldiario.net\/portal\/2026\/02\/03\/gobierno-espera-la-unificacion-del-tipo-de-cambio-en-este-ano\/","title":{"rendered":"Gobierno espera la unificaci\u00f3n  del tipo de cambio en este a\u00f1o"},"content":{"rendered":"<p>En un movimiento clave para la estabilidad monetaria, el Gobierno boliviano busca consolidar un tipo de cambio \u00fanico este 2026. El ministro Gabriel Espinoza, si bien mantuvo la cautela sobre la fecha exacta para alcanzar este prop\u00f3sito, dej\u00f3 clara la determinaci\u00f3n del Ejecutivo por normalizar el mercado de divisas en el corto plazo.<\/p>\n<p>&nbsp;<\/p>\n<p>El titular de Econom\u00eda, inform\u00f3 que el mercado paralelo de divisas ha iniciado el a\u00f1o con una tendencia a la estabilizaci\u00f3n, situ\u00e1ndose en un rango de entre Bs 9,20 y Bs 9,30. Enfatiz\u00f3 que la prioridad de su gesti\u00f3n es la convergencia hacia un tipo de cambio unificado, advirtiendo que la multiplicidad de cotizaciones representa una distorsi\u00f3n que impide el funcionamiento eficiente del sistema econ\u00f3mico.<\/p>\n<p>&nbsp;<\/p>\n<p>La autoridad adelant\u00f3 que el Gobierno perfila una transici\u00f3n hacia un sistema de tipo de cambio unificado y flotante, donde el valor de la divisa sea determinado exclusivamente por las fuerzas del mercado. As\u00ed lo confirm\u00f3 el Ministro Espinoza, quien situ\u00f3 esta reforma como un pilar estrat\u00e9gico en su reciente balance de gesti\u00f3n sobre el futuro de la pol\u00edtica cambiaria en Bolivia.<\/p>\n<p>&nbsp;<\/p>\n<p>El ministro Espinoza ratific\u00f3 que la hoja de ruta del Ejecutivo apunta hacia la unificaci\u00f3n cambiaria. Este modelo busca converger en un tipo de cambio \u00fanico donde la cotizaci\u00f3n de la divisa sea determinada por las din\u00e1micas de oferta y demanda del mercado, eliminando as\u00ed las distorsiones actuales.<\/p>\n<p>&nbsp;<\/p>\n<p>La postura del Gobierno es \u201cla transici\u00f3n hacia un tipo de cambio unificado bajo un esquema de flotaci\u00f3n\u201d, declar\u00f3 la autoridad ante la prensa. El funcionario precis\u00f3 que la cotizaci\u00f3n debe determinarse org\u00e1nicamente, ajust\u00e1ndose a la din\u00e1mica de oferta y demanda de divisas dentro del mercado nacional.<\/p>\n<p>&nbsp;<\/p>\n<p>Espinoza subray\u00f3 que este tipo de ajustes estrat\u00e9gicos suelen ejecutarse sin previo aviso para evitar especulaciones. No obstante, el funcionario manifest\u00f3 su optimismo respecto a que la reforma de la pol\u00edtica cambiaria se materialice en el transcurso del presente a\u00f1o.<\/p>\n<p>&nbsp;<\/p>\n<p>Bolivia ha sostenido un esquema de tipo de cambio fijo durante m\u00e1s de una d\u00e9cada, manteniendo inalterable la cotizaci\u00f3n oficial de Bs 6,96 para la venta y Bs 6,86 para la compra desde noviembre de 2011. Esta pol\u00edtica, que oper\u00f3 sin fisuras en el mercado cambiario hasta el 2023, se consolid\u00f3 como el eje gravitacional del modelo econ\u00f3mico boliviano, actuando como un ancla de estabilidad que permiti\u00f3 controlar la inflaci\u00f3n y brindar certidumbre a los agentes financieros durante un periodo de relativa calma cambiaria.<\/p>\n<p>&nbsp;<\/p>\n<p>El panorama econ\u00f3mico experiment\u00f3 un quiebre cr\u00edtico cuando la agudizaci\u00f3n de la crisis, alimentada por una severa escasez de divisas y una demanda asfixiante, fractur\u00f3 el sistema cambiario vigente. Esta presi\u00f3n desencaden\u00f3 la emergencia de un mercado paralelo de divisas que alcanz\u00f3 niveles hist\u00f3ricos, llevando la cotizaci\u00f3n del d\u00f3lar a rozar los Bs 20 en su punto m\u00e1s \u00e1lgido, de acuerdo con los reportes de transacciones del sector informal.<\/p>\n<p>&nbsp;<\/p>\n<p>En respuesta a la actual coyuntura, el Banco Central de Bolivia (BCB) estableci\u00f3 una cotizaci\u00f3n referencial de mercado que sirve como ancla para las expectativas cambiarias, situando el d\u00f3lar esta semana en Bs 8,64 para la compra y Bs 8,82 para la venta. Estas cifras reflejan un ligero repunte respecto al cierre del viernes previo, cuando la divisa cotizaba en Bs 8,59 y Bs 8,77 respectivamente, marcando as\u00ed una tendencia de ajuste al alza en las operaciones financieras del pa\u00eds.<\/p>\n<p>&nbsp;<\/p>\n<p>La fluctuaci\u00f3n en la cotizaci\u00f3n referencial evidencia el protagonismo que ha recobrado el mercado en la determinaci\u00f3n del valor de la divisa. Para el Ejecutivo, esta din\u00e1mica no es fortuita, sino que valida la hoja de ruta hacia un r\u00e9gimen de tipo de cambio flotante, donde la oferta y la demanda dicten el nuevo equilibrio monetario.<\/p>\n<p>&nbsp;<\/p>\n<p>El Gobierno apuesta por un sistema unificado para terminar con la dualidad cambiaria y estabilizar el valor de la moneda. Pese a la expectativa, la arquitectura definitiva de esta medida sigue en fase de evaluaci\u00f3n, mientras las autoridades sopesan los riesgos de volatilidad.<\/p>\n","protected":false},"excerpt":{"rendered":"<p>En un movimiento clave para la estabilidad monetaria, el Gobierno boliviano busca consolidar un tipo de cambio \u00fanico este 2026. El ministro Gabriel Espinoza, si bien mantuvo la cautela sobre la fecha exacta para alcanzar este prop\u00f3sito, dej\u00f3 clara la determinaci\u00f3n del Ejecutivo por normalizar el mercado de divisas en el corto plazo. &nbsp; El [&hellip;]<\/p>\n","protected":false},"author":1,"featured_media":365328,"comment_status":"closed","ping_status":"open","sticky":false,"template":"","format":"standard","meta":{"_acf_changed":false,"footnotes":""},"categories":[7],"tags":[],"class_list":["post-365327","post","type-post","status-publish","format-standard","has-post-thumbnail","category-economia"],"acf":{"antetitulo":""},"yoast_head":"<!-- This site is optimized with the Yoast SEO plugin v28.4 - https:\/\/yoast.com\/product\/yoast-seo-wordpress\/ -->\n<title>Gobierno espera la unificaci\u00f3n del tipo de cambio en este a\u00f1o - El Diario - Bolivia<\/title>\n<meta name=\"robots\" content=\"index, follow, max-snippet:-1, max-image-preview:large, max-video-preview:-1\" \/>\n<link rel=\"canonical\" href=\"https:\/\/www.eldiario.net\/portal\/2026\/02\/03\/gobierno-espera-la-unificacion-del-tipo-de-cambio-en-este-ano\/\" \/>\n<meta property=\"og:locale\" content=\"es_ES\" \/>\n<meta property=\"og:type\" content=\"article\" \/>\n<meta property=\"og:title\" content=\"Gobierno espera la unificaci\u00f3n del tipo de cambio en este a\u00f1o - El Diario - Bolivia\" \/>\n<meta property=\"og:description\" content=\"En un movimiento clave para la estabilidad monetaria, el Gobierno boliviano busca consolidar un tipo de cambio \u00fanico este 2026. El ministro Gabriel Espinoza, si bien mantuvo la cautela sobre la fecha exacta para alcanzar este prop\u00f3sito, dej\u00f3 clara la determinaci\u00f3n del Ejecutivo por normalizar el mercado de divisas en el corto plazo. &nbsp; El [&hellip;]\" \/>\n<meta property=\"og:url\" content=\"https:\/\/www.eldiario.net\/portal\/2026\/02\/03\/gobierno-espera-la-unificacion-del-tipo-de-cambio-en-este-ano\/\" \/>\n<meta property=\"og:site_name\" content=\"El Diario - Bolivia\" \/>\n<meta property=\"article:publisher\" content=\"https:\/\/www.facebook.com\/eldiario.bolivia\/\" \/>\n<meta property=\"article:published_time\" content=\"2026-02-03T10:22:12+00:00\" \/>\n<meta property=\"og:image\" content=\"https:\/\/www.eldiario.net\/portal\/wp-content\/uploads\/2026\/02\/DOLAR-FOTO.webp\" \/>\n\t<meta property=\"og:image:width\" content=\"800\" \/>\n\t<meta property=\"og:image:height\" content=\"533\" \/>\n\t<meta property=\"og:image:type\" content=\"image\/webp\" \/>\n<meta name=\"author\" content=\"Jeanette\" \/>\n<meta name=\"twitter:card\" content=\"summary_large_image\" \/>\n<meta name=\"twitter:creator\" content=\"@eldiario_net\" \/>\n<meta name=\"twitter:site\" content=\"@eldiario_net\" \/>\n<meta name=\"twitter:label1\" content=\"Escrito por\" \/>\n\t<meta name=\"twitter:data1\" content=\"Jeanette\" \/>\n\t<meta name=\"twitter:label2\" content=\"Tiempo de lectura\" \/>\n\t<meta name=\"twitter:data2\" content=\"4 minutos\" \/>\n<script type=\"application\/ld+json\" class=\"yoast-schema-graph\">{\"@context\":\"https:\\\/\\\/schema.org\",\"@graph\":[{\"@type\":\"Article\",\"@id\":\"https:\\\/\\\/www.eldiario.net\\\/portal\\\/2026\\\/02\\\/03\\\/gobierno-espera-la-unificacion-del-tipo-de-cambio-en-este-ano\\\/#article\",\"isPartOf\":{\"@id\":\"https:\\\/\\\/www.eldiario.net\\\/portal\\\/2026\\\/02\\\/03\\\/gobierno-espera-la-unificacion-del-tipo-de-cambio-en-este-ano\\\/\"},\"author\":{\"name\":\"Jeanette\",\"@id\":\"https:\\\/\\\/www.eldiario.net\\\/portal\\\/#\\\/schema\\\/person\\\/f46445640444750d7d753ccd04ae01b7\"},\"headline\":\"Gobierno espera la unificaci\u00f3n del tipo de cambio en este a\u00f1o\",\"datePublished\":\"2026-02-03T10:22:12+00:00\",\"mainEntityOfPage\":{\"@id\":\"https:\\\/\\\/www.eldiario.net\\\/portal\\\/2026\\\/02\\\/03\\\/gobierno-espera-la-unificacion-del-tipo-de-cambio-en-este-ano\\\/\"},\"wordCount\":706,\"publisher\":{\"@id\":\"https:\\\/\\\/www.eldiario.net\\\/portal\\\/#organization\"},\"image\":{\"@id\":\"https:\\\/\\\/www.eldiario.net\\\/portal\\\/2026\\\/02\\\/03\\\/gobierno-espera-la-unificacion-del-tipo-de-cambio-en-este-ano\\\/#primaryimage\"},\"thumbnailUrl\":\"https:\\\/\\\/www.eldiario.net\\\/portal\\\/wp-content\\\/uploads\\\/2026\\\/02\\\/DOLAR-FOTO.webp\",\"articleSection\":[\"Econom\u00eda\"],\"inLanguage\":\"es\"},{\"@type\":\"WebPage\",\"@id\":\"https:\\\/\\\/www.eldiario.net\\\/portal\\\/2026\\\/02\\\/03\\\/gobierno-espera-la-unificacion-del-tipo-de-cambio-en-este-ano\\\/\",\"url\":\"https:\\\/\\\/www.eldiario.net\\\/portal\\\/2026\\\/02\\\/03\\\/gobierno-espera-la-unificacion-del-tipo-de-cambio-en-este-ano\\\/\",\"name\":\"Gobierno espera la unificaci\u00f3n del tipo de cambio en este a\u00f1o - El Diario - Bolivia\",\"isPartOf\":{\"@id\":\"https:\\\/\\\/www.eldiario.net\\\/portal\\\/#website\"},\"primaryImageOfPage\":{\"@id\":\"https:\\\/\\\/www.eldiario.net\\\/portal\\\/2026\\\/02\\\/03\\\/gobierno-espera-la-unificacion-del-tipo-de-cambio-en-este-ano\\\/#primaryimage\"},\"image\":{\"@id\":\"https:\\\/\\\/www.eldiario.net\\\/portal\\\/2026\\\/02\\\/03\\\/gobierno-espera-la-unificacion-del-tipo-de-cambio-en-este-ano\\\/#primaryimage\"},\"thumbnailUrl\":\"https:\\\/\\\/www.eldiario.net\\\/portal\\\/wp-content\\\/uploads\\\/2026\\\/02\\\/DOLAR-FOTO.webp\",\"datePublished\":\"2026-02-03T10:22:12+00:00\",\"breadcrumb\":{\"@id\":\"https:\\\/\\\/www.eldiario.net\\\/portal\\\/2026\\\/02\\\/03\\\/gobierno-espera-la-unificacion-del-tipo-de-cambio-en-este-ano\\\/#breadcrumb\"},\"inLanguage\":\"es\",\"potentialAction\":[{\"@type\":\"ReadAction\",\"target\":[\"https:\\\/\\\/www.eldiario.net\\\/portal\\\/2026\\\/02\\\/03\\\/gobierno-espera-la-unificacion-del-tipo-de-cambio-en-este-ano\\\/\"]}]},{\"@type\":\"ImageObject\",\"inLanguage\":\"es\",\"@id\":\"https:\\\/\\\/www.eldiario.net\\\/portal\\\/2026\\\/02\\\/03\\\/gobierno-espera-la-unificacion-del-tipo-de-cambio-en-este-ano\\\/#primaryimage\",\"url\":\"https:\\\/\\\/www.eldiario.net\\\/portal\\\/wp-content\\\/uploads\\\/2026\\\/02\\\/DOLAR-FOTO.webp\",\"contentUrl\":\"https:\\\/\\\/www.eldiario.net\\\/portal\\\/wp-content\\\/uploads\\\/2026\\\/02\\\/DOLAR-FOTO.webp\",\"width\":800,\"height\":533},{\"@type\":\"BreadcrumbList\",\"@id\":\"https:\\\/\\\/www.eldiario.net\\\/portal\\\/2026\\\/02\\\/03\\\/gobierno-espera-la-unificacion-del-tipo-de-cambio-en-este-ano\\\/#breadcrumb\",\"itemListElement\":[{\"@type\":\"ListItem\",\"position\":1,\"name\":\"Portada\",\"item\":\"https:\\\/\\\/www.eldiario.net\\\/portal\\\/\"},{\"@type\":\"ListItem\",\"position\":2,\"name\":\"Gobierno espera la unificaci\u00f3n del tipo de cambio en este a\u00f1o\"}]},{\"@type\":\"WebSite\",\"@id\":\"https:\\\/\\\/www.eldiario.net\\\/portal\\\/#website\",\"url\":\"https:\\\/\\\/www.eldiario.net\\\/portal\\\/\",\"name\":\"El Diario - Decano de la prensa nacional\",\"description\":\"El Diario - Decano de la prensa nacional\",\"publisher\":{\"@id\":\"https:\\\/\\\/www.eldiario.net\\\/portal\\\/#organization\"},\"potentialAction\":[{\"@type\":\"SearchAction\",\"target\":{\"@type\":\"EntryPoint\",\"urlTemplate\":\"https:\\\/\\\/www.eldiario.net\\\/portal\\\/?s={search_term_string}\"},\"query-input\":{\"@type\":\"PropertyValueSpecification\",\"valueRequired\":true,\"valueName\":\"search_term_string\"}}],\"inLanguage\":\"es\"},{\"@type\":\"Organization\",\"@id\":\"https:\\\/\\\/www.eldiario.net\\\/portal\\\/#organization\",\"name\":\"El Diario - Decano de la prensa nacional\",\"url\":\"https:\\\/\\\/www.eldiario.net\\\/portal\\\/\",\"logo\":{\"@type\":\"ImageObject\",\"inLanguage\":\"es\",\"@id\":\"https:\\\/\\\/www.eldiario.net\\\/portal\\\/#\\\/schema\\\/logo\\\/image\\\/\",\"url\":\"https:\\\/\\\/www.eldiario.net\\\/portal\\\/wp-content\\\/uploads\\\/2023\\\/07\\\/logo_ED.jpg\",\"contentUrl\":\"https:\\\/\\\/www.eldiario.net\\\/portal\\\/wp-content\\\/uploads\\\/2023\\\/07\\\/logo_ED.jpg\",\"width\":272,\"height\":52,\"caption\":\"El Diario - Decano de la prensa nacional\"},\"image\":{\"@id\":\"https:\\\/\\\/www.eldiario.net\\\/portal\\\/#\\\/schema\\\/logo\\\/image\\\/\"},\"sameAs\":[\"https:\\\/\\\/www.facebook.com\\\/eldiario.bolivia\\\/\",\"https:\\\/\\\/x.com\\\/eldiario_net\"]},{\"@type\":\"Person\",\"@id\":\"https:\\\/\\\/www.eldiario.net\\\/portal\\\/#\\\/schema\\\/person\\\/f46445640444750d7d753ccd04ae01b7\",\"name\":\"Jeanette\",\"image\":{\"@type\":\"ImageObject\",\"inLanguage\":\"es\",\"@id\":\"https:\\\/\\\/secure.gravatar.com\\\/avatar\\\/3ea2118a5f7dad2b7138b1187a6b7ee55f160b9968b66013c3a3ef39dd7e5798?s=96&d=mm&r=g\",\"url\":\"https:\\\/\\\/secure.gravatar.com\\\/avatar\\\/3ea2118a5f7dad2b7138b1187a6b7ee55f160b9968b66013c3a3ef39dd7e5798?s=96&d=mm&r=g\",\"contentUrl\":\"https:\\\/\\\/secure.gravatar.com\\\/avatar\\\/3ea2118a5f7dad2b7138b1187a6b7ee55f160b9968b66013c3a3ef39dd7e5798?s=96&d=mm&r=g\",\"caption\":\"Jeanette\"},\"sameAs\":[\"https:\\\/\\\/www.eldiario.net\\\/portal\"],\"url\":\"https:\\\/\\\/www.eldiario.net\\\/portal\\\/author\\\/jeanette\\\/\"}]}<\/script>\n<!-- \/ Yoast SEO plugin. -->","yoast_head_json":{"title":"Gobierno espera la unificaci\u00f3n del tipo de cambio en este a\u00f1o - El Diario - Bolivia","robots":{"index":"index","follow":"follow","max-snippet":"max-snippet:-1","max-image-preview":"max-image-preview:large","max-video-preview":"max-video-preview:-1"},"canonical":"https:\/\/www.eldiario.net\/portal\/2026\/02\/03\/gobierno-espera-la-unificacion-del-tipo-de-cambio-en-este-ano\/","og_locale":"es_ES","og_type":"article","og_title":"Gobierno espera la unificaci\u00f3n del tipo de cambio en este a\u00f1o - El Diario - Bolivia","og_description":"En un movimiento clave para la estabilidad monetaria, el Gobierno boliviano busca consolidar un tipo de cambio \u00fanico este 2026. El ministro Gabriel Espinoza, si bien mantuvo la cautela sobre la fecha exacta para alcanzar este prop\u00f3sito, dej\u00f3 clara la determinaci\u00f3n del Ejecutivo por normalizar el mercado de divisas en el corto plazo. &nbsp; El [&hellip;]","og_url":"https:\/\/www.eldiario.net\/portal\/2026\/02\/03\/gobierno-espera-la-unificacion-del-tipo-de-cambio-en-este-ano\/","og_site_name":"El Diario - Bolivia","article_publisher":"https:\/\/www.facebook.com\/eldiario.bolivia\/","article_published_time":"2026-02-03T10:22:12+00:00","og_image":[{"width":800,"height":533,"url":"https:\/\/www.eldiario.net\/portal\/wp-content\/uploads\/2026\/02\/DOLAR-FOTO.webp","type":"image\/webp"}],"author":"Jeanette","twitter_card":"summary_large_image","twitter_creator":"@eldiario_net","twitter_site":"@eldiario_net","twitter_misc":{"Escrito por":"Jeanette","Tiempo de lectura":"4 minutos"},"schema":{"@context":"https:\/\/schema.org","@graph":[{"@type":"Article","@id":"https:\/\/www.eldiario.net\/portal\/2026\/02\/03\/gobierno-espera-la-unificacion-del-tipo-de-cambio-en-este-ano\/#article","isPartOf":{"@id":"https:\/\/www.eldiario.net\/portal\/2026\/02\/03\/gobierno-espera-la-unificacion-del-tipo-de-cambio-en-este-ano\/"},"author":{"name":"Jeanette","@id":"https:\/\/www.eldiario.net\/portal\/#\/schema\/person\/f46445640444750d7d753ccd04ae01b7"},"headline":"Gobierno espera la unificaci\u00f3n del tipo de cambio en este a\u00f1o","datePublished":"2026-02-03T10:22:12+00:00","mainEntityOfPage":{"@id":"https:\/\/www.eldiario.net\/portal\/2026\/02\/03\/gobierno-espera-la-unificacion-del-tipo-de-cambio-en-este-ano\/"},"wordCount":706,"publisher":{"@id":"https:\/\/www.eldiario.net\/portal\/#organization"},"image":{"@id":"https:\/\/www.eldiario.net\/portal\/2026\/02\/03\/gobierno-espera-la-unificacion-del-tipo-de-cambio-en-este-ano\/#primaryimage"},"thumbnailUrl":"https:\/\/www.eldiario.net\/portal\/wp-content\/uploads\/2026\/02\/DOLAR-FOTO.webp","articleSection":["Econom\u00eda"],"inLanguage":"es"},{"@type":"WebPage","@id":"https:\/\/www.eldiario.net\/portal\/2026\/02\/03\/gobierno-espera-la-unificacion-del-tipo-de-cambio-en-este-ano\/","url":"https:\/\/www.eldiario.net\/portal\/2026\/02\/03\/gobierno-espera-la-unificacion-del-tipo-de-cambio-en-este-ano\/","name":"Gobierno espera la unificaci\u00f3n del tipo de cambio en este a\u00f1o - El Diario - Bolivia","isPartOf":{"@id":"https:\/\/www.eldiario.net\/portal\/#website"},"primaryImageOfPage":{"@id":"https:\/\/www.eldiario.net\/portal\/2026\/02\/03\/gobierno-espera-la-unificacion-del-tipo-de-cambio-en-este-ano\/#primaryimage"},"image":{"@id":"https:\/\/www.eldiario.net\/portal\/2026\/02\/03\/gobierno-espera-la-unificacion-del-tipo-de-cambio-en-este-ano\/#primaryimage"},"thumbnailUrl":"https:\/\/www.eldiario.net\/portal\/wp-content\/uploads\/2026\/02\/DOLAR-FOTO.webp","datePublished":"2026-02-03T10:22:12+00:00","breadcrumb":{"@id":"https:\/\/www.eldiario.net\/portal\/2026\/02\/03\/gobierno-espera-la-unificacion-del-tipo-de-cambio-en-este-ano\/#breadcrumb"},"inLanguage":"es","potentialAction":[{"@type":"ReadAction","target":["https:\/\/www.eldiario.net\/portal\/2026\/02\/03\/gobierno-espera-la-unificacion-del-tipo-de-cambio-en-este-ano\/"]}]},{"@type":"ImageObject","inLanguage":"es","@id":"https:\/\/www.eldiario.net\/portal\/2026\/02\/03\/gobierno-espera-la-unificacion-del-tipo-de-cambio-en-este-ano\/#primaryimage","url":"https:\/\/www.eldiario.net\/portal\/wp-content\/uploads\/2026\/02\/DOLAR-FOTO.webp","contentUrl":"https:\/\/www.eldiario.net\/portal\/wp-content\/uploads\/2026\/02\/DOLAR-FOTO.webp","width":800,"height":533},{"@type":"BreadcrumbList","@id":"https:\/\/www.eldiario.net\/portal\/2026\/02\/03\/gobierno-espera-la-unificacion-del-tipo-de-cambio-en-este-ano\/#breadcrumb","itemListElement":[{"@type":"ListItem","position":1,"name":"Portada","item":"https:\/\/www.eldiario.net\/portal\/"},{"@type":"ListItem","position":2,"name":"Gobierno espera la unificaci\u00f3n del tipo de cambio en este a\u00f1o"}]},{"@type":"WebSite","@id":"https:\/\/www.eldiario.net\/portal\/#website","url":"https:\/\/www.eldiario.net\/portal\/","name":"El Diario - Decano de la prensa nacional","description":"El Diario - Decano de la prensa nacional","publisher":{"@id":"https:\/\/www.eldiario.net\/portal\/#organization"},"potentialAction":[{"@type":"SearchAction","target":{"@type":"EntryPoint","urlTemplate":"https:\/\/www.eldiario.net\/portal\/?s={search_term_string}"},"query-input":{"@type":"PropertyValueSpecification","valueRequired":true,"valueName":"search_term_string"}}],"inLanguage":"es"},{"@type":"Organization","@id":"https:\/\/www.eldiario.net\/portal\/#organization","name":"El Diario - Decano de la prensa nacional","url":"https:\/\/www.eldiario.net\/portal\/","logo":{"@type":"ImageObject","inLanguage":"es","@id":"https:\/\/www.eldiario.net\/portal\/#\/schema\/logo\/image\/","url":"https:\/\/www.eldiario.net\/portal\/wp-content\/uploads\/2023\/07\/logo_ED.jpg","contentUrl":"https:\/\/www.eldiario.net\/portal\/wp-content\/uploads\/2023\/07\/logo_ED.jpg","width":272,"height":52,"caption":"El Diario - Decano de la prensa nacional"},"image":{"@id":"https:\/\/www.eldiario.net\/portal\/#\/schema\/logo\/image\/"},"sameAs":["https:\/\/www.facebook.com\/eldiario.bolivia\/","https:\/\/x.com\/eldiario_net"]},{"@type":"Person","@id":"https:\/\/www.eldiario.net\/portal\/#\/schema\/person\/f46445640444750d7d753ccd04ae01b7","name":"Jeanette","image":{"@type":"ImageObject","inLanguage":"es","@id":"https:\/\/secure.gravatar.com\/avatar\/3ea2118a5f7dad2b7138b1187a6b7ee55f160b9968b66013c3a3ef39dd7e5798?s=96&d=mm&r=g","url":"https:\/\/secure.gravatar.com\/avatar\/3ea2118a5f7dad2b7138b1187a6b7ee55f160b9968b66013c3a3ef39dd7e5798?s=96&d=mm&r=g","contentUrl":"https:\/\/secure.gravatar.com\/avatar\/3ea2118a5f7dad2b7138b1187a6b7ee55f160b9968b66013c3a3ef39dd7e5798?s=96&d=mm&r=g","caption":"Jeanette"},"sameAs":["https:\/\/www.eldiario.net\/portal"],"url":"https:\/\/www.eldiario.net\/portal\/author\/jeanette\/"}]}},"_links":{"self":[{"href":"https:\/\/www.eldiario.net\/portal\/wp-json\/wp\/v2\/posts\/365327","targetHints":{"allow":["GET"]}}],"collection":[{"href":"https:\/\/www.eldiario.net\/portal\/wp-json\/wp\/v2\/posts"}],"about":[{"href":"https:\/\/www.eldiario.net\/portal\/wp-json\/wp\/v2\/types\/post"}],"author":[{"embeddable":true,"href":"https:\/\/www.eldiario.net\/portal\/wp-json\/wp\/v2\/users\/1"}],"replies":[{"embeddable":true,"href":"https:\/\/www.eldiario.net\/portal\/wp-json\/wp\/v2\/comments?post=365327"}],"version-history":[{"count":1,"href":"https:\/\/www.eldiario.net\/portal\/wp-json\/wp\/v2\/posts\/365327\/revisions"}],"predecessor-version":[{"id":365329,"href":"https:\/\/www.eldiario.net\/portal\/wp-json\/wp\/v2\/posts\/365327\/revisions\/365329"}],"wp:featuredmedia":[{"embeddable":true,"href":"https:\/\/www.eldiario.net\/portal\/wp-json\/wp\/v2\/media\/365328"}],"wp:attachment":[{"href":"https:\/\/www.eldiario.net\/portal\/wp-json\/wp\/v2\/media?parent=365327"}],"wp:term":[{"taxonomy":"category","embeddable":true,"href":"https:\/\/www.eldiario.net\/portal\/wp-json\/wp\/v2\/categories?post=365327"},{"taxonomy":"post_tag","embeddable":true,"href":"https:\/\/www.eldiario.net\/portal\/wp-json\/wp\/v2\/tags?post=365327"}],"curies":[{"name":"wp","href":"https:\/\/api.w.org\/{rel}","templated":true}]}}