{"id":365324,"date":"2026-02-03T06:21:43","date_gmt":"2026-02-03T10:21:43","guid":{"rendered":"https:\/\/www.eldiario.net\/portal\/?p=365324"},"modified":"2026-02-03T06:21:43","modified_gmt":"2026-02-03T10:21:43","slug":"fmi-destaca-celeridad-de-las-reformas-del-ejecutivo","status":"publish","type":"post","link":"https:\/\/www.eldiario.net\/portal\/2026\/02\/03\/fmi-destaca-celeridad-de-las-reformas-del-ejecutivo\/","title":{"rendered":"FMI destaca celeridad de  las reformas del Ejecutivo"},"content":{"rendered":"<p>El gobierno del presidente Rodrigo Paz recibi\u00f3 un espaldarazo del Fondo Monetario Internacional (FMI) tras la celeridad mostrada en la ejecuci\u00f3n de sus primeros ajustes estructurales. Durante su reciente visita a Panam\u00e1, la actual administraci\u00f3n del pa\u00eds valor\u00f3 positivamente el reconocimiento del organismo multilateral, marcando un hito en la hoja de ruta econ\u00f3mica del pa\u00eds.<\/p>\n<p>El cierre de enero marc\u00f3 un hito en la agenda exterior de Bolivia con su participaci\u00f3n estrat\u00e9gica en el Foro Econ\u00f3mico Mundial de Davos y el Foro de la CAF en Panam\u00e1. En ambos escenarios, el Gobierno ratific\u00f3 la aceleraci\u00f3n de su nueva hoja de ruta econ\u00f3mica, una transformaci\u00f3n que ya cosecha el reconocimiento de los principales organismos financieros globales.<\/p>\n<p>El ministro de Econom\u00eda, Jos\u00e9 Gabriel Espinoza, destac\u00f3 la celeridad del programa econ\u00f3mico actual. Seg\u00fan la autoridad, mientras organismos internacionales proyectaban un periodo de estabilizaci\u00f3n de hasta dos a\u00f1os, el gobierno de Paz logr\u00f3 implementar medidas clave en apenas 11 semanas de gesti\u00f3n.<\/p>\n<p>Tras su paso por Davos para estrechar lazos con el FMI, Espinoza reforz\u00f3 la presencia internacional del pa\u00eds en Panam\u00e1, participando junto al presidente Rodrigo Paz en el evento convocado por la CAF.<\/p>\n<p>Desde el Foro de Davos, la directora gerente del Fondo Monetario Internacional (FMI), Kristalina Georgieva, tambi\u00e9n valid\u00f3 el rumbo econ\u00f3mico de Bolivia. Tras calificar de \u201cimpresionantes\u201d los avances del Gobierno boliviano, ratific\u00f3 el compromiso del organismo internacional para escoltar cada etapa de este proceso.<\/p>\n<p>El respaldo del organismo tiene un peso pol\u00edtico significativo para el Gobierno. Marca el fin de un ciclo de 20 a\u00f1os bajo la administraci\u00f3n del MAS, en el que el FMI fue excluido de la agenda p\u00fablica y calificado como incompatible con el modelo econ\u00f3mico vigente.<\/p>\n<p>Para la administraci\u00f3n de Rodrigo Paz, este respaldo constituye un hito diplom\u00e1tico que marca el fin del aislamiento internacional. Seg\u00fan el mandatario, este giro estrat\u00e9gico permite a Bolivia superar el aislamiento que habr\u00eda condicionado la pol\u00edtica exterior del pa\u00eds en los \u00faltimos a\u00f1os.<\/p>\n<p>Fernando Aramayo, responsable de la cartera de Exteriores, reforz\u00f3 esta tesis al priorizar la recuperaci\u00f3n de espacios de di\u00e1logo. Para el canciller, estos escenarios hab\u00edan quedado en el olvido debido a la carga ideol\u00f3gica que marc\u00f3 la gesti\u00f3n precedente.<\/p>\n<p>El Ejecutivo capitaliza la celeridad de su ajuste econ\u00f3mico como un triunfo pol\u00edtico tras desplomarse el riesgo pa\u00eds por debajo de los 600 puntos b\u00e1sicos, un m\u00ednimo hist\u00f3rico no visto desde el \u00abcorralito\u00bb. M\u00e1s que un \u00e9xito t\u00e9cnico, Espinoza posiciona este indicador como el fin del aislamiento financiero, marcando el retorno de la confianza de los mercados internacionales en Bolivia.<\/p>\n<p>Un pilar fundamental del discurso oficial radica en la reconfiguraci\u00f3n del aparato estatal. Tras una etapa de intervencionismo en la que el sector p\u00fablico concentr\u00f3 cerca del 80% del dinamismo econ\u00f3mico, la administraci\u00f3n actual vira hacia un modelo de Estado facilitador, dise\u00f1ado para actuar como el catalizador estrat\u00e9gico de la inversi\u00f3n privada.<\/p>\n<p>La narrativa del Ejecutivo es clara. Bolivia ha iniciado un proceso de distanciamiento con el modelo econ\u00f3mico del MAS. El mensaje central es la apuesta por demostrar que el Estado no solo puede implementar ajustes estructurales, sino hacerlo bajo una celeridad sin precedentes.<\/p>\n<p>El respaldo del FMI a las pol\u00edticas econ\u00f3micas asumidas por el Gobierno boliviano \u2014concretado en apenas 11 semanas frente al est\u00e1ndar de dos a\u00f1os\u2014, es la muestra definitiva de un punto de inflexi\u00f3n en la actual administraci\u00f3n. No obstante, el Gobierno de Paz reconoce que la viabilidad de este nuevo ciclo depende de su capacidad para blindar el ajuste mediante reformas legislativas y estabilidad pol\u00edtica, proyectando ante la comunidad internacional un mensaje de eficiencia que, seg\u00fan el organismo, ha superado las expectativas iniciales.<\/p>\n","protected":false},"excerpt":{"rendered":"<p>El gobierno del presidente Rodrigo Paz recibi\u00f3 un espaldarazo del Fondo Monetario Internacional (FMI) tras la celeridad mostrada en la ejecuci\u00f3n de sus primeros ajustes estructurales. Durante su reciente visita a Panam\u00e1, la actual administraci\u00f3n del pa\u00eds valor\u00f3 positivamente el reconocimiento del organismo multilateral, marcando un hito en la hoja de ruta econ\u00f3mica del pa\u00eds. [&hellip;]<\/p>\n","protected":false},"author":1,"featured_media":365325,"comment_status":"closed","ping_status":"open","sticky":false,"template":"","format":"standard","meta":{"_acf_changed":false,"footnotes":""},"categories":[7],"tags":[],"class_list":["post-365324","post","type-post","status-publish","format-standard","has-post-thumbnail","category-economia"],"acf":{"antetitulo":"Espaldarazo internacional"},"yoast_head":"<!-- This site is optimized with the Yoast SEO plugin v28.4 - https:\/\/yoast.com\/product\/yoast-seo-wordpress\/ -->\n<title>FMI destaca celeridad de las reformas del Ejecutivo - El Diario - Bolivia<\/title>\n<meta name=\"robots\" content=\"index, follow, max-snippet:-1, max-image-preview:large, max-video-preview:-1\" \/>\n<link rel=\"canonical\" href=\"https:\/\/www.eldiario.net\/portal\/2026\/02\/03\/fmi-destaca-celeridad-de-las-reformas-del-ejecutivo\/\" \/>\n<meta property=\"og:locale\" content=\"es_ES\" \/>\n<meta property=\"og:type\" content=\"article\" \/>\n<meta property=\"og:title\" content=\"FMI destaca celeridad de las reformas del Ejecutivo - El Diario - Bolivia\" \/>\n<meta property=\"og:description\" content=\"El gobierno del presidente Rodrigo Paz recibi\u00f3 un espaldarazo del Fondo Monetario Internacional (FMI) tras la celeridad mostrada en la ejecuci\u00f3n de sus primeros ajustes estructurales. Durante su reciente visita a Panam\u00e1, la actual administraci\u00f3n del pa\u00eds valor\u00f3 positivamente el reconocimiento del organismo multilateral, marcando un hito en la hoja de ruta econ\u00f3mica del pa\u00eds. [&hellip;]\" \/>\n<meta property=\"og:url\" content=\"https:\/\/www.eldiario.net\/portal\/2026\/02\/03\/fmi-destaca-celeridad-de-las-reformas-del-ejecutivo\/\" \/>\n<meta property=\"og:site_name\" content=\"El Diario - Bolivia\" \/>\n<meta property=\"article:publisher\" content=\"https:\/\/www.facebook.com\/eldiario.bolivia\/\" \/>\n<meta property=\"article:published_time\" content=\"2026-02-03T10:21:43+00:00\" \/>\n<meta property=\"og:image\" content=\"https:\/\/www.eldiario.net\/portal\/wp-content\/uploads\/2026\/02\/FMI-FOTO.webp\" \/>\n\t<meta property=\"og:image:width\" content=\"1024\" \/>\n\t<meta property=\"og:image:height\" content=\"436\" \/>\n\t<meta property=\"og:image:type\" content=\"image\/webp\" \/>\n<meta name=\"author\" content=\"Jeanette\" \/>\n<meta name=\"twitter:card\" content=\"summary_large_image\" \/>\n<meta name=\"twitter:creator\" content=\"@eldiario_net\" \/>\n<meta name=\"twitter:site\" content=\"@eldiario_net\" \/>\n<meta name=\"twitter:label1\" content=\"Escrito por\" \/>\n\t<meta name=\"twitter:data1\" content=\"Jeanette\" \/>\n\t<meta name=\"twitter:label2\" content=\"Tiempo de lectura\" \/>\n\t<meta name=\"twitter:data2\" content=\"3 minutos\" \/>\n<script type=\"application\/ld+json\" class=\"yoast-schema-graph\">{\"@context\":\"https:\\\/\\\/schema.org\",\"@graph\":[{\"@type\":\"Article\",\"@id\":\"https:\\\/\\\/www.eldiario.net\\\/portal\\\/2026\\\/02\\\/03\\\/fmi-destaca-celeridad-de-las-reformas-del-ejecutivo\\\/#article\",\"isPartOf\":{\"@id\":\"https:\\\/\\\/www.eldiario.net\\\/portal\\\/2026\\\/02\\\/03\\\/fmi-destaca-celeridad-de-las-reformas-del-ejecutivo\\\/\"},\"author\":{\"name\":\"Jeanette\",\"@id\":\"https:\\\/\\\/www.eldiario.net\\\/portal\\\/#\\\/schema\\\/person\\\/f46445640444750d7d753ccd04ae01b7\"},\"headline\":\"FMI destaca celeridad de las reformas del Ejecutivo\",\"datePublished\":\"2026-02-03T10:21:43+00:00\",\"mainEntityOfPage\":{\"@id\":\"https:\\\/\\\/www.eldiario.net\\\/portal\\\/2026\\\/02\\\/03\\\/fmi-destaca-celeridad-de-las-reformas-del-ejecutivo\\\/\"},\"wordCount\":666,\"publisher\":{\"@id\":\"https:\\\/\\\/www.eldiario.net\\\/portal\\\/#organization\"},\"image\":{\"@id\":\"https:\\\/\\\/www.eldiario.net\\\/portal\\\/2026\\\/02\\\/03\\\/fmi-destaca-celeridad-de-las-reformas-del-ejecutivo\\\/#primaryimage\"},\"thumbnailUrl\":\"https:\\\/\\\/www.eldiario.net\\\/portal\\\/wp-content\\\/uploads\\\/2026\\\/02\\\/FMI-FOTO.webp\",\"articleSection\":[\"Econom\u00eda\"],\"inLanguage\":\"es\"},{\"@type\":\"WebPage\",\"@id\":\"https:\\\/\\\/www.eldiario.net\\\/portal\\\/2026\\\/02\\\/03\\\/fmi-destaca-celeridad-de-las-reformas-del-ejecutivo\\\/\",\"url\":\"https:\\\/\\\/www.eldiario.net\\\/portal\\\/2026\\\/02\\\/03\\\/fmi-destaca-celeridad-de-las-reformas-del-ejecutivo\\\/\",\"name\":\"FMI destaca celeridad de las reformas del Ejecutivo - El Diario - Bolivia\",\"isPartOf\":{\"@id\":\"https:\\\/\\\/www.eldiario.net\\\/portal\\\/#website\"},\"primaryImageOfPage\":{\"@id\":\"https:\\\/\\\/www.eldiario.net\\\/portal\\\/2026\\\/02\\\/03\\\/fmi-destaca-celeridad-de-las-reformas-del-ejecutivo\\\/#primaryimage\"},\"image\":{\"@id\":\"https:\\\/\\\/www.eldiario.net\\\/portal\\\/2026\\\/02\\\/03\\\/fmi-destaca-celeridad-de-las-reformas-del-ejecutivo\\\/#primaryimage\"},\"thumbnailUrl\":\"https:\\\/\\\/www.eldiario.net\\\/portal\\\/wp-content\\\/uploads\\\/2026\\\/02\\\/FMI-FOTO.webp\",\"datePublished\":\"2026-02-03T10:21:43+00:00\",\"breadcrumb\":{\"@id\":\"https:\\\/\\\/www.eldiario.net\\\/portal\\\/2026\\\/02\\\/03\\\/fmi-destaca-celeridad-de-las-reformas-del-ejecutivo\\\/#breadcrumb\"},\"inLanguage\":\"es\",\"potentialAction\":[{\"@type\":\"ReadAction\",\"target\":[\"https:\\\/\\\/www.eldiario.net\\\/portal\\\/2026\\\/02\\\/03\\\/fmi-destaca-celeridad-de-las-reformas-del-ejecutivo\\\/\"]}]},{\"@type\":\"ImageObject\",\"inLanguage\":\"es\",\"@id\":\"https:\\\/\\\/www.eldiario.net\\\/portal\\\/2026\\\/02\\\/03\\\/fmi-destaca-celeridad-de-las-reformas-del-ejecutivo\\\/#primaryimage\",\"url\":\"https:\\\/\\\/www.eldiario.net\\\/portal\\\/wp-content\\\/uploads\\\/2026\\\/02\\\/FMI-FOTO.webp\",\"contentUrl\":\"https:\\\/\\\/www.eldiario.net\\\/portal\\\/wp-content\\\/uploads\\\/2026\\\/02\\\/FMI-FOTO.webp\",\"width\":1024,\"height\":436,\"caption\":\"Bolivia en su participaci\u00f3n en el Foro de la CAF en Panam\u00e1. FUENTE: RRSS\"},{\"@type\":\"BreadcrumbList\",\"@id\":\"https:\\\/\\\/www.eldiario.net\\\/portal\\\/2026\\\/02\\\/03\\\/fmi-destaca-celeridad-de-las-reformas-del-ejecutivo\\\/#breadcrumb\",\"itemListElement\":[{\"@type\":\"ListItem\",\"position\":1,\"name\":\"Portada\",\"item\":\"https:\\\/\\\/www.eldiario.net\\\/portal\\\/\"},{\"@type\":\"ListItem\",\"position\":2,\"name\":\"FMI destaca celeridad de las reformas del Ejecutivo\"}]},{\"@type\":\"WebSite\",\"@id\":\"https:\\\/\\\/www.eldiario.net\\\/portal\\\/#website\",\"url\":\"https:\\\/\\\/www.eldiario.net\\\/portal\\\/\",\"name\":\"El Diario - Decano de la prensa nacional\",\"description\":\"El Diario - Decano de la prensa nacional\",\"publisher\":{\"@id\":\"https:\\\/\\\/www.eldiario.net\\\/portal\\\/#organization\"},\"potentialAction\":[{\"@type\":\"SearchAction\",\"target\":{\"@type\":\"EntryPoint\",\"urlTemplate\":\"https:\\\/\\\/www.eldiario.net\\\/portal\\\/?s={search_term_string}\"},\"query-input\":{\"@type\":\"PropertyValueSpecification\",\"valueRequired\":true,\"valueName\":\"search_term_string\"}}],\"inLanguage\":\"es\"},{\"@type\":\"Organization\",\"@id\":\"https:\\\/\\\/www.eldiario.net\\\/portal\\\/#organization\",\"name\":\"El Diario - Decano de la prensa nacional\",\"url\":\"https:\\\/\\\/www.eldiario.net\\\/portal\\\/\",\"logo\":{\"@type\":\"ImageObject\",\"inLanguage\":\"es\",\"@id\":\"https:\\\/\\\/www.eldiario.net\\\/portal\\\/#\\\/schema\\\/logo\\\/image\\\/\",\"url\":\"https:\\\/\\\/www.eldiario.net\\\/portal\\\/wp-content\\\/uploads\\\/2023\\\/07\\\/logo_ED.jpg\",\"contentUrl\":\"https:\\\/\\\/www.eldiario.net\\\/portal\\\/wp-content\\\/uploads\\\/2023\\\/07\\\/logo_ED.jpg\",\"width\":272,\"height\":52,\"caption\":\"El Diario - Decano de la prensa nacional\"},\"image\":{\"@id\":\"https:\\\/\\\/www.eldiario.net\\\/portal\\\/#\\\/schema\\\/logo\\\/image\\\/\"},\"sameAs\":[\"https:\\\/\\\/www.facebook.com\\\/eldiario.bolivia\\\/\",\"https:\\\/\\\/x.com\\\/eldiario_net\"]},{\"@type\":\"Person\",\"@id\":\"https:\\\/\\\/www.eldiario.net\\\/portal\\\/#\\\/schema\\\/person\\\/f46445640444750d7d753ccd04ae01b7\",\"name\":\"Jeanette\",\"image\":{\"@type\":\"ImageObject\",\"inLanguage\":\"es\",\"@id\":\"https:\\\/\\\/secure.gravatar.com\\\/avatar\\\/3ea2118a5f7dad2b7138b1187a6b7ee55f160b9968b66013c3a3ef39dd7e5798?s=96&d=mm&r=g\",\"url\":\"https:\\\/\\\/secure.gravatar.com\\\/avatar\\\/3ea2118a5f7dad2b7138b1187a6b7ee55f160b9968b66013c3a3ef39dd7e5798?s=96&d=mm&r=g\",\"contentUrl\":\"https:\\\/\\\/secure.gravatar.com\\\/avatar\\\/3ea2118a5f7dad2b7138b1187a6b7ee55f160b9968b66013c3a3ef39dd7e5798?s=96&d=mm&r=g\",\"caption\":\"Jeanette\"},\"sameAs\":[\"https:\\\/\\\/www.eldiario.net\\\/portal\"],\"url\":\"https:\\\/\\\/www.eldiario.net\\\/portal\\\/author\\\/jeanette\\\/\"}]}<\/script>\n<!-- \/ Yoast SEO plugin. -->","yoast_head_json":{"title":"FMI destaca celeridad de las reformas del Ejecutivo - El Diario - Bolivia","robots":{"index":"index","follow":"follow","max-snippet":"max-snippet:-1","max-image-preview":"max-image-preview:large","max-video-preview":"max-video-preview:-1"},"canonical":"https:\/\/www.eldiario.net\/portal\/2026\/02\/03\/fmi-destaca-celeridad-de-las-reformas-del-ejecutivo\/","og_locale":"es_ES","og_type":"article","og_title":"FMI destaca celeridad de las reformas del Ejecutivo - El Diario - Bolivia","og_description":"El gobierno del presidente Rodrigo Paz recibi\u00f3 un espaldarazo del Fondo Monetario Internacional (FMI) tras la celeridad mostrada en la ejecuci\u00f3n de sus primeros ajustes estructurales. Durante su reciente visita a Panam\u00e1, la actual administraci\u00f3n del pa\u00eds valor\u00f3 positivamente el reconocimiento del organismo multilateral, marcando un hito en la hoja de ruta econ\u00f3mica del pa\u00eds. [&hellip;]","og_url":"https:\/\/www.eldiario.net\/portal\/2026\/02\/03\/fmi-destaca-celeridad-de-las-reformas-del-ejecutivo\/","og_site_name":"El Diario - Bolivia","article_publisher":"https:\/\/www.facebook.com\/eldiario.bolivia\/","article_published_time":"2026-02-03T10:21:43+00:00","og_image":[{"width":1024,"height":436,"url":"https:\/\/www.eldiario.net\/portal\/wp-content\/uploads\/2026\/02\/FMI-FOTO.webp","type":"image\/webp"}],"author":"Jeanette","twitter_card":"summary_large_image","twitter_creator":"@eldiario_net","twitter_site":"@eldiario_net","twitter_misc":{"Escrito por":"Jeanette","Tiempo de lectura":"3 minutos"},"schema":{"@context":"https:\/\/schema.org","@graph":[{"@type":"Article","@id":"https:\/\/www.eldiario.net\/portal\/2026\/02\/03\/fmi-destaca-celeridad-de-las-reformas-del-ejecutivo\/#article","isPartOf":{"@id":"https:\/\/www.eldiario.net\/portal\/2026\/02\/03\/fmi-destaca-celeridad-de-las-reformas-del-ejecutivo\/"},"author":{"name":"Jeanette","@id":"https:\/\/www.eldiario.net\/portal\/#\/schema\/person\/f46445640444750d7d753ccd04ae01b7"},"headline":"FMI destaca celeridad de las reformas del Ejecutivo","datePublished":"2026-02-03T10:21:43+00:00","mainEntityOfPage":{"@id":"https:\/\/www.eldiario.net\/portal\/2026\/02\/03\/fmi-destaca-celeridad-de-las-reformas-del-ejecutivo\/"},"wordCount":666,"publisher":{"@id":"https:\/\/www.eldiario.net\/portal\/#organization"},"image":{"@id":"https:\/\/www.eldiario.net\/portal\/2026\/02\/03\/fmi-destaca-celeridad-de-las-reformas-del-ejecutivo\/#primaryimage"},"thumbnailUrl":"https:\/\/www.eldiario.net\/portal\/wp-content\/uploads\/2026\/02\/FMI-FOTO.webp","articleSection":["Econom\u00eda"],"inLanguage":"es"},{"@type":"WebPage","@id":"https:\/\/www.eldiario.net\/portal\/2026\/02\/03\/fmi-destaca-celeridad-de-las-reformas-del-ejecutivo\/","url":"https:\/\/www.eldiario.net\/portal\/2026\/02\/03\/fmi-destaca-celeridad-de-las-reformas-del-ejecutivo\/","name":"FMI destaca celeridad de las reformas del Ejecutivo - El Diario - Bolivia","isPartOf":{"@id":"https:\/\/www.eldiario.net\/portal\/#website"},"primaryImageOfPage":{"@id":"https:\/\/www.eldiario.net\/portal\/2026\/02\/03\/fmi-destaca-celeridad-de-las-reformas-del-ejecutivo\/#primaryimage"},"image":{"@id":"https:\/\/www.eldiario.net\/portal\/2026\/02\/03\/fmi-destaca-celeridad-de-las-reformas-del-ejecutivo\/#primaryimage"},"thumbnailUrl":"https:\/\/www.eldiario.net\/portal\/wp-content\/uploads\/2026\/02\/FMI-FOTO.webp","datePublished":"2026-02-03T10:21:43+00:00","breadcrumb":{"@id":"https:\/\/www.eldiario.net\/portal\/2026\/02\/03\/fmi-destaca-celeridad-de-las-reformas-del-ejecutivo\/#breadcrumb"},"inLanguage":"es","potentialAction":[{"@type":"ReadAction","target":["https:\/\/www.eldiario.net\/portal\/2026\/02\/03\/fmi-destaca-celeridad-de-las-reformas-del-ejecutivo\/"]}]},{"@type":"ImageObject","inLanguage":"es","@id":"https:\/\/www.eldiario.net\/portal\/2026\/02\/03\/fmi-destaca-celeridad-de-las-reformas-del-ejecutivo\/#primaryimage","url":"https:\/\/www.eldiario.net\/portal\/wp-content\/uploads\/2026\/02\/FMI-FOTO.webp","contentUrl":"https:\/\/www.eldiario.net\/portal\/wp-content\/uploads\/2026\/02\/FMI-FOTO.webp","width":1024,"height":436,"caption":"Bolivia en su participaci\u00f3n en el Foro de la CAF en Panam\u00e1. FUENTE: RRSS"},{"@type":"BreadcrumbList","@id":"https:\/\/www.eldiario.net\/portal\/2026\/02\/03\/fmi-destaca-celeridad-de-las-reformas-del-ejecutivo\/#breadcrumb","itemListElement":[{"@type":"ListItem","position":1,"name":"Portada","item":"https:\/\/www.eldiario.net\/portal\/"},{"@type":"ListItem","position":2,"name":"FMI destaca celeridad de las reformas del Ejecutivo"}]},{"@type":"WebSite","@id":"https:\/\/www.eldiario.net\/portal\/#website","url":"https:\/\/www.eldiario.net\/portal\/","name":"El Diario - Decano de la prensa nacional","description":"El Diario - Decano de la prensa nacional","publisher":{"@id":"https:\/\/www.eldiario.net\/portal\/#organization"},"potentialAction":[{"@type":"SearchAction","target":{"@type":"EntryPoint","urlTemplate":"https:\/\/www.eldiario.net\/portal\/?s={search_term_string}"},"query-input":{"@type":"PropertyValueSpecification","valueRequired":true,"valueName":"search_term_string"}}],"inLanguage":"es"},{"@type":"Organization","@id":"https:\/\/www.eldiario.net\/portal\/#organization","name":"El Diario - Decano de la prensa nacional","url":"https:\/\/www.eldiario.net\/portal\/","logo":{"@type":"ImageObject","inLanguage":"es","@id":"https:\/\/www.eldiario.net\/portal\/#\/schema\/logo\/image\/","url":"https:\/\/www.eldiario.net\/portal\/wp-content\/uploads\/2023\/07\/logo_ED.jpg","contentUrl":"https:\/\/www.eldiario.net\/portal\/wp-content\/uploads\/2023\/07\/logo_ED.jpg","width":272,"height":52,"caption":"El Diario - Decano de la prensa nacional"},"image":{"@id":"https:\/\/www.eldiario.net\/portal\/#\/schema\/logo\/image\/"},"sameAs":["https:\/\/www.facebook.com\/eldiario.bolivia\/","https:\/\/x.com\/eldiario_net"]},{"@type":"Person","@id":"https:\/\/www.eldiario.net\/portal\/#\/schema\/person\/f46445640444750d7d753ccd04ae01b7","name":"Jeanette","image":{"@type":"ImageObject","inLanguage":"es","@id":"https:\/\/secure.gravatar.com\/avatar\/3ea2118a5f7dad2b7138b1187a6b7ee55f160b9968b66013c3a3ef39dd7e5798?s=96&d=mm&r=g","url":"https:\/\/secure.gravatar.com\/avatar\/3ea2118a5f7dad2b7138b1187a6b7ee55f160b9968b66013c3a3ef39dd7e5798?s=96&d=mm&r=g","contentUrl":"https:\/\/secure.gravatar.com\/avatar\/3ea2118a5f7dad2b7138b1187a6b7ee55f160b9968b66013c3a3ef39dd7e5798?s=96&d=mm&r=g","caption":"Jeanette"},"sameAs":["https:\/\/www.eldiario.net\/portal"],"url":"https:\/\/www.eldiario.net\/portal\/author\/jeanette\/"}]}},"_links":{"self":[{"href":"https:\/\/www.eldiario.net\/portal\/wp-json\/wp\/v2\/posts\/365324","targetHints":{"allow":["GET"]}}],"collection":[{"href":"https:\/\/www.eldiario.net\/portal\/wp-json\/wp\/v2\/posts"}],"about":[{"href":"https:\/\/www.eldiario.net\/portal\/wp-json\/wp\/v2\/types\/post"}],"author":[{"embeddable":true,"href":"https:\/\/www.eldiario.net\/portal\/wp-json\/wp\/v2\/users\/1"}],"replies":[{"embeddable":true,"href":"https:\/\/www.eldiario.net\/portal\/wp-json\/wp\/v2\/comments?post=365324"}],"version-history":[{"count":1,"href":"https:\/\/www.eldiario.net\/portal\/wp-json\/wp\/v2\/posts\/365324\/revisions"}],"predecessor-version":[{"id":365326,"href":"https:\/\/www.eldiario.net\/portal\/wp-json\/wp\/v2\/posts\/365324\/revisions\/365326"}],"wp:featuredmedia":[{"embeddable":true,"href":"https:\/\/www.eldiario.net\/portal\/wp-json\/wp\/v2\/media\/365325"}],"wp:attachment":[{"href":"https:\/\/www.eldiario.net\/portal\/wp-json\/wp\/v2\/media?parent=365324"}],"wp:term":[{"taxonomy":"category","embeddable":true,"href":"https:\/\/www.eldiario.net\/portal\/wp-json\/wp\/v2\/categories?post=365324"},{"taxonomy":"post_tag","embeddable":true,"href":"https:\/\/www.eldiario.net\/portal\/wp-json\/wp\/v2\/tags?post=365324"}],"curies":[{"name":"wp","href":"https:\/\/api.w.org\/{rel}","templated":true}]}}