{"id":365315,"date":"2026-02-03T06:19:54","date_gmt":"2026-02-03T10:19:54","guid":{"rendered":"https:\/\/www.eldiario.net\/portal\/?p=365315"},"modified":"2026-02-03T06:19:54","modified_gmt":"2026-02-03T10:19:54","slug":"ue-comienza-conversaciones-para-impulsar-inversiones-estrategicas","status":"publish","type":"post","link":"https:\/\/www.eldiario.net\/portal\/2026\/02\/03\/ue-comienza-conversaciones-para-impulsar-inversiones-estrategicas\/","title":{"rendered":"UE comienza conversaciones para  impulsar inversiones estrat\u00e9gicas"},"content":{"rendered":"<p>La Uni\u00f3n Europea (UE) ha comenzado conversaciones con el nuevo Gobierno boliviano para canalizar inversiones estrat\u00e9gicas. El director de Cooperaci\u00f3n del organismo internacional, F\u00e9lix Fern\u00e1ndez, destac\u00f3 que el objetivo es trascender el modelo extractivista, priorizando proyectos de producci\u00f3n, desarrollo sostenible e industrializaci\u00f3n.<\/p>\n<p>En un movimiento clave para fortalecer los lazos bilaterales, Fern\u00e1ndez deline\u00f3 la hoja de ruta de la estrategia Global Gateway en Bolivia. El objetivo central es doble: identificar las prioridades del nuevo Gobierno y establecer un mecanismo de coordinaci\u00f3n que convierta al pa\u00eds en un destino atractivo y seguro para los inversores de los Estados miembros de la UE.<\/p>\n<p>M\u00e1s all\u00e1 del extractivismo, Europa diversifica su mirada sobre Bolivia. Si bien el litio y el gas siguen en el radar, la representaci\u00f3n europea anunci\u00f3 un giro en la cooperaci\u00f3n hacia un &#8216;abanico integral&#8217; de \u00e1reas dise\u00f1adas para impactar en el tejido social boliviano.<\/p>\n<p>Fern\u00e1ndez se\u00f1al\u00f3 que \u00e1reas como energ\u00eda, transporte e infraestructura h\u00eddrica est\u00e1n en el foco de la inversi\u00f3n europea, aunque la lista final depender\u00e1 del inter\u00e9s real que muestren las empresas del continente.<\/p>\n<p>Bolivia y la UE buscan concretar inversiones estrat\u00e9gicas que vinculen al sector privado con el desarrollo sostenible. Seg\u00fan fuentes oficiales, los embajadores europeos ya eval\u00faan proyectos espec\u00edficos para facilitar el desembarco de capitales bajo condiciones de seguridad jur\u00eddica.<\/p>\n<p>Tras dos d\u00e9cadas de hermetismo bajo una pol\u00edtica estatal, el Gobierno de Rodrigo Paz busca dar un golpe de tim\u00f3n a la econom\u00eda nacional. En este nuevo escenario de apertura, la UE ha confirmado que concentrar\u00e1 su m\u00fasculo financiero en sectores estrat\u00e9gicos, priorizando el impacto social por encima de la cantidad para reactivar la inversi\u00f3n privada en el pa\u00eds.<\/p>\n<p>&nbsp;<\/p>\n","protected":false},"excerpt":{"rendered":"<p>La Uni\u00f3n Europea (UE) ha comenzado conversaciones con el nuevo Gobierno boliviano para canalizar inversiones estrat\u00e9gicas. El director de Cooperaci\u00f3n del organismo internacional, F\u00e9lix Fern\u00e1ndez, destac\u00f3 que el objetivo es trascender el modelo extractivista, priorizando proyectos de producci\u00f3n, desarrollo sostenible e industrializaci\u00f3n. En un movimiento clave para fortalecer los lazos bilaterales, Fern\u00e1ndez deline\u00f3 la hoja [&hellip;]<\/p>\n","protected":false},"author":1,"featured_media":365316,"comment_status":"closed","ping_status":"open","sticky":false,"template":"","format":"standard","meta":{"_acf_changed":false,"footnotes":""},"categories":[7],"tags":[],"class_list":["post-365315","post","type-post","status-publish","format-standard","has-post-thumbnail","category-economia"],"acf":{"antetitulo":""},"yoast_head":"<!-- This site is optimized with the Yoast SEO plugin v28.4 - https:\/\/yoast.com\/product\/yoast-seo-wordpress\/ -->\n<title>UE comienza conversaciones para impulsar inversiones estrat\u00e9gicas - El Diario - Bolivia<\/title>\n<meta name=\"robots\" content=\"index, follow, max-snippet:-1, max-image-preview:large, max-video-preview:-1\" \/>\n<link rel=\"canonical\" href=\"https:\/\/www.eldiario.net\/portal\/2026\/02\/03\/ue-comienza-conversaciones-para-impulsar-inversiones-estrategicas\/\" \/>\n<meta property=\"og:locale\" content=\"es_ES\" \/>\n<meta property=\"og:type\" content=\"article\" \/>\n<meta property=\"og:title\" content=\"UE comienza conversaciones para impulsar inversiones estrat\u00e9gicas - El Diario - Bolivia\" \/>\n<meta property=\"og:description\" content=\"La Uni\u00f3n Europea (UE) ha comenzado conversaciones con el nuevo Gobierno boliviano para canalizar inversiones estrat\u00e9gicas. El director de Cooperaci\u00f3n del organismo internacional, F\u00e9lix Fern\u00e1ndez, destac\u00f3 que el objetivo es trascender el modelo extractivista, priorizando proyectos de producci\u00f3n, desarrollo sostenible e industrializaci\u00f3n. En un movimiento clave para fortalecer los lazos bilaterales, Fern\u00e1ndez deline\u00f3 la hoja [&hellip;]\" \/>\n<meta property=\"og:url\" content=\"https:\/\/www.eldiario.net\/portal\/2026\/02\/03\/ue-comienza-conversaciones-para-impulsar-inversiones-estrategicas\/\" \/>\n<meta property=\"og:site_name\" content=\"El Diario - Bolivia\" \/>\n<meta property=\"article:publisher\" content=\"https:\/\/www.facebook.com\/eldiario.bolivia\/\" \/>\n<meta property=\"article:published_time\" content=\"2026-02-03T10:19:54+00:00\" \/>\n<meta property=\"og:image\" content=\"https:\/\/www.eldiario.net\/portal\/wp-content\/uploads\/2026\/02\/UE-FOTO.webp\" \/>\n\t<meta property=\"og:image:width\" content=\"782\" \/>\n\t<meta property=\"og:image:height\" content=\"565\" \/>\n\t<meta property=\"og:image:type\" content=\"image\/webp\" \/>\n<meta name=\"author\" content=\"Jeanette\" \/>\n<meta name=\"twitter:card\" content=\"summary_large_image\" \/>\n<meta name=\"twitter:creator\" content=\"@eldiario_net\" \/>\n<meta name=\"twitter:site\" content=\"@eldiario_net\" \/>\n<meta name=\"twitter:label1\" content=\"Escrito por\" \/>\n\t<meta name=\"twitter:data1\" content=\"Jeanette\" \/>\n\t<meta name=\"twitter:label2\" content=\"Tiempo de lectura\" \/>\n\t<meta name=\"twitter:data2\" content=\"2 minutos\" \/>\n<script type=\"application\/ld+json\" class=\"yoast-schema-graph\">{\"@context\":\"https:\\\/\\\/schema.org\",\"@graph\":[{\"@type\":\"Article\",\"@id\":\"https:\\\/\\\/www.eldiario.net\\\/portal\\\/2026\\\/02\\\/03\\\/ue-comienza-conversaciones-para-impulsar-inversiones-estrategicas\\\/#article\",\"isPartOf\":{\"@id\":\"https:\\\/\\\/www.eldiario.net\\\/portal\\\/2026\\\/02\\\/03\\\/ue-comienza-conversaciones-para-impulsar-inversiones-estrategicas\\\/\"},\"author\":{\"name\":\"Jeanette\",\"@id\":\"https:\\\/\\\/www.eldiario.net\\\/portal\\\/#\\\/schema\\\/person\\\/f46445640444750d7d753ccd04ae01b7\"},\"headline\":\"UE comienza conversaciones para impulsar inversiones estrat\u00e9gicas\",\"datePublished\":\"2026-02-03T10:19:54+00:00\",\"mainEntityOfPage\":{\"@id\":\"https:\\\/\\\/www.eldiario.net\\\/portal\\\/2026\\\/02\\\/03\\\/ue-comienza-conversaciones-para-impulsar-inversiones-estrategicas\\\/\"},\"wordCount\":317,\"publisher\":{\"@id\":\"https:\\\/\\\/www.eldiario.net\\\/portal\\\/#organization\"},\"image\":{\"@id\":\"https:\\\/\\\/www.eldiario.net\\\/portal\\\/2026\\\/02\\\/03\\\/ue-comienza-conversaciones-para-impulsar-inversiones-estrategicas\\\/#primaryimage\"},\"thumbnailUrl\":\"https:\\\/\\\/www.eldiario.net\\\/portal\\\/wp-content\\\/uploads\\\/2026\\\/02\\\/UE-FOTO.webp\",\"articleSection\":[\"Econom\u00eda\"],\"inLanguage\":\"es\"},{\"@type\":\"WebPage\",\"@id\":\"https:\\\/\\\/www.eldiario.net\\\/portal\\\/2026\\\/02\\\/03\\\/ue-comienza-conversaciones-para-impulsar-inversiones-estrategicas\\\/\",\"url\":\"https:\\\/\\\/www.eldiario.net\\\/portal\\\/2026\\\/02\\\/03\\\/ue-comienza-conversaciones-para-impulsar-inversiones-estrategicas\\\/\",\"name\":\"UE comienza conversaciones para impulsar inversiones estrat\u00e9gicas - El Diario - Bolivia\",\"isPartOf\":{\"@id\":\"https:\\\/\\\/www.eldiario.net\\\/portal\\\/#website\"},\"primaryImageOfPage\":{\"@id\":\"https:\\\/\\\/www.eldiario.net\\\/portal\\\/2026\\\/02\\\/03\\\/ue-comienza-conversaciones-para-impulsar-inversiones-estrategicas\\\/#primaryimage\"},\"image\":{\"@id\":\"https:\\\/\\\/www.eldiario.net\\\/portal\\\/2026\\\/02\\\/03\\\/ue-comienza-conversaciones-para-impulsar-inversiones-estrategicas\\\/#primaryimage\"},\"thumbnailUrl\":\"https:\\\/\\\/www.eldiario.net\\\/portal\\\/wp-content\\\/uploads\\\/2026\\\/02\\\/UE-FOTO.webp\",\"datePublished\":\"2026-02-03T10:19:54+00:00\",\"breadcrumb\":{\"@id\":\"https:\\\/\\\/www.eldiario.net\\\/portal\\\/2026\\\/02\\\/03\\\/ue-comienza-conversaciones-para-impulsar-inversiones-estrategicas\\\/#breadcrumb\"},\"inLanguage\":\"es\",\"potentialAction\":[{\"@type\":\"ReadAction\",\"target\":[\"https:\\\/\\\/www.eldiario.net\\\/portal\\\/2026\\\/02\\\/03\\\/ue-comienza-conversaciones-para-impulsar-inversiones-estrategicas\\\/\"]}]},{\"@type\":\"ImageObject\",\"inLanguage\":\"es\",\"@id\":\"https:\\\/\\\/www.eldiario.net\\\/portal\\\/2026\\\/02\\\/03\\\/ue-comienza-conversaciones-para-impulsar-inversiones-estrategicas\\\/#primaryimage\",\"url\":\"https:\\\/\\\/www.eldiario.net\\\/portal\\\/wp-content\\\/uploads\\\/2026\\\/02\\\/UE-FOTO.webp\",\"contentUrl\":\"https:\\\/\\\/www.eldiario.net\\\/portal\\\/wp-content\\\/uploads\\\/2026\\\/02\\\/UE-FOTO.webp\",\"width\":782,\"height\":565,\"caption\":\"Uni\u00f3n Europea proyecta canalizar inversiones estrat\u00e9gicas. FUENTE: RRSS\"},{\"@type\":\"BreadcrumbList\",\"@id\":\"https:\\\/\\\/www.eldiario.net\\\/portal\\\/2026\\\/02\\\/03\\\/ue-comienza-conversaciones-para-impulsar-inversiones-estrategicas\\\/#breadcrumb\",\"itemListElement\":[{\"@type\":\"ListItem\",\"position\":1,\"name\":\"Portada\",\"item\":\"https:\\\/\\\/www.eldiario.net\\\/portal\\\/\"},{\"@type\":\"ListItem\",\"position\":2,\"name\":\"UE comienza conversaciones para impulsar inversiones estrat\u00e9gicas\"}]},{\"@type\":\"WebSite\",\"@id\":\"https:\\\/\\\/www.eldiario.net\\\/portal\\\/#website\",\"url\":\"https:\\\/\\\/www.eldiario.net\\\/portal\\\/\",\"name\":\"El Diario - Decano de la prensa nacional\",\"description\":\"El Diario - Decano de la prensa nacional\",\"publisher\":{\"@id\":\"https:\\\/\\\/www.eldiario.net\\\/portal\\\/#organization\"},\"potentialAction\":[{\"@type\":\"SearchAction\",\"target\":{\"@type\":\"EntryPoint\",\"urlTemplate\":\"https:\\\/\\\/www.eldiario.net\\\/portal\\\/?s={search_term_string}\"},\"query-input\":{\"@type\":\"PropertyValueSpecification\",\"valueRequired\":true,\"valueName\":\"search_term_string\"}}],\"inLanguage\":\"es\"},{\"@type\":\"Organization\",\"@id\":\"https:\\\/\\\/www.eldiario.net\\\/portal\\\/#organization\",\"name\":\"El Diario - Decano de la prensa nacional\",\"url\":\"https:\\\/\\\/www.eldiario.net\\\/portal\\\/\",\"logo\":{\"@type\":\"ImageObject\",\"inLanguage\":\"es\",\"@id\":\"https:\\\/\\\/www.eldiario.net\\\/portal\\\/#\\\/schema\\\/logo\\\/image\\\/\",\"url\":\"https:\\\/\\\/www.eldiario.net\\\/portal\\\/wp-content\\\/uploads\\\/2023\\\/07\\\/logo_ED.jpg\",\"contentUrl\":\"https:\\\/\\\/www.eldiario.net\\\/portal\\\/wp-content\\\/uploads\\\/2023\\\/07\\\/logo_ED.jpg\",\"width\":272,\"height\":52,\"caption\":\"El Diario - Decano de la prensa nacional\"},\"image\":{\"@id\":\"https:\\\/\\\/www.eldiario.net\\\/portal\\\/#\\\/schema\\\/logo\\\/image\\\/\"},\"sameAs\":[\"https:\\\/\\\/www.facebook.com\\\/eldiario.bolivia\\\/\",\"https:\\\/\\\/x.com\\\/eldiario_net\"]},{\"@type\":\"Person\",\"@id\":\"https:\\\/\\\/www.eldiario.net\\\/portal\\\/#\\\/schema\\\/person\\\/f46445640444750d7d753ccd04ae01b7\",\"name\":\"Jeanette\",\"image\":{\"@type\":\"ImageObject\",\"inLanguage\":\"es\",\"@id\":\"https:\\\/\\\/secure.gravatar.com\\\/avatar\\\/3ea2118a5f7dad2b7138b1187a6b7ee55f160b9968b66013c3a3ef39dd7e5798?s=96&d=mm&r=g\",\"url\":\"https:\\\/\\\/secure.gravatar.com\\\/avatar\\\/3ea2118a5f7dad2b7138b1187a6b7ee55f160b9968b66013c3a3ef39dd7e5798?s=96&d=mm&r=g\",\"contentUrl\":\"https:\\\/\\\/secure.gravatar.com\\\/avatar\\\/3ea2118a5f7dad2b7138b1187a6b7ee55f160b9968b66013c3a3ef39dd7e5798?s=96&d=mm&r=g\",\"caption\":\"Jeanette\"},\"sameAs\":[\"https:\\\/\\\/www.eldiario.net\\\/portal\"],\"url\":\"https:\\\/\\\/www.eldiario.net\\\/portal\\\/author\\\/jeanette\\\/\"}]}<\/script>\n<!-- \/ Yoast SEO plugin. -->","yoast_head_json":{"title":"UE comienza conversaciones para impulsar inversiones estrat\u00e9gicas - El Diario - Bolivia","robots":{"index":"index","follow":"follow","max-snippet":"max-snippet:-1","max-image-preview":"max-image-preview:large","max-video-preview":"max-video-preview:-1"},"canonical":"https:\/\/www.eldiario.net\/portal\/2026\/02\/03\/ue-comienza-conversaciones-para-impulsar-inversiones-estrategicas\/","og_locale":"es_ES","og_type":"article","og_title":"UE comienza conversaciones para impulsar inversiones estrat\u00e9gicas - El Diario - Bolivia","og_description":"La Uni\u00f3n Europea (UE) ha comenzado conversaciones con el nuevo Gobierno boliviano para canalizar inversiones estrat\u00e9gicas. El director de Cooperaci\u00f3n del organismo internacional, F\u00e9lix Fern\u00e1ndez, destac\u00f3 que el objetivo es trascender el modelo extractivista, priorizando proyectos de producci\u00f3n, desarrollo sostenible e industrializaci\u00f3n. En un movimiento clave para fortalecer los lazos bilaterales, Fern\u00e1ndez deline\u00f3 la hoja [&hellip;]","og_url":"https:\/\/www.eldiario.net\/portal\/2026\/02\/03\/ue-comienza-conversaciones-para-impulsar-inversiones-estrategicas\/","og_site_name":"El Diario - Bolivia","article_publisher":"https:\/\/www.facebook.com\/eldiario.bolivia\/","article_published_time":"2026-02-03T10:19:54+00:00","og_image":[{"width":782,"height":565,"url":"https:\/\/www.eldiario.net\/portal\/wp-content\/uploads\/2026\/02\/UE-FOTO.webp","type":"image\/webp"}],"author":"Jeanette","twitter_card":"summary_large_image","twitter_creator":"@eldiario_net","twitter_site":"@eldiario_net","twitter_misc":{"Escrito por":"Jeanette","Tiempo de lectura":"2 minutos"},"schema":{"@context":"https:\/\/schema.org","@graph":[{"@type":"Article","@id":"https:\/\/www.eldiario.net\/portal\/2026\/02\/03\/ue-comienza-conversaciones-para-impulsar-inversiones-estrategicas\/#article","isPartOf":{"@id":"https:\/\/www.eldiario.net\/portal\/2026\/02\/03\/ue-comienza-conversaciones-para-impulsar-inversiones-estrategicas\/"},"author":{"name":"Jeanette","@id":"https:\/\/www.eldiario.net\/portal\/#\/schema\/person\/f46445640444750d7d753ccd04ae01b7"},"headline":"UE comienza conversaciones para impulsar inversiones estrat\u00e9gicas","datePublished":"2026-02-03T10:19:54+00:00","mainEntityOfPage":{"@id":"https:\/\/www.eldiario.net\/portal\/2026\/02\/03\/ue-comienza-conversaciones-para-impulsar-inversiones-estrategicas\/"},"wordCount":317,"publisher":{"@id":"https:\/\/www.eldiario.net\/portal\/#organization"},"image":{"@id":"https:\/\/www.eldiario.net\/portal\/2026\/02\/03\/ue-comienza-conversaciones-para-impulsar-inversiones-estrategicas\/#primaryimage"},"thumbnailUrl":"https:\/\/www.eldiario.net\/portal\/wp-content\/uploads\/2026\/02\/UE-FOTO.webp","articleSection":["Econom\u00eda"],"inLanguage":"es"},{"@type":"WebPage","@id":"https:\/\/www.eldiario.net\/portal\/2026\/02\/03\/ue-comienza-conversaciones-para-impulsar-inversiones-estrategicas\/","url":"https:\/\/www.eldiario.net\/portal\/2026\/02\/03\/ue-comienza-conversaciones-para-impulsar-inversiones-estrategicas\/","name":"UE comienza conversaciones para impulsar inversiones estrat\u00e9gicas - El Diario - Bolivia","isPartOf":{"@id":"https:\/\/www.eldiario.net\/portal\/#website"},"primaryImageOfPage":{"@id":"https:\/\/www.eldiario.net\/portal\/2026\/02\/03\/ue-comienza-conversaciones-para-impulsar-inversiones-estrategicas\/#primaryimage"},"image":{"@id":"https:\/\/www.eldiario.net\/portal\/2026\/02\/03\/ue-comienza-conversaciones-para-impulsar-inversiones-estrategicas\/#primaryimage"},"thumbnailUrl":"https:\/\/www.eldiario.net\/portal\/wp-content\/uploads\/2026\/02\/UE-FOTO.webp","datePublished":"2026-02-03T10:19:54+00:00","breadcrumb":{"@id":"https:\/\/www.eldiario.net\/portal\/2026\/02\/03\/ue-comienza-conversaciones-para-impulsar-inversiones-estrategicas\/#breadcrumb"},"inLanguage":"es","potentialAction":[{"@type":"ReadAction","target":["https:\/\/www.eldiario.net\/portal\/2026\/02\/03\/ue-comienza-conversaciones-para-impulsar-inversiones-estrategicas\/"]}]},{"@type":"ImageObject","inLanguage":"es","@id":"https:\/\/www.eldiario.net\/portal\/2026\/02\/03\/ue-comienza-conversaciones-para-impulsar-inversiones-estrategicas\/#primaryimage","url":"https:\/\/www.eldiario.net\/portal\/wp-content\/uploads\/2026\/02\/UE-FOTO.webp","contentUrl":"https:\/\/www.eldiario.net\/portal\/wp-content\/uploads\/2026\/02\/UE-FOTO.webp","width":782,"height":565,"caption":"Uni\u00f3n Europea proyecta canalizar inversiones estrat\u00e9gicas. FUENTE: RRSS"},{"@type":"BreadcrumbList","@id":"https:\/\/www.eldiario.net\/portal\/2026\/02\/03\/ue-comienza-conversaciones-para-impulsar-inversiones-estrategicas\/#breadcrumb","itemListElement":[{"@type":"ListItem","position":1,"name":"Portada","item":"https:\/\/www.eldiario.net\/portal\/"},{"@type":"ListItem","position":2,"name":"UE comienza conversaciones para impulsar inversiones estrat\u00e9gicas"}]},{"@type":"WebSite","@id":"https:\/\/www.eldiario.net\/portal\/#website","url":"https:\/\/www.eldiario.net\/portal\/","name":"El Diario - Decano de la prensa nacional","description":"El Diario - Decano de la prensa nacional","publisher":{"@id":"https:\/\/www.eldiario.net\/portal\/#organization"},"potentialAction":[{"@type":"SearchAction","target":{"@type":"EntryPoint","urlTemplate":"https:\/\/www.eldiario.net\/portal\/?s={search_term_string}"},"query-input":{"@type":"PropertyValueSpecification","valueRequired":true,"valueName":"search_term_string"}}],"inLanguage":"es"},{"@type":"Organization","@id":"https:\/\/www.eldiario.net\/portal\/#organization","name":"El Diario - Decano de la prensa nacional","url":"https:\/\/www.eldiario.net\/portal\/","logo":{"@type":"ImageObject","inLanguage":"es","@id":"https:\/\/www.eldiario.net\/portal\/#\/schema\/logo\/image\/","url":"https:\/\/www.eldiario.net\/portal\/wp-content\/uploads\/2023\/07\/logo_ED.jpg","contentUrl":"https:\/\/www.eldiario.net\/portal\/wp-content\/uploads\/2023\/07\/logo_ED.jpg","width":272,"height":52,"caption":"El Diario - Decano de la prensa nacional"},"image":{"@id":"https:\/\/www.eldiario.net\/portal\/#\/schema\/logo\/image\/"},"sameAs":["https:\/\/www.facebook.com\/eldiario.bolivia\/","https:\/\/x.com\/eldiario_net"]},{"@type":"Person","@id":"https:\/\/www.eldiario.net\/portal\/#\/schema\/person\/f46445640444750d7d753ccd04ae01b7","name":"Jeanette","image":{"@type":"ImageObject","inLanguage":"es","@id":"https:\/\/secure.gravatar.com\/avatar\/3ea2118a5f7dad2b7138b1187a6b7ee55f160b9968b66013c3a3ef39dd7e5798?s=96&d=mm&r=g","url":"https:\/\/secure.gravatar.com\/avatar\/3ea2118a5f7dad2b7138b1187a6b7ee55f160b9968b66013c3a3ef39dd7e5798?s=96&d=mm&r=g","contentUrl":"https:\/\/secure.gravatar.com\/avatar\/3ea2118a5f7dad2b7138b1187a6b7ee55f160b9968b66013c3a3ef39dd7e5798?s=96&d=mm&r=g","caption":"Jeanette"},"sameAs":["https:\/\/www.eldiario.net\/portal"],"url":"https:\/\/www.eldiario.net\/portal\/author\/jeanette\/"}]}},"_links":{"self":[{"href":"https:\/\/www.eldiario.net\/portal\/wp-json\/wp\/v2\/posts\/365315","targetHints":{"allow":["GET"]}}],"collection":[{"href":"https:\/\/www.eldiario.net\/portal\/wp-json\/wp\/v2\/posts"}],"about":[{"href":"https:\/\/www.eldiario.net\/portal\/wp-json\/wp\/v2\/types\/post"}],"author":[{"embeddable":true,"href":"https:\/\/www.eldiario.net\/portal\/wp-json\/wp\/v2\/users\/1"}],"replies":[{"embeddable":true,"href":"https:\/\/www.eldiario.net\/portal\/wp-json\/wp\/v2\/comments?post=365315"}],"version-history":[{"count":1,"href":"https:\/\/www.eldiario.net\/portal\/wp-json\/wp\/v2\/posts\/365315\/revisions"}],"predecessor-version":[{"id":365317,"href":"https:\/\/www.eldiario.net\/portal\/wp-json\/wp\/v2\/posts\/365315\/revisions\/365317"}],"wp:featuredmedia":[{"embeddable":true,"href":"https:\/\/www.eldiario.net\/portal\/wp-json\/wp\/v2\/media\/365316"}],"wp:attachment":[{"href":"https:\/\/www.eldiario.net\/portal\/wp-json\/wp\/v2\/media?parent=365315"}],"wp:term":[{"taxonomy":"category","embeddable":true,"href":"https:\/\/www.eldiario.net\/portal\/wp-json\/wp\/v2\/categories?post=365315"},{"taxonomy":"post_tag","embeddable":true,"href":"https:\/\/www.eldiario.net\/portal\/wp-json\/wp\/v2\/tags?post=365315"}],"curies":[{"name":"wp","href":"https:\/\/api.w.org\/{rel}","templated":true}]}}