{"id":365312,"date":"2026-02-03T06:17:50","date_gmt":"2026-02-03T10:17:50","guid":{"rendered":"https:\/\/www.eldiario.net\/portal\/?p=365312"},"modified":"2026-02-03T06:17:50","modified_gmt":"2026-02-03T10:17:50","slug":"hospital-vall-dhebron-realiza-el-primer-trasplante-de-cara","status":"publish","type":"post","link":"https:\/\/www.eldiario.net\/portal\/2026\/02\/03\/hospital-vall-dhebron-realiza-el-primer-trasplante-de-cara\/","title":{"rendered":"Hospital Vall d\u2019Hebron realiza el primer trasplante de cara"},"content":{"rendered":"<p>Un equipo multidisciplinar formado por cerca de un centenar de profesionales del Hospital Universitario Vall d\u2019Hebron de Barcelona realiz\u00f3 el primer trasplante parcial de cara del mundo a partir de una donante que hab\u00eda solicitado la eutanasia, un hito m\u00e9dico sin precedentes. El hospital barcelon\u00e9s dio a conocer la intervenci\u00f3n ayer en una rueda de prensa en la que estuvo presente la receptora, Carme, afectada por una grave infecci\u00f3n que provoc\u00f3 la necrosis de c\u00e9lulas y tejidos faciales.<\/p>\n<p>El trasplante facial exige una compatibilidad extremadamente precisa entre donante y receptor. Ambos deben compartir sexo y grupo sangu\u00edneo, adem\u00e1s de presentar medidas antropom\u00e9tricas similares, un requisito clave para garantizar la viabilidad del injerto.<\/p>\n<p>Seg\u00fan explic\u00f3 Joan-Pere Barret, jefe del servicio de cirug\u00eda pl\u00e1stica y quemados de Vall d\u2019Hebron, el hecho de contar con una donante que recibi\u00f3 la eutanasia permiti\u00f3 una planificaci\u00f3n quir\u00fargica excepcionalmente detallada. \u00abPudimos realizar una planificaci\u00f3n en 3D tanto de la donante como de la paciente, lo que facilit\u00f3 enormemente el trabajo\u00bb, se\u00f1al\u00f3. Esta preparaci\u00f3n previa contribuy\u00f3 de manera decisiva al \u00e9xito de una intervenci\u00f3n que marca un antes y un despu\u00e9s en la medicina reconstructiva.<\/p>\n<p>Todo ello sin que hubiera ninguna conexi\u00f3n entre la donante y la receptora, sostuvo por su parte el coordinador de Programas de Donaci\u00f3n y Trasplantes del Hospital Universitario Vall d&#8217;Hebron, Alberto Sandiumenge, quien asegur\u00f3 que cumplieron la ley de regulaci\u00f3n de la eutanasia \u00abestrictamente\u00bb.<\/p>\n<p>&nbsp;<\/p>\n<p>EVOLUCI\u00d3N \u00abFAVORABLE\u00bb<\/p>\n<p>Elisabeth Navas Moya, coordinadora m\u00e9dica del programa de donaci\u00f3n y trasplantes del Hospital Vall d\u2019Hebron, destac\u00f3 en una entrevista concedida al Canal 24 Horas la buena evoluci\u00f3n de Carme, la receptora, quien en sus propias palabras \u00abha recuperado una calidad de vida que no imaginaba que pudiera volver a tener\u00bb.<\/p>\n<p>Navas Moya explic\u00f3 que el trasplante est\u00e1 evolucionando favorablemente, tanto desde el punto de vista est\u00e9tico como funcional. \u00abNo se trata solo de tener una cara, sino de que esta sea funcional\u00bb, se\u00f1al\u00f3. En este sentido, la paciente ya recuper\u00f3 la sensibilidad, respira mejor, puede tragar con normalidad y ha vuelto a alimentarse por v\u00eda oral, algo que no pod\u00eda hacer antes de la intervenci\u00f3n.<\/p>\n<p>Adem\u00e1s, la recuperaci\u00f3n le permiti\u00f3 volver a salir a la calle y recuperar su identidad, aunque la coordinadora subraya que \u00ablo m\u00e1s importante es que la funcionalidad est\u00e1 evolucionando muy bien\u00bb. Actualmente, Carme realiza ejercicios diarios para fortalecer y activar la nueva musculatura facial.<\/p>\n<p>Navas Moya tambi\u00e9n recalc\u00f3 que uno de los aspectos clave en esta fase es evitar el rechazo del trasplante, por lo que la paciente est\u00e1 siguiendo un tratamiento con inmunosupresores. Asimismo, destac\u00f3 la importancia de la planificaci\u00f3n del procedimiento: \u00abTen\u00eda que ser un trasplante extremadamente bien organizado, y el hecho de disponer de varias semanas para prepararlo, al tratarse de una donaci\u00f3n programada procedente de una paciente sometida a eutanasia, fue determinante\u00bb.<\/p>\n<p>&nbsp;<\/p>\n<p>EXPERTOS<\/p>\n<p>Para poder llevar a cabo un trasplante de este tipo, se necesita la implicaci\u00f3n de expertos de distintos campos, como la cirug\u00eda pl\u00e1stica, trasplantes, inmunolog\u00eda, psiquiatr\u00eda y psicolog\u00eda cl\u00ednica, rehabilitaci\u00f3n y unidad de cuidados intensivos.<\/p>\n<p>Pere Barret, explic\u00f3 que Carme, a trav\u00e9s de la picadura de un insecto, sufri\u00f3 una infecci\u00f3n que le provoc\u00f3 una necrosis, la muerte irreversible de c\u00e9lulas y tejidos, en la cara. \u00abLo que podr\u00eda haber quedado en una an\u00e9cdota acab\u00f3 siendo una experiencia horrible para ella y todos los familiares\u00bb, lament\u00f3. Esta situaci\u00f3n caus\u00f3 una alteraci\u00f3n severa de sus funciones del habla, de su respiraci\u00f3n y de su nutrici\u00f3n, poniendo en peligro la vida.<\/p>\n<p>Carme fue a Vall d&#8217;Hebron para realizar una intervenci\u00f3n de urgencia para poder recibir nutrientes y se le ofreci\u00f3 la posibilidad del trasplante de cara. La paciente agradeci\u00f3 en rueda de prensa todo el trabajo que llev\u00f3 a cabo el equipo del Hospital Universitario Vall d&#8217;Hebron y expres\u00f3 que ahora mismo se encuentra \u00abbien y contenta\u00bb.<\/p>\n<p>\u00abHan estado all\u00ed las 24 horas del d\u00eda, y me han tratado como si fuera de su familia, ha sido maravilloso\u00bb, expres\u00f3 Carme. Respeto al m\u00e9dico que la trat\u00f3, explic\u00f3 que fue el \u00fanico experto que le ofreci\u00f3 alguna soluci\u00f3n, y lo calific\u00f3 como su \u00ab\u00e1ngel de la guarda\u00bb. Tambi\u00e9n agradeci\u00f3 \u00abde coraz\u00f3n\u00bb a la donante y a la familia por su acto de generosidad.<\/p>\n<p>&nbsp;<\/p>\n<p>CIRUG\u00cdA DE COMPLEJIDAD<\/p>\n<p>La cirug\u00eda del trasplante de cara es de m\u00e1xima complejidad, puede durar hasta 24 horas y requiere experiencia y recursos asistenciales de laboratorio. Se trasplantan piel, tejido adiposo, nervios perif\u00e9ricos, musculatura facial y hueso de la cara, con estructuras que son peque\u00f1as y con una disposici\u00f3n tridimensional compleja.<\/p>\n<p>Solo se realizaron 54 trasplantes de cara en el mundo y hay una veintena de centros trasplantadores, entre ellos el Hospital Vall d&#8217;Hebron de Barcelona.(RTVE)<\/p>\n<p>&nbsp;<\/p>\n","protected":false},"excerpt":{"rendered":"<p>Un equipo multidisciplinar formado por cerca de un centenar de profesionales del Hospital Universitario Vall d\u2019Hebron de Barcelona realiz\u00f3 el primer trasplante parcial de cara del mundo a partir de una donante que hab\u00eda solicitado la eutanasia, un hito m\u00e9dico sin precedentes. El hospital barcelon\u00e9s dio a conocer la intervenci\u00f3n ayer en una rueda de [&hellip;]<\/p>\n","protected":false},"author":1,"featured_media":365313,"comment_status":"closed","ping_status":"open","sticky":false,"template":"","format":"standard","meta":{"_acf_changed":false,"footnotes":""},"categories":[3],"tags":[],"class_list":["post-365312","post","type-post","status-publish","format-standard","has-post-thumbnail","category-internacional"],"acf":{"antetitulo":"Espa\u00f1a"},"yoast_head":"<!-- This site is optimized with the Yoast SEO plugin v28.4 - https:\/\/yoast.com\/product\/yoast-seo-wordpress\/ -->\n<title>Hospital Vall d\u2019Hebron realiza el primer trasplante de cara - El Diario - Bolivia<\/title>\n<meta name=\"robots\" content=\"index, follow, max-snippet:-1, max-image-preview:large, max-video-preview:-1\" \/>\n<link rel=\"canonical\" href=\"https:\/\/www.eldiario.net\/portal\/2026\/02\/03\/hospital-vall-dhebron-realiza-el-primer-trasplante-de-cara\/\" \/>\n<meta property=\"og:locale\" content=\"es_ES\" \/>\n<meta property=\"og:type\" content=\"article\" \/>\n<meta property=\"og:title\" content=\"Hospital Vall d\u2019Hebron realiza el primer trasplante de cara - El Diario - Bolivia\" \/>\n<meta property=\"og:description\" content=\"Un equipo multidisciplinar formado por cerca de un centenar de profesionales del Hospital Universitario Vall d\u2019Hebron de Barcelona realiz\u00f3 el primer trasplante parcial de cara del mundo a partir de una donante que hab\u00eda solicitado la eutanasia, un hito m\u00e9dico sin precedentes. El hospital barcelon\u00e9s dio a conocer la intervenci\u00f3n ayer en una rueda de [&hellip;]\" \/>\n<meta property=\"og:url\" content=\"https:\/\/www.eldiario.net\/portal\/2026\/02\/03\/hospital-vall-dhebron-realiza-el-primer-trasplante-de-cara\/\" \/>\n<meta property=\"og:site_name\" content=\"El Diario - Bolivia\" \/>\n<meta property=\"article:publisher\" content=\"https:\/\/www.facebook.com\/eldiario.bolivia\/\" \/>\n<meta property=\"article:published_time\" content=\"2026-02-03T10:17:50+00:00\" \/>\n<meta property=\"og:image\" content=\"https:\/\/www.eldiario.net\/portal\/wp-content\/uploads\/2026\/02\/ESPANA-FOTO.webp\" \/>\n\t<meta property=\"og:image:width\" content=\"1280\" \/>\n\t<meta property=\"og:image:height\" content=\"720\" \/>\n\t<meta property=\"og:image:type\" content=\"image\/webp\" \/>\n<meta name=\"author\" content=\"Jeanette\" \/>\n<meta name=\"twitter:card\" content=\"summary_large_image\" \/>\n<meta name=\"twitter:creator\" content=\"@eldiario_net\" \/>\n<meta name=\"twitter:site\" content=\"@eldiario_net\" \/>\n<meta name=\"twitter:label1\" content=\"Escrito por\" \/>\n\t<meta name=\"twitter:data1\" content=\"Jeanette\" \/>\n\t<meta name=\"twitter:label2\" content=\"Tiempo de lectura\" \/>\n\t<meta name=\"twitter:data2\" content=\"4 minutos\" \/>\n<script type=\"application\/ld+json\" class=\"yoast-schema-graph\">{\"@context\":\"https:\\\/\\\/schema.org\",\"@graph\":[{\"@type\":\"Article\",\"@id\":\"https:\\\/\\\/www.eldiario.net\\\/portal\\\/2026\\\/02\\\/03\\\/hospital-vall-dhebron-realiza-el-primer-trasplante-de-cara\\\/#article\",\"isPartOf\":{\"@id\":\"https:\\\/\\\/www.eldiario.net\\\/portal\\\/2026\\\/02\\\/03\\\/hospital-vall-dhebron-realiza-el-primer-trasplante-de-cara\\\/\"},\"author\":{\"name\":\"Jeanette\",\"@id\":\"https:\\\/\\\/www.eldiario.net\\\/portal\\\/#\\\/schema\\\/person\\\/f46445640444750d7d753ccd04ae01b7\"},\"headline\":\"Hospital Vall d\u2019Hebron realiza el primer trasplante de cara\",\"datePublished\":\"2026-02-03T10:17:50+00:00\",\"mainEntityOfPage\":{\"@id\":\"https:\\\/\\\/www.eldiario.net\\\/portal\\\/2026\\\/02\\\/03\\\/hospital-vall-dhebron-realiza-el-primer-trasplante-de-cara\\\/\"},\"wordCount\":857,\"publisher\":{\"@id\":\"https:\\\/\\\/www.eldiario.net\\\/portal\\\/#organization\"},\"image\":{\"@id\":\"https:\\\/\\\/www.eldiario.net\\\/portal\\\/2026\\\/02\\\/03\\\/hospital-vall-dhebron-realiza-el-primer-trasplante-de-cara\\\/#primaryimage\"},\"thumbnailUrl\":\"https:\\\/\\\/www.eldiario.net\\\/portal\\\/wp-content\\\/uploads\\\/2026\\\/02\\\/ESPANA-FOTO.webp\",\"articleSection\":[\"Internacional\"],\"inLanguage\":\"es\"},{\"@type\":\"WebPage\",\"@id\":\"https:\\\/\\\/www.eldiario.net\\\/portal\\\/2026\\\/02\\\/03\\\/hospital-vall-dhebron-realiza-el-primer-trasplante-de-cara\\\/\",\"url\":\"https:\\\/\\\/www.eldiario.net\\\/portal\\\/2026\\\/02\\\/03\\\/hospital-vall-dhebron-realiza-el-primer-trasplante-de-cara\\\/\",\"name\":\"Hospital Vall d\u2019Hebron realiza el primer trasplante de cara - El Diario - Bolivia\",\"isPartOf\":{\"@id\":\"https:\\\/\\\/www.eldiario.net\\\/portal\\\/#website\"},\"primaryImageOfPage\":{\"@id\":\"https:\\\/\\\/www.eldiario.net\\\/portal\\\/2026\\\/02\\\/03\\\/hospital-vall-dhebron-realiza-el-primer-trasplante-de-cara\\\/#primaryimage\"},\"image\":{\"@id\":\"https:\\\/\\\/www.eldiario.net\\\/portal\\\/2026\\\/02\\\/03\\\/hospital-vall-dhebron-realiza-el-primer-trasplante-de-cara\\\/#primaryimage\"},\"thumbnailUrl\":\"https:\\\/\\\/www.eldiario.net\\\/portal\\\/wp-content\\\/uploads\\\/2026\\\/02\\\/ESPANA-FOTO.webp\",\"datePublished\":\"2026-02-03T10:17:50+00:00\",\"breadcrumb\":{\"@id\":\"https:\\\/\\\/www.eldiario.net\\\/portal\\\/2026\\\/02\\\/03\\\/hospital-vall-dhebron-realiza-el-primer-trasplante-de-cara\\\/#breadcrumb\"},\"inLanguage\":\"es\",\"potentialAction\":[{\"@type\":\"ReadAction\",\"target\":[\"https:\\\/\\\/www.eldiario.net\\\/portal\\\/2026\\\/02\\\/03\\\/hospital-vall-dhebron-realiza-el-primer-trasplante-de-cara\\\/\"]}]},{\"@type\":\"ImageObject\",\"inLanguage\":\"es\",\"@id\":\"https:\\\/\\\/www.eldiario.net\\\/portal\\\/2026\\\/02\\\/03\\\/hospital-vall-dhebron-realiza-el-primer-trasplante-de-cara\\\/#primaryimage\",\"url\":\"https:\\\/\\\/www.eldiario.net\\\/portal\\\/wp-content\\\/uploads\\\/2026\\\/02\\\/ESPANA-FOTO.webp\",\"contentUrl\":\"https:\\\/\\\/www.eldiario.net\\\/portal\\\/wp-content\\\/uploads\\\/2026\\\/02\\\/ESPANA-FOTO.webp\",\"width\":1280,\"height\":720,\"caption\":\"Vall d\u2019Hebron realiza primer trasplante de cara del mundo de una donante. CREDITO: RTVE\"},{\"@type\":\"BreadcrumbList\",\"@id\":\"https:\\\/\\\/www.eldiario.net\\\/portal\\\/2026\\\/02\\\/03\\\/hospital-vall-dhebron-realiza-el-primer-trasplante-de-cara\\\/#breadcrumb\",\"itemListElement\":[{\"@type\":\"ListItem\",\"position\":1,\"name\":\"Portada\",\"item\":\"https:\\\/\\\/www.eldiario.net\\\/portal\\\/\"},{\"@type\":\"ListItem\",\"position\":2,\"name\":\"Hospital Vall d\u2019Hebron realiza el primer trasplante de cara\"}]},{\"@type\":\"WebSite\",\"@id\":\"https:\\\/\\\/www.eldiario.net\\\/portal\\\/#website\",\"url\":\"https:\\\/\\\/www.eldiario.net\\\/portal\\\/\",\"name\":\"El Diario - Decano de la prensa nacional\",\"description\":\"El Diario - Decano de la prensa nacional\",\"publisher\":{\"@id\":\"https:\\\/\\\/www.eldiario.net\\\/portal\\\/#organization\"},\"potentialAction\":[{\"@type\":\"SearchAction\",\"target\":{\"@type\":\"EntryPoint\",\"urlTemplate\":\"https:\\\/\\\/www.eldiario.net\\\/portal\\\/?s={search_term_string}\"},\"query-input\":{\"@type\":\"PropertyValueSpecification\",\"valueRequired\":true,\"valueName\":\"search_term_string\"}}],\"inLanguage\":\"es\"},{\"@type\":\"Organization\",\"@id\":\"https:\\\/\\\/www.eldiario.net\\\/portal\\\/#organization\",\"name\":\"El Diario - Decano de la prensa nacional\",\"url\":\"https:\\\/\\\/www.eldiario.net\\\/portal\\\/\",\"logo\":{\"@type\":\"ImageObject\",\"inLanguage\":\"es\",\"@id\":\"https:\\\/\\\/www.eldiario.net\\\/portal\\\/#\\\/schema\\\/logo\\\/image\\\/\",\"url\":\"https:\\\/\\\/www.eldiario.net\\\/portal\\\/wp-content\\\/uploads\\\/2023\\\/07\\\/logo_ED.jpg\",\"contentUrl\":\"https:\\\/\\\/www.eldiario.net\\\/portal\\\/wp-content\\\/uploads\\\/2023\\\/07\\\/logo_ED.jpg\",\"width\":272,\"height\":52,\"caption\":\"El Diario - Decano de la prensa nacional\"},\"image\":{\"@id\":\"https:\\\/\\\/www.eldiario.net\\\/portal\\\/#\\\/schema\\\/logo\\\/image\\\/\"},\"sameAs\":[\"https:\\\/\\\/www.facebook.com\\\/eldiario.bolivia\\\/\",\"https:\\\/\\\/x.com\\\/eldiario_net\"]},{\"@type\":\"Person\",\"@id\":\"https:\\\/\\\/www.eldiario.net\\\/portal\\\/#\\\/schema\\\/person\\\/f46445640444750d7d753ccd04ae01b7\",\"name\":\"Jeanette\",\"image\":{\"@type\":\"ImageObject\",\"inLanguage\":\"es\",\"@id\":\"https:\\\/\\\/secure.gravatar.com\\\/avatar\\\/3ea2118a5f7dad2b7138b1187a6b7ee55f160b9968b66013c3a3ef39dd7e5798?s=96&d=mm&r=g\",\"url\":\"https:\\\/\\\/secure.gravatar.com\\\/avatar\\\/3ea2118a5f7dad2b7138b1187a6b7ee55f160b9968b66013c3a3ef39dd7e5798?s=96&d=mm&r=g\",\"contentUrl\":\"https:\\\/\\\/secure.gravatar.com\\\/avatar\\\/3ea2118a5f7dad2b7138b1187a6b7ee55f160b9968b66013c3a3ef39dd7e5798?s=96&d=mm&r=g\",\"caption\":\"Jeanette\"},\"sameAs\":[\"https:\\\/\\\/www.eldiario.net\\\/portal\"],\"url\":\"https:\\\/\\\/www.eldiario.net\\\/portal\\\/author\\\/jeanette\\\/\"}]}<\/script>\n<!-- \/ Yoast SEO plugin. -->","yoast_head_json":{"title":"Hospital Vall d\u2019Hebron realiza el primer trasplante de cara - El Diario - Bolivia","robots":{"index":"index","follow":"follow","max-snippet":"max-snippet:-1","max-image-preview":"max-image-preview:large","max-video-preview":"max-video-preview:-1"},"canonical":"https:\/\/www.eldiario.net\/portal\/2026\/02\/03\/hospital-vall-dhebron-realiza-el-primer-trasplante-de-cara\/","og_locale":"es_ES","og_type":"article","og_title":"Hospital Vall d\u2019Hebron realiza el primer trasplante de cara - El Diario - Bolivia","og_description":"Un equipo multidisciplinar formado por cerca de un centenar de profesionales del Hospital Universitario Vall d\u2019Hebron de Barcelona realiz\u00f3 el primer trasplante parcial de cara del mundo a partir de una donante que hab\u00eda solicitado la eutanasia, un hito m\u00e9dico sin precedentes. El hospital barcelon\u00e9s dio a conocer la intervenci\u00f3n ayer en una rueda de [&hellip;]","og_url":"https:\/\/www.eldiario.net\/portal\/2026\/02\/03\/hospital-vall-dhebron-realiza-el-primer-trasplante-de-cara\/","og_site_name":"El Diario - Bolivia","article_publisher":"https:\/\/www.facebook.com\/eldiario.bolivia\/","article_published_time":"2026-02-03T10:17:50+00:00","og_image":[{"width":1280,"height":720,"url":"https:\/\/www.eldiario.net\/portal\/wp-content\/uploads\/2026\/02\/ESPANA-FOTO.webp","type":"image\/webp"}],"author":"Jeanette","twitter_card":"summary_large_image","twitter_creator":"@eldiario_net","twitter_site":"@eldiario_net","twitter_misc":{"Escrito por":"Jeanette","Tiempo de lectura":"4 minutos"},"schema":{"@context":"https:\/\/schema.org","@graph":[{"@type":"Article","@id":"https:\/\/www.eldiario.net\/portal\/2026\/02\/03\/hospital-vall-dhebron-realiza-el-primer-trasplante-de-cara\/#article","isPartOf":{"@id":"https:\/\/www.eldiario.net\/portal\/2026\/02\/03\/hospital-vall-dhebron-realiza-el-primer-trasplante-de-cara\/"},"author":{"name":"Jeanette","@id":"https:\/\/www.eldiario.net\/portal\/#\/schema\/person\/f46445640444750d7d753ccd04ae01b7"},"headline":"Hospital Vall d\u2019Hebron realiza el primer trasplante de cara","datePublished":"2026-02-03T10:17:50+00:00","mainEntityOfPage":{"@id":"https:\/\/www.eldiario.net\/portal\/2026\/02\/03\/hospital-vall-dhebron-realiza-el-primer-trasplante-de-cara\/"},"wordCount":857,"publisher":{"@id":"https:\/\/www.eldiario.net\/portal\/#organization"},"image":{"@id":"https:\/\/www.eldiario.net\/portal\/2026\/02\/03\/hospital-vall-dhebron-realiza-el-primer-trasplante-de-cara\/#primaryimage"},"thumbnailUrl":"https:\/\/www.eldiario.net\/portal\/wp-content\/uploads\/2026\/02\/ESPANA-FOTO.webp","articleSection":["Internacional"],"inLanguage":"es"},{"@type":"WebPage","@id":"https:\/\/www.eldiario.net\/portal\/2026\/02\/03\/hospital-vall-dhebron-realiza-el-primer-trasplante-de-cara\/","url":"https:\/\/www.eldiario.net\/portal\/2026\/02\/03\/hospital-vall-dhebron-realiza-el-primer-trasplante-de-cara\/","name":"Hospital Vall d\u2019Hebron realiza el primer trasplante de cara - El Diario - Bolivia","isPartOf":{"@id":"https:\/\/www.eldiario.net\/portal\/#website"},"primaryImageOfPage":{"@id":"https:\/\/www.eldiario.net\/portal\/2026\/02\/03\/hospital-vall-dhebron-realiza-el-primer-trasplante-de-cara\/#primaryimage"},"image":{"@id":"https:\/\/www.eldiario.net\/portal\/2026\/02\/03\/hospital-vall-dhebron-realiza-el-primer-trasplante-de-cara\/#primaryimage"},"thumbnailUrl":"https:\/\/www.eldiario.net\/portal\/wp-content\/uploads\/2026\/02\/ESPANA-FOTO.webp","datePublished":"2026-02-03T10:17:50+00:00","breadcrumb":{"@id":"https:\/\/www.eldiario.net\/portal\/2026\/02\/03\/hospital-vall-dhebron-realiza-el-primer-trasplante-de-cara\/#breadcrumb"},"inLanguage":"es","potentialAction":[{"@type":"ReadAction","target":["https:\/\/www.eldiario.net\/portal\/2026\/02\/03\/hospital-vall-dhebron-realiza-el-primer-trasplante-de-cara\/"]}]},{"@type":"ImageObject","inLanguage":"es","@id":"https:\/\/www.eldiario.net\/portal\/2026\/02\/03\/hospital-vall-dhebron-realiza-el-primer-trasplante-de-cara\/#primaryimage","url":"https:\/\/www.eldiario.net\/portal\/wp-content\/uploads\/2026\/02\/ESPANA-FOTO.webp","contentUrl":"https:\/\/www.eldiario.net\/portal\/wp-content\/uploads\/2026\/02\/ESPANA-FOTO.webp","width":1280,"height":720,"caption":"Vall d\u2019Hebron realiza primer trasplante de cara del mundo de una donante. CREDITO: RTVE"},{"@type":"BreadcrumbList","@id":"https:\/\/www.eldiario.net\/portal\/2026\/02\/03\/hospital-vall-dhebron-realiza-el-primer-trasplante-de-cara\/#breadcrumb","itemListElement":[{"@type":"ListItem","position":1,"name":"Portada","item":"https:\/\/www.eldiario.net\/portal\/"},{"@type":"ListItem","position":2,"name":"Hospital Vall d\u2019Hebron realiza el primer trasplante de cara"}]},{"@type":"WebSite","@id":"https:\/\/www.eldiario.net\/portal\/#website","url":"https:\/\/www.eldiario.net\/portal\/","name":"El Diario - Decano de la prensa nacional","description":"El Diario - Decano de la prensa nacional","publisher":{"@id":"https:\/\/www.eldiario.net\/portal\/#organization"},"potentialAction":[{"@type":"SearchAction","target":{"@type":"EntryPoint","urlTemplate":"https:\/\/www.eldiario.net\/portal\/?s={search_term_string}"},"query-input":{"@type":"PropertyValueSpecification","valueRequired":true,"valueName":"search_term_string"}}],"inLanguage":"es"},{"@type":"Organization","@id":"https:\/\/www.eldiario.net\/portal\/#organization","name":"El Diario - Decano de la prensa nacional","url":"https:\/\/www.eldiario.net\/portal\/","logo":{"@type":"ImageObject","inLanguage":"es","@id":"https:\/\/www.eldiario.net\/portal\/#\/schema\/logo\/image\/","url":"https:\/\/www.eldiario.net\/portal\/wp-content\/uploads\/2023\/07\/logo_ED.jpg","contentUrl":"https:\/\/www.eldiario.net\/portal\/wp-content\/uploads\/2023\/07\/logo_ED.jpg","width":272,"height":52,"caption":"El Diario - Decano de la prensa nacional"},"image":{"@id":"https:\/\/www.eldiario.net\/portal\/#\/schema\/logo\/image\/"},"sameAs":["https:\/\/www.facebook.com\/eldiario.bolivia\/","https:\/\/x.com\/eldiario_net"]},{"@type":"Person","@id":"https:\/\/www.eldiario.net\/portal\/#\/schema\/person\/f46445640444750d7d753ccd04ae01b7","name":"Jeanette","image":{"@type":"ImageObject","inLanguage":"es","@id":"https:\/\/secure.gravatar.com\/avatar\/3ea2118a5f7dad2b7138b1187a6b7ee55f160b9968b66013c3a3ef39dd7e5798?s=96&d=mm&r=g","url":"https:\/\/secure.gravatar.com\/avatar\/3ea2118a5f7dad2b7138b1187a6b7ee55f160b9968b66013c3a3ef39dd7e5798?s=96&d=mm&r=g","contentUrl":"https:\/\/secure.gravatar.com\/avatar\/3ea2118a5f7dad2b7138b1187a6b7ee55f160b9968b66013c3a3ef39dd7e5798?s=96&d=mm&r=g","caption":"Jeanette"},"sameAs":["https:\/\/www.eldiario.net\/portal"],"url":"https:\/\/www.eldiario.net\/portal\/author\/jeanette\/"}]}},"_links":{"self":[{"href":"https:\/\/www.eldiario.net\/portal\/wp-json\/wp\/v2\/posts\/365312","targetHints":{"allow":["GET"]}}],"collection":[{"href":"https:\/\/www.eldiario.net\/portal\/wp-json\/wp\/v2\/posts"}],"about":[{"href":"https:\/\/www.eldiario.net\/portal\/wp-json\/wp\/v2\/types\/post"}],"author":[{"embeddable":true,"href":"https:\/\/www.eldiario.net\/portal\/wp-json\/wp\/v2\/users\/1"}],"replies":[{"embeddable":true,"href":"https:\/\/www.eldiario.net\/portal\/wp-json\/wp\/v2\/comments?post=365312"}],"version-history":[{"count":1,"href":"https:\/\/www.eldiario.net\/portal\/wp-json\/wp\/v2\/posts\/365312\/revisions"}],"predecessor-version":[{"id":365314,"href":"https:\/\/www.eldiario.net\/portal\/wp-json\/wp\/v2\/posts\/365312\/revisions\/365314"}],"wp:featuredmedia":[{"embeddable":true,"href":"https:\/\/www.eldiario.net\/portal\/wp-json\/wp\/v2\/media\/365313"}],"wp:attachment":[{"href":"https:\/\/www.eldiario.net\/portal\/wp-json\/wp\/v2\/media?parent=365312"}],"wp:term":[{"taxonomy":"category","embeddable":true,"href":"https:\/\/www.eldiario.net\/portal\/wp-json\/wp\/v2\/categories?post=365312"},{"taxonomy":"post_tag","embeddable":true,"href":"https:\/\/www.eldiario.net\/portal\/wp-json\/wp\/v2\/tags?post=365312"}],"curies":[{"name":"wp","href":"https:\/\/api.w.org\/{rel}","templated":true}]}}