{"id":365309,"date":"2026-02-03T06:17:08","date_gmt":"2026-02-03T10:17:08","guid":{"rendered":"https:\/\/www.eldiario.net\/portal\/?p=365309"},"modified":"2026-02-03T06:17:08","modified_gmt":"2026-02-03T10:17:08","slug":"bad-bunny-hace-historia-en-grammy-al-ganar-con-su-disco-a-mejor-album","status":"publish","type":"post","link":"https:\/\/www.eldiario.net\/portal\/2026\/02\/03\/bad-bunny-hace-historia-en-grammy-al-ganar-con-su-disco-a-mejor-album\/","title":{"rendered":"Bad Bunny hace historia en Grammy al ganar con su disco a Mejor Alb\u00fam"},"content":{"rendered":"<p>Bad Bunny se convirti\u00f3 en el primer artista en los 68 a\u00f1os de historia de los premios Grammy en ganar en la categor\u00eda de Mejor \u00c1lbum del A\u00f1o con un disco completamente en espa\u00f1ol.<\/p>\n<p>El m\u00fasico puertorrique\u00f1o fue galardonado por su sexto \u00e1lbum, \u00abDeb\u00ed Tirar M\u00e1s Fotos\u00bb, una exploraci\u00f3n personal y conmovedora de la historia de la m\u00fasica latina que super\u00f3 a Lady Gaga, Kendrick Lamar y Sabrina Carpenter al conseguir el premio principal de la ceremonia.<\/p>\n<p>El artista de 31 a\u00f1os, quien encabezar\u00e1 el espect\u00e1culo de medio tiempo del Super Bowl la pr\u00f3xima semana, dedic\u00f3 su premio a los inmigrantes, culminando as\u00ed un evento en el que muchos artistas criticaron duramente la actual mano dura contra los migrantes del gobierno de Donald Trump.<\/p>\n<p>Entre ellos se encontraba la estrella brit\u00e1nica Olivia Dean, nombrada mejor artista nuevo.<\/p>\n<p>\u00abEstoy aqu\u00ed como nieta de un inmigrante\u00bb, sostuvo la cantante, cuya abuela Carmen form\u00f3 parte de la generaci\u00f3n Windrush (de la gente que emigr\u00f3 de pa\u00edses del Caribe a Reino Unido en 1948).<\/p>\n<p>\u00abSoy producto de la valent\u00eda y creo que esas personas merecen ser celebradas. No somos nada el uno sin el otro\u00bb.<\/p>\n<p>Estrellas como Kehlani, Gloria Estefan y Billie Eilish tambi\u00e9n hablaron en apoyo de los inmigrantes, mientras que otros artistas llevaban en la alfombra roja insignias que dec\u00edan \u00abIce out\u00bb (Fuera ICE).<\/p>\n<p>Bad Bunny, cuyo verdadero nombre es Benito Mart\u00ednez Ocasio, pareci\u00f3 estupefacto cuando Harry Styles ley\u00f3 su nombre para el premio al \u00e1lbum del a\u00f1o. Se tom\u00f3 un momento para recomponerse antes de subir al escenario.<\/p>\n<p>Una vez all\u00ed, con l\u00e1grimas en los ojos, dedic\u00f3 el premio \u00aba todas las personas que tuvieron que dejar su hogar, su tierra, su pa\u00eds, para perseguir sus sue\u00f1os\u00bb.<\/p>\n<p>Antes, cuando gan\u00f3 el premio al mejor \u00e1lbum de m\u00fasica urbana, Bad Bunny se expres\u00f3 de forma m\u00e1s directa.<\/p>\n<p>\u00abAntes de dar las gracias a Dios, voy a decir \u00a1Fuera ICE!\u00bb, declar\u00f3 refiri\u00e9ndose a los agentes de inmigraci\u00f3n estadounidenses tras semanas de tensi\u00f3n en Mine\u00e1polis, en la que murieron dos civiles.<\/p>\n<p>\u00abNo somos salvajes, no somos animales, no somos extranjeros, somos humanos y somos estadounidenses\u00bb.<\/p>\n<p>Billie Eilish, que gan\u00f3 el premio a la canci\u00f3n del a\u00f1o por \u00abWildflower\u00bb, tambi\u00e9n abord\u00f3 la crisis actual que afecta a Estados Unidos.<\/p>\n<p>\u00abEs realmente dif\u00edcil saber qu\u00e9 decir y qu\u00e9 hacer en este momento\u00bb, sostuvo. \u00abY siento que simplemente debemos seguir luchando, alzando la voz y protestando. Nuestras voces realmente importan, y la gente importa\u00bb.<\/p>\n<p>\u00abWildflower\u00bb, un \u00e9xito inesperado del tercer \u00e1lbum de Eilish, \u00abHit Me Hard And Soft\u00bb, se convirti\u00f3 en su tercera canci\u00f3n en ganar el premio a la canci\u00f3n del a\u00f1o en esta d\u00e9cada.<\/p>\n<p>Anteriormente gan\u00f3 en 2020 por su \u00e9xito revelaci\u00f3n, \u00abBad Guy\u00bb, y en 2021 por la balada \u00abEverything I Wanted\u00bb.<\/p>\n<p>Previamente en la ceremonia, Kendrick Lamar obtuvo el premio al mejor \u00e1lbum de rap por \u00abGNX\u00bb, superando a Jay-Z como el rapero con m\u00e1s premios Grammy: 26 en total.<\/p>\n<p>Despu\u00e9s agreg\u00f3 a su colecci\u00f3n su vig\u00e9simo s\u00e9ptimo trofeo: el de grabaci\u00f3n del a\u00f1o por \u00abLuther\u00bb, un conmovedor dueto con la cantante de R&amp;B SZA.<\/p>\n<p>&nbsp;<\/p>\n<p>CONFUSI\u00d3N DE CHER<\/p>\n<p>La victoria lleg\u00f3 tras un par de minutos confusos en el escenario del Crypto.com Arena de Los \u00c1ngeles.<\/p>\n<p>Cher, quien acababa de recibir un premio a la trayectoria, abandon\u00f3 el escenario sin leer los nominados y no supo c\u00f3mo averiguar qui\u00e9n hab\u00eda ganado.<\/p>\n<p>\u00abMe dijeron que saldr\u00eda en el teleprompter\u00bb, se\u00f1al\u00f3, antes de abrir el sobre y leer incorrectamente la tarjeta. Por un momento, pareci\u00f3 que el premio hab\u00eda sido para el fallecido cantante de soul Luther Vandross, cuya voz es reproducida en la canci\u00f3n de Lamar.<\/p>\n<p>Lamar se tom\u00f3 la confusi\u00f3n con calma y rindi\u00f3 homenaje a Vandross en el escenario.<\/p>\n<p>\u00abTengo que tomarme mi tiempo, porque \u00e9l es uno de mis artistas favoritos de todos los tiempos\u00bb, sostuvo el rapero, revelando que derram\u00f3 una l\u00e1grima cuando le permitieron reproducir la voz de Vandross.<\/p>\n<p>\u00abMe dijeron que lo hiciera &#8216;sin insultos'\u00bb, record\u00f3. \u00abEso era lo \u00fanico. No pod\u00edamos insultar en la canci\u00f3n\u00bb.<\/p>\n<p>Acompa\u00f1ando a \u00e9l en el escenario, SZA tambi\u00e9n abord\u00f3 el clima pol\u00edtico actual.<\/p>\n<p>\u00abPor favor, no se desesperen. S\u00e9 que ahora es un momento aterrador, pero debemos confiar los unos en los otros y en nosotros mismos.<\/p>\n<p>\u00abNo nos gobierna el gobierno, nos gobierna Dios\u00bb.<\/p>\n<p>\u00abMayhem\u00bb de Lady Gaga fue nombrado mejor \u00e1lbum pop, y la estrella subi\u00f3 al escenario con entusiasmo para aceptar su 16\u00ba trofeo de gram\u00f3fono dorado.<\/p>\n<p>\u00abCada vez que estoy aqu\u00ed, siento que necesito pellizcarme\u00bb, sostuvo.<\/p>\n<p>Gaga tambi\u00e9n aprovech\u00f3 su discurso para instar a las mujeres en la m\u00fasica a defender su visi\u00f3n creativa. \u00abS\u00e9 que a veces, cuando est\u00e1s en el estudio con un grupo de chicos, puede ser dif\u00edcil\u00bb, se\u00f1al\u00f3.<\/p>\n<p>\u00abLas animo a&#8230; luchar por sus canciones, luchar por ustedes mismas como productoras y asegurarse de que se les escuche con fuerza\u00bb.<\/p>\n<p>Mientras tanto, \u00abGolden\u00bb, un \u00e9xito de la pel\u00edcula \u00abKPop Demon Hunters\u00bb, se convirti\u00f3 en la primera canci\u00f3n de K-Pop en ganar un Grammy.<\/p>\n<p>La pegajosa melod\u00eda fue nombrada mejor canci\u00f3n para medios visuales, pero las esperanzas de otros nominados de K-Pop, como la cantante Ros\u00e9 y el grupo femenino Katseye, se vieron frustradas.<\/p>\n<p>&nbsp;<\/p>\n<p>HITO LATINO<\/p>\n<p>Bad Bunny se llev\u00f3 tres premios en total, un hito significativo para la m\u00fasica latina, que durante muchos a\u00f1os estuvo relegada a un segundo plano por la industria musical angl\u00f3fona.<\/p>\n<p>Pero la llegada del streaming ayud\u00f3 a derribar las barreras ling\u00fc\u00edsticas. El a\u00f1o pasado, Bad Bunny fue el artista m\u00e1s escuchado en Spotify, alcanzando la asombrosa cifra de 19.800 millones de reproducciones.<\/p>\n<p>Al aceptar el premio al \u00e1lbum del a\u00f1o, el artista abord\u00f3 los temas de duelo y p\u00e9rdida que inspiraron \u00abDeb\u00ed tirar m\u00e1s fotos\u00bb.<\/p>\n<p>\u00abPara todas las personas que han perdido a un ser querido y han tenido que seguir adelante con mucha fuerza, este premio es para ustedes\u00bb, sostuvo.<\/p>\n<p>Es la primera vez que un disco en espa\u00f1ol es nombrado \u00e1lbum del a\u00f1o.<\/p>\n<p>Horas antes, las superestrellas argentinas Ca7riel y Paco Amoroso recibieron su primer Grammy al mejor \u00e1lbum de rock latino o alternativo por \u00abPapota\u00bb, una victoria que llega despu\u00e9s de llevarse cinco trofeos en los Grammy Latinos.<\/p>\n<p>Gloria Estefan se llev\u00f3 a casa su cuarto Grammy al mejor \u00e1lbum tropical latino por \u00abRa\u00edces\u00bb.<\/p>\n<p>La compositora mexicana Gabriela Ortiz gan\u00f3 mejor composici\u00f3n cl\u00e1sica contempor\u00e1nea por \u00abDzonot\u00bb.<\/p>\n<p>Y la tambi\u00e9n mexicana Natalia Lafourcade gan\u00f3 su cuarto Grammy al mejor \u00e1lbum pop latino por \u00abCancionera\u00bb.(BBC)<\/p>\n","protected":false},"excerpt":{"rendered":"<p>Bad Bunny se convirti\u00f3 en el primer artista en los 68 a\u00f1os de historia de los premios Grammy en ganar en la categor\u00eda de Mejor \u00c1lbum del A\u00f1o con un disco completamente en espa\u00f1ol. El m\u00fasico puertorrique\u00f1o fue galardonado por su sexto \u00e1lbum, \u00abDeb\u00ed Tirar M\u00e1s Fotos\u00bb, una exploraci\u00f3n personal y conmovedora de la historia [&hellip;]<\/p>\n","protected":false},"author":1,"featured_media":365310,"comment_status":"closed","ping_status":"open","sticky":false,"template":"","format":"standard","meta":{"_acf_changed":false,"footnotes":""},"categories":[3],"tags":[],"class_list":["post-365309","post","type-post","status-publish","format-standard","has-post-thumbnail","category-internacional"],"acf":{"antetitulo":""},"yoast_head":"<!-- This site is optimized with the Yoast SEO plugin v28.4 - https:\/\/yoast.com\/product\/yoast-seo-wordpress\/ -->\n<title>Bad Bunny hace historia en Grammy al ganar con su disco a Mejor Alb\u00fam - El Diario - Bolivia<\/title>\n<meta name=\"robots\" content=\"index, follow, max-snippet:-1, max-image-preview:large, max-video-preview:-1\" \/>\n<link rel=\"canonical\" href=\"https:\/\/www.eldiario.net\/portal\/2026\/02\/03\/bad-bunny-hace-historia-en-grammy-al-ganar-con-su-disco-a-mejor-album\/\" \/>\n<meta property=\"og:locale\" content=\"es_ES\" \/>\n<meta property=\"og:type\" content=\"article\" \/>\n<meta property=\"og:title\" content=\"Bad Bunny hace historia en Grammy al ganar con su disco a Mejor Alb\u00fam - El Diario - Bolivia\" \/>\n<meta property=\"og:description\" content=\"Bad Bunny se convirti\u00f3 en el primer artista en los 68 a\u00f1os de historia de los premios Grammy en ganar en la categor\u00eda de Mejor \u00c1lbum del A\u00f1o con un disco completamente en espa\u00f1ol. El m\u00fasico puertorrique\u00f1o fue galardonado por su sexto \u00e1lbum, \u00abDeb\u00ed Tirar M\u00e1s Fotos\u00bb, una exploraci\u00f3n personal y conmovedora de la historia [&hellip;]\" \/>\n<meta property=\"og:url\" content=\"https:\/\/www.eldiario.net\/portal\/2026\/02\/03\/bad-bunny-hace-historia-en-grammy-al-ganar-con-su-disco-a-mejor-album\/\" \/>\n<meta property=\"og:site_name\" content=\"El Diario - Bolivia\" \/>\n<meta property=\"article:publisher\" content=\"https:\/\/www.facebook.com\/eldiario.bolivia\/\" \/>\n<meta property=\"article:published_time\" content=\"2026-02-03T10:17:08+00:00\" \/>\n<meta property=\"og:image\" content=\"https:\/\/www.eldiario.net\/portal\/wp-content\/uploads\/2026\/02\/GRAMMY-FOTO.webp\" \/>\n\t<meta property=\"og:image:width\" content=\"800\" \/>\n\t<meta property=\"og:image:height\" content=\"449\" \/>\n\t<meta property=\"og:image:type\" content=\"image\/webp\" \/>\n<meta name=\"author\" content=\"Jeanette\" \/>\n<meta name=\"twitter:card\" content=\"summary_large_image\" \/>\n<meta name=\"twitter:creator\" content=\"@eldiario_net\" \/>\n<meta name=\"twitter:site\" content=\"@eldiario_net\" \/>\n<meta name=\"twitter:label1\" content=\"Escrito por\" \/>\n\t<meta name=\"twitter:data1\" content=\"Jeanette\" \/>\n\t<meta name=\"twitter:label2\" content=\"Tiempo de lectura\" \/>\n\t<meta name=\"twitter:data2\" content=\"6 minutos\" \/>\n<script type=\"application\/ld+json\" class=\"yoast-schema-graph\">{\"@context\":\"https:\\\/\\\/schema.org\",\"@graph\":[{\"@type\":\"Article\",\"@id\":\"https:\\\/\\\/www.eldiario.net\\\/portal\\\/2026\\\/02\\\/03\\\/bad-bunny-hace-historia-en-grammy-al-ganar-con-su-disco-a-mejor-album\\\/#article\",\"isPartOf\":{\"@id\":\"https:\\\/\\\/www.eldiario.net\\\/portal\\\/2026\\\/02\\\/03\\\/bad-bunny-hace-historia-en-grammy-al-ganar-con-su-disco-a-mejor-album\\\/\"},\"author\":{\"name\":\"Jeanette\",\"@id\":\"https:\\\/\\\/www.eldiario.net\\\/portal\\\/#\\\/schema\\\/person\\\/f46445640444750d7d753ccd04ae01b7\"},\"headline\":\"Bad Bunny hace historia en Grammy al ganar con su disco a Mejor Alb\u00fam\",\"datePublished\":\"2026-02-03T10:17:08+00:00\",\"mainEntityOfPage\":{\"@id\":\"https:\\\/\\\/www.eldiario.net\\\/portal\\\/2026\\\/02\\\/03\\\/bad-bunny-hace-historia-en-grammy-al-ganar-con-su-disco-a-mejor-album\\\/\"},\"wordCount\":1169,\"publisher\":{\"@id\":\"https:\\\/\\\/www.eldiario.net\\\/portal\\\/#organization\"},\"image\":{\"@id\":\"https:\\\/\\\/www.eldiario.net\\\/portal\\\/2026\\\/02\\\/03\\\/bad-bunny-hace-historia-en-grammy-al-ganar-con-su-disco-a-mejor-album\\\/#primaryimage\"},\"thumbnailUrl\":\"https:\\\/\\\/www.eldiario.net\\\/portal\\\/wp-content\\\/uploads\\\/2026\\\/02\\\/GRAMMY-FOTO.webp\",\"articleSection\":[\"Internacional\"],\"inLanguage\":\"es\"},{\"@type\":\"WebPage\",\"@id\":\"https:\\\/\\\/www.eldiario.net\\\/portal\\\/2026\\\/02\\\/03\\\/bad-bunny-hace-historia-en-grammy-al-ganar-con-su-disco-a-mejor-album\\\/\",\"url\":\"https:\\\/\\\/www.eldiario.net\\\/portal\\\/2026\\\/02\\\/03\\\/bad-bunny-hace-historia-en-grammy-al-ganar-con-su-disco-a-mejor-album\\\/\",\"name\":\"Bad Bunny hace historia en Grammy al ganar con su disco a Mejor Alb\u00fam - El Diario - Bolivia\",\"isPartOf\":{\"@id\":\"https:\\\/\\\/www.eldiario.net\\\/portal\\\/#website\"},\"primaryImageOfPage\":{\"@id\":\"https:\\\/\\\/www.eldiario.net\\\/portal\\\/2026\\\/02\\\/03\\\/bad-bunny-hace-historia-en-grammy-al-ganar-con-su-disco-a-mejor-album\\\/#primaryimage\"},\"image\":{\"@id\":\"https:\\\/\\\/www.eldiario.net\\\/portal\\\/2026\\\/02\\\/03\\\/bad-bunny-hace-historia-en-grammy-al-ganar-con-su-disco-a-mejor-album\\\/#primaryimage\"},\"thumbnailUrl\":\"https:\\\/\\\/www.eldiario.net\\\/portal\\\/wp-content\\\/uploads\\\/2026\\\/02\\\/GRAMMY-FOTO.webp\",\"datePublished\":\"2026-02-03T10:17:08+00:00\",\"breadcrumb\":{\"@id\":\"https:\\\/\\\/www.eldiario.net\\\/portal\\\/2026\\\/02\\\/03\\\/bad-bunny-hace-historia-en-grammy-al-ganar-con-su-disco-a-mejor-album\\\/#breadcrumb\"},\"inLanguage\":\"es\",\"potentialAction\":[{\"@type\":\"ReadAction\",\"target\":[\"https:\\\/\\\/www.eldiario.net\\\/portal\\\/2026\\\/02\\\/03\\\/bad-bunny-hace-historia-en-grammy-al-ganar-con-su-disco-a-mejor-album\\\/\"]}]},{\"@type\":\"ImageObject\",\"inLanguage\":\"es\",\"@id\":\"https:\\\/\\\/www.eldiario.net\\\/portal\\\/2026\\\/02\\\/03\\\/bad-bunny-hace-historia-en-grammy-al-ganar-con-su-disco-a-mejor-album\\\/#primaryimage\",\"url\":\"https:\\\/\\\/www.eldiario.net\\\/portal\\\/wp-content\\\/uploads\\\/2026\\\/02\\\/GRAMMY-FOTO.webp\",\"contentUrl\":\"https:\\\/\\\/www.eldiario.net\\\/portal\\\/wp-content\\\/uploads\\\/2026\\\/02\\\/GRAMMY-FOTO.webp\",\"width\":800,\"height\":449,\"caption\":\"El m\u00fasico puertorrique\u00f1o, Bad Bunny. CREDITO: Getty Images\"},{\"@type\":\"BreadcrumbList\",\"@id\":\"https:\\\/\\\/www.eldiario.net\\\/portal\\\/2026\\\/02\\\/03\\\/bad-bunny-hace-historia-en-grammy-al-ganar-con-su-disco-a-mejor-album\\\/#breadcrumb\",\"itemListElement\":[{\"@type\":\"ListItem\",\"position\":1,\"name\":\"Portada\",\"item\":\"https:\\\/\\\/www.eldiario.net\\\/portal\\\/\"},{\"@type\":\"ListItem\",\"position\":2,\"name\":\"Bad Bunny hace historia en Grammy al ganar con su disco a Mejor Alb\u00fam\"}]},{\"@type\":\"WebSite\",\"@id\":\"https:\\\/\\\/www.eldiario.net\\\/portal\\\/#website\",\"url\":\"https:\\\/\\\/www.eldiario.net\\\/portal\\\/\",\"name\":\"El Diario - Decano de la prensa nacional\",\"description\":\"El Diario - Decano de la prensa nacional\",\"publisher\":{\"@id\":\"https:\\\/\\\/www.eldiario.net\\\/portal\\\/#organization\"},\"potentialAction\":[{\"@type\":\"SearchAction\",\"target\":{\"@type\":\"EntryPoint\",\"urlTemplate\":\"https:\\\/\\\/www.eldiario.net\\\/portal\\\/?s={search_term_string}\"},\"query-input\":{\"@type\":\"PropertyValueSpecification\",\"valueRequired\":true,\"valueName\":\"search_term_string\"}}],\"inLanguage\":\"es\"},{\"@type\":\"Organization\",\"@id\":\"https:\\\/\\\/www.eldiario.net\\\/portal\\\/#organization\",\"name\":\"El Diario - Decano de la prensa nacional\",\"url\":\"https:\\\/\\\/www.eldiario.net\\\/portal\\\/\",\"logo\":{\"@type\":\"ImageObject\",\"inLanguage\":\"es\",\"@id\":\"https:\\\/\\\/www.eldiario.net\\\/portal\\\/#\\\/schema\\\/logo\\\/image\\\/\",\"url\":\"https:\\\/\\\/www.eldiario.net\\\/portal\\\/wp-content\\\/uploads\\\/2023\\\/07\\\/logo_ED.jpg\",\"contentUrl\":\"https:\\\/\\\/www.eldiario.net\\\/portal\\\/wp-content\\\/uploads\\\/2023\\\/07\\\/logo_ED.jpg\",\"width\":272,\"height\":52,\"caption\":\"El Diario - Decano de la prensa nacional\"},\"image\":{\"@id\":\"https:\\\/\\\/www.eldiario.net\\\/portal\\\/#\\\/schema\\\/logo\\\/image\\\/\"},\"sameAs\":[\"https:\\\/\\\/www.facebook.com\\\/eldiario.bolivia\\\/\",\"https:\\\/\\\/x.com\\\/eldiario_net\"]},{\"@type\":\"Person\",\"@id\":\"https:\\\/\\\/www.eldiario.net\\\/portal\\\/#\\\/schema\\\/person\\\/f46445640444750d7d753ccd04ae01b7\",\"name\":\"Jeanette\",\"image\":{\"@type\":\"ImageObject\",\"inLanguage\":\"es\",\"@id\":\"https:\\\/\\\/secure.gravatar.com\\\/avatar\\\/3ea2118a5f7dad2b7138b1187a6b7ee55f160b9968b66013c3a3ef39dd7e5798?s=96&d=mm&r=g\",\"url\":\"https:\\\/\\\/secure.gravatar.com\\\/avatar\\\/3ea2118a5f7dad2b7138b1187a6b7ee55f160b9968b66013c3a3ef39dd7e5798?s=96&d=mm&r=g\",\"contentUrl\":\"https:\\\/\\\/secure.gravatar.com\\\/avatar\\\/3ea2118a5f7dad2b7138b1187a6b7ee55f160b9968b66013c3a3ef39dd7e5798?s=96&d=mm&r=g\",\"caption\":\"Jeanette\"},\"sameAs\":[\"https:\\\/\\\/www.eldiario.net\\\/portal\"],\"url\":\"https:\\\/\\\/www.eldiario.net\\\/portal\\\/author\\\/jeanette\\\/\"}]}<\/script>\n<!-- \/ Yoast SEO plugin. -->","yoast_head_json":{"title":"Bad Bunny hace historia en Grammy al ganar con su disco a Mejor Alb\u00fam - El Diario - Bolivia","robots":{"index":"index","follow":"follow","max-snippet":"max-snippet:-1","max-image-preview":"max-image-preview:large","max-video-preview":"max-video-preview:-1"},"canonical":"https:\/\/www.eldiario.net\/portal\/2026\/02\/03\/bad-bunny-hace-historia-en-grammy-al-ganar-con-su-disco-a-mejor-album\/","og_locale":"es_ES","og_type":"article","og_title":"Bad Bunny hace historia en Grammy al ganar con su disco a Mejor Alb\u00fam - El Diario - Bolivia","og_description":"Bad Bunny se convirti\u00f3 en el primer artista en los 68 a\u00f1os de historia de los premios Grammy en ganar en la categor\u00eda de Mejor \u00c1lbum del A\u00f1o con un disco completamente en espa\u00f1ol. El m\u00fasico puertorrique\u00f1o fue galardonado por su sexto \u00e1lbum, \u00abDeb\u00ed Tirar M\u00e1s Fotos\u00bb, una exploraci\u00f3n personal y conmovedora de la historia [&hellip;]","og_url":"https:\/\/www.eldiario.net\/portal\/2026\/02\/03\/bad-bunny-hace-historia-en-grammy-al-ganar-con-su-disco-a-mejor-album\/","og_site_name":"El Diario - Bolivia","article_publisher":"https:\/\/www.facebook.com\/eldiario.bolivia\/","article_published_time":"2026-02-03T10:17:08+00:00","og_image":[{"width":800,"height":449,"url":"https:\/\/www.eldiario.net\/portal\/wp-content\/uploads\/2026\/02\/GRAMMY-FOTO.webp","type":"image\/webp"}],"author":"Jeanette","twitter_card":"summary_large_image","twitter_creator":"@eldiario_net","twitter_site":"@eldiario_net","twitter_misc":{"Escrito por":"Jeanette","Tiempo de lectura":"6 minutos"},"schema":{"@context":"https:\/\/schema.org","@graph":[{"@type":"Article","@id":"https:\/\/www.eldiario.net\/portal\/2026\/02\/03\/bad-bunny-hace-historia-en-grammy-al-ganar-con-su-disco-a-mejor-album\/#article","isPartOf":{"@id":"https:\/\/www.eldiario.net\/portal\/2026\/02\/03\/bad-bunny-hace-historia-en-grammy-al-ganar-con-su-disco-a-mejor-album\/"},"author":{"name":"Jeanette","@id":"https:\/\/www.eldiario.net\/portal\/#\/schema\/person\/f46445640444750d7d753ccd04ae01b7"},"headline":"Bad Bunny hace historia en Grammy al ganar con su disco a Mejor Alb\u00fam","datePublished":"2026-02-03T10:17:08+00:00","mainEntityOfPage":{"@id":"https:\/\/www.eldiario.net\/portal\/2026\/02\/03\/bad-bunny-hace-historia-en-grammy-al-ganar-con-su-disco-a-mejor-album\/"},"wordCount":1169,"publisher":{"@id":"https:\/\/www.eldiario.net\/portal\/#organization"},"image":{"@id":"https:\/\/www.eldiario.net\/portal\/2026\/02\/03\/bad-bunny-hace-historia-en-grammy-al-ganar-con-su-disco-a-mejor-album\/#primaryimage"},"thumbnailUrl":"https:\/\/www.eldiario.net\/portal\/wp-content\/uploads\/2026\/02\/GRAMMY-FOTO.webp","articleSection":["Internacional"],"inLanguage":"es"},{"@type":"WebPage","@id":"https:\/\/www.eldiario.net\/portal\/2026\/02\/03\/bad-bunny-hace-historia-en-grammy-al-ganar-con-su-disco-a-mejor-album\/","url":"https:\/\/www.eldiario.net\/portal\/2026\/02\/03\/bad-bunny-hace-historia-en-grammy-al-ganar-con-su-disco-a-mejor-album\/","name":"Bad Bunny hace historia en Grammy al ganar con su disco a Mejor Alb\u00fam - El Diario - Bolivia","isPartOf":{"@id":"https:\/\/www.eldiario.net\/portal\/#website"},"primaryImageOfPage":{"@id":"https:\/\/www.eldiario.net\/portal\/2026\/02\/03\/bad-bunny-hace-historia-en-grammy-al-ganar-con-su-disco-a-mejor-album\/#primaryimage"},"image":{"@id":"https:\/\/www.eldiario.net\/portal\/2026\/02\/03\/bad-bunny-hace-historia-en-grammy-al-ganar-con-su-disco-a-mejor-album\/#primaryimage"},"thumbnailUrl":"https:\/\/www.eldiario.net\/portal\/wp-content\/uploads\/2026\/02\/GRAMMY-FOTO.webp","datePublished":"2026-02-03T10:17:08+00:00","breadcrumb":{"@id":"https:\/\/www.eldiario.net\/portal\/2026\/02\/03\/bad-bunny-hace-historia-en-grammy-al-ganar-con-su-disco-a-mejor-album\/#breadcrumb"},"inLanguage":"es","potentialAction":[{"@type":"ReadAction","target":["https:\/\/www.eldiario.net\/portal\/2026\/02\/03\/bad-bunny-hace-historia-en-grammy-al-ganar-con-su-disco-a-mejor-album\/"]}]},{"@type":"ImageObject","inLanguage":"es","@id":"https:\/\/www.eldiario.net\/portal\/2026\/02\/03\/bad-bunny-hace-historia-en-grammy-al-ganar-con-su-disco-a-mejor-album\/#primaryimage","url":"https:\/\/www.eldiario.net\/portal\/wp-content\/uploads\/2026\/02\/GRAMMY-FOTO.webp","contentUrl":"https:\/\/www.eldiario.net\/portal\/wp-content\/uploads\/2026\/02\/GRAMMY-FOTO.webp","width":800,"height":449,"caption":"El m\u00fasico puertorrique\u00f1o, Bad Bunny. CREDITO: Getty Images"},{"@type":"BreadcrumbList","@id":"https:\/\/www.eldiario.net\/portal\/2026\/02\/03\/bad-bunny-hace-historia-en-grammy-al-ganar-con-su-disco-a-mejor-album\/#breadcrumb","itemListElement":[{"@type":"ListItem","position":1,"name":"Portada","item":"https:\/\/www.eldiario.net\/portal\/"},{"@type":"ListItem","position":2,"name":"Bad Bunny hace historia en Grammy al ganar con su disco a Mejor Alb\u00fam"}]},{"@type":"WebSite","@id":"https:\/\/www.eldiario.net\/portal\/#website","url":"https:\/\/www.eldiario.net\/portal\/","name":"El Diario - Decano de la prensa nacional","description":"El Diario - Decano de la prensa nacional","publisher":{"@id":"https:\/\/www.eldiario.net\/portal\/#organization"},"potentialAction":[{"@type":"SearchAction","target":{"@type":"EntryPoint","urlTemplate":"https:\/\/www.eldiario.net\/portal\/?s={search_term_string}"},"query-input":{"@type":"PropertyValueSpecification","valueRequired":true,"valueName":"search_term_string"}}],"inLanguage":"es"},{"@type":"Organization","@id":"https:\/\/www.eldiario.net\/portal\/#organization","name":"El Diario - Decano de la prensa nacional","url":"https:\/\/www.eldiario.net\/portal\/","logo":{"@type":"ImageObject","inLanguage":"es","@id":"https:\/\/www.eldiario.net\/portal\/#\/schema\/logo\/image\/","url":"https:\/\/www.eldiario.net\/portal\/wp-content\/uploads\/2023\/07\/logo_ED.jpg","contentUrl":"https:\/\/www.eldiario.net\/portal\/wp-content\/uploads\/2023\/07\/logo_ED.jpg","width":272,"height":52,"caption":"El Diario - Decano de la prensa nacional"},"image":{"@id":"https:\/\/www.eldiario.net\/portal\/#\/schema\/logo\/image\/"},"sameAs":["https:\/\/www.facebook.com\/eldiario.bolivia\/","https:\/\/x.com\/eldiario_net"]},{"@type":"Person","@id":"https:\/\/www.eldiario.net\/portal\/#\/schema\/person\/f46445640444750d7d753ccd04ae01b7","name":"Jeanette","image":{"@type":"ImageObject","inLanguage":"es","@id":"https:\/\/secure.gravatar.com\/avatar\/3ea2118a5f7dad2b7138b1187a6b7ee55f160b9968b66013c3a3ef39dd7e5798?s=96&d=mm&r=g","url":"https:\/\/secure.gravatar.com\/avatar\/3ea2118a5f7dad2b7138b1187a6b7ee55f160b9968b66013c3a3ef39dd7e5798?s=96&d=mm&r=g","contentUrl":"https:\/\/secure.gravatar.com\/avatar\/3ea2118a5f7dad2b7138b1187a6b7ee55f160b9968b66013c3a3ef39dd7e5798?s=96&d=mm&r=g","caption":"Jeanette"},"sameAs":["https:\/\/www.eldiario.net\/portal"],"url":"https:\/\/www.eldiario.net\/portal\/author\/jeanette\/"}]}},"_links":{"self":[{"href":"https:\/\/www.eldiario.net\/portal\/wp-json\/wp\/v2\/posts\/365309","targetHints":{"allow":["GET"]}}],"collection":[{"href":"https:\/\/www.eldiario.net\/portal\/wp-json\/wp\/v2\/posts"}],"about":[{"href":"https:\/\/www.eldiario.net\/portal\/wp-json\/wp\/v2\/types\/post"}],"author":[{"embeddable":true,"href":"https:\/\/www.eldiario.net\/portal\/wp-json\/wp\/v2\/users\/1"}],"replies":[{"embeddable":true,"href":"https:\/\/www.eldiario.net\/portal\/wp-json\/wp\/v2\/comments?post=365309"}],"version-history":[{"count":1,"href":"https:\/\/www.eldiario.net\/portal\/wp-json\/wp\/v2\/posts\/365309\/revisions"}],"predecessor-version":[{"id":365311,"href":"https:\/\/www.eldiario.net\/portal\/wp-json\/wp\/v2\/posts\/365309\/revisions\/365311"}],"wp:featuredmedia":[{"embeddable":true,"href":"https:\/\/www.eldiario.net\/portal\/wp-json\/wp\/v2\/media\/365310"}],"wp:attachment":[{"href":"https:\/\/www.eldiario.net\/portal\/wp-json\/wp\/v2\/media?parent=365309"}],"wp:term":[{"taxonomy":"category","embeddable":true,"href":"https:\/\/www.eldiario.net\/portal\/wp-json\/wp\/v2\/categories?post=365309"},{"taxonomy":"post_tag","embeddable":true,"href":"https:\/\/www.eldiario.net\/portal\/wp-json\/wp\/v2\/tags?post=365309"}],"curies":[{"name":"wp","href":"https:\/\/api.w.org\/{rel}","templated":true}]}}