{"id":364994,"date":"2026-02-02T06:42:35","date_gmt":"2026-02-02T10:42:35","guid":{"rendered":"https:\/\/www.eldiario.net\/portal\/?p=364994"},"modified":"2026-02-02T06:42:35","modified_gmt":"2026-02-02T10:42:35","slug":"preocupa-a-pescadores-ingreso-de-maquinaria-pesada-al-madidi","status":"publish","type":"post","link":"https:\/\/www.eldiario.net\/portal\/2026\/02\/02\/preocupa-a-pescadores-ingreso-de-maquinaria-pesada-al-madidi\/","title":{"rendered":"Preocupa a pescadores ingreso  de maquinaria pesada al Madidi"},"content":{"rendered":"<p>Los representantes de pescadores del r\u00edo Beni, de los municipios de Rurrenabaque, San Buenaventura, Reyes y Apolo expresaron su preocupaci\u00f3n y molestia por el ingreso ilegal de maquinaria pesada al Parque Nacional y \u00c1rea Natural de Manejo Integrado Madidi con destino a las operaciones mineras, que explotan oro en la cabecera y el curso del r\u00edo Tuichi.<br \/>\nEl secretario Ejecutivo de la Federaci\u00f3n de Pescadores del R\u00edo Beni sector Rurrenabaque que agrupa a siete asociaciones con cerca de 300 afiliados, Osmider Bedregal, dijo que \u201cel sector pesquero no fue atendido en su pedido a las autoridades, para que no ingrese m\u00e1s maquinaria pesada con destino a las cooperativas mineras ilegales del r\u00edo Tuichi, que es uno de los principales afluentes del r\u00edo Beni\u201d.<br \/>\nSeg\u00fan la denuncia, el pasado 17 de enero tres guardaparques y una t\u00e9cnico de monitoreo ambiental que se encontraban en el puesto de control de Santa Cruz del Valle Ameno, ubicado a unos 22 kil\u00f3metros de la localidad de Apolo en la provincia Franz Tamayo del departamento de La Paz, fueron rebasados por los autores del hecho, con actitud beligerante, ingresaron de forma irregular un excavador hidr\u00e1ulico al \u00e1rea protegida biodiversa.<br \/>\n\u201cEsperamos que el nuevo gobierno tenga mano firme con las cooperativas mineras aur\u00edferas clandestinas en el Madidi, porque es el pedido de la regi\u00f3n amaz\u00f3nica de Rurrenabaque, igualmente de San Buenaventura, con un rechazo total a la contaminaci\u00f3n de las aguas de los r\u00edos que es provocada por el uso de mercurio, por lo que volvemos a pedirles a las autoridades del gobierno, se apiaden por toda la gente humilde que se dedica a la pesca en el r\u00edo Beni\u201d, asever\u00f3 Bedregal.<br \/>\nLa organizaci\u00f3n de pescadores de Rurrenabaque, que celebr\u00f3 el 1 de febrero su 27 aniversario de fundaci\u00f3n, se adhiri\u00f3 la pasada gesti\u00f3n al jurista ambiental Rodrigo Herrera en la solicitud al Tribunal Agroambiental (TAA) de una acci\u00f3n cautelar para proteger al r\u00edo Tuichi, a la cual tambi\u00e9n el Servicio Nacional de \u00c1reas Protegidas (Sernap) realiz\u00f3 una adhesi\u00f3n.<br \/>\nLa instancia judicial emiti\u00f3 el Auto Ambiental No. SP-TAA 012\/2025 en el que se establece Medidas Cautelares Ambientales por amenaza de conservaci\u00f3n de la biodiversidad, medio ambiente y salud p\u00fablica al r\u00edo Tuichi del Parque Nacional y \u00c1rea Natural de Manejo Integrado Madidi.<br \/>\nDispuso tambi\u00e9n que el Sernap junto con las Fuerzas Armadas y la Polic\u00eda Boliviana deber\u00e1n ejecutar y hacer cumplir la medida cautelar ambiental de \u201cprohibici\u00f3n de innovar y de prohibici\u00f3n de ingreso de maquinaria pesada\u201d al interior del Madidi, que fue incumplida el 17 de enero cuando ingresaron un excavador hidr\u00e1ulico de la marca Leesan, modelo \u201cLE260 8OC\u201d de fabricaci\u00f3n China.<br \/>\nSin embargo, seg\u00fan Rodrigo Herrera, hasta la fecha a\u00fan no se tiene el pronunciamiento del Tribunal Agroambiental sobre los hechos registrados el pasado 17 de enero en la localidad de Santa Cruz del Valle Ameno, cuando se incumpli\u00f3 el Auto Ambiental No. SP-TAA 012\/2025. (Cronista21)<\/p>\n","protected":false},"excerpt":{"rendered":"<p>Los representantes de pescadores del r\u00edo Beni, de los municipios de Rurrenabaque, San Buenaventura, Reyes y Apolo expresaron su preocupaci\u00f3n y molestia por el ingreso ilegal de maquinaria pesada al Parque Nacional y \u00c1rea Natural de Manejo Integrado Madidi con destino a las operaciones mineras, que explotan oro en la cabecera y el curso del [&hellip;]<\/p>\n","protected":false},"author":1,"featured_media":364995,"comment_status":"closed","ping_status":"open","sticky":false,"template":"","format":"standard","meta":{"_acf_changed":false,"footnotes":""},"categories":[12],"tags":[],"class_list":["post-364994","post","type-post","status-publish","format-standard","has-post-thumbnail","category-nacional"],"acf":{"antetitulo":"Rechazan operaciones mineras ilegales"},"yoast_head":"<!-- This site is optimized with the Yoast SEO plugin v28.4 - https:\/\/yoast.com\/product\/yoast-seo-wordpress\/ -->\n<title>Preocupa a pescadores ingreso de maquinaria pesada al Madidi - El Diario - Bolivia<\/title>\n<meta name=\"robots\" content=\"index, follow, max-snippet:-1, max-image-preview:large, max-video-preview:-1\" \/>\n<link rel=\"canonical\" href=\"https:\/\/www.eldiario.net\/portal\/2026\/02\/02\/preocupa-a-pescadores-ingreso-de-maquinaria-pesada-al-madidi\/\" \/>\n<meta property=\"og:locale\" content=\"es_ES\" \/>\n<meta property=\"og:type\" content=\"article\" \/>\n<meta property=\"og:title\" content=\"Preocupa a pescadores ingreso de maquinaria pesada al Madidi - El Diario - Bolivia\" \/>\n<meta property=\"og:description\" content=\"Los representantes de pescadores del r\u00edo Beni, de los municipios de Rurrenabaque, San Buenaventura, Reyes y Apolo expresaron su preocupaci\u00f3n y molestia por el ingreso ilegal de maquinaria pesada al Parque Nacional y \u00c1rea Natural de Manejo Integrado Madidi con destino a las operaciones mineras, que explotan oro en la cabecera y el curso del [&hellip;]\" \/>\n<meta property=\"og:url\" content=\"https:\/\/www.eldiario.net\/portal\/2026\/02\/02\/preocupa-a-pescadores-ingreso-de-maquinaria-pesada-al-madidi\/\" \/>\n<meta property=\"og:site_name\" content=\"El Diario - Bolivia\" \/>\n<meta property=\"article:publisher\" content=\"https:\/\/www.facebook.com\/eldiario.bolivia\/\" \/>\n<meta property=\"article:published_time\" content=\"2026-02-02T10:42:35+00:00\" \/>\n<meta property=\"og:image\" content=\"https:\/\/www.eldiario.net\/portal\/wp-content\/uploads\/2026\/02\/maquinaria-rrss.webp\" \/>\n\t<meta property=\"og:image:width\" content=\"1024\" \/>\n\t<meta property=\"og:image:height\" content=\"629\" \/>\n\t<meta property=\"og:image:type\" content=\"image\/webp\" \/>\n<meta name=\"author\" content=\"Jeanette\" \/>\n<meta name=\"twitter:card\" content=\"summary_large_image\" \/>\n<meta name=\"twitter:creator\" content=\"@eldiario_net\" \/>\n<meta name=\"twitter:site\" content=\"@eldiario_net\" \/>\n<meta name=\"twitter:label1\" content=\"Escrito por\" \/>\n\t<meta name=\"twitter:data1\" content=\"Jeanette\" \/>\n\t<meta name=\"twitter:label2\" content=\"Tiempo de lectura\" \/>\n\t<meta name=\"twitter:data2\" content=\"3 minutos\" \/>\n<script type=\"application\/ld+json\" class=\"yoast-schema-graph\">{\"@context\":\"https:\\\/\\\/schema.org\",\"@graph\":[{\"@type\":\"Article\",\"@id\":\"https:\\\/\\\/www.eldiario.net\\\/portal\\\/2026\\\/02\\\/02\\\/preocupa-a-pescadores-ingreso-de-maquinaria-pesada-al-madidi\\\/#article\",\"isPartOf\":{\"@id\":\"https:\\\/\\\/www.eldiario.net\\\/portal\\\/2026\\\/02\\\/02\\\/preocupa-a-pescadores-ingreso-de-maquinaria-pesada-al-madidi\\\/\"},\"author\":{\"name\":\"Jeanette\",\"@id\":\"https:\\\/\\\/www.eldiario.net\\\/portal\\\/#\\\/schema\\\/person\\\/2c57cf2b7a7ae032e449e4c9b1019eac\"},\"headline\":\"Preocupa a pescadores ingreso de maquinaria pesada al Madidi\",\"datePublished\":\"2026-02-02T10:42:35+00:00\",\"mainEntityOfPage\":{\"@id\":\"https:\\\/\\\/www.eldiario.net\\\/portal\\\/2026\\\/02\\\/02\\\/preocupa-a-pescadores-ingreso-de-maquinaria-pesada-al-madidi\\\/\"},\"wordCount\":519,\"publisher\":{\"@id\":\"https:\\\/\\\/www.eldiario.net\\\/portal\\\/#organization\"},\"image\":{\"@id\":\"https:\\\/\\\/www.eldiario.net\\\/portal\\\/2026\\\/02\\\/02\\\/preocupa-a-pescadores-ingreso-de-maquinaria-pesada-al-madidi\\\/#primaryimage\"},\"thumbnailUrl\":\"https:\\\/\\\/www.eldiario.net\\\/portal\\\/wp-content\\\/uploads\\\/2026\\\/02\\\/maquinaria-rrss.webp\",\"articleSection\":[\"Nacional\"],\"inLanguage\":\"es\"},{\"@type\":\"WebPage\",\"@id\":\"https:\\\/\\\/www.eldiario.net\\\/portal\\\/2026\\\/02\\\/02\\\/preocupa-a-pescadores-ingreso-de-maquinaria-pesada-al-madidi\\\/\",\"url\":\"https:\\\/\\\/www.eldiario.net\\\/portal\\\/2026\\\/02\\\/02\\\/preocupa-a-pescadores-ingreso-de-maquinaria-pesada-al-madidi\\\/\",\"name\":\"Preocupa a pescadores ingreso de maquinaria pesada al Madidi - El Diario - Bolivia\",\"isPartOf\":{\"@id\":\"https:\\\/\\\/www.eldiario.net\\\/portal\\\/#website\"},\"primaryImageOfPage\":{\"@id\":\"https:\\\/\\\/www.eldiario.net\\\/portal\\\/2026\\\/02\\\/02\\\/preocupa-a-pescadores-ingreso-de-maquinaria-pesada-al-madidi\\\/#primaryimage\"},\"image\":{\"@id\":\"https:\\\/\\\/www.eldiario.net\\\/portal\\\/2026\\\/02\\\/02\\\/preocupa-a-pescadores-ingreso-de-maquinaria-pesada-al-madidi\\\/#primaryimage\"},\"thumbnailUrl\":\"https:\\\/\\\/www.eldiario.net\\\/portal\\\/wp-content\\\/uploads\\\/2026\\\/02\\\/maquinaria-rrss.webp\",\"datePublished\":\"2026-02-02T10:42:35+00:00\",\"breadcrumb\":{\"@id\":\"https:\\\/\\\/www.eldiario.net\\\/portal\\\/2026\\\/02\\\/02\\\/preocupa-a-pescadores-ingreso-de-maquinaria-pesada-al-madidi\\\/#breadcrumb\"},\"inLanguage\":\"es\",\"potentialAction\":[{\"@type\":\"ReadAction\",\"target\":[\"https:\\\/\\\/www.eldiario.net\\\/portal\\\/2026\\\/02\\\/02\\\/preocupa-a-pescadores-ingreso-de-maquinaria-pesada-al-madidi\\\/\"]}]},{\"@type\":\"ImageObject\",\"inLanguage\":\"es\",\"@id\":\"https:\\\/\\\/www.eldiario.net\\\/portal\\\/2026\\\/02\\\/02\\\/preocupa-a-pescadores-ingreso-de-maquinaria-pesada-al-madidi\\\/#primaryimage\",\"url\":\"https:\\\/\\\/www.eldiario.net\\\/portal\\\/wp-content\\\/uploads\\\/2026\\\/02\\\/maquinaria-rrss.webp\",\"contentUrl\":\"https:\\\/\\\/www.eldiario.net\\\/portal\\\/wp-content\\\/uploads\\\/2026\\\/02\\\/maquinaria-rrss.webp\",\"width\":1024,\"height\":629,\"caption\":\"Maquinaria pesada que fue trasladada al Madidi para operaciones mineras.\"},{\"@type\":\"BreadcrumbList\",\"@id\":\"https:\\\/\\\/www.eldiario.net\\\/portal\\\/2026\\\/02\\\/02\\\/preocupa-a-pescadores-ingreso-de-maquinaria-pesada-al-madidi\\\/#breadcrumb\",\"itemListElement\":[{\"@type\":\"ListItem\",\"position\":1,\"name\":\"Portada\",\"item\":\"https:\\\/\\\/www.eldiario.net\\\/portal\\\/\"},{\"@type\":\"ListItem\",\"position\":2,\"name\":\"Preocupa a pescadores ingreso de maquinaria pesada al Madidi\"}]},{\"@type\":\"WebSite\",\"@id\":\"https:\\\/\\\/www.eldiario.net\\\/portal\\\/#website\",\"url\":\"https:\\\/\\\/www.eldiario.net\\\/portal\\\/\",\"name\":\"El Diario - Decano de la prensa nacional\",\"description\":\"El Diario - Decano de la prensa nacional\",\"publisher\":{\"@id\":\"https:\\\/\\\/www.eldiario.net\\\/portal\\\/#organization\"},\"potentialAction\":[{\"@type\":\"SearchAction\",\"target\":{\"@type\":\"EntryPoint\",\"urlTemplate\":\"https:\\\/\\\/www.eldiario.net\\\/portal\\\/?s={search_term_string}\"},\"query-input\":{\"@type\":\"PropertyValueSpecification\",\"valueRequired\":true,\"valueName\":\"search_term_string\"}}],\"inLanguage\":\"es\"},{\"@type\":\"Organization\",\"@id\":\"https:\\\/\\\/www.eldiario.net\\\/portal\\\/#organization\",\"name\":\"El Diario - Decano de la prensa nacional\",\"url\":\"https:\\\/\\\/www.eldiario.net\\\/portal\\\/\",\"logo\":{\"@type\":\"ImageObject\",\"inLanguage\":\"es\",\"@id\":\"https:\\\/\\\/www.eldiario.net\\\/portal\\\/#\\\/schema\\\/logo\\\/image\\\/\",\"url\":\"https:\\\/\\\/www.eldiario.net\\\/portal\\\/wp-content\\\/uploads\\\/2023\\\/07\\\/logo_ED.jpg\",\"contentUrl\":\"https:\\\/\\\/www.eldiario.net\\\/portal\\\/wp-content\\\/uploads\\\/2023\\\/07\\\/logo_ED.jpg\",\"width\":272,\"height\":52,\"caption\":\"El Diario - Decano de la prensa nacional\"},\"image\":{\"@id\":\"https:\\\/\\\/www.eldiario.net\\\/portal\\\/#\\\/schema\\\/logo\\\/image\\\/\"},\"sameAs\":[\"https:\\\/\\\/www.facebook.com\\\/eldiario.bolivia\\\/\",\"https:\\\/\\\/x.com\\\/eldiario_net\"]},{\"@type\":\"Person\",\"@id\":\"https:\\\/\\\/www.eldiario.net\\\/portal\\\/#\\\/schema\\\/person\\\/2c57cf2b7a7ae032e449e4c9b1019eac\",\"name\":\"Jeanette\",\"image\":{\"@type\":\"ImageObject\",\"inLanguage\":\"es\",\"@id\":\"https:\\\/\\\/secure.gravatar.com\\\/avatar\\\/3ea2118a5f7dad2b7138b1187a6b7ee55f160b9968b66013c3a3ef39dd7e5798?s=96&d=mm&r=g\",\"url\":\"https:\\\/\\\/secure.gravatar.com\\\/avatar\\\/3ea2118a5f7dad2b7138b1187a6b7ee55f160b9968b66013c3a3ef39dd7e5798?s=96&d=mm&r=g\",\"contentUrl\":\"https:\\\/\\\/secure.gravatar.com\\\/avatar\\\/3ea2118a5f7dad2b7138b1187a6b7ee55f160b9968b66013c3a3ef39dd7e5798?s=96&d=mm&r=g\",\"caption\":\"Jeanette\"},\"sameAs\":[\"https:\\\/\\\/www.eldiario.net\\\/portal\"],\"url\":\"https:\\\/\\\/www.eldiario.net\\\/portal\\\/author\\\/jeanette\\\/\"}]}<\/script>\n<!-- \/ Yoast SEO plugin. -->","yoast_head_json":{"title":"Preocupa a pescadores ingreso de maquinaria pesada al Madidi - El Diario - Bolivia","robots":{"index":"index","follow":"follow","max-snippet":"max-snippet:-1","max-image-preview":"max-image-preview:large","max-video-preview":"max-video-preview:-1"},"canonical":"https:\/\/www.eldiario.net\/portal\/2026\/02\/02\/preocupa-a-pescadores-ingreso-de-maquinaria-pesada-al-madidi\/","og_locale":"es_ES","og_type":"article","og_title":"Preocupa a pescadores ingreso de maquinaria pesada al Madidi - El Diario - Bolivia","og_description":"Los representantes de pescadores del r\u00edo Beni, de los municipios de Rurrenabaque, San Buenaventura, Reyes y Apolo expresaron su preocupaci\u00f3n y molestia por el ingreso ilegal de maquinaria pesada al Parque Nacional y \u00c1rea Natural de Manejo Integrado Madidi con destino a las operaciones mineras, que explotan oro en la cabecera y el curso del [&hellip;]","og_url":"https:\/\/www.eldiario.net\/portal\/2026\/02\/02\/preocupa-a-pescadores-ingreso-de-maquinaria-pesada-al-madidi\/","og_site_name":"El Diario - Bolivia","article_publisher":"https:\/\/www.facebook.com\/eldiario.bolivia\/","article_published_time":"2026-02-02T10:42:35+00:00","og_image":[{"width":1024,"height":629,"url":"https:\/\/www.eldiario.net\/portal\/wp-content\/uploads\/2026\/02\/maquinaria-rrss.webp","type":"image\/webp"}],"author":"Jeanette","twitter_card":"summary_large_image","twitter_creator":"@eldiario_net","twitter_site":"@eldiario_net","twitter_misc":{"Escrito por":"Jeanette","Tiempo de lectura":"3 minutos"},"schema":{"@context":"https:\/\/schema.org","@graph":[{"@type":"Article","@id":"https:\/\/www.eldiario.net\/portal\/2026\/02\/02\/preocupa-a-pescadores-ingreso-de-maquinaria-pesada-al-madidi\/#article","isPartOf":{"@id":"https:\/\/www.eldiario.net\/portal\/2026\/02\/02\/preocupa-a-pescadores-ingreso-de-maquinaria-pesada-al-madidi\/"},"author":{"name":"Jeanette","@id":"https:\/\/www.eldiario.net\/portal\/#\/schema\/person\/2c57cf2b7a7ae032e449e4c9b1019eac"},"headline":"Preocupa a pescadores ingreso de maquinaria pesada al Madidi","datePublished":"2026-02-02T10:42:35+00:00","mainEntityOfPage":{"@id":"https:\/\/www.eldiario.net\/portal\/2026\/02\/02\/preocupa-a-pescadores-ingreso-de-maquinaria-pesada-al-madidi\/"},"wordCount":519,"publisher":{"@id":"https:\/\/www.eldiario.net\/portal\/#organization"},"image":{"@id":"https:\/\/www.eldiario.net\/portal\/2026\/02\/02\/preocupa-a-pescadores-ingreso-de-maquinaria-pesada-al-madidi\/#primaryimage"},"thumbnailUrl":"https:\/\/www.eldiario.net\/portal\/wp-content\/uploads\/2026\/02\/maquinaria-rrss.webp","articleSection":["Nacional"],"inLanguage":"es"},{"@type":"WebPage","@id":"https:\/\/www.eldiario.net\/portal\/2026\/02\/02\/preocupa-a-pescadores-ingreso-de-maquinaria-pesada-al-madidi\/","url":"https:\/\/www.eldiario.net\/portal\/2026\/02\/02\/preocupa-a-pescadores-ingreso-de-maquinaria-pesada-al-madidi\/","name":"Preocupa a pescadores ingreso de maquinaria pesada al Madidi - El Diario - Bolivia","isPartOf":{"@id":"https:\/\/www.eldiario.net\/portal\/#website"},"primaryImageOfPage":{"@id":"https:\/\/www.eldiario.net\/portal\/2026\/02\/02\/preocupa-a-pescadores-ingreso-de-maquinaria-pesada-al-madidi\/#primaryimage"},"image":{"@id":"https:\/\/www.eldiario.net\/portal\/2026\/02\/02\/preocupa-a-pescadores-ingreso-de-maquinaria-pesada-al-madidi\/#primaryimage"},"thumbnailUrl":"https:\/\/www.eldiario.net\/portal\/wp-content\/uploads\/2026\/02\/maquinaria-rrss.webp","datePublished":"2026-02-02T10:42:35+00:00","breadcrumb":{"@id":"https:\/\/www.eldiario.net\/portal\/2026\/02\/02\/preocupa-a-pescadores-ingreso-de-maquinaria-pesada-al-madidi\/#breadcrumb"},"inLanguage":"es","potentialAction":[{"@type":"ReadAction","target":["https:\/\/www.eldiario.net\/portal\/2026\/02\/02\/preocupa-a-pescadores-ingreso-de-maquinaria-pesada-al-madidi\/"]}]},{"@type":"ImageObject","inLanguage":"es","@id":"https:\/\/www.eldiario.net\/portal\/2026\/02\/02\/preocupa-a-pescadores-ingreso-de-maquinaria-pesada-al-madidi\/#primaryimage","url":"https:\/\/www.eldiario.net\/portal\/wp-content\/uploads\/2026\/02\/maquinaria-rrss.webp","contentUrl":"https:\/\/www.eldiario.net\/portal\/wp-content\/uploads\/2026\/02\/maquinaria-rrss.webp","width":1024,"height":629,"caption":"Maquinaria pesada que fue trasladada al Madidi para operaciones mineras."},{"@type":"BreadcrumbList","@id":"https:\/\/www.eldiario.net\/portal\/2026\/02\/02\/preocupa-a-pescadores-ingreso-de-maquinaria-pesada-al-madidi\/#breadcrumb","itemListElement":[{"@type":"ListItem","position":1,"name":"Portada","item":"https:\/\/www.eldiario.net\/portal\/"},{"@type":"ListItem","position":2,"name":"Preocupa a pescadores ingreso de maquinaria pesada al Madidi"}]},{"@type":"WebSite","@id":"https:\/\/www.eldiario.net\/portal\/#website","url":"https:\/\/www.eldiario.net\/portal\/","name":"El Diario - Decano de la prensa nacional","description":"El Diario - Decano de la prensa nacional","publisher":{"@id":"https:\/\/www.eldiario.net\/portal\/#organization"},"potentialAction":[{"@type":"SearchAction","target":{"@type":"EntryPoint","urlTemplate":"https:\/\/www.eldiario.net\/portal\/?s={search_term_string}"},"query-input":{"@type":"PropertyValueSpecification","valueRequired":true,"valueName":"search_term_string"}}],"inLanguage":"es"},{"@type":"Organization","@id":"https:\/\/www.eldiario.net\/portal\/#organization","name":"El Diario - Decano de la prensa nacional","url":"https:\/\/www.eldiario.net\/portal\/","logo":{"@type":"ImageObject","inLanguage":"es","@id":"https:\/\/www.eldiario.net\/portal\/#\/schema\/logo\/image\/","url":"https:\/\/www.eldiario.net\/portal\/wp-content\/uploads\/2023\/07\/logo_ED.jpg","contentUrl":"https:\/\/www.eldiario.net\/portal\/wp-content\/uploads\/2023\/07\/logo_ED.jpg","width":272,"height":52,"caption":"El Diario - Decano de la prensa nacional"},"image":{"@id":"https:\/\/www.eldiario.net\/portal\/#\/schema\/logo\/image\/"},"sameAs":["https:\/\/www.facebook.com\/eldiario.bolivia\/","https:\/\/x.com\/eldiario_net"]},{"@type":"Person","@id":"https:\/\/www.eldiario.net\/portal\/#\/schema\/person\/2c57cf2b7a7ae032e449e4c9b1019eac","name":"Jeanette","image":{"@type":"ImageObject","inLanguage":"es","@id":"https:\/\/secure.gravatar.com\/avatar\/3ea2118a5f7dad2b7138b1187a6b7ee55f160b9968b66013c3a3ef39dd7e5798?s=96&d=mm&r=g","url":"https:\/\/secure.gravatar.com\/avatar\/3ea2118a5f7dad2b7138b1187a6b7ee55f160b9968b66013c3a3ef39dd7e5798?s=96&d=mm&r=g","contentUrl":"https:\/\/secure.gravatar.com\/avatar\/3ea2118a5f7dad2b7138b1187a6b7ee55f160b9968b66013c3a3ef39dd7e5798?s=96&d=mm&r=g","caption":"Jeanette"},"sameAs":["https:\/\/www.eldiario.net\/portal"],"url":"https:\/\/www.eldiario.net\/portal\/author\/jeanette\/"}]}},"_links":{"self":[{"href":"https:\/\/www.eldiario.net\/portal\/wp-json\/wp\/v2\/posts\/364994","targetHints":{"allow":["GET"]}}],"collection":[{"href":"https:\/\/www.eldiario.net\/portal\/wp-json\/wp\/v2\/posts"}],"about":[{"href":"https:\/\/www.eldiario.net\/portal\/wp-json\/wp\/v2\/types\/post"}],"author":[{"embeddable":true,"href":"https:\/\/www.eldiario.net\/portal\/wp-json\/wp\/v2\/users\/1"}],"replies":[{"embeddable":true,"href":"https:\/\/www.eldiario.net\/portal\/wp-json\/wp\/v2\/comments?post=364994"}],"version-history":[{"count":1,"href":"https:\/\/www.eldiario.net\/portal\/wp-json\/wp\/v2\/posts\/364994\/revisions"}],"predecessor-version":[{"id":364996,"href":"https:\/\/www.eldiario.net\/portal\/wp-json\/wp\/v2\/posts\/364994\/revisions\/364996"}],"wp:featuredmedia":[{"embeddable":true,"href":"https:\/\/www.eldiario.net\/portal\/wp-json\/wp\/v2\/media\/364995"}],"wp:attachment":[{"href":"https:\/\/www.eldiario.net\/portal\/wp-json\/wp\/v2\/media?parent=364994"}],"wp:term":[{"taxonomy":"category","embeddable":true,"href":"https:\/\/www.eldiario.net\/portal\/wp-json\/wp\/v2\/categories?post=364994"},{"taxonomy":"post_tag","embeddable":true,"href":"https:\/\/www.eldiario.net\/portal\/wp-json\/wp\/v2\/tags?post=364994"}],"curies":[{"name":"wp","href":"https:\/\/api.w.org\/{rel}","templated":true}]}}