{"id":364990,"date":"2026-02-02T06:40:48","date_gmt":"2026-02-02T10:40:48","guid":{"rendered":"https:\/\/www.eldiario.net\/portal\/?p=364990"},"modified":"2026-02-02T06:40:48","modified_gmt":"2026-02-02T10:40:48","slug":"de-la-tecnica-al-vacio-hacia-un-colapso-psiquico-en-la-era-de-la-informacion","status":"publish","type":"post","link":"https:\/\/www.eldiario.net\/portal\/2026\/02\/02\/de-la-tecnica-al-vacio-hacia-un-colapso-psiquico-en-la-era-de-la-informacion\/","title":{"rendered":"De la t\u00e9cnica al vac\u00edo: \u00bfhacia un colapso ps\u00edquico en la era de la informaci\u00f3n?"},"content":{"rendered":"<p>Debes vivir muchas experiencias y viajar mucho, y ten amigos en todos los pa\u00edses donde vayas. No, mejor espera tus tiempos y a la persona ideal. Aunque, es mejor tener solo un perro; ellos s\u00ed que saben amar. Estudia varios posgrados y vive en el extranjero. No, mejor qu\u00e9date en tu tierra y con tu familia e invierte en inmuebles. Y ahorra. Aunque, mejor no: quiz\u00e1 la inflaci\u00f3n ma\u00f1ana se lo come todo. Pero aprende a manejar criptomonedas. Comienza a buscar una pareja, una que valga la pena. No, mejor qu\u00e9date soltero, no te cases; \u00a1g\u00e1statelo todo en ti! Toma el sol y vete al campo. Aunque, mejor qu\u00e9date en la gran ciudad, que ah\u00ed est\u00e1n las oportunidades, y no te hagas dar el sol. Practica alguna espiritualidad oriental. Mejor no: lee libros de divulgaci\u00f3n cient\u00edfica. Y cuando te sientas mal, libros de superaci\u00f3n personal. Ve a terapia. Come huevos y haz dieta keto para estar m\u00e1s fuerte y delgado, y mejor si te vuelves vegetariano, para salvar al mundo. No, mejor haz dieta carn\u00edvora, que as\u00ed se queman calor\u00edas. Haz meditaci\u00f3n y yoga, que as\u00ed uno toma el control de la mente y crea comunidad. Conf\u00eda en las fuerzas del universo, que conspira a tu favor. Y ve al gimnasio o haz senderismo; as\u00ed uno se desestresa.<br \/>\n\u00bfC\u00f3mo no vamos a estar fatigados? Por primera vez en la historia, la humanidad vive bombardeada de informaci\u00f3n de todo tipo: desde propaganda pol\u00edtica o mensajes de wedding planners, hasta anuncios de brokers o de chamanes orientales que hacen videos para YouTube. Por ello, la crisis de 2026 y de los a\u00f1os siguientes ser\u00e1 no solo econ\u00f3mica y pol\u00edtica, como lo vienen previniendo medios de informaci\u00f3n y pol\u00edticos: ser\u00e1 adem\u00e1s emocional y psicol\u00f3gica. Pues un mundo en el que la conectividad y la soledad, por un lado, y la abundancia de informaci\u00f3n y la ignorancia, por otro lado, conviven, no puede ser un mundo psicol\u00f3gicamente estable.<br \/>\n\u00bfPor qu\u00e9 en la era del mayor potencial humano y la mayor prosperidad material, la gente vive solitaria y estresada? \u00bfEs congruente esta sensaci\u00f3n de vac\u00edo con la abundancia de oportunidades m\u00e9dicas, educativas y de entretenimiento de que disponemos? \u00bfPor qu\u00e9 millones de personas que viven la era de la comunicaci\u00f3n instant\u00e1nea, viven en piloto autom\u00e1tico y sin un rumbo?<br \/>\nAyer el ser humano viv\u00eda menos tiempo, pero tal vez con m\u00e1s sentido existencial. El gran viraje sobrevino en la revoluci\u00f3n agr\u00edcola, pero sobre todo en las revoluciones industriales, cuando la tecnolog\u00eda comenz\u00f3 a ser la \u201crespuesta\u201d a todo. Hoy el hombre medio busca su identidad o la salida a su laberinto existencial en videos motivacionales de internet, en relaciones amorosas casuales o en el esprint de la productividad (trabajo duro, actividad f\u00edsica y el anhelo insaciable de viajar por el mundo), cuando no en las drogas o en el suicidio.<br \/>\nLos grandes relatos, tanto pol\u00edticos como religiosos, parecen ya no responder a la crisis psicol\u00f3gica que genera ver un perro robot, un glaciar derriti\u00e9ndose, una IA escribiendo poemas o un dron atacando una ciudad.<br \/>\n\u00bfPodr\u00e1 esta crisis que parece avecinarse ser resuelta con m\u00e1s comodidad material o m\u00e1s avances m\u00e9dicos, si al parecer la t\u00e9cnica \u2014hija directa de la raz\u00f3n ilustrada y que deb\u00eda acercarnos a la felicidad\u2014 nos est\u00e1 dejando insatisfechos y ansiosos?<br \/>\nEstamos creando herramientas de velocidad y eficiencia, pero no de profundidad y contemplaci\u00f3n. Es poco probable, por ejemplo, que S\u00f3crates hubiese sido S\u00f3crates si hubiese vivido hoy. Es posible, de hecho, que hubiese sido un mediocre m\u00e1s. Es por eso, entre otros motivos, que hoy existen menos chances de ver lumbreras como un Leonardo o un Einstein. Las aplicaciones de compras, de citas amorosas, de creaci\u00f3n art\u00edstica y de finanzas, est\u00e1n limitando nuestra capacidad de concentrarnos en una sola cosa. Para pintar una Gioconda o descubrir la relatividad, se necesita concentraci\u00f3n y tiempo.<br \/>\nEs posible que la respuesta al colapso ps\u00edquico al que nos exponemos no est\u00e9 en m\u00e1s ciencia, sino en algo de aburrimiento y lentitud. En muchos sentidos, en regresar a la tribu: lazos de comunidad, ciertos mitos y algo de silencio. Y tal vez en la certeza de que no necesitamos estar al tanto de todo para sabernos con un sentido de vida. En pocas palabras, en filtrar la informaci\u00f3n, en escogerla; en consumir solo lo que es necesario para vivir.<\/p>\n<p>Ignacio Vera de Rada es polit\u00f3logo y comunicador social.<\/p>\n","protected":false},"excerpt":{"rendered":"<p>Debes vivir muchas experiencias y viajar mucho, y ten amigos en todos los pa\u00edses donde vayas. No, mejor espera tus tiempos y a la persona ideal. Aunque, es mejor tener solo un perro; ellos s\u00ed que saben amar. Estudia varios posgrados y vive en el extranjero. No, mejor qu\u00e9date en tu tierra y con tu [&hellip;]<\/p>\n","protected":false},"author":1,"featured_media":158964,"comment_status":"closed","ping_status":"open","sticky":false,"template":"","format":"standard","meta":{"_acf_changed":false,"footnotes":""},"categories":[9],"tags":[],"class_list":["post-364990","post","type-post","status-publish","format-standard","has-post-thumbnail","category-opinion"],"acf":{"antetitulo":"La espada en la palabra"},"yoast_head":"<!-- This site is optimized with the Yoast SEO plugin v28.4 - https:\/\/yoast.com\/product\/yoast-seo-wordpress\/ -->\n<title>De la t\u00e9cnica al vac\u00edo: \u00bfhacia un colapso ps\u00edquico en la era de la informaci\u00f3n? - El Diario - Bolivia<\/title>\n<meta name=\"robots\" content=\"index, follow, max-snippet:-1, max-image-preview:large, max-video-preview:-1\" \/>\n<link rel=\"canonical\" href=\"https:\/\/www.eldiario.net\/portal\/2026\/02\/02\/de-la-tecnica-al-vacio-hacia-un-colapso-psiquico-en-la-era-de-la-informacion\/\" \/>\n<meta property=\"og:locale\" content=\"es_ES\" \/>\n<meta property=\"og:type\" content=\"article\" \/>\n<meta property=\"og:title\" content=\"De la t\u00e9cnica al vac\u00edo: \u00bfhacia un colapso ps\u00edquico en la era de la informaci\u00f3n? - El Diario - Bolivia\" \/>\n<meta property=\"og:description\" content=\"Debes vivir muchas experiencias y viajar mucho, y ten amigos en todos los pa\u00edses donde vayas. No, mejor espera tus tiempos y a la persona ideal. Aunque, es mejor tener solo un perro; ellos s\u00ed que saben amar. Estudia varios posgrados y vive en el extranjero. No, mejor qu\u00e9date en tu tierra y con tu [&hellip;]\" \/>\n<meta property=\"og:url\" content=\"https:\/\/www.eldiario.net\/portal\/2026\/02\/02\/de-la-tecnica-al-vacio-hacia-un-colapso-psiquico-en-la-era-de-la-informacion\/\" \/>\n<meta property=\"og:site_name\" content=\"El Diario - Bolivia\" \/>\n<meta property=\"article:publisher\" content=\"https:\/\/www.facebook.com\/eldiario.bolivia\/\" \/>\n<meta property=\"article:published_time\" content=\"2026-02-02T10:40:48+00:00\" \/>\n<meta property=\"og:image\" content=\"https:\/\/www.eldiario.net\/portal\/wp-content\/uploads\/2023\/06\/Ignacio-Vera-de-Rada-1.jpg\" \/>\n\t<meta property=\"og:image:width\" content=\"1200\" \/>\n\t<meta property=\"og:image:height\" content=\"628\" \/>\n\t<meta property=\"og:image:type\" content=\"image\/jpeg\" \/>\n<meta name=\"author\" content=\"Jeanette\" \/>\n<meta name=\"twitter:card\" content=\"summary_large_image\" \/>\n<meta name=\"twitter:creator\" content=\"@eldiario_net\" \/>\n<meta name=\"twitter:site\" content=\"@eldiario_net\" \/>\n<meta name=\"twitter:label1\" content=\"Escrito por\" \/>\n\t<meta name=\"twitter:data1\" content=\"Jeanette\" \/>\n\t<meta name=\"twitter:label2\" content=\"Tiempo de lectura\" \/>\n\t<meta name=\"twitter:data2\" content=\"4 minutos\" \/>\n<script type=\"application\/ld+json\" class=\"yoast-schema-graph\">{\"@context\":\"https:\\\/\\\/schema.org\",\"@graph\":[{\"@type\":\"Article\",\"@id\":\"https:\\\/\\\/www.eldiario.net\\\/portal\\\/2026\\\/02\\\/02\\\/de-la-tecnica-al-vacio-hacia-un-colapso-psiquico-en-la-era-de-la-informacion\\\/#article\",\"isPartOf\":{\"@id\":\"https:\\\/\\\/www.eldiario.net\\\/portal\\\/2026\\\/02\\\/02\\\/de-la-tecnica-al-vacio-hacia-un-colapso-psiquico-en-la-era-de-la-informacion\\\/\"},\"author\":{\"name\":\"Jeanette\",\"@id\":\"https:\\\/\\\/www.eldiario.net\\\/portal\\\/#\\\/schema\\\/person\\\/2c57cf2b7a7ae032e449e4c9b1019eac\"},\"headline\":\"De la t\u00e9cnica al vac\u00edo: \u00bfhacia un colapso ps\u00edquico en la era de la informaci\u00f3n?\",\"datePublished\":\"2026-02-02T10:40:48+00:00\",\"mainEntityOfPage\":{\"@id\":\"https:\\\/\\\/www.eldiario.net\\\/portal\\\/2026\\\/02\\\/02\\\/de-la-tecnica-al-vacio-hacia-un-colapso-psiquico-en-la-era-de-la-informacion\\\/\"},\"wordCount\":811,\"publisher\":{\"@id\":\"https:\\\/\\\/www.eldiario.net\\\/portal\\\/#organization\"},\"image\":{\"@id\":\"https:\\\/\\\/www.eldiario.net\\\/portal\\\/2026\\\/02\\\/02\\\/de-la-tecnica-al-vacio-hacia-un-colapso-psiquico-en-la-era-de-la-informacion\\\/#primaryimage\"},\"thumbnailUrl\":\"https:\\\/\\\/www.eldiario.net\\\/portal\\\/wp-content\\\/uploads\\\/2023\\\/06\\\/Ignacio-Vera-de-Rada-1.jpg\",\"articleSection\":[\"Opini\u00f3n\"],\"inLanguage\":\"es\"},{\"@type\":\"WebPage\",\"@id\":\"https:\\\/\\\/www.eldiario.net\\\/portal\\\/2026\\\/02\\\/02\\\/de-la-tecnica-al-vacio-hacia-un-colapso-psiquico-en-la-era-de-la-informacion\\\/\",\"url\":\"https:\\\/\\\/www.eldiario.net\\\/portal\\\/2026\\\/02\\\/02\\\/de-la-tecnica-al-vacio-hacia-un-colapso-psiquico-en-la-era-de-la-informacion\\\/\",\"name\":\"De la t\u00e9cnica al vac\u00edo: \u00bfhacia un colapso ps\u00edquico en la era de la informaci\u00f3n? - El Diario - Bolivia\",\"isPartOf\":{\"@id\":\"https:\\\/\\\/www.eldiario.net\\\/portal\\\/#website\"},\"primaryImageOfPage\":{\"@id\":\"https:\\\/\\\/www.eldiario.net\\\/portal\\\/2026\\\/02\\\/02\\\/de-la-tecnica-al-vacio-hacia-un-colapso-psiquico-en-la-era-de-la-informacion\\\/#primaryimage\"},\"image\":{\"@id\":\"https:\\\/\\\/www.eldiario.net\\\/portal\\\/2026\\\/02\\\/02\\\/de-la-tecnica-al-vacio-hacia-un-colapso-psiquico-en-la-era-de-la-informacion\\\/#primaryimage\"},\"thumbnailUrl\":\"https:\\\/\\\/www.eldiario.net\\\/portal\\\/wp-content\\\/uploads\\\/2023\\\/06\\\/Ignacio-Vera-de-Rada-1.jpg\",\"datePublished\":\"2026-02-02T10:40:48+00:00\",\"breadcrumb\":{\"@id\":\"https:\\\/\\\/www.eldiario.net\\\/portal\\\/2026\\\/02\\\/02\\\/de-la-tecnica-al-vacio-hacia-un-colapso-psiquico-en-la-era-de-la-informacion\\\/#breadcrumb\"},\"inLanguage\":\"es\",\"potentialAction\":[{\"@type\":\"ReadAction\",\"target\":[\"https:\\\/\\\/www.eldiario.net\\\/portal\\\/2026\\\/02\\\/02\\\/de-la-tecnica-al-vacio-hacia-un-colapso-psiquico-en-la-era-de-la-informacion\\\/\"]}]},{\"@type\":\"ImageObject\",\"inLanguage\":\"es\",\"@id\":\"https:\\\/\\\/www.eldiario.net\\\/portal\\\/2026\\\/02\\\/02\\\/de-la-tecnica-al-vacio-hacia-un-colapso-psiquico-en-la-era-de-la-informacion\\\/#primaryimage\",\"url\":\"https:\\\/\\\/www.eldiario.net\\\/portal\\\/wp-content\\\/uploads\\\/2023\\\/06\\\/Ignacio-Vera-de-Rada-1.jpg\",\"contentUrl\":\"https:\\\/\\\/www.eldiario.net\\\/portal\\\/wp-content\\\/uploads\\\/2023\\\/06\\\/Ignacio-Vera-de-Rada-1.jpg\",\"width\":1200,\"height\":628,\"caption\":\"Ignacio Vera de Rada\"},{\"@type\":\"BreadcrumbList\",\"@id\":\"https:\\\/\\\/www.eldiario.net\\\/portal\\\/2026\\\/02\\\/02\\\/de-la-tecnica-al-vacio-hacia-un-colapso-psiquico-en-la-era-de-la-informacion\\\/#breadcrumb\",\"itemListElement\":[{\"@type\":\"ListItem\",\"position\":1,\"name\":\"Portada\",\"item\":\"https:\\\/\\\/www.eldiario.net\\\/portal\\\/\"},{\"@type\":\"ListItem\",\"position\":2,\"name\":\"De la t\u00e9cnica al vac\u00edo: \u00bfhacia un colapso ps\u00edquico en la era de la informaci\u00f3n?\"}]},{\"@type\":\"WebSite\",\"@id\":\"https:\\\/\\\/www.eldiario.net\\\/portal\\\/#website\",\"url\":\"https:\\\/\\\/www.eldiario.net\\\/portal\\\/\",\"name\":\"El Diario - Decano de la prensa nacional\",\"description\":\"El Diario - Decano de la prensa nacional\",\"publisher\":{\"@id\":\"https:\\\/\\\/www.eldiario.net\\\/portal\\\/#organization\"},\"potentialAction\":[{\"@type\":\"SearchAction\",\"target\":{\"@type\":\"EntryPoint\",\"urlTemplate\":\"https:\\\/\\\/www.eldiario.net\\\/portal\\\/?s={search_term_string}\"},\"query-input\":{\"@type\":\"PropertyValueSpecification\",\"valueRequired\":true,\"valueName\":\"search_term_string\"}}],\"inLanguage\":\"es\"},{\"@type\":\"Organization\",\"@id\":\"https:\\\/\\\/www.eldiario.net\\\/portal\\\/#organization\",\"name\":\"El Diario - Decano de la prensa nacional\",\"url\":\"https:\\\/\\\/www.eldiario.net\\\/portal\\\/\",\"logo\":{\"@type\":\"ImageObject\",\"inLanguage\":\"es\",\"@id\":\"https:\\\/\\\/www.eldiario.net\\\/portal\\\/#\\\/schema\\\/logo\\\/image\\\/\",\"url\":\"https:\\\/\\\/www.eldiario.net\\\/portal\\\/wp-content\\\/uploads\\\/2023\\\/07\\\/logo_ED.jpg\",\"contentUrl\":\"https:\\\/\\\/www.eldiario.net\\\/portal\\\/wp-content\\\/uploads\\\/2023\\\/07\\\/logo_ED.jpg\",\"width\":272,\"height\":52,\"caption\":\"El Diario - Decano de la prensa nacional\"},\"image\":{\"@id\":\"https:\\\/\\\/www.eldiario.net\\\/portal\\\/#\\\/schema\\\/logo\\\/image\\\/\"},\"sameAs\":[\"https:\\\/\\\/www.facebook.com\\\/eldiario.bolivia\\\/\",\"https:\\\/\\\/x.com\\\/eldiario_net\"]},{\"@type\":\"Person\",\"@id\":\"https:\\\/\\\/www.eldiario.net\\\/portal\\\/#\\\/schema\\\/person\\\/2c57cf2b7a7ae032e449e4c9b1019eac\",\"name\":\"Jeanette\",\"image\":{\"@type\":\"ImageObject\",\"inLanguage\":\"es\",\"@id\":\"https:\\\/\\\/secure.gravatar.com\\\/avatar\\\/3ea2118a5f7dad2b7138b1187a6b7ee55f160b9968b66013c3a3ef39dd7e5798?s=96&d=mm&r=g\",\"url\":\"https:\\\/\\\/secure.gravatar.com\\\/avatar\\\/3ea2118a5f7dad2b7138b1187a6b7ee55f160b9968b66013c3a3ef39dd7e5798?s=96&d=mm&r=g\",\"contentUrl\":\"https:\\\/\\\/secure.gravatar.com\\\/avatar\\\/3ea2118a5f7dad2b7138b1187a6b7ee55f160b9968b66013c3a3ef39dd7e5798?s=96&d=mm&r=g\",\"caption\":\"Jeanette\"},\"sameAs\":[\"https:\\\/\\\/www.eldiario.net\\\/portal\"],\"url\":\"https:\\\/\\\/www.eldiario.net\\\/portal\\\/author\\\/jeanette\\\/\"}]}<\/script>\n<!-- \/ Yoast SEO plugin. -->","yoast_head_json":{"title":"De la t\u00e9cnica al vac\u00edo: \u00bfhacia un colapso ps\u00edquico en la era de la informaci\u00f3n? - El Diario - Bolivia","robots":{"index":"index","follow":"follow","max-snippet":"max-snippet:-1","max-image-preview":"max-image-preview:large","max-video-preview":"max-video-preview:-1"},"canonical":"https:\/\/www.eldiario.net\/portal\/2026\/02\/02\/de-la-tecnica-al-vacio-hacia-un-colapso-psiquico-en-la-era-de-la-informacion\/","og_locale":"es_ES","og_type":"article","og_title":"De la t\u00e9cnica al vac\u00edo: \u00bfhacia un colapso ps\u00edquico en la era de la informaci\u00f3n? - El Diario - Bolivia","og_description":"Debes vivir muchas experiencias y viajar mucho, y ten amigos en todos los pa\u00edses donde vayas. No, mejor espera tus tiempos y a la persona ideal. Aunque, es mejor tener solo un perro; ellos s\u00ed que saben amar. Estudia varios posgrados y vive en el extranjero. No, mejor qu\u00e9date en tu tierra y con tu [&hellip;]","og_url":"https:\/\/www.eldiario.net\/portal\/2026\/02\/02\/de-la-tecnica-al-vacio-hacia-un-colapso-psiquico-en-la-era-de-la-informacion\/","og_site_name":"El Diario - Bolivia","article_publisher":"https:\/\/www.facebook.com\/eldiario.bolivia\/","article_published_time":"2026-02-02T10:40:48+00:00","og_image":[{"width":1200,"height":628,"url":"https:\/\/www.eldiario.net\/portal\/wp-content\/uploads\/2023\/06\/Ignacio-Vera-de-Rada-1.jpg","type":"image\/jpeg"}],"author":"Jeanette","twitter_card":"summary_large_image","twitter_creator":"@eldiario_net","twitter_site":"@eldiario_net","twitter_misc":{"Escrito por":"Jeanette","Tiempo de lectura":"4 minutos"},"schema":{"@context":"https:\/\/schema.org","@graph":[{"@type":"Article","@id":"https:\/\/www.eldiario.net\/portal\/2026\/02\/02\/de-la-tecnica-al-vacio-hacia-un-colapso-psiquico-en-la-era-de-la-informacion\/#article","isPartOf":{"@id":"https:\/\/www.eldiario.net\/portal\/2026\/02\/02\/de-la-tecnica-al-vacio-hacia-un-colapso-psiquico-en-la-era-de-la-informacion\/"},"author":{"name":"Jeanette","@id":"https:\/\/www.eldiario.net\/portal\/#\/schema\/person\/2c57cf2b7a7ae032e449e4c9b1019eac"},"headline":"De la t\u00e9cnica al vac\u00edo: \u00bfhacia un colapso ps\u00edquico en la era de la informaci\u00f3n?","datePublished":"2026-02-02T10:40:48+00:00","mainEntityOfPage":{"@id":"https:\/\/www.eldiario.net\/portal\/2026\/02\/02\/de-la-tecnica-al-vacio-hacia-un-colapso-psiquico-en-la-era-de-la-informacion\/"},"wordCount":811,"publisher":{"@id":"https:\/\/www.eldiario.net\/portal\/#organization"},"image":{"@id":"https:\/\/www.eldiario.net\/portal\/2026\/02\/02\/de-la-tecnica-al-vacio-hacia-un-colapso-psiquico-en-la-era-de-la-informacion\/#primaryimage"},"thumbnailUrl":"https:\/\/www.eldiario.net\/portal\/wp-content\/uploads\/2023\/06\/Ignacio-Vera-de-Rada-1.jpg","articleSection":["Opini\u00f3n"],"inLanguage":"es"},{"@type":"WebPage","@id":"https:\/\/www.eldiario.net\/portal\/2026\/02\/02\/de-la-tecnica-al-vacio-hacia-un-colapso-psiquico-en-la-era-de-la-informacion\/","url":"https:\/\/www.eldiario.net\/portal\/2026\/02\/02\/de-la-tecnica-al-vacio-hacia-un-colapso-psiquico-en-la-era-de-la-informacion\/","name":"De la t\u00e9cnica al vac\u00edo: \u00bfhacia un colapso ps\u00edquico en la era de la informaci\u00f3n? - El Diario - Bolivia","isPartOf":{"@id":"https:\/\/www.eldiario.net\/portal\/#website"},"primaryImageOfPage":{"@id":"https:\/\/www.eldiario.net\/portal\/2026\/02\/02\/de-la-tecnica-al-vacio-hacia-un-colapso-psiquico-en-la-era-de-la-informacion\/#primaryimage"},"image":{"@id":"https:\/\/www.eldiario.net\/portal\/2026\/02\/02\/de-la-tecnica-al-vacio-hacia-un-colapso-psiquico-en-la-era-de-la-informacion\/#primaryimage"},"thumbnailUrl":"https:\/\/www.eldiario.net\/portal\/wp-content\/uploads\/2023\/06\/Ignacio-Vera-de-Rada-1.jpg","datePublished":"2026-02-02T10:40:48+00:00","breadcrumb":{"@id":"https:\/\/www.eldiario.net\/portal\/2026\/02\/02\/de-la-tecnica-al-vacio-hacia-un-colapso-psiquico-en-la-era-de-la-informacion\/#breadcrumb"},"inLanguage":"es","potentialAction":[{"@type":"ReadAction","target":["https:\/\/www.eldiario.net\/portal\/2026\/02\/02\/de-la-tecnica-al-vacio-hacia-un-colapso-psiquico-en-la-era-de-la-informacion\/"]}]},{"@type":"ImageObject","inLanguage":"es","@id":"https:\/\/www.eldiario.net\/portal\/2026\/02\/02\/de-la-tecnica-al-vacio-hacia-un-colapso-psiquico-en-la-era-de-la-informacion\/#primaryimage","url":"https:\/\/www.eldiario.net\/portal\/wp-content\/uploads\/2023\/06\/Ignacio-Vera-de-Rada-1.jpg","contentUrl":"https:\/\/www.eldiario.net\/portal\/wp-content\/uploads\/2023\/06\/Ignacio-Vera-de-Rada-1.jpg","width":1200,"height":628,"caption":"Ignacio Vera de Rada"},{"@type":"BreadcrumbList","@id":"https:\/\/www.eldiario.net\/portal\/2026\/02\/02\/de-la-tecnica-al-vacio-hacia-un-colapso-psiquico-en-la-era-de-la-informacion\/#breadcrumb","itemListElement":[{"@type":"ListItem","position":1,"name":"Portada","item":"https:\/\/www.eldiario.net\/portal\/"},{"@type":"ListItem","position":2,"name":"De la t\u00e9cnica al vac\u00edo: \u00bfhacia un colapso ps\u00edquico en la era de la informaci\u00f3n?"}]},{"@type":"WebSite","@id":"https:\/\/www.eldiario.net\/portal\/#website","url":"https:\/\/www.eldiario.net\/portal\/","name":"El Diario - Decano de la prensa nacional","description":"El Diario - Decano de la prensa nacional","publisher":{"@id":"https:\/\/www.eldiario.net\/portal\/#organization"},"potentialAction":[{"@type":"SearchAction","target":{"@type":"EntryPoint","urlTemplate":"https:\/\/www.eldiario.net\/portal\/?s={search_term_string}"},"query-input":{"@type":"PropertyValueSpecification","valueRequired":true,"valueName":"search_term_string"}}],"inLanguage":"es"},{"@type":"Organization","@id":"https:\/\/www.eldiario.net\/portal\/#organization","name":"El Diario - Decano de la prensa nacional","url":"https:\/\/www.eldiario.net\/portal\/","logo":{"@type":"ImageObject","inLanguage":"es","@id":"https:\/\/www.eldiario.net\/portal\/#\/schema\/logo\/image\/","url":"https:\/\/www.eldiario.net\/portal\/wp-content\/uploads\/2023\/07\/logo_ED.jpg","contentUrl":"https:\/\/www.eldiario.net\/portal\/wp-content\/uploads\/2023\/07\/logo_ED.jpg","width":272,"height":52,"caption":"El Diario - Decano de la prensa nacional"},"image":{"@id":"https:\/\/www.eldiario.net\/portal\/#\/schema\/logo\/image\/"},"sameAs":["https:\/\/www.facebook.com\/eldiario.bolivia\/","https:\/\/x.com\/eldiario_net"]},{"@type":"Person","@id":"https:\/\/www.eldiario.net\/portal\/#\/schema\/person\/2c57cf2b7a7ae032e449e4c9b1019eac","name":"Jeanette","image":{"@type":"ImageObject","inLanguage":"es","@id":"https:\/\/secure.gravatar.com\/avatar\/3ea2118a5f7dad2b7138b1187a6b7ee55f160b9968b66013c3a3ef39dd7e5798?s=96&d=mm&r=g","url":"https:\/\/secure.gravatar.com\/avatar\/3ea2118a5f7dad2b7138b1187a6b7ee55f160b9968b66013c3a3ef39dd7e5798?s=96&d=mm&r=g","contentUrl":"https:\/\/secure.gravatar.com\/avatar\/3ea2118a5f7dad2b7138b1187a6b7ee55f160b9968b66013c3a3ef39dd7e5798?s=96&d=mm&r=g","caption":"Jeanette"},"sameAs":["https:\/\/www.eldiario.net\/portal"],"url":"https:\/\/www.eldiario.net\/portal\/author\/jeanette\/"}]}},"_links":{"self":[{"href":"https:\/\/www.eldiario.net\/portal\/wp-json\/wp\/v2\/posts\/364990","targetHints":{"allow":["GET"]}}],"collection":[{"href":"https:\/\/www.eldiario.net\/portal\/wp-json\/wp\/v2\/posts"}],"about":[{"href":"https:\/\/www.eldiario.net\/portal\/wp-json\/wp\/v2\/types\/post"}],"author":[{"embeddable":true,"href":"https:\/\/www.eldiario.net\/portal\/wp-json\/wp\/v2\/users\/1"}],"replies":[{"embeddable":true,"href":"https:\/\/www.eldiario.net\/portal\/wp-json\/wp\/v2\/comments?post=364990"}],"version-history":[{"count":1,"href":"https:\/\/www.eldiario.net\/portal\/wp-json\/wp\/v2\/posts\/364990\/revisions"}],"predecessor-version":[{"id":364991,"href":"https:\/\/www.eldiario.net\/portal\/wp-json\/wp\/v2\/posts\/364990\/revisions\/364991"}],"wp:featuredmedia":[{"embeddable":true,"href":"https:\/\/www.eldiario.net\/portal\/wp-json\/wp\/v2\/media\/158964"}],"wp:attachment":[{"href":"https:\/\/www.eldiario.net\/portal\/wp-json\/wp\/v2\/media?parent=364990"}],"wp:term":[{"taxonomy":"category","embeddable":true,"href":"https:\/\/www.eldiario.net\/portal\/wp-json\/wp\/v2\/categories?post=364990"},{"taxonomy":"post_tag","embeddable":true,"href":"https:\/\/www.eldiario.net\/portal\/wp-json\/wp\/v2\/tags?post=364990"}],"curies":[{"name":"wp","href":"https:\/\/api.w.org\/{rel}","templated":true}]}}