{"id":364988,"date":"2026-02-02T06:40:14","date_gmt":"2026-02-02T10:40:14","guid":{"rendered":"https:\/\/www.eldiario.net\/portal\/?p=364988"},"modified":"2026-02-02T06:40:14","modified_gmt":"2026-02-02T10:40:14","slug":"ansiedad-nuestro-afan-de-cada-dia-como-afrontarla","status":"publish","type":"post","link":"https:\/\/www.eldiario.net\/portal\/2026\/02\/02\/ansiedad-nuestro-afan-de-cada-dia-como-afrontarla\/","title":{"rendered":"Ansiedad, nuestro af\u00e1n de cada d\u00eda, c\u00f3mo afrontarla"},"content":{"rendered":"<p>Alguien dijo \u201ccada d\u00eda tiene su propio af\u00e1n\u201d, tambi\u00e9n \u201c\u00bfqui\u00e9n, por mucho que se afane, puede agregar una hora al d\u00eda?\u201d.<br \/>\nHay d\u00edas en los cuales se nos presentan dificultades, que nos generan preocupaci\u00f3n porque no vemos una soluci\u00f3n pr\u00f3xima. \u00bfY qu\u00e9 pasar\u00eda si este quebradero de cabeza no fuese por ciertos problemas puntuales, y empezase a ocupar m\u00e1s espacio en mi vida, afect\u00e1ndome en distintas \u00e1reas?<\/p>\n<p>Miedo versus ansiedad<br \/>\nEn el miedo podemos observar un objeto y situaci\u00f3n que nos pone en alerta y nos prepara para tres tipos de acciones: la huida, la lucha o la par\u00e1lisis. Por ejemplo, si sale a mi encuentro un animal cuyas intenciones desconozco, mi mente y mi cuerpo se preparan para resolver la situaci\u00f3n, sea corriendo como un atleta ol\u00edmpico o volvi\u00e9ndome un gladiador o, en extra\u00f1os casos, paraliz\u00e1ndome, sin saber qu\u00e9 hacer.<br \/>\nMientras que, en la ansiedad, falta ese objeto causante de la alerta o es dif\u00edcil de precisar y se presenta acompa\u00f1ado de sentimientos de inseguridad. Partiendo de este ejemplo, podemos entender s\u00edntomas como las palpitaciones, sentir calor o fr\u00edo en el cuerpo, sensaci\u00f3n o falta de aire, transpiraci\u00f3n en manos, pensamientos o ideas de que \u201calgo malo va a pasar\u201d, puede surgir una \u201csensaci\u00f3n de muerte inminente\u201d, entre otros.<br \/>\nLa cronolog\u00eda con la que esta sintomatolog\u00eda aparece ayuda a definir el diagn\u00f3stico, ya que cuando se vuelve una situaci\u00f3n repetitiva podemos estar frente a alg\u00fan trastorno de ansiedad. Por ejemplo, ataque de p\u00e1nico, ansiedad generalizada, fobia, ansiedad social, etc., cada una con su caracter\u00edstica particular.<\/p>\n<p>El cambio necesita acciones<br \/>\nEs creencia popular que, para superar la fobia a las ara\u00f1as, solo basta con exponerse frente al animal y esto har\u00e1 que la emoci\u00f3n ceda por s\u00ed sola, pero esto no ocurre as\u00ed, hace falta un cambio en los pensamientos, en las ideas, etc., y esto se logra con paciencia y trabajo.<br \/>\nVeamos algunas recomendaciones para empezar a cambiar las creencias que sustentan estas ideas.<br \/>\nSeg\u00fan el doctor S. Palermo, m\u00e9dico psiquiatra, lo primero es la decisi\u00f3n de tomar riesgos. Cuando vamos a tener una entrevista de empleo, sabemos que podemos ser rechazados, pero es un paso necesario si busco cambiar mi situaci\u00f3n econ\u00f3mica.<br \/>\nLos riesgos forman parte de nuestra vida, del tomar decisiones, conocida es la frase de vendedores: \u201cEl no ya lo tiene, usted va por el s\u00ed\u201d.<br \/>\nNo arriesgarse conlleva un riesgo, el de perder aquello que podr\u00eda ayudarle a cumplir con sus sue\u00f1os, sea un trabajo, una pareja, etc.<br \/>\nPor otro lado, cierta actitud de pasividad nos afecta en el \u00e1rea de la autoestima, pudiendo generar pensamientos negativos, valoraciones negativas de uno mismo, aumentando la frustraci\u00f3n y ser motor de una mayor ansiedad.<br \/>\nOtro punto es aprender qui\u00e9n soy y lo que soy capaz de hacer. Conocerme, preguntarme por mi identidad y sobre qu\u00e9 creencias o ideas la estoy cimentando, ya que a veces, no nos damos cuenta y hemos adoptado una identidad que no es nuestra y responde a lo que otros han dicho de m\u00ed, como ser mis padres u otras personas. \u00bfY c\u00f3mo saber de qu\u00e9 soy capaz? Tenemos ante nosotros dos miradas distintas, hay quienes optan por mirar al pasado y poder reconocer d\u00f3nde empez\u00f3 su camino y hasta d\u00f3nde han llegado a pesar de las dificultades de la vida, y hay quienes, poniendo su vista en la meta, deciden correr la carrera dejando atr\u00e1s las cosas pasadas. Ambas visiones reconocen que a\u00fan queda un camino por delante, tal vez la forma sea poder ubicar metas a corto plazo, realistas, cada logro, por peque\u00f1o que sea, refuerza nuestra autoestima y nos da empuje y confianza.<br \/>\nHay muchas estrategias y t\u00e9cnicas para afrontar el miedo y para poder hacer de la ansiedad un veh\u00edculo. Una buena forma es estudiando al respecto. Hoy vivimos en una sociedad con m\u00faltiples fuentes de informaci\u00f3n, donde podemos hallar consejos y recomendaciones de expertos de renombre.<br \/>\nTambi\u00e9n podemos recurrir a ejercicios de relajaci\u00f3n, t\u00e9cnicas de respiraci\u00f3n, meditaci\u00f3n, etc. Y si a esto acompa\u00f1amos con la ayuda profesional, con un espacio psicoterap\u00e9utico, que es de gran valor, y\/o los tratamientos psicofarmacol\u00f3gicos que resultan muy efectivos, tenemos una buena f\u00f3rmula para el \u00e9xito. Los excesivos montos de ansiedad en sus distintas formas o cuadros, no deber\u00edan ser algo que se sufra en silencio, no tenga miedo ni verg\u00fcenza de acercarse a los profesionales.<\/p>\n","protected":false},"excerpt":{"rendered":"<p>Alguien dijo \u201ccada d\u00eda tiene su propio af\u00e1n\u201d, tambi\u00e9n \u201c\u00bfqui\u00e9n, por mucho que se afane, puede agregar una hora al d\u00eda?\u201d. Hay d\u00edas en los cuales se nos presentan dificultades, que nos generan preocupaci\u00f3n porque no vemos una soluci\u00f3n pr\u00f3xima. \u00bfY qu\u00e9 pasar\u00eda si este quebradero de cabeza no fuese por ciertos problemas puntuales, y [&hellip;]<\/p>\n","protected":false},"author":1,"featured_media":194790,"comment_status":"closed","ping_status":"open","sticky":false,"template":"","format":"standard","meta":{"_acf_changed":false,"footnotes":""},"categories":[9],"tags":[],"class_list":["post-364988","post","type-post","status-publish","format-standard","has-post-thumbnail","category-opinion"],"acf":{"antetitulo":""},"yoast_head":"<!-- This site is optimized with the Yoast SEO plugin v28.4 - https:\/\/yoast.com\/product\/yoast-seo-wordpress\/ -->\n<title>Ansiedad, nuestro af\u00e1n de cada d\u00eda, c\u00f3mo afrontarla - El Diario - Bolivia<\/title>\n<meta name=\"robots\" content=\"index, follow, max-snippet:-1, max-image-preview:large, max-video-preview:-1\" \/>\n<link rel=\"canonical\" href=\"https:\/\/www.eldiario.net\/portal\/2026\/02\/02\/ansiedad-nuestro-afan-de-cada-dia-como-afrontarla\/\" \/>\n<meta property=\"og:locale\" content=\"es_ES\" \/>\n<meta property=\"og:type\" content=\"article\" \/>\n<meta property=\"og:title\" content=\"Ansiedad, nuestro af\u00e1n de cada d\u00eda, c\u00f3mo afrontarla - El Diario - Bolivia\" \/>\n<meta property=\"og:description\" content=\"Alguien dijo \u201ccada d\u00eda tiene su propio af\u00e1n\u201d, tambi\u00e9n \u201c\u00bfqui\u00e9n, por mucho que se afane, puede agregar una hora al d\u00eda?\u201d. Hay d\u00edas en los cuales se nos presentan dificultades, que nos generan preocupaci\u00f3n porque no vemos una soluci\u00f3n pr\u00f3xima. \u00bfY qu\u00e9 pasar\u00eda si este quebradero de cabeza no fuese por ciertos problemas puntuales, y [&hellip;]\" \/>\n<meta property=\"og:url\" content=\"https:\/\/www.eldiario.net\/portal\/2026\/02\/02\/ansiedad-nuestro-afan-de-cada-dia-como-afrontarla\/\" \/>\n<meta property=\"og:site_name\" content=\"El Diario - Bolivia\" \/>\n<meta property=\"article:publisher\" content=\"https:\/\/www.facebook.com\/eldiario.bolivia\/\" \/>\n<meta property=\"article:published_time\" content=\"2026-02-02T10:40:14+00:00\" \/>\n<meta property=\"og:image\" content=\"https:\/\/www.eldiario.net\/portal\/wp-content\/uploads\/2023\/12\/Opinion.jpg\" \/>\n\t<meta property=\"og:image:width\" content=\"800\" \/>\n\t<meta property=\"og:image:height\" content=\"500\" \/>\n\t<meta property=\"og:image:type\" content=\"image\/jpeg\" \/>\n<meta name=\"author\" content=\"Jeanette\" \/>\n<meta name=\"twitter:card\" content=\"summary_large_image\" \/>\n<meta name=\"twitter:creator\" content=\"@eldiario_net\" \/>\n<meta name=\"twitter:site\" content=\"@eldiario_net\" \/>\n<meta name=\"twitter:label1\" content=\"Escrito por\" \/>\n\t<meta name=\"twitter:data1\" content=\"Jeanette\" \/>\n\t<meta name=\"twitter:label2\" content=\"Tiempo de lectura\" \/>\n\t<meta name=\"twitter:data2\" content=\"4 minutos\" \/>\n<script type=\"application\/ld+json\" class=\"yoast-schema-graph\">{\"@context\":\"https:\\\/\\\/schema.org\",\"@graph\":[{\"@type\":\"Article\",\"@id\":\"https:\\\/\\\/www.eldiario.net\\\/portal\\\/2026\\\/02\\\/02\\\/ansiedad-nuestro-afan-de-cada-dia-como-afrontarla\\\/#article\",\"isPartOf\":{\"@id\":\"https:\\\/\\\/www.eldiario.net\\\/portal\\\/2026\\\/02\\\/02\\\/ansiedad-nuestro-afan-de-cada-dia-como-afrontarla\\\/\"},\"author\":{\"name\":\"Jeanette\",\"@id\":\"https:\\\/\\\/www.eldiario.net\\\/portal\\\/#\\\/schema\\\/person\\\/f46445640444750d7d753ccd04ae01b7\"},\"headline\":\"Ansiedad, nuestro af\u00e1n de cada d\u00eda, c\u00f3mo afrontarla\",\"datePublished\":\"2026-02-02T10:40:14+00:00\",\"mainEntityOfPage\":{\"@id\":\"https:\\\/\\\/www.eldiario.net\\\/portal\\\/2026\\\/02\\\/02\\\/ansiedad-nuestro-afan-de-cada-dia-como-afrontarla\\\/\"},\"wordCount\":800,\"publisher\":{\"@id\":\"https:\\\/\\\/www.eldiario.net\\\/portal\\\/#organization\"},\"image\":{\"@id\":\"https:\\\/\\\/www.eldiario.net\\\/portal\\\/2026\\\/02\\\/02\\\/ansiedad-nuestro-afan-de-cada-dia-como-afrontarla\\\/#primaryimage\"},\"thumbnailUrl\":\"https:\\\/\\\/www.eldiario.net\\\/portal\\\/wp-content\\\/uploads\\\/2023\\\/12\\\/Opinion.jpg\",\"articleSection\":[\"Opini\u00f3n\"],\"inLanguage\":\"es\"},{\"@type\":\"WebPage\",\"@id\":\"https:\\\/\\\/www.eldiario.net\\\/portal\\\/2026\\\/02\\\/02\\\/ansiedad-nuestro-afan-de-cada-dia-como-afrontarla\\\/\",\"url\":\"https:\\\/\\\/www.eldiario.net\\\/portal\\\/2026\\\/02\\\/02\\\/ansiedad-nuestro-afan-de-cada-dia-como-afrontarla\\\/\",\"name\":\"Ansiedad, nuestro af\u00e1n de cada d\u00eda, c\u00f3mo afrontarla - El Diario - Bolivia\",\"isPartOf\":{\"@id\":\"https:\\\/\\\/www.eldiario.net\\\/portal\\\/#website\"},\"primaryImageOfPage\":{\"@id\":\"https:\\\/\\\/www.eldiario.net\\\/portal\\\/2026\\\/02\\\/02\\\/ansiedad-nuestro-afan-de-cada-dia-como-afrontarla\\\/#primaryimage\"},\"image\":{\"@id\":\"https:\\\/\\\/www.eldiario.net\\\/portal\\\/2026\\\/02\\\/02\\\/ansiedad-nuestro-afan-de-cada-dia-como-afrontarla\\\/#primaryimage\"},\"thumbnailUrl\":\"https:\\\/\\\/www.eldiario.net\\\/portal\\\/wp-content\\\/uploads\\\/2023\\\/12\\\/Opinion.jpg\",\"datePublished\":\"2026-02-02T10:40:14+00:00\",\"breadcrumb\":{\"@id\":\"https:\\\/\\\/www.eldiario.net\\\/portal\\\/2026\\\/02\\\/02\\\/ansiedad-nuestro-afan-de-cada-dia-como-afrontarla\\\/#breadcrumb\"},\"inLanguage\":\"es\",\"potentialAction\":[{\"@type\":\"ReadAction\",\"target\":[\"https:\\\/\\\/www.eldiario.net\\\/portal\\\/2026\\\/02\\\/02\\\/ansiedad-nuestro-afan-de-cada-dia-como-afrontarla\\\/\"]}]},{\"@type\":\"ImageObject\",\"inLanguage\":\"es\",\"@id\":\"https:\\\/\\\/www.eldiario.net\\\/portal\\\/2026\\\/02\\\/02\\\/ansiedad-nuestro-afan-de-cada-dia-como-afrontarla\\\/#primaryimage\",\"url\":\"https:\\\/\\\/www.eldiario.net\\\/portal\\\/wp-content\\\/uploads\\\/2023\\\/12\\\/Opinion.jpg\",\"contentUrl\":\"https:\\\/\\\/www.eldiario.net\\\/portal\\\/wp-content\\\/uploads\\\/2023\\\/12\\\/Opinion.jpg\",\"width\":800,\"height\":500},{\"@type\":\"BreadcrumbList\",\"@id\":\"https:\\\/\\\/www.eldiario.net\\\/portal\\\/2026\\\/02\\\/02\\\/ansiedad-nuestro-afan-de-cada-dia-como-afrontarla\\\/#breadcrumb\",\"itemListElement\":[{\"@type\":\"ListItem\",\"position\":1,\"name\":\"Portada\",\"item\":\"https:\\\/\\\/www.eldiario.net\\\/portal\\\/\"},{\"@type\":\"ListItem\",\"position\":2,\"name\":\"Ansiedad, nuestro af\u00e1n de cada d\u00eda, c\u00f3mo afrontarla\"}]},{\"@type\":\"WebSite\",\"@id\":\"https:\\\/\\\/www.eldiario.net\\\/portal\\\/#website\",\"url\":\"https:\\\/\\\/www.eldiario.net\\\/portal\\\/\",\"name\":\"El Diario - Decano de la prensa nacional\",\"description\":\"El Diario - Decano de la prensa nacional\",\"publisher\":{\"@id\":\"https:\\\/\\\/www.eldiario.net\\\/portal\\\/#organization\"},\"potentialAction\":[{\"@type\":\"SearchAction\",\"target\":{\"@type\":\"EntryPoint\",\"urlTemplate\":\"https:\\\/\\\/www.eldiario.net\\\/portal\\\/?s={search_term_string}\"},\"query-input\":{\"@type\":\"PropertyValueSpecification\",\"valueRequired\":true,\"valueName\":\"search_term_string\"}}],\"inLanguage\":\"es\"},{\"@type\":\"Organization\",\"@id\":\"https:\\\/\\\/www.eldiario.net\\\/portal\\\/#organization\",\"name\":\"El Diario - Decano de la prensa nacional\",\"url\":\"https:\\\/\\\/www.eldiario.net\\\/portal\\\/\",\"logo\":{\"@type\":\"ImageObject\",\"inLanguage\":\"es\",\"@id\":\"https:\\\/\\\/www.eldiario.net\\\/portal\\\/#\\\/schema\\\/logo\\\/image\\\/\",\"url\":\"https:\\\/\\\/www.eldiario.net\\\/portal\\\/wp-content\\\/uploads\\\/2023\\\/07\\\/logo_ED.jpg\",\"contentUrl\":\"https:\\\/\\\/www.eldiario.net\\\/portal\\\/wp-content\\\/uploads\\\/2023\\\/07\\\/logo_ED.jpg\",\"width\":272,\"height\":52,\"caption\":\"El Diario - Decano de la prensa nacional\"},\"image\":{\"@id\":\"https:\\\/\\\/www.eldiario.net\\\/portal\\\/#\\\/schema\\\/logo\\\/image\\\/\"},\"sameAs\":[\"https:\\\/\\\/www.facebook.com\\\/eldiario.bolivia\\\/\",\"https:\\\/\\\/x.com\\\/eldiario_net\"]},{\"@type\":\"Person\",\"@id\":\"https:\\\/\\\/www.eldiario.net\\\/portal\\\/#\\\/schema\\\/person\\\/f46445640444750d7d753ccd04ae01b7\",\"name\":\"Jeanette\",\"image\":{\"@type\":\"ImageObject\",\"inLanguage\":\"es\",\"@id\":\"https:\\\/\\\/secure.gravatar.com\\\/avatar\\\/3ea2118a5f7dad2b7138b1187a6b7ee55f160b9968b66013c3a3ef39dd7e5798?s=96&d=mm&r=g\",\"url\":\"https:\\\/\\\/secure.gravatar.com\\\/avatar\\\/3ea2118a5f7dad2b7138b1187a6b7ee55f160b9968b66013c3a3ef39dd7e5798?s=96&d=mm&r=g\",\"contentUrl\":\"https:\\\/\\\/secure.gravatar.com\\\/avatar\\\/3ea2118a5f7dad2b7138b1187a6b7ee55f160b9968b66013c3a3ef39dd7e5798?s=96&d=mm&r=g\",\"caption\":\"Jeanette\"},\"sameAs\":[\"https:\\\/\\\/www.eldiario.net\\\/portal\"],\"url\":\"https:\\\/\\\/www.eldiario.net\\\/portal\\\/author\\\/jeanette\\\/\"}]}<\/script>\n<!-- \/ Yoast SEO plugin. -->","yoast_head_json":{"title":"Ansiedad, nuestro af\u00e1n de cada d\u00eda, c\u00f3mo afrontarla - El Diario - Bolivia","robots":{"index":"index","follow":"follow","max-snippet":"max-snippet:-1","max-image-preview":"max-image-preview:large","max-video-preview":"max-video-preview:-1"},"canonical":"https:\/\/www.eldiario.net\/portal\/2026\/02\/02\/ansiedad-nuestro-afan-de-cada-dia-como-afrontarla\/","og_locale":"es_ES","og_type":"article","og_title":"Ansiedad, nuestro af\u00e1n de cada d\u00eda, c\u00f3mo afrontarla - El Diario - Bolivia","og_description":"Alguien dijo \u201ccada d\u00eda tiene su propio af\u00e1n\u201d, tambi\u00e9n \u201c\u00bfqui\u00e9n, por mucho que se afane, puede agregar una hora al d\u00eda?\u201d. Hay d\u00edas en los cuales se nos presentan dificultades, que nos generan preocupaci\u00f3n porque no vemos una soluci\u00f3n pr\u00f3xima. \u00bfY qu\u00e9 pasar\u00eda si este quebradero de cabeza no fuese por ciertos problemas puntuales, y [&hellip;]","og_url":"https:\/\/www.eldiario.net\/portal\/2026\/02\/02\/ansiedad-nuestro-afan-de-cada-dia-como-afrontarla\/","og_site_name":"El Diario - Bolivia","article_publisher":"https:\/\/www.facebook.com\/eldiario.bolivia\/","article_published_time":"2026-02-02T10:40:14+00:00","og_image":[{"width":800,"height":500,"url":"https:\/\/www.eldiario.net\/portal\/wp-content\/uploads\/2023\/12\/Opinion.jpg","type":"image\/jpeg"}],"author":"Jeanette","twitter_card":"summary_large_image","twitter_creator":"@eldiario_net","twitter_site":"@eldiario_net","twitter_misc":{"Escrito por":"Jeanette","Tiempo de lectura":"4 minutos"},"schema":{"@context":"https:\/\/schema.org","@graph":[{"@type":"Article","@id":"https:\/\/www.eldiario.net\/portal\/2026\/02\/02\/ansiedad-nuestro-afan-de-cada-dia-como-afrontarla\/#article","isPartOf":{"@id":"https:\/\/www.eldiario.net\/portal\/2026\/02\/02\/ansiedad-nuestro-afan-de-cada-dia-como-afrontarla\/"},"author":{"name":"Jeanette","@id":"https:\/\/www.eldiario.net\/portal\/#\/schema\/person\/f46445640444750d7d753ccd04ae01b7"},"headline":"Ansiedad, nuestro af\u00e1n de cada d\u00eda, c\u00f3mo afrontarla","datePublished":"2026-02-02T10:40:14+00:00","mainEntityOfPage":{"@id":"https:\/\/www.eldiario.net\/portal\/2026\/02\/02\/ansiedad-nuestro-afan-de-cada-dia-como-afrontarla\/"},"wordCount":800,"publisher":{"@id":"https:\/\/www.eldiario.net\/portal\/#organization"},"image":{"@id":"https:\/\/www.eldiario.net\/portal\/2026\/02\/02\/ansiedad-nuestro-afan-de-cada-dia-como-afrontarla\/#primaryimage"},"thumbnailUrl":"https:\/\/www.eldiario.net\/portal\/wp-content\/uploads\/2023\/12\/Opinion.jpg","articleSection":["Opini\u00f3n"],"inLanguage":"es"},{"@type":"WebPage","@id":"https:\/\/www.eldiario.net\/portal\/2026\/02\/02\/ansiedad-nuestro-afan-de-cada-dia-como-afrontarla\/","url":"https:\/\/www.eldiario.net\/portal\/2026\/02\/02\/ansiedad-nuestro-afan-de-cada-dia-como-afrontarla\/","name":"Ansiedad, nuestro af\u00e1n de cada d\u00eda, c\u00f3mo afrontarla - El Diario - Bolivia","isPartOf":{"@id":"https:\/\/www.eldiario.net\/portal\/#website"},"primaryImageOfPage":{"@id":"https:\/\/www.eldiario.net\/portal\/2026\/02\/02\/ansiedad-nuestro-afan-de-cada-dia-como-afrontarla\/#primaryimage"},"image":{"@id":"https:\/\/www.eldiario.net\/portal\/2026\/02\/02\/ansiedad-nuestro-afan-de-cada-dia-como-afrontarla\/#primaryimage"},"thumbnailUrl":"https:\/\/www.eldiario.net\/portal\/wp-content\/uploads\/2023\/12\/Opinion.jpg","datePublished":"2026-02-02T10:40:14+00:00","breadcrumb":{"@id":"https:\/\/www.eldiario.net\/portal\/2026\/02\/02\/ansiedad-nuestro-afan-de-cada-dia-como-afrontarla\/#breadcrumb"},"inLanguage":"es","potentialAction":[{"@type":"ReadAction","target":["https:\/\/www.eldiario.net\/portal\/2026\/02\/02\/ansiedad-nuestro-afan-de-cada-dia-como-afrontarla\/"]}]},{"@type":"ImageObject","inLanguage":"es","@id":"https:\/\/www.eldiario.net\/portal\/2026\/02\/02\/ansiedad-nuestro-afan-de-cada-dia-como-afrontarla\/#primaryimage","url":"https:\/\/www.eldiario.net\/portal\/wp-content\/uploads\/2023\/12\/Opinion.jpg","contentUrl":"https:\/\/www.eldiario.net\/portal\/wp-content\/uploads\/2023\/12\/Opinion.jpg","width":800,"height":500},{"@type":"BreadcrumbList","@id":"https:\/\/www.eldiario.net\/portal\/2026\/02\/02\/ansiedad-nuestro-afan-de-cada-dia-como-afrontarla\/#breadcrumb","itemListElement":[{"@type":"ListItem","position":1,"name":"Portada","item":"https:\/\/www.eldiario.net\/portal\/"},{"@type":"ListItem","position":2,"name":"Ansiedad, nuestro af\u00e1n de cada d\u00eda, c\u00f3mo afrontarla"}]},{"@type":"WebSite","@id":"https:\/\/www.eldiario.net\/portal\/#website","url":"https:\/\/www.eldiario.net\/portal\/","name":"El Diario - Decano de la prensa nacional","description":"El Diario - Decano de la prensa nacional","publisher":{"@id":"https:\/\/www.eldiario.net\/portal\/#organization"},"potentialAction":[{"@type":"SearchAction","target":{"@type":"EntryPoint","urlTemplate":"https:\/\/www.eldiario.net\/portal\/?s={search_term_string}"},"query-input":{"@type":"PropertyValueSpecification","valueRequired":true,"valueName":"search_term_string"}}],"inLanguage":"es"},{"@type":"Organization","@id":"https:\/\/www.eldiario.net\/portal\/#organization","name":"El Diario - Decano de la prensa nacional","url":"https:\/\/www.eldiario.net\/portal\/","logo":{"@type":"ImageObject","inLanguage":"es","@id":"https:\/\/www.eldiario.net\/portal\/#\/schema\/logo\/image\/","url":"https:\/\/www.eldiario.net\/portal\/wp-content\/uploads\/2023\/07\/logo_ED.jpg","contentUrl":"https:\/\/www.eldiario.net\/portal\/wp-content\/uploads\/2023\/07\/logo_ED.jpg","width":272,"height":52,"caption":"El Diario - Decano de la prensa nacional"},"image":{"@id":"https:\/\/www.eldiario.net\/portal\/#\/schema\/logo\/image\/"},"sameAs":["https:\/\/www.facebook.com\/eldiario.bolivia\/","https:\/\/x.com\/eldiario_net"]},{"@type":"Person","@id":"https:\/\/www.eldiario.net\/portal\/#\/schema\/person\/f46445640444750d7d753ccd04ae01b7","name":"Jeanette","image":{"@type":"ImageObject","inLanguage":"es","@id":"https:\/\/secure.gravatar.com\/avatar\/3ea2118a5f7dad2b7138b1187a6b7ee55f160b9968b66013c3a3ef39dd7e5798?s=96&d=mm&r=g","url":"https:\/\/secure.gravatar.com\/avatar\/3ea2118a5f7dad2b7138b1187a6b7ee55f160b9968b66013c3a3ef39dd7e5798?s=96&d=mm&r=g","contentUrl":"https:\/\/secure.gravatar.com\/avatar\/3ea2118a5f7dad2b7138b1187a6b7ee55f160b9968b66013c3a3ef39dd7e5798?s=96&d=mm&r=g","caption":"Jeanette"},"sameAs":["https:\/\/www.eldiario.net\/portal"],"url":"https:\/\/www.eldiario.net\/portal\/author\/jeanette\/"}]}},"_links":{"self":[{"href":"https:\/\/www.eldiario.net\/portal\/wp-json\/wp\/v2\/posts\/364988","targetHints":{"allow":["GET"]}}],"collection":[{"href":"https:\/\/www.eldiario.net\/portal\/wp-json\/wp\/v2\/posts"}],"about":[{"href":"https:\/\/www.eldiario.net\/portal\/wp-json\/wp\/v2\/types\/post"}],"author":[{"embeddable":true,"href":"https:\/\/www.eldiario.net\/portal\/wp-json\/wp\/v2\/users\/1"}],"replies":[{"embeddable":true,"href":"https:\/\/www.eldiario.net\/portal\/wp-json\/wp\/v2\/comments?post=364988"}],"version-history":[{"count":1,"href":"https:\/\/www.eldiario.net\/portal\/wp-json\/wp\/v2\/posts\/364988\/revisions"}],"predecessor-version":[{"id":364989,"href":"https:\/\/www.eldiario.net\/portal\/wp-json\/wp\/v2\/posts\/364988\/revisions\/364989"}],"wp:featuredmedia":[{"embeddable":true,"href":"https:\/\/www.eldiario.net\/portal\/wp-json\/wp\/v2\/media\/194790"}],"wp:attachment":[{"href":"https:\/\/www.eldiario.net\/portal\/wp-json\/wp\/v2\/media?parent=364988"}],"wp:term":[{"taxonomy":"category","embeddable":true,"href":"https:\/\/www.eldiario.net\/portal\/wp-json\/wp\/v2\/categories?post=364988"},{"taxonomy":"post_tag","embeddable":true,"href":"https:\/\/www.eldiario.net\/portal\/wp-json\/wp\/v2\/tags?post=364988"}],"curies":[{"name":"wp","href":"https:\/\/api.w.org\/{rel}","templated":true}]}}