{"id":364983,"date":"2026-02-02T06:39:09","date_gmt":"2026-02-02T10:39:09","guid":{"rendered":"https:\/\/www.eldiario.net\/portal\/?p=364983"},"modified":"2026-02-02T06:39:09","modified_gmt":"2026-02-02T10:39:09","slug":"rezago-operativo-asfixia-el-futuro-de-la-produccion-del-litio-en-bolivia","status":"publish","type":"post","link":"https:\/\/www.eldiario.net\/portal\/2026\/02\/02\/rezago-operativo-asfixia-el-futuro-de-la-produccion-del-litio-en-bolivia\/","title":{"rendered":"Rezago operativo asfixia el futuro de  la producci\u00f3n del litio en Bolivia"},"content":{"rendered":"<p>Un alza de precios del 150% no ha sido suficiente para despertar la explotaci\u00f3n del litio en Bolivia. Atrapada en un laberinto de falta de claridad ejecutiva, la industria local se mantiene estancada; entretanto, sus competidores regionales capitalizan el ciclo alcista. Seg\u00fan la Fundaci\u00f3n Milenio, el estancamiento operativo le impide al pa\u00eds capitalizar un ciclo favorable y aprovechar la oportunidad de su historia.<br \/>\nLuego de un per\u00edodo de volatilidad, el litio se estabiliza en una banda de $us 16.000 a $us 22.000 la tonelada. El an\u00e1lisis sectorial revela un cambio de paradigma, mientras el mercado de veh\u00edculos el\u00e9ctricos pierde dinamismo, el almacenamiento de energ\u00edas renovables emerge como el nuevo gran soporte del consumo. La recuperaci\u00f3n de precios se ve acentuada por la oferta global restringida, marcada por las limitaciones operativas en China y el retraso en la puesta en marcha de nuevos proyectos mineros.<br \/>\nEl reporte destaca la estrepitosa ca\u00edda en la cotizaci\u00f3n del litio entre 2023 y 2024, per\u00edodo en el que el precio por tonelada se hundi\u00f3 de $us 80.000 a niveles que oscilaron entre $us 7.000 y $us 8.000. Ante este desplome, el gobierno chino intervino mediante la revocaci\u00f3n de 27 permisos mineros en la provincia de Jiangxi, una medida dr\u00e1stica orientada a contener la sobreproducci\u00f3n y frenar la espiral deflacionaria del sector.<br \/>\nSe proyecta que la demanda global de bater\u00edas de litio superar\u00e1 los 2.300 GWh para el a\u00f1o 2030. Este auge, impulsado por la transici\u00f3n hacia la electromovilidad y el almacenamiento de energ\u00edas renovables, est\u00e1 traccionando con fuerza la extracci\u00f3n de minerales cr\u00edticos. Hacia adelante, el valor del litio no depender\u00e1 de un solo factor, sino de un ecosistema interdependiente: desde las presiones medioambientales y la rigurosidad regulatoria, hasta la volatilidad geopol\u00edtica y la aceleraci\u00f3n de la innovaci\u00f3n tecnol\u00f3gica.<br \/>\nEl repunte en los precios del litio ha inyectado optimismo en el sector minero, con Eramet como protagonista: sus acciones treparon un 6% el pasado 13 de enero. La firma francesa impulsa su planta Centenario Ratones en Argentina, donde proyecta elevar su capacidad de 24.000 a 30.000 toneladas anuales, apoyada en la eficiencia de la tecnolog\u00eda de Extracci\u00f3n Directa de Litio (EDL) para alcanzar hasta 7.000 toneladas de carbonato de litio en el presente a\u00f1o.<br \/>\nParalelamente, el sector recibe un fuerte respaldo financiero tras la mejora en las calificaciones de Deutsche Bank para gigantes como Albemarle, SQM-Codelco y Lithium Argentina. Los analistas prev\u00e9n un horizonte de alta rentabilidad, impulsado por una tendencia alcista tanto en los precios spot como en los contratos a largo plazo, consolidando perspectivas sumamente favorables para los inversores.<br \/>\nLa coyuntura de beneficios empresariales coincide con el reforzamiento de la posici\u00f3n dominante de China en el mercado global de la cadena de litio. Hasta fines del 2025, el gigante asi\u00e1tico logr\u00f3 instalar una potencia energ\u00e9tica de 1.700 GW gracias a sus industrias de paneles solares y turbinas e\u00f3licas.<br \/>\nChina es l\u00edder mundial en bater\u00edas de litio para veh\u00edculos el\u00e9ctricos, as\u00ed como en la fabricaci\u00f3n de paneles fotovoltaicos y en tecnolog\u00edas asociadas al litio y sodio. Recientemente puso en marcha una planta el\u00e9ctrica h\u00edbrida compuesta de bater\u00edas de iones litio-sodio con capacidad de almacenamiento de 200 MW-400 MWh.<br \/>\nLa hegemon\u00eda de China en la cadena global del litio, consolidada por una capacidad instalada de 1.700 GW y el dominio del 75% del suministro, sostiene actualmente el auge de los beneficios corporativos en Asia. Al liderazgo en fabricaci\u00f3n de paneles y turbinas, Pek\u00edn suma hitos de vanguardia como su planta h\u00edbrida de iones de litio y sodio de 200 MW, ejerciendo un control f\u00e9rreo sobre los precios del mercado. Sin embargo, el tablero geopol\u00edtico se reconfigura ante la irrupci\u00f3n de India: con 125 GW instalados y el objetivo de escalar hasta los 4.000 GW, el subcontinente acelera su estrategia de independencia energ\u00e9tica. Este crecimiento no solo desaf\u00eda la verticalidad china, sino que posiciona a Nueva Delhi como el contrapeso definitivo en el nuevo orden energ\u00e9tico asi\u00e1tico.<br \/>\nA pesar del viento a favor en el mercado internacional, de acuerdo con la Fundaci\u00f3n Milenio, la industria del litio en Bolivia no logra despegar. Mientras los precios globales alcanzan picos hist\u00f3ricos, la explotaci\u00f3n de los salares nacionales permanece encallada en un laberinto de escollos estructurales, falta de certidumbre pol\u00edtica y un marco normativo insuficiente que asfixia cualquier oportunidad de capitalizar el ciclo actual.<br \/>\nEl letargo del litio boliviano ha llegado a su fin. Ante la urgencia de integrar al pa\u00eds en la cadena global de electromovilidad, la propuesta de la Fundaci\u00f3n Milenio \u2014que incluye un anteproyecto de ley integral\u2014 se posiciona como la hoja de ruta m\u00e1s s\u00f3lida y viable. Este giro estrat\u00e9gico busca romper el estancamiento actual, sustituyendo el control absoluto del Estado por un ecosistema que priorice la eficiencia y la innovaci\u00f3n tecnol\u00f3gica.<br \/>\nLa clave de esta transformaci\u00f3n radica en desmantelar el r\u00edgido monopolio de Yacimientos de Litio Bolivianos (YLB) para abrir las puertas al capital privado. No se trata solo de una reforma legal, sino de una transici\u00f3n necesaria hacia la competitividad real; es la \u00fanica v\u00eda para que el potencial dormido de los salares se traduzca finalmente en riqueza tangible y liderazgo dentro del mercado energ\u00e9tico internacional.<br \/>\nLa Fundaci\u00f3n Milenio propone una hoja de ruta con cambios estructurales para rescatar el litio boliviano del estancamiento. La propuesta se divide en dos fases cr\u00edticas. La primera, con un horizonte de 5 a 7 a\u00f1os, apunta a una producci\u00f3n anual de 80.000 toneladas de carbonato e hidr\u00f3xido de litio. Este despliegue requerir\u00e1 una Inversi\u00f3n Extranjera Directa (IED) de $us 4.000 millones y la implementaci\u00f3n de tecnolog\u00edas de Extracci\u00f3n Directa de Litio. En una segunda etapa, el objetivo es escalar la capacidad operativa hasta alcanzar las 200.000 toneladas anuales.<br \/>\nEl pa\u00eds carece de una ley del litio y recursos evapor\u00edticos, la actual normativa de YLB es insuficiente y el monopolio estatal vigente ahuyenta la inversi\u00f3n privada. Ante este escenario, el Anteproyecto de Ley de Litio y Recursos Evapor\u00edticos surge como una pieza clave para modernizar el sector.<br \/>\nEn este sentido, se plantea la transformaci\u00f3n de YLB en una sociedad an\u00f3nima mixta, abierta a capitales privados y fondos verdes, blindada contra la injerencia pol\u00edtica. Para la Fundaci\u00f3n Milenio, el Gobierno debe actuar con celeridad debido a que el tiempo apremia y Bolivia est\u00e1 a punto de perder, de forma irreversible, la oportunidad hist\u00f3rica de capitalizar el ciclo favorable por la que est\u00e1 atravesando el litio.<\/p>\n","protected":false},"excerpt":{"rendered":"<p>Un alza de precios del 150% no ha sido suficiente para despertar la explotaci\u00f3n del litio en Bolivia. Atrapada en un laberinto de falta de claridad ejecutiva, la industria local se mantiene estancada; entretanto, sus competidores regionales capitalizan el ciclo alcista. Seg\u00fan la Fundaci\u00f3n Milenio, el estancamiento operativo le impide al pa\u00eds capitalizar un ciclo [&hellip;]<\/p>\n","protected":false},"author":1,"featured_media":364984,"comment_status":"closed","ping_status":"open","sticky":false,"template":"","format":"standard","meta":{"_acf_changed":false,"footnotes":""},"categories":[7],"tags":[],"class_list":["post-364983","post","type-post","status-publish","format-standard","has-post-thumbnail","category-economia"],"acf":{"antetitulo":"A pesar del alza en los precios"},"yoast_head":"<!-- This site is optimized with the Yoast SEO plugin v28.4 - https:\/\/yoast.com\/product\/yoast-seo-wordpress\/ -->\n<title>Rezago operativo asfixia el futuro de la producci\u00f3n del litio en Bolivia - El Diario - Bolivia<\/title>\n<meta name=\"robots\" content=\"index, follow, max-snippet:-1, max-image-preview:large, max-video-preview:-1\" \/>\n<link rel=\"canonical\" href=\"https:\/\/www.eldiario.net\/portal\/2026\/02\/02\/rezago-operativo-asfixia-el-futuro-de-la-produccion-del-litio-en-bolivia\/\" \/>\n<meta property=\"og:locale\" content=\"es_ES\" \/>\n<meta property=\"og:type\" content=\"article\" \/>\n<meta property=\"og:title\" content=\"Rezago operativo asfixia el futuro de la producci\u00f3n del litio en Bolivia - El Diario - Bolivia\" \/>\n<meta property=\"og:description\" content=\"Un alza de precios del 150% no ha sido suficiente para despertar la explotaci\u00f3n del litio en Bolivia. Atrapada en un laberinto de falta de claridad ejecutiva, la industria local se mantiene estancada; entretanto, sus competidores regionales capitalizan el ciclo alcista. Seg\u00fan la Fundaci\u00f3n Milenio, el estancamiento operativo le impide al pa\u00eds capitalizar un ciclo [&hellip;]\" \/>\n<meta property=\"og:url\" content=\"https:\/\/www.eldiario.net\/portal\/2026\/02\/02\/rezago-operativo-asfixia-el-futuro-de-la-produccion-del-litio-en-bolivia\/\" \/>\n<meta property=\"og:site_name\" content=\"El Diario - Bolivia\" \/>\n<meta property=\"article:publisher\" content=\"https:\/\/www.facebook.com\/eldiario.bolivia\/\" \/>\n<meta property=\"article:published_time\" content=\"2026-02-02T10:39:09+00:00\" \/>\n<meta property=\"og:image\" content=\"https:\/\/www.eldiario.net\/portal\/wp-content\/uploads\/2026\/02\/01-LITIO.webp\" \/>\n\t<meta property=\"og:image:width\" content=\"1200\" \/>\n\t<meta property=\"og:image:height\" content=\"800\" \/>\n\t<meta property=\"og:image:type\" content=\"image\/webp\" \/>\n<meta name=\"author\" content=\"Jeanette\" \/>\n<meta name=\"twitter:card\" content=\"summary_large_image\" \/>\n<meta name=\"twitter:creator\" content=\"@eldiario_net\" \/>\n<meta name=\"twitter:site\" content=\"@eldiario_net\" \/>\n<meta name=\"twitter:label1\" content=\"Escrito por\" \/>\n\t<meta name=\"twitter:data1\" content=\"Jeanette\" \/>\n\t<meta name=\"twitter:label2\" content=\"Tiempo de lectura\" \/>\n\t<meta name=\"twitter:data2\" content=\"6 minutos\" \/>\n<script type=\"application\/ld+json\" class=\"yoast-schema-graph\">{\"@context\":\"https:\\\/\\\/schema.org\",\"@graph\":[{\"@type\":\"Article\",\"@id\":\"https:\\\/\\\/www.eldiario.net\\\/portal\\\/2026\\\/02\\\/02\\\/rezago-operativo-asfixia-el-futuro-de-la-produccion-del-litio-en-bolivia\\\/#article\",\"isPartOf\":{\"@id\":\"https:\\\/\\\/www.eldiario.net\\\/portal\\\/2026\\\/02\\\/02\\\/rezago-operativo-asfixia-el-futuro-de-la-produccion-del-litio-en-bolivia\\\/\"},\"author\":{\"name\":\"Jeanette\",\"@id\":\"https:\\\/\\\/www.eldiario.net\\\/portal\\\/#\\\/schema\\\/person\\\/f46445640444750d7d753ccd04ae01b7\"},\"headline\":\"Rezago operativo asfixia el futuro de la producci\u00f3n del litio en Bolivia\",\"datePublished\":\"2026-02-02T10:39:09+00:00\",\"mainEntityOfPage\":{\"@id\":\"https:\\\/\\\/www.eldiario.net\\\/portal\\\/2026\\\/02\\\/02\\\/rezago-operativo-asfixia-el-futuro-de-la-produccion-del-litio-en-bolivia\\\/\"},\"wordCount\":1129,\"publisher\":{\"@id\":\"https:\\\/\\\/www.eldiario.net\\\/portal\\\/#organization\"},\"image\":{\"@id\":\"https:\\\/\\\/www.eldiario.net\\\/portal\\\/2026\\\/02\\\/02\\\/rezago-operativo-asfixia-el-futuro-de-la-produccion-del-litio-en-bolivia\\\/#primaryimage\"},\"thumbnailUrl\":\"https:\\\/\\\/www.eldiario.net\\\/portal\\\/wp-content\\\/uploads\\\/2026\\\/02\\\/01-LITIO.webp\",\"articleSection\":[\"Econom\u00eda\"],\"inLanguage\":\"es\"},{\"@type\":\"WebPage\",\"@id\":\"https:\\\/\\\/www.eldiario.net\\\/portal\\\/2026\\\/02\\\/02\\\/rezago-operativo-asfixia-el-futuro-de-la-produccion-del-litio-en-bolivia\\\/\",\"url\":\"https:\\\/\\\/www.eldiario.net\\\/portal\\\/2026\\\/02\\\/02\\\/rezago-operativo-asfixia-el-futuro-de-la-produccion-del-litio-en-bolivia\\\/\",\"name\":\"Rezago operativo asfixia el futuro de la producci\u00f3n del litio en Bolivia - El Diario - Bolivia\",\"isPartOf\":{\"@id\":\"https:\\\/\\\/www.eldiario.net\\\/portal\\\/#website\"},\"primaryImageOfPage\":{\"@id\":\"https:\\\/\\\/www.eldiario.net\\\/portal\\\/2026\\\/02\\\/02\\\/rezago-operativo-asfixia-el-futuro-de-la-produccion-del-litio-en-bolivia\\\/#primaryimage\"},\"image\":{\"@id\":\"https:\\\/\\\/www.eldiario.net\\\/portal\\\/2026\\\/02\\\/02\\\/rezago-operativo-asfixia-el-futuro-de-la-produccion-del-litio-en-bolivia\\\/#primaryimage\"},\"thumbnailUrl\":\"https:\\\/\\\/www.eldiario.net\\\/portal\\\/wp-content\\\/uploads\\\/2026\\\/02\\\/01-LITIO.webp\",\"datePublished\":\"2026-02-02T10:39:09+00:00\",\"breadcrumb\":{\"@id\":\"https:\\\/\\\/www.eldiario.net\\\/portal\\\/2026\\\/02\\\/02\\\/rezago-operativo-asfixia-el-futuro-de-la-produccion-del-litio-en-bolivia\\\/#breadcrumb\"},\"inLanguage\":\"es\",\"potentialAction\":[{\"@type\":\"ReadAction\",\"target\":[\"https:\\\/\\\/www.eldiario.net\\\/portal\\\/2026\\\/02\\\/02\\\/rezago-operativo-asfixia-el-futuro-de-la-produccion-del-litio-en-bolivia\\\/\"]}]},{\"@type\":\"ImageObject\",\"inLanguage\":\"es\",\"@id\":\"https:\\\/\\\/www.eldiario.net\\\/portal\\\/2026\\\/02\\\/02\\\/rezago-operativo-asfixia-el-futuro-de-la-produccion-del-litio-en-bolivia\\\/#primaryimage\",\"url\":\"https:\\\/\\\/www.eldiario.net\\\/portal\\\/wp-content\\\/uploads\\\/2026\\\/02\\\/01-LITIO.webp\",\"contentUrl\":\"https:\\\/\\\/www.eldiario.net\\\/portal\\\/wp-content\\\/uploads\\\/2026\\\/02\\\/01-LITIO.webp\",\"width\":1200,\"height\":800,\"caption\":\"Explotaci\u00f3n del litio en Bolivia se mantiene estancada.\"},{\"@type\":\"BreadcrumbList\",\"@id\":\"https:\\\/\\\/www.eldiario.net\\\/portal\\\/2026\\\/02\\\/02\\\/rezago-operativo-asfixia-el-futuro-de-la-produccion-del-litio-en-bolivia\\\/#breadcrumb\",\"itemListElement\":[{\"@type\":\"ListItem\",\"position\":1,\"name\":\"Portada\",\"item\":\"https:\\\/\\\/www.eldiario.net\\\/portal\\\/\"},{\"@type\":\"ListItem\",\"position\":2,\"name\":\"Rezago operativo asfixia el futuro de la producci\u00f3n del litio en Bolivia\"}]},{\"@type\":\"WebSite\",\"@id\":\"https:\\\/\\\/www.eldiario.net\\\/portal\\\/#website\",\"url\":\"https:\\\/\\\/www.eldiario.net\\\/portal\\\/\",\"name\":\"El Diario - Decano de la prensa nacional\",\"description\":\"El Diario - Decano de la prensa nacional\",\"publisher\":{\"@id\":\"https:\\\/\\\/www.eldiario.net\\\/portal\\\/#organization\"},\"potentialAction\":[{\"@type\":\"SearchAction\",\"target\":{\"@type\":\"EntryPoint\",\"urlTemplate\":\"https:\\\/\\\/www.eldiario.net\\\/portal\\\/?s={search_term_string}\"},\"query-input\":{\"@type\":\"PropertyValueSpecification\",\"valueRequired\":true,\"valueName\":\"search_term_string\"}}],\"inLanguage\":\"es\"},{\"@type\":\"Organization\",\"@id\":\"https:\\\/\\\/www.eldiario.net\\\/portal\\\/#organization\",\"name\":\"El Diario - Decano de la prensa nacional\",\"url\":\"https:\\\/\\\/www.eldiario.net\\\/portal\\\/\",\"logo\":{\"@type\":\"ImageObject\",\"inLanguage\":\"es\",\"@id\":\"https:\\\/\\\/www.eldiario.net\\\/portal\\\/#\\\/schema\\\/logo\\\/image\\\/\",\"url\":\"https:\\\/\\\/www.eldiario.net\\\/portal\\\/wp-content\\\/uploads\\\/2023\\\/07\\\/logo_ED.jpg\",\"contentUrl\":\"https:\\\/\\\/www.eldiario.net\\\/portal\\\/wp-content\\\/uploads\\\/2023\\\/07\\\/logo_ED.jpg\",\"width\":272,\"height\":52,\"caption\":\"El Diario - Decano de la prensa nacional\"},\"image\":{\"@id\":\"https:\\\/\\\/www.eldiario.net\\\/portal\\\/#\\\/schema\\\/logo\\\/image\\\/\"},\"sameAs\":[\"https:\\\/\\\/www.facebook.com\\\/eldiario.bolivia\\\/\",\"https:\\\/\\\/x.com\\\/eldiario_net\"]},{\"@type\":\"Person\",\"@id\":\"https:\\\/\\\/www.eldiario.net\\\/portal\\\/#\\\/schema\\\/person\\\/f46445640444750d7d753ccd04ae01b7\",\"name\":\"Jeanette\",\"image\":{\"@type\":\"ImageObject\",\"inLanguage\":\"es\",\"@id\":\"https:\\\/\\\/secure.gravatar.com\\\/avatar\\\/3ea2118a5f7dad2b7138b1187a6b7ee55f160b9968b66013c3a3ef39dd7e5798?s=96&d=mm&r=g\",\"url\":\"https:\\\/\\\/secure.gravatar.com\\\/avatar\\\/3ea2118a5f7dad2b7138b1187a6b7ee55f160b9968b66013c3a3ef39dd7e5798?s=96&d=mm&r=g\",\"contentUrl\":\"https:\\\/\\\/secure.gravatar.com\\\/avatar\\\/3ea2118a5f7dad2b7138b1187a6b7ee55f160b9968b66013c3a3ef39dd7e5798?s=96&d=mm&r=g\",\"caption\":\"Jeanette\"},\"sameAs\":[\"https:\\\/\\\/www.eldiario.net\\\/portal\"],\"url\":\"https:\\\/\\\/www.eldiario.net\\\/portal\\\/author\\\/jeanette\\\/\"}]}<\/script>\n<!-- \/ Yoast SEO plugin. -->","yoast_head_json":{"title":"Rezago operativo asfixia el futuro de la producci\u00f3n del litio en Bolivia - El Diario - Bolivia","robots":{"index":"index","follow":"follow","max-snippet":"max-snippet:-1","max-image-preview":"max-image-preview:large","max-video-preview":"max-video-preview:-1"},"canonical":"https:\/\/www.eldiario.net\/portal\/2026\/02\/02\/rezago-operativo-asfixia-el-futuro-de-la-produccion-del-litio-en-bolivia\/","og_locale":"es_ES","og_type":"article","og_title":"Rezago operativo asfixia el futuro de la producci\u00f3n del litio en Bolivia - El Diario - Bolivia","og_description":"Un alza de precios del 150% no ha sido suficiente para despertar la explotaci\u00f3n del litio en Bolivia. Atrapada en un laberinto de falta de claridad ejecutiva, la industria local se mantiene estancada; entretanto, sus competidores regionales capitalizan el ciclo alcista. Seg\u00fan la Fundaci\u00f3n Milenio, el estancamiento operativo le impide al pa\u00eds capitalizar un ciclo [&hellip;]","og_url":"https:\/\/www.eldiario.net\/portal\/2026\/02\/02\/rezago-operativo-asfixia-el-futuro-de-la-produccion-del-litio-en-bolivia\/","og_site_name":"El Diario - Bolivia","article_publisher":"https:\/\/www.facebook.com\/eldiario.bolivia\/","article_published_time":"2026-02-02T10:39:09+00:00","og_image":[{"width":1200,"height":800,"url":"https:\/\/www.eldiario.net\/portal\/wp-content\/uploads\/2026\/02\/01-LITIO.webp","type":"image\/webp"}],"author":"Jeanette","twitter_card":"summary_large_image","twitter_creator":"@eldiario_net","twitter_site":"@eldiario_net","twitter_misc":{"Escrito por":"Jeanette","Tiempo de lectura":"6 minutos"},"schema":{"@context":"https:\/\/schema.org","@graph":[{"@type":"Article","@id":"https:\/\/www.eldiario.net\/portal\/2026\/02\/02\/rezago-operativo-asfixia-el-futuro-de-la-produccion-del-litio-en-bolivia\/#article","isPartOf":{"@id":"https:\/\/www.eldiario.net\/portal\/2026\/02\/02\/rezago-operativo-asfixia-el-futuro-de-la-produccion-del-litio-en-bolivia\/"},"author":{"name":"Jeanette","@id":"https:\/\/www.eldiario.net\/portal\/#\/schema\/person\/f46445640444750d7d753ccd04ae01b7"},"headline":"Rezago operativo asfixia el futuro de la producci\u00f3n del litio en Bolivia","datePublished":"2026-02-02T10:39:09+00:00","mainEntityOfPage":{"@id":"https:\/\/www.eldiario.net\/portal\/2026\/02\/02\/rezago-operativo-asfixia-el-futuro-de-la-produccion-del-litio-en-bolivia\/"},"wordCount":1129,"publisher":{"@id":"https:\/\/www.eldiario.net\/portal\/#organization"},"image":{"@id":"https:\/\/www.eldiario.net\/portal\/2026\/02\/02\/rezago-operativo-asfixia-el-futuro-de-la-produccion-del-litio-en-bolivia\/#primaryimage"},"thumbnailUrl":"https:\/\/www.eldiario.net\/portal\/wp-content\/uploads\/2026\/02\/01-LITIO.webp","articleSection":["Econom\u00eda"],"inLanguage":"es"},{"@type":"WebPage","@id":"https:\/\/www.eldiario.net\/portal\/2026\/02\/02\/rezago-operativo-asfixia-el-futuro-de-la-produccion-del-litio-en-bolivia\/","url":"https:\/\/www.eldiario.net\/portal\/2026\/02\/02\/rezago-operativo-asfixia-el-futuro-de-la-produccion-del-litio-en-bolivia\/","name":"Rezago operativo asfixia el futuro de la producci\u00f3n del litio en Bolivia - El Diario - Bolivia","isPartOf":{"@id":"https:\/\/www.eldiario.net\/portal\/#website"},"primaryImageOfPage":{"@id":"https:\/\/www.eldiario.net\/portal\/2026\/02\/02\/rezago-operativo-asfixia-el-futuro-de-la-produccion-del-litio-en-bolivia\/#primaryimage"},"image":{"@id":"https:\/\/www.eldiario.net\/portal\/2026\/02\/02\/rezago-operativo-asfixia-el-futuro-de-la-produccion-del-litio-en-bolivia\/#primaryimage"},"thumbnailUrl":"https:\/\/www.eldiario.net\/portal\/wp-content\/uploads\/2026\/02\/01-LITIO.webp","datePublished":"2026-02-02T10:39:09+00:00","breadcrumb":{"@id":"https:\/\/www.eldiario.net\/portal\/2026\/02\/02\/rezago-operativo-asfixia-el-futuro-de-la-produccion-del-litio-en-bolivia\/#breadcrumb"},"inLanguage":"es","potentialAction":[{"@type":"ReadAction","target":["https:\/\/www.eldiario.net\/portal\/2026\/02\/02\/rezago-operativo-asfixia-el-futuro-de-la-produccion-del-litio-en-bolivia\/"]}]},{"@type":"ImageObject","inLanguage":"es","@id":"https:\/\/www.eldiario.net\/portal\/2026\/02\/02\/rezago-operativo-asfixia-el-futuro-de-la-produccion-del-litio-en-bolivia\/#primaryimage","url":"https:\/\/www.eldiario.net\/portal\/wp-content\/uploads\/2026\/02\/01-LITIO.webp","contentUrl":"https:\/\/www.eldiario.net\/portal\/wp-content\/uploads\/2026\/02\/01-LITIO.webp","width":1200,"height":800,"caption":"Explotaci\u00f3n del litio en Bolivia se mantiene estancada."},{"@type":"BreadcrumbList","@id":"https:\/\/www.eldiario.net\/portal\/2026\/02\/02\/rezago-operativo-asfixia-el-futuro-de-la-produccion-del-litio-en-bolivia\/#breadcrumb","itemListElement":[{"@type":"ListItem","position":1,"name":"Portada","item":"https:\/\/www.eldiario.net\/portal\/"},{"@type":"ListItem","position":2,"name":"Rezago operativo asfixia el futuro de la producci\u00f3n del litio en Bolivia"}]},{"@type":"WebSite","@id":"https:\/\/www.eldiario.net\/portal\/#website","url":"https:\/\/www.eldiario.net\/portal\/","name":"El Diario - Decano de la prensa nacional","description":"El Diario - Decano de la prensa nacional","publisher":{"@id":"https:\/\/www.eldiario.net\/portal\/#organization"},"potentialAction":[{"@type":"SearchAction","target":{"@type":"EntryPoint","urlTemplate":"https:\/\/www.eldiario.net\/portal\/?s={search_term_string}"},"query-input":{"@type":"PropertyValueSpecification","valueRequired":true,"valueName":"search_term_string"}}],"inLanguage":"es"},{"@type":"Organization","@id":"https:\/\/www.eldiario.net\/portal\/#organization","name":"El Diario - Decano de la prensa nacional","url":"https:\/\/www.eldiario.net\/portal\/","logo":{"@type":"ImageObject","inLanguage":"es","@id":"https:\/\/www.eldiario.net\/portal\/#\/schema\/logo\/image\/","url":"https:\/\/www.eldiario.net\/portal\/wp-content\/uploads\/2023\/07\/logo_ED.jpg","contentUrl":"https:\/\/www.eldiario.net\/portal\/wp-content\/uploads\/2023\/07\/logo_ED.jpg","width":272,"height":52,"caption":"El Diario - Decano de la prensa nacional"},"image":{"@id":"https:\/\/www.eldiario.net\/portal\/#\/schema\/logo\/image\/"},"sameAs":["https:\/\/www.facebook.com\/eldiario.bolivia\/","https:\/\/x.com\/eldiario_net"]},{"@type":"Person","@id":"https:\/\/www.eldiario.net\/portal\/#\/schema\/person\/f46445640444750d7d753ccd04ae01b7","name":"Jeanette","image":{"@type":"ImageObject","inLanguage":"es","@id":"https:\/\/secure.gravatar.com\/avatar\/3ea2118a5f7dad2b7138b1187a6b7ee55f160b9968b66013c3a3ef39dd7e5798?s=96&d=mm&r=g","url":"https:\/\/secure.gravatar.com\/avatar\/3ea2118a5f7dad2b7138b1187a6b7ee55f160b9968b66013c3a3ef39dd7e5798?s=96&d=mm&r=g","contentUrl":"https:\/\/secure.gravatar.com\/avatar\/3ea2118a5f7dad2b7138b1187a6b7ee55f160b9968b66013c3a3ef39dd7e5798?s=96&d=mm&r=g","caption":"Jeanette"},"sameAs":["https:\/\/www.eldiario.net\/portal"],"url":"https:\/\/www.eldiario.net\/portal\/author\/jeanette\/"}]}},"_links":{"self":[{"href":"https:\/\/www.eldiario.net\/portal\/wp-json\/wp\/v2\/posts\/364983","targetHints":{"allow":["GET"]}}],"collection":[{"href":"https:\/\/www.eldiario.net\/portal\/wp-json\/wp\/v2\/posts"}],"about":[{"href":"https:\/\/www.eldiario.net\/portal\/wp-json\/wp\/v2\/types\/post"}],"author":[{"embeddable":true,"href":"https:\/\/www.eldiario.net\/portal\/wp-json\/wp\/v2\/users\/1"}],"replies":[{"embeddable":true,"href":"https:\/\/www.eldiario.net\/portal\/wp-json\/wp\/v2\/comments?post=364983"}],"version-history":[{"count":1,"href":"https:\/\/www.eldiario.net\/portal\/wp-json\/wp\/v2\/posts\/364983\/revisions"}],"predecessor-version":[{"id":364985,"href":"https:\/\/www.eldiario.net\/portal\/wp-json\/wp\/v2\/posts\/364983\/revisions\/364985"}],"wp:featuredmedia":[{"embeddable":true,"href":"https:\/\/www.eldiario.net\/portal\/wp-json\/wp\/v2\/media\/364984"}],"wp:attachment":[{"href":"https:\/\/www.eldiario.net\/portal\/wp-json\/wp\/v2\/media?parent=364983"}],"wp:term":[{"taxonomy":"category","embeddable":true,"href":"https:\/\/www.eldiario.net\/portal\/wp-json\/wp\/v2\/categories?post=364983"},{"taxonomy":"post_tag","embeddable":true,"href":"https:\/\/www.eldiario.net\/portal\/wp-json\/wp\/v2\/tags?post=364983"}],"curies":[{"name":"wp","href":"https:\/\/api.w.org\/{rel}","templated":true}]}}