{"id":364980,"date":"2026-02-02T06:38:08","date_gmt":"2026-02-02T10:38:08","guid":{"rendered":"https:\/\/www.eldiario.net\/portal\/?p=364980"},"modified":"2026-02-02T06:38:08","modified_gmt":"2026-02-02T10:38:08","slug":"defensa-del-consumidor-regula-precios-en-materiales-escolares","status":"publish","type":"post","link":"https:\/\/www.eldiario.net\/portal\/2026\/02\/02\/defensa-del-consumidor-regula-precios-en-materiales-escolares\/","title":{"rendered":"Defensa del Consumidor regula  precios en materiales escolares"},"content":{"rendered":"<p>Con el fin de proteger la econom\u00eda de las familias frente al inicio del ciclo escolar, la Autoridad de Defensa del Consumidor puso en marcha la iniciativa \u201cInf\u00f3rmate antes de comprar\u201d. El programa busca dotar a los padres de familia de herramientas clave para detectar sobreprecios y garantizar decisiones de compra inteligentes en la adquisici\u00f3n de \u00fatiles y materiales.<br \/>\nLa instituci\u00f3n present\u00f3 a trav\u00e9s de sus plataformas digitales un relevamiento detallado de la canasta escolar. El informe pone el foco en los art\u00edculos de mayor rotaci\u00f3n para los niveles primaria y secundaria, permitiendo a los padres comparar costos antes de comprar. Seg\u00fan destacaron las autoridades, contar con estos precios de referencia no s\u00f3lo fomenta el consumo responsable, sino que funciona como un blindaje contra sobreprecios y gastos innecesarios durante la temporada alta.<br \/>\nLos materiales escolares como el papel muestran variaciones seg\u00fan su formato: el paquete de hojas para carpeta y el papel bond tama\u00f1o oficio coinciden en un precio de Bs 40; entretanto, en tama\u00f1o carta se comercializa a Bs 35.<br \/>\nTambi\u00e9n en papeler\u00eda, las hojas de colores se cotizan actualmente en Bs 82 para el tama\u00f1o carta y Bs 85 para el oficio. Este diferencial de precios permite a los padres de familia realizar un ejercicio comparativo entre proveedores, facilitando una planificaci\u00f3n estrat\u00e9gica del presupuesto escolar.<br \/>\nEl mercado de \u00fatiles ofrece diversas alternativas para el presupuesto familiar. Los cuadernos de espiral de 100 hojas se cotizan en Bs 18 para el formato carta y Bs 21 en tama\u00f1o oficio. Por su parte, las opciones m\u00e1s econ\u00f3micas se encuentran en los modelos empastados de 50 hojas, con un precio promedio de Bs 10, mientras que los cuadernos anillados presentan un rango de entre Bs 10 y Bs 15, variando seg\u00fan el dise\u00f1o y acabado del modelo elegido.<br \/>\nEl listado oficial contempla, adem\u00e1s, art\u00edculos de escritura y manualidades. En cuanto a los precios de referencia, se establece que una caja de 12 l\u00e1pices de colores no debe exceder los Bs 28, mientras que el set de marcadores de igual cantidad se sit\u00faa en un promedio de Bs 27.<br \/>\nLa planificaci\u00f3n es clave para la econom\u00eda de las familias. Actualmente, el mercado ofrece opciones accesibles para el equipamiento escolar: los adhesivos UHU se comercializan en un rango de Bs 6 a Bs 17, mientras que la cola escolar se mantiene como una alternativa competitiva a Bs 5. Completando los b\u00e1sicos, los bol\u00edgrafos BIC mantienen su precio est\u00e1ndar de Bs 2.<br \/>\nComparar estas cifras no solo es un ejercicio de ahorro, sino una estrategia necesaria para una compra inteligente que proteja el patrimonio familiar.<br \/>\nDefensa del Consumidor insta a los consumidores a comparar precios en diversos establecimientos antes de concretar sus compras. Adem\u00e1s, recomienda ajustar la selecci\u00f3n de \u00fatiles bas\u00e1ndose en la relaci\u00f3n calidad-cantidad y en las necesidades acad\u00e9micas reales de cada estudiante.<br \/>\nPor otro lado, la planificaci\u00f3n anticipada en la compra de suministros asegura que el alumnado disponga de los recursos necesarios sin desestabilizar la econom\u00eda del hogar. Con estas acciones, se busca blindar la transparencia en la comercializaci\u00f3n de \u00fatiles y empoderar a las familias hacia un consumo m\u00e1s estrat\u00e9gico.<br \/>\nCon el inicio de la gesti\u00f3n educativa 2026, el mercado boliviano registra un repunte significativo en la demanda de \u00fatiles escolares. Desde los tradicionales puestos en los centros de abasto hasta las crecientes tiendas en el ecosistema digital, la oferta se adapta a todos los bolsillos con una marcada convivencia entre productos nacionales e importados.<\/p>\n","protected":false},"excerpt":{"rendered":"<p>Con el fin de proteger la econom\u00eda de las familias frente al inicio del ciclo escolar, la Autoridad de Defensa del Consumidor puso en marcha la iniciativa \u201cInf\u00f3rmate antes de comprar\u201d. El programa busca dotar a los padres de familia de herramientas clave para detectar sobreprecios y garantizar decisiones de compra inteligentes en la adquisici\u00f3n [&hellip;]<\/p>\n","protected":false},"author":1,"featured_media":364981,"comment_status":"closed","ping_status":"open","sticky":false,"template":"","format":"standard","meta":{"_acf_changed":false,"footnotes":""},"categories":[7],"tags":[],"class_list":["post-364980","post","type-post","status-publish","format-standard","has-post-thumbnail","category-economia"],"acf":{"antetitulo":"Al inicio del ciclo escolar"},"yoast_head":"<!-- This site is optimized with the Yoast SEO plugin v28.4 - https:\/\/yoast.com\/product\/yoast-seo-wordpress\/ -->\n<title>Defensa del Consumidor regula precios en materiales escolares - El Diario - Bolivia<\/title>\n<meta name=\"robots\" content=\"index, follow, max-snippet:-1, max-image-preview:large, max-video-preview:-1\" \/>\n<link rel=\"canonical\" href=\"https:\/\/www.eldiario.net\/portal\/2026\/02\/02\/defensa-del-consumidor-regula-precios-en-materiales-escolares\/\" \/>\n<meta property=\"og:locale\" content=\"es_ES\" \/>\n<meta property=\"og:type\" content=\"article\" \/>\n<meta property=\"og:title\" content=\"Defensa del Consumidor regula precios en materiales escolares - El Diario - Bolivia\" \/>\n<meta property=\"og:description\" content=\"Con el fin de proteger la econom\u00eda de las familias frente al inicio del ciclo escolar, la Autoridad de Defensa del Consumidor puso en marcha la iniciativa \u201cInf\u00f3rmate antes de comprar\u201d. El programa busca dotar a los padres de familia de herramientas clave para detectar sobreprecios y garantizar decisiones de compra inteligentes en la adquisici\u00f3n [&hellip;]\" \/>\n<meta property=\"og:url\" content=\"https:\/\/www.eldiario.net\/portal\/2026\/02\/02\/defensa-del-consumidor-regula-precios-en-materiales-escolares\/\" \/>\n<meta property=\"og:site_name\" content=\"El Diario - Bolivia\" \/>\n<meta property=\"article:publisher\" content=\"https:\/\/www.facebook.com\/eldiario.bolivia\/\" \/>\n<meta property=\"article:published_time\" content=\"2026-02-02T10:38:08+00:00\" \/>\n<meta property=\"og:image\" content=\"https:\/\/www.eldiario.net\/portal\/wp-content\/uploads\/2026\/02\/01-ESCOLAR.webp\" \/>\n\t<meta property=\"og:image:width\" content=\"896\" \/>\n\t<meta property=\"og:image:height\" content=\"579\" \/>\n\t<meta property=\"og:image:type\" content=\"image\/webp\" \/>\n<meta name=\"author\" content=\"Jeanette\" \/>\n<meta name=\"twitter:card\" content=\"summary_large_image\" \/>\n<meta name=\"twitter:creator\" content=\"@eldiario_net\" \/>\n<meta name=\"twitter:site\" content=\"@eldiario_net\" \/>\n<meta name=\"twitter:label1\" content=\"Escrito por\" \/>\n\t<meta name=\"twitter:data1\" content=\"Jeanette\" \/>\n\t<meta name=\"twitter:label2\" content=\"Tiempo de lectura\" \/>\n\t<meta name=\"twitter:data2\" content=\"3 minutos\" \/>\n<script type=\"application\/ld+json\" class=\"yoast-schema-graph\">{\"@context\":\"https:\\\/\\\/schema.org\",\"@graph\":[{\"@type\":\"Article\",\"@id\":\"https:\\\/\\\/www.eldiario.net\\\/portal\\\/2026\\\/02\\\/02\\\/defensa-del-consumidor-regula-precios-en-materiales-escolares\\\/#article\",\"isPartOf\":{\"@id\":\"https:\\\/\\\/www.eldiario.net\\\/portal\\\/2026\\\/02\\\/02\\\/defensa-del-consumidor-regula-precios-en-materiales-escolares\\\/\"},\"author\":{\"name\":\"Jeanette\",\"@id\":\"https:\\\/\\\/www.eldiario.net\\\/portal\\\/#\\\/schema\\\/person\\\/f46445640444750d7d753ccd04ae01b7\"},\"headline\":\"Defensa del Consumidor regula precios en materiales escolares\",\"datePublished\":\"2026-02-02T10:38:08+00:00\",\"mainEntityOfPage\":{\"@id\":\"https:\\\/\\\/www.eldiario.net\\\/portal\\\/2026\\\/02\\\/02\\\/defensa-del-consumidor-regula-precios-en-materiales-escolares\\\/\"},\"wordCount\":605,\"publisher\":{\"@id\":\"https:\\\/\\\/www.eldiario.net\\\/portal\\\/#organization\"},\"image\":{\"@id\":\"https:\\\/\\\/www.eldiario.net\\\/portal\\\/2026\\\/02\\\/02\\\/defensa-del-consumidor-regula-precios-en-materiales-escolares\\\/#primaryimage\"},\"thumbnailUrl\":\"https:\\\/\\\/www.eldiario.net\\\/portal\\\/wp-content\\\/uploads\\\/2026\\\/02\\\/01-ESCOLAR.webp\",\"articleSection\":[\"Econom\u00eda\"],\"inLanguage\":\"es\"},{\"@type\":\"WebPage\",\"@id\":\"https:\\\/\\\/www.eldiario.net\\\/portal\\\/2026\\\/02\\\/02\\\/defensa-del-consumidor-regula-precios-en-materiales-escolares\\\/\",\"url\":\"https:\\\/\\\/www.eldiario.net\\\/portal\\\/2026\\\/02\\\/02\\\/defensa-del-consumidor-regula-precios-en-materiales-escolares\\\/\",\"name\":\"Defensa del Consumidor regula precios en materiales escolares - El Diario - Bolivia\",\"isPartOf\":{\"@id\":\"https:\\\/\\\/www.eldiario.net\\\/portal\\\/#website\"},\"primaryImageOfPage\":{\"@id\":\"https:\\\/\\\/www.eldiario.net\\\/portal\\\/2026\\\/02\\\/02\\\/defensa-del-consumidor-regula-precios-en-materiales-escolares\\\/#primaryimage\"},\"image\":{\"@id\":\"https:\\\/\\\/www.eldiario.net\\\/portal\\\/2026\\\/02\\\/02\\\/defensa-del-consumidor-regula-precios-en-materiales-escolares\\\/#primaryimage\"},\"thumbnailUrl\":\"https:\\\/\\\/www.eldiario.net\\\/portal\\\/wp-content\\\/uploads\\\/2026\\\/02\\\/01-ESCOLAR.webp\",\"datePublished\":\"2026-02-02T10:38:08+00:00\",\"breadcrumb\":{\"@id\":\"https:\\\/\\\/www.eldiario.net\\\/portal\\\/2026\\\/02\\\/02\\\/defensa-del-consumidor-regula-precios-en-materiales-escolares\\\/#breadcrumb\"},\"inLanguage\":\"es\",\"potentialAction\":[{\"@type\":\"ReadAction\",\"target\":[\"https:\\\/\\\/www.eldiario.net\\\/portal\\\/2026\\\/02\\\/02\\\/defensa-del-consumidor-regula-precios-en-materiales-escolares\\\/\"]}]},{\"@type\":\"ImageObject\",\"inLanguage\":\"es\",\"@id\":\"https:\\\/\\\/www.eldiario.net\\\/portal\\\/2026\\\/02\\\/02\\\/defensa-del-consumidor-regula-precios-en-materiales-escolares\\\/#primaryimage\",\"url\":\"https:\\\/\\\/www.eldiario.net\\\/portal\\\/wp-content\\\/uploads\\\/2026\\\/02\\\/01-ESCOLAR.webp\",\"contentUrl\":\"https:\\\/\\\/www.eldiario.net\\\/portal\\\/wp-content\\\/uploads\\\/2026\\\/02\\\/01-ESCOLAR.webp\",\"width\":896,\"height\":579,\"caption\":\"El mercado registra un repunte significativo en la demanda de \u00fatiles escolares.\"},{\"@type\":\"BreadcrumbList\",\"@id\":\"https:\\\/\\\/www.eldiario.net\\\/portal\\\/2026\\\/02\\\/02\\\/defensa-del-consumidor-regula-precios-en-materiales-escolares\\\/#breadcrumb\",\"itemListElement\":[{\"@type\":\"ListItem\",\"position\":1,\"name\":\"Portada\",\"item\":\"https:\\\/\\\/www.eldiario.net\\\/portal\\\/\"},{\"@type\":\"ListItem\",\"position\":2,\"name\":\"Defensa del Consumidor regula precios en materiales escolares\"}]},{\"@type\":\"WebSite\",\"@id\":\"https:\\\/\\\/www.eldiario.net\\\/portal\\\/#website\",\"url\":\"https:\\\/\\\/www.eldiario.net\\\/portal\\\/\",\"name\":\"El Diario - Decano de la prensa nacional\",\"description\":\"El Diario - Decano de la prensa nacional\",\"publisher\":{\"@id\":\"https:\\\/\\\/www.eldiario.net\\\/portal\\\/#organization\"},\"potentialAction\":[{\"@type\":\"SearchAction\",\"target\":{\"@type\":\"EntryPoint\",\"urlTemplate\":\"https:\\\/\\\/www.eldiario.net\\\/portal\\\/?s={search_term_string}\"},\"query-input\":{\"@type\":\"PropertyValueSpecification\",\"valueRequired\":true,\"valueName\":\"search_term_string\"}}],\"inLanguage\":\"es\"},{\"@type\":\"Organization\",\"@id\":\"https:\\\/\\\/www.eldiario.net\\\/portal\\\/#organization\",\"name\":\"El Diario - Decano de la prensa nacional\",\"url\":\"https:\\\/\\\/www.eldiario.net\\\/portal\\\/\",\"logo\":{\"@type\":\"ImageObject\",\"inLanguage\":\"es\",\"@id\":\"https:\\\/\\\/www.eldiario.net\\\/portal\\\/#\\\/schema\\\/logo\\\/image\\\/\",\"url\":\"https:\\\/\\\/www.eldiario.net\\\/portal\\\/wp-content\\\/uploads\\\/2023\\\/07\\\/logo_ED.jpg\",\"contentUrl\":\"https:\\\/\\\/www.eldiario.net\\\/portal\\\/wp-content\\\/uploads\\\/2023\\\/07\\\/logo_ED.jpg\",\"width\":272,\"height\":52,\"caption\":\"El Diario - Decano de la prensa nacional\"},\"image\":{\"@id\":\"https:\\\/\\\/www.eldiario.net\\\/portal\\\/#\\\/schema\\\/logo\\\/image\\\/\"},\"sameAs\":[\"https:\\\/\\\/www.facebook.com\\\/eldiario.bolivia\\\/\",\"https:\\\/\\\/x.com\\\/eldiario_net\"]},{\"@type\":\"Person\",\"@id\":\"https:\\\/\\\/www.eldiario.net\\\/portal\\\/#\\\/schema\\\/person\\\/f46445640444750d7d753ccd04ae01b7\",\"name\":\"Jeanette\",\"image\":{\"@type\":\"ImageObject\",\"inLanguage\":\"es\",\"@id\":\"https:\\\/\\\/secure.gravatar.com\\\/avatar\\\/3ea2118a5f7dad2b7138b1187a6b7ee55f160b9968b66013c3a3ef39dd7e5798?s=96&d=mm&r=g\",\"url\":\"https:\\\/\\\/secure.gravatar.com\\\/avatar\\\/3ea2118a5f7dad2b7138b1187a6b7ee55f160b9968b66013c3a3ef39dd7e5798?s=96&d=mm&r=g\",\"contentUrl\":\"https:\\\/\\\/secure.gravatar.com\\\/avatar\\\/3ea2118a5f7dad2b7138b1187a6b7ee55f160b9968b66013c3a3ef39dd7e5798?s=96&d=mm&r=g\",\"caption\":\"Jeanette\"},\"sameAs\":[\"https:\\\/\\\/www.eldiario.net\\\/portal\"],\"url\":\"https:\\\/\\\/www.eldiario.net\\\/portal\\\/author\\\/jeanette\\\/\"}]}<\/script>\n<!-- \/ Yoast SEO plugin. -->","yoast_head_json":{"title":"Defensa del Consumidor regula precios en materiales escolares - El Diario - Bolivia","robots":{"index":"index","follow":"follow","max-snippet":"max-snippet:-1","max-image-preview":"max-image-preview:large","max-video-preview":"max-video-preview:-1"},"canonical":"https:\/\/www.eldiario.net\/portal\/2026\/02\/02\/defensa-del-consumidor-regula-precios-en-materiales-escolares\/","og_locale":"es_ES","og_type":"article","og_title":"Defensa del Consumidor regula precios en materiales escolares - El Diario - Bolivia","og_description":"Con el fin de proteger la econom\u00eda de las familias frente al inicio del ciclo escolar, la Autoridad de Defensa del Consumidor puso en marcha la iniciativa \u201cInf\u00f3rmate antes de comprar\u201d. El programa busca dotar a los padres de familia de herramientas clave para detectar sobreprecios y garantizar decisiones de compra inteligentes en la adquisici\u00f3n [&hellip;]","og_url":"https:\/\/www.eldiario.net\/portal\/2026\/02\/02\/defensa-del-consumidor-regula-precios-en-materiales-escolares\/","og_site_name":"El Diario - Bolivia","article_publisher":"https:\/\/www.facebook.com\/eldiario.bolivia\/","article_published_time":"2026-02-02T10:38:08+00:00","og_image":[{"width":896,"height":579,"url":"https:\/\/www.eldiario.net\/portal\/wp-content\/uploads\/2026\/02\/01-ESCOLAR.webp","type":"image\/webp"}],"author":"Jeanette","twitter_card":"summary_large_image","twitter_creator":"@eldiario_net","twitter_site":"@eldiario_net","twitter_misc":{"Escrito por":"Jeanette","Tiempo de lectura":"3 minutos"},"schema":{"@context":"https:\/\/schema.org","@graph":[{"@type":"Article","@id":"https:\/\/www.eldiario.net\/portal\/2026\/02\/02\/defensa-del-consumidor-regula-precios-en-materiales-escolares\/#article","isPartOf":{"@id":"https:\/\/www.eldiario.net\/portal\/2026\/02\/02\/defensa-del-consumidor-regula-precios-en-materiales-escolares\/"},"author":{"name":"Jeanette","@id":"https:\/\/www.eldiario.net\/portal\/#\/schema\/person\/f46445640444750d7d753ccd04ae01b7"},"headline":"Defensa del Consumidor regula precios en materiales escolares","datePublished":"2026-02-02T10:38:08+00:00","mainEntityOfPage":{"@id":"https:\/\/www.eldiario.net\/portal\/2026\/02\/02\/defensa-del-consumidor-regula-precios-en-materiales-escolares\/"},"wordCount":605,"publisher":{"@id":"https:\/\/www.eldiario.net\/portal\/#organization"},"image":{"@id":"https:\/\/www.eldiario.net\/portal\/2026\/02\/02\/defensa-del-consumidor-regula-precios-en-materiales-escolares\/#primaryimage"},"thumbnailUrl":"https:\/\/www.eldiario.net\/portal\/wp-content\/uploads\/2026\/02\/01-ESCOLAR.webp","articleSection":["Econom\u00eda"],"inLanguage":"es"},{"@type":"WebPage","@id":"https:\/\/www.eldiario.net\/portal\/2026\/02\/02\/defensa-del-consumidor-regula-precios-en-materiales-escolares\/","url":"https:\/\/www.eldiario.net\/portal\/2026\/02\/02\/defensa-del-consumidor-regula-precios-en-materiales-escolares\/","name":"Defensa del Consumidor regula precios en materiales escolares - El Diario - Bolivia","isPartOf":{"@id":"https:\/\/www.eldiario.net\/portal\/#website"},"primaryImageOfPage":{"@id":"https:\/\/www.eldiario.net\/portal\/2026\/02\/02\/defensa-del-consumidor-regula-precios-en-materiales-escolares\/#primaryimage"},"image":{"@id":"https:\/\/www.eldiario.net\/portal\/2026\/02\/02\/defensa-del-consumidor-regula-precios-en-materiales-escolares\/#primaryimage"},"thumbnailUrl":"https:\/\/www.eldiario.net\/portal\/wp-content\/uploads\/2026\/02\/01-ESCOLAR.webp","datePublished":"2026-02-02T10:38:08+00:00","breadcrumb":{"@id":"https:\/\/www.eldiario.net\/portal\/2026\/02\/02\/defensa-del-consumidor-regula-precios-en-materiales-escolares\/#breadcrumb"},"inLanguage":"es","potentialAction":[{"@type":"ReadAction","target":["https:\/\/www.eldiario.net\/portal\/2026\/02\/02\/defensa-del-consumidor-regula-precios-en-materiales-escolares\/"]}]},{"@type":"ImageObject","inLanguage":"es","@id":"https:\/\/www.eldiario.net\/portal\/2026\/02\/02\/defensa-del-consumidor-regula-precios-en-materiales-escolares\/#primaryimage","url":"https:\/\/www.eldiario.net\/portal\/wp-content\/uploads\/2026\/02\/01-ESCOLAR.webp","contentUrl":"https:\/\/www.eldiario.net\/portal\/wp-content\/uploads\/2026\/02\/01-ESCOLAR.webp","width":896,"height":579,"caption":"El mercado registra un repunte significativo en la demanda de \u00fatiles escolares."},{"@type":"BreadcrumbList","@id":"https:\/\/www.eldiario.net\/portal\/2026\/02\/02\/defensa-del-consumidor-regula-precios-en-materiales-escolares\/#breadcrumb","itemListElement":[{"@type":"ListItem","position":1,"name":"Portada","item":"https:\/\/www.eldiario.net\/portal\/"},{"@type":"ListItem","position":2,"name":"Defensa del Consumidor regula precios en materiales escolares"}]},{"@type":"WebSite","@id":"https:\/\/www.eldiario.net\/portal\/#website","url":"https:\/\/www.eldiario.net\/portal\/","name":"El Diario - Decano de la prensa nacional","description":"El Diario - Decano de la prensa nacional","publisher":{"@id":"https:\/\/www.eldiario.net\/portal\/#organization"},"potentialAction":[{"@type":"SearchAction","target":{"@type":"EntryPoint","urlTemplate":"https:\/\/www.eldiario.net\/portal\/?s={search_term_string}"},"query-input":{"@type":"PropertyValueSpecification","valueRequired":true,"valueName":"search_term_string"}}],"inLanguage":"es"},{"@type":"Organization","@id":"https:\/\/www.eldiario.net\/portal\/#organization","name":"El Diario - Decano de la prensa nacional","url":"https:\/\/www.eldiario.net\/portal\/","logo":{"@type":"ImageObject","inLanguage":"es","@id":"https:\/\/www.eldiario.net\/portal\/#\/schema\/logo\/image\/","url":"https:\/\/www.eldiario.net\/portal\/wp-content\/uploads\/2023\/07\/logo_ED.jpg","contentUrl":"https:\/\/www.eldiario.net\/portal\/wp-content\/uploads\/2023\/07\/logo_ED.jpg","width":272,"height":52,"caption":"El Diario - Decano de la prensa nacional"},"image":{"@id":"https:\/\/www.eldiario.net\/portal\/#\/schema\/logo\/image\/"},"sameAs":["https:\/\/www.facebook.com\/eldiario.bolivia\/","https:\/\/x.com\/eldiario_net"]},{"@type":"Person","@id":"https:\/\/www.eldiario.net\/portal\/#\/schema\/person\/f46445640444750d7d753ccd04ae01b7","name":"Jeanette","image":{"@type":"ImageObject","inLanguage":"es","@id":"https:\/\/secure.gravatar.com\/avatar\/3ea2118a5f7dad2b7138b1187a6b7ee55f160b9968b66013c3a3ef39dd7e5798?s=96&d=mm&r=g","url":"https:\/\/secure.gravatar.com\/avatar\/3ea2118a5f7dad2b7138b1187a6b7ee55f160b9968b66013c3a3ef39dd7e5798?s=96&d=mm&r=g","contentUrl":"https:\/\/secure.gravatar.com\/avatar\/3ea2118a5f7dad2b7138b1187a6b7ee55f160b9968b66013c3a3ef39dd7e5798?s=96&d=mm&r=g","caption":"Jeanette"},"sameAs":["https:\/\/www.eldiario.net\/portal"],"url":"https:\/\/www.eldiario.net\/portal\/author\/jeanette\/"}]}},"_links":{"self":[{"href":"https:\/\/www.eldiario.net\/portal\/wp-json\/wp\/v2\/posts\/364980","targetHints":{"allow":["GET"]}}],"collection":[{"href":"https:\/\/www.eldiario.net\/portal\/wp-json\/wp\/v2\/posts"}],"about":[{"href":"https:\/\/www.eldiario.net\/portal\/wp-json\/wp\/v2\/types\/post"}],"author":[{"embeddable":true,"href":"https:\/\/www.eldiario.net\/portal\/wp-json\/wp\/v2\/users\/1"}],"replies":[{"embeddable":true,"href":"https:\/\/www.eldiario.net\/portal\/wp-json\/wp\/v2\/comments?post=364980"}],"version-history":[{"count":1,"href":"https:\/\/www.eldiario.net\/portal\/wp-json\/wp\/v2\/posts\/364980\/revisions"}],"predecessor-version":[{"id":364982,"href":"https:\/\/www.eldiario.net\/portal\/wp-json\/wp\/v2\/posts\/364980\/revisions\/364982"}],"wp:featuredmedia":[{"embeddable":true,"href":"https:\/\/www.eldiario.net\/portal\/wp-json\/wp\/v2\/media\/364981"}],"wp:attachment":[{"href":"https:\/\/www.eldiario.net\/portal\/wp-json\/wp\/v2\/media?parent=364980"}],"wp:term":[{"taxonomy":"category","embeddable":true,"href":"https:\/\/www.eldiario.net\/portal\/wp-json\/wp\/v2\/categories?post=364980"},{"taxonomy":"post_tag","embeddable":true,"href":"https:\/\/www.eldiario.net\/portal\/wp-json\/wp\/v2\/tags?post=364980"}],"curies":[{"name":"wp","href":"https:\/\/api.w.org\/{rel}","templated":true}]}}