{"id":364977,"date":"2026-02-02T06:37:11","date_gmt":"2026-02-02T10:37:11","guid":{"rendered":"https:\/\/www.eldiario.net\/portal\/?p=364977"},"modified":"2026-02-02T06:37:11","modified_gmt":"2026-02-02T10:37:11","slug":"inra-aun-busca-regularizar-propiedad-de-la-tierra","status":"publish","type":"post","link":"https:\/\/www.eldiario.net\/portal\/2026\/02\/02\/inra-aun-busca-regularizar-propiedad-de-la-tierra\/","title":{"rendered":"INRA a\u00fan busca regularizar propiedad de la tierra"},"content":{"rendered":"<p>Bolivia se encamina a cerrar la brecha hist\u00f3rica de la propiedad rural. Con un avance del 94% en el saneamiento y titulaci\u00f3n de tierras a nivel nacional, el Instituto Nacional de Reforma Agraria (INRA) proyectaba concluir la regularizaci\u00f3n total del territorio para 2025; sin embargo, este objetivo se encuentra pendiente sin nueva fecha para su cumplimiento.<br \/>\nLa seguridad jur\u00eddica de la tierra en Bolivia enfrenta un laberinto burocr\u00e1tico cr\u00edtico. En tanto, propietarios y comunidades luchan por regularizar su situaci\u00f3n, el sector productivo denuncia una par\u00e1lisis administrativa que ha dilatado procesos de saneamiento hasta por dos d\u00e9cadas.<br \/>\nEn este contexto, un informe estrat\u00e9gico del Instituto Nacional de Reforma Agraria de 2025 arroja luz sobre la estructura de la propiedad en el pa\u00eds, permitiendo definir, mediante una radiograf\u00eda estad\u00edstica, quienes ostentan en la actualidad la titularidad del suelo boliviano.<br \/>\nEn esa l\u00ednea, luego de 24 a\u00f1os de un progreso limitado que apenas alcanz\u00f3 el 93% de titulaci\u00f3n de tierras \u2014atravesando etapas como la Reforma Agraria, el per\u00edodo neoliberal y el gobierno del MAS\u2014 las expectativas de transparentar la tenencia de tierras se mantienen intactas, en procura de responder a una pol\u00edtica de Estado que busca priorizar el saneamiento de la propiedad agraria, tras diagnosticar que el proceso se encontraba sumido en un rezago hist\u00f3rico que frena el desarrollo del territorio nacional.<br \/>\nDe los 103,2 millones de hect\u00e1reas rurales sujetas a saneamiento en Bolivia, el Estado ya ha titulado 96,5 millones, garantizando seguridad jur\u00eddica para el 94% del territorio. A la fecha, solo resta regularizar el 6% de la superficie, lo que representa aproximadamente 6,6 millones de hect\u00e1reas pendientes de titulaci\u00f3n.<br \/>\nLas cifras oficiales del INRA revelan una radiograf\u00eda clara de la propiedad agraria en Bolivia: el sector empresarial y mediano ya controla el 16% de las tierras saneadas. Con 15,6 millones de hect\u00e1reas bajo su dominio, este segmento se afianza como un actor determinante en la configuraci\u00f3n del territorio rural boliviano.<br \/>\nSi bien este bloque no lidera en extensi\u00f3n territorial, su peso en el modelo agrario nacional es determinante. Su influencia reside en una f\u00f3rmula estrat\u00e9gica: alta concentraci\u00f3n productiva, dominio de las cadenas agroindustriales y una s\u00f3lida orientaci\u00f3n exportadora. Este m\u00fasculo financiero y tecnol\u00f3gico se despliega con fuerza en el Oriente boliviano y el Chaco, zonas donde la propiedad privada empresarial y las vastas extensiones de mecanizaci\u00f3n dictan el ritmo del sector.<br \/>\nEl mapa de la distribuci\u00f3n agraria revela una concentraci\u00f3n estrat\u00e9gica: las tierras fiscales suman 27,8 millones de hect\u00e1reas (29% del \u00e1rea rural), consolid\u00e1ndose como el bloque mayoritario. Le siguen de cerca los territorios ind\u00edgenas (TCO\/TIOC), que con 26 millones de hect\u00e1reas (27%) ratifican a los pueblos originarios como actores determinantes en la propiedad territorial de la naci\u00f3n.<br \/>\nAsimismo, el mapa agrario actual muestra una clara hegemon\u00eda de la tenencia social: la propiedad comunitaria campesina abarca 17,5 millones de hect\u00e1reas (18%), superando a los sectores empresarial y mediano, que concentran 15,6 millones (16%). Por su parte, la peque\u00f1a propiedad individual alcanza los 9,7 millones de hect\u00e1reas (10%). En conjunto, m\u00e1s del 70% de la superficie saneada permanece bajo control estatal, ind\u00edgena o colectivo, sectores que hist\u00f3ricamente han constituido la base de apoyo del Movimiento al Socialismo (MAS).<\/p>\n<p>&nbsp;<\/p>\n","protected":false},"excerpt":{"rendered":"<p>Bolivia se encamina a cerrar la brecha hist\u00f3rica de la propiedad rural. Con un avance del 94% en el saneamiento y titulaci\u00f3n de tierras a nivel nacional, el Instituto Nacional de Reforma Agraria (INRA) proyectaba concluir la regularizaci\u00f3n total del territorio para 2025; sin embargo, este objetivo se encuentra pendiente sin nueva fecha para su [&hellip;]<\/p>\n","protected":false},"author":1,"featured_media":364978,"comment_status":"closed","ping_status":"open","sticky":false,"template":"","format":"standard","meta":{"_acf_changed":false,"footnotes":""},"categories":[7],"tags":[],"class_list":["post-364977","post","type-post","status-publish","format-standard","has-post-thumbnail","category-economia"],"acf":{"antetitulo":"Empresas tienen el 16% de territorio"},"yoast_head":"<!-- This site is optimized with the Yoast SEO plugin v28.4 - https:\/\/yoast.com\/product\/yoast-seo-wordpress\/ -->\n<title>INRA a\u00fan busca regularizar propiedad de la tierra - El Diario - Bolivia<\/title>\n<meta name=\"robots\" content=\"index, follow, max-snippet:-1, max-image-preview:large, max-video-preview:-1\" \/>\n<link rel=\"canonical\" href=\"https:\/\/www.eldiario.net\/portal\/2026\/02\/02\/inra-aun-busca-regularizar-propiedad-de-la-tierra\/\" \/>\n<meta property=\"og:locale\" content=\"es_ES\" \/>\n<meta property=\"og:type\" content=\"article\" \/>\n<meta property=\"og:title\" content=\"INRA a\u00fan busca regularizar propiedad de la tierra - El Diario - Bolivia\" \/>\n<meta property=\"og:description\" content=\"Bolivia se encamina a cerrar la brecha hist\u00f3rica de la propiedad rural. Con un avance del 94% en el saneamiento y titulaci\u00f3n de tierras a nivel nacional, el Instituto Nacional de Reforma Agraria (INRA) proyectaba concluir la regularizaci\u00f3n total del territorio para 2025; sin embargo, este objetivo se encuentra pendiente sin nueva fecha para su [&hellip;]\" \/>\n<meta property=\"og:url\" content=\"https:\/\/www.eldiario.net\/portal\/2026\/02\/02\/inra-aun-busca-regularizar-propiedad-de-la-tierra\/\" \/>\n<meta property=\"og:site_name\" content=\"El Diario - Bolivia\" \/>\n<meta property=\"article:publisher\" content=\"https:\/\/www.facebook.com\/eldiario.bolivia\/\" \/>\n<meta property=\"article:published_time\" content=\"2026-02-02T10:37:11+00:00\" \/>\n<meta property=\"og:image\" content=\"https:\/\/www.eldiario.net\/portal\/wp-content\/uploads\/2026\/02\/01-TIERRAS.webp\" \/>\n\t<meta property=\"og:image:width\" content=\"960\" \/>\n\t<meta property=\"og:image:height\" content=\"557\" \/>\n\t<meta property=\"og:image:type\" content=\"image\/webp\" \/>\n<meta name=\"author\" content=\"Jeanette\" \/>\n<meta name=\"twitter:card\" content=\"summary_large_image\" \/>\n<meta name=\"twitter:creator\" content=\"@eldiario_net\" \/>\n<meta name=\"twitter:site\" content=\"@eldiario_net\" \/>\n<meta name=\"twitter:label1\" content=\"Escrito por\" \/>\n\t<meta name=\"twitter:data1\" content=\"Jeanette\" \/>\n\t<meta name=\"twitter:label2\" content=\"Tiempo de lectura\" \/>\n\t<meta name=\"twitter:data2\" content=\"3 minutos\" \/>\n<script type=\"application\/ld+json\" class=\"yoast-schema-graph\">{\"@context\":\"https:\\\/\\\/schema.org\",\"@graph\":[{\"@type\":\"Article\",\"@id\":\"https:\\\/\\\/www.eldiario.net\\\/portal\\\/2026\\\/02\\\/02\\\/inra-aun-busca-regularizar-propiedad-de-la-tierra\\\/#article\",\"isPartOf\":{\"@id\":\"https:\\\/\\\/www.eldiario.net\\\/portal\\\/2026\\\/02\\\/02\\\/inra-aun-busca-regularizar-propiedad-de-la-tierra\\\/\"},\"author\":{\"name\":\"Jeanette\",\"@id\":\"https:\\\/\\\/www.eldiario.net\\\/portal\\\/#\\\/schema\\\/person\\\/f46445640444750d7d753ccd04ae01b7\"},\"headline\":\"INRA a\u00fan busca regularizar propiedad de la tierra\",\"datePublished\":\"2026-02-02T10:37:11+00:00\",\"mainEntityOfPage\":{\"@id\":\"https:\\\/\\\/www.eldiario.net\\\/portal\\\/2026\\\/02\\\/02\\\/inra-aun-busca-regularizar-propiedad-de-la-tierra\\\/\"},\"wordCount\":564,\"publisher\":{\"@id\":\"https:\\\/\\\/www.eldiario.net\\\/portal\\\/#organization\"},\"image\":{\"@id\":\"https:\\\/\\\/www.eldiario.net\\\/portal\\\/2026\\\/02\\\/02\\\/inra-aun-busca-regularizar-propiedad-de-la-tierra\\\/#primaryimage\"},\"thumbnailUrl\":\"https:\\\/\\\/www.eldiario.net\\\/portal\\\/wp-content\\\/uploads\\\/2026\\\/02\\\/01-TIERRAS.webp\",\"articleSection\":[\"Econom\u00eda\"],\"inLanguage\":\"es\"},{\"@type\":\"WebPage\",\"@id\":\"https:\\\/\\\/www.eldiario.net\\\/portal\\\/2026\\\/02\\\/02\\\/inra-aun-busca-regularizar-propiedad-de-la-tierra\\\/\",\"url\":\"https:\\\/\\\/www.eldiario.net\\\/portal\\\/2026\\\/02\\\/02\\\/inra-aun-busca-regularizar-propiedad-de-la-tierra\\\/\",\"name\":\"INRA a\u00fan busca regularizar propiedad de la tierra - El Diario - Bolivia\",\"isPartOf\":{\"@id\":\"https:\\\/\\\/www.eldiario.net\\\/portal\\\/#website\"},\"primaryImageOfPage\":{\"@id\":\"https:\\\/\\\/www.eldiario.net\\\/portal\\\/2026\\\/02\\\/02\\\/inra-aun-busca-regularizar-propiedad-de-la-tierra\\\/#primaryimage\"},\"image\":{\"@id\":\"https:\\\/\\\/www.eldiario.net\\\/portal\\\/2026\\\/02\\\/02\\\/inra-aun-busca-regularizar-propiedad-de-la-tierra\\\/#primaryimage\"},\"thumbnailUrl\":\"https:\\\/\\\/www.eldiario.net\\\/portal\\\/wp-content\\\/uploads\\\/2026\\\/02\\\/01-TIERRAS.webp\",\"datePublished\":\"2026-02-02T10:37:11+00:00\",\"breadcrumb\":{\"@id\":\"https:\\\/\\\/www.eldiario.net\\\/portal\\\/2026\\\/02\\\/02\\\/inra-aun-busca-regularizar-propiedad-de-la-tierra\\\/#breadcrumb\"},\"inLanguage\":\"es\",\"potentialAction\":[{\"@type\":\"ReadAction\",\"target\":[\"https:\\\/\\\/www.eldiario.net\\\/portal\\\/2026\\\/02\\\/02\\\/inra-aun-busca-regularizar-propiedad-de-la-tierra\\\/\"]}]},{\"@type\":\"ImageObject\",\"inLanguage\":\"es\",\"@id\":\"https:\\\/\\\/www.eldiario.net\\\/portal\\\/2026\\\/02\\\/02\\\/inra-aun-busca-regularizar-propiedad-de-la-tierra\\\/#primaryimage\",\"url\":\"https:\\\/\\\/www.eldiario.net\\\/portal\\\/wp-content\\\/uploads\\\/2026\\\/02\\\/01-TIERRAS.webp\",\"contentUrl\":\"https:\\\/\\\/www.eldiario.net\\\/portal\\\/wp-content\\\/uploads\\\/2026\\\/02\\\/01-TIERRAS.webp\",\"width\":960,\"height\":557,\"caption\":\"Seguridad jur\u00eddica de la tierra enfrenta un laberinto burocr\u00e1tico.\"},{\"@type\":\"BreadcrumbList\",\"@id\":\"https:\\\/\\\/www.eldiario.net\\\/portal\\\/2026\\\/02\\\/02\\\/inra-aun-busca-regularizar-propiedad-de-la-tierra\\\/#breadcrumb\",\"itemListElement\":[{\"@type\":\"ListItem\",\"position\":1,\"name\":\"Portada\",\"item\":\"https:\\\/\\\/www.eldiario.net\\\/portal\\\/\"},{\"@type\":\"ListItem\",\"position\":2,\"name\":\"INRA a\u00fan busca regularizar propiedad de la tierra\"}]},{\"@type\":\"WebSite\",\"@id\":\"https:\\\/\\\/www.eldiario.net\\\/portal\\\/#website\",\"url\":\"https:\\\/\\\/www.eldiario.net\\\/portal\\\/\",\"name\":\"El Diario - Decano de la prensa nacional\",\"description\":\"El Diario - Decano de la prensa nacional\",\"publisher\":{\"@id\":\"https:\\\/\\\/www.eldiario.net\\\/portal\\\/#organization\"},\"potentialAction\":[{\"@type\":\"SearchAction\",\"target\":{\"@type\":\"EntryPoint\",\"urlTemplate\":\"https:\\\/\\\/www.eldiario.net\\\/portal\\\/?s={search_term_string}\"},\"query-input\":{\"@type\":\"PropertyValueSpecification\",\"valueRequired\":true,\"valueName\":\"search_term_string\"}}],\"inLanguage\":\"es\"},{\"@type\":\"Organization\",\"@id\":\"https:\\\/\\\/www.eldiario.net\\\/portal\\\/#organization\",\"name\":\"El Diario - Decano de la prensa nacional\",\"url\":\"https:\\\/\\\/www.eldiario.net\\\/portal\\\/\",\"logo\":{\"@type\":\"ImageObject\",\"inLanguage\":\"es\",\"@id\":\"https:\\\/\\\/www.eldiario.net\\\/portal\\\/#\\\/schema\\\/logo\\\/image\\\/\",\"url\":\"https:\\\/\\\/www.eldiario.net\\\/portal\\\/wp-content\\\/uploads\\\/2023\\\/07\\\/logo_ED.jpg\",\"contentUrl\":\"https:\\\/\\\/www.eldiario.net\\\/portal\\\/wp-content\\\/uploads\\\/2023\\\/07\\\/logo_ED.jpg\",\"width\":272,\"height\":52,\"caption\":\"El Diario - Decano de la prensa nacional\"},\"image\":{\"@id\":\"https:\\\/\\\/www.eldiario.net\\\/portal\\\/#\\\/schema\\\/logo\\\/image\\\/\"},\"sameAs\":[\"https:\\\/\\\/www.facebook.com\\\/eldiario.bolivia\\\/\",\"https:\\\/\\\/x.com\\\/eldiario_net\"]},{\"@type\":\"Person\",\"@id\":\"https:\\\/\\\/www.eldiario.net\\\/portal\\\/#\\\/schema\\\/person\\\/f46445640444750d7d753ccd04ae01b7\",\"name\":\"Jeanette\",\"image\":{\"@type\":\"ImageObject\",\"inLanguage\":\"es\",\"@id\":\"https:\\\/\\\/secure.gravatar.com\\\/avatar\\\/3ea2118a5f7dad2b7138b1187a6b7ee55f160b9968b66013c3a3ef39dd7e5798?s=96&d=mm&r=g\",\"url\":\"https:\\\/\\\/secure.gravatar.com\\\/avatar\\\/3ea2118a5f7dad2b7138b1187a6b7ee55f160b9968b66013c3a3ef39dd7e5798?s=96&d=mm&r=g\",\"contentUrl\":\"https:\\\/\\\/secure.gravatar.com\\\/avatar\\\/3ea2118a5f7dad2b7138b1187a6b7ee55f160b9968b66013c3a3ef39dd7e5798?s=96&d=mm&r=g\",\"caption\":\"Jeanette\"},\"sameAs\":[\"https:\\\/\\\/www.eldiario.net\\\/portal\"],\"url\":\"https:\\\/\\\/www.eldiario.net\\\/portal\\\/author\\\/jeanette\\\/\"}]}<\/script>\n<!-- \/ Yoast SEO plugin. -->","yoast_head_json":{"title":"INRA a\u00fan busca regularizar propiedad de la tierra - El Diario - Bolivia","robots":{"index":"index","follow":"follow","max-snippet":"max-snippet:-1","max-image-preview":"max-image-preview:large","max-video-preview":"max-video-preview:-1"},"canonical":"https:\/\/www.eldiario.net\/portal\/2026\/02\/02\/inra-aun-busca-regularizar-propiedad-de-la-tierra\/","og_locale":"es_ES","og_type":"article","og_title":"INRA a\u00fan busca regularizar propiedad de la tierra - El Diario - Bolivia","og_description":"Bolivia se encamina a cerrar la brecha hist\u00f3rica de la propiedad rural. Con un avance del 94% en el saneamiento y titulaci\u00f3n de tierras a nivel nacional, el Instituto Nacional de Reforma Agraria (INRA) proyectaba concluir la regularizaci\u00f3n total del territorio para 2025; sin embargo, este objetivo se encuentra pendiente sin nueva fecha para su [&hellip;]","og_url":"https:\/\/www.eldiario.net\/portal\/2026\/02\/02\/inra-aun-busca-regularizar-propiedad-de-la-tierra\/","og_site_name":"El Diario - Bolivia","article_publisher":"https:\/\/www.facebook.com\/eldiario.bolivia\/","article_published_time":"2026-02-02T10:37:11+00:00","og_image":[{"width":960,"height":557,"url":"https:\/\/www.eldiario.net\/portal\/wp-content\/uploads\/2026\/02\/01-TIERRAS.webp","type":"image\/webp"}],"author":"Jeanette","twitter_card":"summary_large_image","twitter_creator":"@eldiario_net","twitter_site":"@eldiario_net","twitter_misc":{"Escrito por":"Jeanette","Tiempo de lectura":"3 minutos"},"schema":{"@context":"https:\/\/schema.org","@graph":[{"@type":"Article","@id":"https:\/\/www.eldiario.net\/portal\/2026\/02\/02\/inra-aun-busca-regularizar-propiedad-de-la-tierra\/#article","isPartOf":{"@id":"https:\/\/www.eldiario.net\/portal\/2026\/02\/02\/inra-aun-busca-regularizar-propiedad-de-la-tierra\/"},"author":{"name":"Jeanette","@id":"https:\/\/www.eldiario.net\/portal\/#\/schema\/person\/f46445640444750d7d753ccd04ae01b7"},"headline":"INRA a\u00fan busca regularizar propiedad de la tierra","datePublished":"2026-02-02T10:37:11+00:00","mainEntityOfPage":{"@id":"https:\/\/www.eldiario.net\/portal\/2026\/02\/02\/inra-aun-busca-regularizar-propiedad-de-la-tierra\/"},"wordCount":564,"publisher":{"@id":"https:\/\/www.eldiario.net\/portal\/#organization"},"image":{"@id":"https:\/\/www.eldiario.net\/portal\/2026\/02\/02\/inra-aun-busca-regularizar-propiedad-de-la-tierra\/#primaryimage"},"thumbnailUrl":"https:\/\/www.eldiario.net\/portal\/wp-content\/uploads\/2026\/02\/01-TIERRAS.webp","articleSection":["Econom\u00eda"],"inLanguage":"es"},{"@type":"WebPage","@id":"https:\/\/www.eldiario.net\/portal\/2026\/02\/02\/inra-aun-busca-regularizar-propiedad-de-la-tierra\/","url":"https:\/\/www.eldiario.net\/portal\/2026\/02\/02\/inra-aun-busca-regularizar-propiedad-de-la-tierra\/","name":"INRA a\u00fan busca regularizar propiedad de la tierra - El Diario - Bolivia","isPartOf":{"@id":"https:\/\/www.eldiario.net\/portal\/#website"},"primaryImageOfPage":{"@id":"https:\/\/www.eldiario.net\/portal\/2026\/02\/02\/inra-aun-busca-regularizar-propiedad-de-la-tierra\/#primaryimage"},"image":{"@id":"https:\/\/www.eldiario.net\/portal\/2026\/02\/02\/inra-aun-busca-regularizar-propiedad-de-la-tierra\/#primaryimage"},"thumbnailUrl":"https:\/\/www.eldiario.net\/portal\/wp-content\/uploads\/2026\/02\/01-TIERRAS.webp","datePublished":"2026-02-02T10:37:11+00:00","breadcrumb":{"@id":"https:\/\/www.eldiario.net\/portal\/2026\/02\/02\/inra-aun-busca-regularizar-propiedad-de-la-tierra\/#breadcrumb"},"inLanguage":"es","potentialAction":[{"@type":"ReadAction","target":["https:\/\/www.eldiario.net\/portal\/2026\/02\/02\/inra-aun-busca-regularizar-propiedad-de-la-tierra\/"]}]},{"@type":"ImageObject","inLanguage":"es","@id":"https:\/\/www.eldiario.net\/portal\/2026\/02\/02\/inra-aun-busca-regularizar-propiedad-de-la-tierra\/#primaryimage","url":"https:\/\/www.eldiario.net\/portal\/wp-content\/uploads\/2026\/02\/01-TIERRAS.webp","contentUrl":"https:\/\/www.eldiario.net\/portal\/wp-content\/uploads\/2026\/02\/01-TIERRAS.webp","width":960,"height":557,"caption":"Seguridad jur\u00eddica de la tierra enfrenta un laberinto burocr\u00e1tico."},{"@type":"BreadcrumbList","@id":"https:\/\/www.eldiario.net\/portal\/2026\/02\/02\/inra-aun-busca-regularizar-propiedad-de-la-tierra\/#breadcrumb","itemListElement":[{"@type":"ListItem","position":1,"name":"Portada","item":"https:\/\/www.eldiario.net\/portal\/"},{"@type":"ListItem","position":2,"name":"INRA a\u00fan busca regularizar propiedad de la tierra"}]},{"@type":"WebSite","@id":"https:\/\/www.eldiario.net\/portal\/#website","url":"https:\/\/www.eldiario.net\/portal\/","name":"El Diario - Decano de la prensa nacional","description":"El Diario - Decano de la prensa nacional","publisher":{"@id":"https:\/\/www.eldiario.net\/portal\/#organization"},"potentialAction":[{"@type":"SearchAction","target":{"@type":"EntryPoint","urlTemplate":"https:\/\/www.eldiario.net\/portal\/?s={search_term_string}"},"query-input":{"@type":"PropertyValueSpecification","valueRequired":true,"valueName":"search_term_string"}}],"inLanguage":"es"},{"@type":"Organization","@id":"https:\/\/www.eldiario.net\/portal\/#organization","name":"El Diario - Decano de la prensa nacional","url":"https:\/\/www.eldiario.net\/portal\/","logo":{"@type":"ImageObject","inLanguage":"es","@id":"https:\/\/www.eldiario.net\/portal\/#\/schema\/logo\/image\/","url":"https:\/\/www.eldiario.net\/portal\/wp-content\/uploads\/2023\/07\/logo_ED.jpg","contentUrl":"https:\/\/www.eldiario.net\/portal\/wp-content\/uploads\/2023\/07\/logo_ED.jpg","width":272,"height":52,"caption":"El Diario - Decano de la prensa nacional"},"image":{"@id":"https:\/\/www.eldiario.net\/portal\/#\/schema\/logo\/image\/"},"sameAs":["https:\/\/www.facebook.com\/eldiario.bolivia\/","https:\/\/x.com\/eldiario_net"]},{"@type":"Person","@id":"https:\/\/www.eldiario.net\/portal\/#\/schema\/person\/f46445640444750d7d753ccd04ae01b7","name":"Jeanette","image":{"@type":"ImageObject","inLanguage":"es","@id":"https:\/\/secure.gravatar.com\/avatar\/3ea2118a5f7dad2b7138b1187a6b7ee55f160b9968b66013c3a3ef39dd7e5798?s=96&d=mm&r=g","url":"https:\/\/secure.gravatar.com\/avatar\/3ea2118a5f7dad2b7138b1187a6b7ee55f160b9968b66013c3a3ef39dd7e5798?s=96&d=mm&r=g","contentUrl":"https:\/\/secure.gravatar.com\/avatar\/3ea2118a5f7dad2b7138b1187a6b7ee55f160b9968b66013c3a3ef39dd7e5798?s=96&d=mm&r=g","caption":"Jeanette"},"sameAs":["https:\/\/www.eldiario.net\/portal"],"url":"https:\/\/www.eldiario.net\/portal\/author\/jeanette\/"}]}},"_links":{"self":[{"href":"https:\/\/www.eldiario.net\/portal\/wp-json\/wp\/v2\/posts\/364977","targetHints":{"allow":["GET"]}}],"collection":[{"href":"https:\/\/www.eldiario.net\/portal\/wp-json\/wp\/v2\/posts"}],"about":[{"href":"https:\/\/www.eldiario.net\/portal\/wp-json\/wp\/v2\/types\/post"}],"author":[{"embeddable":true,"href":"https:\/\/www.eldiario.net\/portal\/wp-json\/wp\/v2\/users\/1"}],"replies":[{"embeddable":true,"href":"https:\/\/www.eldiario.net\/portal\/wp-json\/wp\/v2\/comments?post=364977"}],"version-history":[{"count":1,"href":"https:\/\/www.eldiario.net\/portal\/wp-json\/wp\/v2\/posts\/364977\/revisions"}],"predecessor-version":[{"id":364979,"href":"https:\/\/www.eldiario.net\/portal\/wp-json\/wp\/v2\/posts\/364977\/revisions\/364979"}],"wp:featuredmedia":[{"embeddable":true,"href":"https:\/\/www.eldiario.net\/portal\/wp-json\/wp\/v2\/media\/364978"}],"wp:attachment":[{"href":"https:\/\/www.eldiario.net\/portal\/wp-json\/wp\/v2\/media?parent=364977"}],"wp:term":[{"taxonomy":"category","embeddable":true,"href":"https:\/\/www.eldiario.net\/portal\/wp-json\/wp\/v2\/categories?post=364977"},{"taxonomy":"post_tag","embeddable":true,"href":"https:\/\/www.eldiario.net\/portal\/wp-json\/wp\/v2\/tags?post=364977"}],"curies":[{"name":"wp","href":"https:\/\/api.w.org\/{rel}","templated":true}]}}