{"id":364975,"date":"2026-02-02T06:36:10","date_gmt":"2026-02-02T10:36:10","guid":{"rendered":"https:\/\/www.eldiario.net\/portal\/?p=364975"},"modified":"2026-02-02T06:36:10","modified_gmt":"2026-02-02T10:36:10","slug":"gobierno-solicita-apoyo-para-implementar-cielos-abiertos","status":"publish","type":"post","link":"https:\/\/www.eldiario.net\/portal\/2026\/02\/02\/gobierno-solicita-apoyo-para-implementar-cielos-abiertos\/","title":{"rendered":"Gobierno solicita apoyo para  implementar cielos abiertos"},"content":{"rendered":"<p>El ministro de Obras P\u00fablicas, Servicios y Vivienda, Mauricio Zamora, solicit\u00f3 formalmente asistencia t\u00e9cnica a la Organizaci\u00f3n de Aviaci\u00f3n Civil Internacional (OACI) para definir el modelo de apertura a\u00e9rea que seguir\u00e1 el pa\u00eds. La petici\u00f3n incluye la llegada de un experto que analice riesgos, beneficios y esquemas internacionales antes de dar el salto definitivo a la liberalizaci\u00f3n del mercado.<br \/>\nEl objetivo de esta asistencia es contar con una base t\u00e9cnica s\u00f3lida que permita a Bolivia tomar decisiones informadas y coherentes con los est\u00e1ndares internacionales, preservando la seguridad operacional, promoviendo la conectividad a\u00e9rea y fortaleciendo el desarrollo ordenado del transporte a\u00e9reo internacional\u201d, se\u00f1ala una carta enviada a la OACI, seg\u00fan una nota de prensa de Obras P\u00fablicas.<br \/>\nEsa cartera de Estado espera una orientaci\u00f3n t\u00e9cnica en el an\u00e1lisis de viabilidad, impactos y etapas necesarias para el establecimiento de una pol\u00edtica de esta naturaleza; recomendaciones sobre el marco normativo, institucional y operacional requerido para su adecuada implementaci\u00f3n; y compartir buenas pr\u00e1cticas y experiencias de otros Estados.<br \/>\nAsimismo, se informa que el ministro Zamora viajar\u00e1 a Lima, Per\u00fa, para solicitar el apoyo y coordinar con la OACI el an\u00e1lisis de los cielos abiertos en Bolivia.<br \/>\nAnte la salida de Aerosur, Aerocon y Amaszonas, la aerol\u00ednea estatal Boliviana de Aviaci\u00f3n (BoA) concentra operaciones en el 92% del mercado a\u00e9reo del pa\u00eds. Seg\u00fan un estudio de Populi, realizado por el investigador y economista Carlos Aranda, las rutas con mayor demanda son las que recorren las ciudades del eje troncal, con el 69,8% del tr\u00e1fico a\u00e9reo registrado de enero a agosto de 2025.<br \/>\nMientras que en el Senado se alista el debate del proyecto de ley de \u201cCielos Abiertos para la libre Competencia A\u00e9rea en Bolivia\u201d presentado por la senadora Tomasa Yarhui. El mismo fue derivado para su tratamiento a la comisi\u00f3n de Econom\u00eda Plural, Producci\u00f3n, Industria e Industrializaci\u00f3n.<br \/>\nLa norma plantea la modificaci\u00f3n y derogaci\u00f3n de cuatro art\u00edculos de la Ley de Aeron\u00e1utica Civil (Ley 2902) para permitir que empresas nacionales o extranjeras, sin l\u00edmite de participaci\u00f3n, puedan ingresar al pa\u00eds a prestar servicios de transporte a\u00e9reo.<\/p>\n","protected":false},"excerpt":{"rendered":"<p>El ministro de Obras P\u00fablicas, Servicios y Vivienda, Mauricio Zamora, solicit\u00f3 formalmente asistencia t\u00e9cnica a la Organizaci\u00f3n de Aviaci\u00f3n Civil Internacional (OACI) para definir el modelo de apertura a\u00e9rea que seguir\u00e1 el pa\u00eds. La petici\u00f3n incluye la llegada de un experto que analice riesgos, beneficios y esquemas internacionales antes de dar el salto definitivo a [&hellip;]<\/p>\n","protected":false},"author":1,"featured_media":194689,"comment_status":"closed","ping_status":"open","sticky":false,"template":"","format":"standard","meta":{"_acf_changed":false,"footnotes":""},"categories":[7],"tags":[],"class_list":["post-364975","post","type-post","status-publish","format-standard","has-post-thumbnail","category-economia"],"acf":{"antetitulo":""},"yoast_head":"<!-- This site is optimized with the Yoast SEO plugin v28.4 - https:\/\/yoast.com\/product\/yoast-seo-wordpress\/ -->\n<title>Gobierno solicita apoyo para implementar cielos abiertos - El Diario - Bolivia<\/title>\n<meta name=\"robots\" content=\"index, follow, max-snippet:-1, max-image-preview:large, max-video-preview:-1\" \/>\n<link rel=\"canonical\" href=\"https:\/\/www.eldiario.net\/portal\/2026\/02\/02\/gobierno-solicita-apoyo-para-implementar-cielos-abiertos\/\" \/>\n<meta property=\"og:locale\" content=\"es_ES\" \/>\n<meta property=\"og:type\" content=\"article\" \/>\n<meta property=\"og:title\" content=\"Gobierno solicita apoyo para implementar cielos abiertos - El Diario - Bolivia\" \/>\n<meta property=\"og:description\" content=\"El ministro de Obras P\u00fablicas, Servicios y Vivienda, Mauricio Zamora, solicit\u00f3 formalmente asistencia t\u00e9cnica a la Organizaci\u00f3n de Aviaci\u00f3n Civil Internacional (OACI) para definir el modelo de apertura a\u00e9rea que seguir\u00e1 el pa\u00eds. La petici\u00f3n incluye la llegada de un experto que analice riesgos, beneficios y esquemas internacionales antes de dar el salto definitivo a [&hellip;]\" \/>\n<meta property=\"og:url\" content=\"https:\/\/www.eldiario.net\/portal\/2026\/02\/02\/gobierno-solicita-apoyo-para-implementar-cielos-abiertos\/\" \/>\n<meta property=\"og:site_name\" content=\"El Diario - Bolivia\" \/>\n<meta property=\"article:publisher\" content=\"https:\/\/www.facebook.com\/eldiario.bolivia\/\" \/>\n<meta property=\"article:published_time\" content=\"2026-02-02T10:36:10+00:00\" \/>\n<meta property=\"og:image\" content=\"https:\/\/www.eldiario.net\/portal\/wp-content\/uploads\/2023\/12\/Economia.jpg\" \/>\n\t<meta property=\"og:image:width\" content=\"800\" \/>\n\t<meta property=\"og:image:height\" content=\"500\" \/>\n\t<meta property=\"og:image:type\" content=\"image\/jpeg\" \/>\n<meta name=\"author\" content=\"Jeanette\" \/>\n<meta name=\"twitter:card\" content=\"summary_large_image\" \/>\n<meta name=\"twitter:creator\" content=\"@eldiario_net\" \/>\n<meta name=\"twitter:site\" content=\"@eldiario_net\" \/>\n<meta name=\"twitter:label1\" content=\"Escrito por\" \/>\n\t<meta name=\"twitter:data1\" content=\"Jeanette\" \/>\n\t<meta name=\"twitter:label2\" content=\"Tiempo de lectura\" \/>\n\t<meta name=\"twitter:data2\" content=\"2 minutos\" \/>\n<script type=\"application\/ld+json\" class=\"yoast-schema-graph\">{\"@context\":\"https:\\\/\\\/schema.org\",\"@graph\":[{\"@type\":\"Article\",\"@id\":\"https:\\\/\\\/www.eldiario.net\\\/portal\\\/2026\\\/02\\\/02\\\/gobierno-solicita-apoyo-para-implementar-cielos-abiertos\\\/#article\",\"isPartOf\":{\"@id\":\"https:\\\/\\\/www.eldiario.net\\\/portal\\\/2026\\\/02\\\/02\\\/gobierno-solicita-apoyo-para-implementar-cielos-abiertos\\\/\"},\"author\":{\"name\":\"Jeanette\",\"@id\":\"https:\\\/\\\/www.eldiario.net\\\/portal\\\/#\\\/schema\\\/person\\\/f46445640444750d7d753ccd04ae01b7\"},\"headline\":\"Gobierno solicita apoyo para implementar cielos abiertos\",\"datePublished\":\"2026-02-02T10:36:10+00:00\",\"mainEntityOfPage\":{\"@id\":\"https:\\\/\\\/www.eldiario.net\\\/portal\\\/2026\\\/02\\\/02\\\/gobierno-solicita-apoyo-para-implementar-cielos-abiertos\\\/\"},\"wordCount\":388,\"publisher\":{\"@id\":\"https:\\\/\\\/www.eldiario.net\\\/portal\\\/#organization\"},\"image\":{\"@id\":\"https:\\\/\\\/www.eldiario.net\\\/portal\\\/2026\\\/02\\\/02\\\/gobierno-solicita-apoyo-para-implementar-cielos-abiertos\\\/#primaryimage\"},\"thumbnailUrl\":\"https:\\\/\\\/www.eldiario.net\\\/portal\\\/wp-content\\\/uploads\\\/2023\\\/12\\\/Economia.jpg\",\"articleSection\":[\"Econom\u00eda\"],\"inLanguage\":\"es\"},{\"@type\":\"WebPage\",\"@id\":\"https:\\\/\\\/www.eldiario.net\\\/portal\\\/2026\\\/02\\\/02\\\/gobierno-solicita-apoyo-para-implementar-cielos-abiertos\\\/\",\"url\":\"https:\\\/\\\/www.eldiario.net\\\/portal\\\/2026\\\/02\\\/02\\\/gobierno-solicita-apoyo-para-implementar-cielos-abiertos\\\/\",\"name\":\"Gobierno solicita apoyo para implementar cielos abiertos - El Diario - Bolivia\",\"isPartOf\":{\"@id\":\"https:\\\/\\\/www.eldiario.net\\\/portal\\\/#website\"},\"primaryImageOfPage\":{\"@id\":\"https:\\\/\\\/www.eldiario.net\\\/portal\\\/2026\\\/02\\\/02\\\/gobierno-solicita-apoyo-para-implementar-cielos-abiertos\\\/#primaryimage\"},\"image\":{\"@id\":\"https:\\\/\\\/www.eldiario.net\\\/portal\\\/2026\\\/02\\\/02\\\/gobierno-solicita-apoyo-para-implementar-cielos-abiertos\\\/#primaryimage\"},\"thumbnailUrl\":\"https:\\\/\\\/www.eldiario.net\\\/portal\\\/wp-content\\\/uploads\\\/2023\\\/12\\\/Economia.jpg\",\"datePublished\":\"2026-02-02T10:36:10+00:00\",\"breadcrumb\":{\"@id\":\"https:\\\/\\\/www.eldiario.net\\\/portal\\\/2026\\\/02\\\/02\\\/gobierno-solicita-apoyo-para-implementar-cielos-abiertos\\\/#breadcrumb\"},\"inLanguage\":\"es\",\"potentialAction\":[{\"@type\":\"ReadAction\",\"target\":[\"https:\\\/\\\/www.eldiario.net\\\/portal\\\/2026\\\/02\\\/02\\\/gobierno-solicita-apoyo-para-implementar-cielos-abiertos\\\/\"]}]},{\"@type\":\"ImageObject\",\"inLanguage\":\"es\",\"@id\":\"https:\\\/\\\/www.eldiario.net\\\/portal\\\/2026\\\/02\\\/02\\\/gobierno-solicita-apoyo-para-implementar-cielos-abiertos\\\/#primaryimage\",\"url\":\"https:\\\/\\\/www.eldiario.net\\\/portal\\\/wp-content\\\/uploads\\\/2023\\\/12\\\/Economia.jpg\",\"contentUrl\":\"https:\\\/\\\/www.eldiario.net\\\/portal\\\/wp-content\\\/uploads\\\/2023\\\/12\\\/Economia.jpg\",\"width\":800,\"height\":500},{\"@type\":\"BreadcrumbList\",\"@id\":\"https:\\\/\\\/www.eldiario.net\\\/portal\\\/2026\\\/02\\\/02\\\/gobierno-solicita-apoyo-para-implementar-cielos-abiertos\\\/#breadcrumb\",\"itemListElement\":[{\"@type\":\"ListItem\",\"position\":1,\"name\":\"Portada\",\"item\":\"https:\\\/\\\/www.eldiario.net\\\/portal\\\/\"},{\"@type\":\"ListItem\",\"position\":2,\"name\":\"Gobierno solicita apoyo para implementar cielos abiertos\"}]},{\"@type\":\"WebSite\",\"@id\":\"https:\\\/\\\/www.eldiario.net\\\/portal\\\/#website\",\"url\":\"https:\\\/\\\/www.eldiario.net\\\/portal\\\/\",\"name\":\"El Diario - Decano de la prensa nacional\",\"description\":\"El Diario - Decano de la prensa nacional\",\"publisher\":{\"@id\":\"https:\\\/\\\/www.eldiario.net\\\/portal\\\/#organization\"},\"potentialAction\":[{\"@type\":\"SearchAction\",\"target\":{\"@type\":\"EntryPoint\",\"urlTemplate\":\"https:\\\/\\\/www.eldiario.net\\\/portal\\\/?s={search_term_string}\"},\"query-input\":{\"@type\":\"PropertyValueSpecification\",\"valueRequired\":true,\"valueName\":\"search_term_string\"}}],\"inLanguage\":\"es\"},{\"@type\":\"Organization\",\"@id\":\"https:\\\/\\\/www.eldiario.net\\\/portal\\\/#organization\",\"name\":\"El Diario - Decano de la prensa nacional\",\"url\":\"https:\\\/\\\/www.eldiario.net\\\/portal\\\/\",\"logo\":{\"@type\":\"ImageObject\",\"inLanguage\":\"es\",\"@id\":\"https:\\\/\\\/www.eldiario.net\\\/portal\\\/#\\\/schema\\\/logo\\\/image\\\/\",\"url\":\"https:\\\/\\\/www.eldiario.net\\\/portal\\\/wp-content\\\/uploads\\\/2023\\\/07\\\/logo_ED.jpg\",\"contentUrl\":\"https:\\\/\\\/www.eldiario.net\\\/portal\\\/wp-content\\\/uploads\\\/2023\\\/07\\\/logo_ED.jpg\",\"width\":272,\"height\":52,\"caption\":\"El Diario - Decano de la prensa nacional\"},\"image\":{\"@id\":\"https:\\\/\\\/www.eldiario.net\\\/portal\\\/#\\\/schema\\\/logo\\\/image\\\/\"},\"sameAs\":[\"https:\\\/\\\/www.facebook.com\\\/eldiario.bolivia\\\/\",\"https:\\\/\\\/x.com\\\/eldiario_net\"]},{\"@type\":\"Person\",\"@id\":\"https:\\\/\\\/www.eldiario.net\\\/portal\\\/#\\\/schema\\\/person\\\/f46445640444750d7d753ccd04ae01b7\",\"name\":\"Jeanette\",\"image\":{\"@type\":\"ImageObject\",\"inLanguage\":\"es\",\"@id\":\"https:\\\/\\\/secure.gravatar.com\\\/avatar\\\/3ea2118a5f7dad2b7138b1187a6b7ee55f160b9968b66013c3a3ef39dd7e5798?s=96&d=mm&r=g\",\"url\":\"https:\\\/\\\/secure.gravatar.com\\\/avatar\\\/3ea2118a5f7dad2b7138b1187a6b7ee55f160b9968b66013c3a3ef39dd7e5798?s=96&d=mm&r=g\",\"contentUrl\":\"https:\\\/\\\/secure.gravatar.com\\\/avatar\\\/3ea2118a5f7dad2b7138b1187a6b7ee55f160b9968b66013c3a3ef39dd7e5798?s=96&d=mm&r=g\",\"caption\":\"Jeanette\"},\"sameAs\":[\"https:\\\/\\\/www.eldiario.net\\\/portal\"],\"url\":\"https:\\\/\\\/www.eldiario.net\\\/portal\\\/author\\\/jeanette\\\/\"}]}<\/script>\n<!-- \/ Yoast SEO plugin. -->","yoast_head_json":{"title":"Gobierno solicita apoyo para implementar cielos abiertos - El Diario - Bolivia","robots":{"index":"index","follow":"follow","max-snippet":"max-snippet:-1","max-image-preview":"max-image-preview:large","max-video-preview":"max-video-preview:-1"},"canonical":"https:\/\/www.eldiario.net\/portal\/2026\/02\/02\/gobierno-solicita-apoyo-para-implementar-cielos-abiertos\/","og_locale":"es_ES","og_type":"article","og_title":"Gobierno solicita apoyo para implementar cielos abiertos - El Diario - Bolivia","og_description":"El ministro de Obras P\u00fablicas, Servicios y Vivienda, Mauricio Zamora, solicit\u00f3 formalmente asistencia t\u00e9cnica a la Organizaci\u00f3n de Aviaci\u00f3n Civil Internacional (OACI) para definir el modelo de apertura a\u00e9rea que seguir\u00e1 el pa\u00eds. La petici\u00f3n incluye la llegada de un experto que analice riesgos, beneficios y esquemas internacionales antes de dar el salto definitivo a [&hellip;]","og_url":"https:\/\/www.eldiario.net\/portal\/2026\/02\/02\/gobierno-solicita-apoyo-para-implementar-cielos-abiertos\/","og_site_name":"El Diario - Bolivia","article_publisher":"https:\/\/www.facebook.com\/eldiario.bolivia\/","article_published_time":"2026-02-02T10:36:10+00:00","og_image":[{"width":800,"height":500,"url":"https:\/\/www.eldiario.net\/portal\/wp-content\/uploads\/2023\/12\/Economia.jpg","type":"image\/jpeg"}],"author":"Jeanette","twitter_card":"summary_large_image","twitter_creator":"@eldiario_net","twitter_site":"@eldiario_net","twitter_misc":{"Escrito por":"Jeanette","Tiempo de lectura":"2 minutos"},"schema":{"@context":"https:\/\/schema.org","@graph":[{"@type":"Article","@id":"https:\/\/www.eldiario.net\/portal\/2026\/02\/02\/gobierno-solicita-apoyo-para-implementar-cielos-abiertos\/#article","isPartOf":{"@id":"https:\/\/www.eldiario.net\/portal\/2026\/02\/02\/gobierno-solicita-apoyo-para-implementar-cielos-abiertos\/"},"author":{"name":"Jeanette","@id":"https:\/\/www.eldiario.net\/portal\/#\/schema\/person\/f46445640444750d7d753ccd04ae01b7"},"headline":"Gobierno solicita apoyo para implementar cielos abiertos","datePublished":"2026-02-02T10:36:10+00:00","mainEntityOfPage":{"@id":"https:\/\/www.eldiario.net\/portal\/2026\/02\/02\/gobierno-solicita-apoyo-para-implementar-cielos-abiertos\/"},"wordCount":388,"publisher":{"@id":"https:\/\/www.eldiario.net\/portal\/#organization"},"image":{"@id":"https:\/\/www.eldiario.net\/portal\/2026\/02\/02\/gobierno-solicita-apoyo-para-implementar-cielos-abiertos\/#primaryimage"},"thumbnailUrl":"https:\/\/www.eldiario.net\/portal\/wp-content\/uploads\/2023\/12\/Economia.jpg","articleSection":["Econom\u00eda"],"inLanguage":"es"},{"@type":"WebPage","@id":"https:\/\/www.eldiario.net\/portal\/2026\/02\/02\/gobierno-solicita-apoyo-para-implementar-cielos-abiertos\/","url":"https:\/\/www.eldiario.net\/portal\/2026\/02\/02\/gobierno-solicita-apoyo-para-implementar-cielos-abiertos\/","name":"Gobierno solicita apoyo para implementar cielos abiertos - El Diario - Bolivia","isPartOf":{"@id":"https:\/\/www.eldiario.net\/portal\/#website"},"primaryImageOfPage":{"@id":"https:\/\/www.eldiario.net\/portal\/2026\/02\/02\/gobierno-solicita-apoyo-para-implementar-cielos-abiertos\/#primaryimage"},"image":{"@id":"https:\/\/www.eldiario.net\/portal\/2026\/02\/02\/gobierno-solicita-apoyo-para-implementar-cielos-abiertos\/#primaryimage"},"thumbnailUrl":"https:\/\/www.eldiario.net\/portal\/wp-content\/uploads\/2023\/12\/Economia.jpg","datePublished":"2026-02-02T10:36:10+00:00","breadcrumb":{"@id":"https:\/\/www.eldiario.net\/portal\/2026\/02\/02\/gobierno-solicita-apoyo-para-implementar-cielos-abiertos\/#breadcrumb"},"inLanguage":"es","potentialAction":[{"@type":"ReadAction","target":["https:\/\/www.eldiario.net\/portal\/2026\/02\/02\/gobierno-solicita-apoyo-para-implementar-cielos-abiertos\/"]}]},{"@type":"ImageObject","inLanguage":"es","@id":"https:\/\/www.eldiario.net\/portal\/2026\/02\/02\/gobierno-solicita-apoyo-para-implementar-cielos-abiertos\/#primaryimage","url":"https:\/\/www.eldiario.net\/portal\/wp-content\/uploads\/2023\/12\/Economia.jpg","contentUrl":"https:\/\/www.eldiario.net\/portal\/wp-content\/uploads\/2023\/12\/Economia.jpg","width":800,"height":500},{"@type":"BreadcrumbList","@id":"https:\/\/www.eldiario.net\/portal\/2026\/02\/02\/gobierno-solicita-apoyo-para-implementar-cielos-abiertos\/#breadcrumb","itemListElement":[{"@type":"ListItem","position":1,"name":"Portada","item":"https:\/\/www.eldiario.net\/portal\/"},{"@type":"ListItem","position":2,"name":"Gobierno solicita apoyo para implementar cielos abiertos"}]},{"@type":"WebSite","@id":"https:\/\/www.eldiario.net\/portal\/#website","url":"https:\/\/www.eldiario.net\/portal\/","name":"El Diario - Decano de la prensa nacional","description":"El Diario - Decano de la prensa nacional","publisher":{"@id":"https:\/\/www.eldiario.net\/portal\/#organization"},"potentialAction":[{"@type":"SearchAction","target":{"@type":"EntryPoint","urlTemplate":"https:\/\/www.eldiario.net\/portal\/?s={search_term_string}"},"query-input":{"@type":"PropertyValueSpecification","valueRequired":true,"valueName":"search_term_string"}}],"inLanguage":"es"},{"@type":"Organization","@id":"https:\/\/www.eldiario.net\/portal\/#organization","name":"El Diario - Decano de la prensa nacional","url":"https:\/\/www.eldiario.net\/portal\/","logo":{"@type":"ImageObject","inLanguage":"es","@id":"https:\/\/www.eldiario.net\/portal\/#\/schema\/logo\/image\/","url":"https:\/\/www.eldiario.net\/portal\/wp-content\/uploads\/2023\/07\/logo_ED.jpg","contentUrl":"https:\/\/www.eldiario.net\/portal\/wp-content\/uploads\/2023\/07\/logo_ED.jpg","width":272,"height":52,"caption":"El Diario - Decano de la prensa nacional"},"image":{"@id":"https:\/\/www.eldiario.net\/portal\/#\/schema\/logo\/image\/"},"sameAs":["https:\/\/www.facebook.com\/eldiario.bolivia\/","https:\/\/x.com\/eldiario_net"]},{"@type":"Person","@id":"https:\/\/www.eldiario.net\/portal\/#\/schema\/person\/f46445640444750d7d753ccd04ae01b7","name":"Jeanette","image":{"@type":"ImageObject","inLanguage":"es","@id":"https:\/\/secure.gravatar.com\/avatar\/3ea2118a5f7dad2b7138b1187a6b7ee55f160b9968b66013c3a3ef39dd7e5798?s=96&d=mm&r=g","url":"https:\/\/secure.gravatar.com\/avatar\/3ea2118a5f7dad2b7138b1187a6b7ee55f160b9968b66013c3a3ef39dd7e5798?s=96&d=mm&r=g","contentUrl":"https:\/\/secure.gravatar.com\/avatar\/3ea2118a5f7dad2b7138b1187a6b7ee55f160b9968b66013c3a3ef39dd7e5798?s=96&d=mm&r=g","caption":"Jeanette"},"sameAs":["https:\/\/www.eldiario.net\/portal"],"url":"https:\/\/www.eldiario.net\/portal\/author\/jeanette\/"}]}},"_links":{"self":[{"href":"https:\/\/www.eldiario.net\/portal\/wp-json\/wp\/v2\/posts\/364975","targetHints":{"allow":["GET"]}}],"collection":[{"href":"https:\/\/www.eldiario.net\/portal\/wp-json\/wp\/v2\/posts"}],"about":[{"href":"https:\/\/www.eldiario.net\/portal\/wp-json\/wp\/v2\/types\/post"}],"author":[{"embeddable":true,"href":"https:\/\/www.eldiario.net\/portal\/wp-json\/wp\/v2\/users\/1"}],"replies":[{"embeddable":true,"href":"https:\/\/www.eldiario.net\/portal\/wp-json\/wp\/v2\/comments?post=364975"}],"version-history":[{"count":1,"href":"https:\/\/www.eldiario.net\/portal\/wp-json\/wp\/v2\/posts\/364975\/revisions"}],"predecessor-version":[{"id":364976,"href":"https:\/\/www.eldiario.net\/portal\/wp-json\/wp\/v2\/posts\/364975\/revisions\/364976"}],"wp:featuredmedia":[{"embeddable":true,"href":"https:\/\/www.eldiario.net\/portal\/wp-json\/wp\/v2\/media\/194689"}],"wp:attachment":[{"href":"https:\/\/www.eldiario.net\/portal\/wp-json\/wp\/v2\/media?parent=364975"}],"wp:term":[{"taxonomy":"category","embeddable":true,"href":"https:\/\/www.eldiario.net\/portal\/wp-json\/wp\/v2\/categories?post=364975"},{"taxonomy":"post_tag","embeddable":true,"href":"https:\/\/www.eldiario.net\/portal\/wp-json\/wp\/v2\/tags?post=364975"}],"curies":[{"name":"wp","href":"https:\/\/api.w.org\/{rel}","templated":true}]}}