{"id":364973,"date":"2026-02-02T06:35:19","date_gmt":"2026-02-02T10:35:19","guid":{"rendered":"https:\/\/www.eldiario.net\/portal\/?p=364973"},"modified":"2026-02-02T06:35:19","modified_gmt":"2026-02-02T10:35:19","slug":"pulseta-de-poder-entre-la-cob-y-el-gobierno","status":"publish","type":"post","link":"https:\/\/www.eldiario.net\/portal\/2026\/02\/02\/pulseta-de-poder-entre-la-cob-y-el-gobierno\/","title":{"rendered":"Pulseta de poder entre la COB y el Gobierno"},"content":{"rendered":"<p>Despu\u00e9s de largas conversaciones, el Gobierno opt\u00f3 por abrogar el Decreto Supremo 5503 y ceder a una gran parte de las demandas de la an\u00e1rquica y criminal COB. De esta forma es que el gobierno opt\u00f3 por promulgar el DS 5516 que, si bien ha eliminado puntos claves del decreto 5503, hay cosas interesantes que se mantienen, siendo la m\u00e1s importante el fin de la subvenci\u00f3n a combustibles.<br \/>\nSon m\u00faltiples los an\u00e1lisis que se puede hacer sobre qui\u00e9n ha salido triunfante de esta pulseta de poder, pues tanto el Gobierno como la COB han logrado cumplir ciertos de sus objetivos. Empero, no todo se reduce a resultados a corto plazo, sino al largo plazo, pero sobre todo a si los c\u00e1lculos estrat\u00e9gicos han sido los correctos.<br \/>\nA diferencia de otros per\u00edodos en nuestra historia, el gobierno cont\u00f3 con el respaldo de la poblaci\u00f3n, quien de forma muy madura reconoci\u00f3 que las medidas de shock eran necesarias para estabilizar el pa\u00eds. De igual forma, la COB se encontraba en una situaci\u00f3n de desprestigio total, ya que era m\u00e1s que evidente su v\u00ednculo con el masismo y con el despilfarro de estos 20 a\u00f1os. La que para muchos fue (para m\u00ed no), la instituci\u00f3n hist\u00f3rica que defendi\u00f3 los derechos de los trabajadores, hoy solo era considerada un instrumento pol\u00edtico del \u201cmasismo\u201d.<br \/>\nCon el pasar de las semanas, m\u00e1s sectores se unieron a la COB en sus protestas y empezaron a optar por m\u00e9todos m\u00e1s radicales, de los cuales bloqueos de carretera y agresiones a los civiles fueron los m\u00e1s comunes. Con la radicalizaci\u00f3n de las protestas fue que el gobierno tuvo que ceder, bajo una l\u00ednea en la que el di\u00e1logo y el entendimiento deb\u00eda primar antes que cualquier otra cosa.<br \/>\nOtro gran problema con el cual cont\u00f3 el gobierno fue la falta de apoyo parlamentario, pues m\u00faltiples fueron los cr\u00edticos a los decretos promulgados por el presidente. En este apartado, se debe hablar de la mala voluntad que tuvo LIBRE desde el inicio, quienes incluso parec\u00edan alineados a la postura adoptada por el vicepresidente y el \u201cmasismo\u201d. Quiroga dijo que iba a ser oposici\u00f3n constructiva, pero una vez m\u00e1s demostr\u00f3 estar alineado a sus vendettas e intereses personales.<br \/>\nBajo una situaci\u00f3n de caos total y con el pa\u00eds convulsionado, el gobierno cedi\u00f3 a las demandas de la COB, quien creo que gan\u00f3 la pulseta de poder. Si bien el gobierno logr\u00f3 su gran cometido de acabar con la subvenci\u00f3n a combustibles, creo que hab\u00eda m\u00e1s cosas que pod\u00edan haber sido conseguidas, sobre todo viendo que part\u00edan con un gran respaldo popular.<br \/>\nLa poblaci\u00f3n, a diferencia de otras \u00e9pocas, ped\u00eda que el gobierno instaure orden en el pa\u00eds, pero tambi\u00e9n que se acabe con la dictadura sindical. Cuando los integrantes de la COB y otras organizaciones sociales llegaron a La Paz, la poblaci\u00f3n no tard\u00f3 en abuchearlos y reprocharles su complicidad con el modelo socialista despilfarrador. Se sent\u00eda que la COB estaba m\u00e1s d\u00e9bil que nunca, pero al finalizar el di\u00e1logo con el gobierno sali\u00f3 fortalecida, sobre todo con la impresi\u00f3n de que, de organizarse correctamente y optar por t\u00e1cticas de caos, pueden imponerse al gobierno.<br \/>\nCreo que en la vida hay momentos para todo, y m\u00e1s a\u00fan en pol\u00edtica. Lo que se traduce en que uno debe calcular bien una acci\u00f3n para que \u00e9sta traiga el mayor beneficio posible. En este caso, se le pod\u00eda haber dado un golpe de knockout a todo el sindicalismo dictatorial. Era \u201cel momento clave\u201d para imponer orden, pero tambi\u00e9n para demostrar a la poblaci\u00f3n que la era de las organizaciones sociales terroristas ha llegado a su final. Era momento de demostrar que se abr\u00eda una nueva era de seguridad, donde los bloqueos y acciones terroristas no eran premiadas, sino castigadas como deben ser. Era momento de demostrar a la ciudadan\u00eda que ya nunca m\u00e1s grupos sindicales iban a imponer a la mala sus caprichos y as\u00ed perjudicar el progreso de Bolivia.<\/p>\n<p>Fabianfreirel060901@gmail.com<\/p>\n","protected":false},"excerpt":{"rendered":"<p>Despu\u00e9s de largas conversaciones, el Gobierno opt\u00f3 por abrogar el Decreto Supremo 5503 y ceder a una gran parte de las demandas de la an\u00e1rquica y criminal COB. De esta forma es que el gobierno opt\u00f3 por promulgar el DS 5516 que, si bien ha eliminado puntos claves del decreto 5503, hay cosas interesantes que [&hellip;]<\/p>\n","protected":false},"author":1,"featured_media":161834,"comment_status":"closed","ping_status":"open","sticky":false,"template":"","format":"standard","meta":{"_acf_changed":false,"footnotes":""},"categories":[9],"tags":[],"class_list":["post-364973","post","type-post","status-publish","format-standard","has-post-thumbnail","category-opinion"],"acf":{"antetitulo":""},"yoast_head":"<!-- This site is optimized with the Yoast SEO plugin v28.4 - https:\/\/yoast.com\/product\/yoast-seo-wordpress\/ -->\n<title>Pulseta de poder entre la COB y el Gobierno - El Diario - Bolivia<\/title>\n<meta name=\"robots\" content=\"index, follow, max-snippet:-1, max-image-preview:large, max-video-preview:-1\" \/>\n<link rel=\"canonical\" href=\"https:\/\/www.eldiario.net\/portal\/2026\/02\/02\/pulseta-de-poder-entre-la-cob-y-el-gobierno\/\" \/>\n<meta property=\"og:locale\" content=\"es_ES\" \/>\n<meta property=\"og:type\" content=\"article\" \/>\n<meta property=\"og:title\" content=\"Pulseta de poder entre la COB y el Gobierno - El Diario - Bolivia\" \/>\n<meta property=\"og:description\" content=\"Despu\u00e9s de largas conversaciones, el Gobierno opt\u00f3 por abrogar el Decreto Supremo 5503 y ceder a una gran parte de las demandas de la an\u00e1rquica y criminal COB. De esta forma es que el gobierno opt\u00f3 por promulgar el DS 5516 que, si bien ha eliminado puntos claves del decreto 5503, hay cosas interesantes que [&hellip;]\" \/>\n<meta property=\"og:url\" content=\"https:\/\/www.eldiario.net\/portal\/2026\/02\/02\/pulseta-de-poder-entre-la-cob-y-el-gobierno\/\" \/>\n<meta property=\"og:site_name\" content=\"El Diario - Bolivia\" \/>\n<meta property=\"article:publisher\" content=\"https:\/\/www.facebook.com\/eldiario.bolivia\/\" \/>\n<meta property=\"article:published_time\" content=\"2026-02-02T10:35:19+00:00\" \/>\n<meta property=\"og:image\" content=\"https:\/\/www.eldiario.net\/portal\/wp-content\/uploads\/2023\/06\/Fabian-Freire.jpg\" \/>\n\t<meta property=\"og:image:width\" content=\"1200\" \/>\n\t<meta property=\"og:image:height\" content=\"628\" \/>\n\t<meta property=\"og:image:type\" content=\"image\/jpeg\" \/>\n<meta name=\"author\" content=\"Jeanette\" \/>\n<meta name=\"twitter:card\" content=\"summary_large_image\" \/>\n<meta name=\"twitter:creator\" content=\"@eldiario_net\" \/>\n<meta name=\"twitter:site\" content=\"@eldiario_net\" \/>\n<meta name=\"twitter:label1\" content=\"Escrito por\" \/>\n\t<meta name=\"twitter:data1\" content=\"Jeanette\" \/>\n\t<meta name=\"twitter:label2\" content=\"Tiempo de lectura\" \/>\n\t<meta name=\"twitter:data2\" content=\"4 minutos\" \/>\n<script type=\"application\/ld+json\" class=\"yoast-schema-graph\">{\"@context\":\"https:\\\/\\\/schema.org\",\"@graph\":[{\"@type\":\"Article\",\"@id\":\"https:\\\/\\\/www.eldiario.net\\\/portal\\\/2026\\\/02\\\/02\\\/pulseta-de-poder-entre-la-cob-y-el-gobierno\\\/#article\",\"isPartOf\":{\"@id\":\"https:\\\/\\\/www.eldiario.net\\\/portal\\\/2026\\\/02\\\/02\\\/pulseta-de-poder-entre-la-cob-y-el-gobierno\\\/\"},\"author\":{\"name\":\"Jeanette\",\"@id\":\"https:\\\/\\\/www.eldiario.net\\\/portal\\\/#\\\/schema\\\/person\\\/f46445640444750d7d753ccd04ae01b7\"},\"headline\":\"Pulseta de poder entre la COB y el Gobierno\",\"datePublished\":\"2026-02-02T10:35:19+00:00\",\"mainEntityOfPage\":{\"@id\":\"https:\\\/\\\/www.eldiario.net\\\/portal\\\/2026\\\/02\\\/02\\\/pulseta-de-poder-entre-la-cob-y-el-gobierno\\\/\"},\"wordCount\":724,\"publisher\":{\"@id\":\"https:\\\/\\\/www.eldiario.net\\\/portal\\\/#organization\"},\"image\":{\"@id\":\"https:\\\/\\\/www.eldiario.net\\\/portal\\\/2026\\\/02\\\/02\\\/pulseta-de-poder-entre-la-cob-y-el-gobierno\\\/#primaryimage\"},\"thumbnailUrl\":\"https:\\\/\\\/www.eldiario.net\\\/portal\\\/wp-content\\\/uploads\\\/2023\\\/06\\\/Fabian-Freire.jpg\",\"articleSection\":[\"Opini\u00f3n\"],\"inLanguage\":\"es\"},{\"@type\":\"WebPage\",\"@id\":\"https:\\\/\\\/www.eldiario.net\\\/portal\\\/2026\\\/02\\\/02\\\/pulseta-de-poder-entre-la-cob-y-el-gobierno\\\/\",\"url\":\"https:\\\/\\\/www.eldiario.net\\\/portal\\\/2026\\\/02\\\/02\\\/pulseta-de-poder-entre-la-cob-y-el-gobierno\\\/\",\"name\":\"Pulseta de poder entre la COB y el Gobierno - El Diario - Bolivia\",\"isPartOf\":{\"@id\":\"https:\\\/\\\/www.eldiario.net\\\/portal\\\/#website\"},\"primaryImageOfPage\":{\"@id\":\"https:\\\/\\\/www.eldiario.net\\\/portal\\\/2026\\\/02\\\/02\\\/pulseta-de-poder-entre-la-cob-y-el-gobierno\\\/#primaryimage\"},\"image\":{\"@id\":\"https:\\\/\\\/www.eldiario.net\\\/portal\\\/2026\\\/02\\\/02\\\/pulseta-de-poder-entre-la-cob-y-el-gobierno\\\/#primaryimage\"},\"thumbnailUrl\":\"https:\\\/\\\/www.eldiario.net\\\/portal\\\/wp-content\\\/uploads\\\/2023\\\/06\\\/Fabian-Freire.jpg\",\"datePublished\":\"2026-02-02T10:35:19+00:00\",\"breadcrumb\":{\"@id\":\"https:\\\/\\\/www.eldiario.net\\\/portal\\\/2026\\\/02\\\/02\\\/pulseta-de-poder-entre-la-cob-y-el-gobierno\\\/#breadcrumb\"},\"inLanguage\":\"es\",\"potentialAction\":[{\"@type\":\"ReadAction\",\"target\":[\"https:\\\/\\\/www.eldiario.net\\\/portal\\\/2026\\\/02\\\/02\\\/pulseta-de-poder-entre-la-cob-y-el-gobierno\\\/\"]}]},{\"@type\":\"ImageObject\",\"inLanguage\":\"es\",\"@id\":\"https:\\\/\\\/www.eldiario.net\\\/portal\\\/2026\\\/02\\\/02\\\/pulseta-de-poder-entre-la-cob-y-el-gobierno\\\/#primaryimage\",\"url\":\"https:\\\/\\\/www.eldiario.net\\\/portal\\\/wp-content\\\/uploads\\\/2023\\\/06\\\/Fabian-Freire.jpg\",\"contentUrl\":\"https:\\\/\\\/www.eldiario.net\\\/portal\\\/wp-content\\\/uploads\\\/2023\\\/06\\\/Fabian-Freire.jpg\",\"width\":1200,\"height\":628,\"caption\":\"Fabian Freire\"},{\"@type\":\"BreadcrumbList\",\"@id\":\"https:\\\/\\\/www.eldiario.net\\\/portal\\\/2026\\\/02\\\/02\\\/pulseta-de-poder-entre-la-cob-y-el-gobierno\\\/#breadcrumb\",\"itemListElement\":[{\"@type\":\"ListItem\",\"position\":1,\"name\":\"Portada\",\"item\":\"https:\\\/\\\/www.eldiario.net\\\/portal\\\/\"},{\"@type\":\"ListItem\",\"position\":2,\"name\":\"Pulseta de poder entre la COB y el Gobierno\"}]},{\"@type\":\"WebSite\",\"@id\":\"https:\\\/\\\/www.eldiario.net\\\/portal\\\/#website\",\"url\":\"https:\\\/\\\/www.eldiario.net\\\/portal\\\/\",\"name\":\"El Diario - Decano de la prensa nacional\",\"description\":\"El Diario - Decano de la prensa nacional\",\"publisher\":{\"@id\":\"https:\\\/\\\/www.eldiario.net\\\/portal\\\/#organization\"},\"potentialAction\":[{\"@type\":\"SearchAction\",\"target\":{\"@type\":\"EntryPoint\",\"urlTemplate\":\"https:\\\/\\\/www.eldiario.net\\\/portal\\\/?s={search_term_string}\"},\"query-input\":{\"@type\":\"PropertyValueSpecification\",\"valueRequired\":true,\"valueName\":\"search_term_string\"}}],\"inLanguage\":\"es\"},{\"@type\":\"Organization\",\"@id\":\"https:\\\/\\\/www.eldiario.net\\\/portal\\\/#organization\",\"name\":\"El Diario - Decano de la prensa nacional\",\"url\":\"https:\\\/\\\/www.eldiario.net\\\/portal\\\/\",\"logo\":{\"@type\":\"ImageObject\",\"inLanguage\":\"es\",\"@id\":\"https:\\\/\\\/www.eldiario.net\\\/portal\\\/#\\\/schema\\\/logo\\\/image\\\/\",\"url\":\"https:\\\/\\\/www.eldiario.net\\\/portal\\\/wp-content\\\/uploads\\\/2023\\\/07\\\/logo_ED.jpg\",\"contentUrl\":\"https:\\\/\\\/www.eldiario.net\\\/portal\\\/wp-content\\\/uploads\\\/2023\\\/07\\\/logo_ED.jpg\",\"width\":272,\"height\":52,\"caption\":\"El Diario - Decano de la prensa nacional\"},\"image\":{\"@id\":\"https:\\\/\\\/www.eldiario.net\\\/portal\\\/#\\\/schema\\\/logo\\\/image\\\/\"},\"sameAs\":[\"https:\\\/\\\/www.facebook.com\\\/eldiario.bolivia\\\/\",\"https:\\\/\\\/x.com\\\/eldiario_net\"]},{\"@type\":\"Person\",\"@id\":\"https:\\\/\\\/www.eldiario.net\\\/portal\\\/#\\\/schema\\\/person\\\/f46445640444750d7d753ccd04ae01b7\",\"name\":\"Jeanette\",\"image\":{\"@type\":\"ImageObject\",\"inLanguage\":\"es\",\"@id\":\"https:\\\/\\\/secure.gravatar.com\\\/avatar\\\/3ea2118a5f7dad2b7138b1187a6b7ee55f160b9968b66013c3a3ef39dd7e5798?s=96&d=mm&r=g\",\"url\":\"https:\\\/\\\/secure.gravatar.com\\\/avatar\\\/3ea2118a5f7dad2b7138b1187a6b7ee55f160b9968b66013c3a3ef39dd7e5798?s=96&d=mm&r=g\",\"contentUrl\":\"https:\\\/\\\/secure.gravatar.com\\\/avatar\\\/3ea2118a5f7dad2b7138b1187a6b7ee55f160b9968b66013c3a3ef39dd7e5798?s=96&d=mm&r=g\",\"caption\":\"Jeanette\"},\"sameAs\":[\"https:\\\/\\\/www.eldiario.net\\\/portal\"],\"url\":\"https:\\\/\\\/www.eldiario.net\\\/portal\\\/author\\\/jeanette\\\/\"}]}<\/script>\n<!-- \/ Yoast SEO plugin. -->","yoast_head_json":{"title":"Pulseta de poder entre la COB y el Gobierno - El Diario - Bolivia","robots":{"index":"index","follow":"follow","max-snippet":"max-snippet:-1","max-image-preview":"max-image-preview:large","max-video-preview":"max-video-preview:-1"},"canonical":"https:\/\/www.eldiario.net\/portal\/2026\/02\/02\/pulseta-de-poder-entre-la-cob-y-el-gobierno\/","og_locale":"es_ES","og_type":"article","og_title":"Pulseta de poder entre la COB y el Gobierno - El Diario - Bolivia","og_description":"Despu\u00e9s de largas conversaciones, el Gobierno opt\u00f3 por abrogar el Decreto Supremo 5503 y ceder a una gran parte de las demandas de la an\u00e1rquica y criminal COB. De esta forma es que el gobierno opt\u00f3 por promulgar el DS 5516 que, si bien ha eliminado puntos claves del decreto 5503, hay cosas interesantes que [&hellip;]","og_url":"https:\/\/www.eldiario.net\/portal\/2026\/02\/02\/pulseta-de-poder-entre-la-cob-y-el-gobierno\/","og_site_name":"El Diario - Bolivia","article_publisher":"https:\/\/www.facebook.com\/eldiario.bolivia\/","article_published_time":"2026-02-02T10:35:19+00:00","og_image":[{"width":1200,"height":628,"url":"https:\/\/www.eldiario.net\/portal\/wp-content\/uploads\/2023\/06\/Fabian-Freire.jpg","type":"image\/jpeg"}],"author":"Jeanette","twitter_card":"summary_large_image","twitter_creator":"@eldiario_net","twitter_site":"@eldiario_net","twitter_misc":{"Escrito por":"Jeanette","Tiempo de lectura":"4 minutos"},"schema":{"@context":"https:\/\/schema.org","@graph":[{"@type":"Article","@id":"https:\/\/www.eldiario.net\/portal\/2026\/02\/02\/pulseta-de-poder-entre-la-cob-y-el-gobierno\/#article","isPartOf":{"@id":"https:\/\/www.eldiario.net\/portal\/2026\/02\/02\/pulseta-de-poder-entre-la-cob-y-el-gobierno\/"},"author":{"name":"Jeanette","@id":"https:\/\/www.eldiario.net\/portal\/#\/schema\/person\/f46445640444750d7d753ccd04ae01b7"},"headline":"Pulseta de poder entre la COB y el Gobierno","datePublished":"2026-02-02T10:35:19+00:00","mainEntityOfPage":{"@id":"https:\/\/www.eldiario.net\/portal\/2026\/02\/02\/pulseta-de-poder-entre-la-cob-y-el-gobierno\/"},"wordCount":724,"publisher":{"@id":"https:\/\/www.eldiario.net\/portal\/#organization"},"image":{"@id":"https:\/\/www.eldiario.net\/portal\/2026\/02\/02\/pulseta-de-poder-entre-la-cob-y-el-gobierno\/#primaryimage"},"thumbnailUrl":"https:\/\/www.eldiario.net\/portal\/wp-content\/uploads\/2023\/06\/Fabian-Freire.jpg","articleSection":["Opini\u00f3n"],"inLanguage":"es"},{"@type":"WebPage","@id":"https:\/\/www.eldiario.net\/portal\/2026\/02\/02\/pulseta-de-poder-entre-la-cob-y-el-gobierno\/","url":"https:\/\/www.eldiario.net\/portal\/2026\/02\/02\/pulseta-de-poder-entre-la-cob-y-el-gobierno\/","name":"Pulseta de poder entre la COB y el Gobierno - El Diario - Bolivia","isPartOf":{"@id":"https:\/\/www.eldiario.net\/portal\/#website"},"primaryImageOfPage":{"@id":"https:\/\/www.eldiario.net\/portal\/2026\/02\/02\/pulseta-de-poder-entre-la-cob-y-el-gobierno\/#primaryimage"},"image":{"@id":"https:\/\/www.eldiario.net\/portal\/2026\/02\/02\/pulseta-de-poder-entre-la-cob-y-el-gobierno\/#primaryimage"},"thumbnailUrl":"https:\/\/www.eldiario.net\/portal\/wp-content\/uploads\/2023\/06\/Fabian-Freire.jpg","datePublished":"2026-02-02T10:35:19+00:00","breadcrumb":{"@id":"https:\/\/www.eldiario.net\/portal\/2026\/02\/02\/pulseta-de-poder-entre-la-cob-y-el-gobierno\/#breadcrumb"},"inLanguage":"es","potentialAction":[{"@type":"ReadAction","target":["https:\/\/www.eldiario.net\/portal\/2026\/02\/02\/pulseta-de-poder-entre-la-cob-y-el-gobierno\/"]}]},{"@type":"ImageObject","inLanguage":"es","@id":"https:\/\/www.eldiario.net\/portal\/2026\/02\/02\/pulseta-de-poder-entre-la-cob-y-el-gobierno\/#primaryimage","url":"https:\/\/www.eldiario.net\/portal\/wp-content\/uploads\/2023\/06\/Fabian-Freire.jpg","contentUrl":"https:\/\/www.eldiario.net\/portal\/wp-content\/uploads\/2023\/06\/Fabian-Freire.jpg","width":1200,"height":628,"caption":"Fabian Freire"},{"@type":"BreadcrumbList","@id":"https:\/\/www.eldiario.net\/portal\/2026\/02\/02\/pulseta-de-poder-entre-la-cob-y-el-gobierno\/#breadcrumb","itemListElement":[{"@type":"ListItem","position":1,"name":"Portada","item":"https:\/\/www.eldiario.net\/portal\/"},{"@type":"ListItem","position":2,"name":"Pulseta de poder entre la COB y el Gobierno"}]},{"@type":"WebSite","@id":"https:\/\/www.eldiario.net\/portal\/#website","url":"https:\/\/www.eldiario.net\/portal\/","name":"El Diario - Decano de la prensa nacional","description":"El Diario - Decano de la prensa nacional","publisher":{"@id":"https:\/\/www.eldiario.net\/portal\/#organization"},"potentialAction":[{"@type":"SearchAction","target":{"@type":"EntryPoint","urlTemplate":"https:\/\/www.eldiario.net\/portal\/?s={search_term_string}"},"query-input":{"@type":"PropertyValueSpecification","valueRequired":true,"valueName":"search_term_string"}}],"inLanguage":"es"},{"@type":"Organization","@id":"https:\/\/www.eldiario.net\/portal\/#organization","name":"El Diario - Decano de la prensa nacional","url":"https:\/\/www.eldiario.net\/portal\/","logo":{"@type":"ImageObject","inLanguage":"es","@id":"https:\/\/www.eldiario.net\/portal\/#\/schema\/logo\/image\/","url":"https:\/\/www.eldiario.net\/portal\/wp-content\/uploads\/2023\/07\/logo_ED.jpg","contentUrl":"https:\/\/www.eldiario.net\/portal\/wp-content\/uploads\/2023\/07\/logo_ED.jpg","width":272,"height":52,"caption":"El Diario - Decano de la prensa nacional"},"image":{"@id":"https:\/\/www.eldiario.net\/portal\/#\/schema\/logo\/image\/"},"sameAs":["https:\/\/www.facebook.com\/eldiario.bolivia\/","https:\/\/x.com\/eldiario_net"]},{"@type":"Person","@id":"https:\/\/www.eldiario.net\/portal\/#\/schema\/person\/f46445640444750d7d753ccd04ae01b7","name":"Jeanette","image":{"@type":"ImageObject","inLanguage":"es","@id":"https:\/\/secure.gravatar.com\/avatar\/3ea2118a5f7dad2b7138b1187a6b7ee55f160b9968b66013c3a3ef39dd7e5798?s=96&d=mm&r=g","url":"https:\/\/secure.gravatar.com\/avatar\/3ea2118a5f7dad2b7138b1187a6b7ee55f160b9968b66013c3a3ef39dd7e5798?s=96&d=mm&r=g","contentUrl":"https:\/\/secure.gravatar.com\/avatar\/3ea2118a5f7dad2b7138b1187a6b7ee55f160b9968b66013c3a3ef39dd7e5798?s=96&d=mm&r=g","caption":"Jeanette"},"sameAs":["https:\/\/www.eldiario.net\/portal"],"url":"https:\/\/www.eldiario.net\/portal\/author\/jeanette\/"}]}},"_links":{"self":[{"href":"https:\/\/www.eldiario.net\/portal\/wp-json\/wp\/v2\/posts\/364973","targetHints":{"allow":["GET"]}}],"collection":[{"href":"https:\/\/www.eldiario.net\/portal\/wp-json\/wp\/v2\/posts"}],"about":[{"href":"https:\/\/www.eldiario.net\/portal\/wp-json\/wp\/v2\/types\/post"}],"author":[{"embeddable":true,"href":"https:\/\/www.eldiario.net\/portal\/wp-json\/wp\/v2\/users\/1"}],"replies":[{"embeddable":true,"href":"https:\/\/www.eldiario.net\/portal\/wp-json\/wp\/v2\/comments?post=364973"}],"version-history":[{"count":1,"href":"https:\/\/www.eldiario.net\/portal\/wp-json\/wp\/v2\/posts\/364973\/revisions"}],"predecessor-version":[{"id":364974,"href":"https:\/\/www.eldiario.net\/portal\/wp-json\/wp\/v2\/posts\/364973\/revisions\/364974"}],"wp:featuredmedia":[{"embeddable":true,"href":"https:\/\/www.eldiario.net\/portal\/wp-json\/wp\/v2\/media\/161834"}],"wp:attachment":[{"href":"https:\/\/www.eldiario.net\/portal\/wp-json\/wp\/v2\/media?parent=364973"}],"wp:term":[{"taxonomy":"category","embeddable":true,"href":"https:\/\/www.eldiario.net\/portal\/wp-json\/wp\/v2\/categories?post=364973"},{"taxonomy":"post_tag","embeddable":true,"href":"https:\/\/www.eldiario.net\/portal\/wp-json\/wp\/v2\/tags?post=364973"}],"curies":[{"name":"wp","href":"https:\/\/api.w.org\/{rel}","templated":true}]}}