{"id":364971,"date":"2026-02-02T06:34:39","date_gmt":"2026-02-02T10:34:39","guid":{"rendered":"https:\/\/www.eldiario.net\/portal\/?p=364971"},"modified":"2026-02-02T06:34:39","modified_gmt":"2026-02-02T10:34:39","slug":"la-ia-en-la-educacion-boliviana-camino-hacia-la-transformacion","status":"publish","type":"post","link":"https:\/\/www.eldiario.net\/portal\/2026\/02\/02\/la-ia-en-la-educacion-boliviana-camino-hacia-la-transformacion\/","title":{"rendered":"La IA en la educaci\u00f3n boliviana: camino hacia la transformaci\u00f3n"},"content":{"rendered":"<p>En la Cuarta Revoluci\u00f3n Industrial, caracterizada por el aumento de la capacidad de almacenamiento y velocidad de procesamiento de datos, la Inteligencia Artificial (IA) emerge como la innovaci\u00f3n m\u00e1s disruptiva. Para Bolivia, un pa\u00eds con profundas disparidades socioecon\u00f3micas y geogr\u00e1ficas, la integraci\u00f3n de la IA en la educaci\u00f3n representa una oportunidad hist\u00f3rica y un gran desaf\u00edo. La pandemia de covid-19 profundiz\u00f3 brechas educativas preexistentes en la regi\u00f3n, tambi\u00e9n aceler\u00f3 la adopci\u00f3n de tecnolog\u00edas digitales, exponiendo las limitaciones de infraestructura y conectividad, particularmente en \u00e1reas rurales y periurbanas. En este contexto, el futuro educativo de Bolivia depender\u00e1 de su capacidad para formular una estrategia nacional contextualizada, un nuevo modelo educativo que equilibre la innovaci\u00f3n tecnol\u00f3gica con la equidad, la \u00e9tica y el desarrollo de habilidades humanas fundamentales.<br \/>\nLa Unesco define la IA como un conjunto de tecnolog\u00edas que procesan informaci\u00f3n mediante modelos y algoritmos avanzados, permitiendo a los sistemas aprender, ejecutar funciones cognitivas similares a las humanas, tomar decisiones y generar predicciones. En el \u00e1mbito educativo, esta capacidad se traduce en sistemas de tutor\u00eda inteligente, plataformas de aprendizaje adaptativo y herramientas de an\u00e1lisis del rendimiento estudiantil, que pueden identificar patrones de aprendizaje y sugerir estrategias pedag\u00f3gicas personalizadas.<br \/>\nInvestigaciones recientes en Bolivia evidencian un inter\u00e9s creciente pero a\u00fan incipiente. Un estudio en la Universidad Cat\u00f3lica Boliviana San Pablo revela que la percepci\u00f3n de la IA entre estudiantes y docentes tiende a limitarse predominantemente a chatbots como ChatGPT, con un 78% de los usuarios identificando estos sistemas conversacionales como su principal interfaz con la tecnolog\u00eda IA. Esta visi\u00f3n reduccionista subraya la necesidad de una alfabetizaci\u00f3n digital ampliada, que trascienda el uso instrumental de herramientas espec\u00edficas hacia una comprensi\u00f3n sist\u00e9mica de las capacidades y limitaciones de la IA en entornos educativos.<br \/>\nLa implementaci\u00f3n de la IA en el sistema educativo boliviano presenta un panorama fragmentado y muy dependiente del nivel educativo y la ubicaci\u00f3n geogr\u00e1fica. En el \u00e1mbito universitario, instituciones como la Universidad Amaz\u00f3nica de Pando han iniciado investigaciones sobre la efectividad del aprendizaje activo apoyado con IA, encontrando resultados prometedores en el desarrollo de habilidades pr\u00e1cticas y competitivas entre los estudiantes. Sin embargo, estos esfuerzos contrastan con la realidad de la educaci\u00f3n secundaria y primaria, donde la infraestructura tecnol\u00f3gica b\u00e1sica sigue siendo un obst\u00e1culo cr\u00edtico.<br \/>\nUn an\u00e1lisis de la integraci\u00f3n de recursos de IA en procesos educativos de pregrado en Cochabamba identific\u00f3 que, si bien existe un uso frecuente de estas herramientas (especialmente para investigaci\u00f3n y elaboraci\u00f3n de contenidos), persiste una brecha significativa en la formaci\u00f3n docente para su aplicaci\u00f3n pedag\u00f3gica efectiva. Investigadores bolivianos como Bustamante, Rodr\u00edguez y Quisbert (2026), concluyen que el proceso de integraci\u00f3n avanza con una perspectiva favorable, aunque cautelosa, dando paso el escepticismo inicial a una adopci\u00f3n pragm\u00e1tica, mediada por preocupaciones \u00e9ticas.<br \/>\nEl futuro de la IA en la educaci\u00f3n boliviana depender\u00e1 de decisiones tomadas en los pr\u00f3ximos cinco a\u00f1os y de pol\u00edticas educativas que permitan su buen uso en los diferentes niveles de educaci\u00f3n y formaci\u00f3n posgradual.<\/p>\n","protected":false},"excerpt":{"rendered":"<p>En la Cuarta Revoluci\u00f3n Industrial, caracterizada por el aumento de la capacidad de almacenamiento y velocidad de procesamiento de datos, la Inteligencia Artificial (IA) emerge como la innovaci\u00f3n m\u00e1s disruptiva. Para Bolivia, un pa\u00eds con profundas disparidades socioecon\u00f3micas y geogr\u00e1ficas, la integraci\u00f3n de la IA en la educaci\u00f3n representa una oportunidad hist\u00f3rica y un gran [&hellip;]<\/p>\n","protected":false},"author":1,"featured_media":194790,"comment_status":"closed","ping_status":"open","sticky":false,"template":"","format":"standard","meta":{"_acf_changed":false,"footnotes":""},"categories":[9],"tags":[],"class_list":["post-364971","post","type-post","status-publish","format-standard","has-post-thumbnail","category-opinion"],"acf":{"antetitulo":""},"yoast_head":"<!-- This site is optimized with the Yoast SEO plugin v28.4 - https:\/\/yoast.com\/product\/yoast-seo-wordpress\/ -->\n<title>La IA en la educaci\u00f3n boliviana: camino hacia la transformaci\u00f3n - El Diario - Bolivia<\/title>\n<meta name=\"robots\" content=\"index, follow, max-snippet:-1, max-image-preview:large, max-video-preview:-1\" \/>\n<link rel=\"canonical\" href=\"https:\/\/www.eldiario.net\/portal\/2026\/02\/02\/la-ia-en-la-educacion-boliviana-camino-hacia-la-transformacion\/\" \/>\n<meta property=\"og:locale\" content=\"es_ES\" \/>\n<meta property=\"og:type\" content=\"article\" \/>\n<meta property=\"og:title\" content=\"La IA en la educaci\u00f3n boliviana: camino hacia la transformaci\u00f3n - El Diario - Bolivia\" \/>\n<meta property=\"og:description\" content=\"En la Cuarta Revoluci\u00f3n Industrial, caracterizada por el aumento de la capacidad de almacenamiento y velocidad de procesamiento de datos, la Inteligencia Artificial (IA) emerge como la innovaci\u00f3n m\u00e1s disruptiva. Para Bolivia, un pa\u00eds con profundas disparidades socioecon\u00f3micas y geogr\u00e1ficas, la integraci\u00f3n de la IA en la educaci\u00f3n representa una oportunidad hist\u00f3rica y un gran [&hellip;]\" \/>\n<meta property=\"og:url\" content=\"https:\/\/www.eldiario.net\/portal\/2026\/02\/02\/la-ia-en-la-educacion-boliviana-camino-hacia-la-transformacion\/\" \/>\n<meta property=\"og:site_name\" content=\"El Diario - Bolivia\" \/>\n<meta property=\"article:publisher\" content=\"https:\/\/www.facebook.com\/eldiario.bolivia\/\" \/>\n<meta property=\"article:published_time\" content=\"2026-02-02T10:34:39+00:00\" \/>\n<meta property=\"og:image\" content=\"https:\/\/www.eldiario.net\/portal\/wp-content\/uploads\/2023\/12\/Opinion.jpg\" \/>\n\t<meta property=\"og:image:width\" content=\"800\" \/>\n\t<meta property=\"og:image:height\" content=\"500\" \/>\n\t<meta property=\"og:image:type\" content=\"image\/jpeg\" \/>\n<meta name=\"author\" content=\"Jeanette\" \/>\n<meta name=\"twitter:card\" content=\"summary_large_image\" \/>\n<meta name=\"twitter:creator\" content=\"@eldiario_net\" \/>\n<meta name=\"twitter:site\" content=\"@eldiario_net\" \/>\n<meta name=\"twitter:label1\" content=\"Escrito por\" \/>\n\t<meta name=\"twitter:data1\" content=\"Jeanette\" \/>\n\t<meta name=\"twitter:label2\" content=\"Tiempo de lectura\" \/>\n\t<meta name=\"twitter:data2\" content=\"3 minutos\" \/>\n<script type=\"application\/ld+json\" class=\"yoast-schema-graph\">{\"@context\":\"https:\\\/\\\/schema.org\",\"@graph\":[{\"@type\":\"Article\",\"@id\":\"https:\\\/\\\/www.eldiario.net\\\/portal\\\/2026\\\/02\\\/02\\\/la-ia-en-la-educacion-boliviana-camino-hacia-la-transformacion\\\/#article\",\"isPartOf\":{\"@id\":\"https:\\\/\\\/www.eldiario.net\\\/portal\\\/2026\\\/02\\\/02\\\/la-ia-en-la-educacion-boliviana-camino-hacia-la-transformacion\\\/\"},\"author\":{\"name\":\"Jeanette\",\"@id\":\"https:\\\/\\\/www.eldiario.net\\\/portal\\\/#\\\/schema\\\/person\\\/f46445640444750d7d753ccd04ae01b7\"},\"headline\":\"La IA en la educaci\u00f3n boliviana: camino hacia la transformaci\u00f3n\",\"datePublished\":\"2026-02-02T10:34:39+00:00\",\"mainEntityOfPage\":{\"@id\":\"https:\\\/\\\/www.eldiario.net\\\/portal\\\/2026\\\/02\\\/02\\\/la-ia-en-la-educacion-boliviana-camino-hacia-la-transformacion\\\/\"},\"wordCount\":557,\"publisher\":{\"@id\":\"https:\\\/\\\/www.eldiario.net\\\/portal\\\/#organization\"},\"image\":{\"@id\":\"https:\\\/\\\/www.eldiario.net\\\/portal\\\/2026\\\/02\\\/02\\\/la-ia-en-la-educacion-boliviana-camino-hacia-la-transformacion\\\/#primaryimage\"},\"thumbnailUrl\":\"https:\\\/\\\/www.eldiario.net\\\/portal\\\/wp-content\\\/uploads\\\/2023\\\/12\\\/Opinion.jpg\",\"articleSection\":[\"Opini\u00f3n\"],\"inLanguage\":\"es\"},{\"@type\":\"WebPage\",\"@id\":\"https:\\\/\\\/www.eldiario.net\\\/portal\\\/2026\\\/02\\\/02\\\/la-ia-en-la-educacion-boliviana-camino-hacia-la-transformacion\\\/\",\"url\":\"https:\\\/\\\/www.eldiario.net\\\/portal\\\/2026\\\/02\\\/02\\\/la-ia-en-la-educacion-boliviana-camino-hacia-la-transformacion\\\/\",\"name\":\"La IA en la educaci\u00f3n boliviana: camino hacia la transformaci\u00f3n - El Diario - Bolivia\",\"isPartOf\":{\"@id\":\"https:\\\/\\\/www.eldiario.net\\\/portal\\\/#website\"},\"primaryImageOfPage\":{\"@id\":\"https:\\\/\\\/www.eldiario.net\\\/portal\\\/2026\\\/02\\\/02\\\/la-ia-en-la-educacion-boliviana-camino-hacia-la-transformacion\\\/#primaryimage\"},\"image\":{\"@id\":\"https:\\\/\\\/www.eldiario.net\\\/portal\\\/2026\\\/02\\\/02\\\/la-ia-en-la-educacion-boliviana-camino-hacia-la-transformacion\\\/#primaryimage\"},\"thumbnailUrl\":\"https:\\\/\\\/www.eldiario.net\\\/portal\\\/wp-content\\\/uploads\\\/2023\\\/12\\\/Opinion.jpg\",\"datePublished\":\"2026-02-02T10:34:39+00:00\",\"breadcrumb\":{\"@id\":\"https:\\\/\\\/www.eldiario.net\\\/portal\\\/2026\\\/02\\\/02\\\/la-ia-en-la-educacion-boliviana-camino-hacia-la-transformacion\\\/#breadcrumb\"},\"inLanguage\":\"es\",\"potentialAction\":[{\"@type\":\"ReadAction\",\"target\":[\"https:\\\/\\\/www.eldiario.net\\\/portal\\\/2026\\\/02\\\/02\\\/la-ia-en-la-educacion-boliviana-camino-hacia-la-transformacion\\\/\"]}]},{\"@type\":\"ImageObject\",\"inLanguage\":\"es\",\"@id\":\"https:\\\/\\\/www.eldiario.net\\\/portal\\\/2026\\\/02\\\/02\\\/la-ia-en-la-educacion-boliviana-camino-hacia-la-transformacion\\\/#primaryimage\",\"url\":\"https:\\\/\\\/www.eldiario.net\\\/portal\\\/wp-content\\\/uploads\\\/2023\\\/12\\\/Opinion.jpg\",\"contentUrl\":\"https:\\\/\\\/www.eldiario.net\\\/portal\\\/wp-content\\\/uploads\\\/2023\\\/12\\\/Opinion.jpg\",\"width\":800,\"height\":500},{\"@type\":\"BreadcrumbList\",\"@id\":\"https:\\\/\\\/www.eldiario.net\\\/portal\\\/2026\\\/02\\\/02\\\/la-ia-en-la-educacion-boliviana-camino-hacia-la-transformacion\\\/#breadcrumb\",\"itemListElement\":[{\"@type\":\"ListItem\",\"position\":1,\"name\":\"Portada\",\"item\":\"https:\\\/\\\/www.eldiario.net\\\/portal\\\/\"},{\"@type\":\"ListItem\",\"position\":2,\"name\":\"La IA en la educaci\u00f3n boliviana: camino hacia la transformaci\u00f3n\"}]},{\"@type\":\"WebSite\",\"@id\":\"https:\\\/\\\/www.eldiario.net\\\/portal\\\/#website\",\"url\":\"https:\\\/\\\/www.eldiario.net\\\/portal\\\/\",\"name\":\"El Diario - Decano de la prensa nacional\",\"description\":\"El Diario - Decano de la prensa nacional\",\"publisher\":{\"@id\":\"https:\\\/\\\/www.eldiario.net\\\/portal\\\/#organization\"},\"potentialAction\":[{\"@type\":\"SearchAction\",\"target\":{\"@type\":\"EntryPoint\",\"urlTemplate\":\"https:\\\/\\\/www.eldiario.net\\\/portal\\\/?s={search_term_string}\"},\"query-input\":{\"@type\":\"PropertyValueSpecification\",\"valueRequired\":true,\"valueName\":\"search_term_string\"}}],\"inLanguage\":\"es\"},{\"@type\":\"Organization\",\"@id\":\"https:\\\/\\\/www.eldiario.net\\\/portal\\\/#organization\",\"name\":\"El Diario - Decano de la prensa nacional\",\"url\":\"https:\\\/\\\/www.eldiario.net\\\/portal\\\/\",\"logo\":{\"@type\":\"ImageObject\",\"inLanguage\":\"es\",\"@id\":\"https:\\\/\\\/www.eldiario.net\\\/portal\\\/#\\\/schema\\\/logo\\\/image\\\/\",\"url\":\"https:\\\/\\\/www.eldiario.net\\\/portal\\\/wp-content\\\/uploads\\\/2023\\\/07\\\/logo_ED.jpg\",\"contentUrl\":\"https:\\\/\\\/www.eldiario.net\\\/portal\\\/wp-content\\\/uploads\\\/2023\\\/07\\\/logo_ED.jpg\",\"width\":272,\"height\":52,\"caption\":\"El Diario - Decano de la prensa nacional\"},\"image\":{\"@id\":\"https:\\\/\\\/www.eldiario.net\\\/portal\\\/#\\\/schema\\\/logo\\\/image\\\/\"},\"sameAs\":[\"https:\\\/\\\/www.facebook.com\\\/eldiario.bolivia\\\/\",\"https:\\\/\\\/x.com\\\/eldiario_net\"]},{\"@type\":\"Person\",\"@id\":\"https:\\\/\\\/www.eldiario.net\\\/portal\\\/#\\\/schema\\\/person\\\/f46445640444750d7d753ccd04ae01b7\",\"name\":\"Jeanette\",\"image\":{\"@type\":\"ImageObject\",\"inLanguage\":\"es\",\"@id\":\"https:\\\/\\\/secure.gravatar.com\\\/avatar\\\/3ea2118a5f7dad2b7138b1187a6b7ee55f160b9968b66013c3a3ef39dd7e5798?s=96&d=mm&r=g\",\"url\":\"https:\\\/\\\/secure.gravatar.com\\\/avatar\\\/3ea2118a5f7dad2b7138b1187a6b7ee55f160b9968b66013c3a3ef39dd7e5798?s=96&d=mm&r=g\",\"contentUrl\":\"https:\\\/\\\/secure.gravatar.com\\\/avatar\\\/3ea2118a5f7dad2b7138b1187a6b7ee55f160b9968b66013c3a3ef39dd7e5798?s=96&d=mm&r=g\",\"caption\":\"Jeanette\"},\"sameAs\":[\"https:\\\/\\\/www.eldiario.net\\\/portal\"],\"url\":\"https:\\\/\\\/www.eldiario.net\\\/portal\\\/author\\\/jeanette\\\/\"}]}<\/script>\n<!-- \/ Yoast SEO plugin. -->","yoast_head_json":{"title":"La IA en la educaci\u00f3n boliviana: camino hacia la transformaci\u00f3n - El Diario - Bolivia","robots":{"index":"index","follow":"follow","max-snippet":"max-snippet:-1","max-image-preview":"max-image-preview:large","max-video-preview":"max-video-preview:-1"},"canonical":"https:\/\/www.eldiario.net\/portal\/2026\/02\/02\/la-ia-en-la-educacion-boliviana-camino-hacia-la-transformacion\/","og_locale":"es_ES","og_type":"article","og_title":"La IA en la educaci\u00f3n boliviana: camino hacia la transformaci\u00f3n - El Diario - Bolivia","og_description":"En la Cuarta Revoluci\u00f3n Industrial, caracterizada por el aumento de la capacidad de almacenamiento y velocidad de procesamiento de datos, la Inteligencia Artificial (IA) emerge como la innovaci\u00f3n m\u00e1s disruptiva. Para Bolivia, un pa\u00eds con profundas disparidades socioecon\u00f3micas y geogr\u00e1ficas, la integraci\u00f3n de la IA en la educaci\u00f3n representa una oportunidad hist\u00f3rica y un gran [&hellip;]","og_url":"https:\/\/www.eldiario.net\/portal\/2026\/02\/02\/la-ia-en-la-educacion-boliviana-camino-hacia-la-transformacion\/","og_site_name":"El Diario - Bolivia","article_publisher":"https:\/\/www.facebook.com\/eldiario.bolivia\/","article_published_time":"2026-02-02T10:34:39+00:00","og_image":[{"width":800,"height":500,"url":"https:\/\/www.eldiario.net\/portal\/wp-content\/uploads\/2023\/12\/Opinion.jpg","type":"image\/jpeg"}],"author":"Jeanette","twitter_card":"summary_large_image","twitter_creator":"@eldiario_net","twitter_site":"@eldiario_net","twitter_misc":{"Escrito por":"Jeanette","Tiempo de lectura":"3 minutos"},"schema":{"@context":"https:\/\/schema.org","@graph":[{"@type":"Article","@id":"https:\/\/www.eldiario.net\/portal\/2026\/02\/02\/la-ia-en-la-educacion-boliviana-camino-hacia-la-transformacion\/#article","isPartOf":{"@id":"https:\/\/www.eldiario.net\/portal\/2026\/02\/02\/la-ia-en-la-educacion-boliviana-camino-hacia-la-transformacion\/"},"author":{"name":"Jeanette","@id":"https:\/\/www.eldiario.net\/portal\/#\/schema\/person\/f46445640444750d7d753ccd04ae01b7"},"headline":"La IA en la educaci\u00f3n boliviana: camino hacia la transformaci\u00f3n","datePublished":"2026-02-02T10:34:39+00:00","mainEntityOfPage":{"@id":"https:\/\/www.eldiario.net\/portal\/2026\/02\/02\/la-ia-en-la-educacion-boliviana-camino-hacia-la-transformacion\/"},"wordCount":557,"publisher":{"@id":"https:\/\/www.eldiario.net\/portal\/#organization"},"image":{"@id":"https:\/\/www.eldiario.net\/portal\/2026\/02\/02\/la-ia-en-la-educacion-boliviana-camino-hacia-la-transformacion\/#primaryimage"},"thumbnailUrl":"https:\/\/www.eldiario.net\/portal\/wp-content\/uploads\/2023\/12\/Opinion.jpg","articleSection":["Opini\u00f3n"],"inLanguage":"es"},{"@type":"WebPage","@id":"https:\/\/www.eldiario.net\/portal\/2026\/02\/02\/la-ia-en-la-educacion-boliviana-camino-hacia-la-transformacion\/","url":"https:\/\/www.eldiario.net\/portal\/2026\/02\/02\/la-ia-en-la-educacion-boliviana-camino-hacia-la-transformacion\/","name":"La IA en la educaci\u00f3n boliviana: camino hacia la transformaci\u00f3n - El Diario - Bolivia","isPartOf":{"@id":"https:\/\/www.eldiario.net\/portal\/#website"},"primaryImageOfPage":{"@id":"https:\/\/www.eldiario.net\/portal\/2026\/02\/02\/la-ia-en-la-educacion-boliviana-camino-hacia-la-transformacion\/#primaryimage"},"image":{"@id":"https:\/\/www.eldiario.net\/portal\/2026\/02\/02\/la-ia-en-la-educacion-boliviana-camino-hacia-la-transformacion\/#primaryimage"},"thumbnailUrl":"https:\/\/www.eldiario.net\/portal\/wp-content\/uploads\/2023\/12\/Opinion.jpg","datePublished":"2026-02-02T10:34:39+00:00","breadcrumb":{"@id":"https:\/\/www.eldiario.net\/portal\/2026\/02\/02\/la-ia-en-la-educacion-boliviana-camino-hacia-la-transformacion\/#breadcrumb"},"inLanguage":"es","potentialAction":[{"@type":"ReadAction","target":["https:\/\/www.eldiario.net\/portal\/2026\/02\/02\/la-ia-en-la-educacion-boliviana-camino-hacia-la-transformacion\/"]}]},{"@type":"ImageObject","inLanguage":"es","@id":"https:\/\/www.eldiario.net\/portal\/2026\/02\/02\/la-ia-en-la-educacion-boliviana-camino-hacia-la-transformacion\/#primaryimage","url":"https:\/\/www.eldiario.net\/portal\/wp-content\/uploads\/2023\/12\/Opinion.jpg","contentUrl":"https:\/\/www.eldiario.net\/portal\/wp-content\/uploads\/2023\/12\/Opinion.jpg","width":800,"height":500},{"@type":"BreadcrumbList","@id":"https:\/\/www.eldiario.net\/portal\/2026\/02\/02\/la-ia-en-la-educacion-boliviana-camino-hacia-la-transformacion\/#breadcrumb","itemListElement":[{"@type":"ListItem","position":1,"name":"Portada","item":"https:\/\/www.eldiario.net\/portal\/"},{"@type":"ListItem","position":2,"name":"La IA en la educaci\u00f3n boliviana: camino hacia la transformaci\u00f3n"}]},{"@type":"WebSite","@id":"https:\/\/www.eldiario.net\/portal\/#website","url":"https:\/\/www.eldiario.net\/portal\/","name":"El Diario - Decano de la prensa nacional","description":"El Diario - Decano de la prensa nacional","publisher":{"@id":"https:\/\/www.eldiario.net\/portal\/#organization"},"potentialAction":[{"@type":"SearchAction","target":{"@type":"EntryPoint","urlTemplate":"https:\/\/www.eldiario.net\/portal\/?s={search_term_string}"},"query-input":{"@type":"PropertyValueSpecification","valueRequired":true,"valueName":"search_term_string"}}],"inLanguage":"es"},{"@type":"Organization","@id":"https:\/\/www.eldiario.net\/portal\/#organization","name":"El Diario - Decano de la prensa nacional","url":"https:\/\/www.eldiario.net\/portal\/","logo":{"@type":"ImageObject","inLanguage":"es","@id":"https:\/\/www.eldiario.net\/portal\/#\/schema\/logo\/image\/","url":"https:\/\/www.eldiario.net\/portal\/wp-content\/uploads\/2023\/07\/logo_ED.jpg","contentUrl":"https:\/\/www.eldiario.net\/portal\/wp-content\/uploads\/2023\/07\/logo_ED.jpg","width":272,"height":52,"caption":"El Diario - Decano de la prensa nacional"},"image":{"@id":"https:\/\/www.eldiario.net\/portal\/#\/schema\/logo\/image\/"},"sameAs":["https:\/\/www.facebook.com\/eldiario.bolivia\/","https:\/\/x.com\/eldiario_net"]},{"@type":"Person","@id":"https:\/\/www.eldiario.net\/portal\/#\/schema\/person\/f46445640444750d7d753ccd04ae01b7","name":"Jeanette","image":{"@type":"ImageObject","inLanguage":"es","@id":"https:\/\/secure.gravatar.com\/avatar\/3ea2118a5f7dad2b7138b1187a6b7ee55f160b9968b66013c3a3ef39dd7e5798?s=96&d=mm&r=g","url":"https:\/\/secure.gravatar.com\/avatar\/3ea2118a5f7dad2b7138b1187a6b7ee55f160b9968b66013c3a3ef39dd7e5798?s=96&d=mm&r=g","contentUrl":"https:\/\/secure.gravatar.com\/avatar\/3ea2118a5f7dad2b7138b1187a6b7ee55f160b9968b66013c3a3ef39dd7e5798?s=96&d=mm&r=g","caption":"Jeanette"},"sameAs":["https:\/\/www.eldiario.net\/portal"],"url":"https:\/\/www.eldiario.net\/portal\/author\/jeanette\/"}]}},"_links":{"self":[{"href":"https:\/\/www.eldiario.net\/portal\/wp-json\/wp\/v2\/posts\/364971","targetHints":{"allow":["GET"]}}],"collection":[{"href":"https:\/\/www.eldiario.net\/portal\/wp-json\/wp\/v2\/posts"}],"about":[{"href":"https:\/\/www.eldiario.net\/portal\/wp-json\/wp\/v2\/types\/post"}],"author":[{"embeddable":true,"href":"https:\/\/www.eldiario.net\/portal\/wp-json\/wp\/v2\/users\/1"}],"replies":[{"embeddable":true,"href":"https:\/\/www.eldiario.net\/portal\/wp-json\/wp\/v2\/comments?post=364971"}],"version-history":[{"count":1,"href":"https:\/\/www.eldiario.net\/portal\/wp-json\/wp\/v2\/posts\/364971\/revisions"}],"predecessor-version":[{"id":364972,"href":"https:\/\/www.eldiario.net\/portal\/wp-json\/wp\/v2\/posts\/364971\/revisions\/364972"}],"wp:featuredmedia":[{"embeddable":true,"href":"https:\/\/www.eldiario.net\/portal\/wp-json\/wp\/v2\/media\/194790"}],"wp:attachment":[{"href":"https:\/\/www.eldiario.net\/portal\/wp-json\/wp\/v2\/media?parent=364971"}],"wp:term":[{"taxonomy":"category","embeddable":true,"href":"https:\/\/www.eldiario.net\/portal\/wp-json\/wp\/v2\/categories?post=364971"},{"taxonomy":"post_tag","embeddable":true,"href":"https:\/\/www.eldiario.net\/portal\/wp-json\/wp\/v2\/tags?post=364971"}],"curies":[{"name":"wp","href":"https:\/\/api.w.org\/{rel}","templated":true}]}}