{"id":364961,"date":"2026-02-02T06:30:52","date_gmt":"2026-02-02T10:30:52","guid":{"rendered":"https:\/\/www.eldiario.net\/portal\/?p=364961"},"modified":"2026-02-02T06:30:52","modified_gmt":"2026-02-02T10:30:52","slug":"electric-garden-2-el-jardin-donde-la-tecnologia-y-el-tejido-cobran-vida","status":"publish","type":"post","link":"https:\/\/www.eldiario.net\/portal\/2026\/02\/02\/electric-garden-2-el-jardin-donde-la-tecnologia-y-el-tejido-cobran-vida\/","title":{"rendered":"Electric Garden #2, el jard\u00edn donde la tecnolog\u00eda y el tejido cobran vida"},"content":{"rendered":"<p>El Centro Cultural Museo N\u00fa\u00f1ez del Prado se transforma en un ecosistema, donde lo org\u00e1nico y lo digital se entrelazan. Bajo el nombre de \u201cElectric Garden #2\u201d, las artistas Karla Kracht y Aruma (Sandra De Berduccy) presentan una instalaci\u00f3n transmedia que promete desafiar los l\u00edmites de la percepci\u00f3n sensorial.<br \/>\nFrankensistas, di\u00e1logo entre<br \/>\nbytes y fibras<br \/>\nDetr\u00e1s de esta propuesta se encuentra el colectivo Frankensistas, un proyecto que explora la intersecci\u00f3n entre el arte, la electr\u00f3nica y la tradici\u00f3n. En esta segunda entrega de su \u201cJard\u00edn El\u00e9ctrico\u201d, las artistas fusionan sus lenguajes: la precisi\u00f3n del video mapping y la animaci\u00f3n de Kracht junto a la investigaci\u00f3n de textiles inteligentes y biotecnolog\u00eda de Aruma.<br \/>\nLa muestra, bajo la curadur\u00eda de Marisabel Villagomez, no es solo una exposici\u00f3n para ser vista, sino un espacio para ser habitado. La instalaci\u00f3n transmedia utiliza luz, sonido y materia para crear una experiencia inmersiva que reflexiona sobre la relaci\u00f3n del ser humano con la naturaleza mediada por la m\u00e1quina.<br \/>\nUna cita imperdible en Sopocachi<br \/>\nEl hist\u00f3rico Museo N\u00fa\u00f1ez del Prado, en el coraz\u00f3n de Sopocachi, ser\u00e1 el escenario de este \u201cjard\u00edn\u201d que florece mediante impulsos el\u00e9ctricos. La inauguraci\u00f3n se realizar\u00e1 el martes 3 de febrero a las 19:00, marcando el inicio de un ciclo que estar\u00e1 abierto al p\u00fablico durante casi todo el mes.<br \/>\nLa muestra permaner\u00e1 abierta del 3 al 27 de febrero de 2026. El Centro Cultural Museo N\u00fa\u00f1ez del Prado, est\u00e1 ubicado en Av. Ecuador N\u00b0 2034, Sopocachi.<br \/>\nElectric Garden #2 es una oportunidad \u00fanica para presenciar c\u00f3mo el arte contempor\u00e1neo en Bolivia, integra lenguajes tecnol\u00f3gicos avanzados con procesos artesanales, creando una est\u00e9tica \u201cFrankenstein\u201d (como sugiere su nombre) que es a la vez inquietante y profundamente bella.<\/p>\n","protected":false},"excerpt":{"rendered":"<p>El Centro Cultural Museo N\u00fa\u00f1ez del Prado se transforma en un ecosistema, donde lo org\u00e1nico y lo digital se entrelazan. Bajo el nombre de \u201cElectric Garden #2\u201d, las artistas Karla Kracht y Aruma (Sandra De Berduccy) presentan una instalaci\u00f3n transmedia que promete desafiar los l\u00edmites de la percepci\u00f3n sensorial. Frankensistas, di\u00e1logo entre bytes y fibras [&hellip;]<\/p>\n","protected":false},"author":1,"featured_media":364962,"comment_status":"closed","ping_status":"open","sticky":false,"template":"","format":"standard","meta":{"_acf_changed":false,"footnotes":""},"categories":[8],"tags":[],"class_list":["post-364961","post","type-post","status-publish","format-standard","has-post-thumbnail","category-cultural"],"acf":{"antetitulo":"Arte y ciencia"},"yoast_head":"<!-- This site is optimized with the Yoast SEO plugin v28.4 - https:\/\/yoast.com\/product\/yoast-seo-wordpress\/ -->\n<title>Electric Garden #2, el jard\u00edn donde la tecnolog\u00eda y el tejido cobran vida - El Diario - Bolivia<\/title>\n<meta name=\"robots\" content=\"index, follow, max-snippet:-1, max-image-preview:large, max-video-preview:-1\" \/>\n<link rel=\"canonical\" href=\"https:\/\/www.eldiario.net\/portal\/2026\/02\/02\/electric-garden-2-el-jardin-donde-la-tecnologia-y-el-tejido-cobran-vida\/\" \/>\n<meta property=\"og:locale\" content=\"es_ES\" \/>\n<meta property=\"og:type\" content=\"article\" \/>\n<meta property=\"og:title\" content=\"Electric Garden #2, el jard\u00edn donde la tecnolog\u00eda y el tejido cobran vida - El Diario - Bolivia\" \/>\n<meta property=\"og:description\" content=\"El Centro Cultural Museo N\u00fa\u00f1ez del Prado se transforma en un ecosistema, donde lo org\u00e1nico y lo digital se entrelazan. Bajo el nombre de \u201cElectric Garden #2\u201d, las artistas Karla Kracht y Aruma (Sandra De Berduccy) presentan una instalaci\u00f3n transmedia que promete desafiar los l\u00edmites de la percepci\u00f3n sensorial. Frankensistas, di\u00e1logo entre bytes y fibras [&hellip;]\" \/>\n<meta property=\"og:url\" content=\"https:\/\/www.eldiario.net\/portal\/2026\/02\/02\/electric-garden-2-el-jardin-donde-la-tecnologia-y-el-tejido-cobran-vida\/\" \/>\n<meta property=\"og:site_name\" content=\"El Diario - Bolivia\" \/>\n<meta property=\"article:publisher\" content=\"https:\/\/www.facebook.com\/eldiario.bolivia\/\" \/>\n<meta property=\"article:published_time\" content=\"2026-02-02T10:30:52+00:00\" \/>\n<meta property=\"og:image\" content=\"https:\/\/www.eldiario.net\/portal\/wp-content\/uploads\/2026\/02\/EXPOSICION.webp\" \/>\n\t<meta property=\"og:image:width\" content=\"973\" \/>\n\t<meta property=\"og:image:height\" content=\"1351\" \/>\n\t<meta property=\"og:image:type\" content=\"image\/webp\" \/>\n<meta name=\"author\" content=\"Jeanette\" \/>\n<meta name=\"twitter:card\" content=\"summary_large_image\" \/>\n<meta name=\"twitter:creator\" content=\"@eldiario_net\" \/>\n<meta name=\"twitter:site\" content=\"@eldiario_net\" \/>\n<meta name=\"twitter:label1\" content=\"Escrito por\" \/>\n\t<meta name=\"twitter:data1\" content=\"Jeanette\" \/>\n\t<meta name=\"twitter:label2\" content=\"Tiempo de lectura\" \/>\n\t<meta name=\"twitter:data2\" content=\"2 minutos\" \/>\n<script type=\"application\/ld+json\" class=\"yoast-schema-graph\">{\"@context\":\"https:\\\/\\\/schema.org\",\"@graph\":[{\"@type\":\"Article\",\"@id\":\"https:\\\/\\\/www.eldiario.net\\\/portal\\\/2026\\\/02\\\/02\\\/electric-garden-2-el-jardin-donde-la-tecnologia-y-el-tejido-cobran-vida\\\/#article\",\"isPartOf\":{\"@id\":\"https:\\\/\\\/www.eldiario.net\\\/portal\\\/2026\\\/02\\\/02\\\/electric-garden-2-el-jardin-donde-la-tecnologia-y-el-tejido-cobran-vida\\\/\"},\"author\":{\"name\":\"Jeanette\",\"@id\":\"https:\\\/\\\/www.eldiario.net\\\/portal\\\/#\\\/schema\\\/person\\\/2c57cf2b7a7ae032e449e4c9b1019eac\"},\"headline\":\"Electric Garden #2, el jard\u00edn donde la tecnolog\u00eda y el tejido cobran vida\",\"datePublished\":\"2026-02-02T10:30:52+00:00\",\"mainEntityOfPage\":{\"@id\":\"https:\\\/\\\/www.eldiario.net\\\/portal\\\/2026\\\/02\\\/02\\\/electric-garden-2-el-jardin-donde-la-tecnologia-y-el-tejido-cobran-vida\\\/\"},\"wordCount\":322,\"publisher\":{\"@id\":\"https:\\\/\\\/www.eldiario.net\\\/portal\\\/#organization\"},\"image\":{\"@id\":\"https:\\\/\\\/www.eldiario.net\\\/portal\\\/2026\\\/02\\\/02\\\/electric-garden-2-el-jardin-donde-la-tecnologia-y-el-tejido-cobran-vida\\\/#primaryimage\"},\"thumbnailUrl\":\"https:\\\/\\\/www.eldiario.net\\\/portal\\\/wp-content\\\/uploads\\\/2026\\\/02\\\/EXPOSICION.webp\",\"articleSection\":[\"Cultural\"],\"inLanguage\":\"es\"},{\"@type\":\"WebPage\",\"@id\":\"https:\\\/\\\/www.eldiario.net\\\/portal\\\/2026\\\/02\\\/02\\\/electric-garden-2-el-jardin-donde-la-tecnologia-y-el-tejido-cobran-vida\\\/\",\"url\":\"https:\\\/\\\/www.eldiario.net\\\/portal\\\/2026\\\/02\\\/02\\\/electric-garden-2-el-jardin-donde-la-tecnologia-y-el-tejido-cobran-vida\\\/\",\"name\":\"Electric Garden #2, el jard\u00edn donde la tecnolog\u00eda y el tejido cobran vida - El Diario - Bolivia\",\"isPartOf\":{\"@id\":\"https:\\\/\\\/www.eldiario.net\\\/portal\\\/#website\"},\"primaryImageOfPage\":{\"@id\":\"https:\\\/\\\/www.eldiario.net\\\/portal\\\/2026\\\/02\\\/02\\\/electric-garden-2-el-jardin-donde-la-tecnologia-y-el-tejido-cobran-vida\\\/#primaryimage\"},\"image\":{\"@id\":\"https:\\\/\\\/www.eldiario.net\\\/portal\\\/2026\\\/02\\\/02\\\/electric-garden-2-el-jardin-donde-la-tecnologia-y-el-tejido-cobran-vida\\\/#primaryimage\"},\"thumbnailUrl\":\"https:\\\/\\\/www.eldiario.net\\\/portal\\\/wp-content\\\/uploads\\\/2026\\\/02\\\/EXPOSICION.webp\",\"datePublished\":\"2026-02-02T10:30:52+00:00\",\"breadcrumb\":{\"@id\":\"https:\\\/\\\/www.eldiario.net\\\/portal\\\/2026\\\/02\\\/02\\\/electric-garden-2-el-jardin-donde-la-tecnologia-y-el-tejido-cobran-vida\\\/#breadcrumb\"},\"inLanguage\":\"es\",\"potentialAction\":[{\"@type\":\"ReadAction\",\"target\":[\"https:\\\/\\\/www.eldiario.net\\\/portal\\\/2026\\\/02\\\/02\\\/electric-garden-2-el-jardin-donde-la-tecnologia-y-el-tejido-cobran-vida\\\/\"]}]},{\"@type\":\"ImageObject\",\"inLanguage\":\"es\",\"@id\":\"https:\\\/\\\/www.eldiario.net\\\/portal\\\/2026\\\/02\\\/02\\\/electric-garden-2-el-jardin-donde-la-tecnologia-y-el-tejido-cobran-vida\\\/#primaryimage\",\"url\":\"https:\\\/\\\/www.eldiario.net\\\/portal\\\/wp-content\\\/uploads\\\/2026\\\/02\\\/EXPOSICION.webp\",\"contentUrl\":\"https:\\\/\\\/www.eldiario.net\\\/portal\\\/wp-content\\\/uploads\\\/2026\\\/02\\\/EXPOSICION.webp\",\"width\":973,\"height\":1351,\"caption\":\"EL AFICHE PROMOCIONAL DE \u201cELECTRIC GARDEN #2\u201d, LA INNOVADORA INSTALACI\u00d3N TRANSMEDIA DE KARLA KRACHT Y ARUMA.\"},{\"@type\":\"BreadcrumbList\",\"@id\":\"https:\\\/\\\/www.eldiario.net\\\/portal\\\/2026\\\/02\\\/02\\\/electric-garden-2-el-jardin-donde-la-tecnologia-y-el-tejido-cobran-vida\\\/#breadcrumb\",\"itemListElement\":[{\"@type\":\"ListItem\",\"position\":1,\"name\":\"Portada\",\"item\":\"https:\\\/\\\/www.eldiario.net\\\/portal\\\/\"},{\"@type\":\"ListItem\",\"position\":2,\"name\":\"Electric Garden #2, el jard\u00edn donde la tecnolog\u00eda y el tejido cobran vida\"}]},{\"@type\":\"WebSite\",\"@id\":\"https:\\\/\\\/www.eldiario.net\\\/portal\\\/#website\",\"url\":\"https:\\\/\\\/www.eldiario.net\\\/portal\\\/\",\"name\":\"El Diario - Decano de la prensa nacional\",\"description\":\"El Diario - Decano de la prensa nacional\",\"publisher\":{\"@id\":\"https:\\\/\\\/www.eldiario.net\\\/portal\\\/#organization\"},\"potentialAction\":[{\"@type\":\"SearchAction\",\"target\":{\"@type\":\"EntryPoint\",\"urlTemplate\":\"https:\\\/\\\/www.eldiario.net\\\/portal\\\/?s={search_term_string}\"},\"query-input\":{\"@type\":\"PropertyValueSpecification\",\"valueRequired\":true,\"valueName\":\"search_term_string\"}}],\"inLanguage\":\"es\"},{\"@type\":\"Organization\",\"@id\":\"https:\\\/\\\/www.eldiario.net\\\/portal\\\/#organization\",\"name\":\"El Diario - Decano de la prensa nacional\",\"url\":\"https:\\\/\\\/www.eldiario.net\\\/portal\\\/\",\"logo\":{\"@type\":\"ImageObject\",\"inLanguage\":\"es\",\"@id\":\"https:\\\/\\\/www.eldiario.net\\\/portal\\\/#\\\/schema\\\/logo\\\/image\\\/\",\"url\":\"https:\\\/\\\/www.eldiario.net\\\/portal\\\/wp-content\\\/uploads\\\/2023\\\/07\\\/logo_ED.jpg\",\"contentUrl\":\"https:\\\/\\\/www.eldiario.net\\\/portal\\\/wp-content\\\/uploads\\\/2023\\\/07\\\/logo_ED.jpg\",\"width\":272,\"height\":52,\"caption\":\"El Diario - Decano de la prensa nacional\"},\"image\":{\"@id\":\"https:\\\/\\\/www.eldiario.net\\\/portal\\\/#\\\/schema\\\/logo\\\/image\\\/\"},\"sameAs\":[\"https:\\\/\\\/www.facebook.com\\\/eldiario.bolivia\\\/\",\"https:\\\/\\\/x.com\\\/eldiario_net\"]},{\"@type\":\"Person\",\"@id\":\"https:\\\/\\\/www.eldiario.net\\\/portal\\\/#\\\/schema\\\/person\\\/2c57cf2b7a7ae032e449e4c9b1019eac\",\"name\":\"Jeanette\",\"image\":{\"@type\":\"ImageObject\",\"inLanguage\":\"es\",\"@id\":\"https:\\\/\\\/secure.gravatar.com\\\/avatar\\\/3ea2118a5f7dad2b7138b1187a6b7ee55f160b9968b66013c3a3ef39dd7e5798?s=96&d=mm&r=g\",\"url\":\"https:\\\/\\\/secure.gravatar.com\\\/avatar\\\/3ea2118a5f7dad2b7138b1187a6b7ee55f160b9968b66013c3a3ef39dd7e5798?s=96&d=mm&r=g\",\"contentUrl\":\"https:\\\/\\\/secure.gravatar.com\\\/avatar\\\/3ea2118a5f7dad2b7138b1187a6b7ee55f160b9968b66013c3a3ef39dd7e5798?s=96&d=mm&r=g\",\"caption\":\"Jeanette\"},\"sameAs\":[\"https:\\\/\\\/www.eldiario.net\\\/portal\"],\"url\":\"https:\\\/\\\/www.eldiario.net\\\/portal\\\/author\\\/jeanette\\\/\"}]}<\/script>\n<!-- \/ Yoast SEO plugin. -->","yoast_head_json":{"title":"Electric Garden #2, el jard\u00edn donde la tecnolog\u00eda y el tejido cobran vida - El Diario - Bolivia","robots":{"index":"index","follow":"follow","max-snippet":"max-snippet:-1","max-image-preview":"max-image-preview:large","max-video-preview":"max-video-preview:-1"},"canonical":"https:\/\/www.eldiario.net\/portal\/2026\/02\/02\/electric-garden-2-el-jardin-donde-la-tecnologia-y-el-tejido-cobran-vida\/","og_locale":"es_ES","og_type":"article","og_title":"Electric Garden #2, el jard\u00edn donde la tecnolog\u00eda y el tejido cobran vida - El Diario - Bolivia","og_description":"El Centro Cultural Museo N\u00fa\u00f1ez del Prado se transforma en un ecosistema, donde lo org\u00e1nico y lo digital se entrelazan. Bajo el nombre de \u201cElectric Garden #2\u201d, las artistas Karla Kracht y Aruma (Sandra De Berduccy) presentan una instalaci\u00f3n transmedia que promete desafiar los l\u00edmites de la percepci\u00f3n sensorial. Frankensistas, di\u00e1logo entre bytes y fibras [&hellip;]","og_url":"https:\/\/www.eldiario.net\/portal\/2026\/02\/02\/electric-garden-2-el-jardin-donde-la-tecnologia-y-el-tejido-cobran-vida\/","og_site_name":"El Diario - Bolivia","article_publisher":"https:\/\/www.facebook.com\/eldiario.bolivia\/","article_published_time":"2026-02-02T10:30:52+00:00","og_image":[{"width":973,"height":1351,"url":"https:\/\/www.eldiario.net\/portal\/wp-content\/uploads\/2026\/02\/EXPOSICION.webp","type":"image\/webp"}],"author":"Jeanette","twitter_card":"summary_large_image","twitter_creator":"@eldiario_net","twitter_site":"@eldiario_net","twitter_misc":{"Escrito por":"Jeanette","Tiempo de lectura":"2 minutos"},"schema":{"@context":"https:\/\/schema.org","@graph":[{"@type":"Article","@id":"https:\/\/www.eldiario.net\/portal\/2026\/02\/02\/electric-garden-2-el-jardin-donde-la-tecnologia-y-el-tejido-cobran-vida\/#article","isPartOf":{"@id":"https:\/\/www.eldiario.net\/portal\/2026\/02\/02\/electric-garden-2-el-jardin-donde-la-tecnologia-y-el-tejido-cobran-vida\/"},"author":{"name":"Jeanette","@id":"https:\/\/www.eldiario.net\/portal\/#\/schema\/person\/2c57cf2b7a7ae032e449e4c9b1019eac"},"headline":"Electric Garden #2, el jard\u00edn donde la tecnolog\u00eda y el tejido cobran vida","datePublished":"2026-02-02T10:30:52+00:00","mainEntityOfPage":{"@id":"https:\/\/www.eldiario.net\/portal\/2026\/02\/02\/electric-garden-2-el-jardin-donde-la-tecnologia-y-el-tejido-cobran-vida\/"},"wordCount":322,"publisher":{"@id":"https:\/\/www.eldiario.net\/portal\/#organization"},"image":{"@id":"https:\/\/www.eldiario.net\/portal\/2026\/02\/02\/electric-garden-2-el-jardin-donde-la-tecnologia-y-el-tejido-cobran-vida\/#primaryimage"},"thumbnailUrl":"https:\/\/www.eldiario.net\/portal\/wp-content\/uploads\/2026\/02\/EXPOSICION.webp","articleSection":["Cultural"],"inLanguage":"es"},{"@type":"WebPage","@id":"https:\/\/www.eldiario.net\/portal\/2026\/02\/02\/electric-garden-2-el-jardin-donde-la-tecnologia-y-el-tejido-cobran-vida\/","url":"https:\/\/www.eldiario.net\/portal\/2026\/02\/02\/electric-garden-2-el-jardin-donde-la-tecnologia-y-el-tejido-cobran-vida\/","name":"Electric Garden #2, el jard\u00edn donde la tecnolog\u00eda y el tejido cobran vida - El Diario - Bolivia","isPartOf":{"@id":"https:\/\/www.eldiario.net\/portal\/#website"},"primaryImageOfPage":{"@id":"https:\/\/www.eldiario.net\/portal\/2026\/02\/02\/electric-garden-2-el-jardin-donde-la-tecnologia-y-el-tejido-cobran-vida\/#primaryimage"},"image":{"@id":"https:\/\/www.eldiario.net\/portal\/2026\/02\/02\/electric-garden-2-el-jardin-donde-la-tecnologia-y-el-tejido-cobran-vida\/#primaryimage"},"thumbnailUrl":"https:\/\/www.eldiario.net\/portal\/wp-content\/uploads\/2026\/02\/EXPOSICION.webp","datePublished":"2026-02-02T10:30:52+00:00","breadcrumb":{"@id":"https:\/\/www.eldiario.net\/portal\/2026\/02\/02\/electric-garden-2-el-jardin-donde-la-tecnologia-y-el-tejido-cobran-vida\/#breadcrumb"},"inLanguage":"es","potentialAction":[{"@type":"ReadAction","target":["https:\/\/www.eldiario.net\/portal\/2026\/02\/02\/electric-garden-2-el-jardin-donde-la-tecnologia-y-el-tejido-cobran-vida\/"]}]},{"@type":"ImageObject","inLanguage":"es","@id":"https:\/\/www.eldiario.net\/portal\/2026\/02\/02\/electric-garden-2-el-jardin-donde-la-tecnologia-y-el-tejido-cobran-vida\/#primaryimage","url":"https:\/\/www.eldiario.net\/portal\/wp-content\/uploads\/2026\/02\/EXPOSICION.webp","contentUrl":"https:\/\/www.eldiario.net\/portal\/wp-content\/uploads\/2026\/02\/EXPOSICION.webp","width":973,"height":1351,"caption":"EL AFICHE PROMOCIONAL DE \u201cELECTRIC GARDEN #2\u201d, LA INNOVADORA INSTALACI\u00d3N TRANSMEDIA DE KARLA KRACHT Y ARUMA."},{"@type":"BreadcrumbList","@id":"https:\/\/www.eldiario.net\/portal\/2026\/02\/02\/electric-garden-2-el-jardin-donde-la-tecnologia-y-el-tejido-cobran-vida\/#breadcrumb","itemListElement":[{"@type":"ListItem","position":1,"name":"Portada","item":"https:\/\/www.eldiario.net\/portal\/"},{"@type":"ListItem","position":2,"name":"Electric Garden #2, el jard\u00edn donde la tecnolog\u00eda y el tejido cobran vida"}]},{"@type":"WebSite","@id":"https:\/\/www.eldiario.net\/portal\/#website","url":"https:\/\/www.eldiario.net\/portal\/","name":"El Diario - Decano de la prensa nacional","description":"El Diario - Decano de la prensa nacional","publisher":{"@id":"https:\/\/www.eldiario.net\/portal\/#organization"},"potentialAction":[{"@type":"SearchAction","target":{"@type":"EntryPoint","urlTemplate":"https:\/\/www.eldiario.net\/portal\/?s={search_term_string}"},"query-input":{"@type":"PropertyValueSpecification","valueRequired":true,"valueName":"search_term_string"}}],"inLanguage":"es"},{"@type":"Organization","@id":"https:\/\/www.eldiario.net\/portal\/#organization","name":"El Diario - Decano de la prensa nacional","url":"https:\/\/www.eldiario.net\/portal\/","logo":{"@type":"ImageObject","inLanguage":"es","@id":"https:\/\/www.eldiario.net\/portal\/#\/schema\/logo\/image\/","url":"https:\/\/www.eldiario.net\/portal\/wp-content\/uploads\/2023\/07\/logo_ED.jpg","contentUrl":"https:\/\/www.eldiario.net\/portal\/wp-content\/uploads\/2023\/07\/logo_ED.jpg","width":272,"height":52,"caption":"El Diario - Decano de la prensa nacional"},"image":{"@id":"https:\/\/www.eldiario.net\/portal\/#\/schema\/logo\/image\/"},"sameAs":["https:\/\/www.facebook.com\/eldiario.bolivia\/","https:\/\/x.com\/eldiario_net"]},{"@type":"Person","@id":"https:\/\/www.eldiario.net\/portal\/#\/schema\/person\/2c57cf2b7a7ae032e449e4c9b1019eac","name":"Jeanette","image":{"@type":"ImageObject","inLanguage":"es","@id":"https:\/\/secure.gravatar.com\/avatar\/3ea2118a5f7dad2b7138b1187a6b7ee55f160b9968b66013c3a3ef39dd7e5798?s=96&d=mm&r=g","url":"https:\/\/secure.gravatar.com\/avatar\/3ea2118a5f7dad2b7138b1187a6b7ee55f160b9968b66013c3a3ef39dd7e5798?s=96&d=mm&r=g","contentUrl":"https:\/\/secure.gravatar.com\/avatar\/3ea2118a5f7dad2b7138b1187a6b7ee55f160b9968b66013c3a3ef39dd7e5798?s=96&d=mm&r=g","caption":"Jeanette"},"sameAs":["https:\/\/www.eldiario.net\/portal"],"url":"https:\/\/www.eldiario.net\/portal\/author\/jeanette\/"}]}},"_links":{"self":[{"href":"https:\/\/www.eldiario.net\/portal\/wp-json\/wp\/v2\/posts\/364961","targetHints":{"allow":["GET"]}}],"collection":[{"href":"https:\/\/www.eldiario.net\/portal\/wp-json\/wp\/v2\/posts"}],"about":[{"href":"https:\/\/www.eldiario.net\/portal\/wp-json\/wp\/v2\/types\/post"}],"author":[{"embeddable":true,"href":"https:\/\/www.eldiario.net\/portal\/wp-json\/wp\/v2\/users\/1"}],"replies":[{"embeddable":true,"href":"https:\/\/www.eldiario.net\/portal\/wp-json\/wp\/v2\/comments?post=364961"}],"version-history":[{"count":1,"href":"https:\/\/www.eldiario.net\/portal\/wp-json\/wp\/v2\/posts\/364961\/revisions"}],"predecessor-version":[{"id":364963,"href":"https:\/\/www.eldiario.net\/portal\/wp-json\/wp\/v2\/posts\/364961\/revisions\/364963"}],"wp:featuredmedia":[{"embeddable":true,"href":"https:\/\/www.eldiario.net\/portal\/wp-json\/wp\/v2\/media\/364962"}],"wp:attachment":[{"href":"https:\/\/www.eldiario.net\/portal\/wp-json\/wp\/v2\/media?parent=364961"}],"wp:term":[{"taxonomy":"category","embeddable":true,"href":"https:\/\/www.eldiario.net\/portal\/wp-json\/wp\/v2\/categories?post=364961"},{"taxonomy":"post_tag","embeddable":true,"href":"https:\/\/www.eldiario.net\/portal\/wp-json\/wp\/v2\/tags?post=364961"}],"curies":[{"name":"wp","href":"https:\/\/api.w.org\/{rel}","templated":true}]}}