{"id":364316,"date":"2026-01-30T12:16:17","date_gmt":"2026-01-30T16:16:17","guid":{"rendered":"https:\/\/www.eldiario.net\/portal\/?p=364316"},"modified":"2026-01-30T12:16:17","modified_gmt":"2026-01-30T16:16:17","slug":"caos-vehicular-en-el-centro-paceno-por-protesta-del-consejo-de-salud-de-el-alto-1215","status":"publish","type":"post","link":"https:\/\/www.eldiario.net\/portal\/2026\/01\/30\/caos-vehicular-en-el-centro-paceno-por-protesta-del-consejo-de-salud-de-el-alto-1215\/","title":{"rendered":"Caos vehicular en el centro pace\u00f1o por protesta del Consejo de Salud de El Alto (12:15)"},"content":{"rendered":"<p>El centro de la ciudad de La Paz registra un congestionamiento vial. El cierre del tr\u00e1fico vehicular se concentra en las calles que rodean el Ministerio de Salud, afectando de manera directa las inmediaciones de la Plaza del Estudiante. Esta situaci\u00f3n ha obligado a conductores y ciudadanos de a pie a buscar v\u00edas de escape en un sector ya saturado.<\/p>\n<div style=\"width: 162px;\" class=\"wp-video\"><video class=\"wp-video-shortcode\" id=\"video-364316-1\" width=\"162\" height=\"288\" preload=\"metadata\" controls=\"controls\"><source type=\"video\/mp4\" src=\"https:\/\/www.eldiario.net\/portal\/wp-content\/uploads\/2026\/01\/video-salud-4-30.01.26.mp4?_=1\" \/><a href=\"https:\/\/www.eldiario.net\/portal\/wp-content\/uploads\/2026\/01\/video-salud-4-30.01.26.mp4\">https:\/\/www.eldiario.net\/portal\/wp-content\/uploads\/2026\/01\/video-salud-4-30.01.26.mp4<\/a><\/video><\/div>\n<p data-path-to-node=\"3\">El colapso se extiende a v\u00edas estrat\u00e9gicas como las calles Ca\u00f1ada Strongest y M\u00e9xico, que se encuentran totalmente interrumpidas.<\/p>\n<p>El tr\u00e1fico vehicular intenta desviarse por rutas alternas, las cuales presentan un avance lento, generando malestar entre los transportistas que intentan sortear el bloqueo para conectar el centro con la zona sur y la zona norte.<\/p>\n<div style=\"width: 270px;\" class=\"wp-video\"><video class=\"wp-video-shortcode\" id=\"video-364316-2\" width=\"270\" height=\"480\" preload=\"metadata\" controls=\"controls\"><source type=\"video\/mp4\" src=\"https:\/\/www.eldiario.net\/portal\/wp-content\/uploads\/2026\/01\/video-salud-3-30.01.26.mp4?_=2\" \/><a href=\"https:\/\/www.eldiario.net\/portal\/wp-content\/uploads\/2026\/01\/video-salud-3-30.01.26.mp4\">https:\/\/www.eldiario.net\/portal\/wp-content\/uploads\/2026\/01\/video-salud-3-30.01.26.mp4<\/a><\/video><\/div>\n<p>La protesta est\u00e1 encabezada por el Consejo de Salud de El Alto. Su dirigente, Felicidad Callejas, inform\u00f3 a El Diario que la medida de presi\u00f3n responde a la exigencia de continuidad para el proyecto de contrataci\u00f3n de enfermeras en los consultorios vecinales, bajo el programa \u00abMi Salud\u00bb.<\/p>\n<figure id=\"attachment_364319\" aria-describedby=\"caption-attachment-364319\" style=\"width: 186px\" class=\"wp-caption aligncenter\"><img loading=\"lazy\" decoding=\"async\" class=\"size-medium wp-image-364319\" src=\"https:\/\/www.eldiario.net\/portal\/wp-content\/uploads\/2026\/01\/salud-30.01.26-copia-186x300.webp\" alt=\"\" width=\"186\" height=\"300\" srcset=\"https:\/\/www.eldiario.net\/portal\/wp-content\/uploads\/2026\/01\/salud-30.01.26-copia-186x300.webp 186w, https:\/\/www.eldiario.net\/portal\/wp-content\/uploads\/2026\/01\/salud-30.01.26-copia-260x420.webp 260w, https:\/\/www.eldiario.net\/portal\/wp-content\/uploads\/2026\/01\/salud-30.01.26-copia-150x242.webp 150w, https:\/\/www.eldiario.net\/portal\/wp-content\/uploads\/2026\/01\/salud-30.01.26-copia-300x485.webp 300w, https:\/\/www.eldiario.net\/portal\/wp-content\/uploads\/2026\/01\/salud-30.01.26-copia.webp 330w\" sizes=\"auto, (max-width: 186px) 100vw, 186px\" \/><figcaption id=\"caption-attachment-364319\" class=\"wp-caption-text\">Foto: Felicidad Callejas<\/figcaption><\/figure>\n<p>Seg\u00fan el sector, al menos 148 licenciadas en enfermer\u00eda corren el riesgo de quedar sin empleo si no se garantiza la permanencia de dicho programa estatal.<\/p>\n<p><img loading=\"lazy\" decoding=\"async\" class=\"size-medium wp-image-364321 aligncenter\" src=\"https:\/\/www.eldiario.net\/portal\/wp-content\/uploads\/2026\/01\/salud-foto-30.01.26-copia-135x300.webp\" alt=\"\" width=\"135\" height=\"300\" srcset=\"https:\/\/www.eldiario.net\/portal\/wp-content\/uploads\/2026\/01\/salud-foto-30.01.26-copia-135x300.webp 135w, https:\/\/www.eldiario.net\/portal\/wp-content\/uploads\/2026\/01\/salud-foto-30.01.26-copia-189x420.webp 189w, https:\/\/www.eldiario.net\/portal\/wp-content\/uploads\/2026\/01\/salud-foto-30.01.26-copia-150x333.webp 150w, https:\/\/www.eldiario.net\/portal\/wp-content\/uploads\/2026\/01\/salud-foto-30.01.26-copia.webp 225w\" sizes=\"auto, (max-width: 135px) 100vw, 135px\" \/><\/p>\n<p data-path-to-node=\"7\">Mientras se mantiene el bloqueo, la dirigencia sostiene reuniones con el Ministerio de Salud para evaluar la reactivaci\u00f3n del programa; sin embargo, advierten que permanecer\u00e1n en el lugar al menos hasta despu\u00e9s de las 13:00 horas.<\/p>\n","protected":false},"excerpt":{"rendered":"<p>El centro de la ciudad de La Paz registra un congestionamiento vial. El cierre del tr\u00e1fico vehicular se concentra en las calles que rodean el Ministerio de Salud, afectando de manera directa las inmediaciones de la Plaza del Estudiante. Esta situaci\u00f3n ha obligado a conductores y ciudadanos de a pie a buscar v\u00edas de escape [&hellip;]<\/p>\n","protected":false},"author":7,"featured_media":364323,"comment_status":"closed","ping_status":"open","sticky":false,"template":"","format":"standard","meta":{"_acf_changed":false,"footnotes":""},"categories":[51],"tags":[],"class_list":["post-364316","post","type-post","status-publish","format-standard","has-post-thumbnail","category-ultima-hora"],"acf":{"antetitulo":""},"yoast_head":"<!-- This site is optimized with the Yoast SEO plugin v28.4 - https:\/\/yoast.com\/product\/yoast-seo-wordpress\/ -->\n<title>Caos vehicular en el centro pace\u00f1o por protesta del Consejo de Salud de El Alto (12:15) - El Diario - Bolivia<\/title>\n<meta name=\"robots\" content=\"index, follow, max-snippet:-1, max-image-preview:large, max-video-preview:-1\" \/>\n<link rel=\"canonical\" href=\"https:\/\/www.eldiario.net\/portal\/2026\/01\/30\/caos-vehicular-en-el-centro-paceno-por-protesta-del-consejo-de-salud-de-el-alto-1215\/\" \/>\n<meta property=\"og:locale\" content=\"es_ES\" \/>\n<meta property=\"og:type\" content=\"article\" \/>\n<meta property=\"og:title\" content=\"Caos vehicular en el centro pace\u00f1o por protesta del Consejo de Salud de El Alto (12:15) - El Diario - Bolivia\" \/>\n<meta property=\"og:description\" content=\"El centro de la ciudad de La Paz registra un congestionamiento vial. El cierre del tr\u00e1fico vehicular se concentra en las calles que rodean el Ministerio de Salud, afectando de manera directa las inmediaciones de la Plaza del Estudiante. Esta situaci\u00f3n ha obligado a conductores y ciudadanos de a pie a buscar v\u00edas de escape [&hellip;]\" \/>\n<meta property=\"og:url\" content=\"https:\/\/www.eldiario.net\/portal\/2026\/01\/30\/caos-vehicular-en-el-centro-paceno-por-protesta-del-consejo-de-salud-de-el-alto-1215\/\" \/>\n<meta property=\"og:site_name\" content=\"El Diario - Bolivia\" \/>\n<meta property=\"article:publisher\" content=\"https:\/\/www.facebook.com\/eldiario.bolivia\/\" \/>\n<meta property=\"article:published_time\" content=\"2026-01-30T16:16:17+00:00\" \/>\n<meta property=\"og:image\" content=\"https:\/\/www.eldiario.net\/portal\/wp-content\/uploads\/2026\/01\/salud-foto-2-30.01.26-copia.webp\" \/>\n\t<meta property=\"og:image:width\" content=\"650\" \/>\n\t<meta property=\"og:image:height\" content=\"293\" \/>\n\t<meta property=\"og:image:type\" content=\"image\/webp\" \/>\n<meta name=\"author\" content=\"Viviana Monrroy\" \/>\n<meta name=\"twitter:card\" content=\"summary_large_image\" \/>\n<meta name=\"twitter:creator\" content=\"@eldiario_net\" \/>\n<meta name=\"twitter:site\" content=\"@eldiario_net\" \/>\n<meta name=\"twitter:label1\" content=\"Escrito por\" \/>\n\t<meta name=\"twitter:data1\" content=\"Viviana Monrroy\" \/>\n\t<meta name=\"twitter:label2\" content=\"Tiempo de lectura\" \/>\n\t<meta name=\"twitter:data2\" content=\"2 minutos\" \/>\n<script type=\"application\/ld+json\" class=\"yoast-schema-graph\">{\"@context\":\"https:\\\/\\\/schema.org\",\"@graph\":[{\"@type\":\"Article\",\"@id\":\"https:\\\/\\\/www.eldiario.net\\\/portal\\\/2026\\\/01\\\/30\\\/caos-vehicular-en-el-centro-paceno-por-protesta-del-consejo-de-salud-de-el-alto-1215\\\/#article\",\"isPartOf\":{\"@id\":\"https:\\\/\\\/www.eldiario.net\\\/portal\\\/2026\\\/01\\\/30\\\/caos-vehicular-en-el-centro-paceno-por-protesta-del-consejo-de-salud-de-el-alto-1215\\\/\"},\"author\":{\"name\":\"Viviana Monrroy\",\"@id\":\"https:\\\/\\\/www.eldiario.net\\\/portal\\\/#\\\/schema\\\/person\\\/ba370d92d160f4d3574381f6d9b78fab\"},\"headline\":\"Caos vehicular en el centro pace\u00f1o por protesta del Consejo de Salud de El Alto (12:15)\",\"datePublished\":\"2026-01-30T16:16:17+00:00\",\"mainEntityOfPage\":{\"@id\":\"https:\\\/\\\/www.eldiario.net\\\/portal\\\/2026\\\/01\\\/30\\\/caos-vehicular-en-el-centro-paceno-por-protesta-del-consejo-de-salud-de-el-alto-1215\\\/\"},\"wordCount\":293,\"publisher\":{\"@id\":\"https:\\\/\\\/www.eldiario.net\\\/portal\\\/#organization\"},\"image\":{\"@id\":\"https:\\\/\\\/www.eldiario.net\\\/portal\\\/2026\\\/01\\\/30\\\/caos-vehicular-en-el-centro-paceno-por-protesta-del-consejo-de-salud-de-el-alto-1215\\\/#primaryimage\"},\"thumbnailUrl\":\"https:\\\/\\\/www.eldiario.net\\\/portal\\\/wp-content\\\/uploads\\\/2026\\\/01\\\/salud-foto-2-30.01.26-copia.webp\",\"articleSection\":[\"\u00daltima Hora\"],\"inLanguage\":\"es\"},{\"@type\":\"WebPage\",\"@id\":\"https:\\\/\\\/www.eldiario.net\\\/portal\\\/2026\\\/01\\\/30\\\/caos-vehicular-en-el-centro-paceno-por-protesta-del-consejo-de-salud-de-el-alto-1215\\\/\",\"url\":\"https:\\\/\\\/www.eldiario.net\\\/portal\\\/2026\\\/01\\\/30\\\/caos-vehicular-en-el-centro-paceno-por-protesta-del-consejo-de-salud-de-el-alto-1215\\\/\",\"name\":\"Caos vehicular en el centro pace\u00f1o por protesta del Consejo de Salud de El Alto (12:15) - El Diario - Bolivia\",\"isPartOf\":{\"@id\":\"https:\\\/\\\/www.eldiario.net\\\/portal\\\/#website\"},\"primaryImageOfPage\":{\"@id\":\"https:\\\/\\\/www.eldiario.net\\\/portal\\\/2026\\\/01\\\/30\\\/caos-vehicular-en-el-centro-paceno-por-protesta-del-consejo-de-salud-de-el-alto-1215\\\/#primaryimage\"},\"image\":{\"@id\":\"https:\\\/\\\/www.eldiario.net\\\/portal\\\/2026\\\/01\\\/30\\\/caos-vehicular-en-el-centro-paceno-por-protesta-del-consejo-de-salud-de-el-alto-1215\\\/#primaryimage\"},\"thumbnailUrl\":\"https:\\\/\\\/www.eldiario.net\\\/portal\\\/wp-content\\\/uploads\\\/2026\\\/01\\\/salud-foto-2-30.01.26-copia.webp\",\"datePublished\":\"2026-01-30T16:16:17+00:00\",\"breadcrumb\":{\"@id\":\"https:\\\/\\\/www.eldiario.net\\\/portal\\\/2026\\\/01\\\/30\\\/caos-vehicular-en-el-centro-paceno-por-protesta-del-consejo-de-salud-de-el-alto-1215\\\/#breadcrumb\"},\"inLanguage\":\"es\",\"potentialAction\":[{\"@type\":\"ReadAction\",\"target\":[\"https:\\\/\\\/www.eldiario.net\\\/portal\\\/2026\\\/01\\\/30\\\/caos-vehicular-en-el-centro-paceno-por-protesta-del-consejo-de-salud-de-el-alto-1215\\\/\"]}]},{\"@type\":\"ImageObject\",\"inLanguage\":\"es\",\"@id\":\"https:\\\/\\\/www.eldiario.net\\\/portal\\\/2026\\\/01\\\/30\\\/caos-vehicular-en-el-centro-paceno-por-protesta-del-consejo-de-salud-de-el-alto-1215\\\/#primaryimage\",\"url\":\"https:\\\/\\\/www.eldiario.net\\\/portal\\\/wp-content\\\/uploads\\\/2026\\\/01\\\/salud-foto-2-30.01.26-copia.webp\",\"contentUrl\":\"https:\\\/\\\/www.eldiario.net\\\/portal\\\/wp-content\\\/uploads\\\/2026\\\/01\\\/salud-foto-2-30.01.26-copia.webp\",\"width\":650,\"height\":293,\"caption\":\"Foto: El Diario\"},{\"@type\":\"BreadcrumbList\",\"@id\":\"https:\\\/\\\/www.eldiario.net\\\/portal\\\/2026\\\/01\\\/30\\\/caos-vehicular-en-el-centro-paceno-por-protesta-del-consejo-de-salud-de-el-alto-1215\\\/#breadcrumb\",\"itemListElement\":[{\"@type\":\"ListItem\",\"position\":1,\"name\":\"Portada\",\"item\":\"https:\\\/\\\/www.eldiario.net\\\/portal\\\/\"},{\"@type\":\"ListItem\",\"position\":2,\"name\":\"Caos vehicular en el centro pace\u00f1o por protesta del Consejo de Salud de El Alto (12:15)\"}]},{\"@type\":\"WebSite\",\"@id\":\"https:\\\/\\\/www.eldiario.net\\\/portal\\\/#website\",\"url\":\"https:\\\/\\\/www.eldiario.net\\\/portal\\\/\",\"name\":\"El Diario - Decano de la prensa nacional\",\"description\":\"El Diario - Decano de la prensa nacional\",\"publisher\":{\"@id\":\"https:\\\/\\\/www.eldiario.net\\\/portal\\\/#organization\"},\"potentialAction\":[{\"@type\":\"SearchAction\",\"target\":{\"@type\":\"EntryPoint\",\"urlTemplate\":\"https:\\\/\\\/www.eldiario.net\\\/portal\\\/?s={search_term_string}\"},\"query-input\":{\"@type\":\"PropertyValueSpecification\",\"valueRequired\":true,\"valueName\":\"search_term_string\"}}],\"inLanguage\":\"es\"},{\"@type\":\"Organization\",\"@id\":\"https:\\\/\\\/www.eldiario.net\\\/portal\\\/#organization\",\"name\":\"El Diario - Decano de la prensa nacional\",\"url\":\"https:\\\/\\\/www.eldiario.net\\\/portal\\\/\",\"logo\":{\"@type\":\"ImageObject\",\"inLanguage\":\"es\",\"@id\":\"https:\\\/\\\/www.eldiario.net\\\/portal\\\/#\\\/schema\\\/logo\\\/image\\\/\",\"url\":\"https:\\\/\\\/www.eldiario.net\\\/portal\\\/wp-content\\\/uploads\\\/2023\\\/07\\\/logo_ED.jpg\",\"contentUrl\":\"https:\\\/\\\/www.eldiario.net\\\/portal\\\/wp-content\\\/uploads\\\/2023\\\/07\\\/logo_ED.jpg\",\"width\":272,\"height\":52,\"caption\":\"El Diario - Decano de la prensa nacional\"},\"image\":{\"@id\":\"https:\\\/\\\/www.eldiario.net\\\/portal\\\/#\\\/schema\\\/logo\\\/image\\\/\"},\"sameAs\":[\"https:\\\/\\\/www.facebook.com\\\/eldiario.bolivia\\\/\",\"https:\\\/\\\/x.com\\\/eldiario_net\"]},{\"@type\":\"Person\",\"@id\":\"https:\\\/\\\/www.eldiario.net\\\/portal\\\/#\\\/schema\\\/person\\\/ba370d92d160f4d3574381f6d9b78fab\",\"name\":\"Viviana Monrroy\",\"image\":{\"@type\":\"ImageObject\",\"inLanguage\":\"es\",\"@id\":\"https:\\\/\\\/secure.gravatar.com\\\/avatar\\\/dfd1611ed5600959a0e5a9754503b6c05d1dcf190010998e0363aee2ad98afca?s=96&d=mm&r=g\",\"url\":\"https:\\\/\\\/secure.gravatar.com\\\/avatar\\\/dfd1611ed5600959a0e5a9754503b6c05d1dcf190010998e0363aee2ad98afca?s=96&d=mm&r=g\",\"contentUrl\":\"https:\\\/\\\/secure.gravatar.com\\\/avatar\\\/dfd1611ed5600959a0e5a9754503b6c05d1dcf190010998e0363aee2ad98afca?s=96&d=mm&r=g\",\"caption\":\"Viviana Monrroy\"},\"sameAs\":[\"http:\\\/\\\/www.eldiario.net\"],\"url\":\"https:\\\/\\\/www.eldiario.net\\\/portal\\\/author\\\/vivianamonrroy\\\/\"}]}<\/script>\n<!-- \/ Yoast SEO plugin. -->","yoast_head_json":{"title":"Caos vehicular en el centro pace\u00f1o por protesta del Consejo de Salud de El Alto (12:15) - El Diario - Bolivia","robots":{"index":"index","follow":"follow","max-snippet":"max-snippet:-1","max-image-preview":"max-image-preview:large","max-video-preview":"max-video-preview:-1"},"canonical":"https:\/\/www.eldiario.net\/portal\/2026\/01\/30\/caos-vehicular-en-el-centro-paceno-por-protesta-del-consejo-de-salud-de-el-alto-1215\/","og_locale":"es_ES","og_type":"article","og_title":"Caos vehicular en el centro pace\u00f1o por protesta del Consejo de Salud de El Alto (12:15) - El Diario - Bolivia","og_description":"El centro de la ciudad de La Paz registra un congestionamiento vial. El cierre del tr\u00e1fico vehicular se concentra en las calles que rodean el Ministerio de Salud, afectando de manera directa las inmediaciones de la Plaza del Estudiante. Esta situaci\u00f3n ha obligado a conductores y ciudadanos de a pie a buscar v\u00edas de escape [&hellip;]","og_url":"https:\/\/www.eldiario.net\/portal\/2026\/01\/30\/caos-vehicular-en-el-centro-paceno-por-protesta-del-consejo-de-salud-de-el-alto-1215\/","og_site_name":"El Diario - Bolivia","article_publisher":"https:\/\/www.facebook.com\/eldiario.bolivia\/","article_published_time":"2026-01-30T16:16:17+00:00","og_image":[{"width":650,"height":293,"url":"https:\/\/www.eldiario.net\/portal\/wp-content\/uploads\/2026\/01\/salud-foto-2-30.01.26-copia.webp","type":"image\/webp"}],"author":"Viviana Monrroy","twitter_card":"summary_large_image","twitter_creator":"@eldiario_net","twitter_site":"@eldiario_net","twitter_misc":{"Escrito por":"Viviana Monrroy","Tiempo de lectura":"2 minutos"},"schema":{"@context":"https:\/\/schema.org","@graph":[{"@type":"Article","@id":"https:\/\/www.eldiario.net\/portal\/2026\/01\/30\/caos-vehicular-en-el-centro-paceno-por-protesta-del-consejo-de-salud-de-el-alto-1215\/#article","isPartOf":{"@id":"https:\/\/www.eldiario.net\/portal\/2026\/01\/30\/caos-vehicular-en-el-centro-paceno-por-protesta-del-consejo-de-salud-de-el-alto-1215\/"},"author":{"name":"Viviana Monrroy","@id":"https:\/\/www.eldiario.net\/portal\/#\/schema\/person\/ba370d92d160f4d3574381f6d9b78fab"},"headline":"Caos vehicular en el centro pace\u00f1o por protesta del Consejo de Salud de El Alto (12:15)","datePublished":"2026-01-30T16:16:17+00:00","mainEntityOfPage":{"@id":"https:\/\/www.eldiario.net\/portal\/2026\/01\/30\/caos-vehicular-en-el-centro-paceno-por-protesta-del-consejo-de-salud-de-el-alto-1215\/"},"wordCount":293,"publisher":{"@id":"https:\/\/www.eldiario.net\/portal\/#organization"},"image":{"@id":"https:\/\/www.eldiario.net\/portal\/2026\/01\/30\/caos-vehicular-en-el-centro-paceno-por-protesta-del-consejo-de-salud-de-el-alto-1215\/#primaryimage"},"thumbnailUrl":"https:\/\/www.eldiario.net\/portal\/wp-content\/uploads\/2026\/01\/salud-foto-2-30.01.26-copia.webp","articleSection":["\u00daltima Hora"],"inLanguage":"es"},{"@type":"WebPage","@id":"https:\/\/www.eldiario.net\/portal\/2026\/01\/30\/caos-vehicular-en-el-centro-paceno-por-protesta-del-consejo-de-salud-de-el-alto-1215\/","url":"https:\/\/www.eldiario.net\/portal\/2026\/01\/30\/caos-vehicular-en-el-centro-paceno-por-protesta-del-consejo-de-salud-de-el-alto-1215\/","name":"Caos vehicular en el centro pace\u00f1o por protesta del Consejo de Salud de El Alto (12:15) - El Diario - Bolivia","isPartOf":{"@id":"https:\/\/www.eldiario.net\/portal\/#website"},"primaryImageOfPage":{"@id":"https:\/\/www.eldiario.net\/portal\/2026\/01\/30\/caos-vehicular-en-el-centro-paceno-por-protesta-del-consejo-de-salud-de-el-alto-1215\/#primaryimage"},"image":{"@id":"https:\/\/www.eldiario.net\/portal\/2026\/01\/30\/caos-vehicular-en-el-centro-paceno-por-protesta-del-consejo-de-salud-de-el-alto-1215\/#primaryimage"},"thumbnailUrl":"https:\/\/www.eldiario.net\/portal\/wp-content\/uploads\/2026\/01\/salud-foto-2-30.01.26-copia.webp","datePublished":"2026-01-30T16:16:17+00:00","breadcrumb":{"@id":"https:\/\/www.eldiario.net\/portal\/2026\/01\/30\/caos-vehicular-en-el-centro-paceno-por-protesta-del-consejo-de-salud-de-el-alto-1215\/#breadcrumb"},"inLanguage":"es","potentialAction":[{"@type":"ReadAction","target":["https:\/\/www.eldiario.net\/portal\/2026\/01\/30\/caos-vehicular-en-el-centro-paceno-por-protesta-del-consejo-de-salud-de-el-alto-1215\/"]}]},{"@type":"ImageObject","inLanguage":"es","@id":"https:\/\/www.eldiario.net\/portal\/2026\/01\/30\/caos-vehicular-en-el-centro-paceno-por-protesta-del-consejo-de-salud-de-el-alto-1215\/#primaryimage","url":"https:\/\/www.eldiario.net\/portal\/wp-content\/uploads\/2026\/01\/salud-foto-2-30.01.26-copia.webp","contentUrl":"https:\/\/www.eldiario.net\/portal\/wp-content\/uploads\/2026\/01\/salud-foto-2-30.01.26-copia.webp","width":650,"height":293,"caption":"Foto: El Diario"},{"@type":"BreadcrumbList","@id":"https:\/\/www.eldiario.net\/portal\/2026\/01\/30\/caos-vehicular-en-el-centro-paceno-por-protesta-del-consejo-de-salud-de-el-alto-1215\/#breadcrumb","itemListElement":[{"@type":"ListItem","position":1,"name":"Portada","item":"https:\/\/www.eldiario.net\/portal\/"},{"@type":"ListItem","position":2,"name":"Caos vehicular en el centro pace\u00f1o por protesta del Consejo de Salud de El Alto (12:15)"}]},{"@type":"WebSite","@id":"https:\/\/www.eldiario.net\/portal\/#website","url":"https:\/\/www.eldiario.net\/portal\/","name":"El Diario - Decano de la prensa nacional","description":"El Diario - Decano de la prensa nacional","publisher":{"@id":"https:\/\/www.eldiario.net\/portal\/#organization"},"potentialAction":[{"@type":"SearchAction","target":{"@type":"EntryPoint","urlTemplate":"https:\/\/www.eldiario.net\/portal\/?s={search_term_string}"},"query-input":{"@type":"PropertyValueSpecification","valueRequired":true,"valueName":"search_term_string"}}],"inLanguage":"es"},{"@type":"Organization","@id":"https:\/\/www.eldiario.net\/portal\/#organization","name":"El Diario - Decano de la prensa nacional","url":"https:\/\/www.eldiario.net\/portal\/","logo":{"@type":"ImageObject","inLanguage":"es","@id":"https:\/\/www.eldiario.net\/portal\/#\/schema\/logo\/image\/","url":"https:\/\/www.eldiario.net\/portal\/wp-content\/uploads\/2023\/07\/logo_ED.jpg","contentUrl":"https:\/\/www.eldiario.net\/portal\/wp-content\/uploads\/2023\/07\/logo_ED.jpg","width":272,"height":52,"caption":"El Diario - Decano de la prensa nacional"},"image":{"@id":"https:\/\/www.eldiario.net\/portal\/#\/schema\/logo\/image\/"},"sameAs":["https:\/\/www.facebook.com\/eldiario.bolivia\/","https:\/\/x.com\/eldiario_net"]},{"@type":"Person","@id":"https:\/\/www.eldiario.net\/portal\/#\/schema\/person\/ba370d92d160f4d3574381f6d9b78fab","name":"Viviana Monrroy","image":{"@type":"ImageObject","inLanguage":"es","@id":"https:\/\/secure.gravatar.com\/avatar\/dfd1611ed5600959a0e5a9754503b6c05d1dcf190010998e0363aee2ad98afca?s=96&d=mm&r=g","url":"https:\/\/secure.gravatar.com\/avatar\/dfd1611ed5600959a0e5a9754503b6c05d1dcf190010998e0363aee2ad98afca?s=96&d=mm&r=g","contentUrl":"https:\/\/secure.gravatar.com\/avatar\/dfd1611ed5600959a0e5a9754503b6c05d1dcf190010998e0363aee2ad98afca?s=96&d=mm&r=g","caption":"Viviana Monrroy"},"sameAs":["http:\/\/www.eldiario.net"],"url":"https:\/\/www.eldiario.net\/portal\/author\/vivianamonrroy\/"}]}},"_links":{"self":[{"href":"https:\/\/www.eldiario.net\/portal\/wp-json\/wp\/v2\/posts\/364316","targetHints":{"allow":["GET"]}}],"collection":[{"href":"https:\/\/www.eldiario.net\/portal\/wp-json\/wp\/v2\/posts"}],"about":[{"href":"https:\/\/www.eldiario.net\/portal\/wp-json\/wp\/v2\/types\/post"}],"author":[{"embeddable":true,"href":"https:\/\/www.eldiario.net\/portal\/wp-json\/wp\/v2\/users\/7"}],"replies":[{"embeddable":true,"href":"https:\/\/www.eldiario.net\/portal\/wp-json\/wp\/v2\/comments?post=364316"}],"version-history":[{"count":1,"href":"https:\/\/www.eldiario.net\/portal\/wp-json\/wp\/v2\/posts\/364316\/revisions"}],"predecessor-version":[{"id":364324,"href":"https:\/\/www.eldiario.net\/portal\/wp-json\/wp\/v2\/posts\/364316\/revisions\/364324"}],"wp:featuredmedia":[{"embeddable":true,"href":"https:\/\/www.eldiario.net\/portal\/wp-json\/wp\/v2\/media\/364323"}],"wp:attachment":[{"href":"https:\/\/www.eldiario.net\/portal\/wp-json\/wp\/v2\/media?parent=364316"}],"wp:term":[{"taxonomy":"category","embeddable":true,"href":"https:\/\/www.eldiario.net\/portal\/wp-json\/wp\/v2\/categories?post=364316"},{"taxonomy":"post_tag","embeddable":true,"href":"https:\/\/www.eldiario.net\/portal\/wp-json\/wp\/v2\/tags?post=364316"}],"curies":[{"name":"wp","href":"https:\/\/api.w.org\/{rel}","templated":true}]}}