{"id":364306,"date":"2026-01-30T09:13:09","date_gmt":"2026-01-30T13:13:09","guid":{"rendered":"https:\/\/www.eldiario.net\/portal\/?p=364306"},"modified":"2026-01-30T09:13:09","modified_gmt":"2026-01-30T13:13:09","slug":"escala-el-conflicto-por-tarifas-en-coripata-y-convocan-a-cabildo-ciudadano-905","status":"publish","type":"post","link":"https:\/\/www.eldiario.net\/portal\/2026\/01\/30\/escala-el-conflicto-por-tarifas-en-coripata-y-convocan-a-cabildo-ciudadano-905\/","title":{"rendered":"Escala el conflicto por tarifas en Coripata y convocan a cabildo ciudadano (9:05)"},"content":{"rendered":"<p>El conflicto por el pasaje interprovincial se agudiza en el municipio de Coripata, Nor Yungas del departamento de La Paz, tras la ratificaci\u00f3n del incremento tarifario por parte de la Central de Transportes, por lo que no hay el servicio de transporte desde y hacia este municipio.<\/p>\n<p>El sector afirma que el costo operativo real llega a Bs 60, y sostiene que la definici\u00f3n de tarifas es competencia del Gobierno Departamental. Tras una reuni\u00f3n fallida con autoridades municipales, se declar\u00f3 un paro de 48 horas, agravando la tensi\u00f3n institucional y social.<\/p>\n<p>En respuesta, organizaciones sociales del municipio convocaron a un cabildo este viernes a las 14:00 horas en el atrio de la iglesia de Coripata para debatir el precio del transporte Coripata\u2013La Paz y su impacto en la canasta familiar.<\/p>\n<p>Participar\u00e1n juntas vecinales, ADEPCOCA, centrales agrarias, comerciantes y poblaci\u00f3n en general, en medio de creciente preocupaci\u00f3n por el efecto del alza en la econom\u00eda local.<\/p>\n","protected":false},"excerpt":{"rendered":"<p>El conflicto por el pasaje interprovincial se agudiza en el municipio de Coripata, Nor Yungas del departamento de La Paz, tras la ratificaci\u00f3n del incremento tarifario por parte de la Central de Transportes, por lo que no hay el servicio de transporte desde y hacia este municipio. El sector afirma que el costo operativo real [&hellip;]<\/p>\n","protected":false},"author":7,"featured_media":364308,"comment_status":"closed","ping_status":"open","sticky":false,"template":"","format":"standard","meta":{"_acf_changed":false,"footnotes":""},"categories":[51],"tags":[],"class_list":["post-364306","post","type-post","status-publish","format-standard","has-post-thumbnail","category-ultima-hora"],"acf":{"antetitulo":""},"yoast_head":"<!-- This site is optimized with the Yoast SEO plugin v28.4 - https:\/\/yoast.com\/product\/yoast-seo-wordpress\/ -->\n<title>Escala el conflicto por tarifas en Coripata y convocan a cabildo ciudadano (9:05) - El Diario - Bolivia<\/title>\n<meta name=\"robots\" content=\"index, follow, max-snippet:-1, max-image-preview:large, max-video-preview:-1\" \/>\n<link rel=\"canonical\" href=\"https:\/\/www.eldiario.net\/portal\/2026\/01\/30\/escala-el-conflicto-por-tarifas-en-coripata-y-convocan-a-cabildo-ciudadano-905\/\" \/>\n<meta property=\"og:locale\" content=\"es_ES\" \/>\n<meta property=\"og:type\" content=\"article\" \/>\n<meta property=\"og:title\" content=\"Escala el conflicto por tarifas en Coripata y convocan a cabildo ciudadano (9:05) - El Diario - Bolivia\" \/>\n<meta property=\"og:description\" content=\"El conflicto por el pasaje interprovincial se agudiza en el municipio de Coripata, Nor Yungas del departamento de La Paz, tras la ratificaci\u00f3n del incremento tarifario por parte de la Central de Transportes, por lo que no hay el servicio de transporte desde y hacia este municipio. El sector afirma que el costo operativo real [&hellip;]\" \/>\n<meta property=\"og:url\" content=\"https:\/\/www.eldiario.net\/portal\/2026\/01\/30\/escala-el-conflicto-por-tarifas-en-coripata-y-convocan-a-cabildo-ciudadano-905\/\" \/>\n<meta property=\"og:site_name\" content=\"El Diario - Bolivia\" \/>\n<meta property=\"article:publisher\" content=\"https:\/\/www.facebook.com\/eldiario.bolivia\/\" \/>\n<meta property=\"article:published_time\" content=\"2026-01-30T13:13:09+00:00\" \/>\n<meta property=\"og:image\" content=\"https:\/\/www.eldiario.net\/portal\/wp-content\/uploads\/2026\/01\/coripata-30.01.26-copia.webp\" \/>\n\t<meta property=\"og:image:width\" content=\"500\" \/>\n\t<meta property=\"og:image:height\" content=\"538\" \/>\n\t<meta property=\"og:image:type\" content=\"image\/webp\" \/>\n<meta name=\"author\" content=\"Viviana Monrroy\" \/>\n<meta name=\"twitter:card\" content=\"summary_large_image\" \/>\n<meta name=\"twitter:creator\" content=\"@eldiario_net\" \/>\n<meta name=\"twitter:site\" content=\"@eldiario_net\" \/>\n<meta name=\"twitter:label1\" content=\"Escrito por\" \/>\n\t<meta name=\"twitter:data1\" content=\"Viviana Monrroy\" \/>\n\t<meta name=\"twitter:label2\" content=\"Tiempo de lectura\" \/>\n\t<meta name=\"twitter:data2\" content=\"1 minuto\" \/>\n<script type=\"application\/ld+json\" class=\"yoast-schema-graph\">{\"@context\":\"https:\\\/\\\/schema.org\",\"@graph\":[{\"@type\":\"Article\",\"@id\":\"https:\\\/\\\/www.eldiario.net\\\/portal\\\/2026\\\/01\\\/30\\\/escala-el-conflicto-por-tarifas-en-coripata-y-convocan-a-cabildo-ciudadano-905\\\/#article\",\"isPartOf\":{\"@id\":\"https:\\\/\\\/www.eldiario.net\\\/portal\\\/2026\\\/01\\\/30\\\/escala-el-conflicto-por-tarifas-en-coripata-y-convocan-a-cabildo-ciudadano-905\\\/\"},\"author\":{\"name\":\"Viviana Monrroy\",\"@id\":\"https:\\\/\\\/www.eldiario.net\\\/portal\\\/#\\\/schema\\\/person\\\/ba370d92d160f4d3574381f6d9b78fab\"},\"headline\":\"Escala el conflicto por tarifas en Coripata y convocan a cabildo ciudadano (9:05)\",\"datePublished\":\"2026-01-30T13:13:09+00:00\",\"mainEntityOfPage\":{\"@id\":\"https:\\\/\\\/www.eldiario.net\\\/portal\\\/2026\\\/01\\\/30\\\/escala-el-conflicto-por-tarifas-en-coripata-y-convocan-a-cabildo-ciudadano-905\\\/\"},\"wordCount\":173,\"publisher\":{\"@id\":\"https:\\\/\\\/www.eldiario.net\\\/portal\\\/#organization\"},\"image\":{\"@id\":\"https:\\\/\\\/www.eldiario.net\\\/portal\\\/2026\\\/01\\\/30\\\/escala-el-conflicto-por-tarifas-en-coripata-y-convocan-a-cabildo-ciudadano-905\\\/#primaryimage\"},\"thumbnailUrl\":\"https:\\\/\\\/www.eldiario.net\\\/portal\\\/wp-content\\\/uploads\\\/2026\\\/01\\\/coripata-30.01.26-copia.webp\",\"articleSection\":[\"\u00daltima Hora\"],\"inLanguage\":\"es\"},{\"@type\":\"WebPage\",\"@id\":\"https:\\\/\\\/www.eldiario.net\\\/portal\\\/2026\\\/01\\\/30\\\/escala-el-conflicto-por-tarifas-en-coripata-y-convocan-a-cabildo-ciudadano-905\\\/\",\"url\":\"https:\\\/\\\/www.eldiario.net\\\/portal\\\/2026\\\/01\\\/30\\\/escala-el-conflicto-por-tarifas-en-coripata-y-convocan-a-cabildo-ciudadano-905\\\/\",\"name\":\"Escala el conflicto por tarifas en Coripata y convocan a cabildo ciudadano (9:05) - El Diario - Bolivia\",\"isPartOf\":{\"@id\":\"https:\\\/\\\/www.eldiario.net\\\/portal\\\/#website\"},\"primaryImageOfPage\":{\"@id\":\"https:\\\/\\\/www.eldiario.net\\\/portal\\\/2026\\\/01\\\/30\\\/escala-el-conflicto-por-tarifas-en-coripata-y-convocan-a-cabildo-ciudadano-905\\\/#primaryimage\"},\"image\":{\"@id\":\"https:\\\/\\\/www.eldiario.net\\\/portal\\\/2026\\\/01\\\/30\\\/escala-el-conflicto-por-tarifas-en-coripata-y-convocan-a-cabildo-ciudadano-905\\\/#primaryimage\"},\"thumbnailUrl\":\"https:\\\/\\\/www.eldiario.net\\\/portal\\\/wp-content\\\/uploads\\\/2026\\\/01\\\/coripata-30.01.26-copia.webp\",\"datePublished\":\"2026-01-30T13:13:09+00:00\",\"breadcrumb\":{\"@id\":\"https:\\\/\\\/www.eldiario.net\\\/portal\\\/2026\\\/01\\\/30\\\/escala-el-conflicto-por-tarifas-en-coripata-y-convocan-a-cabildo-ciudadano-905\\\/#breadcrumb\"},\"inLanguage\":\"es\",\"potentialAction\":[{\"@type\":\"ReadAction\",\"target\":[\"https:\\\/\\\/www.eldiario.net\\\/portal\\\/2026\\\/01\\\/30\\\/escala-el-conflicto-por-tarifas-en-coripata-y-convocan-a-cabildo-ciudadano-905\\\/\"]}]},{\"@type\":\"ImageObject\",\"inLanguage\":\"es\",\"@id\":\"https:\\\/\\\/www.eldiario.net\\\/portal\\\/2026\\\/01\\\/30\\\/escala-el-conflicto-por-tarifas-en-coripata-y-convocan-a-cabildo-ciudadano-905\\\/#primaryimage\",\"url\":\"https:\\\/\\\/www.eldiario.net\\\/portal\\\/wp-content\\\/uploads\\\/2026\\\/01\\\/coripata-30.01.26-copia.webp\",\"contentUrl\":\"https:\\\/\\\/www.eldiario.net\\\/portal\\\/wp-content\\\/uploads\\\/2026\\\/01\\\/coripata-30.01.26-copia.webp\",\"width\":500,\"height\":538},{\"@type\":\"BreadcrumbList\",\"@id\":\"https:\\\/\\\/www.eldiario.net\\\/portal\\\/2026\\\/01\\\/30\\\/escala-el-conflicto-por-tarifas-en-coripata-y-convocan-a-cabildo-ciudadano-905\\\/#breadcrumb\",\"itemListElement\":[{\"@type\":\"ListItem\",\"position\":1,\"name\":\"Portada\",\"item\":\"https:\\\/\\\/www.eldiario.net\\\/portal\\\/\"},{\"@type\":\"ListItem\",\"position\":2,\"name\":\"Escala el conflicto por tarifas en Coripata y convocan a cabildo ciudadano (9:05)\"}]},{\"@type\":\"WebSite\",\"@id\":\"https:\\\/\\\/www.eldiario.net\\\/portal\\\/#website\",\"url\":\"https:\\\/\\\/www.eldiario.net\\\/portal\\\/\",\"name\":\"El Diario - Decano de la prensa nacional\",\"description\":\"El Diario - Decano de la prensa nacional\",\"publisher\":{\"@id\":\"https:\\\/\\\/www.eldiario.net\\\/portal\\\/#organization\"},\"potentialAction\":[{\"@type\":\"SearchAction\",\"target\":{\"@type\":\"EntryPoint\",\"urlTemplate\":\"https:\\\/\\\/www.eldiario.net\\\/portal\\\/?s={search_term_string}\"},\"query-input\":{\"@type\":\"PropertyValueSpecification\",\"valueRequired\":true,\"valueName\":\"search_term_string\"}}],\"inLanguage\":\"es\"},{\"@type\":\"Organization\",\"@id\":\"https:\\\/\\\/www.eldiario.net\\\/portal\\\/#organization\",\"name\":\"El Diario - Decano de la prensa nacional\",\"url\":\"https:\\\/\\\/www.eldiario.net\\\/portal\\\/\",\"logo\":{\"@type\":\"ImageObject\",\"inLanguage\":\"es\",\"@id\":\"https:\\\/\\\/www.eldiario.net\\\/portal\\\/#\\\/schema\\\/logo\\\/image\\\/\",\"url\":\"https:\\\/\\\/www.eldiario.net\\\/portal\\\/wp-content\\\/uploads\\\/2023\\\/07\\\/logo_ED.jpg\",\"contentUrl\":\"https:\\\/\\\/www.eldiario.net\\\/portal\\\/wp-content\\\/uploads\\\/2023\\\/07\\\/logo_ED.jpg\",\"width\":272,\"height\":52,\"caption\":\"El Diario - Decano de la prensa nacional\"},\"image\":{\"@id\":\"https:\\\/\\\/www.eldiario.net\\\/portal\\\/#\\\/schema\\\/logo\\\/image\\\/\"},\"sameAs\":[\"https:\\\/\\\/www.facebook.com\\\/eldiario.bolivia\\\/\",\"https:\\\/\\\/x.com\\\/eldiario_net\"]},{\"@type\":\"Person\",\"@id\":\"https:\\\/\\\/www.eldiario.net\\\/portal\\\/#\\\/schema\\\/person\\\/ba370d92d160f4d3574381f6d9b78fab\",\"name\":\"Viviana Monrroy\",\"image\":{\"@type\":\"ImageObject\",\"inLanguage\":\"es\",\"@id\":\"https:\\\/\\\/secure.gravatar.com\\\/avatar\\\/dfd1611ed5600959a0e5a9754503b6c05d1dcf190010998e0363aee2ad98afca?s=96&d=mm&r=g\",\"url\":\"https:\\\/\\\/secure.gravatar.com\\\/avatar\\\/dfd1611ed5600959a0e5a9754503b6c05d1dcf190010998e0363aee2ad98afca?s=96&d=mm&r=g\",\"contentUrl\":\"https:\\\/\\\/secure.gravatar.com\\\/avatar\\\/dfd1611ed5600959a0e5a9754503b6c05d1dcf190010998e0363aee2ad98afca?s=96&d=mm&r=g\",\"caption\":\"Viviana Monrroy\"},\"sameAs\":[\"http:\\\/\\\/www.eldiario.net\"],\"url\":\"https:\\\/\\\/www.eldiario.net\\\/portal\\\/author\\\/vivianamonrroy\\\/\"}]}<\/script>\n<!-- \/ Yoast SEO plugin. -->","yoast_head_json":{"title":"Escala el conflicto por tarifas en Coripata y convocan a cabildo ciudadano (9:05) - El Diario - Bolivia","robots":{"index":"index","follow":"follow","max-snippet":"max-snippet:-1","max-image-preview":"max-image-preview:large","max-video-preview":"max-video-preview:-1"},"canonical":"https:\/\/www.eldiario.net\/portal\/2026\/01\/30\/escala-el-conflicto-por-tarifas-en-coripata-y-convocan-a-cabildo-ciudadano-905\/","og_locale":"es_ES","og_type":"article","og_title":"Escala el conflicto por tarifas en Coripata y convocan a cabildo ciudadano (9:05) - El Diario - Bolivia","og_description":"El conflicto por el pasaje interprovincial se agudiza en el municipio de Coripata, Nor Yungas del departamento de La Paz, tras la ratificaci\u00f3n del incremento tarifario por parte de la Central de Transportes, por lo que no hay el servicio de transporte desde y hacia este municipio. El sector afirma que el costo operativo real [&hellip;]","og_url":"https:\/\/www.eldiario.net\/portal\/2026\/01\/30\/escala-el-conflicto-por-tarifas-en-coripata-y-convocan-a-cabildo-ciudadano-905\/","og_site_name":"El Diario - Bolivia","article_publisher":"https:\/\/www.facebook.com\/eldiario.bolivia\/","article_published_time":"2026-01-30T13:13:09+00:00","og_image":[{"width":500,"height":538,"url":"https:\/\/www.eldiario.net\/portal\/wp-content\/uploads\/2026\/01\/coripata-30.01.26-copia.webp","type":"image\/webp"}],"author":"Viviana Monrroy","twitter_card":"summary_large_image","twitter_creator":"@eldiario_net","twitter_site":"@eldiario_net","twitter_misc":{"Escrito por":"Viviana Monrroy","Tiempo de lectura":"1 minuto"},"schema":{"@context":"https:\/\/schema.org","@graph":[{"@type":"Article","@id":"https:\/\/www.eldiario.net\/portal\/2026\/01\/30\/escala-el-conflicto-por-tarifas-en-coripata-y-convocan-a-cabildo-ciudadano-905\/#article","isPartOf":{"@id":"https:\/\/www.eldiario.net\/portal\/2026\/01\/30\/escala-el-conflicto-por-tarifas-en-coripata-y-convocan-a-cabildo-ciudadano-905\/"},"author":{"name":"Viviana Monrroy","@id":"https:\/\/www.eldiario.net\/portal\/#\/schema\/person\/ba370d92d160f4d3574381f6d9b78fab"},"headline":"Escala el conflicto por tarifas en Coripata y convocan a cabildo ciudadano (9:05)","datePublished":"2026-01-30T13:13:09+00:00","mainEntityOfPage":{"@id":"https:\/\/www.eldiario.net\/portal\/2026\/01\/30\/escala-el-conflicto-por-tarifas-en-coripata-y-convocan-a-cabildo-ciudadano-905\/"},"wordCount":173,"publisher":{"@id":"https:\/\/www.eldiario.net\/portal\/#organization"},"image":{"@id":"https:\/\/www.eldiario.net\/portal\/2026\/01\/30\/escala-el-conflicto-por-tarifas-en-coripata-y-convocan-a-cabildo-ciudadano-905\/#primaryimage"},"thumbnailUrl":"https:\/\/www.eldiario.net\/portal\/wp-content\/uploads\/2026\/01\/coripata-30.01.26-copia.webp","articleSection":["\u00daltima Hora"],"inLanguage":"es"},{"@type":"WebPage","@id":"https:\/\/www.eldiario.net\/portal\/2026\/01\/30\/escala-el-conflicto-por-tarifas-en-coripata-y-convocan-a-cabildo-ciudadano-905\/","url":"https:\/\/www.eldiario.net\/portal\/2026\/01\/30\/escala-el-conflicto-por-tarifas-en-coripata-y-convocan-a-cabildo-ciudadano-905\/","name":"Escala el conflicto por tarifas en Coripata y convocan a cabildo ciudadano (9:05) - El Diario - Bolivia","isPartOf":{"@id":"https:\/\/www.eldiario.net\/portal\/#website"},"primaryImageOfPage":{"@id":"https:\/\/www.eldiario.net\/portal\/2026\/01\/30\/escala-el-conflicto-por-tarifas-en-coripata-y-convocan-a-cabildo-ciudadano-905\/#primaryimage"},"image":{"@id":"https:\/\/www.eldiario.net\/portal\/2026\/01\/30\/escala-el-conflicto-por-tarifas-en-coripata-y-convocan-a-cabildo-ciudadano-905\/#primaryimage"},"thumbnailUrl":"https:\/\/www.eldiario.net\/portal\/wp-content\/uploads\/2026\/01\/coripata-30.01.26-copia.webp","datePublished":"2026-01-30T13:13:09+00:00","breadcrumb":{"@id":"https:\/\/www.eldiario.net\/portal\/2026\/01\/30\/escala-el-conflicto-por-tarifas-en-coripata-y-convocan-a-cabildo-ciudadano-905\/#breadcrumb"},"inLanguage":"es","potentialAction":[{"@type":"ReadAction","target":["https:\/\/www.eldiario.net\/portal\/2026\/01\/30\/escala-el-conflicto-por-tarifas-en-coripata-y-convocan-a-cabildo-ciudadano-905\/"]}]},{"@type":"ImageObject","inLanguage":"es","@id":"https:\/\/www.eldiario.net\/portal\/2026\/01\/30\/escala-el-conflicto-por-tarifas-en-coripata-y-convocan-a-cabildo-ciudadano-905\/#primaryimage","url":"https:\/\/www.eldiario.net\/portal\/wp-content\/uploads\/2026\/01\/coripata-30.01.26-copia.webp","contentUrl":"https:\/\/www.eldiario.net\/portal\/wp-content\/uploads\/2026\/01\/coripata-30.01.26-copia.webp","width":500,"height":538},{"@type":"BreadcrumbList","@id":"https:\/\/www.eldiario.net\/portal\/2026\/01\/30\/escala-el-conflicto-por-tarifas-en-coripata-y-convocan-a-cabildo-ciudadano-905\/#breadcrumb","itemListElement":[{"@type":"ListItem","position":1,"name":"Portada","item":"https:\/\/www.eldiario.net\/portal\/"},{"@type":"ListItem","position":2,"name":"Escala el conflicto por tarifas en Coripata y convocan a cabildo ciudadano (9:05)"}]},{"@type":"WebSite","@id":"https:\/\/www.eldiario.net\/portal\/#website","url":"https:\/\/www.eldiario.net\/portal\/","name":"El Diario - Decano de la prensa nacional","description":"El Diario - Decano de la prensa nacional","publisher":{"@id":"https:\/\/www.eldiario.net\/portal\/#organization"},"potentialAction":[{"@type":"SearchAction","target":{"@type":"EntryPoint","urlTemplate":"https:\/\/www.eldiario.net\/portal\/?s={search_term_string}"},"query-input":{"@type":"PropertyValueSpecification","valueRequired":true,"valueName":"search_term_string"}}],"inLanguage":"es"},{"@type":"Organization","@id":"https:\/\/www.eldiario.net\/portal\/#organization","name":"El Diario - Decano de la prensa nacional","url":"https:\/\/www.eldiario.net\/portal\/","logo":{"@type":"ImageObject","inLanguage":"es","@id":"https:\/\/www.eldiario.net\/portal\/#\/schema\/logo\/image\/","url":"https:\/\/www.eldiario.net\/portal\/wp-content\/uploads\/2023\/07\/logo_ED.jpg","contentUrl":"https:\/\/www.eldiario.net\/portal\/wp-content\/uploads\/2023\/07\/logo_ED.jpg","width":272,"height":52,"caption":"El Diario - Decano de la prensa nacional"},"image":{"@id":"https:\/\/www.eldiario.net\/portal\/#\/schema\/logo\/image\/"},"sameAs":["https:\/\/www.facebook.com\/eldiario.bolivia\/","https:\/\/x.com\/eldiario_net"]},{"@type":"Person","@id":"https:\/\/www.eldiario.net\/portal\/#\/schema\/person\/ba370d92d160f4d3574381f6d9b78fab","name":"Viviana Monrroy","image":{"@type":"ImageObject","inLanguage":"es","@id":"https:\/\/secure.gravatar.com\/avatar\/dfd1611ed5600959a0e5a9754503b6c05d1dcf190010998e0363aee2ad98afca?s=96&d=mm&r=g","url":"https:\/\/secure.gravatar.com\/avatar\/dfd1611ed5600959a0e5a9754503b6c05d1dcf190010998e0363aee2ad98afca?s=96&d=mm&r=g","contentUrl":"https:\/\/secure.gravatar.com\/avatar\/dfd1611ed5600959a0e5a9754503b6c05d1dcf190010998e0363aee2ad98afca?s=96&d=mm&r=g","caption":"Viviana Monrroy"},"sameAs":["http:\/\/www.eldiario.net"],"url":"https:\/\/www.eldiario.net\/portal\/author\/vivianamonrroy\/"}]}},"_links":{"self":[{"href":"https:\/\/www.eldiario.net\/portal\/wp-json\/wp\/v2\/posts\/364306","targetHints":{"allow":["GET"]}}],"collection":[{"href":"https:\/\/www.eldiario.net\/portal\/wp-json\/wp\/v2\/posts"}],"about":[{"href":"https:\/\/www.eldiario.net\/portal\/wp-json\/wp\/v2\/types\/post"}],"author":[{"embeddable":true,"href":"https:\/\/www.eldiario.net\/portal\/wp-json\/wp\/v2\/users\/7"}],"replies":[{"embeddable":true,"href":"https:\/\/www.eldiario.net\/portal\/wp-json\/wp\/v2\/comments?post=364306"}],"version-history":[{"count":1,"href":"https:\/\/www.eldiario.net\/portal\/wp-json\/wp\/v2\/posts\/364306\/revisions"}],"predecessor-version":[{"id":364309,"href":"https:\/\/www.eldiario.net\/portal\/wp-json\/wp\/v2\/posts\/364306\/revisions\/364309"}],"wp:featuredmedia":[{"embeddable":true,"href":"https:\/\/www.eldiario.net\/portal\/wp-json\/wp\/v2\/media\/364308"}],"wp:attachment":[{"href":"https:\/\/www.eldiario.net\/portal\/wp-json\/wp\/v2\/media?parent=364306"}],"wp:term":[{"taxonomy":"category","embeddable":true,"href":"https:\/\/www.eldiario.net\/portal\/wp-json\/wp\/v2\/categories?post=364306"},{"taxonomy":"post_tag","embeddable":true,"href":"https:\/\/www.eldiario.net\/portal\/wp-json\/wp\/v2\/tags?post=364306"}],"curies":[{"name":"wp","href":"https:\/\/api.w.org\/{rel}","templated":true}]}}