{"id":364279,"date":"2026-01-30T07:07:28","date_gmt":"2026-01-30T11:07:28","guid":{"rendered":"https:\/\/www.eldiario.net\/portal\/?p=364279"},"modified":"2026-01-30T07:07:28","modified_gmt":"2026-01-30T11:07:28","slug":"vecinos-denuncian-descuido-y-robos-en-colina-de-san-sebastian","status":"publish","type":"post","link":"https:\/\/www.eldiario.net\/portal\/2026\/01\/30\/vecinos-denuncian-descuido-y-robos-en-colina-de-san-sebastian\/","title":{"rendered":"Vecinos denuncian descuido y  robos en colina de San Sebasti\u00e1n"},"content":{"rendered":"<p>Vecinos denunciaron el robo de artefactos del sistema el\u00e9ctrico y el abandono de la Colina de San Sebasti\u00e1n, uno de los principales espacios hist\u00f3ricos de la ciudad de Cochabamba.<\/p>\n<p>Tras la denuncia, se realiz\u00f3 una verificaci\u00f3n en el lugar, donde se constat\u00f3 que la maleza ha crecido de forma descontrolada, incluso en las gradas, y que varios cables y artefactos el\u00e9ctricos fueron sustra\u00eddos de los postes de energ\u00eda. Algunos postes se encuentran da\u00f1ados y con canalizaciones expuestas, lo que representa un riesgo para los visitantes.<\/p>\n<p>Las autoridades recordaron que la recuperaci\u00f3n de este espacio demand\u00f3 una inversi\u00f3n superior a los 30 millones de bolivianos, por lo que el deterioro y los robos generan preocupaci\u00f3n entre vecinos y autoridades.<\/p>\n<p>Desde la Gobernaci\u00f3n de Cochabamba se\u00f1alaron que la seguridad y el mantenimiento de la Coronilla son responsabilidad de la Alcald\u00eda, al tratarse de un espacio municipal.<\/p>\n<p>Por su parte, la Alcald\u00eda de Cochabamba inform\u00f3 que se iniciaron investigaciones para identificar a los responsables del robo y anunci\u00f3 la reposici\u00f3n de los objetos sustra\u00eddos, como bombas de agua e instalaciones el\u00e9ctricas.<\/p>\n<p>Adem\u00e1s, asegur\u00f3 que se realizar\u00e1n trabajos de mantenimiento y restauraci\u00f3n, y que se reforzar\u00e1 la seguridad para precautelar este patrimonio hist\u00f3rico de la ciudad. (Cochabamba, con datos de la RedUno)<\/p>\n","protected":false},"excerpt":{"rendered":"<p>Vecinos denunciaron el robo de artefactos del sistema el\u00e9ctrico y el abandono de la Colina de San Sebasti\u00e1n, uno de los principales espacios hist\u00f3ricos de la ciudad de Cochabamba. Tras la denuncia, se realiz\u00f3 una verificaci\u00f3n en el lugar, donde se constat\u00f3 que la maleza ha crecido de forma descontrolada, incluso en las gradas, y [&hellip;]<\/p>\n","protected":false},"author":1,"featured_media":364280,"comment_status":"closed","ping_status":"open","sticky":false,"template":"","format":"standard","meta":{"_acf_changed":false,"footnotes":""},"categories":[12],"tags":[],"class_list":["post-364279","post","type-post","status-publish","format-standard","has-post-thumbnail","category-nacional"],"acf":{"antetitulo":"Cochabamba "},"yoast_head":"<!-- This site is optimized with the Yoast SEO plugin v28.4 - https:\/\/yoast.com\/product\/yoast-seo-wordpress\/ -->\n<title>Vecinos denuncian descuido y robos en colina de San Sebasti\u00e1n - El Diario - Bolivia<\/title>\n<meta name=\"robots\" content=\"index, follow, max-snippet:-1, max-image-preview:large, max-video-preview:-1\" \/>\n<link rel=\"canonical\" href=\"https:\/\/www.eldiario.net\/portal\/2026\/01\/30\/vecinos-denuncian-descuido-y-robos-en-colina-de-san-sebastian\/\" \/>\n<meta property=\"og:locale\" content=\"es_ES\" \/>\n<meta property=\"og:type\" content=\"article\" \/>\n<meta property=\"og:title\" content=\"Vecinos denuncian descuido y robos en colina de San Sebasti\u00e1n - El Diario - Bolivia\" \/>\n<meta property=\"og:description\" content=\"Vecinos denunciaron el robo de artefactos del sistema el\u00e9ctrico y el abandono de la Colina de San Sebasti\u00e1n, uno de los principales espacios hist\u00f3ricos de la ciudad de Cochabamba. Tras la denuncia, se realiz\u00f3 una verificaci\u00f3n en el lugar, donde se constat\u00f3 que la maleza ha crecido de forma descontrolada, incluso en las gradas, y [&hellip;]\" \/>\n<meta property=\"og:url\" content=\"https:\/\/www.eldiario.net\/portal\/2026\/01\/30\/vecinos-denuncian-descuido-y-robos-en-colina-de-san-sebastian\/\" \/>\n<meta property=\"og:site_name\" content=\"El Diario - Bolivia\" \/>\n<meta property=\"article:publisher\" content=\"https:\/\/www.facebook.com\/eldiario.bolivia\/\" \/>\n<meta property=\"article:published_time\" content=\"2026-01-30T11:07:28+00:00\" \/>\n<meta property=\"og:image\" content=\"https:\/\/www.eldiario.net\/portal\/wp-content\/uploads\/2026\/01\/DESCUIDO-FOTO.webp\" \/>\n\t<meta property=\"og:image:width\" content=\"800\" \/>\n\t<meta property=\"og:image:height\" content=\"450\" \/>\n\t<meta property=\"og:image:type\" content=\"image\/webp\" \/>\n<meta name=\"author\" content=\"Jeanette\" \/>\n<meta name=\"twitter:card\" content=\"summary_large_image\" \/>\n<meta name=\"twitter:creator\" content=\"@eldiario_net\" \/>\n<meta name=\"twitter:site\" content=\"@eldiario_net\" \/>\n<meta name=\"twitter:label1\" content=\"Escrito por\" \/>\n\t<meta name=\"twitter:data1\" content=\"Jeanette\" \/>\n\t<meta name=\"twitter:label2\" content=\"Tiempo de lectura\" \/>\n\t<meta name=\"twitter:data2\" content=\"2 minutos\" \/>\n<script type=\"application\/ld+json\" class=\"yoast-schema-graph\">{\"@context\":\"https:\\\/\\\/schema.org\",\"@graph\":[{\"@type\":\"Article\",\"@id\":\"https:\\\/\\\/www.eldiario.net\\\/portal\\\/2026\\\/01\\\/30\\\/vecinos-denuncian-descuido-y-robos-en-colina-de-san-sebastian\\\/#article\",\"isPartOf\":{\"@id\":\"https:\\\/\\\/www.eldiario.net\\\/portal\\\/2026\\\/01\\\/30\\\/vecinos-denuncian-descuido-y-robos-en-colina-de-san-sebastian\\\/\"},\"author\":{\"name\":\"Jeanette\",\"@id\":\"https:\\\/\\\/www.eldiario.net\\\/portal\\\/#\\\/schema\\\/person\\\/f46445640444750d7d753ccd04ae01b7\"},\"headline\":\"Vecinos denuncian descuido y robos en colina de San Sebasti\u00e1n\",\"datePublished\":\"2026-01-30T11:07:28+00:00\",\"mainEntityOfPage\":{\"@id\":\"https:\\\/\\\/www.eldiario.net\\\/portal\\\/2026\\\/01\\\/30\\\/vecinos-denuncian-descuido-y-robos-en-colina-de-san-sebastian\\\/\"},\"wordCount\":240,\"publisher\":{\"@id\":\"https:\\\/\\\/www.eldiario.net\\\/portal\\\/#organization\"},\"image\":{\"@id\":\"https:\\\/\\\/www.eldiario.net\\\/portal\\\/2026\\\/01\\\/30\\\/vecinos-denuncian-descuido-y-robos-en-colina-de-san-sebastian\\\/#primaryimage\"},\"thumbnailUrl\":\"https:\\\/\\\/www.eldiario.net\\\/portal\\\/wp-content\\\/uploads\\\/2026\\\/01\\\/DESCUIDO-FOTO.webp\",\"articleSection\":[\"Nacional\"],\"inLanguage\":\"es\"},{\"@type\":\"WebPage\",\"@id\":\"https:\\\/\\\/www.eldiario.net\\\/portal\\\/2026\\\/01\\\/30\\\/vecinos-denuncian-descuido-y-robos-en-colina-de-san-sebastian\\\/\",\"url\":\"https:\\\/\\\/www.eldiario.net\\\/portal\\\/2026\\\/01\\\/30\\\/vecinos-denuncian-descuido-y-robos-en-colina-de-san-sebastian\\\/\",\"name\":\"Vecinos denuncian descuido y robos en colina de San Sebasti\u00e1n - El Diario - Bolivia\",\"isPartOf\":{\"@id\":\"https:\\\/\\\/www.eldiario.net\\\/portal\\\/#website\"},\"primaryImageOfPage\":{\"@id\":\"https:\\\/\\\/www.eldiario.net\\\/portal\\\/2026\\\/01\\\/30\\\/vecinos-denuncian-descuido-y-robos-en-colina-de-san-sebastian\\\/#primaryimage\"},\"image\":{\"@id\":\"https:\\\/\\\/www.eldiario.net\\\/portal\\\/2026\\\/01\\\/30\\\/vecinos-denuncian-descuido-y-robos-en-colina-de-san-sebastian\\\/#primaryimage\"},\"thumbnailUrl\":\"https:\\\/\\\/www.eldiario.net\\\/portal\\\/wp-content\\\/uploads\\\/2026\\\/01\\\/DESCUIDO-FOTO.webp\",\"datePublished\":\"2026-01-30T11:07:28+00:00\",\"breadcrumb\":{\"@id\":\"https:\\\/\\\/www.eldiario.net\\\/portal\\\/2026\\\/01\\\/30\\\/vecinos-denuncian-descuido-y-robos-en-colina-de-san-sebastian\\\/#breadcrumb\"},\"inLanguage\":\"es\",\"potentialAction\":[{\"@type\":\"ReadAction\",\"target\":[\"https:\\\/\\\/www.eldiario.net\\\/portal\\\/2026\\\/01\\\/30\\\/vecinos-denuncian-descuido-y-robos-en-colina-de-san-sebastian\\\/\"]}]},{\"@type\":\"ImageObject\",\"inLanguage\":\"es\",\"@id\":\"https:\\\/\\\/www.eldiario.net\\\/portal\\\/2026\\\/01\\\/30\\\/vecinos-denuncian-descuido-y-robos-en-colina-de-san-sebastian\\\/#primaryimage\",\"url\":\"https:\\\/\\\/www.eldiario.net\\\/portal\\\/wp-content\\\/uploads\\\/2026\\\/01\\\/DESCUIDO-FOTO.webp\",\"contentUrl\":\"https:\\\/\\\/www.eldiario.net\\\/portal\\\/wp-content\\\/uploads\\\/2026\\\/01\\\/DESCUIDO-FOTO.webp\",\"width\":800,\"height\":450,\"caption\":\"La Coronilla de Cochabamba. Foto: Facebook Lind MarMedina\"},{\"@type\":\"BreadcrumbList\",\"@id\":\"https:\\\/\\\/www.eldiario.net\\\/portal\\\/2026\\\/01\\\/30\\\/vecinos-denuncian-descuido-y-robos-en-colina-de-san-sebastian\\\/#breadcrumb\",\"itemListElement\":[{\"@type\":\"ListItem\",\"position\":1,\"name\":\"Portada\",\"item\":\"https:\\\/\\\/www.eldiario.net\\\/portal\\\/\"},{\"@type\":\"ListItem\",\"position\":2,\"name\":\"Vecinos denuncian descuido y robos en colina de San Sebasti\u00e1n\"}]},{\"@type\":\"WebSite\",\"@id\":\"https:\\\/\\\/www.eldiario.net\\\/portal\\\/#website\",\"url\":\"https:\\\/\\\/www.eldiario.net\\\/portal\\\/\",\"name\":\"El Diario - Decano de la prensa nacional\",\"description\":\"El Diario - Decano de la prensa nacional\",\"publisher\":{\"@id\":\"https:\\\/\\\/www.eldiario.net\\\/portal\\\/#organization\"},\"potentialAction\":[{\"@type\":\"SearchAction\",\"target\":{\"@type\":\"EntryPoint\",\"urlTemplate\":\"https:\\\/\\\/www.eldiario.net\\\/portal\\\/?s={search_term_string}\"},\"query-input\":{\"@type\":\"PropertyValueSpecification\",\"valueRequired\":true,\"valueName\":\"search_term_string\"}}],\"inLanguage\":\"es\"},{\"@type\":\"Organization\",\"@id\":\"https:\\\/\\\/www.eldiario.net\\\/portal\\\/#organization\",\"name\":\"El Diario - Decano de la prensa nacional\",\"url\":\"https:\\\/\\\/www.eldiario.net\\\/portal\\\/\",\"logo\":{\"@type\":\"ImageObject\",\"inLanguage\":\"es\",\"@id\":\"https:\\\/\\\/www.eldiario.net\\\/portal\\\/#\\\/schema\\\/logo\\\/image\\\/\",\"url\":\"https:\\\/\\\/www.eldiario.net\\\/portal\\\/wp-content\\\/uploads\\\/2023\\\/07\\\/logo_ED.jpg\",\"contentUrl\":\"https:\\\/\\\/www.eldiario.net\\\/portal\\\/wp-content\\\/uploads\\\/2023\\\/07\\\/logo_ED.jpg\",\"width\":272,\"height\":52,\"caption\":\"El Diario - Decano de la prensa nacional\"},\"image\":{\"@id\":\"https:\\\/\\\/www.eldiario.net\\\/portal\\\/#\\\/schema\\\/logo\\\/image\\\/\"},\"sameAs\":[\"https:\\\/\\\/www.facebook.com\\\/eldiario.bolivia\\\/\",\"https:\\\/\\\/x.com\\\/eldiario_net\"]},{\"@type\":\"Person\",\"@id\":\"https:\\\/\\\/www.eldiario.net\\\/portal\\\/#\\\/schema\\\/person\\\/f46445640444750d7d753ccd04ae01b7\",\"name\":\"Jeanette\",\"image\":{\"@type\":\"ImageObject\",\"inLanguage\":\"es\",\"@id\":\"https:\\\/\\\/secure.gravatar.com\\\/avatar\\\/3ea2118a5f7dad2b7138b1187a6b7ee55f160b9968b66013c3a3ef39dd7e5798?s=96&d=mm&r=g\",\"url\":\"https:\\\/\\\/secure.gravatar.com\\\/avatar\\\/3ea2118a5f7dad2b7138b1187a6b7ee55f160b9968b66013c3a3ef39dd7e5798?s=96&d=mm&r=g\",\"contentUrl\":\"https:\\\/\\\/secure.gravatar.com\\\/avatar\\\/3ea2118a5f7dad2b7138b1187a6b7ee55f160b9968b66013c3a3ef39dd7e5798?s=96&d=mm&r=g\",\"caption\":\"Jeanette\"},\"sameAs\":[\"https:\\\/\\\/www.eldiario.net\\\/portal\"],\"url\":\"https:\\\/\\\/www.eldiario.net\\\/portal\\\/author\\\/jeanette\\\/\"}]}<\/script>\n<!-- \/ Yoast SEO plugin. -->","yoast_head_json":{"title":"Vecinos denuncian descuido y robos en colina de San Sebasti\u00e1n - El Diario - Bolivia","robots":{"index":"index","follow":"follow","max-snippet":"max-snippet:-1","max-image-preview":"max-image-preview:large","max-video-preview":"max-video-preview:-1"},"canonical":"https:\/\/www.eldiario.net\/portal\/2026\/01\/30\/vecinos-denuncian-descuido-y-robos-en-colina-de-san-sebastian\/","og_locale":"es_ES","og_type":"article","og_title":"Vecinos denuncian descuido y robos en colina de San Sebasti\u00e1n - El Diario - Bolivia","og_description":"Vecinos denunciaron el robo de artefactos del sistema el\u00e9ctrico y el abandono de la Colina de San Sebasti\u00e1n, uno de los principales espacios hist\u00f3ricos de la ciudad de Cochabamba. Tras la denuncia, se realiz\u00f3 una verificaci\u00f3n en el lugar, donde se constat\u00f3 que la maleza ha crecido de forma descontrolada, incluso en las gradas, y [&hellip;]","og_url":"https:\/\/www.eldiario.net\/portal\/2026\/01\/30\/vecinos-denuncian-descuido-y-robos-en-colina-de-san-sebastian\/","og_site_name":"El Diario - Bolivia","article_publisher":"https:\/\/www.facebook.com\/eldiario.bolivia\/","article_published_time":"2026-01-30T11:07:28+00:00","og_image":[{"width":800,"height":450,"url":"https:\/\/www.eldiario.net\/portal\/wp-content\/uploads\/2026\/01\/DESCUIDO-FOTO.webp","type":"image\/webp"}],"author":"Jeanette","twitter_card":"summary_large_image","twitter_creator":"@eldiario_net","twitter_site":"@eldiario_net","twitter_misc":{"Escrito por":"Jeanette","Tiempo de lectura":"2 minutos"},"schema":{"@context":"https:\/\/schema.org","@graph":[{"@type":"Article","@id":"https:\/\/www.eldiario.net\/portal\/2026\/01\/30\/vecinos-denuncian-descuido-y-robos-en-colina-de-san-sebastian\/#article","isPartOf":{"@id":"https:\/\/www.eldiario.net\/portal\/2026\/01\/30\/vecinos-denuncian-descuido-y-robos-en-colina-de-san-sebastian\/"},"author":{"name":"Jeanette","@id":"https:\/\/www.eldiario.net\/portal\/#\/schema\/person\/f46445640444750d7d753ccd04ae01b7"},"headline":"Vecinos denuncian descuido y robos en colina de San Sebasti\u00e1n","datePublished":"2026-01-30T11:07:28+00:00","mainEntityOfPage":{"@id":"https:\/\/www.eldiario.net\/portal\/2026\/01\/30\/vecinos-denuncian-descuido-y-robos-en-colina-de-san-sebastian\/"},"wordCount":240,"publisher":{"@id":"https:\/\/www.eldiario.net\/portal\/#organization"},"image":{"@id":"https:\/\/www.eldiario.net\/portal\/2026\/01\/30\/vecinos-denuncian-descuido-y-robos-en-colina-de-san-sebastian\/#primaryimage"},"thumbnailUrl":"https:\/\/www.eldiario.net\/portal\/wp-content\/uploads\/2026\/01\/DESCUIDO-FOTO.webp","articleSection":["Nacional"],"inLanguage":"es"},{"@type":"WebPage","@id":"https:\/\/www.eldiario.net\/portal\/2026\/01\/30\/vecinos-denuncian-descuido-y-robos-en-colina-de-san-sebastian\/","url":"https:\/\/www.eldiario.net\/portal\/2026\/01\/30\/vecinos-denuncian-descuido-y-robos-en-colina-de-san-sebastian\/","name":"Vecinos denuncian descuido y robos en colina de San Sebasti\u00e1n - El Diario - Bolivia","isPartOf":{"@id":"https:\/\/www.eldiario.net\/portal\/#website"},"primaryImageOfPage":{"@id":"https:\/\/www.eldiario.net\/portal\/2026\/01\/30\/vecinos-denuncian-descuido-y-robos-en-colina-de-san-sebastian\/#primaryimage"},"image":{"@id":"https:\/\/www.eldiario.net\/portal\/2026\/01\/30\/vecinos-denuncian-descuido-y-robos-en-colina-de-san-sebastian\/#primaryimage"},"thumbnailUrl":"https:\/\/www.eldiario.net\/portal\/wp-content\/uploads\/2026\/01\/DESCUIDO-FOTO.webp","datePublished":"2026-01-30T11:07:28+00:00","breadcrumb":{"@id":"https:\/\/www.eldiario.net\/portal\/2026\/01\/30\/vecinos-denuncian-descuido-y-robos-en-colina-de-san-sebastian\/#breadcrumb"},"inLanguage":"es","potentialAction":[{"@type":"ReadAction","target":["https:\/\/www.eldiario.net\/portal\/2026\/01\/30\/vecinos-denuncian-descuido-y-robos-en-colina-de-san-sebastian\/"]}]},{"@type":"ImageObject","inLanguage":"es","@id":"https:\/\/www.eldiario.net\/portal\/2026\/01\/30\/vecinos-denuncian-descuido-y-robos-en-colina-de-san-sebastian\/#primaryimage","url":"https:\/\/www.eldiario.net\/portal\/wp-content\/uploads\/2026\/01\/DESCUIDO-FOTO.webp","contentUrl":"https:\/\/www.eldiario.net\/portal\/wp-content\/uploads\/2026\/01\/DESCUIDO-FOTO.webp","width":800,"height":450,"caption":"La Coronilla de Cochabamba. Foto: Facebook Lind MarMedina"},{"@type":"BreadcrumbList","@id":"https:\/\/www.eldiario.net\/portal\/2026\/01\/30\/vecinos-denuncian-descuido-y-robos-en-colina-de-san-sebastian\/#breadcrumb","itemListElement":[{"@type":"ListItem","position":1,"name":"Portada","item":"https:\/\/www.eldiario.net\/portal\/"},{"@type":"ListItem","position":2,"name":"Vecinos denuncian descuido y robos en colina de San Sebasti\u00e1n"}]},{"@type":"WebSite","@id":"https:\/\/www.eldiario.net\/portal\/#website","url":"https:\/\/www.eldiario.net\/portal\/","name":"El Diario - Decano de la prensa nacional","description":"El Diario - Decano de la prensa nacional","publisher":{"@id":"https:\/\/www.eldiario.net\/portal\/#organization"},"potentialAction":[{"@type":"SearchAction","target":{"@type":"EntryPoint","urlTemplate":"https:\/\/www.eldiario.net\/portal\/?s={search_term_string}"},"query-input":{"@type":"PropertyValueSpecification","valueRequired":true,"valueName":"search_term_string"}}],"inLanguage":"es"},{"@type":"Organization","@id":"https:\/\/www.eldiario.net\/portal\/#organization","name":"El Diario - Decano de la prensa nacional","url":"https:\/\/www.eldiario.net\/portal\/","logo":{"@type":"ImageObject","inLanguage":"es","@id":"https:\/\/www.eldiario.net\/portal\/#\/schema\/logo\/image\/","url":"https:\/\/www.eldiario.net\/portal\/wp-content\/uploads\/2023\/07\/logo_ED.jpg","contentUrl":"https:\/\/www.eldiario.net\/portal\/wp-content\/uploads\/2023\/07\/logo_ED.jpg","width":272,"height":52,"caption":"El Diario - Decano de la prensa nacional"},"image":{"@id":"https:\/\/www.eldiario.net\/portal\/#\/schema\/logo\/image\/"},"sameAs":["https:\/\/www.facebook.com\/eldiario.bolivia\/","https:\/\/x.com\/eldiario_net"]},{"@type":"Person","@id":"https:\/\/www.eldiario.net\/portal\/#\/schema\/person\/f46445640444750d7d753ccd04ae01b7","name":"Jeanette","image":{"@type":"ImageObject","inLanguage":"es","@id":"https:\/\/secure.gravatar.com\/avatar\/3ea2118a5f7dad2b7138b1187a6b7ee55f160b9968b66013c3a3ef39dd7e5798?s=96&d=mm&r=g","url":"https:\/\/secure.gravatar.com\/avatar\/3ea2118a5f7dad2b7138b1187a6b7ee55f160b9968b66013c3a3ef39dd7e5798?s=96&d=mm&r=g","contentUrl":"https:\/\/secure.gravatar.com\/avatar\/3ea2118a5f7dad2b7138b1187a6b7ee55f160b9968b66013c3a3ef39dd7e5798?s=96&d=mm&r=g","caption":"Jeanette"},"sameAs":["https:\/\/www.eldiario.net\/portal"],"url":"https:\/\/www.eldiario.net\/portal\/author\/jeanette\/"}]}},"_links":{"self":[{"href":"https:\/\/www.eldiario.net\/portal\/wp-json\/wp\/v2\/posts\/364279","targetHints":{"allow":["GET"]}}],"collection":[{"href":"https:\/\/www.eldiario.net\/portal\/wp-json\/wp\/v2\/posts"}],"about":[{"href":"https:\/\/www.eldiario.net\/portal\/wp-json\/wp\/v2\/types\/post"}],"author":[{"embeddable":true,"href":"https:\/\/www.eldiario.net\/portal\/wp-json\/wp\/v2\/users\/1"}],"replies":[{"embeddable":true,"href":"https:\/\/www.eldiario.net\/portal\/wp-json\/wp\/v2\/comments?post=364279"}],"version-history":[{"count":1,"href":"https:\/\/www.eldiario.net\/portal\/wp-json\/wp\/v2\/posts\/364279\/revisions"}],"predecessor-version":[{"id":364281,"href":"https:\/\/www.eldiario.net\/portal\/wp-json\/wp\/v2\/posts\/364279\/revisions\/364281"}],"wp:featuredmedia":[{"embeddable":true,"href":"https:\/\/www.eldiario.net\/portal\/wp-json\/wp\/v2\/media\/364280"}],"wp:attachment":[{"href":"https:\/\/www.eldiario.net\/portal\/wp-json\/wp\/v2\/media?parent=364279"}],"wp:term":[{"taxonomy":"category","embeddable":true,"href":"https:\/\/www.eldiario.net\/portal\/wp-json\/wp\/v2\/categories?post=364279"},{"taxonomy":"post_tag","embeddable":true,"href":"https:\/\/www.eldiario.net\/portal\/wp-json\/wp\/v2\/tags?post=364279"}],"curies":[{"name":"wp","href":"https:\/\/api.w.org\/{rel}","templated":true}]}}