{"id":364276,"date":"2026-01-30T07:06:56","date_gmt":"2026-01-30T11:06:56","guid":{"rendered":"https:\/\/www.eldiario.net\/portal\/?p=364276"},"modified":"2026-01-30T07:06:56","modified_gmt":"2026-01-30T11:06:56","slug":"conminan-a-la-alcaldia-entregar-desayuno-escolar-desde-el-lunes","status":"publish","type":"post","link":"https:\/\/www.eldiario.net\/portal\/2026\/01\/30\/conminan-a-la-alcaldia-entregar-desayuno-escolar-desde-el-lunes\/","title":{"rendered":"Conminan a la Alcald\u00eda entregar Desayuno escolar desde el lunes"},"content":{"rendered":"<p>A pocos d\u00edas del retorno a clases a nivel nacional, previsto para el lunes 2 de febrero, padres de familia de la ciudad de Santa Cruz de la Sierra advierten con movilizaciones y acciones legales si la Alcald\u00eda cruce\u00f1a no entrega el desayuno escolar desde el primer d\u00eda de la gesti\u00f3n 2026.<\/p>\n<p>Este lunes 2 de febrero se reanudan las actividades escolares en todo el pa\u00eds y los padres de familia tienen temor de que las unidades educativas no est\u00e9n en condiciones adecuadas para el inicio del ciclo acad\u00e9mico y de que el desayuno escolar no sea garantizado desde la jornada inicial.<\/p>\n<p>La incertidumbre se concentra en la continuidad y la calidad de este programa alimentario, un derecho estipulado para los estudiantes de inicial, primaria y secundaria durante los 200 d\u00edas h\u00e1biles de gesti\u00f3n.<\/p>\n<p>El representante de los padres de familia, Jaime Caraballo, indic\u00f3 que existe incertidumbre sobre si se cumplir\u00e1 con la entrega de la raci\u00f3n de alimentaci\u00f3n complementaria desde el primer d\u00eda de clases, por lo que anunci\u00f3 que, en caso de incumplimiento, se activar\u00e1n acciones como movilizaciones y procesos legales contra la administraci\u00f3n municipal.<\/p>\n<p>\u201cVamos a esperar hasta el 2 de febrero; si el d\u00eda lunes no se entrega el desayuno escolar, no aparece o no hay dotaci\u00f3n, el martes se va iniciar un proceso contra el alcalde\u201d, sostuvo al referirse al alcalde de Santa Cruz de la Sierra, Jhonny Fern\u00e1ndez.<\/p>\n<p>Caraballo advirti\u00f3 que no se quedar\u00e1n esperando, como hicieron en procesos anteriores, a que el desayuno llegue de forma tard\u00eda o irregular en el transcurso del a\u00f1o. En esa l\u00ednea, remarc\u00f3 que se tomar\u00e1n acciones desde el primer d\u00eda en caso de que se incumpla con la entrega del desayuno escolar y reiter\u00f3 que no aceptar\u00e1n que se brinde \u201ccualquier producto\u201d, como estiman que sucedi\u00f3 el a\u00f1o pasado, y que el postergado y la irrupci\u00f3n de insumos de dudosa calidad afectaron la confianza de las familias.<\/p>\n<p>\u201cSi el d\u00eda uno de clases no hay desayuno escolar, el martes estamos iniciando un proceso contra el alcalde porque no nos vamos a quedar como en la gesti\u00f3n 2025, a esperar su santa gana a que a mediados de junio reci\u00e9n lleguen los productos\u201d, sostuvo Caraballo, subrayando su demanda de puntualidad y de calidad en la provisi\u00f3n de la raci\u00f3n diaria.<\/p>\n<p>Por su lado, la concejal Lola Terrazas se\u00f1al\u00f3 que no hay certidumbre de que el desayuno escolar se entregue completo desde el primer d\u00eda, ya que, seg\u00fan sus denuncias, para educaci\u00f3n primaria no se licitaron todos los productos y permaneci\u00f3 una parte del proceso desierta. Adem\u00e1s, indic\u00f3 que en educaci\u00f3n secundaria no se contemplar\u00e1 la entrega completa del desayuno escolar, lo que a juicio de la concejal pone en riesgo el derecho alimentario de miles de estudiantes de ese nivel.<\/p>\n<p>En ese escenario, padres y autoridades municipales se encuentran con un cronograma ajustado previo al retorno de las clases, mientras la Alcald\u00eda afirma que los retrasos se deben a la lentitud en la ejecuci\u00f3n de procesos licitatorios y a tr\u00e1mites administrativos pendientes, aunque sin precisar plazos concretos de normalizaci\u00f3n del programa.<\/p>\n<p>Ante esa situaci\u00f3n, las organizaciones de padres de familia insisten en que el desayuno escolar no puede verse nuevamente postergado y exigen que se garantice su provisi\u00f3n integral desde el lunes 2 de febrero, fecha oficial de inicio del a\u00f1o lectivo en Bolivia. (Santa Cruz, agencias)<\/p>\n","protected":false},"excerpt":{"rendered":"<p>A pocos d\u00edas del retorno a clases a nivel nacional, previsto para el lunes 2 de febrero, padres de familia de la ciudad de Santa Cruz de la Sierra advierten con movilizaciones y acciones legales si la Alcald\u00eda cruce\u00f1a no entrega el desayuno escolar desde el primer d\u00eda de la gesti\u00f3n 2026. Este lunes 2 [&hellip;]<\/p>\n","protected":false},"author":1,"featured_media":364277,"comment_status":"closed","ping_status":"open","sticky":false,"template":"","format":"standard","meta":{"_acf_changed":false,"footnotes":""},"categories":[12],"tags":[],"class_list":["post-364276","post","type-post","status-publish","format-standard","has-post-thumbnail","category-nacional"],"acf":{"antetitulo":"Santa Cruz"},"yoast_head":"<!-- This site is optimized with the Yoast SEO plugin v28.4 - https:\/\/yoast.com\/product\/yoast-seo-wordpress\/ -->\n<title>Conminan a la Alcald\u00eda entregar Desayuno escolar desde el lunes - El Diario - Bolivia<\/title>\n<meta name=\"robots\" content=\"index, follow, max-snippet:-1, max-image-preview:large, max-video-preview:-1\" \/>\n<link rel=\"canonical\" href=\"https:\/\/www.eldiario.net\/portal\/2026\/01\/30\/conminan-a-la-alcaldia-entregar-desayuno-escolar-desde-el-lunes\/\" \/>\n<meta property=\"og:locale\" content=\"es_ES\" \/>\n<meta property=\"og:type\" content=\"article\" \/>\n<meta property=\"og:title\" content=\"Conminan a la Alcald\u00eda entregar Desayuno escolar desde el lunes - El Diario - Bolivia\" \/>\n<meta property=\"og:description\" content=\"A pocos d\u00edas del retorno a clases a nivel nacional, previsto para el lunes 2 de febrero, padres de familia de la ciudad de Santa Cruz de la Sierra advierten con movilizaciones y acciones legales si la Alcald\u00eda cruce\u00f1a no entrega el desayuno escolar desde el primer d\u00eda de la gesti\u00f3n 2026. Este lunes 2 [&hellip;]\" \/>\n<meta property=\"og:url\" content=\"https:\/\/www.eldiario.net\/portal\/2026\/01\/30\/conminan-a-la-alcaldia-entregar-desayuno-escolar-desde-el-lunes\/\" \/>\n<meta property=\"og:site_name\" content=\"El Diario - Bolivia\" \/>\n<meta property=\"article:publisher\" content=\"https:\/\/www.facebook.com\/eldiario.bolivia\/\" \/>\n<meta property=\"article:published_time\" content=\"2026-01-30T11:06:56+00:00\" \/>\n<meta property=\"og:image\" content=\"https:\/\/www.eldiario.net\/portal\/wp-content\/uploads\/2026\/01\/DESAYUNO-FOTO.webp\" \/>\n\t<meta property=\"og:image:width\" content=\"1200\" \/>\n\t<meta property=\"og:image:height\" content=\"511\" \/>\n\t<meta property=\"og:image:type\" content=\"image\/webp\" \/>\n<meta name=\"author\" content=\"Jeanette\" \/>\n<meta name=\"twitter:card\" content=\"summary_large_image\" \/>\n<meta name=\"twitter:creator\" content=\"@eldiario_net\" \/>\n<meta name=\"twitter:site\" content=\"@eldiario_net\" \/>\n<meta name=\"twitter:label1\" content=\"Escrito por\" \/>\n\t<meta name=\"twitter:data1\" content=\"Jeanette\" \/>\n\t<meta name=\"twitter:label2\" content=\"Tiempo de lectura\" \/>\n\t<meta name=\"twitter:data2\" content=\"3 minutos\" \/>\n<script type=\"application\/ld+json\" class=\"yoast-schema-graph\">{\"@context\":\"https:\\\/\\\/schema.org\",\"@graph\":[{\"@type\":\"Article\",\"@id\":\"https:\\\/\\\/www.eldiario.net\\\/portal\\\/2026\\\/01\\\/30\\\/conminan-a-la-alcaldia-entregar-desayuno-escolar-desde-el-lunes\\\/#article\",\"isPartOf\":{\"@id\":\"https:\\\/\\\/www.eldiario.net\\\/portal\\\/2026\\\/01\\\/30\\\/conminan-a-la-alcaldia-entregar-desayuno-escolar-desde-el-lunes\\\/\"},\"author\":{\"name\":\"Jeanette\",\"@id\":\"https:\\\/\\\/www.eldiario.net\\\/portal\\\/#\\\/schema\\\/person\\\/f46445640444750d7d753ccd04ae01b7\"},\"headline\":\"Conminan a la Alcald\u00eda entregar Desayuno escolar desde el lunes\",\"datePublished\":\"2026-01-30T11:06:56+00:00\",\"mainEntityOfPage\":{\"@id\":\"https:\\\/\\\/www.eldiario.net\\\/portal\\\/2026\\\/01\\\/30\\\/conminan-a-la-alcaldia-entregar-desayuno-escolar-desde-el-lunes\\\/\"},\"wordCount\":609,\"publisher\":{\"@id\":\"https:\\\/\\\/www.eldiario.net\\\/portal\\\/#organization\"},\"image\":{\"@id\":\"https:\\\/\\\/www.eldiario.net\\\/portal\\\/2026\\\/01\\\/30\\\/conminan-a-la-alcaldia-entregar-desayuno-escolar-desde-el-lunes\\\/#primaryimage\"},\"thumbnailUrl\":\"https:\\\/\\\/www.eldiario.net\\\/portal\\\/wp-content\\\/uploads\\\/2026\\\/01\\\/DESAYUNO-FOTO.webp\",\"articleSection\":[\"Nacional\"],\"inLanguage\":\"es\"},{\"@type\":\"WebPage\",\"@id\":\"https:\\\/\\\/www.eldiario.net\\\/portal\\\/2026\\\/01\\\/30\\\/conminan-a-la-alcaldia-entregar-desayuno-escolar-desde-el-lunes\\\/\",\"url\":\"https:\\\/\\\/www.eldiario.net\\\/portal\\\/2026\\\/01\\\/30\\\/conminan-a-la-alcaldia-entregar-desayuno-escolar-desde-el-lunes\\\/\",\"name\":\"Conminan a la Alcald\u00eda entregar Desayuno escolar desde el lunes - El Diario - Bolivia\",\"isPartOf\":{\"@id\":\"https:\\\/\\\/www.eldiario.net\\\/portal\\\/#website\"},\"primaryImageOfPage\":{\"@id\":\"https:\\\/\\\/www.eldiario.net\\\/portal\\\/2026\\\/01\\\/30\\\/conminan-a-la-alcaldia-entregar-desayuno-escolar-desde-el-lunes\\\/#primaryimage\"},\"image\":{\"@id\":\"https:\\\/\\\/www.eldiario.net\\\/portal\\\/2026\\\/01\\\/30\\\/conminan-a-la-alcaldia-entregar-desayuno-escolar-desde-el-lunes\\\/#primaryimage\"},\"thumbnailUrl\":\"https:\\\/\\\/www.eldiario.net\\\/portal\\\/wp-content\\\/uploads\\\/2026\\\/01\\\/DESAYUNO-FOTO.webp\",\"datePublished\":\"2026-01-30T11:06:56+00:00\",\"breadcrumb\":{\"@id\":\"https:\\\/\\\/www.eldiario.net\\\/portal\\\/2026\\\/01\\\/30\\\/conminan-a-la-alcaldia-entregar-desayuno-escolar-desde-el-lunes\\\/#breadcrumb\"},\"inLanguage\":\"es\",\"potentialAction\":[{\"@type\":\"ReadAction\",\"target\":[\"https:\\\/\\\/www.eldiario.net\\\/portal\\\/2026\\\/01\\\/30\\\/conminan-a-la-alcaldia-entregar-desayuno-escolar-desde-el-lunes\\\/\"]}]},{\"@type\":\"ImageObject\",\"inLanguage\":\"es\",\"@id\":\"https:\\\/\\\/www.eldiario.net\\\/portal\\\/2026\\\/01\\\/30\\\/conminan-a-la-alcaldia-entregar-desayuno-escolar-desde-el-lunes\\\/#primaryimage\",\"url\":\"https:\\\/\\\/www.eldiario.net\\\/portal\\\/wp-content\\\/uploads\\\/2026\\\/01\\\/DESAYUNO-FOTO.webp\",\"contentUrl\":\"https:\\\/\\\/www.eldiario.net\\\/portal\\\/wp-content\\\/uploads\\\/2026\\\/01\\\/DESAYUNO-FOTO.webp\",\"width\":1200,\"height\":511,\"caption\":\"El desayuno escolar que se entrega en unidades educativas fiscales y de convenio. FOTO: Unitel\"},{\"@type\":\"BreadcrumbList\",\"@id\":\"https:\\\/\\\/www.eldiario.net\\\/portal\\\/2026\\\/01\\\/30\\\/conminan-a-la-alcaldia-entregar-desayuno-escolar-desde-el-lunes\\\/#breadcrumb\",\"itemListElement\":[{\"@type\":\"ListItem\",\"position\":1,\"name\":\"Portada\",\"item\":\"https:\\\/\\\/www.eldiario.net\\\/portal\\\/\"},{\"@type\":\"ListItem\",\"position\":2,\"name\":\"Conminan a la Alcald\u00eda entregar Desayuno escolar desde el lunes\"}]},{\"@type\":\"WebSite\",\"@id\":\"https:\\\/\\\/www.eldiario.net\\\/portal\\\/#website\",\"url\":\"https:\\\/\\\/www.eldiario.net\\\/portal\\\/\",\"name\":\"El Diario - Decano de la prensa nacional\",\"description\":\"El Diario - Decano de la prensa nacional\",\"publisher\":{\"@id\":\"https:\\\/\\\/www.eldiario.net\\\/portal\\\/#organization\"},\"potentialAction\":[{\"@type\":\"SearchAction\",\"target\":{\"@type\":\"EntryPoint\",\"urlTemplate\":\"https:\\\/\\\/www.eldiario.net\\\/portal\\\/?s={search_term_string}\"},\"query-input\":{\"@type\":\"PropertyValueSpecification\",\"valueRequired\":true,\"valueName\":\"search_term_string\"}}],\"inLanguage\":\"es\"},{\"@type\":\"Organization\",\"@id\":\"https:\\\/\\\/www.eldiario.net\\\/portal\\\/#organization\",\"name\":\"El Diario - Decano de la prensa nacional\",\"url\":\"https:\\\/\\\/www.eldiario.net\\\/portal\\\/\",\"logo\":{\"@type\":\"ImageObject\",\"inLanguage\":\"es\",\"@id\":\"https:\\\/\\\/www.eldiario.net\\\/portal\\\/#\\\/schema\\\/logo\\\/image\\\/\",\"url\":\"https:\\\/\\\/www.eldiario.net\\\/portal\\\/wp-content\\\/uploads\\\/2023\\\/07\\\/logo_ED.jpg\",\"contentUrl\":\"https:\\\/\\\/www.eldiario.net\\\/portal\\\/wp-content\\\/uploads\\\/2023\\\/07\\\/logo_ED.jpg\",\"width\":272,\"height\":52,\"caption\":\"El Diario - Decano de la prensa nacional\"},\"image\":{\"@id\":\"https:\\\/\\\/www.eldiario.net\\\/portal\\\/#\\\/schema\\\/logo\\\/image\\\/\"},\"sameAs\":[\"https:\\\/\\\/www.facebook.com\\\/eldiario.bolivia\\\/\",\"https:\\\/\\\/x.com\\\/eldiario_net\"]},{\"@type\":\"Person\",\"@id\":\"https:\\\/\\\/www.eldiario.net\\\/portal\\\/#\\\/schema\\\/person\\\/f46445640444750d7d753ccd04ae01b7\",\"name\":\"Jeanette\",\"image\":{\"@type\":\"ImageObject\",\"inLanguage\":\"es\",\"@id\":\"https:\\\/\\\/secure.gravatar.com\\\/avatar\\\/3ea2118a5f7dad2b7138b1187a6b7ee55f160b9968b66013c3a3ef39dd7e5798?s=96&d=mm&r=g\",\"url\":\"https:\\\/\\\/secure.gravatar.com\\\/avatar\\\/3ea2118a5f7dad2b7138b1187a6b7ee55f160b9968b66013c3a3ef39dd7e5798?s=96&d=mm&r=g\",\"contentUrl\":\"https:\\\/\\\/secure.gravatar.com\\\/avatar\\\/3ea2118a5f7dad2b7138b1187a6b7ee55f160b9968b66013c3a3ef39dd7e5798?s=96&d=mm&r=g\",\"caption\":\"Jeanette\"},\"sameAs\":[\"https:\\\/\\\/www.eldiario.net\\\/portal\"],\"url\":\"https:\\\/\\\/www.eldiario.net\\\/portal\\\/author\\\/jeanette\\\/\"}]}<\/script>\n<!-- \/ Yoast SEO plugin. -->","yoast_head_json":{"title":"Conminan a la Alcald\u00eda entregar Desayuno escolar desde el lunes - El Diario - Bolivia","robots":{"index":"index","follow":"follow","max-snippet":"max-snippet:-1","max-image-preview":"max-image-preview:large","max-video-preview":"max-video-preview:-1"},"canonical":"https:\/\/www.eldiario.net\/portal\/2026\/01\/30\/conminan-a-la-alcaldia-entregar-desayuno-escolar-desde-el-lunes\/","og_locale":"es_ES","og_type":"article","og_title":"Conminan a la Alcald\u00eda entregar Desayuno escolar desde el lunes - El Diario - Bolivia","og_description":"A pocos d\u00edas del retorno a clases a nivel nacional, previsto para el lunes 2 de febrero, padres de familia de la ciudad de Santa Cruz de la Sierra advierten con movilizaciones y acciones legales si la Alcald\u00eda cruce\u00f1a no entrega el desayuno escolar desde el primer d\u00eda de la gesti\u00f3n 2026. Este lunes 2 [&hellip;]","og_url":"https:\/\/www.eldiario.net\/portal\/2026\/01\/30\/conminan-a-la-alcaldia-entregar-desayuno-escolar-desde-el-lunes\/","og_site_name":"El Diario - Bolivia","article_publisher":"https:\/\/www.facebook.com\/eldiario.bolivia\/","article_published_time":"2026-01-30T11:06:56+00:00","og_image":[{"width":1200,"height":511,"url":"https:\/\/www.eldiario.net\/portal\/wp-content\/uploads\/2026\/01\/DESAYUNO-FOTO.webp","type":"image\/webp"}],"author":"Jeanette","twitter_card":"summary_large_image","twitter_creator":"@eldiario_net","twitter_site":"@eldiario_net","twitter_misc":{"Escrito por":"Jeanette","Tiempo de lectura":"3 minutos"},"schema":{"@context":"https:\/\/schema.org","@graph":[{"@type":"Article","@id":"https:\/\/www.eldiario.net\/portal\/2026\/01\/30\/conminan-a-la-alcaldia-entregar-desayuno-escolar-desde-el-lunes\/#article","isPartOf":{"@id":"https:\/\/www.eldiario.net\/portal\/2026\/01\/30\/conminan-a-la-alcaldia-entregar-desayuno-escolar-desde-el-lunes\/"},"author":{"name":"Jeanette","@id":"https:\/\/www.eldiario.net\/portal\/#\/schema\/person\/f46445640444750d7d753ccd04ae01b7"},"headline":"Conminan a la Alcald\u00eda entregar Desayuno escolar desde el lunes","datePublished":"2026-01-30T11:06:56+00:00","mainEntityOfPage":{"@id":"https:\/\/www.eldiario.net\/portal\/2026\/01\/30\/conminan-a-la-alcaldia-entregar-desayuno-escolar-desde-el-lunes\/"},"wordCount":609,"publisher":{"@id":"https:\/\/www.eldiario.net\/portal\/#organization"},"image":{"@id":"https:\/\/www.eldiario.net\/portal\/2026\/01\/30\/conminan-a-la-alcaldia-entregar-desayuno-escolar-desde-el-lunes\/#primaryimage"},"thumbnailUrl":"https:\/\/www.eldiario.net\/portal\/wp-content\/uploads\/2026\/01\/DESAYUNO-FOTO.webp","articleSection":["Nacional"],"inLanguage":"es"},{"@type":"WebPage","@id":"https:\/\/www.eldiario.net\/portal\/2026\/01\/30\/conminan-a-la-alcaldia-entregar-desayuno-escolar-desde-el-lunes\/","url":"https:\/\/www.eldiario.net\/portal\/2026\/01\/30\/conminan-a-la-alcaldia-entregar-desayuno-escolar-desde-el-lunes\/","name":"Conminan a la Alcald\u00eda entregar Desayuno escolar desde el lunes - El Diario - Bolivia","isPartOf":{"@id":"https:\/\/www.eldiario.net\/portal\/#website"},"primaryImageOfPage":{"@id":"https:\/\/www.eldiario.net\/portal\/2026\/01\/30\/conminan-a-la-alcaldia-entregar-desayuno-escolar-desde-el-lunes\/#primaryimage"},"image":{"@id":"https:\/\/www.eldiario.net\/portal\/2026\/01\/30\/conminan-a-la-alcaldia-entregar-desayuno-escolar-desde-el-lunes\/#primaryimage"},"thumbnailUrl":"https:\/\/www.eldiario.net\/portal\/wp-content\/uploads\/2026\/01\/DESAYUNO-FOTO.webp","datePublished":"2026-01-30T11:06:56+00:00","breadcrumb":{"@id":"https:\/\/www.eldiario.net\/portal\/2026\/01\/30\/conminan-a-la-alcaldia-entregar-desayuno-escolar-desde-el-lunes\/#breadcrumb"},"inLanguage":"es","potentialAction":[{"@type":"ReadAction","target":["https:\/\/www.eldiario.net\/portal\/2026\/01\/30\/conminan-a-la-alcaldia-entregar-desayuno-escolar-desde-el-lunes\/"]}]},{"@type":"ImageObject","inLanguage":"es","@id":"https:\/\/www.eldiario.net\/portal\/2026\/01\/30\/conminan-a-la-alcaldia-entregar-desayuno-escolar-desde-el-lunes\/#primaryimage","url":"https:\/\/www.eldiario.net\/portal\/wp-content\/uploads\/2026\/01\/DESAYUNO-FOTO.webp","contentUrl":"https:\/\/www.eldiario.net\/portal\/wp-content\/uploads\/2026\/01\/DESAYUNO-FOTO.webp","width":1200,"height":511,"caption":"El desayuno escolar que se entrega en unidades educativas fiscales y de convenio. FOTO: Unitel"},{"@type":"BreadcrumbList","@id":"https:\/\/www.eldiario.net\/portal\/2026\/01\/30\/conminan-a-la-alcaldia-entregar-desayuno-escolar-desde-el-lunes\/#breadcrumb","itemListElement":[{"@type":"ListItem","position":1,"name":"Portada","item":"https:\/\/www.eldiario.net\/portal\/"},{"@type":"ListItem","position":2,"name":"Conminan a la Alcald\u00eda entregar Desayuno escolar desde el lunes"}]},{"@type":"WebSite","@id":"https:\/\/www.eldiario.net\/portal\/#website","url":"https:\/\/www.eldiario.net\/portal\/","name":"El Diario - Decano de la prensa nacional","description":"El Diario - Decano de la prensa nacional","publisher":{"@id":"https:\/\/www.eldiario.net\/portal\/#organization"},"potentialAction":[{"@type":"SearchAction","target":{"@type":"EntryPoint","urlTemplate":"https:\/\/www.eldiario.net\/portal\/?s={search_term_string}"},"query-input":{"@type":"PropertyValueSpecification","valueRequired":true,"valueName":"search_term_string"}}],"inLanguage":"es"},{"@type":"Organization","@id":"https:\/\/www.eldiario.net\/portal\/#organization","name":"El Diario - Decano de la prensa nacional","url":"https:\/\/www.eldiario.net\/portal\/","logo":{"@type":"ImageObject","inLanguage":"es","@id":"https:\/\/www.eldiario.net\/portal\/#\/schema\/logo\/image\/","url":"https:\/\/www.eldiario.net\/portal\/wp-content\/uploads\/2023\/07\/logo_ED.jpg","contentUrl":"https:\/\/www.eldiario.net\/portal\/wp-content\/uploads\/2023\/07\/logo_ED.jpg","width":272,"height":52,"caption":"El Diario - Decano de la prensa nacional"},"image":{"@id":"https:\/\/www.eldiario.net\/portal\/#\/schema\/logo\/image\/"},"sameAs":["https:\/\/www.facebook.com\/eldiario.bolivia\/","https:\/\/x.com\/eldiario_net"]},{"@type":"Person","@id":"https:\/\/www.eldiario.net\/portal\/#\/schema\/person\/f46445640444750d7d753ccd04ae01b7","name":"Jeanette","image":{"@type":"ImageObject","inLanguage":"es","@id":"https:\/\/secure.gravatar.com\/avatar\/3ea2118a5f7dad2b7138b1187a6b7ee55f160b9968b66013c3a3ef39dd7e5798?s=96&d=mm&r=g","url":"https:\/\/secure.gravatar.com\/avatar\/3ea2118a5f7dad2b7138b1187a6b7ee55f160b9968b66013c3a3ef39dd7e5798?s=96&d=mm&r=g","contentUrl":"https:\/\/secure.gravatar.com\/avatar\/3ea2118a5f7dad2b7138b1187a6b7ee55f160b9968b66013c3a3ef39dd7e5798?s=96&d=mm&r=g","caption":"Jeanette"},"sameAs":["https:\/\/www.eldiario.net\/portal"],"url":"https:\/\/www.eldiario.net\/portal\/author\/jeanette\/"}]}},"_links":{"self":[{"href":"https:\/\/www.eldiario.net\/portal\/wp-json\/wp\/v2\/posts\/364276","targetHints":{"allow":["GET"]}}],"collection":[{"href":"https:\/\/www.eldiario.net\/portal\/wp-json\/wp\/v2\/posts"}],"about":[{"href":"https:\/\/www.eldiario.net\/portal\/wp-json\/wp\/v2\/types\/post"}],"author":[{"embeddable":true,"href":"https:\/\/www.eldiario.net\/portal\/wp-json\/wp\/v2\/users\/1"}],"replies":[{"embeddable":true,"href":"https:\/\/www.eldiario.net\/portal\/wp-json\/wp\/v2\/comments?post=364276"}],"version-history":[{"count":1,"href":"https:\/\/www.eldiario.net\/portal\/wp-json\/wp\/v2\/posts\/364276\/revisions"}],"predecessor-version":[{"id":364278,"href":"https:\/\/www.eldiario.net\/portal\/wp-json\/wp\/v2\/posts\/364276\/revisions\/364278"}],"wp:featuredmedia":[{"embeddable":true,"href":"https:\/\/www.eldiario.net\/portal\/wp-json\/wp\/v2\/media\/364277"}],"wp:attachment":[{"href":"https:\/\/www.eldiario.net\/portal\/wp-json\/wp\/v2\/media?parent=364276"}],"wp:term":[{"taxonomy":"category","embeddable":true,"href":"https:\/\/www.eldiario.net\/portal\/wp-json\/wp\/v2\/categories?post=364276"},{"taxonomy":"post_tag","embeddable":true,"href":"https:\/\/www.eldiario.net\/portal\/wp-json\/wp\/v2\/tags?post=364276"}],"curies":[{"name":"wp","href":"https:\/\/api.w.org\/{rel}","templated":true}]}}