{"id":364273,"date":"2026-01-30T07:05:15","date_gmt":"2026-01-30T11:05:15","guid":{"rendered":"https:\/\/www.eldiario.net\/portal\/?p=364273"},"modified":"2026-01-30T07:05:15","modified_gmt":"2026-01-30T11:05:15","slug":"bolivar-y-the-strongest-el-primer-round","status":"publish","type":"post","link":"https:\/\/www.eldiario.net\/portal\/2026\/01\/30\/bolivar-y-the-strongest-el-primer-round\/","title":{"rendered":"Bol\u00edvar y The Strongest,  el primer round"},"content":{"rendered":"<p>Bol\u00edvar y The Strongest se ver\u00e1n las caras este viernes, desde las 19:00, en el estadio Hernando Siles, en un duelo que servir\u00e1 como plato fuerte para inaugurar la Copa de Verano 2026. La Academia llega a esta cita tras cerrar una intensa etapa de preparaci\u00f3n en Per\u00fa, donde la delegaci\u00f3n celeste dedic\u00f3 el jueves exclusivamente al descanso luego de aterrizar en la madrugada pace\u00f1a.<br \/>\nTras cinco d\u00edas en Cusco y tres partidos disputados \u2014incluyendo un empate 1-1 ante Cienciano y dos ensayos a puerta cerrada\u2014, el equipo dirigido por Flavio Robatto busca afinar piezas, aunque con algunas dudas en el once inicial. La principal preocupaci\u00f3n radica en Lucas Ch\u00e1vez, quien regres\u00f3 de la convocatoria a la Selecci\u00f3n Nacional con una molestia f\u00edsica tras los amistosos ante Panam\u00e1 y M\u00e9xico, lo que hace poco probable su participaci\u00f3n en el Cl\u00e1sico.<br \/>\nPor otro lado, los seleccionados Carlos Lampe, Antonio Melgar, Luis Paz, Robson Matheus, Ervin Vaca y Escleizon Freita se integraron al trabajo en La Paz desde el martes bajo las \u00f3rdenes del preparador f\u00edsico Rolando Crespo, y ser\u00e1n evaluados por Robatto para definir si arrancan desde el pitido inicial frente al tradicional adversario.<br \/>\nEn la vereda de enfrente, el panorama de The Strongest es de renovaci\u00f3n total bajo el mando del experimentado Eduardo Villegas, quien ha retornado al club con la misi\u00f3n de devolverle el protagonismo.<br \/>\nEl \u00abTigre\u00bb presentar\u00e1 una fisonom\u00eda muy distinta a la del a\u00f1o pasado, habiendo sacudido el mercado con refuerzos de jerarqu\u00eda como el creativo argentino Jonathan Bustos (proveniente de Indonesia) y el retorno del goleador Carmelo Algara\u00f1az tras su paso por el f\u00fatbol griego.<br \/>\nA ellos se suman nombres que buscan darle frescura al plantel como Santiago Arce, Widen Saucedo, Kevin Salvatierra y el regreso de V\u00edctor Cu\u00e9llar. Este \u00abmodelo 2026\u00bb de Achumani llega con la presi\u00f3n de cubrir bajas sensibles, pues el club confirm\u00f3 las salidas de figuras como Luciano Ursino, Joel Amoroso y Juan Godoy, marcando un cambio de ciclo que tendr\u00e1 su primera prueba de fuego ante el eterno rival.<br \/>\nEl mercado de pases ha sido movido para ambos gigantes pace\u00f1os. Bol\u00edvar encara esta temporada con ausencias notables como las de los porteros Rub\u00e9n Cordano y Federico Lanzillota, adem\u00e1s de Daniel Cata\u00f1o y, fundamentalmente, la de Ramiro Vaca, quien se march\u00f3 al f\u00fatbol de Marruecos sin haber podido sumar minutos oficiales desde mayo de 2025 debido a una suspensi\u00f3n de ocho meses impuesta por la Conmebol.<br \/>\nPara mitigar estas salidas, la directiva celeste ha concretado cinco incorporaciones de peso: los ecuatorianos Christian Alem\u00e1n y Xavier Arreaga, junto a los talentos nacionales Carlos Sejas, Mat\u00edas Galindo y Christian L\u00f3pez.<br \/>\nCon estas nuevas caras y la base que se mantuvo, el Cl\u00e1sico Pace\u00f1o de esta noche no solo pondr\u00e1 en juego el orgullo de la ciudad, sino que ser\u00e1 el term\u00f3metro ideal para medir las ambiciones de dos planteles que han decidido reinventarse para conquistar la nueva temporada.<\/p>\n<p><em>ERWIN QUISPE PERCA<\/em><\/p>\n","protected":false},"excerpt":{"rendered":"<p>Bol\u00edvar y The Strongest se ver\u00e1n las caras este viernes, desde las 19:00, en el estadio Hernando Siles, en un duelo que servir\u00e1 como plato fuerte para inaugurar la Copa de Verano 2026. La Academia llega a esta cita tras cerrar una intensa etapa de preparaci\u00f3n en Per\u00fa, donde la delegaci\u00f3n celeste dedic\u00f3 el jueves [&hellip;]<\/p>\n","protected":false},"author":1,"featured_media":364274,"comment_status":"closed","ping_status":"open","sticky":false,"template":"","format":"standard","meta":{"_acf_changed":false,"footnotes":""},"categories":[6],"tags":[],"class_list":["post-364273","post","type-post","status-publish","format-standard","has-post-thumbnail","category-deportes"],"acf":{"antetitulo":""},"yoast_head":"<!-- This site is optimized with the Yoast SEO plugin v28.4 - https:\/\/yoast.com\/product\/yoast-seo-wordpress\/ -->\n<title>Bol\u00edvar y The Strongest, el primer round - El Diario - Bolivia<\/title>\n<meta name=\"robots\" content=\"index, follow, max-snippet:-1, max-image-preview:large, max-video-preview:-1\" \/>\n<link rel=\"canonical\" href=\"https:\/\/www.eldiario.net\/portal\/2026\/01\/30\/bolivar-y-the-strongest-el-primer-round\/\" \/>\n<meta property=\"og:locale\" content=\"es_ES\" \/>\n<meta property=\"og:type\" content=\"article\" \/>\n<meta property=\"og:title\" content=\"Bol\u00edvar y The Strongest, el primer round - El Diario - Bolivia\" \/>\n<meta property=\"og:description\" content=\"Bol\u00edvar y The Strongest se ver\u00e1n las caras este viernes, desde las 19:00, en el estadio Hernando Siles, en un duelo que servir\u00e1 como plato fuerte para inaugurar la Copa de Verano 2026. La Academia llega a esta cita tras cerrar una intensa etapa de preparaci\u00f3n en Per\u00fa, donde la delegaci\u00f3n celeste dedic\u00f3 el jueves [&hellip;]\" \/>\n<meta property=\"og:url\" content=\"https:\/\/www.eldiario.net\/portal\/2026\/01\/30\/bolivar-y-the-strongest-el-primer-round\/\" \/>\n<meta property=\"og:site_name\" content=\"El Diario - Bolivia\" \/>\n<meta property=\"article:publisher\" content=\"https:\/\/www.facebook.com\/eldiario.bolivia\/\" \/>\n<meta property=\"article:published_time\" content=\"2026-01-30T11:05:15+00:00\" \/>\n<meta property=\"og:image\" content=\"https:\/\/www.eldiario.net\/portal\/wp-content\/uploads\/2026\/01\/principal-3.webp\" \/>\n\t<meta property=\"og:image:width\" content=\"1024\" \/>\n\t<meta property=\"og:image:height\" content=\"696\" \/>\n\t<meta property=\"og:image:type\" content=\"image\/webp\" \/>\n<meta name=\"author\" content=\"Jeanette\" \/>\n<meta name=\"twitter:card\" content=\"summary_large_image\" \/>\n<meta name=\"twitter:creator\" content=\"@eldiario_net\" \/>\n<meta name=\"twitter:site\" content=\"@eldiario_net\" \/>\n<meta name=\"twitter:label1\" content=\"Escrito por\" \/>\n\t<meta name=\"twitter:data1\" content=\"Jeanette\" \/>\n\t<meta name=\"twitter:label2\" content=\"Tiempo de lectura\" \/>\n\t<meta name=\"twitter:data2\" content=\"3 minutos\" \/>\n<script type=\"application\/ld+json\" class=\"yoast-schema-graph\">{\"@context\":\"https:\\\/\\\/schema.org\",\"@graph\":[{\"@type\":\"Article\",\"@id\":\"https:\\\/\\\/www.eldiario.net\\\/portal\\\/2026\\\/01\\\/30\\\/bolivar-y-the-strongest-el-primer-round\\\/#article\",\"isPartOf\":{\"@id\":\"https:\\\/\\\/www.eldiario.net\\\/portal\\\/2026\\\/01\\\/30\\\/bolivar-y-the-strongest-el-primer-round\\\/\"},\"author\":{\"name\":\"Jeanette\",\"@id\":\"https:\\\/\\\/www.eldiario.net\\\/portal\\\/#\\\/schema\\\/person\\\/f46445640444750d7d753ccd04ae01b7\"},\"headline\":\"Bol\u00edvar y The Strongest, el primer round\",\"datePublished\":\"2026-01-30T11:05:15+00:00\",\"mainEntityOfPage\":{\"@id\":\"https:\\\/\\\/www.eldiario.net\\\/portal\\\/2026\\\/01\\\/30\\\/bolivar-y-the-strongest-el-primer-round\\\/\"},\"wordCount\":529,\"publisher\":{\"@id\":\"https:\\\/\\\/www.eldiario.net\\\/portal\\\/#organization\"},\"image\":{\"@id\":\"https:\\\/\\\/www.eldiario.net\\\/portal\\\/2026\\\/01\\\/30\\\/bolivar-y-the-strongest-el-primer-round\\\/#primaryimage\"},\"thumbnailUrl\":\"https:\\\/\\\/www.eldiario.net\\\/portal\\\/wp-content\\\/uploads\\\/2026\\\/01\\\/principal-3.webp\",\"articleSection\":[\"Deportes\"],\"inLanguage\":\"es\"},{\"@type\":\"WebPage\",\"@id\":\"https:\\\/\\\/www.eldiario.net\\\/portal\\\/2026\\\/01\\\/30\\\/bolivar-y-the-strongest-el-primer-round\\\/\",\"url\":\"https:\\\/\\\/www.eldiario.net\\\/portal\\\/2026\\\/01\\\/30\\\/bolivar-y-the-strongest-el-primer-round\\\/\",\"name\":\"Bol\u00edvar y The Strongest, el primer round - El Diario - Bolivia\",\"isPartOf\":{\"@id\":\"https:\\\/\\\/www.eldiario.net\\\/portal\\\/#website\"},\"primaryImageOfPage\":{\"@id\":\"https:\\\/\\\/www.eldiario.net\\\/portal\\\/2026\\\/01\\\/30\\\/bolivar-y-the-strongest-el-primer-round\\\/#primaryimage\"},\"image\":{\"@id\":\"https:\\\/\\\/www.eldiario.net\\\/portal\\\/2026\\\/01\\\/30\\\/bolivar-y-the-strongest-el-primer-round\\\/#primaryimage\"},\"thumbnailUrl\":\"https:\\\/\\\/www.eldiario.net\\\/portal\\\/wp-content\\\/uploads\\\/2026\\\/01\\\/principal-3.webp\",\"datePublished\":\"2026-01-30T11:05:15+00:00\",\"breadcrumb\":{\"@id\":\"https:\\\/\\\/www.eldiario.net\\\/portal\\\/2026\\\/01\\\/30\\\/bolivar-y-the-strongest-el-primer-round\\\/#breadcrumb\"},\"inLanguage\":\"es\",\"potentialAction\":[{\"@type\":\"ReadAction\",\"target\":[\"https:\\\/\\\/www.eldiario.net\\\/portal\\\/2026\\\/01\\\/30\\\/bolivar-y-the-strongest-el-primer-round\\\/\"]}]},{\"@type\":\"ImageObject\",\"inLanguage\":\"es\",\"@id\":\"https:\\\/\\\/www.eldiario.net\\\/portal\\\/2026\\\/01\\\/30\\\/bolivar-y-the-strongest-el-primer-round\\\/#primaryimage\",\"url\":\"https:\\\/\\\/www.eldiario.net\\\/portal\\\/wp-content\\\/uploads\\\/2026\\\/01\\\/principal-3.webp\",\"contentUrl\":\"https:\\\/\\\/www.eldiario.net\\\/portal\\\/wp-content\\\/uploads\\\/2026\\\/01\\\/principal-3.webp\",\"width\":1024,\"height\":696},{\"@type\":\"BreadcrumbList\",\"@id\":\"https:\\\/\\\/www.eldiario.net\\\/portal\\\/2026\\\/01\\\/30\\\/bolivar-y-the-strongest-el-primer-round\\\/#breadcrumb\",\"itemListElement\":[{\"@type\":\"ListItem\",\"position\":1,\"name\":\"Portada\",\"item\":\"https:\\\/\\\/www.eldiario.net\\\/portal\\\/\"},{\"@type\":\"ListItem\",\"position\":2,\"name\":\"Bol\u00edvar y The Strongest, el primer round\"}]},{\"@type\":\"WebSite\",\"@id\":\"https:\\\/\\\/www.eldiario.net\\\/portal\\\/#website\",\"url\":\"https:\\\/\\\/www.eldiario.net\\\/portal\\\/\",\"name\":\"El Diario - Decano de la prensa nacional\",\"description\":\"El Diario - Decano de la prensa nacional\",\"publisher\":{\"@id\":\"https:\\\/\\\/www.eldiario.net\\\/portal\\\/#organization\"},\"potentialAction\":[{\"@type\":\"SearchAction\",\"target\":{\"@type\":\"EntryPoint\",\"urlTemplate\":\"https:\\\/\\\/www.eldiario.net\\\/portal\\\/?s={search_term_string}\"},\"query-input\":{\"@type\":\"PropertyValueSpecification\",\"valueRequired\":true,\"valueName\":\"search_term_string\"}}],\"inLanguage\":\"es\"},{\"@type\":\"Organization\",\"@id\":\"https:\\\/\\\/www.eldiario.net\\\/portal\\\/#organization\",\"name\":\"El Diario - Decano de la prensa nacional\",\"url\":\"https:\\\/\\\/www.eldiario.net\\\/portal\\\/\",\"logo\":{\"@type\":\"ImageObject\",\"inLanguage\":\"es\",\"@id\":\"https:\\\/\\\/www.eldiario.net\\\/portal\\\/#\\\/schema\\\/logo\\\/image\\\/\",\"url\":\"https:\\\/\\\/www.eldiario.net\\\/portal\\\/wp-content\\\/uploads\\\/2023\\\/07\\\/logo_ED.jpg\",\"contentUrl\":\"https:\\\/\\\/www.eldiario.net\\\/portal\\\/wp-content\\\/uploads\\\/2023\\\/07\\\/logo_ED.jpg\",\"width\":272,\"height\":52,\"caption\":\"El Diario - Decano de la prensa nacional\"},\"image\":{\"@id\":\"https:\\\/\\\/www.eldiario.net\\\/portal\\\/#\\\/schema\\\/logo\\\/image\\\/\"},\"sameAs\":[\"https:\\\/\\\/www.facebook.com\\\/eldiario.bolivia\\\/\",\"https:\\\/\\\/x.com\\\/eldiario_net\"]},{\"@type\":\"Person\",\"@id\":\"https:\\\/\\\/www.eldiario.net\\\/portal\\\/#\\\/schema\\\/person\\\/f46445640444750d7d753ccd04ae01b7\",\"name\":\"Jeanette\",\"image\":{\"@type\":\"ImageObject\",\"inLanguage\":\"es\",\"@id\":\"https:\\\/\\\/secure.gravatar.com\\\/avatar\\\/3ea2118a5f7dad2b7138b1187a6b7ee55f160b9968b66013c3a3ef39dd7e5798?s=96&d=mm&r=g\",\"url\":\"https:\\\/\\\/secure.gravatar.com\\\/avatar\\\/3ea2118a5f7dad2b7138b1187a6b7ee55f160b9968b66013c3a3ef39dd7e5798?s=96&d=mm&r=g\",\"contentUrl\":\"https:\\\/\\\/secure.gravatar.com\\\/avatar\\\/3ea2118a5f7dad2b7138b1187a6b7ee55f160b9968b66013c3a3ef39dd7e5798?s=96&d=mm&r=g\",\"caption\":\"Jeanette\"},\"sameAs\":[\"https:\\\/\\\/www.eldiario.net\\\/portal\"],\"url\":\"https:\\\/\\\/www.eldiario.net\\\/portal\\\/author\\\/jeanette\\\/\"}]}<\/script>\n<!-- \/ Yoast SEO plugin. -->","yoast_head_json":{"title":"Bol\u00edvar y The Strongest, el primer round - El Diario - Bolivia","robots":{"index":"index","follow":"follow","max-snippet":"max-snippet:-1","max-image-preview":"max-image-preview:large","max-video-preview":"max-video-preview:-1"},"canonical":"https:\/\/www.eldiario.net\/portal\/2026\/01\/30\/bolivar-y-the-strongest-el-primer-round\/","og_locale":"es_ES","og_type":"article","og_title":"Bol\u00edvar y The Strongest, el primer round - El Diario - Bolivia","og_description":"Bol\u00edvar y The Strongest se ver\u00e1n las caras este viernes, desde las 19:00, en el estadio Hernando Siles, en un duelo que servir\u00e1 como plato fuerte para inaugurar la Copa de Verano 2026. La Academia llega a esta cita tras cerrar una intensa etapa de preparaci\u00f3n en Per\u00fa, donde la delegaci\u00f3n celeste dedic\u00f3 el jueves [&hellip;]","og_url":"https:\/\/www.eldiario.net\/portal\/2026\/01\/30\/bolivar-y-the-strongest-el-primer-round\/","og_site_name":"El Diario - Bolivia","article_publisher":"https:\/\/www.facebook.com\/eldiario.bolivia\/","article_published_time":"2026-01-30T11:05:15+00:00","og_image":[{"width":1024,"height":696,"url":"https:\/\/www.eldiario.net\/portal\/wp-content\/uploads\/2026\/01\/principal-3.webp","type":"image\/webp"}],"author":"Jeanette","twitter_card":"summary_large_image","twitter_creator":"@eldiario_net","twitter_site":"@eldiario_net","twitter_misc":{"Escrito por":"Jeanette","Tiempo de lectura":"3 minutos"},"schema":{"@context":"https:\/\/schema.org","@graph":[{"@type":"Article","@id":"https:\/\/www.eldiario.net\/portal\/2026\/01\/30\/bolivar-y-the-strongest-el-primer-round\/#article","isPartOf":{"@id":"https:\/\/www.eldiario.net\/portal\/2026\/01\/30\/bolivar-y-the-strongest-el-primer-round\/"},"author":{"name":"Jeanette","@id":"https:\/\/www.eldiario.net\/portal\/#\/schema\/person\/f46445640444750d7d753ccd04ae01b7"},"headline":"Bol\u00edvar y The Strongest, el primer round","datePublished":"2026-01-30T11:05:15+00:00","mainEntityOfPage":{"@id":"https:\/\/www.eldiario.net\/portal\/2026\/01\/30\/bolivar-y-the-strongest-el-primer-round\/"},"wordCount":529,"publisher":{"@id":"https:\/\/www.eldiario.net\/portal\/#organization"},"image":{"@id":"https:\/\/www.eldiario.net\/portal\/2026\/01\/30\/bolivar-y-the-strongest-el-primer-round\/#primaryimage"},"thumbnailUrl":"https:\/\/www.eldiario.net\/portal\/wp-content\/uploads\/2026\/01\/principal-3.webp","articleSection":["Deportes"],"inLanguage":"es"},{"@type":"WebPage","@id":"https:\/\/www.eldiario.net\/portal\/2026\/01\/30\/bolivar-y-the-strongest-el-primer-round\/","url":"https:\/\/www.eldiario.net\/portal\/2026\/01\/30\/bolivar-y-the-strongest-el-primer-round\/","name":"Bol\u00edvar y The Strongest, el primer round - El Diario - Bolivia","isPartOf":{"@id":"https:\/\/www.eldiario.net\/portal\/#website"},"primaryImageOfPage":{"@id":"https:\/\/www.eldiario.net\/portal\/2026\/01\/30\/bolivar-y-the-strongest-el-primer-round\/#primaryimage"},"image":{"@id":"https:\/\/www.eldiario.net\/portal\/2026\/01\/30\/bolivar-y-the-strongest-el-primer-round\/#primaryimage"},"thumbnailUrl":"https:\/\/www.eldiario.net\/portal\/wp-content\/uploads\/2026\/01\/principal-3.webp","datePublished":"2026-01-30T11:05:15+00:00","breadcrumb":{"@id":"https:\/\/www.eldiario.net\/portal\/2026\/01\/30\/bolivar-y-the-strongest-el-primer-round\/#breadcrumb"},"inLanguage":"es","potentialAction":[{"@type":"ReadAction","target":["https:\/\/www.eldiario.net\/portal\/2026\/01\/30\/bolivar-y-the-strongest-el-primer-round\/"]}]},{"@type":"ImageObject","inLanguage":"es","@id":"https:\/\/www.eldiario.net\/portal\/2026\/01\/30\/bolivar-y-the-strongest-el-primer-round\/#primaryimage","url":"https:\/\/www.eldiario.net\/portal\/wp-content\/uploads\/2026\/01\/principal-3.webp","contentUrl":"https:\/\/www.eldiario.net\/portal\/wp-content\/uploads\/2026\/01\/principal-3.webp","width":1024,"height":696},{"@type":"BreadcrumbList","@id":"https:\/\/www.eldiario.net\/portal\/2026\/01\/30\/bolivar-y-the-strongest-el-primer-round\/#breadcrumb","itemListElement":[{"@type":"ListItem","position":1,"name":"Portada","item":"https:\/\/www.eldiario.net\/portal\/"},{"@type":"ListItem","position":2,"name":"Bol\u00edvar y The Strongest, el primer round"}]},{"@type":"WebSite","@id":"https:\/\/www.eldiario.net\/portal\/#website","url":"https:\/\/www.eldiario.net\/portal\/","name":"El Diario - Decano de la prensa nacional","description":"El Diario - Decano de la prensa nacional","publisher":{"@id":"https:\/\/www.eldiario.net\/portal\/#organization"},"potentialAction":[{"@type":"SearchAction","target":{"@type":"EntryPoint","urlTemplate":"https:\/\/www.eldiario.net\/portal\/?s={search_term_string}"},"query-input":{"@type":"PropertyValueSpecification","valueRequired":true,"valueName":"search_term_string"}}],"inLanguage":"es"},{"@type":"Organization","@id":"https:\/\/www.eldiario.net\/portal\/#organization","name":"El Diario - Decano de la prensa nacional","url":"https:\/\/www.eldiario.net\/portal\/","logo":{"@type":"ImageObject","inLanguage":"es","@id":"https:\/\/www.eldiario.net\/portal\/#\/schema\/logo\/image\/","url":"https:\/\/www.eldiario.net\/portal\/wp-content\/uploads\/2023\/07\/logo_ED.jpg","contentUrl":"https:\/\/www.eldiario.net\/portal\/wp-content\/uploads\/2023\/07\/logo_ED.jpg","width":272,"height":52,"caption":"El Diario - Decano de la prensa nacional"},"image":{"@id":"https:\/\/www.eldiario.net\/portal\/#\/schema\/logo\/image\/"},"sameAs":["https:\/\/www.facebook.com\/eldiario.bolivia\/","https:\/\/x.com\/eldiario_net"]},{"@type":"Person","@id":"https:\/\/www.eldiario.net\/portal\/#\/schema\/person\/f46445640444750d7d753ccd04ae01b7","name":"Jeanette","image":{"@type":"ImageObject","inLanguage":"es","@id":"https:\/\/secure.gravatar.com\/avatar\/3ea2118a5f7dad2b7138b1187a6b7ee55f160b9968b66013c3a3ef39dd7e5798?s=96&d=mm&r=g","url":"https:\/\/secure.gravatar.com\/avatar\/3ea2118a5f7dad2b7138b1187a6b7ee55f160b9968b66013c3a3ef39dd7e5798?s=96&d=mm&r=g","contentUrl":"https:\/\/secure.gravatar.com\/avatar\/3ea2118a5f7dad2b7138b1187a6b7ee55f160b9968b66013c3a3ef39dd7e5798?s=96&d=mm&r=g","caption":"Jeanette"},"sameAs":["https:\/\/www.eldiario.net\/portal"],"url":"https:\/\/www.eldiario.net\/portal\/author\/jeanette\/"}]}},"_links":{"self":[{"href":"https:\/\/www.eldiario.net\/portal\/wp-json\/wp\/v2\/posts\/364273","targetHints":{"allow":["GET"]}}],"collection":[{"href":"https:\/\/www.eldiario.net\/portal\/wp-json\/wp\/v2\/posts"}],"about":[{"href":"https:\/\/www.eldiario.net\/portal\/wp-json\/wp\/v2\/types\/post"}],"author":[{"embeddable":true,"href":"https:\/\/www.eldiario.net\/portal\/wp-json\/wp\/v2\/users\/1"}],"replies":[{"embeddable":true,"href":"https:\/\/www.eldiario.net\/portal\/wp-json\/wp\/v2\/comments?post=364273"}],"version-history":[{"count":1,"href":"https:\/\/www.eldiario.net\/portal\/wp-json\/wp\/v2\/posts\/364273\/revisions"}],"predecessor-version":[{"id":364275,"href":"https:\/\/www.eldiario.net\/portal\/wp-json\/wp\/v2\/posts\/364273\/revisions\/364275"}],"wp:featuredmedia":[{"embeddable":true,"href":"https:\/\/www.eldiario.net\/portal\/wp-json\/wp\/v2\/media\/364274"}],"wp:attachment":[{"href":"https:\/\/www.eldiario.net\/portal\/wp-json\/wp\/v2\/media?parent=364273"}],"wp:term":[{"taxonomy":"category","embeddable":true,"href":"https:\/\/www.eldiario.net\/portal\/wp-json\/wp\/v2\/categories?post=364273"},{"taxonomy":"post_tag","embeddable":true,"href":"https:\/\/www.eldiario.net\/portal\/wp-json\/wp\/v2\/tags?post=364273"}],"curies":[{"name":"wp","href":"https:\/\/api.w.org\/{rel}","templated":true}]}}