{"id":364270,"date":"2026-01-30T07:04:32","date_gmt":"2026-01-30T11:04:32","guid":{"rendered":"https:\/\/www.eldiario.net\/portal\/?p=364270"},"modified":"2026-01-30T07:04:32","modified_gmt":"2026-01-30T11:04:32","slug":"el-brasileno-mano-menezes-es-el-nuevo-entrenador-de-peru","status":"publish","type":"post","link":"https:\/\/www.eldiario.net\/portal\/2026\/01\/30\/el-brasileno-mano-menezes-es-el-nuevo-entrenador-de-peru\/","title":{"rendered":"El brasile\u00f1o Mano Menezes es el nuevo entrenador de Per\u00fa"},"content":{"rendered":"<p>Mano Menezes, quien dirigi\u00f3 a la selecci\u00f3n de Brasil hace 14 a\u00f1os con m\u00e1s pena que gloria, se convirti\u00f3 ayer en el nuevo entrenador de la selecci\u00f3n de Per\u00fa que qued\u00f3 pen\u00faltima en las eliminatorias para el Mundial 2026.<br \/>\nMenezes, quien fue presentado en una conferencia de prensa en Lima, ven\u00eda de conducir al Gremio de Porto Alegre. Fue una etapa de casi ocho meses en la que el club gaucho termin\u00f3 noveno en el Campeonato Brasile\u00f1o, lo que le permiti\u00f3 conseguir una plaza para la Copa Sudamericana 2026.<br \/>\n\u00abSabemos que los \u00faltimos a\u00f1os no han sido tan brillantes en resultados, pero estamos aqu\u00ed porque podemos hacer algo para retomar ese camino para que Per\u00fa vuelva a ser protagonista\u00bb, dijo Menezes hablando en portugu\u00e9s. Prometi\u00f3 que \u00aben breve\u00bb hablar\u00e1 en espa\u00f1ol para entenderse mejor con la prensa.<br \/>\nPer\u00fa no consigui\u00f3 un boleto al Mundial 2026 y acab\u00f3 pen\u00faltimo con 12 puntos en las eliminatorias sudamericanas. La Blanquirroja apenas marc\u00f3 seis goles y encaj\u00f3 20. No anot\u00f3 goles de visita.<br \/>\nEl t\u00e9cnico de 63 a\u00f1os, llamado Luis Antonio Venker de Menezes, dirigi\u00f3 a Brasil entre 2010 y 2012.<br \/>\nNo fue un ciclo de buenos resultados. La Verdeamarela sucumbi\u00f3 por penales ante Paraguay en los cuartos de final de la Copa Am\u00e9rica de 2011. Fue destituido tras la derrota de la selecci\u00f3n Sub23 ante M\u00e9xico en la finl de los Juegos Ol\u00edmpicos de Londres 2012.<br \/>\nMenezes tambi\u00e9n ha comandado a otros importantes clubes brasile\u00f1os, incluido Fluminense, Corinthians, Flamengo, Cruzeiro y Palmeiras.<br \/>\nFuera de Brasil ha entrenado al Shandong Luneng de China y Al Nassr de Arabia Saud\u00ed<br \/>\nLos expertos coinciden en que Per\u00fa no ha tenido un recambio de jugadores tras clasificarse al Mundial de Rusia 2018, despu\u00e9s de 36 a\u00f1os de ausencia, de la mano del argentino Ricardo Gareca. Tras ser eliminada en la primera ronda, el selecciondo logr\u00f3 el segundo lugar en la Copa Am\u00e9rica 2019.<br \/>\nTras la salida de Gareca -quien entren\u00f3 a Per\u00fa por ocho a\u00f1os- la Blanquirroja estuvo dirigida por el peruano Juan Reynoso, el uruguayo Jorge Fossati, el argentino-peruano \u00d3scar Ib\u00e1\u00f1ez y el peruano Manuel Barreto.<\/p>\n","protected":false},"excerpt":{"rendered":"<p>Mano Menezes, quien dirigi\u00f3 a la selecci\u00f3n de Brasil hace 14 a\u00f1os con m\u00e1s pena que gloria, se convirti\u00f3 ayer en el nuevo entrenador de la selecci\u00f3n de Per\u00fa que qued\u00f3 pen\u00faltima en las eliminatorias para el Mundial 2026. Menezes, quien fue presentado en una conferencia de prensa en Lima, ven\u00eda de conducir al Gremio [&hellip;]<\/p>\n","protected":false},"author":1,"featured_media":364271,"comment_status":"closed","ping_status":"open","sticky":false,"template":"","format":"standard","meta":{"_acf_changed":false,"footnotes":""},"categories":[6],"tags":[],"class_list":["post-364270","post","type-post","status-publish","format-standard","has-post-thumbnail","category-deportes"],"acf":{"antetitulo":""},"yoast_head":"<!-- This site is optimized with the Yoast SEO plugin v28.4 - https:\/\/yoast.com\/product\/yoast-seo-wordpress\/ -->\n<title>El brasile\u00f1o Mano Menezes es el nuevo entrenador de Per\u00fa - El Diario - Bolivia<\/title>\n<meta name=\"robots\" content=\"index, follow, max-snippet:-1, max-image-preview:large, max-video-preview:-1\" \/>\n<link rel=\"canonical\" href=\"https:\/\/www.eldiario.net\/portal\/2026\/01\/30\/el-brasileno-mano-menezes-es-el-nuevo-entrenador-de-peru\/\" \/>\n<meta property=\"og:locale\" content=\"es_ES\" \/>\n<meta property=\"og:type\" content=\"article\" \/>\n<meta property=\"og:title\" content=\"El brasile\u00f1o Mano Menezes es el nuevo entrenador de Per\u00fa - El Diario - Bolivia\" \/>\n<meta property=\"og:description\" content=\"Mano Menezes, quien dirigi\u00f3 a la selecci\u00f3n de Brasil hace 14 a\u00f1os con m\u00e1s pena que gloria, se convirti\u00f3 ayer en el nuevo entrenador de la selecci\u00f3n de Per\u00fa que qued\u00f3 pen\u00faltima en las eliminatorias para el Mundial 2026. Menezes, quien fue presentado en una conferencia de prensa en Lima, ven\u00eda de conducir al Gremio [&hellip;]\" \/>\n<meta property=\"og:url\" content=\"https:\/\/www.eldiario.net\/portal\/2026\/01\/30\/el-brasileno-mano-menezes-es-el-nuevo-entrenador-de-peru\/\" \/>\n<meta property=\"og:site_name\" content=\"El Diario - Bolivia\" \/>\n<meta property=\"article:publisher\" content=\"https:\/\/www.facebook.com\/eldiario.bolivia\/\" \/>\n<meta property=\"article:published_time\" content=\"2026-01-30T11:04:32+00:00\" \/>\n<meta property=\"og:image\" content=\"https:\/\/www.eldiario.net\/portal\/wp-content\/uploads\/2026\/01\/mano-menezes.webp\" \/>\n\t<meta property=\"og:image:width\" content=\"897\" \/>\n\t<meta property=\"og:image:height\" content=\"566\" \/>\n\t<meta property=\"og:image:type\" content=\"image\/webp\" \/>\n<meta name=\"author\" content=\"Jeanette\" \/>\n<meta name=\"twitter:card\" content=\"summary_large_image\" \/>\n<meta name=\"twitter:creator\" content=\"@eldiario_net\" \/>\n<meta name=\"twitter:site\" content=\"@eldiario_net\" \/>\n<meta name=\"twitter:label1\" content=\"Escrito por\" \/>\n\t<meta name=\"twitter:data1\" content=\"Jeanette\" \/>\n\t<meta name=\"twitter:label2\" content=\"Tiempo de lectura\" \/>\n\t<meta name=\"twitter:data2\" content=\"2 minutos\" \/>\n<script type=\"application\/ld+json\" class=\"yoast-schema-graph\">{\"@context\":\"https:\\\/\\\/schema.org\",\"@graph\":[{\"@type\":\"Article\",\"@id\":\"https:\\\/\\\/www.eldiario.net\\\/portal\\\/2026\\\/01\\\/30\\\/el-brasileno-mano-menezes-es-el-nuevo-entrenador-de-peru\\\/#article\",\"isPartOf\":{\"@id\":\"https:\\\/\\\/www.eldiario.net\\\/portal\\\/2026\\\/01\\\/30\\\/el-brasileno-mano-menezes-es-el-nuevo-entrenador-de-peru\\\/\"},\"author\":{\"name\":\"Jeanette\",\"@id\":\"https:\\\/\\\/www.eldiario.net\\\/portal\\\/#\\\/schema\\\/person\\\/f46445640444750d7d753ccd04ae01b7\"},\"headline\":\"El brasile\u00f1o Mano Menezes es el nuevo entrenador de Per\u00fa\",\"datePublished\":\"2026-01-30T11:04:32+00:00\",\"mainEntityOfPage\":{\"@id\":\"https:\\\/\\\/www.eldiario.net\\\/portal\\\/2026\\\/01\\\/30\\\/el-brasileno-mano-menezes-es-el-nuevo-entrenador-de-peru\\\/\"},\"wordCount\":371,\"publisher\":{\"@id\":\"https:\\\/\\\/www.eldiario.net\\\/portal\\\/#organization\"},\"image\":{\"@id\":\"https:\\\/\\\/www.eldiario.net\\\/portal\\\/2026\\\/01\\\/30\\\/el-brasileno-mano-menezes-es-el-nuevo-entrenador-de-peru\\\/#primaryimage\"},\"thumbnailUrl\":\"https:\\\/\\\/www.eldiario.net\\\/portal\\\/wp-content\\\/uploads\\\/2026\\\/01\\\/mano-menezes.webp\",\"articleSection\":[\"Deportes\"],\"inLanguage\":\"es\"},{\"@type\":\"WebPage\",\"@id\":\"https:\\\/\\\/www.eldiario.net\\\/portal\\\/2026\\\/01\\\/30\\\/el-brasileno-mano-menezes-es-el-nuevo-entrenador-de-peru\\\/\",\"url\":\"https:\\\/\\\/www.eldiario.net\\\/portal\\\/2026\\\/01\\\/30\\\/el-brasileno-mano-menezes-es-el-nuevo-entrenador-de-peru\\\/\",\"name\":\"El brasile\u00f1o Mano Menezes es el nuevo entrenador de Per\u00fa - El Diario - Bolivia\",\"isPartOf\":{\"@id\":\"https:\\\/\\\/www.eldiario.net\\\/portal\\\/#website\"},\"primaryImageOfPage\":{\"@id\":\"https:\\\/\\\/www.eldiario.net\\\/portal\\\/2026\\\/01\\\/30\\\/el-brasileno-mano-menezes-es-el-nuevo-entrenador-de-peru\\\/#primaryimage\"},\"image\":{\"@id\":\"https:\\\/\\\/www.eldiario.net\\\/portal\\\/2026\\\/01\\\/30\\\/el-brasileno-mano-menezes-es-el-nuevo-entrenador-de-peru\\\/#primaryimage\"},\"thumbnailUrl\":\"https:\\\/\\\/www.eldiario.net\\\/portal\\\/wp-content\\\/uploads\\\/2026\\\/01\\\/mano-menezes.webp\",\"datePublished\":\"2026-01-30T11:04:32+00:00\",\"breadcrumb\":{\"@id\":\"https:\\\/\\\/www.eldiario.net\\\/portal\\\/2026\\\/01\\\/30\\\/el-brasileno-mano-menezes-es-el-nuevo-entrenador-de-peru\\\/#breadcrumb\"},\"inLanguage\":\"es\",\"potentialAction\":[{\"@type\":\"ReadAction\",\"target\":[\"https:\\\/\\\/www.eldiario.net\\\/portal\\\/2026\\\/01\\\/30\\\/el-brasileno-mano-menezes-es-el-nuevo-entrenador-de-peru\\\/\"]}]},{\"@type\":\"ImageObject\",\"inLanguage\":\"es\",\"@id\":\"https:\\\/\\\/www.eldiario.net\\\/portal\\\/2026\\\/01\\\/30\\\/el-brasileno-mano-menezes-es-el-nuevo-entrenador-de-peru\\\/#primaryimage\",\"url\":\"https:\\\/\\\/www.eldiario.net\\\/portal\\\/wp-content\\\/uploads\\\/2026\\\/01\\\/mano-menezes.webp\",\"contentUrl\":\"https:\\\/\\\/www.eldiario.net\\\/portal\\\/wp-content\\\/uploads\\\/2026\\\/01\\\/mano-menezes.webp\",\"width\":897,\"height\":566},{\"@type\":\"BreadcrumbList\",\"@id\":\"https:\\\/\\\/www.eldiario.net\\\/portal\\\/2026\\\/01\\\/30\\\/el-brasileno-mano-menezes-es-el-nuevo-entrenador-de-peru\\\/#breadcrumb\",\"itemListElement\":[{\"@type\":\"ListItem\",\"position\":1,\"name\":\"Portada\",\"item\":\"https:\\\/\\\/www.eldiario.net\\\/portal\\\/\"},{\"@type\":\"ListItem\",\"position\":2,\"name\":\"El brasile\u00f1o Mano Menezes es el nuevo entrenador de Per\u00fa\"}]},{\"@type\":\"WebSite\",\"@id\":\"https:\\\/\\\/www.eldiario.net\\\/portal\\\/#website\",\"url\":\"https:\\\/\\\/www.eldiario.net\\\/portal\\\/\",\"name\":\"El Diario - Decano de la prensa nacional\",\"description\":\"El Diario - Decano de la prensa nacional\",\"publisher\":{\"@id\":\"https:\\\/\\\/www.eldiario.net\\\/portal\\\/#organization\"},\"potentialAction\":[{\"@type\":\"SearchAction\",\"target\":{\"@type\":\"EntryPoint\",\"urlTemplate\":\"https:\\\/\\\/www.eldiario.net\\\/portal\\\/?s={search_term_string}\"},\"query-input\":{\"@type\":\"PropertyValueSpecification\",\"valueRequired\":true,\"valueName\":\"search_term_string\"}}],\"inLanguage\":\"es\"},{\"@type\":\"Organization\",\"@id\":\"https:\\\/\\\/www.eldiario.net\\\/portal\\\/#organization\",\"name\":\"El Diario - Decano de la prensa nacional\",\"url\":\"https:\\\/\\\/www.eldiario.net\\\/portal\\\/\",\"logo\":{\"@type\":\"ImageObject\",\"inLanguage\":\"es\",\"@id\":\"https:\\\/\\\/www.eldiario.net\\\/portal\\\/#\\\/schema\\\/logo\\\/image\\\/\",\"url\":\"https:\\\/\\\/www.eldiario.net\\\/portal\\\/wp-content\\\/uploads\\\/2023\\\/07\\\/logo_ED.jpg\",\"contentUrl\":\"https:\\\/\\\/www.eldiario.net\\\/portal\\\/wp-content\\\/uploads\\\/2023\\\/07\\\/logo_ED.jpg\",\"width\":272,\"height\":52,\"caption\":\"El Diario - Decano de la prensa nacional\"},\"image\":{\"@id\":\"https:\\\/\\\/www.eldiario.net\\\/portal\\\/#\\\/schema\\\/logo\\\/image\\\/\"},\"sameAs\":[\"https:\\\/\\\/www.facebook.com\\\/eldiario.bolivia\\\/\",\"https:\\\/\\\/x.com\\\/eldiario_net\"]},{\"@type\":\"Person\",\"@id\":\"https:\\\/\\\/www.eldiario.net\\\/portal\\\/#\\\/schema\\\/person\\\/f46445640444750d7d753ccd04ae01b7\",\"name\":\"Jeanette\",\"image\":{\"@type\":\"ImageObject\",\"inLanguage\":\"es\",\"@id\":\"https:\\\/\\\/secure.gravatar.com\\\/avatar\\\/3ea2118a5f7dad2b7138b1187a6b7ee55f160b9968b66013c3a3ef39dd7e5798?s=96&d=mm&r=g\",\"url\":\"https:\\\/\\\/secure.gravatar.com\\\/avatar\\\/3ea2118a5f7dad2b7138b1187a6b7ee55f160b9968b66013c3a3ef39dd7e5798?s=96&d=mm&r=g\",\"contentUrl\":\"https:\\\/\\\/secure.gravatar.com\\\/avatar\\\/3ea2118a5f7dad2b7138b1187a6b7ee55f160b9968b66013c3a3ef39dd7e5798?s=96&d=mm&r=g\",\"caption\":\"Jeanette\"},\"sameAs\":[\"https:\\\/\\\/www.eldiario.net\\\/portal\"],\"url\":\"https:\\\/\\\/www.eldiario.net\\\/portal\\\/author\\\/jeanette\\\/\"}]}<\/script>\n<!-- \/ Yoast SEO plugin. -->","yoast_head_json":{"title":"El brasile\u00f1o Mano Menezes es el nuevo entrenador de Per\u00fa - El Diario - Bolivia","robots":{"index":"index","follow":"follow","max-snippet":"max-snippet:-1","max-image-preview":"max-image-preview:large","max-video-preview":"max-video-preview:-1"},"canonical":"https:\/\/www.eldiario.net\/portal\/2026\/01\/30\/el-brasileno-mano-menezes-es-el-nuevo-entrenador-de-peru\/","og_locale":"es_ES","og_type":"article","og_title":"El brasile\u00f1o Mano Menezes es el nuevo entrenador de Per\u00fa - El Diario - Bolivia","og_description":"Mano Menezes, quien dirigi\u00f3 a la selecci\u00f3n de Brasil hace 14 a\u00f1os con m\u00e1s pena que gloria, se convirti\u00f3 ayer en el nuevo entrenador de la selecci\u00f3n de Per\u00fa que qued\u00f3 pen\u00faltima en las eliminatorias para el Mundial 2026. Menezes, quien fue presentado en una conferencia de prensa en Lima, ven\u00eda de conducir al Gremio [&hellip;]","og_url":"https:\/\/www.eldiario.net\/portal\/2026\/01\/30\/el-brasileno-mano-menezes-es-el-nuevo-entrenador-de-peru\/","og_site_name":"El Diario - Bolivia","article_publisher":"https:\/\/www.facebook.com\/eldiario.bolivia\/","article_published_time":"2026-01-30T11:04:32+00:00","og_image":[{"width":897,"height":566,"url":"https:\/\/www.eldiario.net\/portal\/wp-content\/uploads\/2026\/01\/mano-menezes.webp","type":"image\/webp"}],"author":"Jeanette","twitter_card":"summary_large_image","twitter_creator":"@eldiario_net","twitter_site":"@eldiario_net","twitter_misc":{"Escrito por":"Jeanette","Tiempo de lectura":"2 minutos"},"schema":{"@context":"https:\/\/schema.org","@graph":[{"@type":"Article","@id":"https:\/\/www.eldiario.net\/portal\/2026\/01\/30\/el-brasileno-mano-menezes-es-el-nuevo-entrenador-de-peru\/#article","isPartOf":{"@id":"https:\/\/www.eldiario.net\/portal\/2026\/01\/30\/el-brasileno-mano-menezes-es-el-nuevo-entrenador-de-peru\/"},"author":{"name":"Jeanette","@id":"https:\/\/www.eldiario.net\/portal\/#\/schema\/person\/f46445640444750d7d753ccd04ae01b7"},"headline":"El brasile\u00f1o Mano Menezes es el nuevo entrenador de Per\u00fa","datePublished":"2026-01-30T11:04:32+00:00","mainEntityOfPage":{"@id":"https:\/\/www.eldiario.net\/portal\/2026\/01\/30\/el-brasileno-mano-menezes-es-el-nuevo-entrenador-de-peru\/"},"wordCount":371,"publisher":{"@id":"https:\/\/www.eldiario.net\/portal\/#organization"},"image":{"@id":"https:\/\/www.eldiario.net\/portal\/2026\/01\/30\/el-brasileno-mano-menezes-es-el-nuevo-entrenador-de-peru\/#primaryimage"},"thumbnailUrl":"https:\/\/www.eldiario.net\/portal\/wp-content\/uploads\/2026\/01\/mano-menezes.webp","articleSection":["Deportes"],"inLanguage":"es"},{"@type":"WebPage","@id":"https:\/\/www.eldiario.net\/portal\/2026\/01\/30\/el-brasileno-mano-menezes-es-el-nuevo-entrenador-de-peru\/","url":"https:\/\/www.eldiario.net\/portal\/2026\/01\/30\/el-brasileno-mano-menezes-es-el-nuevo-entrenador-de-peru\/","name":"El brasile\u00f1o Mano Menezes es el nuevo entrenador de Per\u00fa - El Diario - Bolivia","isPartOf":{"@id":"https:\/\/www.eldiario.net\/portal\/#website"},"primaryImageOfPage":{"@id":"https:\/\/www.eldiario.net\/portal\/2026\/01\/30\/el-brasileno-mano-menezes-es-el-nuevo-entrenador-de-peru\/#primaryimage"},"image":{"@id":"https:\/\/www.eldiario.net\/portal\/2026\/01\/30\/el-brasileno-mano-menezes-es-el-nuevo-entrenador-de-peru\/#primaryimage"},"thumbnailUrl":"https:\/\/www.eldiario.net\/portal\/wp-content\/uploads\/2026\/01\/mano-menezes.webp","datePublished":"2026-01-30T11:04:32+00:00","breadcrumb":{"@id":"https:\/\/www.eldiario.net\/portal\/2026\/01\/30\/el-brasileno-mano-menezes-es-el-nuevo-entrenador-de-peru\/#breadcrumb"},"inLanguage":"es","potentialAction":[{"@type":"ReadAction","target":["https:\/\/www.eldiario.net\/portal\/2026\/01\/30\/el-brasileno-mano-menezes-es-el-nuevo-entrenador-de-peru\/"]}]},{"@type":"ImageObject","inLanguage":"es","@id":"https:\/\/www.eldiario.net\/portal\/2026\/01\/30\/el-brasileno-mano-menezes-es-el-nuevo-entrenador-de-peru\/#primaryimage","url":"https:\/\/www.eldiario.net\/portal\/wp-content\/uploads\/2026\/01\/mano-menezes.webp","contentUrl":"https:\/\/www.eldiario.net\/portal\/wp-content\/uploads\/2026\/01\/mano-menezes.webp","width":897,"height":566},{"@type":"BreadcrumbList","@id":"https:\/\/www.eldiario.net\/portal\/2026\/01\/30\/el-brasileno-mano-menezes-es-el-nuevo-entrenador-de-peru\/#breadcrumb","itemListElement":[{"@type":"ListItem","position":1,"name":"Portada","item":"https:\/\/www.eldiario.net\/portal\/"},{"@type":"ListItem","position":2,"name":"El brasile\u00f1o Mano Menezes es el nuevo entrenador de Per\u00fa"}]},{"@type":"WebSite","@id":"https:\/\/www.eldiario.net\/portal\/#website","url":"https:\/\/www.eldiario.net\/portal\/","name":"El Diario - Decano de la prensa nacional","description":"El Diario - Decano de la prensa nacional","publisher":{"@id":"https:\/\/www.eldiario.net\/portal\/#organization"},"potentialAction":[{"@type":"SearchAction","target":{"@type":"EntryPoint","urlTemplate":"https:\/\/www.eldiario.net\/portal\/?s={search_term_string}"},"query-input":{"@type":"PropertyValueSpecification","valueRequired":true,"valueName":"search_term_string"}}],"inLanguage":"es"},{"@type":"Organization","@id":"https:\/\/www.eldiario.net\/portal\/#organization","name":"El Diario - Decano de la prensa nacional","url":"https:\/\/www.eldiario.net\/portal\/","logo":{"@type":"ImageObject","inLanguage":"es","@id":"https:\/\/www.eldiario.net\/portal\/#\/schema\/logo\/image\/","url":"https:\/\/www.eldiario.net\/portal\/wp-content\/uploads\/2023\/07\/logo_ED.jpg","contentUrl":"https:\/\/www.eldiario.net\/portal\/wp-content\/uploads\/2023\/07\/logo_ED.jpg","width":272,"height":52,"caption":"El Diario - Decano de la prensa nacional"},"image":{"@id":"https:\/\/www.eldiario.net\/portal\/#\/schema\/logo\/image\/"},"sameAs":["https:\/\/www.facebook.com\/eldiario.bolivia\/","https:\/\/x.com\/eldiario_net"]},{"@type":"Person","@id":"https:\/\/www.eldiario.net\/portal\/#\/schema\/person\/f46445640444750d7d753ccd04ae01b7","name":"Jeanette","image":{"@type":"ImageObject","inLanguage":"es","@id":"https:\/\/secure.gravatar.com\/avatar\/3ea2118a5f7dad2b7138b1187a6b7ee55f160b9968b66013c3a3ef39dd7e5798?s=96&d=mm&r=g","url":"https:\/\/secure.gravatar.com\/avatar\/3ea2118a5f7dad2b7138b1187a6b7ee55f160b9968b66013c3a3ef39dd7e5798?s=96&d=mm&r=g","contentUrl":"https:\/\/secure.gravatar.com\/avatar\/3ea2118a5f7dad2b7138b1187a6b7ee55f160b9968b66013c3a3ef39dd7e5798?s=96&d=mm&r=g","caption":"Jeanette"},"sameAs":["https:\/\/www.eldiario.net\/portal"],"url":"https:\/\/www.eldiario.net\/portal\/author\/jeanette\/"}]}},"_links":{"self":[{"href":"https:\/\/www.eldiario.net\/portal\/wp-json\/wp\/v2\/posts\/364270","targetHints":{"allow":["GET"]}}],"collection":[{"href":"https:\/\/www.eldiario.net\/portal\/wp-json\/wp\/v2\/posts"}],"about":[{"href":"https:\/\/www.eldiario.net\/portal\/wp-json\/wp\/v2\/types\/post"}],"author":[{"embeddable":true,"href":"https:\/\/www.eldiario.net\/portal\/wp-json\/wp\/v2\/users\/1"}],"replies":[{"embeddable":true,"href":"https:\/\/www.eldiario.net\/portal\/wp-json\/wp\/v2\/comments?post=364270"}],"version-history":[{"count":1,"href":"https:\/\/www.eldiario.net\/portal\/wp-json\/wp\/v2\/posts\/364270\/revisions"}],"predecessor-version":[{"id":364272,"href":"https:\/\/www.eldiario.net\/portal\/wp-json\/wp\/v2\/posts\/364270\/revisions\/364272"}],"wp:featuredmedia":[{"embeddable":true,"href":"https:\/\/www.eldiario.net\/portal\/wp-json\/wp\/v2\/media\/364271"}],"wp:attachment":[{"href":"https:\/\/www.eldiario.net\/portal\/wp-json\/wp\/v2\/media?parent=364270"}],"wp:term":[{"taxonomy":"category","embeddable":true,"href":"https:\/\/www.eldiario.net\/portal\/wp-json\/wp\/v2\/categories?post=364270"},{"taxonomy":"post_tag","embeddable":true,"href":"https:\/\/www.eldiario.net\/portal\/wp-json\/wp\/v2\/tags?post=364270"}],"curies":[{"name":"wp","href":"https:\/\/api.w.org\/{rel}","templated":true}]}}