{"id":364264,"date":"2026-01-30T07:03:14","date_gmt":"2026-01-30T11:03:14","guid":{"rendered":"https:\/\/www.eldiario.net\/portal\/?p=364264"},"modified":"2026-01-30T07:03:14","modified_gmt":"2026-01-30T11:03:14","slug":"scaloni-se-reune-con-almada-musso-nico-gonzalez-y-alvarez","status":"publish","type":"post","link":"https:\/\/www.eldiario.net\/portal\/2026\/01\/30\/scaloni-se-reune-con-almada-musso-nico-gonzalez-y-alvarez\/","title":{"rendered":"Scaloni se re\u00fane con Almada, Musso, Nico Gonz\u00e1lez y \u00c1lvarez"},"content":{"rendered":"<p>Lionel Scaloni, seleccionador de Argentina, se reuni\u00f3 ayer en Madrid con los internacionales argentinos del Atl\u00e9tico de Madrid Juli\u00e1n \u00c1lvarez, Thiago Almada, Juan Musso y Nico Gonz\u00e1lez, despu\u00e9s de visitar por la ma\u00f1ana el entrenamiento del conjunto rojiblanco, en el que comparti\u00f3 charla con su entrenador, Diego Simeone. En una imagen difundida por el Restaurante &#8216;De Mar\u00eda&#8217;, de la localidad madrile\u00f1a de Majadahonda, al lado del campo de entrenamiento del Atl\u00e9tico de Madrid, se ve al t\u00e9cnico campe\u00f3n del mundo con la Albiceleste compartir comida con todos ellos, con la ausencia del tambi\u00e9n internacional Giuliano Simeone, que fue baja en la sesi\u00f3n preparatoria del equipo rojiblanco y guarda reposo en su domicilio por fiebre y dolor de garganta.<br \/>\nEl extremo ya no jug\u00f3 ning\u00fan minuto en el encuentro del mi\u00e9rcoles contra el Bodo\/Glimt, en la \u00faltima jornada de la fase liga de la Liga de Campeones. Scaloni, por la ma\u00f1ana, seg\u00fan revel\u00f3 el diario Marca, tambi\u00e9n convers\u00f3 en el entrenamiento del Atl\u00e9tico de Madrid en el Centro Deportivo de Majadahonda con su compatriota Diego Simeone y su cuerpo t\u00e9cnico. El pr\u00f3ximo compromiso de la selecci\u00f3n argentina ser\u00e1 el 27 de marzo de 2026 en la Finalissima contra Espa\u00f1a en Catar, en el duelo entre los vigentes campeones de Sudam\u00e9rica y de Europa, respectivamente.<\/p>\n","protected":false},"excerpt":{"rendered":"<p>Lionel Scaloni, seleccionador de Argentina, se reuni\u00f3 ayer en Madrid con los internacionales argentinos del Atl\u00e9tico de Madrid Juli\u00e1n \u00c1lvarez, Thiago Almada, Juan Musso y Nico Gonz\u00e1lez, despu\u00e9s de visitar por la ma\u00f1ana el entrenamiento del conjunto rojiblanco, en el que comparti\u00f3 charla con su entrenador, Diego Simeone. En una imagen difundida por el Restaurante [&hellip;]<\/p>\n","protected":false},"author":1,"featured_media":364265,"comment_status":"closed","ping_status":"open","sticky":false,"template":"","format":"standard","meta":{"_acf_changed":false,"footnotes":""},"categories":[6],"tags":[],"class_list":["post-364264","post","type-post","status-publish","format-standard","has-post-thumbnail","category-deportes"],"acf":{"antetitulo":""},"yoast_head":"<!-- This site is optimized with the Yoast SEO plugin v28.4 - https:\/\/yoast.com\/product\/yoast-seo-wordpress\/ -->\n<title>Scaloni se re\u00fane con Almada, Musso, Nico Gonz\u00e1lez y \u00c1lvarez - El Diario - Bolivia<\/title>\n<meta name=\"robots\" content=\"index, follow, max-snippet:-1, max-image-preview:large, max-video-preview:-1\" \/>\n<link rel=\"canonical\" href=\"https:\/\/www.eldiario.net\/portal\/2026\/01\/30\/scaloni-se-reune-con-almada-musso-nico-gonzalez-y-alvarez\/\" \/>\n<meta property=\"og:locale\" content=\"es_ES\" \/>\n<meta property=\"og:type\" content=\"article\" \/>\n<meta property=\"og:title\" content=\"Scaloni se re\u00fane con Almada, Musso, Nico Gonz\u00e1lez y \u00c1lvarez - El Diario - Bolivia\" \/>\n<meta property=\"og:description\" content=\"Lionel Scaloni, seleccionador de Argentina, se reuni\u00f3 ayer en Madrid con los internacionales argentinos del Atl\u00e9tico de Madrid Juli\u00e1n \u00c1lvarez, Thiago Almada, Juan Musso y Nico Gonz\u00e1lez, despu\u00e9s de visitar por la ma\u00f1ana el entrenamiento del conjunto rojiblanco, en el que comparti\u00f3 charla con su entrenador, Diego Simeone. En una imagen difundida por el Restaurante [&hellip;]\" \/>\n<meta property=\"og:url\" content=\"https:\/\/www.eldiario.net\/portal\/2026\/01\/30\/scaloni-se-reune-con-almada-musso-nico-gonzalez-y-alvarez\/\" \/>\n<meta property=\"og:site_name\" content=\"El Diario - Bolivia\" \/>\n<meta property=\"article:publisher\" content=\"https:\/\/www.facebook.com\/eldiario.bolivia\/\" \/>\n<meta property=\"article:published_time\" content=\"2026-01-30T11:03:14+00:00\" \/>\n<meta property=\"og:image\" content=\"https:\/\/www.eldiario.net\/portal\/wp-content\/uploads\/2026\/01\/scaloni.webp\" \/>\n\t<meta property=\"og:image:width\" content=\"641\" \/>\n\t<meta property=\"og:image:height\" content=\"432\" \/>\n\t<meta property=\"og:image:type\" content=\"image\/webp\" \/>\n<meta name=\"author\" content=\"Jeanette\" \/>\n<meta name=\"twitter:card\" content=\"summary_large_image\" \/>\n<meta name=\"twitter:creator\" content=\"@eldiario_net\" \/>\n<meta name=\"twitter:site\" content=\"@eldiario_net\" \/>\n<meta name=\"twitter:label1\" content=\"Escrito por\" \/>\n\t<meta name=\"twitter:data1\" content=\"Jeanette\" \/>\n\t<meta name=\"twitter:label2\" content=\"Tiempo de lectura\" \/>\n\t<meta name=\"twitter:data2\" content=\"2 minutos\" \/>\n<script type=\"application\/ld+json\" class=\"yoast-schema-graph\">{\"@context\":\"https:\\\/\\\/schema.org\",\"@graph\":[{\"@type\":\"Article\",\"@id\":\"https:\\\/\\\/www.eldiario.net\\\/portal\\\/2026\\\/01\\\/30\\\/scaloni-se-reune-con-almada-musso-nico-gonzalez-y-alvarez\\\/#article\",\"isPartOf\":{\"@id\":\"https:\\\/\\\/www.eldiario.net\\\/portal\\\/2026\\\/01\\\/30\\\/scaloni-se-reune-con-almada-musso-nico-gonzalez-y-alvarez\\\/\"},\"author\":{\"name\":\"Jeanette\",\"@id\":\"https:\\\/\\\/www.eldiario.net\\\/portal\\\/#\\\/schema\\\/person\\\/2c57cf2b7a7ae032e449e4c9b1019eac\"},\"headline\":\"Scaloni se re\u00fane con Almada, Musso, Nico Gonz\u00e1lez y \u00c1lvarez\",\"datePublished\":\"2026-01-30T11:03:14+00:00\",\"mainEntityOfPage\":{\"@id\":\"https:\\\/\\\/www.eldiario.net\\\/portal\\\/2026\\\/01\\\/30\\\/scaloni-se-reune-con-almada-musso-nico-gonzalez-y-alvarez\\\/\"},\"wordCount\":247,\"publisher\":{\"@id\":\"https:\\\/\\\/www.eldiario.net\\\/portal\\\/#organization\"},\"image\":{\"@id\":\"https:\\\/\\\/www.eldiario.net\\\/portal\\\/2026\\\/01\\\/30\\\/scaloni-se-reune-con-almada-musso-nico-gonzalez-y-alvarez\\\/#primaryimage\"},\"thumbnailUrl\":\"https:\\\/\\\/www.eldiario.net\\\/portal\\\/wp-content\\\/uploads\\\/2026\\\/01\\\/scaloni.webp\",\"articleSection\":[\"Deportes\"],\"inLanguage\":\"es\"},{\"@type\":\"WebPage\",\"@id\":\"https:\\\/\\\/www.eldiario.net\\\/portal\\\/2026\\\/01\\\/30\\\/scaloni-se-reune-con-almada-musso-nico-gonzalez-y-alvarez\\\/\",\"url\":\"https:\\\/\\\/www.eldiario.net\\\/portal\\\/2026\\\/01\\\/30\\\/scaloni-se-reune-con-almada-musso-nico-gonzalez-y-alvarez\\\/\",\"name\":\"Scaloni se re\u00fane con Almada, Musso, Nico Gonz\u00e1lez y \u00c1lvarez - El Diario - Bolivia\",\"isPartOf\":{\"@id\":\"https:\\\/\\\/www.eldiario.net\\\/portal\\\/#website\"},\"primaryImageOfPage\":{\"@id\":\"https:\\\/\\\/www.eldiario.net\\\/portal\\\/2026\\\/01\\\/30\\\/scaloni-se-reune-con-almada-musso-nico-gonzalez-y-alvarez\\\/#primaryimage\"},\"image\":{\"@id\":\"https:\\\/\\\/www.eldiario.net\\\/portal\\\/2026\\\/01\\\/30\\\/scaloni-se-reune-con-almada-musso-nico-gonzalez-y-alvarez\\\/#primaryimage\"},\"thumbnailUrl\":\"https:\\\/\\\/www.eldiario.net\\\/portal\\\/wp-content\\\/uploads\\\/2026\\\/01\\\/scaloni.webp\",\"datePublished\":\"2026-01-30T11:03:14+00:00\",\"breadcrumb\":{\"@id\":\"https:\\\/\\\/www.eldiario.net\\\/portal\\\/2026\\\/01\\\/30\\\/scaloni-se-reune-con-almada-musso-nico-gonzalez-y-alvarez\\\/#breadcrumb\"},\"inLanguage\":\"es\",\"potentialAction\":[{\"@type\":\"ReadAction\",\"target\":[\"https:\\\/\\\/www.eldiario.net\\\/portal\\\/2026\\\/01\\\/30\\\/scaloni-se-reune-con-almada-musso-nico-gonzalez-y-alvarez\\\/\"]}]},{\"@type\":\"ImageObject\",\"inLanguage\":\"es\",\"@id\":\"https:\\\/\\\/www.eldiario.net\\\/portal\\\/2026\\\/01\\\/30\\\/scaloni-se-reune-con-almada-musso-nico-gonzalez-y-alvarez\\\/#primaryimage\",\"url\":\"https:\\\/\\\/www.eldiario.net\\\/portal\\\/wp-content\\\/uploads\\\/2026\\\/01\\\/scaloni.webp\",\"contentUrl\":\"https:\\\/\\\/www.eldiario.net\\\/portal\\\/wp-content\\\/uploads\\\/2026\\\/01\\\/scaloni.webp\",\"width\":641,\"height\":432},{\"@type\":\"BreadcrumbList\",\"@id\":\"https:\\\/\\\/www.eldiario.net\\\/portal\\\/2026\\\/01\\\/30\\\/scaloni-se-reune-con-almada-musso-nico-gonzalez-y-alvarez\\\/#breadcrumb\",\"itemListElement\":[{\"@type\":\"ListItem\",\"position\":1,\"name\":\"Portada\",\"item\":\"https:\\\/\\\/www.eldiario.net\\\/portal\\\/\"},{\"@type\":\"ListItem\",\"position\":2,\"name\":\"Scaloni se re\u00fane con Almada, Musso, Nico Gonz\u00e1lez y \u00c1lvarez\"}]},{\"@type\":\"WebSite\",\"@id\":\"https:\\\/\\\/www.eldiario.net\\\/portal\\\/#website\",\"url\":\"https:\\\/\\\/www.eldiario.net\\\/portal\\\/\",\"name\":\"El Diario - Decano de la prensa nacional\",\"description\":\"El Diario - Decano de la prensa nacional\",\"publisher\":{\"@id\":\"https:\\\/\\\/www.eldiario.net\\\/portal\\\/#organization\"},\"potentialAction\":[{\"@type\":\"SearchAction\",\"target\":{\"@type\":\"EntryPoint\",\"urlTemplate\":\"https:\\\/\\\/www.eldiario.net\\\/portal\\\/?s={search_term_string}\"},\"query-input\":{\"@type\":\"PropertyValueSpecification\",\"valueRequired\":true,\"valueName\":\"search_term_string\"}}],\"inLanguage\":\"es\"},{\"@type\":\"Organization\",\"@id\":\"https:\\\/\\\/www.eldiario.net\\\/portal\\\/#organization\",\"name\":\"El Diario - Decano de la prensa nacional\",\"url\":\"https:\\\/\\\/www.eldiario.net\\\/portal\\\/\",\"logo\":{\"@type\":\"ImageObject\",\"inLanguage\":\"es\",\"@id\":\"https:\\\/\\\/www.eldiario.net\\\/portal\\\/#\\\/schema\\\/logo\\\/image\\\/\",\"url\":\"https:\\\/\\\/www.eldiario.net\\\/portal\\\/wp-content\\\/uploads\\\/2023\\\/07\\\/logo_ED.jpg\",\"contentUrl\":\"https:\\\/\\\/www.eldiario.net\\\/portal\\\/wp-content\\\/uploads\\\/2023\\\/07\\\/logo_ED.jpg\",\"width\":272,\"height\":52,\"caption\":\"El Diario - Decano de la prensa nacional\"},\"image\":{\"@id\":\"https:\\\/\\\/www.eldiario.net\\\/portal\\\/#\\\/schema\\\/logo\\\/image\\\/\"},\"sameAs\":[\"https:\\\/\\\/www.facebook.com\\\/eldiario.bolivia\\\/\",\"https:\\\/\\\/x.com\\\/eldiario_net\"]},{\"@type\":\"Person\",\"@id\":\"https:\\\/\\\/www.eldiario.net\\\/portal\\\/#\\\/schema\\\/person\\\/2c57cf2b7a7ae032e449e4c9b1019eac\",\"name\":\"Jeanette\",\"image\":{\"@type\":\"ImageObject\",\"inLanguage\":\"es\",\"@id\":\"https:\\\/\\\/secure.gravatar.com\\\/avatar\\\/3ea2118a5f7dad2b7138b1187a6b7ee55f160b9968b66013c3a3ef39dd7e5798?s=96&d=mm&r=g\",\"url\":\"https:\\\/\\\/secure.gravatar.com\\\/avatar\\\/3ea2118a5f7dad2b7138b1187a6b7ee55f160b9968b66013c3a3ef39dd7e5798?s=96&d=mm&r=g\",\"contentUrl\":\"https:\\\/\\\/secure.gravatar.com\\\/avatar\\\/3ea2118a5f7dad2b7138b1187a6b7ee55f160b9968b66013c3a3ef39dd7e5798?s=96&d=mm&r=g\",\"caption\":\"Jeanette\"},\"sameAs\":[\"https:\\\/\\\/www.eldiario.net\\\/portal\"],\"url\":\"https:\\\/\\\/www.eldiario.net\\\/portal\\\/author\\\/jeanette\\\/\"}]}<\/script>\n<!-- \/ Yoast SEO plugin. -->","yoast_head_json":{"title":"Scaloni se re\u00fane con Almada, Musso, Nico Gonz\u00e1lez y \u00c1lvarez - El Diario - Bolivia","robots":{"index":"index","follow":"follow","max-snippet":"max-snippet:-1","max-image-preview":"max-image-preview:large","max-video-preview":"max-video-preview:-1"},"canonical":"https:\/\/www.eldiario.net\/portal\/2026\/01\/30\/scaloni-se-reune-con-almada-musso-nico-gonzalez-y-alvarez\/","og_locale":"es_ES","og_type":"article","og_title":"Scaloni se re\u00fane con Almada, Musso, Nico Gonz\u00e1lez y \u00c1lvarez - El Diario - Bolivia","og_description":"Lionel Scaloni, seleccionador de Argentina, se reuni\u00f3 ayer en Madrid con los internacionales argentinos del Atl\u00e9tico de Madrid Juli\u00e1n \u00c1lvarez, Thiago Almada, Juan Musso y Nico Gonz\u00e1lez, despu\u00e9s de visitar por la ma\u00f1ana el entrenamiento del conjunto rojiblanco, en el que comparti\u00f3 charla con su entrenador, Diego Simeone. En una imagen difundida por el Restaurante [&hellip;]","og_url":"https:\/\/www.eldiario.net\/portal\/2026\/01\/30\/scaloni-se-reune-con-almada-musso-nico-gonzalez-y-alvarez\/","og_site_name":"El Diario - Bolivia","article_publisher":"https:\/\/www.facebook.com\/eldiario.bolivia\/","article_published_time":"2026-01-30T11:03:14+00:00","og_image":[{"width":641,"height":432,"url":"https:\/\/www.eldiario.net\/portal\/wp-content\/uploads\/2026\/01\/scaloni.webp","type":"image\/webp"}],"author":"Jeanette","twitter_card":"summary_large_image","twitter_creator":"@eldiario_net","twitter_site":"@eldiario_net","twitter_misc":{"Escrito por":"Jeanette","Tiempo de lectura":"2 minutos"},"schema":{"@context":"https:\/\/schema.org","@graph":[{"@type":"Article","@id":"https:\/\/www.eldiario.net\/portal\/2026\/01\/30\/scaloni-se-reune-con-almada-musso-nico-gonzalez-y-alvarez\/#article","isPartOf":{"@id":"https:\/\/www.eldiario.net\/portal\/2026\/01\/30\/scaloni-se-reune-con-almada-musso-nico-gonzalez-y-alvarez\/"},"author":{"name":"Jeanette","@id":"https:\/\/www.eldiario.net\/portal\/#\/schema\/person\/2c57cf2b7a7ae032e449e4c9b1019eac"},"headline":"Scaloni se re\u00fane con Almada, Musso, Nico Gonz\u00e1lez y \u00c1lvarez","datePublished":"2026-01-30T11:03:14+00:00","mainEntityOfPage":{"@id":"https:\/\/www.eldiario.net\/portal\/2026\/01\/30\/scaloni-se-reune-con-almada-musso-nico-gonzalez-y-alvarez\/"},"wordCount":247,"publisher":{"@id":"https:\/\/www.eldiario.net\/portal\/#organization"},"image":{"@id":"https:\/\/www.eldiario.net\/portal\/2026\/01\/30\/scaloni-se-reune-con-almada-musso-nico-gonzalez-y-alvarez\/#primaryimage"},"thumbnailUrl":"https:\/\/www.eldiario.net\/portal\/wp-content\/uploads\/2026\/01\/scaloni.webp","articleSection":["Deportes"],"inLanguage":"es"},{"@type":"WebPage","@id":"https:\/\/www.eldiario.net\/portal\/2026\/01\/30\/scaloni-se-reune-con-almada-musso-nico-gonzalez-y-alvarez\/","url":"https:\/\/www.eldiario.net\/portal\/2026\/01\/30\/scaloni-se-reune-con-almada-musso-nico-gonzalez-y-alvarez\/","name":"Scaloni se re\u00fane con Almada, Musso, Nico Gonz\u00e1lez y \u00c1lvarez - El Diario - Bolivia","isPartOf":{"@id":"https:\/\/www.eldiario.net\/portal\/#website"},"primaryImageOfPage":{"@id":"https:\/\/www.eldiario.net\/portal\/2026\/01\/30\/scaloni-se-reune-con-almada-musso-nico-gonzalez-y-alvarez\/#primaryimage"},"image":{"@id":"https:\/\/www.eldiario.net\/portal\/2026\/01\/30\/scaloni-se-reune-con-almada-musso-nico-gonzalez-y-alvarez\/#primaryimage"},"thumbnailUrl":"https:\/\/www.eldiario.net\/portal\/wp-content\/uploads\/2026\/01\/scaloni.webp","datePublished":"2026-01-30T11:03:14+00:00","breadcrumb":{"@id":"https:\/\/www.eldiario.net\/portal\/2026\/01\/30\/scaloni-se-reune-con-almada-musso-nico-gonzalez-y-alvarez\/#breadcrumb"},"inLanguage":"es","potentialAction":[{"@type":"ReadAction","target":["https:\/\/www.eldiario.net\/portal\/2026\/01\/30\/scaloni-se-reune-con-almada-musso-nico-gonzalez-y-alvarez\/"]}]},{"@type":"ImageObject","inLanguage":"es","@id":"https:\/\/www.eldiario.net\/portal\/2026\/01\/30\/scaloni-se-reune-con-almada-musso-nico-gonzalez-y-alvarez\/#primaryimage","url":"https:\/\/www.eldiario.net\/portal\/wp-content\/uploads\/2026\/01\/scaloni.webp","contentUrl":"https:\/\/www.eldiario.net\/portal\/wp-content\/uploads\/2026\/01\/scaloni.webp","width":641,"height":432},{"@type":"BreadcrumbList","@id":"https:\/\/www.eldiario.net\/portal\/2026\/01\/30\/scaloni-se-reune-con-almada-musso-nico-gonzalez-y-alvarez\/#breadcrumb","itemListElement":[{"@type":"ListItem","position":1,"name":"Portada","item":"https:\/\/www.eldiario.net\/portal\/"},{"@type":"ListItem","position":2,"name":"Scaloni se re\u00fane con Almada, Musso, Nico Gonz\u00e1lez y \u00c1lvarez"}]},{"@type":"WebSite","@id":"https:\/\/www.eldiario.net\/portal\/#website","url":"https:\/\/www.eldiario.net\/portal\/","name":"El Diario - Decano de la prensa nacional","description":"El Diario - Decano de la prensa nacional","publisher":{"@id":"https:\/\/www.eldiario.net\/portal\/#organization"},"potentialAction":[{"@type":"SearchAction","target":{"@type":"EntryPoint","urlTemplate":"https:\/\/www.eldiario.net\/portal\/?s={search_term_string}"},"query-input":{"@type":"PropertyValueSpecification","valueRequired":true,"valueName":"search_term_string"}}],"inLanguage":"es"},{"@type":"Organization","@id":"https:\/\/www.eldiario.net\/portal\/#organization","name":"El Diario - Decano de la prensa nacional","url":"https:\/\/www.eldiario.net\/portal\/","logo":{"@type":"ImageObject","inLanguage":"es","@id":"https:\/\/www.eldiario.net\/portal\/#\/schema\/logo\/image\/","url":"https:\/\/www.eldiario.net\/portal\/wp-content\/uploads\/2023\/07\/logo_ED.jpg","contentUrl":"https:\/\/www.eldiario.net\/portal\/wp-content\/uploads\/2023\/07\/logo_ED.jpg","width":272,"height":52,"caption":"El Diario - Decano de la prensa nacional"},"image":{"@id":"https:\/\/www.eldiario.net\/portal\/#\/schema\/logo\/image\/"},"sameAs":["https:\/\/www.facebook.com\/eldiario.bolivia\/","https:\/\/x.com\/eldiario_net"]},{"@type":"Person","@id":"https:\/\/www.eldiario.net\/portal\/#\/schema\/person\/2c57cf2b7a7ae032e449e4c9b1019eac","name":"Jeanette","image":{"@type":"ImageObject","inLanguage":"es","@id":"https:\/\/secure.gravatar.com\/avatar\/3ea2118a5f7dad2b7138b1187a6b7ee55f160b9968b66013c3a3ef39dd7e5798?s=96&d=mm&r=g","url":"https:\/\/secure.gravatar.com\/avatar\/3ea2118a5f7dad2b7138b1187a6b7ee55f160b9968b66013c3a3ef39dd7e5798?s=96&d=mm&r=g","contentUrl":"https:\/\/secure.gravatar.com\/avatar\/3ea2118a5f7dad2b7138b1187a6b7ee55f160b9968b66013c3a3ef39dd7e5798?s=96&d=mm&r=g","caption":"Jeanette"},"sameAs":["https:\/\/www.eldiario.net\/portal"],"url":"https:\/\/www.eldiario.net\/portal\/author\/jeanette\/"}]}},"_links":{"self":[{"href":"https:\/\/www.eldiario.net\/portal\/wp-json\/wp\/v2\/posts\/364264","targetHints":{"allow":["GET"]}}],"collection":[{"href":"https:\/\/www.eldiario.net\/portal\/wp-json\/wp\/v2\/posts"}],"about":[{"href":"https:\/\/www.eldiario.net\/portal\/wp-json\/wp\/v2\/types\/post"}],"author":[{"embeddable":true,"href":"https:\/\/www.eldiario.net\/portal\/wp-json\/wp\/v2\/users\/1"}],"replies":[{"embeddable":true,"href":"https:\/\/www.eldiario.net\/portal\/wp-json\/wp\/v2\/comments?post=364264"}],"version-history":[{"count":1,"href":"https:\/\/www.eldiario.net\/portal\/wp-json\/wp\/v2\/posts\/364264\/revisions"}],"predecessor-version":[{"id":364266,"href":"https:\/\/www.eldiario.net\/portal\/wp-json\/wp\/v2\/posts\/364264\/revisions\/364266"}],"wp:featuredmedia":[{"embeddable":true,"href":"https:\/\/www.eldiario.net\/portal\/wp-json\/wp\/v2\/media\/364265"}],"wp:attachment":[{"href":"https:\/\/www.eldiario.net\/portal\/wp-json\/wp\/v2\/media?parent=364264"}],"wp:term":[{"taxonomy":"category","embeddable":true,"href":"https:\/\/www.eldiario.net\/portal\/wp-json\/wp\/v2\/categories?post=364264"},{"taxonomy":"post_tag","embeddable":true,"href":"https:\/\/www.eldiario.net\/portal\/wp-json\/wp\/v2\/tags?post=364264"}],"curies":[{"name":"wp","href":"https:\/\/api.w.org\/{rel}","templated":true}]}}