{"id":363765,"date":"2026-01-28T08:54:20","date_gmt":"2026-01-28T12:54:20","guid":{"rendered":"https:\/\/www.eldiario.net\/portal\/?p=363765"},"modified":"2026-01-28T08:54:57","modified_gmt":"2026-01-28T12:54:57","slug":"el-trafico-sera-mas-fluido-en-la-paz-0853","status":"publish","type":"post","link":"https:\/\/www.eldiario.net\/portal\/2026\/01\/28\/el-trafico-sera-mas-fluido-en-la-paz-0853\/","title":{"rendered":"El tr\u00e1fico ser\u00e1 m\u00e1s fluido en La Paz (08:53)"},"content":{"rendered":"<p><iframe loading=\"lazy\" title=\"El tr\u00e1fico ser\u00e1 m\u00e1s fluido en La Paz\" width=\"696\" height=\"392\" src=\"https:\/\/www.youtube.com\/embed\/VVP6ePMjvKQ?feature=oembed\" frameborder=\"0\" allow=\"accelerometer; autoplay; clipboard-write; encrypted-media; gyroscope; picture-in-picture; web-share\" referrerpolicy=\"strict-origin-when-cross-origin\" allowfullscreen><\/iframe><\/p>\n<p>Xavier Iturralde, candidato a la alcald\u00eda pace\u00f1a por Alianza Social Patri\u00f3tica (ASP), propone la creaci\u00f3n de la gran avenida central que cruzar\u00e1 toda la ciudad de La Paz uniendo el final de la autopista con Chasquipampa para luego conectar con Ovejuyo, tambi\u00e9n incluye un ramal a Miraflores. Esta nueva arteria urbana r\u00e1pida tendr\u00e1 una estructura de acero y en su trayecto no cortar\u00e1 el tr\u00e1fico por la ausencia de sem\u00e1foros. Iturralde considera que actualmente existe un despilfarro de recursos, especialmente en el \u00e1rea administrativa que impide una atenci\u00f3n eficiente a la<\/p>\n","protected":false},"excerpt":{"rendered":"<p>Xavier Iturralde, candidato a la alcald\u00eda pace\u00f1a por Alianza Social Patri\u00f3tica (ASP), propone la creaci\u00f3n de la gran avenida central que cruzar\u00e1 toda la ciudad de La Paz uniendo el final de la autopista con Chasquipampa para luego conectar con Ovejuyo, tambi\u00e9n incluye un ramal a Miraflores. Esta nueva arteria urbana r\u00e1pida tendr\u00e1 una estructura [&hellip;]<\/p>\n","protected":false},"author":6,"featured_media":363766,"comment_status":"closed","ping_status":"open","sticky":false,"template":"","format":"video","meta":{"_acf_changed":false,"footnotes":""},"categories":[51],"tags":[],"class_list":["post-363765","post","type-post","status-publish","format-video","has-post-thumbnail","category-ultima-hora","post_format-post-format-video"],"acf":{"antetitulo":""},"yoast_head":"<!-- This site is optimized with the Yoast SEO plugin v28.4 - https:\/\/yoast.com\/product\/yoast-seo-wordpress\/ -->\n<title>El tr\u00e1fico ser\u00e1 m\u00e1s fluido en La Paz (08:53) - El Diario - Bolivia<\/title>\n<meta name=\"robots\" content=\"index, follow, max-snippet:-1, max-image-preview:large, max-video-preview:-1\" \/>\n<link rel=\"canonical\" href=\"https:\/\/www.eldiario.net\/portal\/2026\/01\/28\/el-trafico-sera-mas-fluido-en-la-paz-0853\/\" \/>\n<meta property=\"og:locale\" content=\"es_ES\" \/>\n<meta property=\"og:type\" content=\"article\" \/>\n<meta property=\"og:title\" content=\"El tr\u00e1fico ser\u00e1 m\u00e1s fluido en La Paz (08:53) - El Diario - Bolivia\" \/>\n<meta property=\"og:description\" content=\"Xavier Iturralde, candidato a la alcald\u00eda pace\u00f1a por Alianza Social Patri\u00f3tica (ASP), propone la creaci\u00f3n de la gran avenida central que cruzar\u00e1 toda la ciudad de La Paz uniendo el final de la autopista con Chasquipampa para luego conectar con Ovejuyo, tambi\u00e9n incluye un ramal a Miraflores. Esta nueva arteria urbana r\u00e1pida tendr\u00e1 una estructura [&hellip;]\" \/>\n<meta property=\"og:url\" content=\"https:\/\/www.eldiario.net\/portal\/2026\/01\/28\/el-trafico-sera-mas-fluido-en-la-paz-0853\/\" \/>\n<meta property=\"og:site_name\" content=\"El Diario - Bolivia\" \/>\n<meta property=\"article:publisher\" content=\"https:\/\/www.facebook.com\/eldiario.bolivia\/\" \/>\n<meta property=\"article:published_time\" content=\"2026-01-28T12:54:20+00:00\" \/>\n<meta property=\"article:modified_time\" content=\"2026-01-28T12:54:57+00:00\" \/>\n<meta property=\"og:image\" content=\"https:\/\/www.eldiario.net\/portal\/wp-content\/uploads\/2026\/01\/WhatsApp-Image-2026-01-24-at-6.33.04-PM-e1769604813162.jpeg\" \/>\n\t<meta property=\"og:image:width\" content=\"500\" \/>\n\t<meta property=\"og:image:height\" content=\"264\" \/>\n\t<meta property=\"og:image:type\" content=\"image\/jpeg\" \/>\n<meta name=\"author\" content=\"Mariana Garnica\" \/>\n<meta name=\"twitter:card\" content=\"summary_large_image\" \/>\n<meta name=\"twitter:creator\" content=\"@eldiario_net\" \/>\n<meta name=\"twitter:site\" content=\"@eldiario_net\" \/>\n<meta name=\"twitter:label1\" content=\"Escrito por\" \/>\n\t<meta name=\"twitter:data1\" content=\"Mariana Garnica\" \/>\n\t<meta name=\"twitter:label2\" content=\"Tiempo de lectura\" \/>\n\t<meta name=\"twitter:data2\" content=\"1 minuto\" \/>\n<script type=\"application\/ld+json\" class=\"yoast-schema-graph\">{\"@context\":\"https:\\\/\\\/schema.org\",\"@graph\":[{\"@type\":\"Article\",\"@id\":\"https:\\\/\\\/www.eldiario.net\\\/portal\\\/2026\\\/01\\\/28\\\/el-trafico-sera-mas-fluido-en-la-paz-0853\\\/#article\",\"isPartOf\":{\"@id\":\"https:\\\/\\\/www.eldiario.net\\\/portal\\\/2026\\\/01\\\/28\\\/el-trafico-sera-mas-fluido-en-la-paz-0853\\\/\"},\"author\":{\"name\":\"Mariana Garnica\",\"@id\":\"https:\\\/\\\/www.eldiario.net\\\/portal\\\/#\\\/schema\\\/person\\\/b02ed27b456c3e0bd38941da92e05130\"},\"headline\":\"El tr\u00e1fico ser\u00e1 m\u00e1s fluido en La Paz (08:53)\",\"datePublished\":\"2026-01-28T12:54:20+00:00\",\"dateModified\":\"2026-01-28T12:54:57+00:00\",\"mainEntityOfPage\":{\"@id\":\"https:\\\/\\\/www.eldiario.net\\\/portal\\\/2026\\\/01\\\/28\\\/el-trafico-sera-mas-fluido-en-la-paz-0853\\\/\"},\"wordCount\":117,\"publisher\":{\"@id\":\"https:\\\/\\\/www.eldiario.net\\\/portal\\\/#organization\"},\"image\":{\"@id\":\"https:\\\/\\\/www.eldiario.net\\\/portal\\\/2026\\\/01\\\/28\\\/el-trafico-sera-mas-fluido-en-la-paz-0853\\\/#primaryimage\"},\"thumbnailUrl\":\"https:\\\/\\\/www.eldiario.net\\\/portal\\\/wp-content\\\/uploads\\\/2026\\\/01\\\/WhatsApp-Image-2026-01-24-at-6.33.04-PM-e1769604813162.jpeg\",\"articleSection\":[\"\u00daltima Hora\"],\"inLanguage\":\"es\"},{\"@type\":\"WebPage\",\"@id\":\"https:\\\/\\\/www.eldiario.net\\\/portal\\\/2026\\\/01\\\/28\\\/el-trafico-sera-mas-fluido-en-la-paz-0853\\\/\",\"url\":\"https:\\\/\\\/www.eldiario.net\\\/portal\\\/2026\\\/01\\\/28\\\/el-trafico-sera-mas-fluido-en-la-paz-0853\\\/\",\"name\":\"El tr\u00e1fico ser\u00e1 m\u00e1s fluido en La Paz (08:53) - El Diario - Bolivia\",\"isPartOf\":{\"@id\":\"https:\\\/\\\/www.eldiario.net\\\/portal\\\/#website\"},\"primaryImageOfPage\":{\"@id\":\"https:\\\/\\\/www.eldiario.net\\\/portal\\\/2026\\\/01\\\/28\\\/el-trafico-sera-mas-fluido-en-la-paz-0853\\\/#primaryimage\"},\"image\":{\"@id\":\"https:\\\/\\\/www.eldiario.net\\\/portal\\\/2026\\\/01\\\/28\\\/el-trafico-sera-mas-fluido-en-la-paz-0853\\\/#primaryimage\"},\"thumbnailUrl\":\"https:\\\/\\\/www.eldiario.net\\\/portal\\\/wp-content\\\/uploads\\\/2026\\\/01\\\/WhatsApp-Image-2026-01-24-at-6.33.04-PM-e1769604813162.jpeg\",\"datePublished\":\"2026-01-28T12:54:20+00:00\",\"dateModified\":\"2026-01-28T12:54:57+00:00\",\"breadcrumb\":{\"@id\":\"https:\\\/\\\/www.eldiario.net\\\/portal\\\/2026\\\/01\\\/28\\\/el-trafico-sera-mas-fluido-en-la-paz-0853\\\/#breadcrumb\"},\"inLanguage\":\"es\",\"potentialAction\":[{\"@type\":\"ReadAction\",\"target\":[\"https:\\\/\\\/www.eldiario.net\\\/portal\\\/2026\\\/01\\\/28\\\/el-trafico-sera-mas-fluido-en-la-paz-0853\\\/\"]}]},{\"@type\":\"ImageObject\",\"inLanguage\":\"es\",\"@id\":\"https:\\\/\\\/www.eldiario.net\\\/portal\\\/2026\\\/01\\\/28\\\/el-trafico-sera-mas-fluido-en-la-paz-0853\\\/#primaryimage\",\"url\":\"https:\\\/\\\/www.eldiario.net\\\/portal\\\/wp-content\\\/uploads\\\/2026\\\/01\\\/WhatsApp-Image-2026-01-24-at-6.33.04-PM-e1769604813162.jpeg\",\"contentUrl\":\"https:\\\/\\\/www.eldiario.net\\\/portal\\\/wp-content\\\/uploads\\\/2026\\\/01\\\/WhatsApp-Image-2026-01-24-at-6.33.04-PM-e1769604813162.jpeg\",\"width\":500,\"height\":264},{\"@type\":\"BreadcrumbList\",\"@id\":\"https:\\\/\\\/www.eldiario.net\\\/portal\\\/2026\\\/01\\\/28\\\/el-trafico-sera-mas-fluido-en-la-paz-0853\\\/#breadcrumb\",\"itemListElement\":[{\"@type\":\"ListItem\",\"position\":1,\"name\":\"Portada\",\"item\":\"https:\\\/\\\/www.eldiario.net\\\/portal\\\/\"},{\"@type\":\"ListItem\",\"position\":2,\"name\":\"El tr\u00e1fico ser\u00e1 m\u00e1s fluido en La Paz (08:53)\"}]},{\"@type\":\"WebSite\",\"@id\":\"https:\\\/\\\/www.eldiario.net\\\/portal\\\/#website\",\"url\":\"https:\\\/\\\/www.eldiario.net\\\/portal\\\/\",\"name\":\"El Diario - Decano de la prensa nacional\",\"description\":\"El Diario - Decano de la prensa nacional\",\"publisher\":{\"@id\":\"https:\\\/\\\/www.eldiario.net\\\/portal\\\/#organization\"},\"potentialAction\":[{\"@type\":\"SearchAction\",\"target\":{\"@type\":\"EntryPoint\",\"urlTemplate\":\"https:\\\/\\\/www.eldiario.net\\\/portal\\\/?s={search_term_string}\"},\"query-input\":{\"@type\":\"PropertyValueSpecification\",\"valueRequired\":true,\"valueName\":\"search_term_string\"}}],\"inLanguage\":\"es\"},{\"@type\":\"Organization\",\"@id\":\"https:\\\/\\\/www.eldiario.net\\\/portal\\\/#organization\",\"name\":\"El Diario - Decano de la prensa nacional\",\"url\":\"https:\\\/\\\/www.eldiario.net\\\/portal\\\/\",\"logo\":{\"@type\":\"ImageObject\",\"inLanguage\":\"es\",\"@id\":\"https:\\\/\\\/www.eldiario.net\\\/portal\\\/#\\\/schema\\\/logo\\\/image\\\/\",\"url\":\"https:\\\/\\\/www.eldiario.net\\\/portal\\\/wp-content\\\/uploads\\\/2023\\\/07\\\/logo_ED.jpg\",\"contentUrl\":\"https:\\\/\\\/www.eldiario.net\\\/portal\\\/wp-content\\\/uploads\\\/2023\\\/07\\\/logo_ED.jpg\",\"width\":272,\"height\":52,\"caption\":\"El Diario - Decano de la prensa nacional\"},\"image\":{\"@id\":\"https:\\\/\\\/www.eldiario.net\\\/portal\\\/#\\\/schema\\\/logo\\\/image\\\/\"},\"sameAs\":[\"https:\\\/\\\/www.facebook.com\\\/eldiario.bolivia\\\/\",\"https:\\\/\\\/x.com\\\/eldiario_net\"]},{\"@type\":\"Person\",\"@id\":\"https:\\\/\\\/www.eldiario.net\\\/portal\\\/#\\\/schema\\\/person\\\/b02ed27b456c3e0bd38941da92e05130\",\"name\":\"Mariana Garnica\",\"image\":{\"@type\":\"ImageObject\",\"inLanguage\":\"es\",\"@id\":\"https:\\\/\\\/secure.gravatar.com\\\/avatar\\\/41ff8773a042930478027d27070a9bf5dfb25b1f36d7245a4372dea1f9f295bf?s=96&d=mm&r=g\",\"url\":\"https:\\\/\\\/secure.gravatar.com\\\/avatar\\\/41ff8773a042930478027d27070a9bf5dfb25b1f36d7245a4372dea1f9f295bf?s=96&d=mm&r=g\",\"contentUrl\":\"https:\\\/\\\/secure.gravatar.com\\\/avatar\\\/41ff8773a042930478027d27070a9bf5dfb25b1f36d7245a4372dea1f9f295bf?s=96&d=mm&r=g\",\"caption\":\"Mariana Garnica\"},\"url\":\"https:\\\/\\\/www.eldiario.net\\\/portal\\\/author\\\/manzanita\\\/\"}]}<\/script>\n<!-- \/ Yoast SEO plugin. -->","yoast_head_json":{"title":"El tr\u00e1fico ser\u00e1 m\u00e1s fluido en La Paz (08:53) - El Diario - Bolivia","robots":{"index":"index","follow":"follow","max-snippet":"max-snippet:-1","max-image-preview":"max-image-preview:large","max-video-preview":"max-video-preview:-1"},"canonical":"https:\/\/www.eldiario.net\/portal\/2026\/01\/28\/el-trafico-sera-mas-fluido-en-la-paz-0853\/","og_locale":"es_ES","og_type":"article","og_title":"El tr\u00e1fico ser\u00e1 m\u00e1s fluido en La Paz (08:53) - El Diario - Bolivia","og_description":"Xavier Iturralde, candidato a la alcald\u00eda pace\u00f1a por Alianza Social Patri\u00f3tica (ASP), propone la creaci\u00f3n de la gran avenida central que cruzar\u00e1 toda la ciudad de La Paz uniendo el final de la autopista con Chasquipampa para luego conectar con Ovejuyo, tambi\u00e9n incluye un ramal a Miraflores. Esta nueva arteria urbana r\u00e1pida tendr\u00e1 una estructura [&hellip;]","og_url":"https:\/\/www.eldiario.net\/portal\/2026\/01\/28\/el-trafico-sera-mas-fluido-en-la-paz-0853\/","og_site_name":"El Diario - Bolivia","article_publisher":"https:\/\/www.facebook.com\/eldiario.bolivia\/","article_published_time":"2026-01-28T12:54:20+00:00","article_modified_time":"2026-01-28T12:54:57+00:00","og_image":[{"width":500,"height":264,"url":"https:\/\/www.eldiario.net\/portal\/wp-content\/uploads\/2026\/01\/WhatsApp-Image-2026-01-24-at-6.33.04-PM-e1769604813162.jpeg","type":"image\/jpeg"}],"author":"Mariana Garnica","twitter_card":"summary_large_image","twitter_creator":"@eldiario_net","twitter_site":"@eldiario_net","twitter_misc":{"Escrito por":"Mariana Garnica","Tiempo de lectura":"1 minuto"},"schema":{"@context":"https:\/\/schema.org","@graph":[{"@type":"Article","@id":"https:\/\/www.eldiario.net\/portal\/2026\/01\/28\/el-trafico-sera-mas-fluido-en-la-paz-0853\/#article","isPartOf":{"@id":"https:\/\/www.eldiario.net\/portal\/2026\/01\/28\/el-trafico-sera-mas-fluido-en-la-paz-0853\/"},"author":{"name":"Mariana Garnica","@id":"https:\/\/www.eldiario.net\/portal\/#\/schema\/person\/b02ed27b456c3e0bd38941da92e05130"},"headline":"El tr\u00e1fico ser\u00e1 m\u00e1s fluido en La Paz (08:53)","datePublished":"2026-01-28T12:54:20+00:00","dateModified":"2026-01-28T12:54:57+00:00","mainEntityOfPage":{"@id":"https:\/\/www.eldiario.net\/portal\/2026\/01\/28\/el-trafico-sera-mas-fluido-en-la-paz-0853\/"},"wordCount":117,"publisher":{"@id":"https:\/\/www.eldiario.net\/portal\/#organization"},"image":{"@id":"https:\/\/www.eldiario.net\/portal\/2026\/01\/28\/el-trafico-sera-mas-fluido-en-la-paz-0853\/#primaryimage"},"thumbnailUrl":"https:\/\/www.eldiario.net\/portal\/wp-content\/uploads\/2026\/01\/WhatsApp-Image-2026-01-24-at-6.33.04-PM-e1769604813162.jpeg","articleSection":["\u00daltima Hora"],"inLanguage":"es"},{"@type":"WebPage","@id":"https:\/\/www.eldiario.net\/portal\/2026\/01\/28\/el-trafico-sera-mas-fluido-en-la-paz-0853\/","url":"https:\/\/www.eldiario.net\/portal\/2026\/01\/28\/el-trafico-sera-mas-fluido-en-la-paz-0853\/","name":"El tr\u00e1fico ser\u00e1 m\u00e1s fluido en La Paz (08:53) - El Diario - Bolivia","isPartOf":{"@id":"https:\/\/www.eldiario.net\/portal\/#website"},"primaryImageOfPage":{"@id":"https:\/\/www.eldiario.net\/portal\/2026\/01\/28\/el-trafico-sera-mas-fluido-en-la-paz-0853\/#primaryimage"},"image":{"@id":"https:\/\/www.eldiario.net\/portal\/2026\/01\/28\/el-trafico-sera-mas-fluido-en-la-paz-0853\/#primaryimage"},"thumbnailUrl":"https:\/\/www.eldiario.net\/portal\/wp-content\/uploads\/2026\/01\/WhatsApp-Image-2026-01-24-at-6.33.04-PM-e1769604813162.jpeg","datePublished":"2026-01-28T12:54:20+00:00","dateModified":"2026-01-28T12:54:57+00:00","breadcrumb":{"@id":"https:\/\/www.eldiario.net\/portal\/2026\/01\/28\/el-trafico-sera-mas-fluido-en-la-paz-0853\/#breadcrumb"},"inLanguage":"es","potentialAction":[{"@type":"ReadAction","target":["https:\/\/www.eldiario.net\/portal\/2026\/01\/28\/el-trafico-sera-mas-fluido-en-la-paz-0853\/"]}]},{"@type":"ImageObject","inLanguage":"es","@id":"https:\/\/www.eldiario.net\/portal\/2026\/01\/28\/el-trafico-sera-mas-fluido-en-la-paz-0853\/#primaryimage","url":"https:\/\/www.eldiario.net\/portal\/wp-content\/uploads\/2026\/01\/WhatsApp-Image-2026-01-24-at-6.33.04-PM-e1769604813162.jpeg","contentUrl":"https:\/\/www.eldiario.net\/portal\/wp-content\/uploads\/2026\/01\/WhatsApp-Image-2026-01-24-at-6.33.04-PM-e1769604813162.jpeg","width":500,"height":264},{"@type":"BreadcrumbList","@id":"https:\/\/www.eldiario.net\/portal\/2026\/01\/28\/el-trafico-sera-mas-fluido-en-la-paz-0853\/#breadcrumb","itemListElement":[{"@type":"ListItem","position":1,"name":"Portada","item":"https:\/\/www.eldiario.net\/portal\/"},{"@type":"ListItem","position":2,"name":"El tr\u00e1fico ser\u00e1 m\u00e1s fluido en La Paz (08:53)"}]},{"@type":"WebSite","@id":"https:\/\/www.eldiario.net\/portal\/#website","url":"https:\/\/www.eldiario.net\/portal\/","name":"El Diario - Decano de la prensa nacional","description":"El Diario - Decano de la prensa nacional","publisher":{"@id":"https:\/\/www.eldiario.net\/portal\/#organization"},"potentialAction":[{"@type":"SearchAction","target":{"@type":"EntryPoint","urlTemplate":"https:\/\/www.eldiario.net\/portal\/?s={search_term_string}"},"query-input":{"@type":"PropertyValueSpecification","valueRequired":true,"valueName":"search_term_string"}}],"inLanguage":"es"},{"@type":"Organization","@id":"https:\/\/www.eldiario.net\/portal\/#organization","name":"El Diario - Decano de la prensa nacional","url":"https:\/\/www.eldiario.net\/portal\/","logo":{"@type":"ImageObject","inLanguage":"es","@id":"https:\/\/www.eldiario.net\/portal\/#\/schema\/logo\/image\/","url":"https:\/\/www.eldiario.net\/portal\/wp-content\/uploads\/2023\/07\/logo_ED.jpg","contentUrl":"https:\/\/www.eldiario.net\/portal\/wp-content\/uploads\/2023\/07\/logo_ED.jpg","width":272,"height":52,"caption":"El Diario - Decano de la prensa nacional"},"image":{"@id":"https:\/\/www.eldiario.net\/portal\/#\/schema\/logo\/image\/"},"sameAs":["https:\/\/www.facebook.com\/eldiario.bolivia\/","https:\/\/x.com\/eldiario_net"]},{"@type":"Person","@id":"https:\/\/www.eldiario.net\/portal\/#\/schema\/person\/b02ed27b456c3e0bd38941da92e05130","name":"Mariana Garnica","image":{"@type":"ImageObject","inLanguage":"es","@id":"https:\/\/secure.gravatar.com\/avatar\/41ff8773a042930478027d27070a9bf5dfb25b1f36d7245a4372dea1f9f295bf?s=96&d=mm&r=g","url":"https:\/\/secure.gravatar.com\/avatar\/41ff8773a042930478027d27070a9bf5dfb25b1f36d7245a4372dea1f9f295bf?s=96&d=mm&r=g","contentUrl":"https:\/\/secure.gravatar.com\/avatar\/41ff8773a042930478027d27070a9bf5dfb25b1f36d7245a4372dea1f9f295bf?s=96&d=mm&r=g","caption":"Mariana Garnica"},"url":"https:\/\/www.eldiario.net\/portal\/author\/manzanita\/"}]}},"_links":{"self":[{"href":"https:\/\/www.eldiario.net\/portal\/wp-json\/wp\/v2\/posts\/363765","targetHints":{"allow":["GET"]}}],"collection":[{"href":"https:\/\/www.eldiario.net\/portal\/wp-json\/wp\/v2\/posts"}],"about":[{"href":"https:\/\/www.eldiario.net\/portal\/wp-json\/wp\/v2\/types\/post"}],"author":[{"embeddable":true,"href":"https:\/\/www.eldiario.net\/portal\/wp-json\/wp\/v2\/users\/6"}],"replies":[{"embeddable":true,"href":"https:\/\/www.eldiario.net\/portal\/wp-json\/wp\/v2\/comments?post=363765"}],"version-history":[{"count":2,"href":"https:\/\/www.eldiario.net\/portal\/wp-json\/wp\/v2\/posts\/363765\/revisions"}],"predecessor-version":[{"id":363768,"href":"https:\/\/www.eldiario.net\/portal\/wp-json\/wp\/v2\/posts\/363765\/revisions\/363768"}],"wp:featuredmedia":[{"embeddable":true,"href":"https:\/\/www.eldiario.net\/portal\/wp-json\/wp\/v2\/media\/363766"}],"wp:attachment":[{"href":"https:\/\/www.eldiario.net\/portal\/wp-json\/wp\/v2\/media?parent=363765"}],"wp:term":[{"taxonomy":"category","embeddable":true,"href":"https:\/\/www.eldiario.net\/portal\/wp-json\/wp\/v2\/categories?post=363765"},{"taxonomy":"post_tag","embeddable":true,"href":"https:\/\/www.eldiario.net\/portal\/wp-json\/wp\/v2\/tags?post=363765"}],"curies":[{"name":"wp","href":"https:\/\/api.w.org\/{rel}","templated":true}]}}