{"id":363754,"date":"2026-01-28T06:09:19","date_gmt":"2026-01-28T10:09:19","guid":{"rendered":"https:\/\/www.eldiario.net\/portal\/?p=363754"},"modified":"2026-01-28T06:09:19","modified_gmt":"2026-01-28T10:09:19","slug":"nohelia-romero-como-mujeres-somos-capaces-de-todo","status":"publish","type":"post","link":"https:\/\/www.eldiario.net\/portal\/2026\/01\/28\/nohelia-romero-como-mujeres-somos-capaces-de-todo\/","title":{"rendered":"Nohelia Romero: \u00abComo mujeres, somos capaces de todo\u00bb"},"content":{"rendered":"<p>Por Susana Guti\u00e9rrez<\/p>\n<p>La trayectoria de Nohelia Romero es un testimonio de constancia. Lo que comenz\u00f3 como una vocaci\u00f3n temprana en Bolivia se ha transformado hoy en un perfil art\u00edstico integral que destaca en la escena multicultural espa\u00f1ola. Tras a\u00f1os de rigor en el baile, su transici\u00f3n hacia el canto ha sido un proceso natural, impulsado por una visi\u00f3n clara y una imagen est\u00e9tica cuidadosamente trabajada.<\/p>\n<p>Su reciente galard\u00f3n marca un salto cualitativo en su carrera, validando su capacidad para conectar con el p\u00fablico y destacar entre diversos talentos internacionales. En esta entrevista, conversamos con una artista que ha sabido convertir la experiencia y la distancia en su mayor ventaja creativa, para abrirse paso en una industria tan competitiva como la actual.<\/p>\n<p><strong>Nohelia, para quienes reci\u00e9n descubren tu talento, \u00bfqui\u00e9n es la mujer detr\u00e1s de la artista? \u00bfC\u00f3mo te describir\u00edas en esta etapa de tu vida?<\/strong><\/p>\n<p>Soy una mujer fuerte y sensible que quiere luchar por sus sue\u00f1os, capaz de enfrentar todo lo que se le presente; alguien que no deja de aprovechar las oportunidades y que se siente feliz de, al menos, haberlo intentado.<\/p>\n<p><strong>\u00bfQu\u00e9 es lo que m\u00e1s atesoras en tu maleta de recuerdos de Bolivia y qu\u00e9 fue lo m\u00e1s dif\u00edcil de soltar para poder crecer?<\/strong><\/p>\n<p>Lo que m\u00e1s atesoro es mi familia, mis recuerdos de Bolivia y mi cultura. Es por eso que, en Madrid, toda vez que puedo, trato de participar en eventos y fraternidades que me abren las puertas para poder mostrar lo que amo: bailar. Llegar a Espa\u00f1a fue muy dif\u00edcil porque no sab\u00eda a lo que me iba enfrentar, pero este es un pa\u00eds de oportunidades y con mucho trabajo y esfuerzo pude abrirme puertas en este mundo que es tan complejo.<\/p>\n<p><strong>El arte suele ser un refugio. \u00bfEn qu\u00e9 momento supiste que tu destino estaba sobre un escenario y no en un entorno tradicional?<\/strong><\/p>\n<p>Siempre supe que mi vida era el baile; comenz\u00f3 desde los 3 a\u00f1os de edad en prestigiosas academias de Sucre. El canto y la actuaci\u00f3n se fueron dando despu\u00e9s y, como soy una persona que no deja pasar las oportunidades, las aprovecho al m\u00e1ximo.<\/p>\n<p><strong>\u00bfQu\u00e9 lecciones te ha ense\u00f1ado la distancia que no hubieras aprendido qued\u00e1ndote en Bolivia?<\/strong><\/p>\n<p>\u00a1Lecciones en este camino, muchas! Estar lejos de tu casa y no tener comodidades cuesta. En lo personal y profesional, la vida y la distancia me ense\u00f1aron a tener los pies en la tierra, a tener responsabilidad conmigo misma y tratar de mejorar para ser feliz. En Bolivia, lastimosamente, la danza no es vista como una carrera profesional, es m\u00e1s un hobby. En cambio, en Espa\u00f1a la danza es valorada y apoyada como cualquier otra profesi\u00f3n.<\/p>\n<p><strong>Empezaste como bailarina profesional. \u00bfC\u00f3mo fue ese proceso de \u00abatreverte\u00bb a usar tu voz y decidir que tambi\u00e9n quer\u00edas ser cantante de m\u00fasica urbana?<\/strong><\/p>\n<p>Mis inicios en el canto fueron una propuesta de colaboraci\u00f3n que me hizo el cantante Lobad Boy y yo, sin dudarlo, le dije que s\u00ed. Me gust\u00f3 mucho el trabajo y fuimos por la segunda; el resto se fue dando. Ahora somos un equipo muy grande de gente talentosa que me acompa\u00f1a: productor, coach vocal, c\u00e1mara, bailarinas&#8230; gente muy talentosa en esta bonita experiencia.<\/p>\n<p><strong>Tu imagen est\u00e1 muy cuidada y proyecta seguridad. \u00bfC\u00f3mo has construido esta identidad visual? \u00bfEs un reflejo fiel de tu personalidad?<\/strong><\/p>\n<p>Muchas gracias por tus palabras, me alegra mucho que me vean as\u00ed. Mi identidad visual se fue dando con el trascurso de los a\u00f1os. Yo soy as\u00ed, tal como me ven, con mis defectos y virtudes, aunque confieso que soy muy t\u00edmida en las entrevistas.<\/p>\n<p><strong>El g\u00e9nero urbano en Espa\u00f1a es muy vibrante. \u00bfC\u00f3mo logras mantener tu esencia boliviana viviendo en una cultura musical tan distinta?<\/strong><\/p>\n<p>Me caracterizo por mi versatilidad. Puedo cantar urbano, folclore o baladas; me gusta probar todo y lo disfruto much\u00edsimo.<\/p>\n<p><strong>Recientemente fuiste galardonada como Artista Revelaci\u00f3n del A\u00f1o. \u00bfQu\u00e9 significa para ti ser la m\u00e1s joven en recibir este reconocimiento entre tantos talentos internacionales?<\/strong><\/p>\n<p>La verdad estoy muy agradecida con la directora de los premios, Killa Tedesqui. Es el mayor reconocimiento en Europa y uno de los galardones m\u00e1s importantes. Me sent\u00ed muy afortunada de vivir esa experiencia. Fue m\u00e1gico estar al lado de grandes talentos y personalidades influyentes.<\/p>\n<p><strong>\u00bfCu\u00e1l es el mensaje que quieres transmitir a trav\u00e9s de tu m\u00fasica a otras mujeres que te ven como un referente?<\/strong><\/p>\n<p>\u00bfC\u00f3mo un referente? Qu\u00e9 bonito&#8230; me llena de ilusi\u00f3n. Me siento feliz por hacer lo que me gusta y satisfecha de haber cumplido mis sue\u00f1os. El mensaje que doy en todas mis canciones es que, como mujeres, somos fuertes, decididas y capaces de conseguir lo que nos proponemos. Y ser felices, porque nos lo merecemos.<\/p>\n<p><strong>\u00bfQu\u00e9 sigue para Nohelia Romero? \u00bfHay alg\u00fan proyecto inmediato que te emocione especialmente?<\/strong><\/p>\n<p>S\u00ed, hay un tema que est\u00e1 por salir, es una cumbia. Creo que va a gustar mucho; lo hice con mucho cari\u00f1o y espero el apoyo de mi gente. Estoy muy emocionada deseando que salga y agradecida con todos.<\/p>\n\r\n                <style type=\"text\/css\">\r\n                    \r\n                    #tdi_1  .td-doubleSlider-2 .td-item1 {\r\n                        background: url(https:\/\/www.eldiario.net\/portal\/wp-content\/uploads\/2026\/01\/NOTA-1-FOTO-1-3-80x60.webp) 0 0 no-repeat;\r\n                    }\r\n                    #tdi_1  .td-doubleSlider-2 .td-item2 {\r\n                        background: url(https:\/\/www.eldiario.net\/portal\/wp-content\/uploads\/2026\/01\/NOTA-1-FOTO-2-3-80x60.webp) 0 0 no-repeat;\r\n                    }\r\n                    #tdi_1  .td-doubleSlider-2 .td-item3 {\r\n                        background: url(https:\/\/www.eldiario.net\/portal\/wp-content\/uploads\/2026\/01\/NOTA-1-FOTO-3-2-80x60.webp) 0 0 no-repeat;\r\n                    }\r\n                    #tdi_1  .td-doubleSlider-2 .td-item4 {\r\n                        background: url(https:\/\/www.eldiario.net\/portal\/wp-content\/uploads\/2026\/01\/NOTA-1-FOTO-4-2-80x60.webp) 0 0 no-repeat;\r\n                    }\r\n                <\/style>\r\n\r\n                <div id=\"tdi_1\" class=\"td-gallery td-slide-on-2-columns\">\r\n                    <div class=\"post_td_gallery\">\r\n                        <div class=\"td-gallery-slide-top\">\r\n                           <div class=\"td-gallery-title\"><\/div>\r\n\r\n                            <div class=\"td-gallery-controls-wrapper\">\r\n                                <div class=\"td-gallery-slide-count\"><span class=\"td-gallery-slide-item-focus\">1<\/span> de 4<\/div>\r\n                                <div class=\"td-gallery-slide-prev-next-but\">\r\n                                    <i class = \"td-icon-left doubleSliderPrevButton\"><\/i>\r\n                                    <i class = \"td-icon-right doubleSliderNextButton\"><\/i>\r\n                                <\/div>\r\n                            <\/div>\r\n                        <\/div>\r\n\r\n                        <div class = \"td-doubleSlider-1 \">\r\n                            <div class = \"td-slider\">\r\n                                \r\n                    <div class = \"td-slide-item td-item1\">\r\n                        <figure class=\"td-slide-galery-figure td-slide-popup-gallery\">\r\n                            <a class=\"slide-gallery-image-link\" href=\"https:\/\/www.eldiario.net\/portal\/wp-content\/uploads\/2026\/01\/NOTA-1-FOTO-1-3.webp\" title=\"NOTA-1-FOTO-1\"  data-caption=\"NOHELIA ROMERO, ARTISTA REVELACI\u00d3N EN LOS PREMIOS EUROPA MULTICULTURAL.\"  data-description=\"\">\r\n                                <img decoding=\"async\" src=\"https:\/\/www.eldiario.net\/portal\/wp-content\/uploads\/2026\/01\/NOTA-1-FOTO-1-3-336x420.webp\" srcset=\"https:\/\/www.eldiario.net\/portal\/wp-content\/uploads\/2026\/01\/NOTA-1-FOTO-1-3-336x420.webp 336w, https:\/\/www.eldiario.net\/portal\/wp-content\/uploads\/2026\/01\/NOTA-1-FOTO-1-3-240x300.webp 240w, https:\/\/www.eldiario.net\/portal\/wp-content\/uploads\/2026\/01\/NOTA-1-FOTO-1-3-819x1024.webp 819w, https:\/\/www.eldiario.net\/portal\/wp-content\/uploads\/2026\/01\/NOTA-1-FOTO-1-3-768x960.webp 768w, https:\/\/www.eldiario.net\/portal\/wp-content\/uploads\/2026\/01\/NOTA-1-FOTO-1-3-150x188.webp 150w, https:\/\/www.eldiario.net\/portal\/wp-content\/uploads\/2026\/01\/NOTA-1-FOTO-1-3-300x375.webp 300w, https:\/\/www.eldiario.net\/portal\/wp-content\/uploads\/2026\/01\/NOTA-1-FOTO-1-3-696x870.webp 696w, https:\/\/www.eldiario.net\/portal\/wp-content\/uploads\/2026\/01\/NOTA-1-FOTO-1-3.webp 1024w\" sizes=\"(max-width: 336px) 100vw, 336px\" alt=\"\">\r\n                            <\/a>\r\n                            <figcaption class = \"td-slide-caption td-gallery-slide-content\"><div class = \"td-gallery-slide-copywrite\">NOHELIA ROMERO, ARTISTA REVELACI\u00d3N EN LOS PREMIOS EUROPA MULTICULTURAL.<\/div><\/figcaption>\r\n                        <\/figure>\r\n                    <\/div>\r\n                    <div class = \"td-slide-item td-item2\">\r\n                        <figure class=\"td-slide-galery-figure td-slide-popup-gallery\">\r\n                            <a class=\"slide-gallery-image-link\" href=\"https:\/\/www.eldiario.net\/portal\/wp-content\/uploads\/2026\/01\/NOTA-1-FOTO-2-3.webp\" title=\"NOTA-1-FOTO-2\"  data-caption=\"KILLA TEDESQUI, DIRECTORA DE LOS PREMIOS EUROPA MULTICULTURAL, Y NOHELIA ROMERO.\"  data-description=\"\">\r\n                                <img decoding=\"async\" src=\"https:\/\/www.eldiario.net\/portal\/wp-content\/uploads\/2026\/01\/NOTA-1-FOTO-2-3-336x420.webp\" srcset=\"https:\/\/www.eldiario.net\/portal\/wp-content\/uploads\/2026\/01\/NOTA-1-FOTO-2-3-336x420.webp 336w, https:\/\/www.eldiario.net\/portal\/wp-content\/uploads\/2026\/01\/NOTA-1-FOTO-2-3-240x300.webp 240w, https:\/\/www.eldiario.net\/portal\/wp-content\/uploads\/2026\/01\/NOTA-1-FOTO-2-3-820x1024.webp 820w, https:\/\/www.eldiario.net\/portal\/wp-content\/uploads\/2026\/01\/NOTA-1-FOTO-2-3-768x959.webp 768w, https:\/\/www.eldiario.net\/portal\/wp-content\/uploads\/2026\/01\/NOTA-1-FOTO-2-3-150x187.webp 150w, https:\/\/www.eldiario.net\/portal\/wp-content\/uploads\/2026\/01\/NOTA-1-FOTO-2-3-300x375.webp 300w, https:\/\/www.eldiario.net\/portal\/wp-content\/uploads\/2026\/01\/NOTA-1-FOTO-2-3-696x869.webp 696w, https:\/\/www.eldiario.net\/portal\/wp-content\/uploads\/2026\/01\/NOTA-1-FOTO-2-3-1068x1334.webp 1068w, https:\/\/www.eldiario.net\/portal\/wp-content\/uploads\/2026\/01\/NOTA-1-FOTO-2-3.webp 1152w\" sizes=\"(max-width: 336px) 100vw, 336px\" alt=\"\">\r\n                            <\/a>\r\n                            <figcaption class = \"td-slide-caption td-gallery-slide-content\"><div class = \"td-gallery-slide-copywrite\">KILLA TEDESQUI, DIRECTORA DE LOS PREMIOS EUROPA MULTICULTURAL, Y NOHELIA ROMERO.<\/div><\/figcaption>\r\n                        <\/figure>\r\n                    <\/div>\r\n                    <div class = \"td-slide-item td-item3\">\r\n                        <figure class=\"td-slide-galery-figure td-slide-popup-gallery\">\r\n                            <a class=\"slide-gallery-image-link\" href=\"https:\/\/www.eldiario.net\/portal\/wp-content\/uploads\/2026\/01\/NOTA-1-FOTO-3-2.webp\" title=\"NOTA-1-FOTO-3\"  data-caption=\"\"  data-description=\"\">\r\n                                <img decoding=\"async\" src=\"https:\/\/www.eldiario.net\/portal\/wp-content\/uploads\/2026\/01\/NOTA-1-FOTO-3-2-280x420.webp\" srcset=\"https:\/\/www.eldiario.net\/portal\/wp-content\/uploads\/2026\/01\/NOTA-1-FOTO-3-2-280x420.webp 280w, https:\/\/www.eldiario.net\/portal\/wp-content\/uploads\/2026\/01\/NOTA-1-FOTO-3-2-200x300.webp 200w, https:\/\/www.eldiario.net\/portal\/wp-content\/uploads\/2026\/01\/NOTA-1-FOTO-3-2-683x1024.webp 683w, https:\/\/www.eldiario.net\/portal\/wp-content\/uploads\/2026\/01\/NOTA-1-FOTO-3-2-768x1151.webp 768w, https:\/\/www.eldiario.net\/portal\/wp-content\/uploads\/2026\/01\/NOTA-1-FOTO-3-2-1025x1536.webp 1025w, https:\/\/www.eldiario.net\/portal\/wp-content\/uploads\/2026\/01\/NOTA-1-FOTO-3-2-150x225.webp 150w, https:\/\/www.eldiario.net\/portal\/wp-content\/uploads\/2026\/01\/NOTA-1-FOTO-3-2-300x450.webp 300w, https:\/\/www.eldiario.net\/portal\/wp-content\/uploads\/2026\/01\/NOTA-1-FOTO-3-2-696x1043.webp 696w, https:\/\/www.eldiario.net\/portal\/wp-content\/uploads\/2026\/01\/NOTA-1-FOTO-3-2-1068x1601.webp 1068w, https:\/\/www.eldiario.net\/portal\/wp-content\/uploads\/2026\/01\/NOTA-1-FOTO-3-2.webp 1093w\" sizes=\"(max-width: 280px) 100vw, 280px\" alt=\"\">\r\n                            <\/a>\r\n                            \r\n                        <\/figure>\r\n                    <\/div>\r\n                    <div class = \"td-slide-item td-item4\">\r\n                        <figure class=\"td-slide-galery-figure td-slide-popup-gallery\">\r\n                            <a class=\"slide-gallery-image-link\" href=\"https:\/\/www.eldiario.net\/portal\/wp-content\/uploads\/2026\/01\/NOTA-1-FOTO-4-2.webp\" title=\"NOTA-1-FOTO-4\"  data-caption=\"\"  data-description=\"\">\r\n                                <img decoding=\"async\" src=\"https:\/\/www.eldiario.net\/portal\/wp-content\/uploads\/2026\/01\/NOTA-1-FOTO-4-2-315x420.webp\" srcset=\"https:\/\/www.eldiario.net\/portal\/wp-content\/uploads\/2026\/01\/NOTA-1-FOTO-4-2-315x420.webp 315w, https:\/\/www.eldiario.net\/portal\/wp-content\/uploads\/2026\/01\/NOTA-1-FOTO-4-2-225x300.webp 225w, https:\/\/www.eldiario.net\/portal\/wp-content\/uploads\/2026\/01\/NOTA-1-FOTO-4-2-769x1024.webp 769w, https:\/\/www.eldiario.net\/portal\/wp-content\/uploads\/2026\/01\/NOTA-1-FOTO-4-2-768x1023.webp 768w, https:\/\/www.eldiario.net\/portal\/wp-content\/uploads\/2026\/01\/NOTA-1-FOTO-4-2-150x200.webp 150w, https:\/\/www.eldiario.net\/portal\/wp-content\/uploads\/2026\/01\/NOTA-1-FOTO-4-2-300x400.webp 300w, https:\/\/www.eldiario.net\/portal\/wp-content\/uploads\/2026\/01\/NOTA-1-FOTO-4-2-696x927.webp 696w, https:\/\/www.eldiario.net\/portal\/wp-content\/uploads\/2026\/01\/NOTA-1-FOTO-4-2.webp 960w\" sizes=\"(max-width: 315px) 100vw, 315px\" alt=\"\">\r\n                            <\/a>\r\n                            \r\n                        <\/figure>\r\n                    <\/div>\r\n                            <\/div>\r\n                        <\/div>\r\n\r\n                        <div class = \"td-doubleSlider-2\">\r\n                            <div class = \"td-slider\">\r\n                                \r\n                    <div class = \"td-button td-item1\">\r\n                        <div class = \"td-border\"><\/div>\r\n                    <\/div>\r\n                    <div class = \"td-button td-item2\">\r\n                        <div class = \"td-border\"><\/div>\r\n                    <\/div>\r\n                    <div class = \"td-button td-item3\">\r\n                        <div class = \"td-border\"><\/div>\r\n                    <\/div>\r\n                    <div class = \"td-button td-item4\">\r\n                        <div class = \"td-border\"><\/div>\r\n                    <\/div>\r\n                            <\/div>\r\n                        <\/div>\r\n\r\n                    <\/div>\r\n\r\n                <\/div>\r\n                \n","protected":false},"excerpt":{"rendered":"<p>Por Susana Guti\u00e9rrez La trayectoria de Nohelia Romero es un testimonio de constancia. Lo que comenz\u00f3 como una vocaci\u00f3n temprana en Bolivia se ha transformado hoy en un perfil art\u00edstico integral que destaca en la escena multicultural espa\u00f1ola. Tras a\u00f1os de rigor en el baile, su transici\u00f3n hacia el canto ha sido un proceso natural, [&hellip;]<\/p>\n","protected":false},"author":1,"featured_media":363755,"comment_status":"closed","ping_status":"open","sticky":false,"template":"","format":"standard","meta":{"_acf_changed":false,"footnotes":""},"categories":[42],"tags":[],"class_list":["post-363754","post","type-post","status-publish","format-standard","has-post-thumbnail","category-femenina"],"acf":{"antetitulo":"Valores bolivianos"},"yoast_head":"<!-- This site is optimized with the Yoast SEO plugin v28.4 - https:\/\/yoast.com\/product\/yoast-seo-wordpress\/ -->\n<title>Nohelia Romero: &quot;Como mujeres, somos capaces de todo&quot; - El Diario - Bolivia<\/title>\n<meta name=\"robots\" content=\"index, follow, max-snippet:-1, max-image-preview:large, max-video-preview:-1\" \/>\n<link rel=\"canonical\" href=\"https:\/\/www.eldiario.net\/portal\/2026\/01\/28\/nohelia-romero-como-mujeres-somos-capaces-de-todo\/\" \/>\n<meta property=\"og:locale\" content=\"es_ES\" \/>\n<meta property=\"og:type\" content=\"article\" \/>\n<meta property=\"og:title\" content=\"Nohelia Romero: &quot;Como mujeres, somos capaces de todo&quot; - El Diario - Bolivia\" \/>\n<meta property=\"og:description\" content=\"Por Susana Guti\u00e9rrez La trayectoria de Nohelia Romero es un testimonio de constancia. Lo que comenz\u00f3 como una vocaci\u00f3n temprana en Bolivia se ha transformado hoy en un perfil art\u00edstico integral que destaca en la escena multicultural espa\u00f1ola. Tras a\u00f1os de rigor en el baile, su transici\u00f3n hacia el canto ha sido un proceso natural, [&hellip;]\" \/>\n<meta property=\"og:url\" content=\"https:\/\/www.eldiario.net\/portal\/2026\/01\/28\/nohelia-romero-como-mujeres-somos-capaces-de-todo\/\" \/>\n<meta property=\"og:site_name\" content=\"El Diario - Bolivia\" \/>\n<meta property=\"article:publisher\" content=\"https:\/\/www.facebook.com\/eldiario.bolivia\/\" \/>\n<meta property=\"article:published_time\" content=\"2026-01-28T10:09:19+00:00\" \/>\n<meta property=\"og:image\" content=\"https:\/\/www.eldiario.net\/portal\/wp-content\/uploads\/2026\/01\/NOTA-1-FOTO-1-3.webp\" \/>\n\t<meta property=\"og:image:width\" content=\"1024\" \/>\n\t<meta property=\"og:image:height\" content=\"1280\" \/>\n\t<meta property=\"og:image:type\" content=\"image\/webp\" \/>\n<meta name=\"author\" content=\"Jeanette\" \/>\n<meta name=\"twitter:card\" content=\"summary_large_image\" \/>\n<meta name=\"twitter:creator\" content=\"@eldiario_net\" \/>\n<meta name=\"twitter:site\" content=\"@eldiario_net\" \/>\n<meta name=\"twitter:label1\" content=\"Escrito por\" \/>\n\t<meta name=\"twitter:data1\" content=\"Jeanette\" \/>\n\t<meta name=\"twitter:label2\" content=\"Tiempo de lectura\" \/>\n\t<meta name=\"twitter:data2\" content=\"5 minutos\" \/>\n<script type=\"application\/ld+json\" class=\"yoast-schema-graph\">{\"@context\":\"https:\\\/\\\/schema.org\",\"@graph\":[{\"@type\":\"Article\",\"@id\":\"https:\\\/\\\/www.eldiario.net\\\/portal\\\/2026\\\/01\\\/28\\\/nohelia-romero-como-mujeres-somos-capaces-de-todo\\\/#article\",\"isPartOf\":{\"@id\":\"https:\\\/\\\/www.eldiario.net\\\/portal\\\/2026\\\/01\\\/28\\\/nohelia-romero-como-mujeres-somos-capaces-de-todo\\\/\"},\"author\":{\"name\":\"Jeanette\",\"@id\":\"https:\\\/\\\/www.eldiario.net\\\/portal\\\/#\\\/schema\\\/person\\\/2c57cf2b7a7ae032e449e4c9b1019eac\"},\"headline\":\"Nohelia Romero: \u00abComo mujeres, somos capaces de todo\u00bb\",\"datePublished\":\"2026-01-28T10:09:19+00:00\",\"mainEntityOfPage\":{\"@id\":\"https:\\\/\\\/www.eldiario.net\\\/portal\\\/2026\\\/01\\\/28\\\/nohelia-romero-como-mujeres-somos-capaces-de-todo\\\/\"},\"wordCount\":915,\"publisher\":{\"@id\":\"https:\\\/\\\/www.eldiario.net\\\/portal\\\/#organization\"},\"image\":{\"@id\":\"https:\\\/\\\/www.eldiario.net\\\/portal\\\/2026\\\/01\\\/28\\\/nohelia-romero-como-mujeres-somos-capaces-de-todo\\\/#primaryimage\"},\"thumbnailUrl\":\"https:\\\/\\\/www.eldiario.net\\\/portal\\\/wp-content\\\/uploads\\\/2026\\\/01\\\/NOTA-1-FOTO-1-3.webp\",\"articleSection\":[\"Femenina\"],\"inLanguage\":\"es\"},{\"@type\":\"WebPage\",\"@id\":\"https:\\\/\\\/www.eldiario.net\\\/portal\\\/2026\\\/01\\\/28\\\/nohelia-romero-como-mujeres-somos-capaces-de-todo\\\/\",\"url\":\"https:\\\/\\\/www.eldiario.net\\\/portal\\\/2026\\\/01\\\/28\\\/nohelia-romero-como-mujeres-somos-capaces-de-todo\\\/\",\"name\":\"Nohelia Romero: \\\"Como mujeres, somos capaces de todo\\\" - El Diario - Bolivia\",\"isPartOf\":{\"@id\":\"https:\\\/\\\/www.eldiario.net\\\/portal\\\/#website\"},\"primaryImageOfPage\":{\"@id\":\"https:\\\/\\\/www.eldiario.net\\\/portal\\\/2026\\\/01\\\/28\\\/nohelia-romero-como-mujeres-somos-capaces-de-todo\\\/#primaryimage\"},\"image\":{\"@id\":\"https:\\\/\\\/www.eldiario.net\\\/portal\\\/2026\\\/01\\\/28\\\/nohelia-romero-como-mujeres-somos-capaces-de-todo\\\/#primaryimage\"},\"thumbnailUrl\":\"https:\\\/\\\/www.eldiario.net\\\/portal\\\/wp-content\\\/uploads\\\/2026\\\/01\\\/NOTA-1-FOTO-1-3.webp\",\"datePublished\":\"2026-01-28T10:09:19+00:00\",\"breadcrumb\":{\"@id\":\"https:\\\/\\\/www.eldiario.net\\\/portal\\\/2026\\\/01\\\/28\\\/nohelia-romero-como-mujeres-somos-capaces-de-todo\\\/#breadcrumb\"},\"inLanguage\":\"es\",\"potentialAction\":[{\"@type\":\"ReadAction\",\"target\":[\"https:\\\/\\\/www.eldiario.net\\\/portal\\\/2026\\\/01\\\/28\\\/nohelia-romero-como-mujeres-somos-capaces-de-todo\\\/\"]}]},{\"@type\":\"ImageObject\",\"inLanguage\":\"es\",\"@id\":\"https:\\\/\\\/www.eldiario.net\\\/portal\\\/2026\\\/01\\\/28\\\/nohelia-romero-como-mujeres-somos-capaces-de-todo\\\/#primaryimage\",\"url\":\"https:\\\/\\\/www.eldiario.net\\\/portal\\\/wp-content\\\/uploads\\\/2026\\\/01\\\/NOTA-1-FOTO-1-3.webp\",\"contentUrl\":\"https:\\\/\\\/www.eldiario.net\\\/portal\\\/wp-content\\\/uploads\\\/2026\\\/01\\\/NOTA-1-FOTO-1-3.webp\",\"width\":1024,\"height\":1280,\"caption\":\"NOHELIA ROMERO, ARTISTA REVELACI\u00d3N EN LOS PREMIOS EUROPA MULTICULTURAL.\"},{\"@type\":\"BreadcrumbList\",\"@id\":\"https:\\\/\\\/www.eldiario.net\\\/portal\\\/2026\\\/01\\\/28\\\/nohelia-romero-como-mujeres-somos-capaces-de-todo\\\/#breadcrumb\",\"itemListElement\":[{\"@type\":\"ListItem\",\"position\":1,\"name\":\"Portada\",\"item\":\"https:\\\/\\\/www.eldiario.net\\\/portal\\\/\"},{\"@type\":\"ListItem\",\"position\":2,\"name\":\"Nohelia Romero: \u00abComo mujeres, somos capaces de todo\u00bb\"}]},{\"@type\":\"WebSite\",\"@id\":\"https:\\\/\\\/www.eldiario.net\\\/portal\\\/#website\",\"url\":\"https:\\\/\\\/www.eldiario.net\\\/portal\\\/\",\"name\":\"El Diario - Decano de la prensa nacional\",\"description\":\"El Diario - Decano de la prensa nacional\",\"publisher\":{\"@id\":\"https:\\\/\\\/www.eldiario.net\\\/portal\\\/#organization\"},\"potentialAction\":[{\"@type\":\"SearchAction\",\"target\":{\"@type\":\"EntryPoint\",\"urlTemplate\":\"https:\\\/\\\/www.eldiario.net\\\/portal\\\/?s={search_term_string}\"},\"query-input\":{\"@type\":\"PropertyValueSpecification\",\"valueRequired\":true,\"valueName\":\"search_term_string\"}}],\"inLanguage\":\"es\"},{\"@type\":\"Organization\",\"@id\":\"https:\\\/\\\/www.eldiario.net\\\/portal\\\/#organization\",\"name\":\"El Diario - Decano de la prensa nacional\",\"url\":\"https:\\\/\\\/www.eldiario.net\\\/portal\\\/\",\"logo\":{\"@type\":\"ImageObject\",\"inLanguage\":\"es\",\"@id\":\"https:\\\/\\\/www.eldiario.net\\\/portal\\\/#\\\/schema\\\/logo\\\/image\\\/\",\"url\":\"https:\\\/\\\/www.eldiario.net\\\/portal\\\/wp-content\\\/uploads\\\/2023\\\/07\\\/logo_ED.jpg\",\"contentUrl\":\"https:\\\/\\\/www.eldiario.net\\\/portal\\\/wp-content\\\/uploads\\\/2023\\\/07\\\/logo_ED.jpg\",\"width\":272,\"height\":52,\"caption\":\"El Diario - Decano de la prensa nacional\"},\"image\":{\"@id\":\"https:\\\/\\\/www.eldiario.net\\\/portal\\\/#\\\/schema\\\/logo\\\/image\\\/\"},\"sameAs\":[\"https:\\\/\\\/www.facebook.com\\\/eldiario.bolivia\\\/\",\"https:\\\/\\\/x.com\\\/eldiario_net\"]},{\"@type\":\"Person\",\"@id\":\"https:\\\/\\\/www.eldiario.net\\\/portal\\\/#\\\/schema\\\/person\\\/2c57cf2b7a7ae032e449e4c9b1019eac\",\"name\":\"Jeanette\",\"image\":{\"@type\":\"ImageObject\",\"inLanguage\":\"es\",\"@id\":\"https:\\\/\\\/secure.gravatar.com\\\/avatar\\\/3ea2118a5f7dad2b7138b1187a6b7ee55f160b9968b66013c3a3ef39dd7e5798?s=96&d=mm&r=g\",\"url\":\"https:\\\/\\\/secure.gravatar.com\\\/avatar\\\/3ea2118a5f7dad2b7138b1187a6b7ee55f160b9968b66013c3a3ef39dd7e5798?s=96&d=mm&r=g\",\"contentUrl\":\"https:\\\/\\\/secure.gravatar.com\\\/avatar\\\/3ea2118a5f7dad2b7138b1187a6b7ee55f160b9968b66013c3a3ef39dd7e5798?s=96&d=mm&r=g\",\"caption\":\"Jeanette\"},\"sameAs\":[\"https:\\\/\\\/www.eldiario.net\\\/portal\"],\"url\":\"https:\\\/\\\/www.eldiario.net\\\/portal\\\/author\\\/jeanette\\\/\"}]}<\/script>\n<!-- \/ Yoast SEO plugin. -->","yoast_head_json":{"title":"Nohelia Romero: \"Como mujeres, somos capaces de todo\" - El Diario - Bolivia","robots":{"index":"index","follow":"follow","max-snippet":"max-snippet:-1","max-image-preview":"max-image-preview:large","max-video-preview":"max-video-preview:-1"},"canonical":"https:\/\/www.eldiario.net\/portal\/2026\/01\/28\/nohelia-romero-como-mujeres-somos-capaces-de-todo\/","og_locale":"es_ES","og_type":"article","og_title":"Nohelia Romero: \"Como mujeres, somos capaces de todo\" - El Diario - Bolivia","og_description":"Por Susana Guti\u00e9rrez La trayectoria de Nohelia Romero es un testimonio de constancia. Lo que comenz\u00f3 como una vocaci\u00f3n temprana en Bolivia se ha transformado hoy en un perfil art\u00edstico integral que destaca en la escena multicultural espa\u00f1ola. Tras a\u00f1os de rigor en el baile, su transici\u00f3n hacia el canto ha sido un proceso natural, [&hellip;]","og_url":"https:\/\/www.eldiario.net\/portal\/2026\/01\/28\/nohelia-romero-como-mujeres-somos-capaces-de-todo\/","og_site_name":"El Diario - Bolivia","article_publisher":"https:\/\/www.facebook.com\/eldiario.bolivia\/","article_published_time":"2026-01-28T10:09:19+00:00","og_image":[{"width":1024,"height":1280,"url":"https:\/\/www.eldiario.net\/portal\/wp-content\/uploads\/2026\/01\/NOTA-1-FOTO-1-3.webp","type":"image\/webp"}],"author":"Jeanette","twitter_card":"summary_large_image","twitter_creator":"@eldiario_net","twitter_site":"@eldiario_net","twitter_misc":{"Escrito por":"Jeanette","Tiempo de lectura":"5 minutos"},"schema":{"@context":"https:\/\/schema.org","@graph":[{"@type":"Article","@id":"https:\/\/www.eldiario.net\/portal\/2026\/01\/28\/nohelia-romero-como-mujeres-somos-capaces-de-todo\/#article","isPartOf":{"@id":"https:\/\/www.eldiario.net\/portal\/2026\/01\/28\/nohelia-romero-como-mujeres-somos-capaces-de-todo\/"},"author":{"name":"Jeanette","@id":"https:\/\/www.eldiario.net\/portal\/#\/schema\/person\/2c57cf2b7a7ae032e449e4c9b1019eac"},"headline":"Nohelia Romero: \u00abComo mujeres, somos capaces de todo\u00bb","datePublished":"2026-01-28T10:09:19+00:00","mainEntityOfPage":{"@id":"https:\/\/www.eldiario.net\/portal\/2026\/01\/28\/nohelia-romero-como-mujeres-somos-capaces-de-todo\/"},"wordCount":915,"publisher":{"@id":"https:\/\/www.eldiario.net\/portal\/#organization"},"image":{"@id":"https:\/\/www.eldiario.net\/portal\/2026\/01\/28\/nohelia-romero-como-mujeres-somos-capaces-de-todo\/#primaryimage"},"thumbnailUrl":"https:\/\/www.eldiario.net\/portal\/wp-content\/uploads\/2026\/01\/NOTA-1-FOTO-1-3.webp","articleSection":["Femenina"],"inLanguage":"es"},{"@type":"WebPage","@id":"https:\/\/www.eldiario.net\/portal\/2026\/01\/28\/nohelia-romero-como-mujeres-somos-capaces-de-todo\/","url":"https:\/\/www.eldiario.net\/portal\/2026\/01\/28\/nohelia-romero-como-mujeres-somos-capaces-de-todo\/","name":"Nohelia Romero: \"Como mujeres, somos capaces de todo\" - El Diario - Bolivia","isPartOf":{"@id":"https:\/\/www.eldiario.net\/portal\/#website"},"primaryImageOfPage":{"@id":"https:\/\/www.eldiario.net\/portal\/2026\/01\/28\/nohelia-romero-como-mujeres-somos-capaces-de-todo\/#primaryimage"},"image":{"@id":"https:\/\/www.eldiario.net\/portal\/2026\/01\/28\/nohelia-romero-como-mujeres-somos-capaces-de-todo\/#primaryimage"},"thumbnailUrl":"https:\/\/www.eldiario.net\/portal\/wp-content\/uploads\/2026\/01\/NOTA-1-FOTO-1-3.webp","datePublished":"2026-01-28T10:09:19+00:00","breadcrumb":{"@id":"https:\/\/www.eldiario.net\/portal\/2026\/01\/28\/nohelia-romero-como-mujeres-somos-capaces-de-todo\/#breadcrumb"},"inLanguage":"es","potentialAction":[{"@type":"ReadAction","target":["https:\/\/www.eldiario.net\/portal\/2026\/01\/28\/nohelia-romero-como-mujeres-somos-capaces-de-todo\/"]}]},{"@type":"ImageObject","inLanguage":"es","@id":"https:\/\/www.eldiario.net\/portal\/2026\/01\/28\/nohelia-romero-como-mujeres-somos-capaces-de-todo\/#primaryimage","url":"https:\/\/www.eldiario.net\/portal\/wp-content\/uploads\/2026\/01\/NOTA-1-FOTO-1-3.webp","contentUrl":"https:\/\/www.eldiario.net\/portal\/wp-content\/uploads\/2026\/01\/NOTA-1-FOTO-1-3.webp","width":1024,"height":1280,"caption":"NOHELIA ROMERO, ARTISTA REVELACI\u00d3N EN LOS PREMIOS EUROPA MULTICULTURAL."},{"@type":"BreadcrumbList","@id":"https:\/\/www.eldiario.net\/portal\/2026\/01\/28\/nohelia-romero-como-mujeres-somos-capaces-de-todo\/#breadcrumb","itemListElement":[{"@type":"ListItem","position":1,"name":"Portada","item":"https:\/\/www.eldiario.net\/portal\/"},{"@type":"ListItem","position":2,"name":"Nohelia Romero: \u00abComo mujeres, somos capaces de todo\u00bb"}]},{"@type":"WebSite","@id":"https:\/\/www.eldiario.net\/portal\/#website","url":"https:\/\/www.eldiario.net\/portal\/","name":"El Diario - Decano de la prensa nacional","description":"El Diario - Decano de la prensa nacional","publisher":{"@id":"https:\/\/www.eldiario.net\/portal\/#organization"},"potentialAction":[{"@type":"SearchAction","target":{"@type":"EntryPoint","urlTemplate":"https:\/\/www.eldiario.net\/portal\/?s={search_term_string}"},"query-input":{"@type":"PropertyValueSpecification","valueRequired":true,"valueName":"search_term_string"}}],"inLanguage":"es"},{"@type":"Organization","@id":"https:\/\/www.eldiario.net\/portal\/#organization","name":"El Diario - Decano de la prensa nacional","url":"https:\/\/www.eldiario.net\/portal\/","logo":{"@type":"ImageObject","inLanguage":"es","@id":"https:\/\/www.eldiario.net\/portal\/#\/schema\/logo\/image\/","url":"https:\/\/www.eldiario.net\/portal\/wp-content\/uploads\/2023\/07\/logo_ED.jpg","contentUrl":"https:\/\/www.eldiario.net\/portal\/wp-content\/uploads\/2023\/07\/logo_ED.jpg","width":272,"height":52,"caption":"El Diario - Decano de la prensa nacional"},"image":{"@id":"https:\/\/www.eldiario.net\/portal\/#\/schema\/logo\/image\/"},"sameAs":["https:\/\/www.facebook.com\/eldiario.bolivia\/","https:\/\/x.com\/eldiario_net"]},{"@type":"Person","@id":"https:\/\/www.eldiario.net\/portal\/#\/schema\/person\/2c57cf2b7a7ae032e449e4c9b1019eac","name":"Jeanette","image":{"@type":"ImageObject","inLanguage":"es","@id":"https:\/\/secure.gravatar.com\/avatar\/3ea2118a5f7dad2b7138b1187a6b7ee55f160b9968b66013c3a3ef39dd7e5798?s=96&d=mm&r=g","url":"https:\/\/secure.gravatar.com\/avatar\/3ea2118a5f7dad2b7138b1187a6b7ee55f160b9968b66013c3a3ef39dd7e5798?s=96&d=mm&r=g","contentUrl":"https:\/\/secure.gravatar.com\/avatar\/3ea2118a5f7dad2b7138b1187a6b7ee55f160b9968b66013c3a3ef39dd7e5798?s=96&d=mm&r=g","caption":"Jeanette"},"sameAs":["https:\/\/www.eldiario.net\/portal"],"url":"https:\/\/www.eldiario.net\/portal\/author\/jeanette\/"}]}},"_links":{"self":[{"href":"https:\/\/www.eldiario.net\/portal\/wp-json\/wp\/v2\/posts\/363754","targetHints":{"allow":["GET"]}}],"collection":[{"href":"https:\/\/www.eldiario.net\/portal\/wp-json\/wp\/v2\/posts"}],"about":[{"href":"https:\/\/www.eldiario.net\/portal\/wp-json\/wp\/v2\/types\/post"}],"author":[{"embeddable":true,"href":"https:\/\/www.eldiario.net\/portal\/wp-json\/wp\/v2\/users\/1"}],"replies":[{"embeddable":true,"href":"https:\/\/www.eldiario.net\/portal\/wp-json\/wp\/v2\/comments?post=363754"}],"version-history":[{"count":1,"href":"https:\/\/www.eldiario.net\/portal\/wp-json\/wp\/v2\/posts\/363754\/revisions"}],"predecessor-version":[{"id":363759,"href":"https:\/\/www.eldiario.net\/portal\/wp-json\/wp\/v2\/posts\/363754\/revisions\/363759"}],"wp:featuredmedia":[{"embeddable":true,"href":"https:\/\/www.eldiario.net\/portal\/wp-json\/wp\/v2\/media\/363755"}],"wp:attachment":[{"href":"https:\/\/www.eldiario.net\/portal\/wp-json\/wp\/v2\/media?parent=363754"}],"wp:term":[{"taxonomy":"category","embeddable":true,"href":"https:\/\/www.eldiario.net\/portal\/wp-json\/wp\/v2\/categories?post=363754"},{"taxonomy":"post_tag","embeddable":true,"href":"https:\/\/www.eldiario.net\/portal\/wp-json\/wp\/v2\/tags?post=363754"}],"curies":[{"name":"wp","href":"https:\/\/api.w.org\/{rel}","templated":true}]}}