{"id":363751,"date":"2026-01-28T06:07:26","date_gmt":"2026-01-28T10:07:26","guid":{"rendered":"https:\/\/www.eldiario.net\/portal\/?p=363751"},"modified":"2026-01-28T06:07:26","modified_gmt":"2026-01-28T10:07:26","slug":"como-vencer-la-soledad-en-la-era-de-los-algoritmos","status":"publish","type":"post","link":"https:\/\/www.eldiario.net\/portal\/2026\/01\/28\/como-vencer-la-soledad-en-la-era-de-los-algoritmos\/","title":{"rendered":"C\u00f3mo vencer la soledad en la era de los algoritmos"},"content":{"rendered":"<p>Por Susana Guti\u00e9rrez<\/p>\n<p>Estamos en 2026 y nuestras redes nunca han estado tan llenas. Tenemos grupos de WhatsApp para cada c\u00edrculo social, cientos de \u00abme gusta\u00bb en nuestras fotos de las vacaciones y acceso directo a la vida de personas al otro lado del mundo. Sin embargo, bajo esa capa de hiperactividad digital, una epidemia silenciosa est\u00e1 ganando terreno: la soledad digital.<\/p>\n<p>Seg\u00fan datos recientes de la Organizaci\u00f3n Mundial de la Salud (OMS), la desconexi\u00f3n social se ha convertido en una amenaza global para la salud, con efectos comparables a fumar 15 cigarrillos al d\u00eda. Pero, \u00bfc\u00f3mo es posible sentirse sola cuando el mundo est\u00e1 a un clic de distancia?<\/p>\n<p><strong>El espejismo de la compa\u00f1\u00eda<\/strong><\/p>\n<p>El problema no es la tecnolog\u00eda en s\u00ed, sino la calidad del v\u00ednculo. Los psic\u00f3logos coinciden en que hemos sustituido las interacciones nutritivas por micro-momentos de validaci\u00f3n.<\/p>\n<p><strong>El \u00abScrolling\u00bb pasivo:<\/strong> Pasar horas viendo las vidas perfectas de otras mujeres genera una comparaci\u00f3n constante. No vemos la realidad, sino un \u00abtr\u00e1iler\u00bb editado, lo que nos hace sentir que nuestra vida es insuficiente o aburrida.<\/p>\n<p><strong>La trampa de la disponibilidad:<\/strong> Creemos que estar \u00aben l\u00ednea\u00bb es estar presente. Pero enviar un emoji no reemplaza el tono de voz, el contacto visual o el abrazo de una amiga tras un d\u00eda dif\u00edcil.<\/p>\n<p><strong>Vulnerabilidad filtrada:<\/strong> En redes sociales, solemos mostrar solo el \u00e9xito. La soledad se alimenta del silencio; al no compartir nuestras sombras, creamos una barrera que impide la verdadera intimidad emocional.<\/p>\n<p><strong>El impacto en la salud de la mujer<\/strong><\/p>\n<p>Para la mujer actual -que a menudo equilibra la carrera, la vida personal y la presi\u00f3n est\u00e9tica-, la soledad digital no solo es un sentimiento, es un s\u00edntoma. Se manifiesta en insomnio, fatiga por decisi\u00f3n y una ansiedad persistente por no \u00abperderse de nada\u00bb (FOMO). La ciencia es clara: la falta de conexi\u00f3n real eleva los niveles de cortisol, la hormona del estr\u00e9s, afectando incluso nuestro sistema inmunol\u00f3gico.<\/p>\n<p><strong>Ruta de escape: De lo digital a lo humano<\/strong><\/p>\n<p>Recuperar la conexi\u00f3n no significa borrar nuestras redes, sino habitarlas de forma consciente. Aqu\u00ed algunas estrategias para este 2026:<\/p>\n<p><strong>Calidad sobre cantidad:<\/strong> Es mejor tener un grupo de tres amigas con las que hablas de verdad que 500 contactos de LinkedIn. Prioriza las llamadas de voz o los encuentros f\u00edsicos.<\/p>\n<p><strong>La regla de las \u00abzonas libres\u00bb:<\/strong> Establece momentos sagrados sin pantalla (durante la cena, la primera hora de la ma\u00f1ana o en la cama). Deja que tu mente respire.<\/p>\n<p><strong>Vulnerabilidad selectiva:<\/strong> Prueba a ser real. Llama a esa amiga y dile: \u00abHoy me siento un poco sola, \u00bfpodemos hablar?\u00bb. Te sorprender\u00e1 saber cu\u00e1ntas mujeres se sienten igual.<\/p>\n<p><strong>Comunidades de nicho:<\/strong> Usa la tecnolog\u00eda para salir de ella. Busca grupos de senderismo, clubes de lectura o talleres de cer\u00e1mica locales. Usa el algoritmo a tu favor para encontrar personas con tus mismos intereses offline.<\/p>\n<p><strong>Conclusi\u00f3n<\/strong><\/p>\n<p>La tecnolog\u00eda es una herramienta maravillosa para acortar distancias, pero es un p\u00e9simo sustituto para el calor humano. Este mes, el desaf\u00edo es simple: descon\u00e9ctate para reconectar. La verdadera \u00abred social\u00bb es la que se construye cara a cara, entre caf\u00e9s, risas reales y silencios compartidos.<\/p>\n","protected":false},"excerpt":{"rendered":"<p>Por Susana Guti\u00e9rrez Estamos en 2026 y nuestras redes nunca han estado tan llenas. Tenemos grupos de WhatsApp para cada c\u00edrculo social, cientos de \u00abme gusta\u00bb en nuestras fotos de las vacaciones y acceso directo a la vida de personas al otro lado del mundo. Sin embargo, bajo esa capa de hiperactividad digital, una epidemia [&hellip;]<\/p>\n","protected":false},"author":1,"featured_media":363752,"comment_status":"closed","ping_status":"open","sticky":false,"template":"","format":"standard","meta":{"_acf_changed":false,"footnotes":""},"categories":[42],"tags":[],"class_list":["post-363751","post","type-post","status-publish","format-standard","has-post-thumbnail","category-femenina"],"acf":{"antetitulo":"Manual de supervivencia"},"yoast_head":"<!-- This site is optimized with the Yoast SEO plugin v28.4 - https:\/\/yoast.com\/product\/yoast-seo-wordpress\/ -->\n<title>C\u00f3mo vencer la soledad en la era de los algoritmos - El Diario - Bolivia<\/title>\n<meta name=\"robots\" content=\"index, follow, max-snippet:-1, max-image-preview:large, max-video-preview:-1\" \/>\n<link rel=\"canonical\" href=\"https:\/\/www.eldiario.net\/portal\/2026\/01\/28\/como-vencer-la-soledad-en-la-era-de-los-algoritmos\/\" \/>\n<meta property=\"og:locale\" content=\"es_ES\" \/>\n<meta property=\"og:type\" content=\"article\" \/>\n<meta property=\"og:title\" content=\"C\u00f3mo vencer la soledad en la era de los algoritmos - El Diario - Bolivia\" \/>\n<meta property=\"og:description\" content=\"Por Susana Guti\u00e9rrez Estamos en 2026 y nuestras redes nunca han estado tan llenas. Tenemos grupos de WhatsApp para cada c\u00edrculo social, cientos de \u00abme gusta\u00bb en nuestras fotos de las vacaciones y acceso directo a la vida de personas al otro lado del mundo. Sin embargo, bajo esa capa de hiperactividad digital, una epidemia [&hellip;]\" \/>\n<meta property=\"og:url\" content=\"https:\/\/www.eldiario.net\/portal\/2026\/01\/28\/como-vencer-la-soledad-en-la-era-de-los-algoritmos\/\" \/>\n<meta property=\"og:site_name\" content=\"El Diario - Bolivia\" \/>\n<meta property=\"article:publisher\" content=\"https:\/\/www.facebook.com\/eldiario.bolivia\/\" \/>\n<meta property=\"article:published_time\" content=\"2026-01-28T10:07:26+00:00\" \/>\n<meta property=\"og:image\" content=\"https:\/\/www.eldiario.net\/portal\/wp-content\/uploads\/2026\/01\/NOTA-2-FOTO-3.webp\" \/>\n\t<meta property=\"og:image:width\" content=\"1024\" \/>\n\t<meta property=\"og:image:height\" content=\"1024\" \/>\n\t<meta property=\"og:image:type\" content=\"image\/webp\" \/>\n<meta name=\"author\" content=\"Jeanette\" \/>\n<meta name=\"twitter:card\" content=\"summary_large_image\" \/>\n<meta name=\"twitter:creator\" content=\"@eldiario_net\" \/>\n<meta name=\"twitter:site\" content=\"@eldiario_net\" \/>\n<meta name=\"twitter:label1\" content=\"Escrito por\" \/>\n\t<meta name=\"twitter:data1\" content=\"Jeanette\" \/>\n\t<meta name=\"twitter:label2\" content=\"Tiempo de lectura\" \/>\n\t<meta name=\"twitter:data2\" content=\"3 minutos\" \/>\n<script type=\"application\/ld+json\" class=\"yoast-schema-graph\">{\"@context\":\"https:\\\/\\\/schema.org\",\"@graph\":[{\"@type\":\"Article\",\"@id\":\"https:\\\/\\\/www.eldiario.net\\\/portal\\\/2026\\\/01\\\/28\\\/como-vencer-la-soledad-en-la-era-de-los-algoritmos\\\/#article\",\"isPartOf\":{\"@id\":\"https:\\\/\\\/www.eldiario.net\\\/portal\\\/2026\\\/01\\\/28\\\/como-vencer-la-soledad-en-la-era-de-los-algoritmos\\\/\"},\"author\":{\"name\":\"Jeanette\",\"@id\":\"https:\\\/\\\/www.eldiario.net\\\/portal\\\/#\\\/schema\\\/person\\\/2c57cf2b7a7ae032e449e4c9b1019eac\"},\"headline\":\"C\u00f3mo vencer la soledad en la era de los algoritmos\",\"datePublished\":\"2026-01-28T10:07:26+00:00\",\"mainEntityOfPage\":{\"@id\":\"https:\\\/\\\/www.eldiario.net\\\/portal\\\/2026\\\/01\\\/28\\\/como-vencer-la-soledad-en-la-era-de-los-algoritmos\\\/\"},\"wordCount\":562,\"publisher\":{\"@id\":\"https:\\\/\\\/www.eldiario.net\\\/portal\\\/#organization\"},\"image\":{\"@id\":\"https:\\\/\\\/www.eldiario.net\\\/portal\\\/2026\\\/01\\\/28\\\/como-vencer-la-soledad-en-la-era-de-los-algoritmos\\\/#primaryimage\"},\"thumbnailUrl\":\"https:\\\/\\\/www.eldiario.net\\\/portal\\\/wp-content\\\/uploads\\\/2026\\\/01\\\/NOTA-2-FOTO-3.webp\",\"articleSection\":[\"Femenina\"],\"inLanguage\":\"es\"},{\"@type\":\"WebPage\",\"@id\":\"https:\\\/\\\/www.eldiario.net\\\/portal\\\/2026\\\/01\\\/28\\\/como-vencer-la-soledad-en-la-era-de-los-algoritmos\\\/\",\"url\":\"https:\\\/\\\/www.eldiario.net\\\/portal\\\/2026\\\/01\\\/28\\\/como-vencer-la-soledad-en-la-era-de-los-algoritmos\\\/\",\"name\":\"C\u00f3mo vencer la soledad en la era de los algoritmos - El Diario - Bolivia\",\"isPartOf\":{\"@id\":\"https:\\\/\\\/www.eldiario.net\\\/portal\\\/#website\"},\"primaryImageOfPage\":{\"@id\":\"https:\\\/\\\/www.eldiario.net\\\/portal\\\/2026\\\/01\\\/28\\\/como-vencer-la-soledad-en-la-era-de-los-algoritmos\\\/#primaryimage\"},\"image\":{\"@id\":\"https:\\\/\\\/www.eldiario.net\\\/portal\\\/2026\\\/01\\\/28\\\/como-vencer-la-soledad-en-la-era-de-los-algoritmos\\\/#primaryimage\"},\"thumbnailUrl\":\"https:\\\/\\\/www.eldiario.net\\\/portal\\\/wp-content\\\/uploads\\\/2026\\\/01\\\/NOTA-2-FOTO-3.webp\",\"datePublished\":\"2026-01-28T10:07:26+00:00\",\"breadcrumb\":{\"@id\":\"https:\\\/\\\/www.eldiario.net\\\/portal\\\/2026\\\/01\\\/28\\\/como-vencer-la-soledad-en-la-era-de-los-algoritmos\\\/#breadcrumb\"},\"inLanguage\":\"es\",\"potentialAction\":[{\"@type\":\"ReadAction\",\"target\":[\"https:\\\/\\\/www.eldiario.net\\\/portal\\\/2026\\\/01\\\/28\\\/como-vencer-la-soledad-en-la-era-de-los-algoritmos\\\/\"]}]},{\"@type\":\"ImageObject\",\"inLanguage\":\"es\",\"@id\":\"https:\\\/\\\/www.eldiario.net\\\/portal\\\/2026\\\/01\\\/28\\\/como-vencer-la-soledad-en-la-era-de-los-algoritmos\\\/#primaryimage\",\"url\":\"https:\\\/\\\/www.eldiario.net\\\/portal\\\/wp-content\\\/uploads\\\/2026\\\/01\\\/NOTA-2-FOTO-3.webp\",\"contentUrl\":\"https:\\\/\\\/www.eldiario.net\\\/portal\\\/wp-content\\\/uploads\\\/2026\\\/01\\\/NOTA-2-FOTO-3.webp\",\"width\":1024,\"height\":1024,\"caption\":\"LA \u00daLTIMA LUZ DE LA NOCHE, EL RESPLANDOR DEL CELULAR SE HA CONVERTIDO EN EL COMPA\u00d1ERO M\u00c1S FIEL (Y A LA VEZ M\u00c1S FR\u00cdO) ANTES DE DORMIR.\"},{\"@type\":\"BreadcrumbList\",\"@id\":\"https:\\\/\\\/www.eldiario.net\\\/portal\\\/2026\\\/01\\\/28\\\/como-vencer-la-soledad-en-la-era-de-los-algoritmos\\\/#breadcrumb\",\"itemListElement\":[{\"@type\":\"ListItem\",\"position\":1,\"name\":\"Portada\",\"item\":\"https:\\\/\\\/www.eldiario.net\\\/portal\\\/\"},{\"@type\":\"ListItem\",\"position\":2,\"name\":\"C\u00f3mo vencer la soledad en la era de los algoritmos\"}]},{\"@type\":\"WebSite\",\"@id\":\"https:\\\/\\\/www.eldiario.net\\\/portal\\\/#website\",\"url\":\"https:\\\/\\\/www.eldiario.net\\\/portal\\\/\",\"name\":\"El Diario - Decano de la prensa nacional\",\"description\":\"El Diario - Decano de la prensa nacional\",\"publisher\":{\"@id\":\"https:\\\/\\\/www.eldiario.net\\\/portal\\\/#organization\"},\"potentialAction\":[{\"@type\":\"SearchAction\",\"target\":{\"@type\":\"EntryPoint\",\"urlTemplate\":\"https:\\\/\\\/www.eldiario.net\\\/portal\\\/?s={search_term_string}\"},\"query-input\":{\"@type\":\"PropertyValueSpecification\",\"valueRequired\":true,\"valueName\":\"search_term_string\"}}],\"inLanguage\":\"es\"},{\"@type\":\"Organization\",\"@id\":\"https:\\\/\\\/www.eldiario.net\\\/portal\\\/#organization\",\"name\":\"El Diario - Decano de la prensa nacional\",\"url\":\"https:\\\/\\\/www.eldiario.net\\\/portal\\\/\",\"logo\":{\"@type\":\"ImageObject\",\"inLanguage\":\"es\",\"@id\":\"https:\\\/\\\/www.eldiario.net\\\/portal\\\/#\\\/schema\\\/logo\\\/image\\\/\",\"url\":\"https:\\\/\\\/www.eldiario.net\\\/portal\\\/wp-content\\\/uploads\\\/2023\\\/07\\\/logo_ED.jpg\",\"contentUrl\":\"https:\\\/\\\/www.eldiario.net\\\/portal\\\/wp-content\\\/uploads\\\/2023\\\/07\\\/logo_ED.jpg\",\"width\":272,\"height\":52,\"caption\":\"El Diario - Decano de la prensa nacional\"},\"image\":{\"@id\":\"https:\\\/\\\/www.eldiario.net\\\/portal\\\/#\\\/schema\\\/logo\\\/image\\\/\"},\"sameAs\":[\"https:\\\/\\\/www.facebook.com\\\/eldiario.bolivia\\\/\",\"https:\\\/\\\/x.com\\\/eldiario_net\"]},{\"@type\":\"Person\",\"@id\":\"https:\\\/\\\/www.eldiario.net\\\/portal\\\/#\\\/schema\\\/person\\\/2c57cf2b7a7ae032e449e4c9b1019eac\",\"name\":\"Jeanette\",\"image\":{\"@type\":\"ImageObject\",\"inLanguage\":\"es\",\"@id\":\"https:\\\/\\\/secure.gravatar.com\\\/avatar\\\/3ea2118a5f7dad2b7138b1187a6b7ee55f160b9968b66013c3a3ef39dd7e5798?s=96&d=mm&r=g\",\"url\":\"https:\\\/\\\/secure.gravatar.com\\\/avatar\\\/3ea2118a5f7dad2b7138b1187a6b7ee55f160b9968b66013c3a3ef39dd7e5798?s=96&d=mm&r=g\",\"contentUrl\":\"https:\\\/\\\/secure.gravatar.com\\\/avatar\\\/3ea2118a5f7dad2b7138b1187a6b7ee55f160b9968b66013c3a3ef39dd7e5798?s=96&d=mm&r=g\",\"caption\":\"Jeanette\"},\"sameAs\":[\"https:\\\/\\\/www.eldiario.net\\\/portal\"],\"url\":\"https:\\\/\\\/www.eldiario.net\\\/portal\\\/author\\\/jeanette\\\/\"}]}<\/script>\n<!-- \/ Yoast SEO plugin. -->","yoast_head_json":{"title":"C\u00f3mo vencer la soledad en la era de los algoritmos - El Diario - Bolivia","robots":{"index":"index","follow":"follow","max-snippet":"max-snippet:-1","max-image-preview":"max-image-preview:large","max-video-preview":"max-video-preview:-1"},"canonical":"https:\/\/www.eldiario.net\/portal\/2026\/01\/28\/como-vencer-la-soledad-en-la-era-de-los-algoritmos\/","og_locale":"es_ES","og_type":"article","og_title":"C\u00f3mo vencer la soledad en la era de los algoritmos - El Diario - Bolivia","og_description":"Por Susana Guti\u00e9rrez Estamos en 2026 y nuestras redes nunca han estado tan llenas. Tenemos grupos de WhatsApp para cada c\u00edrculo social, cientos de \u00abme gusta\u00bb en nuestras fotos de las vacaciones y acceso directo a la vida de personas al otro lado del mundo. Sin embargo, bajo esa capa de hiperactividad digital, una epidemia [&hellip;]","og_url":"https:\/\/www.eldiario.net\/portal\/2026\/01\/28\/como-vencer-la-soledad-en-la-era-de-los-algoritmos\/","og_site_name":"El Diario - Bolivia","article_publisher":"https:\/\/www.facebook.com\/eldiario.bolivia\/","article_published_time":"2026-01-28T10:07:26+00:00","og_image":[{"width":1024,"height":1024,"url":"https:\/\/www.eldiario.net\/portal\/wp-content\/uploads\/2026\/01\/NOTA-2-FOTO-3.webp","type":"image\/webp"}],"author":"Jeanette","twitter_card":"summary_large_image","twitter_creator":"@eldiario_net","twitter_site":"@eldiario_net","twitter_misc":{"Escrito por":"Jeanette","Tiempo de lectura":"3 minutos"},"schema":{"@context":"https:\/\/schema.org","@graph":[{"@type":"Article","@id":"https:\/\/www.eldiario.net\/portal\/2026\/01\/28\/como-vencer-la-soledad-en-la-era-de-los-algoritmos\/#article","isPartOf":{"@id":"https:\/\/www.eldiario.net\/portal\/2026\/01\/28\/como-vencer-la-soledad-en-la-era-de-los-algoritmos\/"},"author":{"name":"Jeanette","@id":"https:\/\/www.eldiario.net\/portal\/#\/schema\/person\/2c57cf2b7a7ae032e449e4c9b1019eac"},"headline":"C\u00f3mo vencer la soledad en la era de los algoritmos","datePublished":"2026-01-28T10:07:26+00:00","mainEntityOfPage":{"@id":"https:\/\/www.eldiario.net\/portal\/2026\/01\/28\/como-vencer-la-soledad-en-la-era-de-los-algoritmos\/"},"wordCount":562,"publisher":{"@id":"https:\/\/www.eldiario.net\/portal\/#organization"},"image":{"@id":"https:\/\/www.eldiario.net\/portal\/2026\/01\/28\/como-vencer-la-soledad-en-la-era-de-los-algoritmos\/#primaryimage"},"thumbnailUrl":"https:\/\/www.eldiario.net\/portal\/wp-content\/uploads\/2026\/01\/NOTA-2-FOTO-3.webp","articleSection":["Femenina"],"inLanguage":"es"},{"@type":"WebPage","@id":"https:\/\/www.eldiario.net\/portal\/2026\/01\/28\/como-vencer-la-soledad-en-la-era-de-los-algoritmos\/","url":"https:\/\/www.eldiario.net\/portal\/2026\/01\/28\/como-vencer-la-soledad-en-la-era-de-los-algoritmos\/","name":"C\u00f3mo vencer la soledad en la era de los algoritmos - El Diario - Bolivia","isPartOf":{"@id":"https:\/\/www.eldiario.net\/portal\/#website"},"primaryImageOfPage":{"@id":"https:\/\/www.eldiario.net\/portal\/2026\/01\/28\/como-vencer-la-soledad-en-la-era-de-los-algoritmos\/#primaryimage"},"image":{"@id":"https:\/\/www.eldiario.net\/portal\/2026\/01\/28\/como-vencer-la-soledad-en-la-era-de-los-algoritmos\/#primaryimage"},"thumbnailUrl":"https:\/\/www.eldiario.net\/portal\/wp-content\/uploads\/2026\/01\/NOTA-2-FOTO-3.webp","datePublished":"2026-01-28T10:07:26+00:00","breadcrumb":{"@id":"https:\/\/www.eldiario.net\/portal\/2026\/01\/28\/como-vencer-la-soledad-en-la-era-de-los-algoritmos\/#breadcrumb"},"inLanguage":"es","potentialAction":[{"@type":"ReadAction","target":["https:\/\/www.eldiario.net\/portal\/2026\/01\/28\/como-vencer-la-soledad-en-la-era-de-los-algoritmos\/"]}]},{"@type":"ImageObject","inLanguage":"es","@id":"https:\/\/www.eldiario.net\/portal\/2026\/01\/28\/como-vencer-la-soledad-en-la-era-de-los-algoritmos\/#primaryimage","url":"https:\/\/www.eldiario.net\/portal\/wp-content\/uploads\/2026\/01\/NOTA-2-FOTO-3.webp","contentUrl":"https:\/\/www.eldiario.net\/portal\/wp-content\/uploads\/2026\/01\/NOTA-2-FOTO-3.webp","width":1024,"height":1024,"caption":"LA \u00daLTIMA LUZ DE LA NOCHE, EL RESPLANDOR DEL CELULAR SE HA CONVERTIDO EN EL COMPA\u00d1ERO M\u00c1S FIEL (Y A LA VEZ M\u00c1S FR\u00cdO) ANTES DE DORMIR."},{"@type":"BreadcrumbList","@id":"https:\/\/www.eldiario.net\/portal\/2026\/01\/28\/como-vencer-la-soledad-en-la-era-de-los-algoritmos\/#breadcrumb","itemListElement":[{"@type":"ListItem","position":1,"name":"Portada","item":"https:\/\/www.eldiario.net\/portal\/"},{"@type":"ListItem","position":2,"name":"C\u00f3mo vencer la soledad en la era de los algoritmos"}]},{"@type":"WebSite","@id":"https:\/\/www.eldiario.net\/portal\/#website","url":"https:\/\/www.eldiario.net\/portal\/","name":"El Diario - Decano de la prensa nacional","description":"El Diario - Decano de la prensa nacional","publisher":{"@id":"https:\/\/www.eldiario.net\/portal\/#organization"},"potentialAction":[{"@type":"SearchAction","target":{"@type":"EntryPoint","urlTemplate":"https:\/\/www.eldiario.net\/portal\/?s={search_term_string}"},"query-input":{"@type":"PropertyValueSpecification","valueRequired":true,"valueName":"search_term_string"}}],"inLanguage":"es"},{"@type":"Organization","@id":"https:\/\/www.eldiario.net\/portal\/#organization","name":"El Diario - Decano de la prensa nacional","url":"https:\/\/www.eldiario.net\/portal\/","logo":{"@type":"ImageObject","inLanguage":"es","@id":"https:\/\/www.eldiario.net\/portal\/#\/schema\/logo\/image\/","url":"https:\/\/www.eldiario.net\/portal\/wp-content\/uploads\/2023\/07\/logo_ED.jpg","contentUrl":"https:\/\/www.eldiario.net\/portal\/wp-content\/uploads\/2023\/07\/logo_ED.jpg","width":272,"height":52,"caption":"El Diario - Decano de la prensa nacional"},"image":{"@id":"https:\/\/www.eldiario.net\/portal\/#\/schema\/logo\/image\/"},"sameAs":["https:\/\/www.facebook.com\/eldiario.bolivia\/","https:\/\/x.com\/eldiario_net"]},{"@type":"Person","@id":"https:\/\/www.eldiario.net\/portal\/#\/schema\/person\/2c57cf2b7a7ae032e449e4c9b1019eac","name":"Jeanette","image":{"@type":"ImageObject","inLanguage":"es","@id":"https:\/\/secure.gravatar.com\/avatar\/3ea2118a5f7dad2b7138b1187a6b7ee55f160b9968b66013c3a3ef39dd7e5798?s=96&d=mm&r=g","url":"https:\/\/secure.gravatar.com\/avatar\/3ea2118a5f7dad2b7138b1187a6b7ee55f160b9968b66013c3a3ef39dd7e5798?s=96&d=mm&r=g","contentUrl":"https:\/\/secure.gravatar.com\/avatar\/3ea2118a5f7dad2b7138b1187a6b7ee55f160b9968b66013c3a3ef39dd7e5798?s=96&d=mm&r=g","caption":"Jeanette"},"sameAs":["https:\/\/www.eldiario.net\/portal"],"url":"https:\/\/www.eldiario.net\/portal\/author\/jeanette\/"}]}},"_links":{"self":[{"href":"https:\/\/www.eldiario.net\/portal\/wp-json\/wp\/v2\/posts\/363751","targetHints":{"allow":["GET"]}}],"collection":[{"href":"https:\/\/www.eldiario.net\/portal\/wp-json\/wp\/v2\/posts"}],"about":[{"href":"https:\/\/www.eldiario.net\/portal\/wp-json\/wp\/v2\/types\/post"}],"author":[{"embeddable":true,"href":"https:\/\/www.eldiario.net\/portal\/wp-json\/wp\/v2\/users\/1"}],"replies":[{"embeddable":true,"href":"https:\/\/www.eldiario.net\/portal\/wp-json\/wp\/v2\/comments?post=363751"}],"version-history":[{"count":1,"href":"https:\/\/www.eldiario.net\/portal\/wp-json\/wp\/v2\/posts\/363751\/revisions"}],"predecessor-version":[{"id":363753,"href":"https:\/\/www.eldiario.net\/portal\/wp-json\/wp\/v2\/posts\/363751\/revisions\/363753"}],"wp:featuredmedia":[{"embeddable":true,"href":"https:\/\/www.eldiario.net\/portal\/wp-json\/wp\/v2\/media\/363752"}],"wp:attachment":[{"href":"https:\/\/www.eldiario.net\/portal\/wp-json\/wp\/v2\/media?parent=363751"}],"wp:term":[{"taxonomy":"category","embeddable":true,"href":"https:\/\/www.eldiario.net\/portal\/wp-json\/wp\/v2\/categories?post=363751"},{"taxonomy":"post_tag","embeddable":true,"href":"https:\/\/www.eldiario.net\/portal\/wp-json\/wp\/v2\/tags?post=363751"}],"curies":[{"name":"wp","href":"https:\/\/api.w.org\/{rel}","templated":true}]}}