{"id":363748,"date":"2026-01-28T06:06:46","date_gmt":"2026-01-28T10:06:46","guid":{"rendered":"https:\/\/www.eldiario.net\/portal\/?p=363748"},"modified":"2026-01-28T06:06:46","modified_gmt":"2026-01-28T10:06:46","slug":"mas-que-cremas-la-ciencia-detras-de-una-madurez-luminosa","status":"publish","type":"post","link":"https:\/\/www.eldiario.net\/portal\/2026\/01\/28\/mas-que-cremas-la-ciencia-detras-de-una-madurez-luminosa\/","title":{"rendered":"M\u00e1s que Cremas, la ciencia detr\u00e1s de una madurez luminosa"},"content":{"rendered":"<p>Por Susana Guti\u00e9rrez<\/p>\n<p>Durante d\u00e9cadas, la industria de la belleza nos vendi\u00f3 una guerra imposible de ganar. El enemigo era el tiempo y el arma, cualquier frasco que llevara el prefijo \u00abAnti\u00bb. Pero en 2026, las reglas han cambiado. Las mujeres estamos reclamando nuestro derecho a envejecer, no con resignaci\u00f3n, sino con una actitud radical: la de la Belleza Pro-Aging.<\/p>\n<p>Decir adi\u00f3s al t\u00e9rmino \u00abanti-envejecimiento\u00bb no significa descuidarse; significa cambiar el miedo por el autocuidado y la obsesi\u00f3n por la salud.<\/p>\n<p><strong>\u00bfQu\u00e9 es realmente el movimiento Pro-Aging?<\/strong><\/p>\n<p>El Pro-Aging es una filosof\u00eda que celebra la madurez como una etapa de plenitud. Mientras que el \u00abAnti-Aging\u00bb se basa en la carencia y en esconder qui\u00e9nes somos, el \u00abPro-Aging\u00bb se centra en optimizar lo que tenemos.<\/p>\n<p>Es el paso de querer \u00abparecer de 20\u00bb a querer ser \u00abla mejor versi\u00f3n de mis 40, 50 o 60\u00bb. Es entender que una arruga es la huella de una risa y que la piel luminosa no tiene fecha de caducidad.<\/p>\n<p><strong>El nuevo neceser: Ciencia sobre promesas m\u00e1gicas<\/strong><\/p>\n<p>En esta nueva era, ya no buscamos \u00abborradores\u00bb de arrugas, sino ingredientes que respeten la biolog\u00eda de nuestra piel. Las tendencias que lideran este cambio son:<\/p>\n<p><strong>Salud de la barrera cut\u00e1nea:<\/strong> Menos \u00e1cidos agresivos y m\u00e1s ceramidas y \u00e1cidos grasos que mantengan la piel fuerte y resiliente.<\/p>\n<p><strong>El brillo sobre la tirantez: <\/strong>La piel \u00abglowy\u00bb y bien hidratada es el nuevo est\u00e1ndar de juventud, independientemente de las l\u00edneas de expresi\u00f3n.<\/p>\n<p><strong>Nutricosm\u00e9tica:<\/strong> Entendemos que la belleza viene de adentro. El col\u00e1geno, los antioxidantes y una microbiota equilibrada son los verdaderos aliados.<\/p>\n<p><strong>Aceptaci\u00f3n de las canas:<\/strong> El movimiento Silver Hair ha dejado de ser una moda pasajera para convertirse en una declaraci\u00f3n de libertad y estilo.<\/p>\n<p><strong>El factor psicol\u00f3gico: La cara es el espejo del alma<\/strong><\/p>\n<p>No podemos hablar de belleza Pro-Aging sin hablar de salud mental. La presi\u00f3n por la eterna juventud genera una ansiedad que, ir\u00f3nicamente, acelera el envejecimiento celular. Aceptar el paso del tiempo nos libera de una carga invisible, permiti\u00e9ndonos disfrutar de la seguridad y el poder que solo llegan con los a\u00f1os.<\/p>\n<p>\u00abLa juventud es un regalo de la naturaleza, pero la madurez es una obra de arte.\u00bb<\/p>\n<p><strong>3 Pilares para un cuidado Pro-Aging consciente<\/strong><\/p>\n<p><strong>Protecci\u00f3n solar inteligente:<\/strong> El mejor aliado no es una crema cara, sino el protector solar diario. Prevenir el da\u00f1o es el acto de amor m\u00e1s grande hacia tu piel.<\/p>\n<p><strong>Rituales, no rutinas:<\/strong> Convierte el cuidado de tu piel en un momento de pausa y masaje, no en una tarea mec\u00e1nica frente al espejo.<\/p>\n<p><strong>Alimentaci\u00f3n celular:<\/strong> Una piel que envejece bien es una piel bien alimentada. Prioriza las grasas saludables y la hidrataci\u00f3n constante.<\/p>\n<p><strong>Conclusi\u00f3n<\/strong><\/p>\n<p>El futuro de la belleza no est\u00e1 en el quir\u00f3fano, sino en la autenticidad. Ser Pro-Aging es entender que la belleza no se pierde con los a\u00f1os, se transforma. Es hora de dejar de pelear contra el espejo y empezar a disfrutar de la mujer en la que nos hemos convertido.<\/p>\n","protected":false},"excerpt":{"rendered":"<p>Por Susana Guti\u00e9rrez Durante d\u00e9cadas, la industria de la belleza nos vendi\u00f3 una guerra imposible de ganar. El enemigo era el tiempo y el arma, cualquier frasco que llevara el prefijo \u00abAnti\u00bb. Pero en 2026, las reglas han cambiado. Las mujeres estamos reclamando nuestro derecho a envejecer, no con resignaci\u00f3n, sino con una actitud radical: [&hellip;]<\/p>\n","protected":false},"author":1,"featured_media":363749,"comment_status":"closed","ping_status":"open","sticky":false,"template":"","format":"standard","meta":{"_acf_changed":false,"footnotes":""},"categories":[42],"tags":[],"class_list":["post-363748","post","type-post","status-publish","format-standard","has-post-thumbnail","category-femenina"],"acf":{"antetitulo":"Nuevos paradigmas de belleza"},"yoast_head":"<!-- This site is optimized with the Yoast SEO plugin v28.4 - https:\/\/yoast.com\/product\/yoast-seo-wordpress\/ -->\n<title>M\u00e1s que Cremas, la ciencia detr\u00e1s de una madurez luminosa - El Diario - Bolivia<\/title>\n<meta name=\"robots\" content=\"index, follow, max-snippet:-1, max-image-preview:large, max-video-preview:-1\" \/>\n<link rel=\"canonical\" href=\"https:\/\/www.eldiario.net\/portal\/2026\/01\/28\/mas-que-cremas-la-ciencia-detras-de-una-madurez-luminosa\/\" \/>\n<meta property=\"og:locale\" content=\"es_ES\" \/>\n<meta property=\"og:type\" content=\"article\" \/>\n<meta property=\"og:title\" content=\"M\u00e1s que Cremas, la ciencia detr\u00e1s de una madurez luminosa - El Diario - Bolivia\" \/>\n<meta property=\"og:description\" content=\"Por Susana Guti\u00e9rrez Durante d\u00e9cadas, la industria de la belleza nos vendi\u00f3 una guerra imposible de ganar. El enemigo era el tiempo y el arma, cualquier frasco que llevara el prefijo \u00abAnti\u00bb. Pero en 2026, las reglas han cambiado. Las mujeres estamos reclamando nuestro derecho a envejecer, no con resignaci\u00f3n, sino con una actitud radical: [&hellip;]\" \/>\n<meta property=\"og:url\" content=\"https:\/\/www.eldiario.net\/portal\/2026\/01\/28\/mas-que-cremas-la-ciencia-detras-de-una-madurez-luminosa\/\" \/>\n<meta property=\"og:site_name\" content=\"El Diario - Bolivia\" \/>\n<meta property=\"article:publisher\" content=\"https:\/\/www.facebook.com\/eldiario.bolivia\/\" \/>\n<meta property=\"article:published_time\" content=\"2026-01-28T10:06:46+00:00\" \/>\n<meta property=\"og:image\" content=\"https:\/\/www.eldiario.net\/portal\/wp-content\/uploads\/2026\/01\/NOTA-3-FOTO-3.webp\" \/>\n\t<meta property=\"og:image:width\" content=\"1024\" \/>\n\t<meta property=\"og:image:height\" content=\"1024\" \/>\n\t<meta property=\"og:image:type\" content=\"image\/webp\" \/>\n<meta name=\"author\" content=\"Jeanette\" \/>\n<meta name=\"twitter:card\" content=\"summary_large_image\" \/>\n<meta name=\"twitter:creator\" content=\"@eldiario_net\" \/>\n<meta name=\"twitter:site\" content=\"@eldiario_net\" \/>\n<meta name=\"twitter:label1\" content=\"Escrito por\" \/>\n\t<meta name=\"twitter:data1\" content=\"Jeanette\" \/>\n\t<meta name=\"twitter:label2\" content=\"Tiempo de lectura\" \/>\n\t<meta name=\"twitter:data2\" content=\"3 minutos\" \/>\n<script type=\"application\/ld+json\" class=\"yoast-schema-graph\">{\"@context\":\"https:\\\/\\\/schema.org\",\"@graph\":[{\"@type\":\"Article\",\"@id\":\"https:\\\/\\\/www.eldiario.net\\\/portal\\\/2026\\\/01\\\/28\\\/mas-que-cremas-la-ciencia-detras-de-una-madurez-luminosa\\\/#article\",\"isPartOf\":{\"@id\":\"https:\\\/\\\/www.eldiario.net\\\/portal\\\/2026\\\/01\\\/28\\\/mas-que-cremas-la-ciencia-detras-de-una-madurez-luminosa\\\/\"},\"author\":{\"name\":\"Jeanette\",\"@id\":\"https:\\\/\\\/www.eldiario.net\\\/portal\\\/#\\\/schema\\\/person\\\/2c57cf2b7a7ae032e449e4c9b1019eac\"},\"headline\":\"M\u00e1s que Cremas, la ciencia detr\u00e1s de una madurez luminosa\",\"datePublished\":\"2026-01-28T10:06:46+00:00\",\"mainEntityOfPage\":{\"@id\":\"https:\\\/\\\/www.eldiario.net\\\/portal\\\/2026\\\/01\\\/28\\\/mas-que-cremas-la-ciencia-detras-de-una-madurez-luminosa\\\/\"},\"wordCount\":535,\"publisher\":{\"@id\":\"https:\\\/\\\/www.eldiario.net\\\/portal\\\/#organization\"},\"image\":{\"@id\":\"https:\\\/\\\/www.eldiario.net\\\/portal\\\/2026\\\/01\\\/28\\\/mas-que-cremas-la-ciencia-detras-de-una-madurez-luminosa\\\/#primaryimage\"},\"thumbnailUrl\":\"https:\\\/\\\/www.eldiario.net\\\/portal\\\/wp-content\\\/uploads\\\/2026\\\/01\\\/NOTA-3-FOTO-3.webp\",\"articleSection\":[\"Femenina\"],\"inLanguage\":\"es\"},{\"@type\":\"WebPage\",\"@id\":\"https:\\\/\\\/www.eldiario.net\\\/portal\\\/2026\\\/01\\\/28\\\/mas-que-cremas-la-ciencia-detras-de-una-madurez-luminosa\\\/\",\"url\":\"https:\\\/\\\/www.eldiario.net\\\/portal\\\/2026\\\/01\\\/28\\\/mas-que-cremas-la-ciencia-detras-de-una-madurez-luminosa\\\/\",\"name\":\"M\u00e1s que Cremas, la ciencia detr\u00e1s de una madurez luminosa - El Diario - Bolivia\",\"isPartOf\":{\"@id\":\"https:\\\/\\\/www.eldiario.net\\\/portal\\\/#website\"},\"primaryImageOfPage\":{\"@id\":\"https:\\\/\\\/www.eldiario.net\\\/portal\\\/2026\\\/01\\\/28\\\/mas-que-cremas-la-ciencia-detras-de-una-madurez-luminosa\\\/#primaryimage\"},\"image\":{\"@id\":\"https:\\\/\\\/www.eldiario.net\\\/portal\\\/2026\\\/01\\\/28\\\/mas-que-cremas-la-ciencia-detras-de-una-madurez-luminosa\\\/#primaryimage\"},\"thumbnailUrl\":\"https:\\\/\\\/www.eldiario.net\\\/portal\\\/wp-content\\\/uploads\\\/2026\\\/01\\\/NOTA-3-FOTO-3.webp\",\"datePublished\":\"2026-01-28T10:06:46+00:00\",\"breadcrumb\":{\"@id\":\"https:\\\/\\\/www.eldiario.net\\\/portal\\\/2026\\\/01\\\/28\\\/mas-que-cremas-la-ciencia-detras-de-una-madurez-luminosa\\\/#breadcrumb\"},\"inLanguage\":\"es\",\"potentialAction\":[{\"@type\":\"ReadAction\",\"target\":[\"https:\\\/\\\/www.eldiario.net\\\/portal\\\/2026\\\/01\\\/28\\\/mas-que-cremas-la-ciencia-detras-de-una-madurez-luminosa\\\/\"]}]},{\"@type\":\"ImageObject\",\"inLanguage\":\"es\",\"@id\":\"https:\\\/\\\/www.eldiario.net\\\/portal\\\/2026\\\/01\\\/28\\\/mas-que-cremas-la-ciencia-detras-de-una-madurez-luminosa\\\/#primaryimage\",\"url\":\"https:\\\/\\\/www.eldiario.net\\\/portal\\\/wp-content\\\/uploads\\\/2026\\\/01\\\/NOTA-3-FOTO-3.webp\",\"contentUrl\":\"https:\\\/\\\/www.eldiario.net\\\/portal\\\/wp-content\\\/uploads\\\/2026\\\/01\\\/NOTA-3-FOTO-3.webp\",\"width\":1024,\"height\":1024,\"caption\":\"GLOW REAL, CUANDO EL BIENESTAR INTERIOR SE CONVIERTE EN EL MEJOR ALIADO DE TU PIEL.\"},{\"@type\":\"BreadcrumbList\",\"@id\":\"https:\\\/\\\/www.eldiario.net\\\/portal\\\/2026\\\/01\\\/28\\\/mas-que-cremas-la-ciencia-detras-de-una-madurez-luminosa\\\/#breadcrumb\",\"itemListElement\":[{\"@type\":\"ListItem\",\"position\":1,\"name\":\"Portada\",\"item\":\"https:\\\/\\\/www.eldiario.net\\\/portal\\\/\"},{\"@type\":\"ListItem\",\"position\":2,\"name\":\"M\u00e1s que Cremas, la ciencia detr\u00e1s de una madurez luminosa\"}]},{\"@type\":\"WebSite\",\"@id\":\"https:\\\/\\\/www.eldiario.net\\\/portal\\\/#website\",\"url\":\"https:\\\/\\\/www.eldiario.net\\\/portal\\\/\",\"name\":\"El Diario - Decano de la prensa nacional\",\"description\":\"El Diario - Decano de la prensa nacional\",\"publisher\":{\"@id\":\"https:\\\/\\\/www.eldiario.net\\\/portal\\\/#organization\"},\"potentialAction\":[{\"@type\":\"SearchAction\",\"target\":{\"@type\":\"EntryPoint\",\"urlTemplate\":\"https:\\\/\\\/www.eldiario.net\\\/portal\\\/?s={search_term_string}\"},\"query-input\":{\"@type\":\"PropertyValueSpecification\",\"valueRequired\":true,\"valueName\":\"search_term_string\"}}],\"inLanguage\":\"es\"},{\"@type\":\"Organization\",\"@id\":\"https:\\\/\\\/www.eldiario.net\\\/portal\\\/#organization\",\"name\":\"El Diario - Decano de la prensa nacional\",\"url\":\"https:\\\/\\\/www.eldiario.net\\\/portal\\\/\",\"logo\":{\"@type\":\"ImageObject\",\"inLanguage\":\"es\",\"@id\":\"https:\\\/\\\/www.eldiario.net\\\/portal\\\/#\\\/schema\\\/logo\\\/image\\\/\",\"url\":\"https:\\\/\\\/www.eldiario.net\\\/portal\\\/wp-content\\\/uploads\\\/2023\\\/07\\\/logo_ED.jpg\",\"contentUrl\":\"https:\\\/\\\/www.eldiario.net\\\/portal\\\/wp-content\\\/uploads\\\/2023\\\/07\\\/logo_ED.jpg\",\"width\":272,\"height\":52,\"caption\":\"El Diario - Decano de la prensa nacional\"},\"image\":{\"@id\":\"https:\\\/\\\/www.eldiario.net\\\/portal\\\/#\\\/schema\\\/logo\\\/image\\\/\"},\"sameAs\":[\"https:\\\/\\\/www.facebook.com\\\/eldiario.bolivia\\\/\",\"https:\\\/\\\/x.com\\\/eldiario_net\"]},{\"@type\":\"Person\",\"@id\":\"https:\\\/\\\/www.eldiario.net\\\/portal\\\/#\\\/schema\\\/person\\\/2c57cf2b7a7ae032e449e4c9b1019eac\",\"name\":\"Jeanette\",\"image\":{\"@type\":\"ImageObject\",\"inLanguage\":\"es\",\"@id\":\"https:\\\/\\\/secure.gravatar.com\\\/avatar\\\/3ea2118a5f7dad2b7138b1187a6b7ee55f160b9968b66013c3a3ef39dd7e5798?s=96&d=mm&r=g\",\"url\":\"https:\\\/\\\/secure.gravatar.com\\\/avatar\\\/3ea2118a5f7dad2b7138b1187a6b7ee55f160b9968b66013c3a3ef39dd7e5798?s=96&d=mm&r=g\",\"contentUrl\":\"https:\\\/\\\/secure.gravatar.com\\\/avatar\\\/3ea2118a5f7dad2b7138b1187a6b7ee55f160b9968b66013c3a3ef39dd7e5798?s=96&d=mm&r=g\",\"caption\":\"Jeanette\"},\"sameAs\":[\"https:\\\/\\\/www.eldiario.net\\\/portal\"],\"url\":\"https:\\\/\\\/www.eldiario.net\\\/portal\\\/author\\\/jeanette\\\/\"}]}<\/script>\n<!-- \/ Yoast SEO plugin. -->","yoast_head_json":{"title":"M\u00e1s que Cremas, la ciencia detr\u00e1s de una madurez luminosa - El Diario - Bolivia","robots":{"index":"index","follow":"follow","max-snippet":"max-snippet:-1","max-image-preview":"max-image-preview:large","max-video-preview":"max-video-preview:-1"},"canonical":"https:\/\/www.eldiario.net\/portal\/2026\/01\/28\/mas-que-cremas-la-ciencia-detras-de-una-madurez-luminosa\/","og_locale":"es_ES","og_type":"article","og_title":"M\u00e1s que Cremas, la ciencia detr\u00e1s de una madurez luminosa - El Diario - Bolivia","og_description":"Por Susana Guti\u00e9rrez Durante d\u00e9cadas, la industria de la belleza nos vendi\u00f3 una guerra imposible de ganar. El enemigo era el tiempo y el arma, cualquier frasco que llevara el prefijo \u00abAnti\u00bb. Pero en 2026, las reglas han cambiado. Las mujeres estamos reclamando nuestro derecho a envejecer, no con resignaci\u00f3n, sino con una actitud radical: [&hellip;]","og_url":"https:\/\/www.eldiario.net\/portal\/2026\/01\/28\/mas-que-cremas-la-ciencia-detras-de-una-madurez-luminosa\/","og_site_name":"El Diario - Bolivia","article_publisher":"https:\/\/www.facebook.com\/eldiario.bolivia\/","article_published_time":"2026-01-28T10:06:46+00:00","og_image":[{"width":1024,"height":1024,"url":"https:\/\/www.eldiario.net\/portal\/wp-content\/uploads\/2026\/01\/NOTA-3-FOTO-3.webp","type":"image\/webp"}],"author":"Jeanette","twitter_card":"summary_large_image","twitter_creator":"@eldiario_net","twitter_site":"@eldiario_net","twitter_misc":{"Escrito por":"Jeanette","Tiempo de lectura":"3 minutos"},"schema":{"@context":"https:\/\/schema.org","@graph":[{"@type":"Article","@id":"https:\/\/www.eldiario.net\/portal\/2026\/01\/28\/mas-que-cremas-la-ciencia-detras-de-una-madurez-luminosa\/#article","isPartOf":{"@id":"https:\/\/www.eldiario.net\/portal\/2026\/01\/28\/mas-que-cremas-la-ciencia-detras-de-una-madurez-luminosa\/"},"author":{"name":"Jeanette","@id":"https:\/\/www.eldiario.net\/portal\/#\/schema\/person\/2c57cf2b7a7ae032e449e4c9b1019eac"},"headline":"M\u00e1s que Cremas, la ciencia detr\u00e1s de una madurez luminosa","datePublished":"2026-01-28T10:06:46+00:00","mainEntityOfPage":{"@id":"https:\/\/www.eldiario.net\/portal\/2026\/01\/28\/mas-que-cremas-la-ciencia-detras-de-una-madurez-luminosa\/"},"wordCount":535,"publisher":{"@id":"https:\/\/www.eldiario.net\/portal\/#organization"},"image":{"@id":"https:\/\/www.eldiario.net\/portal\/2026\/01\/28\/mas-que-cremas-la-ciencia-detras-de-una-madurez-luminosa\/#primaryimage"},"thumbnailUrl":"https:\/\/www.eldiario.net\/portal\/wp-content\/uploads\/2026\/01\/NOTA-3-FOTO-3.webp","articleSection":["Femenina"],"inLanguage":"es"},{"@type":"WebPage","@id":"https:\/\/www.eldiario.net\/portal\/2026\/01\/28\/mas-que-cremas-la-ciencia-detras-de-una-madurez-luminosa\/","url":"https:\/\/www.eldiario.net\/portal\/2026\/01\/28\/mas-que-cremas-la-ciencia-detras-de-una-madurez-luminosa\/","name":"M\u00e1s que Cremas, la ciencia detr\u00e1s de una madurez luminosa - El Diario - Bolivia","isPartOf":{"@id":"https:\/\/www.eldiario.net\/portal\/#website"},"primaryImageOfPage":{"@id":"https:\/\/www.eldiario.net\/portal\/2026\/01\/28\/mas-que-cremas-la-ciencia-detras-de-una-madurez-luminosa\/#primaryimage"},"image":{"@id":"https:\/\/www.eldiario.net\/portal\/2026\/01\/28\/mas-que-cremas-la-ciencia-detras-de-una-madurez-luminosa\/#primaryimage"},"thumbnailUrl":"https:\/\/www.eldiario.net\/portal\/wp-content\/uploads\/2026\/01\/NOTA-3-FOTO-3.webp","datePublished":"2026-01-28T10:06:46+00:00","breadcrumb":{"@id":"https:\/\/www.eldiario.net\/portal\/2026\/01\/28\/mas-que-cremas-la-ciencia-detras-de-una-madurez-luminosa\/#breadcrumb"},"inLanguage":"es","potentialAction":[{"@type":"ReadAction","target":["https:\/\/www.eldiario.net\/portal\/2026\/01\/28\/mas-que-cremas-la-ciencia-detras-de-una-madurez-luminosa\/"]}]},{"@type":"ImageObject","inLanguage":"es","@id":"https:\/\/www.eldiario.net\/portal\/2026\/01\/28\/mas-que-cremas-la-ciencia-detras-de-una-madurez-luminosa\/#primaryimage","url":"https:\/\/www.eldiario.net\/portal\/wp-content\/uploads\/2026\/01\/NOTA-3-FOTO-3.webp","contentUrl":"https:\/\/www.eldiario.net\/portal\/wp-content\/uploads\/2026\/01\/NOTA-3-FOTO-3.webp","width":1024,"height":1024,"caption":"GLOW REAL, CUANDO EL BIENESTAR INTERIOR SE CONVIERTE EN EL MEJOR ALIADO DE TU PIEL."},{"@type":"BreadcrumbList","@id":"https:\/\/www.eldiario.net\/portal\/2026\/01\/28\/mas-que-cremas-la-ciencia-detras-de-una-madurez-luminosa\/#breadcrumb","itemListElement":[{"@type":"ListItem","position":1,"name":"Portada","item":"https:\/\/www.eldiario.net\/portal\/"},{"@type":"ListItem","position":2,"name":"M\u00e1s que Cremas, la ciencia detr\u00e1s de una madurez luminosa"}]},{"@type":"WebSite","@id":"https:\/\/www.eldiario.net\/portal\/#website","url":"https:\/\/www.eldiario.net\/portal\/","name":"El Diario - Decano de la prensa nacional","description":"El Diario - Decano de la prensa nacional","publisher":{"@id":"https:\/\/www.eldiario.net\/portal\/#organization"},"potentialAction":[{"@type":"SearchAction","target":{"@type":"EntryPoint","urlTemplate":"https:\/\/www.eldiario.net\/portal\/?s={search_term_string}"},"query-input":{"@type":"PropertyValueSpecification","valueRequired":true,"valueName":"search_term_string"}}],"inLanguage":"es"},{"@type":"Organization","@id":"https:\/\/www.eldiario.net\/portal\/#organization","name":"El Diario - Decano de la prensa nacional","url":"https:\/\/www.eldiario.net\/portal\/","logo":{"@type":"ImageObject","inLanguage":"es","@id":"https:\/\/www.eldiario.net\/portal\/#\/schema\/logo\/image\/","url":"https:\/\/www.eldiario.net\/portal\/wp-content\/uploads\/2023\/07\/logo_ED.jpg","contentUrl":"https:\/\/www.eldiario.net\/portal\/wp-content\/uploads\/2023\/07\/logo_ED.jpg","width":272,"height":52,"caption":"El Diario - Decano de la prensa nacional"},"image":{"@id":"https:\/\/www.eldiario.net\/portal\/#\/schema\/logo\/image\/"},"sameAs":["https:\/\/www.facebook.com\/eldiario.bolivia\/","https:\/\/x.com\/eldiario_net"]},{"@type":"Person","@id":"https:\/\/www.eldiario.net\/portal\/#\/schema\/person\/2c57cf2b7a7ae032e449e4c9b1019eac","name":"Jeanette","image":{"@type":"ImageObject","inLanguage":"es","@id":"https:\/\/secure.gravatar.com\/avatar\/3ea2118a5f7dad2b7138b1187a6b7ee55f160b9968b66013c3a3ef39dd7e5798?s=96&d=mm&r=g","url":"https:\/\/secure.gravatar.com\/avatar\/3ea2118a5f7dad2b7138b1187a6b7ee55f160b9968b66013c3a3ef39dd7e5798?s=96&d=mm&r=g","contentUrl":"https:\/\/secure.gravatar.com\/avatar\/3ea2118a5f7dad2b7138b1187a6b7ee55f160b9968b66013c3a3ef39dd7e5798?s=96&d=mm&r=g","caption":"Jeanette"},"sameAs":["https:\/\/www.eldiario.net\/portal"],"url":"https:\/\/www.eldiario.net\/portal\/author\/jeanette\/"}]}},"_links":{"self":[{"href":"https:\/\/www.eldiario.net\/portal\/wp-json\/wp\/v2\/posts\/363748","targetHints":{"allow":["GET"]}}],"collection":[{"href":"https:\/\/www.eldiario.net\/portal\/wp-json\/wp\/v2\/posts"}],"about":[{"href":"https:\/\/www.eldiario.net\/portal\/wp-json\/wp\/v2\/types\/post"}],"author":[{"embeddable":true,"href":"https:\/\/www.eldiario.net\/portal\/wp-json\/wp\/v2\/users\/1"}],"replies":[{"embeddable":true,"href":"https:\/\/www.eldiario.net\/portal\/wp-json\/wp\/v2\/comments?post=363748"}],"version-history":[{"count":1,"href":"https:\/\/www.eldiario.net\/portal\/wp-json\/wp\/v2\/posts\/363748\/revisions"}],"predecessor-version":[{"id":363750,"href":"https:\/\/www.eldiario.net\/portal\/wp-json\/wp\/v2\/posts\/363748\/revisions\/363750"}],"wp:featuredmedia":[{"embeddable":true,"href":"https:\/\/www.eldiario.net\/portal\/wp-json\/wp\/v2\/media\/363749"}],"wp:attachment":[{"href":"https:\/\/www.eldiario.net\/portal\/wp-json\/wp\/v2\/media?parent=363748"}],"wp:term":[{"taxonomy":"category","embeddable":true,"href":"https:\/\/www.eldiario.net\/portal\/wp-json\/wp\/v2\/categories?post=363748"},{"taxonomy":"post_tag","embeddable":true,"href":"https:\/\/www.eldiario.net\/portal\/wp-json\/wp\/v2\/tags?post=363748"}],"curies":[{"name":"wp","href":"https:\/\/api.w.org\/{rel}","templated":true}]}}