{"id":363742,"date":"2026-01-28T06:06:02","date_gmt":"2026-01-28T10:06:02","guid":{"rendered":"https:\/\/www.eldiario.net\/portal\/?p=363742"},"modified":"2026-01-28T06:06:02","modified_gmt":"2026-01-28T10:06:02","slug":"no-se-que-va-a-ser-de-ella-es-nina","status":"publish","type":"post","link":"https:\/\/www.eldiario.net\/portal\/2026\/01\/28\/no-se-que-va-a-ser-de-ella-es-nina\/","title":{"rendered":"\u201cNo s\u00e9 qu\u00e9 va a ser de ella. Es ni\u00f1a\u201d"},"content":{"rendered":"<p>Hermina vive en la Rep\u00fablica Centroafricana (RCA), Murjanatu en el norte de Nigeria y Sabera. Lleva a\u00f1os en un campo de refugiados para rohingyas en Bangladesh. Las dificultades a las que se han enfrentado por el simple hecho de estar embarazadas las acerca mucho.<\/p>\n<p>\u201cCamin\u00e9 desde las cinco hasta las nueve de la ma\u00f1ana. Tuve que venir sola. Mis padres llegaron al d\u00eda siguiente. Mi marido quer\u00eda acompa\u00f1arme, pero se le estrope\u00f3 la bicicleta\u201d, cuenta Hermina Nandode mientras acuna a su beb\u00e9, envuelta en una manta de colores. Est\u00e1 en el hospital de Batangafo, en el norte de la RCA, donde algunas mujeres viajan hasta cien kil\u00f3metros para recibir atenci\u00f3n m\u00e9dica durante el embarazo.<\/p>\n<p>Los relatos de estas mujeres se asemejan en la distancia, y los diagn\u00f3sticos del personal que las atiende tambi\u00e9n. \u201cLas dificultades empiezan con un acceso limitado a atenci\u00f3n obst\u00e9trica por falta de centros de salud\u201d, explica Nadine Karenzi, referente m\u00e9dica en Batangafo de M\u00e9dicos Sin Fronteras (MSF). \u201cLuego est\u00e1 la distancia desde las aldeas a las cl\u00ednicas, la falta de transporte, la inseguridad y el coste del viaje\u201d. Algunos centros solo abren hasta primera hora de la tarde. Adem\u00e1s, la inseguridad a veces impide la presencia de personal cualificado o de los medicamentos esenciales.<\/p>\n<p>En el norte de Nigeria, Murjanatu espera en el Hospital General de Shinkafi, apoyado por MSF, antes de ser trasladada a otro centro para tratar su anemia severa. Retras\u00f3 decisi\u00f3n de buscar atenci\u00f3n m\u00e9dica por el precio, incluso de las revisiones prenatales m\u00e1s b\u00e1sicas. \u201cSi no tienes dinero, ni siquiera puedes ir a consulta. Nadie te atiende si no pagas\u201d. Algunas mujeres de la zona recorren m\u00e1s de 200 kil\u00f3metros para acceder a los servicios gratuitos que ofrece MSF en Shinkafi.<\/p>\n<p><strong>\u2018Algunos maridos permiten que sus mujeres vayan al hospital, pero otros no\u2019<\/strong><\/p>\n<p>En Cox\u2019s Bazar, en Bangladesh, Sabera comparte una situaci\u00f3n similar. \u201cA veces tenemos que vender cosas de la casa o pedir dinero cuando tenemos una emergencia m\u00e9dica\u201d. A punto de dar a luz a su sexto hijo, tambi\u00e9n apunta uno de los obst\u00e1culos m\u00e1s extendidos: \u201cAlgunos maridos permiten que sus mujeres vayan al hospital, pero otros no\u201d.<\/p>\n<p>\u201cUna mujer puede estar sufriendo en casa, incluso sangrando o con una complicaci\u00f3n grave, pero no se la dejan ir al hospital sin el permiso del marido\u201d, explica Patience Otse, matrona supervisora de MSF en Shinkafi. \u201cA veces, el marido ni siquiera est\u00e1 en casa y ella tiene que esperar a que vuelva\u201d.<\/p>\n<p>Raquel Vives, matrona y experta en salud sexual y reproductiva de MSF, alerta de que las muertes maternas a menudo pasan desapercibidas, aunque Naciones Unidas advierte de que cada dos minutos muere una mujer por complicaciones relacionadas con el embarazo o el parto. \u201cNo son tragedias inevitables: la mayor\u00eda podr\u00edan prevenirse con atenci\u00f3n m\u00e9dica a tiempo\u201d, sostiene. \u201cLa clave es que el mayor n\u00famero posible de mujeres pueda dar a luz en un centro de salud con personal cualificado. Pero en muchos lugares donde trabajamos, los recursos son muy limitados incluso para los partos sin complicaciones. Cualquier recorte de recursos para actividades humanitarias agravar\u00e1 a\u00fan m\u00e1s la crisis, y aumentar\u00e1 el riesgo para miles de mujeres y reci\u00e9n nacidos\u201d.<\/p>\n<p>Muchas de las complicaciones que amenazan la vida de mujeres y ni\u00f1as embarazadas son prevenibles. Hemorragias, obstrucciones en el parto e infecciones encabezan la lista.<\/p>\n<p>La hipertensi\u00f3n no diagnosticada es una amenaza, porque puede derivar en eclampsia, una afecci\u00f3n potencialmente mortal. Madina Salittu, matrona del Hospital General de Shinkafi, lo explica: \u201cA veces la hipertensi\u00f3n est\u00e1 relacionada con la inseguridad, el miedo y la ansiedad. Muchas mujeres no tienen acceso a cuidados prenatales y nadie controla su presi\u00f3n arterial\u201d. La anemia es otro factor de riesgo: \u201cDe cada 90 mujeres embarazadas que recibimos, puede que unas 70 tengan anemia. Eso aumenta la necesidad de transfusiones\u201d, detalla Patience Otse.<\/p>\n<p>\u201cUna de las causas m\u00e1s significativas y a menudo invisibles de la mortalidad materna es el aborto inseguro. Cuando no es mortal, puede dejar secuelas graves como infertilidad y dolor cr\u00f3nico\u201d, afirma Raquel Vives. \u201cEn muchos de nuestros proyectos, tratamos regularmente a mujeres con complicaciones potencialmente mortales tras abortos realizados por ellas mismas o por personas sin formaci\u00f3n, en condiciones insalubres. Las leyes restrictivas, el estigma y la falta de acceso a anticonceptivos empujan a las mujeres a procedimientos peligrosos\u201d, a\u00f1ade.<\/p>\n<p>Alida Fiossona espera su tercer hijo en Bignola, una casa de espera creada por MSF junto al hospital de Batangafo para garantizar que las mujeres con embarazos de riesgo reciben atenci\u00f3n a tiempo. M\u00e1s all\u00e1 de los problemas m\u00e9dicos, Alida se\u00f1ala el peso de algunos estigmas: \u201cAlgunos se burlan y marginan a las que venimos aqu\u00ed. Pero mi salud es m\u00e1s importante, sus opiniones no me importan\u201d. En Nigeria, Otse explica c\u00f3mo las creencias culturales tambi\u00e9n ejercen presi\u00f3n: \u201cSi das a luz en casa, te ven como una mujer fuerte. Si vas al hospital, no\u201d.<\/p>\n<p>El idioma puede ser otro obst\u00e1culo. Emmanuelle Bamongo, matrona de MSF en el hospital de Batangafo, explica que muchas mujeres evitan acudir a la casa Bignola por miedo a ser ridiculizadas por no hablar sango, la lengua mayoritaria. Es, por ejemplo, el caso de Honorine Dilyo, que est\u00e1 ahora hora en la casa de espera. Ser\u00e1 la primera vez que d\u00e9 a luz en un hospital tras diez embarazos previos, de los cuales solo sobrevivieron seis hijos.<\/p>\n<p><strong>\u2018Quiero volver a casa con mi beb\u00e9 y con salud\u2019<\/strong><\/p>\n<p>\u201cNo tenemos dinero. Para ir al hospital necesitas ropa para ti y para el beb\u00e9, pero no pod\u00edamos comprar nada. Y no hablo sango\u201d, cuenta Honorine. Su decisi\u00f3n se vio influida por las complicaciones que sufri\u00f3 en embarazos anteriores y por el consejo de los agentes de salud comunitaria de MSF en su aldea. \u201cAntes me avergonzaba no tener nada. Pero despu\u00e9s de lo que he visto, si vuelvo a quedarme embarazada har\u00e9 todo lo posible por ir a un hospital. He dejado lo dem\u00e1s de lado porque quiero volver a casa con mi beb\u00e9 y con salud\u201d.<\/p>\n<p>\u201cAntes de que existiera esta casa de maternidad \u2014 recuerda Ruth Mbelkoyo, trabajadora de MSF \u2014, muchas mujeres perd\u00edan a sus beb\u00e9s de camino hacia centros de salud lejanos. Algunas incluso perd\u00edan la vida. Recuerdo a una mujer de Kabo \u2014localidad a 60 kil\u00f3metros de Batangafo\u2014 que hab\u00eda perdido sus tres primeros embarazos. El cuarto lo tuvo en el hospital y dio a luz con \u00e9xito\u201d.<\/p>\n<p>En 2024, los equipos de MSF ayudaron a dar a luz a m\u00e1s de 1.000 madres cada d\u00eda, 369.000 en total. El 15% de esos partos tuvieron lugar en Nigeria, la Rep\u00fablica Centroafricana y Bangladesh. Pero el trabajo va mucho m\u00e1s all\u00e1 de la sala de partos: se intentan reducir las demoras y barreras que ponen en peligro la vida de las mujeres.<\/p>\n<p>\u201cUtilizamos modelos descentralizados de atenci\u00f3n\u201d, explica Patience Otse. \u201cNuestros equipos no siempre pueden llegar a las mujeres, as\u00ed que trabajamos con parteras tradicionales y matronas comunitarias, que ayudan en los partos y derivan los casos complicados a los centros primarios y al hospital\u201d. Raquel Vives matiza: \u201cCuando surge una complicaci\u00f3n, la rapidez lo es todo. Pero preverla no siempre es posible\u201d.<\/p>\n<p>\u201cAqu\u00ed, MSF cubre muchas necesidades: desde alimentos y medicinas hasta cirug\u00edas cuando son necesarias. Tambi\u00e9n proporciona transporte, tanto hacia el hospital como de vuelta a sus comunidades\u201d, explica Madina desde Shinkafi, en Nigeria. Cuando es posible, MSF apoya en sus proyectos puestos de salud perif\u00e9ricos para derivar a mujeres con complicaciones y opera una red de motoristas capaces de desplazarse por terrenos especialmente dif\u00edciles.<\/p>\n<p>\u201cTambi\u00e9n intentamos concienciar sobre la planificaci\u00f3n familiar durante las consultas prenatales\u201d, dice Dinatunessa, matrona de MSF en el hospital materno-infantil de Goyalmara, en Cox\u2019s Bazar. \u201cHacemos todo lo posible por explicar los beneficios de espaciar los embarazos y los m\u00e9todos disponibles para ello, pero algunas mujeres apenas reciben apoyo de sus maridos\u201d.<\/p>\n<p>\u201cLa mortalidad materna \u2014reflexiona Vives\u2014 es un reflejo de m\u00faltiples factores que amenazan la salud y los derechos de las mujeres, factores que a menudo permanecen en la sombra. M\u00e1s all\u00e1 del impacto evidente en la supervivencia de sus hijos, cada madre que muere hace que esos mismos riesgos sean a\u00fan mayores para la siguiente generaci\u00f3n. La desigualdad de g\u00e9nero agrava estos peligros: las mujeres suelen carecer de autonom\u00eda, recursos o poder de decisi\u00f3n para acceder a una atenci\u00f3n segura y a tiempo\u201d.<\/p>\n<p>Despu\u00e9s de tres semanas en Bignola y tras un parto asistido, Hermina sonr\u00ede. Pero hace un gesto de preocupaci\u00f3n. \u201cNo s\u00e9 qu\u00e9 ser\u00e1 de ella\u201d, dice en voz baja. \u201cEs una ni\u00f1a\u201d.<\/p>\n\r\n                <style type=\"text\/css\">\r\n                    \r\n                    #tdi_1  .td-doubleSlider-2 .td-item1 {\r\n                        background: url(https:\/\/www.eldiario.net\/portal\/wp-content\/uploads\/2026\/01\/NOTA-4-FOTO-3-80x60.webp) 0 0 no-repeat;\r\n                    }\r\n                    #tdi_1  .td-doubleSlider-2 .td-item2 {\r\n                        background: url(https:\/\/www.eldiario.net\/portal\/wp-content\/uploads\/2026\/01\/NOTA-4-FOTO-4-80x60.webp) 0 0 no-repeat;\r\n                    }\r\n                    #tdi_1  .td-doubleSlider-2 .td-item3 {\r\n                        background: url(https:\/\/www.eldiario.net\/portal\/wp-content\/uploads\/2026\/01\/NOTA-4-FOTO-1-1-80x60.webp) 0 0 no-repeat;\r\n                    }\r\n                    #tdi_1  .td-doubleSlider-2 .td-item4 {\r\n                        background: url(https:\/\/www.eldiario.net\/portal\/wp-content\/uploads\/2026\/01\/NOTA-4-FOTO-2-1-80x60.webp) 0 0 no-repeat;\r\n                    }\r\n                <\/style>\r\n\r\n                <div id=\"tdi_1\" class=\"td-gallery td-slide-on-2-columns\">\r\n                    <div class=\"post_td_gallery\">\r\n                        <div class=\"td-gallery-slide-top\">\r\n                           <div class=\"td-gallery-title\"><\/div>\r\n\r\n                            <div class=\"td-gallery-controls-wrapper\">\r\n                                <div class=\"td-gallery-slide-count\"><span class=\"td-gallery-slide-item-focus\">1<\/span> de 4<\/div>\r\n                                <div class=\"td-gallery-slide-prev-next-but\">\r\n                                    <i class = \"td-icon-left doubleSliderPrevButton\"><\/i>\r\n                                    <i class = \"td-icon-right doubleSliderNextButton\"><\/i>\r\n                                <\/div>\r\n                            <\/div>\r\n                        <\/div>\r\n\r\n                        <div class = \"td-doubleSlider-1 \">\r\n                            <div class = \"td-slider\">\r\n                                \r\n                    <div class = \"td-slide-item td-item1\">\r\n                        <figure class=\"td-slide-galery-figure td-slide-popup-gallery\">\r\n                            <a class=\"slide-gallery-image-link\" href=\"https:\/\/www.eldiario.net\/portal\/wp-content\/uploads\/2026\/01\/NOTA-4-FOTO-3.webp\" title=\"NOTA 4 FOTO 3\"  data-caption=\"NIGERIA. ENTRADA DEL HOSPITAL GENERAL SHINKAFI. ESTADO DE ZAMFARA, NIGERIA. COPYRIGHT: NNOLI AMARACHI.\"  data-description=\"\">\r\n                                <img decoding=\"async\" src=\"https:\/\/www.eldiario.net\/portal\/wp-content\/uploads\/2026\/01\/NOTA-4-FOTO-3-630x420.webp\" srcset=\"https:\/\/www.eldiario.net\/portal\/wp-content\/uploads\/2026\/01\/NOTA-4-FOTO-3-630x420.webp 630w, https:\/\/www.eldiario.net\/portal\/wp-content\/uploads\/2026\/01\/NOTA-4-FOTO-3-300x200.webp 300w, https:\/\/www.eldiario.net\/portal\/wp-content\/uploads\/2026\/01\/NOTA-4-FOTO-3-768x512.webp 768w, https:\/\/www.eldiario.net\/portal\/wp-content\/uploads\/2026\/01\/NOTA-4-FOTO-3-150x100.webp 150w, https:\/\/www.eldiario.net\/portal\/wp-content\/uploads\/2026\/01\/NOTA-4-FOTO-3-696x464.webp 696w, https:\/\/www.eldiario.net\/portal\/wp-content\/uploads\/2026\/01\/NOTA-4-FOTO-3.webp 900w\" sizes=\"(max-width: 630px) 100vw, 630px\" alt=\"\">\r\n                            <\/a>\r\n                            <figcaption class = \"td-slide-caption td-gallery-slide-content\"><div class = \"td-gallery-slide-copywrite\">NIGERIA. ENTRADA DEL HOSPITAL GENERAL SHINKAFI. ESTADO DE ZAMFARA, NIGERIA. COPYRIGHT: NNOLI AMARACHI.<\/div><\/figcaption>\r\n                        <\/figure>\r\n                    <\/div>\r\n                    <div class = \"td-slide-item td-item2\">\r\n                        <figure class=\"td-slide-galery-figure td-slide-popup-gallery\">\r\n                            <a class=\"slide-gallery-image-link\" href=\"https:\/\/www.eldiario.net\/portal\/wp-content\/uploads\/2026\/01\/NOTA-4-FOTO-4.webp\" title=\"NOTA 4 FOTO 4\"  data-caption=\"BANGLADESH. SABERA, DE 38 A\u00d1OS, EST\u00c1 ESPERANDO SU SEXTO HIJO. COMO MUCHAS REFUGIADAS ROHINYAS EN EL CAMPO DE REFUGIADOS COX\u2019S BAZAR, LE RESULTA DIF\u00cdCIL ACCEDER A ATENCI\u00d3N M\u00c9DICA. ADEM\u00c1S DE LAS LIMITACIONES FINANCIERAS, MUCHAS MUJERES NO PUEDEN DECIDIR POR S\u00cd MISMAS CU\u00c1NDO BUSCAR ATENCI\u00d3N M\u00c9DICA: &#039;ALGUNOS ESPOSOS PERMITEN QUE SUS ESPOSAS VAYAN AL HOSPITAL, OTROS NO&#039;. COPYRIGHT: SAIKAT MOJUMDER.\"  data-description=\"\">\r\n                                <img decoding=\"async\" src=\"https:\/\/www.eldiario.net\/portal\/wp-content\/uploads\/2026\/01\/NOTA-4-FOTO-4-630x420.webp\" srcset=\"https:\/\/www.eldiario.net\/portal\/wp-content\/uploads\/2026\/01\/NOTA-4-FOTO-4-630x420.webp 630w, https:\/\/www.eldiario.net\/portal\/wp-content\/uploads\/2026\/01\/NOTA-4-FOTO-4-300x200.webp 300w, https:\/\/www.eldiario.net\/portal\/wp-content\/uploads\/2026\/01\/NOTA-4-FOTO-4-768x512.webp 768w, https:\/\/www.eldiario.net\/portal\/wp-content\/uploads\/2026\/01\/NOTA-4-FOTO-4-150x100.webp 150w, https:\/\/www.eldiario.net\/portal\/wp-content\/uploads\/2026\/01\/NOTA-4-FOTO-4-696x464.webp 696w, https:\/\/www.eldiario.net\/portal\/wp-content\/uploads\/2026\/01\/NOTA-4-FOTO-4.webp 900w\" sizes=\"(max-width: 630px) 100vw, 630px\" alt=\"\">\r\n                            <\/a>\r\n                            <figcaption class = \"td-slide-caption td-gallery-slide-content\"><div class = \"td-gallery-slide-copywrite\">BANGLADESH. SABERA, DE 38 A\u00d1OS, EST\u00c1 ESPERANDO SU SEXTO HIJO. COMO MUCHAS REFUGIADAS ROHINYAS EN EL CAMPO DE REFUGIADOS COX\u2019S BAZAR, LE RESULTA DIF\u00cdCIL ACCEDER A ATENCI\u00d3N M\u00c9DICA. ADEM\u00c1S DE LAS LIMITACIONES FINANCIERAS, MUCHAS MUJERES NO PUEDEN DECIDIR POR S\u00cd MISMAS CU\u00c1NDO BUSCAR ATENCI\u00d3N M\u00c9DICA: 'ALGUNOS ESPOSOS PERMITEN QUE SUS ESPOSAS VAYAN AL HOSPITAL, OTROS NO'. COPYRIGHT: SAIKAT MOJUMDER.<\/div><\/figcaption>\r\n                        <\/figure>\r\n                    <\/div>\r\n                    <div class = \"td-slide-item td-item3\">\r\n                        <figure class=\"td-slide-galery-figure td-slide-popup-gallery\">\r\n                            <a class=\"slide-gallery-image-link\" href=\"https:\/\/www.eldiario.net\/portal\/wp-content\/uploads\/2026\/01\/NOTA-4-FOTO-1-1.webp\" title=\"NOTA 4 FOTO 1\"  data-caption=\"REP. CENTROAFRICANA. HERMINIA NANDOLE CAMIN\u00d3 DE 5 AM A 9 AM PARA LLEGAR AL HOSPITAL DESPU\u00c9S DE UN DOLOR INTENSO DE ESPALDA, VIAJANDO SOLA DESDE SU ALDEA HASTA EL CENTRO DE SALUD. HERMINIA SUE\u00d1A CON QUE SU HIJA SE CONVIERTA EN DOCTORA ALG\u00daN D\u00cdA. COPYRIGHT: ARLETTE BASHIZI.\"  data-description=\"\">\r\n                                <img decoding=\"async\" src=\"https:\/\/www.eldiario.net\/portal\/wp-content\/uploads\/2026\/01\/NOTA-4-FOTO-1-1-630x420.webp\" srcset=\"https:\/\/www.eldiario.net\/portal\/wp-content\/uploads\/2026\/01\/NOTA-4-FOTO-1-1-630x420.webp 630w, https:\/\/www.eldiario.net\/portal\/wp-content\/uploads\/2026\/01\/NOTA-4-FOTO-1-1-300x200.webp 300w, https:\/\/www.eldiario.net\/portal\/wp-content\/uploads\/2026\/01\/NOTA-4-FOTO-1-1-768x512.webp 768w, https:\/\/www.eldiario.net\/portal\/wp-content\/uploads\/2026\/01\/NOTA-4-FOTO-1-1-150x100.webp 150w, https:\/\/www.eldiario.net\/portal\/wp-content\/uploads\/2026\/01\/NOTA-4-FOTO-1-1-696x464.webp 696w, https:\/\/www.eldiario.net\/portal\/wp-content\/uploads\/2026\/01\/NOTA-4-FOTO-1-1.webp 800w\" sizes=\"(max-width: 630px) 100vw, 630px\" alt=\"\">\r\n                            <\/a>\r\n                            <figcaption class = \"td-slide-caption td-gallery-slide-content\"><div class = \"td-gallery-slide-copywrite\">REP. CENTROAFRICANA. HERMINIA NANDOLE CAMIN\u00d3 DE 5 AM A 9 AM PARA LLEGAR AL HOSPITAL DESPU\u00c9S DE UN DOLOR INTENSO DE ESPALDA, VIAJANDO SOLA DESDE SU ALDEA HASTA EL CENTRO DE SALUD. HERMINIA SUE\u00d1A CON QUE SU HIJA SE CONVIERTA EN DOCTORA ALG\u00daN D\u00cdA. COPYRIGHT: ARLETTE BASHIZI.<\/div><\/figcaption>\r\n                        <\/figure>\r\n                    <\/div>\r\n                    <div class = \"td-slide-item td-item4\">\r\n                        <figure class=\"td-slide-galery-figure td-slide-popup-gallery\">\r\n                            <a class=\"slide-gallery-image-link\" href=\"https:\/\/www.eldiario.net\/portal\/wp-content\/uploads\/2026\/01\/NOTA-4-FOTO-2-1.webp\" title=\"NOTA 4 FOTO 2\"  data-caption=\"REP. CENTROAFRICANA. HONORINE DILYO CON OTRAS MUJERES EN LA CASA DE ESPERA DEL HOSPITAL DE BATANGAFO, CONOCIDO LOCALMENTE COMO BIGNOLA. COPYRIGHT: ARLETTE BASHIZI.\"  data-description=\"\">\r\n                                <img decoding=\"async\" src=\"https:\/\/www.eldiario.net\/portal\/wp-content\/uploads\/2026\/01\/NOTA-4-FOTO-2-1-630x420.webp\" srcset=\"https:\/\/www.eldiario.net\/portal\/wp-content\/uploads\/2026\/01\/NOTA-4-FOTO-2-1-630x420.webp 630w, https:\/\/www.eldiario.net\/portal\/wp-content\/uploads\/2026\/01\/NOTA-4-FOTO-2-1-300x200.webp 300w, https:\/\/www.eldiario.net\/portal\/wp-content\/uploads\/2026\/01\/NOTA-4-FOTO-2-1-768x512.webp 768w, https:\/\/www.eldiario.net\/portal\/wp-content\/uploads\/2026\/01\/NOTA-4-FOTO-2-1-150x100.webp 150w, https:\/\/www.eldiario.net\/portal\/wp-content\/uploads\/2026\/01\/NOTA-4-FOTO-2-1-696x464.webp 696w, https:\/\/www.eldiario.net\/portal\/wp-content\/uploads\/2026\/01\/NOTA-4-FOTO-2-1.webp 900w\" sizes=\"(max-width: 630px) 100vw, 630px\" alt=\"\">\r\n                            <\/a>\r\n                            <figcaption class = \"td-slide-caption td-gallery-slide-content\"><div class = \"td-gallery-slide-copywrite\">REP. CENTROAFRICANA. HONORINE DILYO CON OTRAS MUJERES EN LA CASA DE ESPERA DEL HOSPITAL DE BATANGAFO, CONOCIDO LOCALMENTE COMO BIGNOLA. COPYRIGHT: ARLETTE BASHIZI.<\/div><\/figcaption>\r\n                        <\/figure>\r\n                    <\/div>\r\n                            <\/div>\r\n                        <\/div>\r\n\r\n                        <div class = \"td-doubleSlider-2\">\r\n                            <div class = \"td-slider\">\r\n                                \r\n                    <div class = \"td-button td-item1\">\r\n                        <div class = \"td-border\"><\/div>\r\n                    <\/div>\r\n                    <div class = \"td-button td-item2\">\r\n                        <div class = \"td-border\"><\/div>\r\n                    <\/div>\r\n                    <div class = \"td-button td-item3\">\r\n                        <div class = \"td-border\"><\/div>\r\n                    <\/div>\r\n                    <div class = \"td-button td-item4\">\r\n                        <div class = \"td-border\"><\/div>\r\n                    <\/div>\r\n                            <\/div>\r\n                        <\/div>\r\n\r\n                    <\/div>\r\n\r\n                <\/div>\r\n                \n","protected":false},"excerpt":{"rendered":"<p>Hermina vive en la Rep\u00fablica Centroafricana (RCA), Murjanatu en el norte de Nigeria y Sabera. Lleva a\u00f1os en un campo de refugiados para rohingyas en Bangladesh. Las dificultades a las que se han enfrentado por el simple hecho de estar embarazadas las acerca mucho. \u201cCamin\u00e9 desde las cinco hasta las nueve de la ma\u00f1ana. Tuve [&hellip;]<\/p>\n","protected":false},"author":1,"featured_media":363745,"comment_status":"closed","ping_status":"open","sticky":false,"template":"","format":"standard","meta":{"_acf_changed":false,"footnotes":""},"categories":[42],"tags":[],"class_list":["post-363742","post","type-post","status-publish","format-standard","has-post-thumbnail","category-femenina"],"acf":{"antetitulo":"Mujeres que desaf\u00edan al destino"},"yoast_head":"<!-- This site is optimized with the Yoast SEO plugin v28.4 - https:\/\/yoast.com\/product\/yoast-seo-wordpress\/ -->\n<title>\u201cNo s\u00e9 qu\u00e9 va a ser de ella. Es ni\u00f1a\u201d - El Diario - Bolivia<\/title>\n<meta name=\"robots\" content=\"index, follow, max-snippet:-1, max-image-preview:large, max-video-preview:-1\" \/>\n<link rel=\"canonical\" href=\"https:\/\/www.eldiario.net\/portal\/2026\/01\/28\/no-se-que-va-a-ser-de-ella-es-nina\/\" \/>\n<meta property=\"og:locale\" content=\"es_ES\" \/>\n<meta property=\"og:type\" content=\"article\" \/>\n<meta property=\"og:title\" content=\"\u201cNo s\u00e9 qu\u00e9 va a ser de ella. Es ni\u00f1a\u201d - El Diario - Bolivia\" \/>\n<meta property=\"og:description\" content=\"Hermina vive en la Rep\u00fablica Centroafricana (RCA), Murjanatu en el norte de Nigeria y Sabera. Lleva a\u00f1os en un campo de refugiados para rohingyas en Bangladesh. Las dificultades a las que se han enfrentado por el simple hecho de estar embarazadas las acerca mucho. \u201cCamin\u00e9 desde las cinco hasta las nueve de la ma\u00f1ana. Tuve [&hellip;]\" \/>\n<meta property=\"og:url\" content=\"https:\/\/www.eldiario.net\/portal\/2026\/01\/28\/no-se-que-va-a-ser-de-ella-es-nina\/\" \/>\n<meta property=\"og:site_name\" content=\"El Diario - Bolivia\" \/>\n<meta property=\"article:publisher\" content=\"https:\/\/www.facebook.com\/eldiario.bolivia\/\" \/>\n<meta property=\"article:published_time\" content=\"2026-01-28T10:06:02+00:00\" \/>\n<meta property=\"og:image\" content=\"https:\/\/www.eldiario.net\/portal\/wp-content\/uploads\/2026\/01\/NOTA-4-FOTO-1-1.webp\" \/>\n\t<meta property=\"og:image:width\" content=\"800\" \/>\n\t<meta property=\"og:image:height\" content=\"533\" \/>\n\t<meta property=\"og:image:type\" content=\"image\/webp\" \/>\n<meta name=\"author\" content=\"Jeanette\" \/>\n<meta name=\"twitter:card\" content=\"summary_large_image\" \/>\n<meta name=\"twitter:creator\" content=\"@eldiario_net\" \/>\n<meta name=\"twitter:site\" content=\"@eldiario_net\" \/>\n<meta name=\"twitter:label1\" content=\"Escrito por\" \/>\n\t<meta name=\"twitter:data1\" content=\"Jeanette\" \/>\n\t<meta name=\"twitter:label2\" content=\"Tiempo de lectura\" \/>\n\t<meta name=\"twitter:data2\" content=\"7 minutos\" \/>\n<script type=\"application\/ld+json\" class=\"yoast-schema-graph\">{\"@context\":\"https:\\\/\\\/schema.org\",\"@graph\":[{\"@type\":\"Article\",\"@id\":\"https:\\\/\\\/www.eldiario.net\\\/portal\\\/2026\\\/01\\\/28\\\/no-se-que-va-a-ser-de-ella-es-nina\\\/#article\",\"isPartOf\":{\"@id\":\"https:\\\/\\\/www.eldiario.net\\\/portal\\\/2026\\\/01\\\/28\\\/no-se-que-va-a-ser-de-ella-es-nina\\\/\"},\"author\":{\"name\":\"Jeanette\",\"@id\":\"https:\\\/\\\/www.eldiario.net\\\/portal\\\/#\\\/schema\\\/person\\\/2c57cf2b7a7ae032e449e4c9b1019eac\"},\"headline\":\"\u201cNo s\u00e9 qu\u00e9 va a ser de ella. Es ni\u00f1a\u201d\",\"datePublished\":\"2026-01-28T10:06:02+00:00\",\"mainEntityOfPage\":{\"@id\":\"https:\\\/\\\/www.eldiario.net\\\/portal\\\/2026\\\/01\\\/28\\\/no-se-que-va-a-ser-de-ella-es-nina\\\/\"},\"wordCount\":1522,\"publisher\":{\"@id\":\"https:\\\/\\\/www.eldiario.net\\\/portal\\\/#organization\"},\"image\":{\"@id\":\"https:\\\/\\\/www.eldiario.net\\\/portal\\\/2026\\\/01\\\/28\\\/no-se-que-va-a-ser-de-ella-es-nina\\\/#primaryimage\"},\"thumbnailUrl\":\"https:\\\/\\\/www.eldiario.net\\\/portal\\\/wp-content\\\/uploads\\\/2026\\\/01\\\/NOTA-4-FOTO-1-1.webp\",\"articleSection\":[\"Femenina\"],\"inLanguage\":\"es\"},{\"@type\":\"WebPage\",\"@id\":\"https:\\\/\\\/www.eldiario.net\\\/portal\\\/2026\\\/01\\\/28\\\/no-se-que-va-a-ser-de-ella-es-nina\\\/\",\"url\":\"https:\\\/\\\/www.eldiario.net\\\/portal\\\/2026\\\/01\\\/28\\\/no-se-que-va-a-ser-de-ella-es-nina\\\/\",\"name\":\"\u201cNo s\u00e9 qu\u00e9 va a ser de ella. Es ni\u00f1a\u201d - El Diario - Bolivia\",\"isPartOf\":{\"@id\":\"https:\\\/\\\/www.eldiario.net\\\/portal\\\/#website\"},\"primaryImageOfPage\":{\"@id\":\"https:\\\/\\\/www.eldiario.net\\\/portal\\\/2026\\\/01\\\/28\\\/no-se-que-va-a-ser-de-ella-es-nina\\\/#primaryimage\"},\"image\":{\"@id\":\"https:\\\/\\\/www.eldiario.net\\\/portal\\\/2026\\\/01\\\/28\\\/no-se-que-va-a-ser-de-ella-es-nina\\\/#primaryimage\"},\"thumbnailUrl\":\"https:\\\/\\\/www.eldiario.net\\\/portal\\\/wp-content\\\/uploads\\\/2026\\\/01\\\/NOTA-4-FOTO-1-1.webp\",\"datePublished\":\"2026-01-28T10:06:02+00:00\",\"breadcrumb\":{\"@id\":\"https:\\\/\\\/www.eldiario.net\\\/portal\\\/2026\\\/01\\\/28\\\/no-se-que-va-a-ser-de-ella-es-nina\\\/#breadcrumb\"},\"inLanguage\":\"es\",\"potentialAction\":[{\"@type\":\"ReadAction\",\"target\":[\"https:\\\/\\\/www.eldiario.net\\\/portal\\\/2026\\\/01\\\/28\\\/no-se-que-va-a-ser-de-ella-es-nina\\\/\"]}]},{\"@type\":\"ImageObject\",\"inLanguage\":\"es\",\"@id\":\"https:\\\/\\\/www.eldiario.net\\\/portal\\\/2026\\\/01\\\/28\\\/no-se-que-va-a-ser-de-ella-es-nina\\\/#primaryimage\",\"url\":\"https:\\\/\\\/www.eldiario.net\\\/portal\\\/wp-content\\\/uploads\\\/2026\\\/01\\\/NOTA-4-FOTO-1-1.webp\",\"contentUrl\":\"https:\\\/\\\/www.eldiario.net\\\/portal\\\/wp-content\\\/uploads\\\/2026\\\/01\\\/NOTA-4-FOTO-1-1.webp\",\"width\":800,\"height\":533,\"caption\":\"REP. CENTROAFRICANA. HERMINIA NANDOLE CAMIN\u00d3 DE 5 AM A 9 AM PARA LLEGAR AL HOSPITAL DESPU\u00c9S DE UN DOLOR INTENSO DE ESPALDA, VIAJANDO SOLA DESDE SU ALDEA HASTA EL CENTRO DE SALUD. HERMINIA SUE\u00d1A CON QUE SU HIJA SE CONVIERTA EN DOCTORA ALG\u00daN D\u00cdA. COPYRIGHT: ARLETTE BASHIZI.\"},{\"@type\":\"BreadcrumbList\",\"@id\":\"https:\\\/\\\/www.eldiario.net\\\/portal\\\/2026\\\/01\\\/28\\\/no-se-que-va-a-ser-de-ella-es-nina\\\/#breadcrumb\",\"itemListElement\":[{\"@type\":\"ListItem\",\"position\":1,\"name\":\"Portada\",\"item\":\"https:\\\/\\\/www.eldiario.net\\\/portal\\\/\"},{\"@type\":\"ListItem\",\"position\":2,\"name\":\"\u201cNo s\u00e9 qu\u00e9 va a ser de ella. Es ni\u00f1a\u201d\"}]},{\"@type\":\"WebSite\",\"@id\":\"https:\\\/\\\/www.eldiario.net\\\/portal\\\/#website\",\"url\":\"https:\\\/\\\/www.eldiario.net\\\/portal\\\/\",\"name\":\"El Diario - Decano de la prensa nacional\",\"description\":\"El Diario - Decano de la prensa nacional\",\"publisher\":{\"@id\":\"https:\\\/\\\/www.eldiario.net\\\/portal\\\/#organization\"},\"potentialAction\":[{\"@type\":\"SearchAction\",\"target\":{\"@type\":\"EntryPoint\",\"urlTemplate\":\"https:\\\/\\\/www.eldiario.net\\\/portal\\\/?s={search_term_string}\"},\"query-input\":{\"@type\":\"PropertyValueSpecification\",\"valueRequired\":true,\"valueName\":\"search_term_string\"}}],\"inLanguage\":\"es\"},{\"@type\":\"Organization\",\"@id\":\"https:\\\/\\\/www.eldiario.net\\\/portal\\\/#organization\",\"name\":\"El Diario - Decano de la prensa nacional\",\"url\":\"https:\\\/\\\/www.eldiario.net\\\/portal\\\/\",\"logo\":{\"@type\":\"ImageObject\",\"inLanguage\":\"es\",\"@id\":\"https:\\\/\\\/www.eldiario.net\\\/portal\\\/#\\\/schema\\\/logo\\\/image\\\/\",\"url\":\"https:\\\/\\\/www.eldiario.net\\\/portal\\\/wp-content\\\/uploads\\\/2023\\\/07\\\/logo_ED.jpg\",\"contentUrl\":\"https:\\\/\\\/www.eldiario.net\\\/portal\\\/wp-content\\\/uploads\\\/2023\\\/07\\\/logo_ED.jpg\",\"width\":272,\"height\":52,\"caption\":\"El Diario - Decano de la prensa nacional\"},\"image\":{\"@id\":\"https:\\\/\\\/www.eldiario.net\\\/portal\\\/#\\\/schema\\\/logo\\\/image\\\/\"},\"sameAs\":[\"https:\\\/\\\/www.facebook.com\\\/eldiario.bolivia\\\/\",\"https:\\\/\\\/x.com\\\/eldiario_net\"]},{\"@type\":\"Person\",\"@id\":\"https:\\\/\\\/www.eldiario.net\\\/portal\\\/#\\\/schema\\\/person\\\/2c57cf2b7a7ae032e449e4c9b1019eac\",\"name\":\"Jeanette\",\"image\":{\"@type\":\"ImageObject\",\"inLanguage\":\"es\",\"@id\":\"https:\\\/\\\/secure.gravatar.com\\\/avatar\\\/3ea2118a5f7dad2b7138b1187a6b7ee55f160b9968b66013c3a3ef39dd7e5798?s=96&d=mm&r=g\",\"url\":\"https:\\\/\\\/secure.gravatar.com\\\/avatar\\\/3ea2118a5f7dad2b7138b1187a6b7ee55f160b9968b66013c3a3ef39dd7e5798?s=96&d=mm&r=g\",\"contentUrl\":\"https:\\\/\\\/secure.gravatar.com\\\/avatar\\\/3ea2118a5f7dad2b7138b1187a6b7ee55f160b9968b66013c3a3ef39dd7e5798?s=96&d=mm&r=g\",\"caption\":\"Jeanette\"},\"sameAs\":[\"https:\\\/\\\/www.eldiario.net\\\/portal\"],\"url\":\"https:\\\/\\\/www.eldiario.net\\\/portal\\\/author\\\/jeanette\\\/\"}]}<\/script>\n<!-- \/ Yoast SEO plugin. -->","yoast_head_json":{"title":"\u201cNo s\u00e9 qu\u00e9 va a ser de ella. Es ni\u00f1a\u201d - El Diario - Bolivia","robots":{"index":"index","follow":"follow","max-snippet":"max-snippet:-1","max-image-preview":"max-image-preview:large","max-video-preview":"max-video-preview:-1"},"canonical":"https:\/\/www.eldiario.net\/portal\/2026\/01\/28\/no-se-que-va-a-ser-de-ella-es-nina\/","og_locale":"es_ES","og_type":"article","og_title":"\u201cNo s\u00e9 qu\u00e9 va a ser de ella. Es ni\u00f1a\u201d - El Diario - Bolivia","og_description":"Hermina vive en la Rep\u00fablica Centroafricana (RCA), Murjanatu en el norte de Nigeria y Sabera. Lleva a\u00f1os en un campo de refugiados para rohingyas en Bangladesh. Las dificultades a las que se han enfrentado por el simple hecho de estar embarazadas las acerca mucho. \u201cCamin\u00e9 desde las cinco hasta las nueve de la ma\u00f1ana. Tuve [&hellip;]","og_url":"https:\/\/www.eldiario.net\/portal\/2026\/01\/28\/no-se-que-va-a-ser-de-ella-es-nina\/","og_site_name":"El Diario - Bolivia","article_publisher":"https:\/\/www.facebook.com\/eldiario.bolivia\/","article_published_time":"2026-01-28T10:06:02+00:00","og_image":[{"width":800,"height":533,"url":"https:\/\/www.eldiario.net\/portal\/wp-content\/uploads\/2026\/01\/NOTA-4-FOTO-1-1.webp","type":"image\/webp"}],"author":"Jeanette","twitter_card":"summary_large_image","twitter_creator":"@eldiario_net","twitter_site":"@eldiario_net","twitter_misc":{"Escrito por":"Jeanette","Tiempo de lectura":"7 minutos"},"schema":{"@context":"https:\/\/schema.org","@graph":[{"@type":"Article","@id":"https:\/\/www.eldiario.net\/portal\/2026\/01\/28\/no-se-que-va-a-ser-de-ella-es-nina\/#article","isPartOf":{"@id":"https:\/\/www.eldiario.net\/portal\/2026\/01\/28\/no-se-que-va-a-ser-de-ella-es-nina\/"},"author":{"name":"Jeanette","@id":"https:\/\/www.eldiario.net\/portal\/#\/schema\/person\/2c57cf2b7a7ae032e449e4c9b1019eac"},"headline":"\u201cNo s\u00e9 qu\u00e9 va a ser de ella. Es ni\u00f1a\u201d","datePublished":"2026-01-28T10:06:02+00:00","mainEntityOfPage":{"@id":"https:\/\/www.eldiario.net\/portal\/2026\/01\/28\/no-se-que-va-a-ser-de-ella-es-nina\/"},"wordCount":1522,"publisher":{"@id":"https:\/\/www.eldiario.net\/portal\/#organization"},"image":{"@id":"https:\/\/www.eldiario.net\/portal\/2026\/01\/28\/no-se-que-va-a-ser-de-ella-es-nina\/#primaryimage"},"thumbnailUrl":"https:\/\/www.eldiario.net\/portal\/wp-content\/uploads\/2026\/01\/NOTA-4-FOTO-1-1.webp","articleSection":["Femenina"],"inLanguage":"es"},{"@type":"WebPage","@id":"https:\/\/www.eldiario.net\/portal\/2026\/01\/28\/no-se-que-va-a-ser-de-ella-es-nina\/","url":"https:\/\/www.eldiario.net\/portal\/2026\/01\/28\/no-se-que-va-a-ser-de-ella-es-nina\/","name":"\u201cNo s\u00e9 qu\u00e9 va a ser de ella. Es ni\u00f1a\u201d - El Diario - Bolivia","isPartOf":{"@id":"https:\/\/www.eldiario.net\/portal\/#website"},"primaryImageOfPage":{"@id":"https:\/\/www.eldiario.net\/portal\/2026\/01\/28\/no-se-que-va-a-ser-de-ella-es-nina\/#primaryimage"},"image":{"@id":"https:\/\/www.eldiario.net\/portal\/2026\/01\/28\/no-se-que-va-a-ser-de-ella-es-nina\/#primaryimage"},"thumbnailUrl":"https:\/\/www.eldiario.net\/portal\/wp-content\/uploads\/2026\/01\/NOTA-4-FOTO-1-1.webp","datePublished":"2026-01-28T10:06:02+00:00","breadcrumb":{"@id":"https:\/\/www.eldiario.net\/portal\/2026\/01\/28\/no-se-que-va-a-ser-de-ella-es-nina\/#breadcrumb"},"inLanguage":"es","potentialAction":[{"@type":"ReadAction","target":["https:\/\/www.eldiario.net\/portal\/2026\/01\/28\/no-se-que-va-a-ser-de-ella-es-nina\/"]}]},{"@type":"ImageObject","inLanguage":"es","@id":"https:\/\/www.eldiario.net\/portal\/2026\/01\/28\/no-se-que-va-a-ser-de-ella-es-nina\/#primaryimage","url":"https:\/\/www.eldiario.net\/portal\/wp-content\/uploads\/2026\/01\/NOTA-4-FOTO-1-1.webp","contentUrl":"https:\/\/www.eldiario.net\/portal\/wp-content\/uploads\/2026\/01\/NOTA-4-FOTO-1-1.webp","width":800,"height":533,"caption":"REP. CENTROAFRICANA. HERMINIA NANDOLE CAMIN\u00d3 DE 5 AM A 9 AM PARA LLEGAR AL HOSPITAL DESPU\u00c9S DE UN DOLOR INTENSO DE ESPALDA, VIAJANDO SOLA DESDE SU ALDEA HASTA EL CENTRO DE SALUD. HERMINIA SUE\u00d1A CON QUE SU HIJA SE CONVIERTA EN DOCTORA ALG\u00daN D\u00cdA. COPYRIGHT: ARLETTE BASHIZI."},{"@type":"BreadcrumbList","@id":"https:\/\/www.eldiario.net\/portal\/2026\/01\/28\/no-se-que-va-a-ser-de-ella-es-nina\/#breadcrumb","itemListElement":[{"@type":"ListItem","position":1,"name":"Portada","item":"https:\/\/www.eldiario.net\/portal\/"},{"@type":"ListItem","position":2,"name":"\u201cNo s\u00e9 qu\u00e9 va a ser de ella. Es ni\u00f1a\u201d"}]},{"@type":"WebSite","@id":"https:\/\/www.eldiario.net\/portal\/#website","url":"https:\/\/www.eldiario.net\/portal\/","name":"El Diario - Decano de la prensa nacional","description":"El Diario - Decano de la prensa nacional","publisher":{"@id":"https:\/\/www.eldiario.net\/portal\/#organization"},"potentialAction":[{"@type":"SearchAction","target":{"@type":"EntryPoint","urlTemplate":"https:\/\/www.eldiario.net\/portal\/?s={search_term_string}"},"query-input":{"@type":"PropertyValueSpecification","valueRequired":true,"valueName":"search_term_string"}}],"inLanguage":"es"},{"@type":"Organization","@id":"https:\/\/www.eldiario.net\/portal\/#organization","name":"El Diario - Decano de la prensa nacional","url":"https:\/\/www.eldiario.net\/portal\/","logo":{"@type":"ImageObject","inLanguage":"es","@id":"https:\/\/www.eldiario.net\/portal\/#\/schema\/logo\/image\/","url":"https:\/\/www.eldiario.net\/portal\/wp-content\/uploads\/2023\/07\/logo_ED.jpg","contentUrl":"https:\/\/www.eldiario.net\/portal\/wp-content\/uploads\/2023\/07\/logo_ED.jpg","width":272,"height":52,"caption":"El Diario - Decano de la prensa nacional"},"image":{"@id":"https:\/\/www.eldiario.net\/portal\/#\/schema\/logo\/image\/"},"sameAs":["https:\/\/www.facebook.com\/eldiario.bolivia\/","https:\/\/x.com\/eldiario_net"]},{"@type":"Person","@id":"https:\/\/www.eldiario.net\/portal\/#\/schema\/person\/2c57cf2b7a7ae032e449e4c9b1019eac","name":"Jeanette","image":{"@type":"ImageObject","inLanguage":"es","@id":"https:\/\/secure.gravatar.com\/avatar\/3ea2118a5f7dad2b7138b1187a6b7ee55f160b9968b66013c3a3ef39dd7e5798?s=96&d=mm&r=g","url":"https:\/\/secure.gravatar.com\/avatar\/3ea2118a5f7dad2b7138b1187a6b7ee55f160b9968b66013c3a3ef39dd7e5798?s=96&d=mm&r=g","contentUrl":"https:\/\/secure.gravatar.com\/avatar\/3ea2118a5f7dad2b7138b1187a6b7ee55f160b9968b66013c3a3ef39dd7e5798?s=96&d=mm&r=g","caption":"Jeanette"},"sameAs":["https:\/\/www.eldiario.net\/portal"],"url":"https:\/\/www.eldiario.net\/portal\/author\/jeanette\/"}]}},"_links":{"self":[{"href":"https:\/\/www.eldiario.net\/portal\/wp-json\/wp\/v2\/posts\/363742","targetHints":{"allow":["GET"]}}],"collection":[{"href":"https:\/\/www.eldiario.net\/portal\/wp-json\/wp\/v2\/posts"}],"about":[{"href":"https:\/\/www.eldiario.net\/portal\/wp-json\/wp\/v2\/types\/post"}],"author":[{"embeddable":true,"href":"https:\/\/www.eldiario.net\/portal\/wp-json\/wp\/v2\/users\/1"}],"replies":[{"embeddable":true,"href":"https:\/\/www.eldiario.net\/portal\/wp-json\/wp\/v2\/comments?post=363742"}],"version-history":[{"count":1,"href":"https:\/\/www.eldiario.net\/portal\/wp-json\/wp\/v2\/posts\/363742\/revisions"}],"predecessor-version":[{"id":363747,"href":"https:\/\/www.eldiario.net\/portal\/wp-json\/wp\/v2\/posts\/363742\/revisions\/363747"}],"wp:featuredmedia":[{"embeddable":true,"href":"https:\/\/www.eldiario.net\/portal\/wp-json\/wp\/v2\/media\/363745"}],"wp:attachment":[{"href":"https:\/\/www.eldiario.net\/portal\/wp-json\/wp\/v2\/media?parent=363742"}],"wp:term":[{"taxonomy":"category","embeddable":true,"href":"https:\/\/www.eldiario.net\/portal\/wp-json\/wp\/v2\/categories?post=363742"},{"taxonomy":"post_tag","embeddable":true,"href":"https:\/\/www.eldiario.net\/portal\/wp-json\/wp\/v2\/tags?post=363742"}],"curies":[{"name":"wp","href":"https:\/\/api.w.org\/{rel}","templated":true}]}}