{"id":36342,"date":"2021-10-14T01:33:10","date_gmt":"2021-10-14T05:33:10","guid":{"rendered":"https:\/\/www.eldiario.net\/portal\/?p=36342"},"modified":"2021-10-14T01:33:10","modified_gmt":"2021-10-14T05:33:10","slug":"ordenan-aprehension-del-exdirector-de-la-felcc","status":"publish","type":"post","link":"https:\/\/www.eldiario.net\/portal\/2021\/10\/14\/ordenan-aprehension-del-exdirector-de-la-felcc\/","title":{"rendered":"Ordenan aprehensi\u00f3n del  exdirector de la Felcc"},"content":{"rendered":"<p>El Ministerio P\u00fablico nuevamente declar\u00f3 en rebeld\u00eda y emiti\u00f3 la orden de aprehensi\u00f3n en contra del exdirector nacional de la Fuerza Especial de Lucha Contra el Crimen (Felcc), Iv\u00e1n Rojas, esta vez imputado por presuntamente manipular investigaciones, inform\u00f3 ayer el fiscal Johan Mu\u00f1oz.<\/p>\n<p>\u201cEl juez primero de anticorrupci\u00f3n ha declarado la rebeld\u00eda de (Iv\u00e1n Rojas), emitiendo la orden de aprehensi\u00f3n correspondiente (\u2026) Habr\u00eda influenciado en cinco casos esenciales que ha producido en el momento que \u00e9l fung\u00eda como m\u00e1xima autoridad de la Felcc\u201d, precis\u00f3 Mu\u00f1oz.<\/p>\n<p>La autoridad del Ministerio P\u00fablico apunt\u00f3 que Rojas presuntamente influenci\u00f3 \u201cnegativamente\u201d a fiscales y funcionarios policiales en casos denominados PAT y ATB.<\/p>\n<p>Manifest\u00f3 que el exjefe policial emiti\u00f3 \u00f3rdenes de aprehensi\u00f3n, cambi\u00f3 investigadores y realiz\u00f3 allanamientos sin \u00f3rdenes,\u00a0por lo que fue imputado por los delitos de incumplimiento de deberes y uso indebido de influencias.<\/p>\n<p>\u201cEste se\u00f1or Iv\u00e1n Rojas (\u2026) se dedicaba a realizar los actos de manera independiente, el mismo realizaba informes a fiscales, \u00e9l mismo realizaba arrestos llev\u00e1ndolos a la Felcc, \u00e9l solo realizaba otros actos inherentes al Ministerio P\u00fablico\u201d, dijo.<\/p>\n<p>&nbsp;<\/p>\n<p><strong>OTROS PROCESOS <\/strong><\/p>\n<p>El exjefe policial que fue dado de baja en dos oportunidades por la instituci\u00f3n del orden tiene al menos otras cuatro \u00f3rdenes de aprehensi\u00f3n por procesos que van desde presuntamente liderar el \u201cmot\u00edn policial\u201d de 2019 y\u00a0montar el caso de condecoraciones falsas para perjudicar a sus camaradas.<\/p>\n<p>Seg\u00fan\u00a0reportes de la Polic\u00eda, el exjefe policial se encuentra en Chile y tramita su asilo pol\u00edtico.<\/p>\n","protected":false},"excerpt":{"rendered":"<p>El Ministerio P\u00fablico nuevamente declar\u00f3 en rebeld\u00eda y emiti\u00f3 la orden de aprehensi\u00f3n en contra del exdirector nacional de la Fuerza Especial de Lucha Contra el Crimen (Felcc), Iv\u00e1n Rojas, esta vez imputado por presuntamente manipular investigaciones, inform\u00f3 ayer el fiscal Johan Mu\u00f1oz. \u201cEl juez primero de anticorrupci\u00f3n ha declarado la rebeld\u00eda de (Iv\u00e1n Rojas), [&hellip;]<\/p>\n","protected":false},"author":1,"featured_media":36343,"comment_status":"closed","ping_status":"closed","sticky":false,"template":"","format":"standard","meta":{"_acf_changed":false,"footnotes":""},"categories":[39],"tags":[],"class_list":["post-36342","post","type-post","status-publish","format-standard","has-post-thumbnail","category-sociedad"],"acf":{"antetitulo":""},"yoast_head":"<!-- This site is optimized with the Yoast SEO plugin v28.4 - https:\/\/yoast.com\/product\/yoast-seo-wordpress\/ -->\n<title>Ordenan aprehensi\u00f3n del exdirector de la Felcc - El Diario - Bolivia<\/title>\n<meta name=\"robots\" content=\"index, follow, max-snippet:-1, max-image-preview:large, max-video-preview:-1\" \/>\n<link rel=\"canonical\" href=\"https:\/\/www.eldiario.net\/portal\/2021\/10\/14\/ordenan-aprehension-del-exdirector-de-la-felcc\/\" \/>\n<meta property=\"og:locale\" content=\"es_ES\" \/>\n<meta property=\"og:type\" content=\"article\" \/>\n<meta property=\"og:title\" content=\"Ordenan aprehensi\u00f3n del exdirector de la Felcc - El Diario - Bolivia\" \/>\n<meta property=\"og:description\" content=\"El Ministerio P\u00fablico nuevamente declar\u00f3 en rebeld\u00eda y emiti\u00f3 la orden de aprehensi\u00f3n en contra del exdirector nacional de la Fuerza Especial de Lucha Contra el Crimen (Felcc), Iv\u00e1n Rojas, esta vez imputado por presuntamente manipular investigaciones, inform\u00f3 ayer el fiscal Johan Mu\u00f1oz. \u201cEl juez primero de anticorrupci\u00f3n ha declarado la rebeld\u00eda de (Iv\u00e1n Rojas), [&hellip;]\" \/>\n<meta property=\"og:url\" content=\"https:\/\/www.eldiario.net\/portal\/2021\/10\/14\/ordenan-aprehension-del-exdirector-de-la-felcc\/\" \/>\n<meta property=\"og:site_name\" content=\"El Diario - Bolivia\" \/>\n<meta property=\"article:publisher\" content=\"https:\/\/www.facebook.com\/eldiario.bolivia\/\" \/>\n<meta property=\"article:published_time\" content=\"2021-10-14T05:33:10+00:00\" \/>\n<meta property=\"og:image\" content=\"https:\/\/www.eldiario.net\/portal\/wp-content\/uploads\/2021\/10\/ROJAS-FOTO.jpg\" \/>\n\t<meta property=\"og:image:width\" content=\"300\" \/>\n\t<meta property=\"og:image:height\" content=\"168\" \/>\n\t<meta property=\"og:image:type\" content=\"image\/jpeg\" \/>\n<meta name=\"author\" content=\"Jeanette\" \/>\n<meta name=\"twitter:card\" content=\"summary_large_image\" \/>\n<meta name=\"twitter:creator\" content=\"@eldiario_net\" \/>\n<meta name=\"twitter:site\" content=\"@eldiario_net\" \/>\n<meta name=\"twitter:label1\" content=\"Escrito por\" \/>\n\t<meta name=\"twitter:data1\" content=\"Jeanette\" \/>\n\t<meta name=\"twitter:label2\" content=\"Tiempo de lectura\" \/>\n\t<meta name=\"twitter:data2\" content=\"2 minutos\" \/>\n<script type=\"application\/ld+json\" class=\"yoast-schema-graph\">{\"@context\":\"https:\\\/\\\/schema.org\",\"@graph\":[{\"@type\":\"Article\",\"@id\":\"https:\\\/\\\/www.eldiario.net\\\/portal\\\/2021\\\/10\\\/14\\\/ordenan-aprehension-del-exdirector-de-la-felcc\\\/#article\",\"isPartOf\":{\"@id\":\"https:\\\/\\\/www.eldiario.net\\\/portal\\\/2021\\\/10\\\/14\\\/ordenan-aprehension-del-exdirector-de-la-felcc\\\/\"},\"author\":{\"name\":\"Jeanette\",\"@id\":\"https:\\\/\\\/www.eldiario.net\\\/portal\\\/#\\\/schema\\\/person\\\/2c57cf2b7a7ae032e449e4c9b1019eac\"},\"headline\":\"Ordenan aprehensi\u00f3n del exdirector de la Felcc\",\"datePublished\":\"2021-10-14T05:33:10+00:00\",\"mainEntityOfPage\":{\"@id\":\"https:\\\/\\\/www.eldiario.net\\\/portal\\\/2021\\\/10\\\/14\\\/ordenan-aprehension-del-exdirector-de-la-felcc\\\/\"},\"wordCount\":276,\"publisher\":{\"@id\":\"https:\\\/\\\/www.eldiario.net\\\/portal\\\/#organization\"},\"image\":{\"@id\":\"https:\\\/\\\/www.eldiario.net\\\/portal\\\/2021\\\/10\\\/14\\\/ordenan-aprehension-del-exdirector-de-la-felcc\\\/#primaryimage\"},\"thumbnailUrl\":\"https:\\\/\\\/www.eldiario.net\\\/portal\\\/wp-content\\\/uploads\\\/2021\\\/10\\\/ROJAS-FOTO.jpg\",\"articleSection\":[\"Sociedad - Seguridad\"],\"inLanguage\":\"es\"},{\"@type\":\"WebPage\",\"@id\":\"https:\\\/\\\/www.eldiario.net\\\/portal\\\/2021\\\/10\\\/14\\\/ordenan-aprehension-del-exdirector-de-la-felcc\\\/\",\"url\":\"https:\\\/\\\/www.eldiario.net\\\/portal\\\/2021\\\/10\\\/14\\\/ordenan-aprehension-del-exdirector-de-la-felcc\\\/\",\"name\":\"Ordenan aprehensi\u00f3n del exdirector de la Felcc - El Diario - Bolivia\",\"isPartOf\":{\"@id\":\"https:\\\/\\\/www.eldiario.net\\\/portal\\\/#website\"},\"primaryImageOfPage\":{\"@id\":\"https:\\\/\\\/www.eldiario.net\\\/portal\\\/2021\\\/10\\\/14\\\/ordenan-aprehension-del-exdirector-de-la-felcc\\\/#primaryimage\"},\"image\":{\"@id\":\"https:\\\/\\\/www.eldiario.net\\\/portal\\\/2021\\\/10\\\/14\\\/ordenan-aprehension-del-exdirector-de-la-felcc\\\/#primaryimage\"},\"thumbnailUrl\":\"https:\\\/\\\/www.eldiario.net\\\/portal\\\/wp-content\\\/uploads\\\/2021\\\/10\\\/ROJAS-FOTO.jpg\",\"datePublished\":\"2021-10-14T05:33:10+00:00\",\"breadcrumb\":{\"@id\":\"https:\\\/\\\/www.eldiario.net\\\/portal\\\/2021\\\/10\\\/14\\\/ordenan-aprehension-del-exdirector-de-la-felcc\\\/#breadcrumb\"},\"inLanguage\":\"es\",\"potentialAction\":[{\"@type\":\"ReadAction\",\"target\":[\"https:\\\/\\\/www.eldiario.net\\\/portal\\\/2021\\\/10\\\/14\\\/ordenan-aprehension-del-exdirector-de-la-felcc\\\/\"]}]},{\"@type\":\"ImageObject\",\"inLanguage\":\"es\",\"@id\":\"https:\\\/\\\/www.eldiario.net\\\/portal\\\/2021\\\/10\\\/14\\\/ordenan-aprehension-del-exdirector-de-la-felcc\\\/#primaryimage\",\"url\":\"https:\\\/\\\/www.eldiario.net\\\/portal\\\/wp-content\\\/uploads\\\/2021\\\/10\\\/ROJAS-FOTO.jpg\",\"contentUrl\":\"https:\\\/\\\/www.eldiario.net\\\/portal\\\/wp-content\\\/uploads\\\/2021\\\/10\\\/ROJAS-FOTO.jpg\",\"width\":300,\"height\":168,\"caption\":\"IV\u00c1N ROJAS, EXDIRECTOR NACIONAL DE LA FELCC FOTO: RRSS\"},{\"@type\":\"BreadcrumbList\",\"@id\":\"https:\\\/\\\/www.eldiario.net\\\/portal\\\/2021\\\/10\\\/14\\\/ordenan-aprehension-del-exdirector-de-la-felcc\\\/#breadcrumb\",\"itemListElement\":[{\"@type\":\"ListItem\",\"position\":1,\"name\":\"Portada\",\"item\":\"https:\\\/\\\/www.eldiario.net\\\/portal\\\/\"},{\"@type\":\"ListItem\",\"position\":2,\"name\":\"Ordenan aprehensi\u00f3n del exdirector de la Felcc\"}]},{\"@type\":\"WebSite\",\"@id\":\"https:\\\/\\\/www.eldiario.net\\\/portal\\\/#website\",\"url\":\"https:\\\/\\\/www.eldiario.net\\\/portal\\\/\",\"name\":\"El Diario - Decano de la prensa nacional\",\"description\":\"El Diario - Decano de la prensa nacional\",\"publisher\":{\"@id\":\"https:\\\/\\\/www.eldiario.net\\\/portal\\\/#organization\"},\"potentialAction\":[{\"@type\":\"SearchAction\",\"target\":{\"@type\":\"EntryPoint\",\"urlTemplate\":\"https:\\\/\\\/www.eldiario.net\\\/portal\\\/?s={search_term_string}\"},\"query-input\":{\"@type\":\"PropertyValueSpecification\",\"valueRequired\":true,\"valueName\":\"search_term_string\"}}],\"inLanguage\":\"es\"},{\"@type\":\"Organization\",\"@id\":\"https:\\\/\\\/www.eldiario.net\\\/portal\\\/#organization\",\"name\":\"El Diario - Decano de la prensa nacional\",\"url\":\"https:\\\/\\\/www.eldiario.net\\\/portal\\\/\",\"logo\":{\"@type\":\"ImageObject\",\"inLanguage\":\"es\",\"@id\":\"https:\\\/\\\/www.eldiario.net\\\/portal\\\/#\\\/schema\\\/logo\\\/image\\\/\",\"url\":\"https:\\\/\\\/www.eldiario.net\\\/portal\\\/wp-content\\\/uploads\\\/2023\\\/07\\\/logo_ED.jpg\",\"contentUrl\":\"https:\\\/\\\/www.eldiario.net\\\/portal\\\/wp-content\\\/uploads\\\/2023\\\/07\\\/logo_ED.jpg\",\"width\":272,\"height\":52,\"caption\":\"El Diario - Decano de la prensa nacional\"},\"image\":{\"@id\":\"https:\\\/\\\/www.eldiario.net\\\/portal\\\/#\\\/schema\\\/logo\\\/image\\\/\"},\"sameAs\":[\"https:\\\/\\\/www.facebook.com\\\/eldiario.bolivia\\\/\",\"https:\\\/\\\/x.com\\\/eldiario_net\"]},{\"@type\":\"Person\",\"@id\":\"https:\\\/\\\/www.eldiario.net\\\/portal\\\/#\\\/schema\\\/person\\\/2c57cf2b7a7ae032e449e4c9b1019eac\",\"name\":\"Jeanette\",\"image\":{\"@type\":\"ImageObject\",\"inLanguage\":\"es\",\"@id\":\"https:\\\/\\\/secure.gravatar.com\\\/avatar\\\/3ea2118a5f7dad2b7138b1187a6b7ee55f160b9968b66013c3a3ef39dd7e5798?s=96&d=mm&r=g\",\"url\":\"https:\\\/\\\/secure.gravatar.com\\\/avatar\\\/3ea2118a5f7dad2b7138b1187a6b7ee55f160b9968b66013c3a3ef39dd7e5798?s=96&d=mm&r=g\",\"contentUrl\":\"https:\\\/\\\/secure.gravatar.com\\\/avatar\\\/3ea2118a5f7dad2b7138b1187a6b7ee55f160b9968b66013c3a3ef39dd7e5798?s=96&d=mm&r=g\",\"caption\":\"Jeanette\"},\"sameAs\":[\"https:\\\/\\\/www.eldiario.net\\\/portal\"],\"url\":\"https:\\\/\\\/www.eldiario.net\\\/portal\\\/author\\\/jeanette\\\/\"}]}<\/script>\n<!-- \/ Yoast SEO plugin. -->","yoast_head_json":{"title":"Ordenan aprehensi\u00f3n del exdirector de la Felcc - El Diario - Bolivia","robots":{"index":"index","follow":"follow","max-snippet":"max-snippet:-1","max-image-preview":"max-image-preview:large","max-video-preview":"max-video-preview:-1"},"canonical":"https:\/\/www.eldiario.net\/portal\/2021\/10\/14\/ordenan-aprehension-del-exdirector-de-la-felcc\/","og_locale":"es_ES","og_type":"article","og_title":"Ordenan aprehensi\u00f3n del exdirector de la Felcc - El Diario - Bolivia","og_description":"El Ministerio P\u00fablico nuevamente declar\u00f3 en rebeld\u00eda y emiti\u00f3 la orden de aprehensi\u00f3n en contra del exdirector nacional de la Fuerza Especial de Lucha Contra el Crimen (Felcc), Iv\u00e1n Rojas, esta vez imputado por presuntamente manipular investigaciones, inform\u00f3 ayer el fiscal Johan Mu\u00f1oz. \u201cEl juez primero de anticorrupci\u00f3n ha declarado la rebeld\u00eda de (Iv\u00e1n Rojas), [&hellip;]","og_url":"https:\/\/www.eldiario.net\/portal\/2021\/10\/14\/ordenan-aprehension-del-exdirector-de-la-felcc\/","og_site_name":"El Diario - Bolivia","article_publisher":"https:\/\/www.facebook.com\/eldiario.bolivia\/","article_published_time":"2021-10-14T05:33:10+00:00","og_image":[{"width":300,"height":168,"url":"https:\/\/www.eldiario.net\/portal\/wp-content\/uploads\/2021\/10\/ROJAS-FOTO.jpg","type":"image\/jpeg"}],"author":"Jeanette","twitter_card":"summary_large_image","twitter_creator":"@eldiario_net","twitter_site":"@eldiario_net","twitter_misc":{"Escrito por":"Jeanette","Tiempo de lectura":"2 minutos"},"schema":{"@context":"https:\/\/schema.org","@graph":[{"@type":"Article","@id":"https:\/\/www.eldiario.net\/portal\/2021\/10\/14\/ordenan-aprehension-del-exdirector-de-la-felcc\/#article","isPartOf":{"@id":"https:\/\/www.eldiario.net\/portal\/2021\/10\/14\/ordenan-aprehension-del-exdirector-de-la-felcc\/"},"author":{"name":"Jeanette","@id":"https:\/\/www.eldiario.net\/portal\/#\/schema\/person\/2c57cf2b7a7ae032e449e4c9b1019eac"},"headline":"Ordenan aprehensi\u00f3n del exdirector de la Felcc","datePublished":"2021-10-14T05:33:10+00:00","mainEntityOfPage":{"@id":"https:\/\/www.eldiario.net\/portal\/2021\/10\/14\/ordenan-aprehension-del-exdirector-de-la-felcc\/"},"wordCount":276,"publisher":{"@id":"https:\/\/www.eldiario.net\/portal\/#organization"},"image":{"@id":"https:\/\/www.eldiario.net\/portal\/2021\/10\/14\/ordenan-aprehension-del-exdirector-de-la-felcc\/#primaryimage"},"thumbnailUrl":"https:\/\/www.eldiario.net\/portal\/wp-content\/uploads\/2021\/10\/ROJAS-FOTO.jpg","articleSection":["Sociedad - Seguridad"],"inLanguage":"es"},{"@type":"WebPage","@id":"https:\/\/www.eldiario.net\/portal\/2021\/10\/14\/ordenan-aprehension-del-exdirector-de-la-felcc\/","url":"https:\/\/www.eldiario.net\/portal\/2021\/10\/14\/ordenan-aprehension-del-exdirector-de-la-felcc\/","name":"Ordenan aprehensi\u00f3n del exdirector de la Felcc - El Diario - Bolivia","isPartOf":{"@id":"https:\/\/www.eldiario.net\/portal\/#website"},"primaryImageOfPage":{"@id":"https:\/\/www.eldiario.net\/portal\/2021\/10\/14\/ordenan-aprehension-del-exdirector-de-la-felcc\/#primaryimage"},"image":{"@id":"https:\/\/www.eldiario.net\/portal\/2021\/10\/14\/ordenan-aprehension-del-exdirector-de-la-felcc\/#primaryimage"},"thumbnailUrl":"https:\/\/www.eldiario.net\/portal\/wp-content\/uploads\/2021\/10\/ROJAS-FOTO.jpg","datePublished":"2021-10-14T05:33:10+00:00","breadcrumb":{"@id":"https:\/\/www.eldiario.net\/portal\/2021\/10\/14\/ordenan-aprehension-del-exdirector-de-la-felcc\/#breadcrumb"},"inLanguage":"es","potentialAction":[{"@type":"ReadAction","target":["https:\/\/www.eldiario.net\/portal\/2021\/10\/14\/ordenan-aprehension-del-exdirector-de-la-felcc\/"]}]},{"@type":"ImageObject","inLanguage":"es","@id":"https:\/\/www.eldiario.net\/portal\/2021\/10\/14\/ordenan-aprehension-del-exdirector-de-la-felcc\/#primaryimage","url":"https:\/\/www.eldiario.net\/portal\/wp-content\/uploads\/2021\/10\/ROJAS-FOTO.jpg","contentUrl":"https:\/\/www.eldiario.net\/portal\/wp-content\/uploads\/2021\/10\/ROJAS-FOTO.jpg","width":300,"height":168,"caption":"IV\u00c1N ROJAS, EXDIRECTOR NACIONAL DE LA FELCC FOTO: RRSS"},{"@type":"BreadcrumbList","@id":"https:\/\/www.eldiario.net\/portal\/2021\/10\/14\/ordenan-aprehension-del-exdirector-de-la-felcc\/#breadcrumb","itemListElement":[{"@type":"ListItem","position":1,"name":"Portada","item":"https:\/\/www.eldiario.net\/portal\/"},{"@type":"ListItem","position":2,"name":"Ordenan aprehensi\u00f3n del exdirector de la Felcc"}]},{"@type":"WebSite","@id":"https:\/\/www.eldiario.net\/portal\/#website","url":"https:\/\/www.eldiario.net\/portal\/","name":"El Diario - Decano de la prensa nacional","description":"El Diario - Decano de la prensa nacional","publisher":{"@id":"https:\/\/www.eldiario.net\/portal\/#organization"},"potentialAction":[{"@type":"SearchAction","target":{"@type":"EntryPoint","urlTemplate":"https:\/\/www.eldiario.net\/portal\/?s={search_term_string}"},"query-input":{"@type":"PropertyValueSpecification","valueRequired":true,"valueName":"search_term_string"}}],"inLanguage":"es"},{"@type":"Organization","@id":"https:\/\/www.eldiario.net\/portal\/#organization","name":"El Diario - Decano de la prensa nacional","url":"https:\/\/www.eldiario.net\/portal\/","logo":{"@type":"ImageObject","inLanguage":"es","@id":"https:\/\/www.eldiario.net\/portal\/#\/schema\/logo\/image\/","url":"https:\/\/www.eldiario.net\/portal\/wp-content\/uploads\/2023\/07\/logo_ED.jpg","contentUrl":"https:\/\/www.eldiario.net\/portal\/wp-content\/uploads\/2023\/07\/logo_ED.jpg","width":272,"height":52,"caption":"El Diario - Decano de la prensa nacional"},"image":{"@id":"https:\/\/www.eldiario.net\/portal\/#\/schema\/logo\/image\/"},"sameAs":["https:\/\/www.facebook.com\/eldiario.bolivia\/","https:\/\/x.com\/eldiario_net"]},{"@type":"Person","@id":"https:\/\/www.eldiario.net\/portal\/#\/schema\/person\/2c57cf2b7a7ae032e449e4c9b1019eac","name":"Jeanette","image":{"@type":"ImageObject","inLanguage":"es","@id":"https:\/\/secure.gravatar.com\/avatar\/3ea2118a5f7dad2b7138b1187a6b7ee55f160b9968b66013c3a3ef39dd7e5798?s=96&d=mm&r=g","url":"https:\/\/secure.gravatar.com\/avatar\/3ea2118a5f7dad2b7138b1187a6b7ee55f160b9968b66013c3a3ef39dd7e5798?s=96&d=mm&r=g","contentUrl":"https:\/\/secure.gravatar.com\/avatar\/3ea2118a5f7dad2b7138b1187a6b7ee55f160b9968b66013c3a3ef39dd7e5798?s=96&d=mm&r=g","caption":"Jeanette"},"sameAs":["https:\/\/www.eldiario.net\/portal"],"url":"https:\/\/www.eldiario.net\/portal\/author\/jeanette\/"}]}},"_links":{"self":[{"href":"https:\/\/www.eldiario.net\/portal\/wp-json\/wp\/v2\/posts\/36342","targetHints":{"allow":["GET"]}}],"collection":[{"href":"https:\/\/www.eldiario.net\/portal\/wp-json\/wp\/v2\/posts"}],"about":[{"href":"https:\/\/www.eldiario.net\/portal\/wp-json\/wp\/v2\/types\/post"}],"author":[{"embeddable":true,"href":"https:\/\/www.eldiario.net\/portal\/wp-json\/wp\/v2\/users\/1"}],"replies":[{"embeddable":true,"href":"https:\/\/www.eldiario.net\/portal\/wp-json\/wp\/v2\/comments?post=36342"}],"version-history":[{"count":0,"href":"https:\/\/www.eldiario.net\/portal\/wp-json\/wp\/v2\/posts\/36342\/revisions"}],"wp:featuredmedia":[{"embeddable":true,"href":"https:\/\/www.eldiario.net\/portal\/wp-json\/wp\/v2\/media\/36343"}],"wp:attachment":[{"href":"https:\/\/www.eldiario.net\/portal\/wp-json\/wp\/v2\/media?parent=36342"}],"wp:term":[{"taxonomy":"category","embeddable":true,"href":"https:\/\/www.eldiario.net\/portal\/wp-json\/wp\/v2\/categories?post=36342"},{"taxonomy":"post_tag","embeddable":true,"href":"https:\/\/www.eldiario.net\/portal\/wp-json\/wp\/v2\/tags?post=36342"}],"curies":[{"name":"wp","href":"https:\/\/api.w.org\/{rel}","templated":true}]}}