{"id":362804,"date":"2026-01-25T07:16:20","date_gmt":"2026-01-25T11:16:20","guid":{"rendered":"https:\/\/www.eldiario.net\/portal\/?p=362804"},"modified":"2026-01-25T07:16:20","modified_gmt":"2026-01-25T11:16:20","slug":"es-necesaria-la-ley-antibloqueos-y-frenar-el-terrorismo-de-la-cob","status":"publish","type":"post","link":"https:\/\/www.eldiario.net\/portal\/2026\/01\/25\/es-necesaria-la-ley-antibloqueos-y-frenar-el-terrorismo-de-la-cob\/","title":{"rendered":"Es necesaria la ley antibloqueos y frenar el terrorismo de la COB"},"content":{"rendered":"<p>Despu\u00e9s de los vand\u00e1licos actos llevados a cabo por la COB, creo que hoy m\u00e1s que nunca es necesaria la promulgaci\u00f3n de una ley antibloqueos. Si bien esta era una idea barajada ya tiempo atr\u00e1s, despu\u00e9s de los \u00faltimos acontecimientos queda claro que es momento de instaurar orden en Bolivia.<br \/>\nLa anarqu\u00eda y el caos no son algo nuevo en Bolivia; desgraciadamente, nuestro pa\u00eds siempre ha estado envuelto en periodos de crisis, ingobernabilidad y violencia. Lo dije en m\u00faltiples ocasiones y lo repito ahora: Bolivia necesita orden y seguridad para poder progresar, adem\u00e1s, que se sancione a todos aquellos que fomenten la violencia y aterroricen a la poblaci\u00f3n.<br \/>\nUn primer avance ser\u00eda aprobar esta ley, que si bien no creo sea la respuesta id\u00f3nea al actual problema estructural de falta de orden, ser\u00eda un buen primer paso para mejorar la situaci\u00f3n del pa\u00eds. Evidentemente, para instaurar orden son necesarios muchos otros factores, pero que la ley pase a ver estos actos como criminales y ya no como \u201creivindicaci\u00f3n\u201d es algo positivo.<br \/>\nBolivia, como dije, siempre ha estado gobernada por el caos y la anarqu\u00eda, y esto pasa simplemente por un Estado que en muy cortos periodos ha podido brindar seguridad y paz a sus ciudadanos. Esto debe terminar y pasa por varias fases que deber\u00e1n ser realizadas en los pr\u00f3ximos a\u00f1os, claro est\u00e1, siempre y cuando queramos vivir en un Estado donde la seguridad y el orden sean comunes y la anarqu\u00eda cosa del pasado.<br \/>\nPrimero se necesita un nuevo modelo de Estado; es imperativo para el progreso de Bolivia terminar con el fallido Estado Plurinacional que solo ha fomentado m\u00e1s el caos y el terror. Un nuevo Estado en donde la seguridad y el orden sean valores fundacionales es necesario; solo as\u00ed se entender\u00e1 que el nuevo Estado nacional lo que busca es dar estabilidad a sus ciudadanos, busca protegerlos y que vivan de manera digna. De igual forma, a partir de un nuevo Estado, una nueva CPE de la que s\u00ed puedan salir leyes id\u00f3neas que implementen sanciones al crimen, el terror y organizaciones que, en vez de alentar el progreso de Bolivia, buscan su destrucci\u00f3n.<br \/>\nHabr\u00e1 que ver si la ley antibloqueos termina siendo aprobada, lo que ser\u00eda bueno, o si m\u00e1s bien se da un paso atr\u00e1s. La reciente pulseta de poder entre la COB y el gobierno ha demostrado que la dictadura sindical a\u00fan tiene poder y que, en su proceso de reorganizaci\u00f3n, est\u00e1 ganando fuerza.<br \/>\nEl Gobierno tuvo una oportunidad de oro para acabar con la dictadura sindical y liberar a los bolivianos de la extorsi\u00f3n, el terror, la violencia y la anarqu\u00eda de una vez por todas. Si bien hay otras organizaciones sociales que fomentan la ingobernabilidad, es la COB, hist\u00f3ricamente, la que siempre ha sido un obst\u00e1culo para el desarrollo, el crecimiento y la democracia.<br \/>\nCreo que la forma de proceder debi\u00f3 haber sido ejemplar, sobre todo porque la gente por fin se dio cuenta de que la COB y otros sindicatos criminales nunca han luchado por Bolivia, sino por imponer una dictadura que se sostiene con base en el terror y el escarmiento.<br \/>\nPor mi parte, creo que era buen momento para aprehender a las cabecillas de los bloqueos y dirigentes que no solo destruyen Bolivia, sino que atemorizan y extorsionan a sus afiliados, oblig\u00e1ndolos a bloquear, sin que estos est\u00e9n, en su gran mayor\u00eda, de acuerdo. De igual forma, hubiera sido bueno implementar sanciones econ\u00f3micas y penas privativas a todas aquellas organizaciones encargadas de propagar el caos, la destrucci\u00f3n y la violencia en el pa\u00eds.<br \/>\nEl boliviano solo quiere trabajar en paz y estas organizaciones simplemente no lo dejan. Finalmente, ser\u00eda bueno implementar una ley tambi\u00e9n para despolitizar a los sindicatos, momento de que estos solo se enfoquen en su rubro y dejen de optar por posturas de extrema izquierda y de violencia. Bolivia tendr\u00e1 paz una vez que la COB sea despolitizada, desestructurada y refundada bajo una l\u00f3gica patriota.<\/p>\n","protected":false},"excerpt":{"rendered":"<p>Despu\u00e9s de los vand\u00e1licos actos llevados a cabo por la COB, creo que hoy m\u00e1s que nunca es necesaria la promulgaci\u00f3n de una ley antibloqueos. Si bien esta era una idea barajada ya tiempo atr\u00e1s, despu\u00e9s de los \u00faltimos acontecimientos queda claro que es momento de instaurar orden en Bolivia. La anarqu\u00eda y el caos [&hellip;]<\/p>\n","protected":false},"author":1,"featured_media":161834,"comment_status":"closed","ping_status":"open","sticky":false,"template":"","format":"standard","meta":{"_acf_changed":false,"footnotes":""},"categories":[9],"tags":[],"class_list":["post-362804","post","type-post","status-publish","format-standard","has-post-thumbnail","category-opinion"],"acf":{"antetitulo":""},"yoast_head":"<!-- This site is optimized with the Yoast SEO plugin v28.4 - https:\/\/yoast.com\/product\/yoast-seo-wordpress\/ -->\n<title>Es necesaria la ley antibloqueos y frenar el terrorismo de la COB - El Diario - Bolivia<\/title>\n<meta name=\"robots\" content=\"index, follow, max-snippet:-1, max-image-preview:large, max-video-preview:-1\" \/>\n<link rel=\"canonical\" href=\"https:\/\/www.eldiario.net\/portal\/2026\/01\/25\/es-necesaria-la-ley-antibloqueos-y-frenar-el-terrorismo-de-la-cob\/\" \/>\n<meta property=\"og:locale\" content=\"es_ES\" \/>\n<meta property=\"og:type\" content=\"article\" \/>\n<meta property=\"og:title\" content=\"Es necesaria la ley antibloqueos y frenar el terrorismo de la COB - El Diario - Bolivia\" \/>\n<meta property=\"og:description\" content=\"Despu\u00e9s de los vand\u00e1licos actos llevados a cabo por la COB, creo que hoy m\u00e1s que nunca es necesaria la promulgaci\u00f3n de una ley antibloqueos. Si bien esta era una idea barajada ya tiempo atr\u00e1s, despu\u00e9s de los \u00faltimos acontecimientos queda claro que es momento de instaurar orden en Bolivia. La anarqu\u00eda y el caos [&hellip;]\" \/>\n<meta property=\"og:url\" content=\"https:\/\/www.eldiario.net\/portal\/2026\/01\/25\/es-necesaria-la-ley-antibloqueos-y-frenar-el-terrorismo-de-la-cob\/\" \/>\n<meta property=\"og:site_name\" content=\"El Diario - Bolivia\" \/>\n<meta property=\"article:publisher\" content=\"https:\/\/www.facebook.com\/eldiario.bolivia\/\" \/>\n<meta property=\"article:published_time\" content=\"2026-01-25T11:16:20+00:00\" \/>\n<meta property=\"og:image\" content=\"https:\/\/www.eldiario.net\/portal\/wp-content\/uploads\/2023\/06\/Fabian-Freire.jpg\" \/>\n\t<meta property=\"og:image:width\" content=\"1200\" \/>\n\t<meta property=\"og:image:height\" content=\"628\" \/>\n\t<meta property=\"og:image:type\" content=\"image\/jpeg\" \/>\n<meta name=\"author\" content=\"Jeanette\" \/>\n<meta name=\"twitter:card\" content=\"summary_large_image\" \/>\n<meta name=\"twitter:creator\" content=\"@eldiario_net\" \/>\n<meta name=\"twitter:site\" content=\"@eldiario_net\" \/>\n<meta name=\"twitter:label1\" content=\"Escrito por\" \/>\n\t<meta name=\"twitter:data1\" content=\"Jeanette\" \/>\n\t<meta name=\"twitter:label2\" content=\"Tiempo de lectura\" \/>\n\t<meta name=\"twitter:data2\" content=\"4 minutos\" \/>\n<script type=\"application\/ld+json\" class=\"yoast-schema-graph\">{\"@context\":\"https:\\\/\\\/schema.org\",\"@graph\":[{\"@type\":\"Article\",\"@id\":\"https:\\\/\\\/www.eldiario.net\\\/portal\\\/2026\\\/01\\\/25\\\/es-necesaria-la-ley-antibloqueos-y-frenar-el-terrorismo-de-la-cob\\\/#article\",\"isPartOf\":{\"@id\":\"https:\\\/\\\/www.eldiario.net\\\/portal\\\/2026\\\/01\\\/25\\\/es-necesaria-la-ley-antibloqueos-y-frenar-el-terrorismo-de-la-cob\\\/\"},\"author\":{\"name\":\"Jeanette\",\"@id\":\"https:\\\/\\\/www.eldiario.net\\\/portal\\\/#\\\/schema\\\/person\\\/2c57cf2b7a7ae032e449e4c9b1019eac\"},\"headline\":\"Es necesaria la ley antibloqueos y frenar el terrorismo de la COB\",\"datePublished\":\"2026-01-25T11:16:20+00:00\",\"mainEntityOfPage\":{\"@id\":\"https:\\\/\\\/www.eldiario.net\\\/portal\\\/2026\\\/01\\\/25\\\/es-necesaria-la-ley-antibloqueos-y-frenar-el-terrorismo-de-la-cob\\\/\"},\"wordCount\":715,\"publisher\":{\"@id\":\"https:\\\/\\\/www.eldiario.net\\\/portal\\\/#organization\"},\"image\":{\"@id\":\"https:\\\/\\\/www.eldiario.net\\\/portal\\\/2026\\\/01\\\/25\\\/es-necesaria-la-ley-antibloqueos-y-frenar-el-terrorismo-de-la-cob\\\/#primaryimage\"},\"thumbnailUrl\":\"https:\\\/\\\/www.eldiario.net\\\/portal\\\/wp-content\\\/uploads\\\/2023\\\/06\\\/Fabian-Freire.jpg\",\"articleSection\":[\"Opini\u00f3n\"],\"inLanguage\":\"es\"},{\"@type\":\"WebPage\",\"@id\":\"https:\\\/\\\/www.eldiario.net\\\/portal\\\/2026\\\/01\\\/25\\\/es-necesaria-la-ley-antibloqueos-y-frenar-el-terrorismo-de-la-cob\\\/\",\"url\":\"https:\\\/\\\/www.eldiario.net\\\/portal\\\/2026\\\/01\\\/25\\\/es-necesaria-la-ley-antibloqueos-y-frenar-el-terrorismo-de-la-cob\\\/\",\"name\":\"Es necesaria la ley antibloqueos y frenar el terrorismo de la COB - El Diario - Bolivia\",\"isPartOf\":{\"@id\":\"https:\\\/\\\/www.eldiario.net\\\/portal\\\/#website\"},\"primaryImageOfPage\":{\"@id\":\"https:\\\/\\\/www.eldiario.net\\\/portal\\\/2026\\\/01\\\/25\\\/es-necesaria-la-ley-antibloqueos-y-frenar-el-terrorismo-de-la-cob\\\/#primaryimage\"},\"image\":{\"@id\":\"https:\\\/\\\/www.eldiario.net\\\/portal\\\/2026\\\/01\\\/25\\\/es-necesaria-la-ley-antibloqueos-y-frenar-el-terrorismo-de-la-cob\\\/#primaryimage\"},\"thumbnailUrl\":\"https:\\\/\\\/www.eldiario.net\\\/portal\\\/wp-content\\\/uploads\\\/2023\\\/06\\\/Fabian-Freire.jpg\",\"datePublished\":\"2026-01-25T11:16:20+00:00\",\"breadcrumb\":{\"@id\":\"https:\\\/\\\/www.eldiario.net\\\/portal\\\/2026\\\/01\\\/25\\\/es-necesaria-la-ley-antibloqueos-y-frenar-el-terrorismo-de-la-cob\\\/#breadcrumb\"},\"inLanguage\":\"es\",\"potentialAction\":[{\"@type\":\"ReadAction\",\"target\":[\"https:\\\/\\\/www.eldiario.net\\\/portal\\\/2026\\\/01\\\/25\\\/es-necesaria-la-ley-antibloqueos-y-frenar-el-terrorismo-de-la-cob\\\/\"]}]},{\"@type\":\"ImageObject\",\"inLanguage\":\"es\",\"@id\":\"https:\\\/\\\/www.eldiario.net\\\/portal\\\/2026\\\/01\\\/25\\\/es-necesaria-la-ley-antibloqueos-y-frenar-el-terrorismo-de-la-cob\\\/#primaryimage\",\"url\":\"https:\\\/\\\/www.eldiario.net\\\/portal\\\/wp-content\\\/uploads\\\/2023\\\/06\\\/Fabian-Freire.jpg\",\"contentUrl\":\"https:\\\/\\\/www.eldiario.net\\\/portal\\\/wp-content\\\/uploads\\\/2023\\\/06\\\/Fabian-Freire.jpg\",\"width\":1200,\"height\":628,\"caption\":\"Fabian Freire\"},{\"@type\":\"BreadcrumbList\",\"@id\":\"https:\\\/\\\/www.eldiario.net\\\/portal\\\/2026\\\/01\\\/25\\\/es-necesaria-la-ley-antibloqueos-y-frenar-el-terrorismo-de-la-cob\\\/#breadcrumb\",\"itemListElement\":[{\"@type\":\"ListItem\",\"position\":1,\"name\":\"Portada\",\"item\":\"https:\\\/\\\/www.eldiario.net\\\/portal\\\/\"},{\"@type\":\"ListItem\",\"position\":2,\"name\":\"Es necesaria la ley antibloqueos y frenar el terrorismo de la COB\"}]},{\"@type\":\"WebSite\",\"@id\":\"https:\\\/\\\/www.eldiario.net\\\/portal\\\/#website\",\"url\":\"https:\\\/\\\/www.eldiario.net\\\/portal\\\/\",\"name\":\"El Diario - Decano de la prensa nacional\",\"description\":\"El Diario - Decano de la prensa nacional\",\"publisher\":{\"@id\":\"https:\\\/\\\/www.eldiario.net\\\/portal\\\/#organization\"},\"potentialAction\":[{\"@type\":\"SearchAction\",\"target\":{\"@type\":\"EntryPoint\",\"urlTemplate\":\"https:\\\/\\\/www.eldiario.net\\\/portal\\\/?s={search_term_string}\"},\"query-input\":{\"@type\":\"PropertyValueSpecification\",\"valueRequired\":true,\"valueName\":\"search_term_string\"}}],\"inLanguage\":\"es\"},{\"@type\":\"Organization\",\"@id\":\"https:\\\/\\\/www.eldiario.net\\\/portal\\\/#organization\",\"name\":\"El Diario - Decano de la prensa nacional\",\"url\":\"https:\\\/\\\/www.eldiario.net\\\/portal\\\/\",\"logo\":{\"@type\":\"ImageObject\",\"inLanguage\":\"es\",\"@id\":\"https:\\\/\\\/www.eldiario.net\\\/portal\\\/#\\\/schema\\\/logo\\\/image\\\/\",\"url\":\"https:\\\/\\\/www.eldiario.net\\\/portal\\\/wp-content\\\/uploads\\\/2023\\\/07\\\/logo_ED.jpg\",\"contentUrl\":\"https:\\\/\\\/www.eldiario.net\\\/portal\\\/wp-content\\\/uploads\\\/2023\\\/07\\\/logo_ED.jpg\",\"width\":272,\"height\":52,\"caption\":\"El Diario - Decano de la prensa nacional\"},\"image\":{\"@id\":\"https:\\\/\\\/www.eldiario.net\\\/portal\\\/#\\\/schema\\\/logo\\\/image\\\/\"},\"sameAs\":[\"https:\\\/\\\/www.facebook.com\\\/eldiario.bolivia\\\/\",\"https:\\\/\\\/x.com\\\/eldiario_net\"]},{\"@type\":\"Person\",\"@id\":\"https:\\\/\\\/www.eldiario.net\\\/portal\\\/#\\\/schema\\\/person\\\/2c57cf2b7a7ae032e449e4c9b1019eac\",\"name\":\"Jeanette\",\"image\":{\"@type\":\"ImageObject\",\"inLanguage\":\"es\",\"@id\":\"https:\\\/\\\/secure.gravatar.com\\\/avatar\\\/3ea2118a5f7dad2b7138b1187a6b7ee55f160b9968b66013c3a3ef39dd7e5798?s=96&d=mm&r=g\",\"url\":\"https:\\\/\\\/secure.gravatar.com\\\/avatar\\\/3ea2118a5f7dad2b7138b1187a6b7ee55f160b9968b66013c3a3ef39dd7e5798?s=96&d=mm&r=g\",\"contentUrl\":\"https:\\\/\\\/secure.gravatar.com\\\/avatar\\\/3ea2118a5f7dad2b7138b1187a6b7ee55f160b9968b66013c3a3ef39dd7e5798?s=96&d=mm&r=g\",\"caption\":\"Jeanette\"},\"sameAs\":[\"https:\\\/\\\/www.eldiario.net\\\/portal\"],\"url\":\"https:\\\/\\\/www.eldiario.net\\\/portal\\\/author\\\/jeanette\\\/\"}]}<\/script>\n<!-- \/ Yoast SEO plugin. -->","yoast_head_json":{"title":"Es necesaria la ley antibloqueos y frenar el terrorismo de la COB - El Diario - Bolivia","robots":{"index":"index","follow":"follow","max-snippet":"max-snippet:-1","max-image-preview":"max-image-preview:large","max-video-preview":"max-video-preview:-1"},"canonical":"https:\/\/www.eldiario.net\/portal\/2026\/01\/25\/es-necesaria-la-ley-antibloqueos-y-frenar-el-terrorismo-de-la-cob\/","og_locale":"es_ES","og_type":"article","og_title":"Es necesaria la ley antibloqueos y frenar el terrorismo de la COB - El Diario - Bolivia","og_description":"Despu\u00e9s de los vand\u00e1licos actos llevados a cabo por la COB, creo que hoy m\u00e1s que nunca es necesaria la promulgaci\u00f3n de una ley antibloqueos. Si bien esta era una idea barajada ya tiempo atr\u00e1s, despu\u00e9s de los \u00faltimos acontecimientos queda claro que es momento de instaurar orden en Bolivia. La anarqu\u00eda y el caos [&hellip;]","og_url":"https:\/\/www.eldiario.net\/portal\/2026\/01\/25\/es-necesaria-la-ley-antibloqueos-y-frenar-el-terrorismo-de-la-cob\/","og_site_name":"El Diario - Bolivia","article_publisher":"https:\/\/www.facebook.com\/eldiario.bolivia\/","article_published_time":"2026-01-25T11:16:20+00:00","og_image":[{"width":1200,"height":628,"url":"https:\/\/www.eldiario.net\/portal\/wp-content\/uploads\/2023\/06\/Fabian-Freire.jpg","type":"image\/jpeg"}],"author":"Jeanette","twitter_card":"summary_large_image","twitter_creator":"@eldiario_net","twitter_site":"@eldiario_net","twitter_misc":{"Escrito por":"Jeanette","Tiempo de lectura":"4 minutos"},"schema":{"@context":"https:\/\/schema.org","@graph":[{"@type":"Article","@id":"https:\/\/www.eldiario.net\/portal\/2026\/01\/25\/es-necesaria-la-ley-antibloqueos-y-frenar-el-terrorismo-de-la-cob\/#article","isPartOf":{"@id":"https:\/\/www.eldiario.net\/portal\/2026\/01\/25\/es-necesaria-la-ley-antibloqueos-y-frenar-el-terrorismo-de-la-cob\/"},"author":{"name":"Jeanette","@id":"https:\/\/www.eldiario.net\/portal\/#\/schema\/person\/2c57cf2b7a7ae032e449e4c9b1019eac"},"headline":"Es necesaria la ley antibloqueos y frenar el terrorismo de la COB","datePublished":"2026-01-25T11:16:20+00:00","mainEntityOfPage":{"@id":"https:\/\/www.eldiario.net\/portal\/2026\/01\/25\/es-necesaria-la-ley-antibloqueos-y-frenar-el-terrorismo-de-la-cob\/"},"wordCount":715,"publisher":{"@id":"https:\/\/www.eldiario.net\/portal\/#organization"},"image":{"@id":"https:\/\/www.eldiario.net\/portal\/2026\/01\/25\/es-necesaria-la-ley-antibloqueos-y-frenar-el-terrorismo-de-la-cob\/#primaryimage"},"thumbnailUrl":"https:\/\/www.eldiario.net\/portal\/wp-content\/uploads\/2023\/06\/Fabian-Freire.jpg","articleSection":["Opini\u00f3n"],"inLanguage":"es"},{"@type":"WebPage","@id":"https:\/\/www.eldiario.net\/portal\/2026\/01\/25\/es-necesaria-la-ley-antibloqueos-y-frenar-el-terrorismo-de-la-cob\/","url":"https:\/\/www.eldiario.net\/portal\/2026\/01\/25\/es-necesaria-la-ley-antibloqueos-y-frenar-el-terrorismo-de-la-cob\/","name":"Es necesaria la ley antibloqueos y frenar el terrorismo de la COB - El Diario - Bolivia","isPartOf":{"@id":"https:\/\/www.eldiario.net\/portal\/#website"},"primaryImageOfPage":{"@id":"https:\/\/www.eldiario.net\/portal\/2026\/01\/25\/es-necesaria-la-ley-antibloqueos-y-frenar-el-terrorismo-de-la-cob\/#primaryimage"},"image":{"@id":"https:\/\/www.eldiario.net\/portal\/2026\/01\/25\/es-necesaria-la-ley-antibloqueos-y-frenar-el-terrorismo-de-la-cob\/#primaryimage"},"thumbnailUrl":"https:\/\/www.eldiario.net\/portal\/wp-content\/uploads\/2023\/06\/Fabian-Freire.jpg","datePublished":"2026-01-25T11:16:20+00:00","breadcrumb":{"@id":"https:\/\/www.eldiario.net\/portal\/2026\/01\/25\/es-necesaria-la-ley-antibloqueos-y-frenar-el-terrorismo-de-la-cob\/#breadcrumb"},"inLanguage":"es","potentialAction":[{"@type":"ReadAction","target":["https:\/\/www.eldiario.net\/portal\/2026\/01\/25\/es-necesaria-la-ley-antibloqueos-y-frenar-el-terrorismo-de-la-cob\/"]}]},{"@type":"ImageObject","inLanguage":"es","@id":"https:\/\/www.eldiario.net\/portal\/2026\/01\/25\/es-necesaria-la-ley-antibloqueos-y-frenar-el-terrorismo-de-la-cob\/#primaryimage","url":"https:\/\/www.eldiario.net\/portal\/wp-content\/uploads\/2023\/06\/Fabian-Freire.jpg","contentUrl":"https:\/\/www.eldiario.net\/portal\/wp-content\/uploads\/2023\/06\/Fabian-Freire.jpg","width":1200,"height":628,"caption":"Fabian Freire"},{"@type":"BreadcrumbList","@id":"https:\/\/www.eldiario.net\/portal\/2026\/01\/25\/es-necesaria-la-ley-antibloqueos-y-frenar-el-terrorismo-de-la-cob\/#breadcrumb","itemListElement":[{"@type":"ListItem","position":1,"name":"Portada","item":"https:\/\/www.eldiario.net\/portal\/"},{"@type":"ListItem","position":2,"name":"Es necesaria la ley antibloqueos y frenar el terrorismo de la COB"}]},{"@type":"WebSite","@id":"https:\/\/www.eldiario.net\/portal\/#website","url":"https:\/\/www.eldiario.net\/portal\/","name":"El Diario - Decano de la prensa nacional","description":"El Diario - Decano de la prensa nacional","publisher":{"@id":"https:\/\/www.eldiario.net\/portal\/#organization"},"potentialAction":[{"@type":"SearchAction","target":{"@type":"EntryPoint","urlTemplate":"https:\/\/www.eldiario.net\/portal\/?s={search_term_string}"},"query-input":{"@type":"PropertyValueSpecification","valueRequired":true,"valueName":"search_term_string"}}],"inLanguage":"es"},{"@type":"Organization","@id":"https:\/\/www.eldiario.net\/portal\/#organization","name":"El Diario - Decano de la prensa nacional","url":"https:\/\/www.eldiario.net\/portal\/","logo":{"@type":"ImageObject","inLanguage":"es","@id":"https:\/\/www.eldiario.net\/portal\/#\/schema\/logo\/image\/","url":"https:\/\/www.eldiario.net\/portal\/wp-content\/uploads\/2023\/07\/logo_ED.jpg","contentUrl":"https:\/\/www.eldiario.net\/portal\/wp-content\/uploads\/2023\/07\/logo_ED.jpg","width":272,"height":52,"caption":"El Diario - Decano de la prensa nacional"},"image":{"@id":"https:\/\/www.eldiario.net\/portal\/#\/schema\/logo\/image\/"},"sameAs":["https:\/\/www.facebook.com\/eldiario.bolivia\/","https:\/\/x.com\/eldiario_net"]},{"@type":"Person","@id":"https:\/\/www.eldiario.net\/portal\/#\/schema\/person\/2c57cf2b7a7ae032e449e4c9b1019eac","name":"Jeanette","image":{"@type":"ImageObject","inLanguage":"es","@id":"https:\/\/secure.gravatar.com\/avatar\/3ea2118a5f7dad2b7138b1187a6b7ee55f160b9968b66013c3a3ef39dd7e5798?s=96&d=mm&r=g","url":"https:\/\/secure.gravatar.com\/avatar\/3ea2118a5f7dad2b7138b1187a6b7ee55f160b9968b66013c3a3ef39dd7e5798?s=96&d=mm&r=g","contentUrl":"https:\/\/secure.gravatar.com\/avatar\/3ea2118a5f7dad2b7138b1187a6b7ee55f160b9968b66013c3a3ef39dd7e5798?s=96&d=mm&r=g","caption":"Jeanette"},"sameAs":["https:\/\/www.eldiario.net\/portal"],"url":"https:\/\/www.eldiario.net\/portal\/author\/jeanette\/"}]}},"_links":{"self":[{"href":"https:\/\/www.eldiario.net\/portal\/wp-json\/wp\/v2\/posts\/362804","targetHints":{"allow":["GET"]}}],"collection":[{"href":"https:\/\/www.eldiario.net\/portal\/wp-json\/wp\/v2\/posts"}],"about":[{"href":"https:\/\/www.eldiario.net\/portal\/wp-json\/wp\/v2\/types\/post"}],"author":[{"embeddable":true,"href":"https:\/\/www.eldiario.net\/portal\/wp-json\/wp\/v2\/users\/1"}],"replies":[{"embeddable":true,"href":"https:\/\/www.eldiario.net\/portal\/wp-json\/wp\/v2\/comments?post=362804"}],"version-history":[{"count":1,"href":"https:\/\/www.eldiario.net\/portal\/wp-json\/wp\/v2\/posts\/362804\/revisions"}],"predecessor-version":[{"id":362805,"href":"https:\/\/www.eldiario.net\/portal\/wp-json\/wp\/v2\/posts\/362804\/revisions\/362805"}],"wp:featuredmedia":[{"embeddable":true,"href":"https:\/\/www.eldiario.net\/portal\/wp-json\/wp\/v2\/media\/161834"}],"wp:attachment":[{"href":"https:\/\/www.eldiario.net\/portal\/wp-json\/wp\/v2\/media?parent=362804"}],"wp:term":[{"taxonomy":"category","embeddable":true,"href":"https:\/\/www.eldiario.net\/portal\/wp-json\/wp\/v2\/categories?post=362804"},{"taxonomy":"post_tag","embeddable":true,"href":"https:\/\/www.eldiario.net\/portal\/wp-json\/wp\/v2\/tags?post=362804"}],"curies":[{"name":"wp","href":"https:\/\/api.w.org\/{rel}","templated":true}]}}