{"id":36208,"date":"2021-10-13T05:48:04","date_gmt":"2021-10-13T09:48:04","guid":{"rendered":"https:\/\/www.eldiario.net\/portal\/?p=36208"},"modified":"2021-10-13T05:48:04","modified_gmt":"2021-10-13T09:48:04","slug":"hecho-de-transito-provoca-perdidas-economicas-de-consideracion","status":"publish","type":"post","link":"https:\/\/www.eldiario.net\/portal\/2021\/10\/13\/hecho-de-transito-provoca-perdidas-economicas-de-consideracion\/","title":{"rendered":"Hecho de tr\u00e1nsito provoca p\u00e9rdidas  econ\u00f3micas de consideraci\u00f3n"},"content":{"rendered":"<p>Una colisi\u00f3n m\u00faltiple provocada por un microb\u00fas la ma\u00f1ana de ayer, en la zona de Tacagua de la ciudad de La Paz, dej\u00f3 p\u00e9rdidas econ\u00f3micas cuantiosas porque seis motorizados sufrieron da\u00f1os considerables, inform\u00f3 el director departamental de Tr\u00e1nsito, coronel Ricardo P\u00e9rez, a tiempo de aclarar que el conductor del veh\u00edculo qued\u00f3 aprehendido porque el caso pas\u00f3 al Ministerio P\u00fablico.<br \/>\nDe acuerdo con la versi\u00f3n inicial del conductor, al promediar las 7.30 de la ma\u00f1ana, el microb\u00fas de la l\u00ednea 501 que se desplazaba por la avenida Julio T\u00e9llez de la zona de Tacagua perdi\u00f3 el control sobre el sistema de frenos lo que provoc\u00f3 que impacte con seis veh\u00edculos que estaban en la v\u00eda, algunos estacionados y otros en circulaci\u00f3n.<br \/>\n\u201cCuando se ha desplazado el micro impact\u00f3 en principio con una camioneta, marca Gamma, luego con un minib\u00fas Nissan y luego con un autom\u00f3vil y posteriormente con dos minibuses antes de llegar a su punto de descanso. Todos los veh\u00edculos impactados tienen serios da\u00f1os materiales en sus estructuras\u201d, precis\u00f3 P\u00e9rez en entrevista con Contacto Bolivia.<br \/>\nEl hecho de tr\u00e1nsito dej\u00f3 el saldo de 22 personas heridas las cuales fueron atendidas en diferentes centros de salud.<br \/>\nConsultado si la Inspecci\u00f3n T\u00e9cnica Vehicular que Tr\u00e1nsito realiza anualmente no verifica el estado de estos micros que datan de m\u00e1s de hace 30 a\u00f1os, P\u00e9rez asegur\u00f3 que la misma es \u201csuperficial\u201d y no garantiza que los veh\u00edculos est\u00e9n en condiciones \u00f3ptimas los 365 d\u00edas del a\u00f1o. \u201cEs responsabilidad de todo conductor de veh\u00edculo ya sea particular y m\u00e1s aun de servicio p\u00fablico\u201d, dijo.<br \/>\nAsimismo, la autoridad policial aclar\u00f3 que Tr\u00e1nsito no tiene el respaldo legal para sacar de circulaci\u00f3n a estos motorizados que en algunos casos tienen m\u00e1s de 50 a\u00f1os.<br \/>\n\u201cEste es un problema estructural que no solamente requiere de la atenci\u00f3n de las autoridades de Tr\u00e1nsito sino del nivel central y local del Estado\u201d, dijo.<br \/>\nP\u00e9rez apunt\u00f3 que este tipo de veh\u00edculos que datan desde hace 30 a\u00f1os se convierten en potenciales factores de riesgo, si es que no est\u00e1n debidamente mantenidos.<br \/>\nFinalmente, el efectivo del orden manifest\u00f3 que el conductor fue remitido al Ministerio P\u00fablico por los da\u00f1os personales y materiales.<\/p>\n<p>RESPONSABILIDAD<br \/>\nDEL GAMLP<br \/>\nEl especialista en urbanismo, Ra\u00fal R\u00edos, manifest\u00f3 que de acuerdo con las leyes 482 y 015, el Gobierno Aut\u00f3nomo Municipal de La Paz (Gamlp) es el responsable del control de estos motorizados.<br \/>\n\u201cMicros que tienen una antig\u00fcedad de m\u00e1s de 50 a\u00f1os a\u00fan contin\u00faan circulando por las calles y avenidas de la Paz, pese a la topograf\u00eda accidentada y la Alcald\u00eda no hace nada\u201d, dijo. Seg\u00fan un experto, en la actualidad hay casi 2.000 micros en la ciudad que datan de los a\u00f1os 60, 70 y 80.<br \/>\nAsimismo, el especialista apunt\u00f3 que el Viceministerio de Transporte debe elaborar una normativa para prohibir la circulaci\u00f3n de veh\u00edculos obsoletos y en malas condiciones, en especial de los motorizados que son utilizados para el servicio de transporte p\u00fablico.<br \/>\n\u201cDe acuerdo con la Ley 165 se tiene que generar un sistema nacional que tiene que estar regido por el Ministerio de Obras P\u00fablicas. Y la operaci\u00f3n e implantaci\u00f3n de los centros tienen que estar a cargo de los municipios\u201d, indic\u00f3 R\u00edos.<\/p>\n","protected":false},"excerpt":{"rendered":"<p>Una colisi\u00f3n m\u00faltiple provocada por un microb\u00fas la ma\u00f1ana de ayer, en la zona de Tacagua de la ciudad de La Paz, dej\u00f3 p\u00e9rdidas econ\u00f3micas cuantiosas porque seis motorizados sufrieron da\u00f1os considerables, inform\u00f3 el director departamental de Tr\u00e1nsito, coronel Ricardo P\u00e9rez, a tiempo de aclarar que el conductor del veh\u00edculo qued\u00f3 aprehendido porque el caso [&hellip;]<\/p>\n","protected":false},"author":1,"featured_media":36209,"comment_status":"closed","ping_status":"closed","sticky":false,"template":"","format":"standard","meta":{"_acf_changed":false,"footnotes":""},"categories":[39],"tags":[],"class_list":["post-36208","post","type-post","status-publish","format-standard","has-post-thumbnail","category-sociedad"],"acf":{"antetitulo":""},"yoast_head":"<!-- This site is optimized with the Yoast SEO plugin v28.4 - https:\/\/yoast.com\/product\/yoast-seo-wordpress\/ -->\n<title>Hecho de tr\u00e1nsito provoca p\u00e9rdidas econ\u00f3micas de consideraci\u00f3n - El Diario - Bolivia<\/title>\n<meta name=\"robots\" content=\"index, follow, max-snippet:-1, max-image-preview:large, max-video-preview:-1\" \/>\n<link rel=\"canonical\" href=\"https:\/\/www.eldiario.net\/portal\/2021\/10\/13\/hecho-de-transito-provoca-perdidas-economicas-de-consideracion\/\" \/>\n<meta property=\"og:locale\" content=\"es_ES\" \/>\n<meta property=\"og:type\" content=\"article\" \/>\n<meta property=\"og:title\" content=\"Hecho de tr\u00e1nsito provoca p\u00e9rdidas econ\u00f3micas de consideraci\u00f3n - El Diario - Bolivia\" \/>\n<meta property=\"og:description\" content=\"Una colisi\u00f3n m\u00faltiple provocada por un microb\u00fas la ma\u00f1ana de ayer, en la zona de Tacagua de la ciudad de La Paz, dej\u00f3 p\u00e9rdidas econ\u00f3micas cuantiosas porque seis motorizados sufrieron da\u00f1os considerables, inform\u00f3 el director departamental de Tr\u00e1nsito, coronel Ricardo P\u00e9rez, a tiempo de aclarar que el conductor del veh\u00edculo qued\u00f3 aprehendido porque el caso [&hellip;]\" \/>\n<meta property=\"og:url\" content=\"https:\/\/www.eldiario.net\/portal\/2021\/10\/13\/hecho-de-transito-provoca-perdidas-economicas-de-consideracion\/\" \/>\n<meta property=\"og:site_name\" content=\"El Diario - Bolivia\" \/>\n<meta property=\"article:publisher\" content=\"https:\/\/www.facebook.com\/eldiario.bolivia\/\" \/>\n<meta property=\"article:published_time\" content=\"2021-10-13T09:48:04+00:00\" \/>\n<meta name=\"author\" content=\"Jeanette\" \/>\n<meta name=\"twitter:card\" content=\"summary_large_image\" \/>\n<meta name=\"twitter:creator\" content=\"@eldiario_net\" \/>\n<meta name=\"twitter:site\" content=\"@eldiario_net\" \/>\n<meta name=\"twitter:label1\" content=\"Escrito por\" \/>\n\t<meta name=\"twitter:data1\" content=\"Jeanette\" \/>\n\t<meta name=\"twitter:label2\" content=\"Tiempo de lectura\" \/>\n\t<meta name=\"twitter:data2\" content=\"3 minutos\" \/>\n<script type=\"application\/ld+json\" class=\"yoast-schema-graph\">{\"@context\":\"https:\\\/\\\/schema.org\",\"@graph\":[{\"@type\":\"Article\",\"@id\":\"https:\\\/\\\/www.eldiario.net\\\/portal\\\/2021\\\/10\\\/13\\\/hecho-de-transito-provoca-perdidas-economicas-de-consideracion\\\/#article\",\"isPartOf\":{\"@id\":\"https:\\\/\\\/www.eldiario.net\\\/portal\\\/2021\\\/10\\\/13\\\/hecho-de-transito-provoca-perdidas-economicas-de-consideracion\\\/\"},\"author\":{\"name\":\"Jeanette\",\"@id\":\"https:\\\/\\\/www.eldiario.net\\\/portal\\\/#\\\/schema\\\/person\\\/2c57cf2b7a7ae032e449e4c9b1019eac\"},\"headline\":\"Hecho de tr\u00e1nsito provoca p\u00e9rdidas econ\u00f3micas de consideraci\u00f3n\",\"datePublished\":\"2021-10-13T09:48:04+00:00\",\"mainEntityOfPage\":{\"@id\":\"https:\\\/\\\/www.eldiario.net\\\/portal\\\/2021\\\/10\\\/13\\\/hecho-de-transito-provoca-perdidas-economicas-de-consideracion\\\/\"},\"wordCount\":596,\"publisher\":{\"@id\":\"https:\\\/\\\/www.eldiario.net\\\/portal\\\/#organization\"},\"image\":{\"@id\":\"https:\\\/\\\/www.eldiario.net\\\/portal\\\/2021\\\/10\\\/13\\\/hecho-de-transito-provoca-perdidas-economicas-de-consideracion\\\/#primaryimage\"},\"thumbnailUrl\":\"\",\"articleSection\":[\"Sociedad - Seguridad\"],\"inLanguage\":\"es\"},{\"@type\":\"WebPage\",\"@id\":\"https:\\\/\\\/www.eldiario.net\\\/portal\\\/2021\\\/10\\\/13\\\/hecho-de-transito-provoca-perdidas-economicas-de-consideracion\\\/\",\"url\":\"https:\\\/\\\/www.eldiario.net\\\/portal\\\/2021\\\/10\\\/13\\\/hecho-de-transito-provoca-perdidas-economicas-de-consideracion\\\/\",\"name\":\"Hecho de tr\u00e1nsito provoca p\u00e9rdidas econ\u00f3micas de consideraci\u00f3n - El Diario - Bolivia\",\"isPartOf\":{\"@id\":\"https:\\\/\\\/www.eldiario.net\\\/portal\\\/#website\"},\"primaryImageOfPage\":{\"@id\":\"https:\\\/\\\/www.eldiario.net\\\/portal\\\/2021\\\/10\\\/13\\\/hecho-de-transito-provoca-perdidas-economicas-de-consideracion\\\/#primaryimage\"},\"image\":{\"@id\":\"https:\\\/\\\/www.eldiario.net\\\/portal\\\/2021\\\/10\\\/13\\\/hecho-de-transito-provoca-perdidas-economicas-de-consideracion\\\/#primaryimage\"},\"thumbnailUrl\":\"\",\"datePublished\":\"2021-10-13T09:48:04+00:00\",\"breadcrumb\":{\"@id\":\"https:\\\/\\\/www.eldiario.net\\\/portal\\\/2021\\\/10\\\/13\\\/hecho-de-transito-provoca-perdidas-economicas-de-consideracion\\\/#breadcrumb\"},\"inLanguage\":\"es\",\"potentialAction\":[{\"@type\":\"ReadAction\",\"target\":[\"https:\\\/\\\/www.eldiario.net\\\/portal\\\/2021\\\/10\\\/13\\\/hecho-de-transito-provoca-perdidas-economicas-de-consideracion\\\/\"]}]},{\"@type\":\"ImageObject\",\"inLanguage\":\"es\",\"@id\":\"https:\\\/\\\/www.eldiario.net\\\/portal\\\/2021\\\/10\\\/13\\\/hecho-de-transito-provoca-perdidas-economicas-de-consideracion\\\/#primaryimage\",\"url\":\"\",\"contentUrl\":\"\"},{\"@type\":\"BreadcrumbList\",\"@id\":\"https:\\\/\\\/www.eldiario.net\\\/portal\\\/2021\\\/10\\\/13\\\/hecho-de-transito-provoca-perdidas-economicas-de-consideracion\\\/#breadcrumb\",\"itemListElement\":[{\"@type\":\"ListItem\",\"position\":1,\"name\":\"Portada\",\"item\":\"https:\\\/\\\/www.eldiario.net\\\/portal\\\/\"},{\"@type\":\"ListItem\",\"position\":2,\"name\":\"Hecho de tr\u00e1nsito provoca p\u00e9rdidas econ\u00f3micas de consideraci\u00f3n\"}]},{\"@type\":\"WebSite\",\"@id\":\"https:\\\/\\\/www.eldiario.net\\\/portal\\\/#website\",\"url\":\"https:\\\/\\\/www.eldiario.net\\\/portal\\\/\",\"name\":\"El Diario - Decano de la prensa nacional\",\"description\":\"El Diario - Decano de la prensa nacional\",\"publisher\":{\"@id\":\"https:\\\/\\\/www.eldiario.net\\\/portal\\\/#organization\"},\"potentialAction\":[{\"@type\":\"SearchAction\",\"target\":{\"@type\":\"EntryPoint\",\"urlTemplate\":\"https:\\\/\\\/www.eldiario.net\\\/portal\\\/?s={search_term_string}\"},\"query-input\":{\"@type\":\"PropertyValueSpecification\",\"valueRequired\":true,\"valueName\":\"search_term_string\"}}],\"inLanguage\":\"es\"},{\"@type\":\"Organization\",\"@id\":\"https:\\\/\\\/www.eldiario.net\\\/portal\\\/#organization\",\"name\":\"El Diario - Decano de la prensa nacional\",\"url\":\"https:\\\/\\\/www.eldiario.net\\\/portal\\\/\",\"logo\":{\"@type\":\"ImageObject\",\"inLanguage\":\"es\",\"@id\":\"https:\\\/\\\/www.eldiario.net\\\/portal\\\/#\\\/schema\\\/logo\\\/image\\\/\",\"url\":\"https:\\\/\\\/www.eldiario.net\\\/portal\\\/wp-content\\\/uploads\\\/2023\\\/07\\\/logo_ED.jpg\",\"contentUrl\":\"https:\\\/\\\/www.eldiario.net\\\/portal\\\/wp-content\\\/uploads\\\/2023\\\/07\\\/logo_ED.jpg\",\"width\":272,\"height\":52,\"caption\":\"El Diario - Decano de la prensa nacional\"},\"image\":{\"@id\":\"https:\\\/\\\/www.eldiario.net\\\/portal\\\/#\\\/schema\\\/logo\\\/image\\\/\"},\"sameAs\":[\"https:\\\/\\\/www.facebook.com\\\/eldiario.bolivia\\\/\",\"https:\\\/\\\/x.com\\\/eldiario_net\"]},{\"@type\":\"Person\",\"@id\":\"https:\\\/\\\/www.eldiario.net\\\/portal\\\/#\\\/schema\\\/person\\\/2c57cf2b7a7ae032e449e4c9b1019eac\",\"name\":\"Jeanette\",\"image\":{\"@type\":\"ImageObject\",\"inLanguage\":\"es\",\"@id\":\"https:\\\/\\\/secure.gravatar.com\\\/avatar\\\/3ea2118a5f7dad2b7138b1187a6b7ee55f160b9968b66013c3a3ef39dd7e5798?s=96&d=mm&r=g\",\"url\":\"https:\\\/\\\/secure.gravatar.com\\\/avatar\\\/3ea2118a5f7dad2b7138b1187a6b7ee55f160b9968b66013c3a3ef39dd7e5798?s=96&d=mm&r=g\",\"contentUrl\":\"https:\\\/\\\/secure.gravatar.com\\\/avatar\\\/3ea2118a5f7dad2b7138b1187a6b7ee55f160b9968b66013c3a3ef39dd7e5798?s=96&d=mm&r=g\",\"caption\":\"Jeanette\"},\"sameAs\":[\"https:\\\/\\\/www.eldiario.net\\\/portal\"],\"url\":\"https:\\\/\\\/www.eldiario.net\\\/portal\\\/author\\\/jeanette\\\/\"}]}<\/script>\n<!-- \/ Yoast SEO plugin. -->","yoast_head_json":{"title":"Hecho de tr\u00e1nsito provoca p\u00e9rdidas econ\u00f3micas de consideraci\u00f3n - El Diario - Bolivia","robots":{"index":"index","follow":"follow","max-snippet":"max-snippet:-1","max-image-preview":"max-image-preview:large","max-video-preview":"max-video-preview:-1"},"canonical":"https:\/\/www.eldiario.net\/portal\/2021\/10\/13\/hecho-de-transito-provoca-perdidas-economicas-de-consideracion\/","og_locale":"es_ES","og_type":"article","og_title":"Hecho de tr\u00e1nsito provoca p\u00e9rdidas econ\u00f3micas de consideraci\u00f3n - El Diario - Bolivia","og_description":"Una colisi\u00f3n m\u00faltiple provocada por un microb\u00fas la ma\u00f1ana de ayer, en la zona de Tacagua de la ciudad de La Paz, dej\u00f3 p\u00e9rdidas econ\u00f3micas cuantiosas porque seis motorizados sufrieron da\u00f1os considerables, inform\u00f3 el director departamental de Tr\u00e1nsito, coronel Ricardo P\u00e9rez, a tiempo de aclarar que el conductor del veh\u00edculo qued\u00f3 aprehendido porque el caso [&hellip;]","og_url":"https:\/\/www.eldiario.net\/portal\/2021\/10\/13\/hecho-de-transito-provoca-perdidas-economicas-de-consideracion\/","og_site_name":"El Diario - Bolivia","article_publisher":"https:\/\/www.facebook.com\/eldiario.bolivia\/","article_published_time":"2021-10-13T09:48:04+00:00","author":"Jeanette","twitter_card":"summary_large_image","twitter_creator":"@eldiario_net","twitter_site":"@eldiario_net","twitter_misc":{"Escrito por":"Jeanette","Tiempo de lectura":"3 minutos"},"schema":{"@context":"https:\/\/schema.org","@graph":[{"@type":"Article","@id":"https:\/\/www.eldiario.net\/portal\/2021\/10\/13\/hecho-de-transito-provoca-perdidas-economicas-de-consideracion\/#article","isPartOf":{"@id":"https:\/\/www.eldiario.net\/portal\/2021\/10\/13\/hecho-de-transito-provoca-perdidas-economicas-de-consideracion\/"},"author":{"name":"Jeanette","@id":"https:\/\/www.eldiario.net\/portal\/#\/schema\/person\/2c57cf2b7a7ae032e449e4c9b1019eac"},"headline":"Hecho de tr\u00e1nsito provoca p\u00e9rdidas econ\u00f3micas de consideraci\u00f3n","datePublished":"2021-10-13T09:48:04+00:00","mainEntityOfPage":{"@id":"https:\/\/www.eldiario.net\/portal\/2021\/10\/13\/hecho-de-transito-provoca-perdidas-economicas-de-consideracion\/"},"wordCount":596,"publisher":{"@id":"https:\/\/www.eldiario.net\/portal\/#organization"},"image":{"@id":"https:\/\/www.eldiario.net\/portal\/2021\/10\/13\/hecho-de-transito-provoca-perdidas-economicas-de-consideracion\/#primaryimage"},"thumbnailUrl":"","articleSection":["Sociedad - Seguridad"],"inLanguage":"es"},{"@type":"WebPage","@id":"https:\/\/www.eldiario.net\/portal\/2021\/10\/13\/hecho-de-transito-provoca-perdidas-economicas-de-consideracion\/","url":"https:\/\/www.eldiario.net\/portal\/2021\/10\/13\/hecho-de-transito-provoca-perdidas-economicas-de-consideracion\/","name":"Hecho de tr\u00e1nsito provoca p\u00e9rdidas econ\u00f3micas de consideraci\u00f3n - El Diario - Bolivia","isPartOf":{"@id":"https:\/\/www.eldiario.net\/portal\/#website"},"primaryImageOfPage":{"@id":"https:\/\/www.eldiario.net\/portal\/2021\/10\/13\/hecho-de-transito-provoca-perdidas-economicas-de-consideracion\/#primaryimage"},"image":{"@id":"https:\/\/www.eldiario.net\/portal\/2021\/10\/13\/hecho-de-transito-provoca-perdidas-economicas-de-consideracion\/#primaryimage"},"thumbnailUrl":"","datePublished":"2021-10-13T09:48:04+00:00","breadcrumb":{"@id":"https:\/\/www.eldiario.net\/portal\/2021\/10\/13\/hecho-de-transito-provoca-perdidas-economicas-de-consideracion\/#breadcrumb"},"inLanguage":"es","potentialAction":[{"@type":"ReadAction","target":["https:\/\/www.eldiario.net\/portal\/2021\/10\/13\/hecho-de-transito-provoca-perdidas-economicas-de-consideracion\/"]}]},{"@type":"ImageObject","inLanguage":"es","@id":"https:\/\/www.eldiario.net\/portal\/2021\/10\/13\/hecho-de-transito-provoca-perdidas-economicas-de-consideracion\/#primaryimage","url":"","contentUrl":""},{"@type":"BreadcrumbList","@id":"https:\/\/www.eldiario.net\/portal\/2021\/10\/13\/hecho-de-transito-provoca-perdidas-economicas-de-consideracion\/#breadcrumb","itemListElement":[{"@type":"ListItem","position":1,"name":"Portada","item":"https:\/\/www.eldiario.net\/portal\/"},{"@type":"ListItem","position":2,"name":"Hecho de tr\u00e1nsito provoca p\u00e9rdidas econ\u00f3micas de consideraci\u00f3n"}]},{"@type":"WebSite","@id":"https:\/\/www.eldiario.net\/portal\/#website","url":"https:\/\/www.eldiario.net\/portal\/","name":"El Diario - Decano de la prensa nacional","description":"El Diario - Decano de la prensa nacional","publisher":{"@id":"https:\/\/www.eldiario.net\/portal\/#organization"},"potentialAction":[{"@type":"SearchAction","target":{"@type":"EntryPoint","urlTemplate":"https:\/\/www.eldiario.net\/portal\/?s={search_term_string}"},"query-input":{"@type":"PropertyValueSpecification","valueRequired":true,"valueName":"search_term_string"}}],"inLanguage":"es"},{"@type":"Organization","@id":"https:\/\/www.eldiario.net\/portal\/#organization","name":"El Diario - Decano de la prensa nacional","url":"https:\/\/www.eldiario.net\/portal\/","logo":{"@type":"ImageObject","inLanguage":"es","@id":"https:\/\/www.eldiario.net\/portal\/#\/schema\/logo\/image\/","url":"https:\/\/www.eldiario.net\/portal\/wp-content\/uploads\/2023\/07\/logo_ED.jpg","contentUrl":"https:\/\/www.eldiario.net\/portal\/wp-content\/uploads\/2023\/07\/logo_ED.jpg","width":272,"height":52,"caption":"El Diario - Decano de la prensa nacional"},"image":{"@id":"https:\/\/www.eldiario.net\/portal\/#\/schema\/logo\/image\/"},"sameAs":["https:\/\/www.facebook.com\/eldiario.bolivia\/","https:\/\/x.com\/eldiario_net"]},{"@type":"Person","@id":"https:\/\/www.eldiario.net\/portal\/#\/schema\/person\/2c57cf2b7a7ae032e449e4c9b1019eac","name":"Jeanette","image":{"@type":"ImageObject","inLanguage":"es","@id":"https:\/\/secure.gravatar.com\/avatar\/3ea2118a5f7dad2b7138b1187a6b7ee55f160b9968b66013c3a3ef39dd7e5798?s=96&d=mm&r=g","url":"https:\/\/secure.gravatar.com\/avatar\/3ea2118a5f7dad2b7138b1187a6b7ee55f160b9968b66013c3a3ef39dd7e5798?s=96&d=mm&r=g","contentUrl":"https:\/\/secure.gravatar.com\/avatar\/3ea2118a5f7dad2b7138b1187a6b7ee55f160b9968b66013c3a3ef39dd7e5798?s=96&d=mm&r=g","caption":"Jeanette"},"sameAs":["https:\/\/www.eldiario.net\/portal"],"url":"https:\/\/www.eldiario.net\/portal\/author\/jeanette\/"}]}},"_links":{"self":[{"href":"https:\/\/www.eldiario.net\/portal\/wp-json\/wp\/v2\/posts\/36208","targetHints":{"allow":["GET"]}}],"collection":[{"href":"https:\/\/www.eldiario.net\/portal\/wp-json\/wp\/v2\/posts"}],"about":[{"href":"https:\/\/www.eldiario.net\/portal\/wp-json\/wp\/v2\/types\/post"}],"author":[{"embeddable":true,"href":"https:\/\/www.eldiario.net\/portal\/wp-json\/wp\/v2\/users\/1"}],"replies":[{"embeddable":true,"href":"https:\/\/www.eldiario.net\/portal\/wp-json\/wp\/v2\/comments?post=36208"}],"version-history":[{"count":0,"href":"https:\/\/www.eldiario.net\/portal\/wp-json\/wp\/v2\/posts\/36208\/revisions"}],"wp:attachment":[{"href":"https:\/\/www.eldiario.net\/portal\/wp-json\/wp\/v2\/media?parent=36208"}],"wp:term":[{"taxonomy":"category","embeddable":true,"href":"https:\/\/www.eldiario.net\/portal\/wp-json\/wp\/v2\/categories?post=36208"},{"taxonomy":"post_tag","embeddable":true,"href":"https:\/\/www.eldiario.net\/portal\/wp-json\/wp\/v2\/tags?post=36208"}],"curies":[{"name":"wp","href":"https:\/\/api.w.org\/{rel}","templated":true}]}}