{"id":360662,"date":"2026-01-17T06:21:42","date_gmt":"2026-01-17T10:21:42","guid":{"rendered":"https:\/\/www.eldiario.net\/portal\/?p=360662"},"modified":"2026-01-17T06:21:42","modified_gmt":"2026-01-17T10:21:42","slug":"pretenden-ingresar-maquinaria-para-actividad-minera-ilegal-en-rio-tuichi","status":"publish","type":"post","link":"https:\/\/www.eldiario.net\/portal\/2026\/01\/17\/pretenden-ingresar-maquinaria-para-actividad-minera-ilegal-en-rio-tuichi\/","title":{"rendered":"Pretenden ingresar maquinaria para actividad minera ilegal en r\u00edo Tuichi"},"content":{"rendered":"<p>A pesar de la existencia de medidas cautelares ambientales en beneficio del r\u00edo Tuichi del Parque Nacional y \u00c1rea Natural de Manejo Integrado Madidi, emitido por la Sala Plena del Tribunal Agroambiental, se evidenci\u00f3 esta jornada, seg\u00fan los pobladores de la localidad de Apolo de la provincia Franz Tamayo del departamento de La Paz, que se pretende ingresar maquinaria pesada al \u00e1rea protegida por el puesto de control de Santa Cruz del Valle Ameno para operaciones mineras aur\u00edferas ilegales.<br \/>\nUna retroexcavadora est\u00e1 siendo transportada por un cami\u00f3n de remolque con destino a la comunidad Virgen del Rosario ubicada en la ribera del r\u00edo Tuichi donde operan de forma ilegal, supuestamente, cooperativistas mineros aur\u00edferos chinos.<br \/>\nLa Sala Plena del Tribunal Agroambiental emiti\u00f3 el Auto Ambiental No. SP-TAA 012\/2025 en el que se establece Medidas Cautelares Ambientales por amenaza de conservaci\u00f3n de la biodiversidad, medio ambiente y salud p\u00fablica al r\u00edo Tuichi del Parque Nacional y \u00c1rea Natural de Manejo Integrado Madidi, donde existen 44 operaciones mineras aur\u00edferas ilegales.<br \/>\nEl Servicio Nacional de \u00c1reas Protegidas (Sernap) deber\u00e1 hacer cumplir las medidas cautelares con la prohibici\u00f3n de innovar y prohibici\u00f3n el ingreso de maquinaria pesada al interior del Madidi.<br \/>\nSin embargo, se conoci\u00f3 hasta el cierre de esta edici\u00f3n, que en el puesto de control de Santa Cruz del Valle Ameno se encuentra apostado el cuerpo de protecci\u00f3n s\u00f3lo con tres guardaparques y una funcionaria de monitoreo ambiental, quienes intentar\u00e1n evitar el acto ilegal.<\/p>\n\r\n                <style type=\"text\/css\">\r\n                    \r\n                    #tdi_1  .td-doubleSlider-2 .td-item1 {\r\n                        background: url(https:\/\/www.eldiario.net\/portal\/wp-content\/uploads\/2026\/01\/maquinaria-2-80x60.webp) 0 0 no-repeat;\r\n                    }\r\n                    #tdi_1  .td-doubleSlider-2 .td-item2 {\r\n                        background: url(https:\/\/www.eldiario.net\/portal\/wp-content\/uploads\/2026\/01\/maquinaria-3-80x60.webp) 0 0 no-repeat;\r\n                    }\r\n                    #tdi_1  .td-doubleSlider-2 .td-item3 {\r\n                        background: url(https:\/\/www.eldiario.net\/portal\/wp-content\/uploads\/2026\/01\/maquinaria-1-80x60.webp) 0 0 no-repeat;\r\n                    }\r\n                <\/style>\r\n\r\n                <div id=\"tdi_1\" class=\"td-gallery td-slide-on-2-columns\">\r\n                    <div class=\"post_td_gallery\">\r\n                        <div class=\"td-gallery-slide-top\">\r\n                           <div class=\"td-gallery-title\"><\/div>\r\n\r\n                            <div class=\"td-gallery-controls-wrapper\">\r\n                                <div class=\"td-gallery-slide-count\"><span class=\"td-gallery-slide-item-focus\">1<\/span> de 3<\/div>\r\n                                <div class=\"td-gallery-slide-prev-next-but\">\r\n                                    <i class = \"td-icon-left doubleSliderPrevButton\"><\/i>\r\n                                    <i class = \"td-icon-right doubleSliderNextButton\"><\/i>\r\n                                <\/div>\r\n                            <\/div>\r\n                        <\/div>\r\n\r\n                        <div class = \"td-doubleSlider-1 \">\r\n                            <div class = \"td-slider\">\r\n                                \r\n                    <div class = \"td-slide-item td-item1\">\r\n                        <figure class=\"td-slide-galery-figure td-slide-popup-gallery\">\r\n                            <a class=\"slide-gallery-image-link\" href=\"https:\/\/www.eldiario.net\/portal\/wp-content\/uploads\/2026\/01\/maquinaria-2.webp\" title=\"maquinaria 2\"  data-caption=\"Maquinaria pesada que se traslada al puesto de control de Santa Cruz del Valle Ameno para ingresar al Madidi.\"  data-description=\"\">\r\n                                <img decoding=\"async\" src=\"https:\/\/www.eldiario.net\/portal\/wp-content\/uploads\/2026\/01\/maquinaria-2-624x420.webp\" srcset=\"https:\/\/www.eldiario.net\/portal\/wp-content\/uploads\/2026\/01\/maquinaria-2-624x420.webp 624w, https:\/\/www.eldiario.net\/portal\/wp-content\/uploads\/2026\/01\/maquinaria-2-300x202.webp 300w, https:\/\/www.eldiario.net\/portal\/wp-content\/uploads\/2026\/01\/maquinaria-2-1024x689.webp 1024w, https:\/\/www.eldiario.net\/portal\/wp-content\/uploads\/2026\/01\/maquinaria-2-768x517.webp 768w, https:\/\/www.eldiario.net\/portal\/wp-content\/uploads\/2026\/01\/maquinaria-2-150x101.webp 150w, https:\/\/www.eldiario.net\/portal\/wp-content\/uploads\/2026\/01\/maquinaria-2-696x468.webp 696w, https:\/\/www.eldiario.net\/portal\/wp-content\/uploads\/2026\/01\/maquinaria-2-1068x718.webp 1068w, https:\/\/www.eldiario.net\/portal\/wp-content\/uploads\/2026\/01\/maquinaria-2.webp 1280w\" sizes=\"(max-width: 624px) 100vw, 624px\" alt=\"\">\r\n                            <\/a>\r\n                            <figcaption class = \"td-slide-caption td-gallery-slide-content\"><div class = \"td-gallery-slide-copywrite\">Maquinaria pesada que se traslada al puesto de control de Santa Cruz del Valle Ameno para ingresar al Madidi.<\/div><\/figcaption>\r\n                        <\/figure>\r\n                    <\/div>\r\n                    <div class = \"td-slide-item td-item2\">\r\n                        <figure class=\"td-slide-galery-figure td-slide-popup-gallery\">\r\n                            <a class=\"slide-gallery-image-link\" href=\"https:\/\/www.eldiario.net\/portal\/wp-content\/uploads\/2026\/01\/maquinaria-3.webp\" title=\"maquinaria 3\"  data-caption=\"Maquinaria pesada que se traslada al puesto de control de Santa Cruz del Valle Ameno para ingresar al Madidi.\"  data-description=\"\">\r\n                                <img decoding=\"async\" src=\"https:\/\/www.eldiario.net\/portal\/wp-content\/uploads\/2026\/01\/maquinaria-3-399x420.webp\" srcset=\"https:\/\/www.eldiario.net\/portal\/wp-content\/uploads\/2026\/01\/maquinaria-3-399x420.webp 399w, https:\/\/www.eldiario.net\/portal\/wp-content\/uploads\/2026\/01\/maquinaria-3-285x300.webp 285w, https:\/\/www.eldiario.net\/portal\/wp-content\/uploads\/2026\/01\/maquinaria-3-768x808.webp 768w, https:\/\/www.eldiario.net\/portal\/wp-content\/uploads\/2026\/01\/maquinaria-3-150x158.webp 150w, https:\/\/www.eldiario.net\/portal\/wp-content\/uploads\/2026\/01\/maquinaria-3-300x316.webp 300w, https:\/\/www.eldiario.net\/portal\/wp-content\/uploads\/2026\/01\/maquinaria-3-696x732.webp 696w, https:\/\/www.eldiario.net\/portal\/wp-content\/uploads\/2026\/01\/maquinaria-3.webp 960w\" sizes=\"(max-width: 399px) 100vw, 399px\" alt=\"\">\r\n                            <\/a>\r\n                            <figcaption class = \"td-slide-caption td-gallery-slide-content\"><div class = \"td-gallery-slide-copywrite\">Maquinaria pesada que se traslada al puesto de control de Santa Cruz del Valle Ameno para ingresar al Madidi.<\/div><\/figcaption>\r\n                        <\/figure>\r\n                    <\/div>\r\n                    <div class = \"td-slide-item td-item3\">\r\n                        <figure class=\"td-slide-galery-figure td-slide-popup-gallery\">\r\n                            <a class=\"slide-gallery-image-link\" href=\"https:\/\/www.eldiario.net\/portal\/wp-content\/uploads\/2026\/01\/maquinaria-1.webp\" title=\"maquinaria 1\"  data-caption=\"Maquinaria pesada que se traslada al puesto de control de Santa Cruz del Valle Ameno para ingresar al Madidi.\"  data-description=\"\">\r\n                                <img decoding=\"async\" src=\"https:\/\/www.eldiario.net\/portal\/wp-content\/uploads\/2026\/01\/maquinaria-1-635x420.webp\" srcset=\"https:\/\/www.eldiario.net\/portal\/wp-content\/uploads\/2026\/01\/maquinaria-1-635x420.webp 635w, https:\/\/www.eldiario.net\/portal\/wp-content\/uploads\/2026\/01\/maquinaria-1-300x198.webp 300w, https:\/\/www.eldiario.net\/portal\/wp-content\/uploads\/2026\/01\/maquinaria-1-1024x677.webp 1024w, https:\/\/www.eldiario.net\/portal\/wp-content\/uploads\/2026\/01\/maquinaria-1-768x508.webp 768w, https:\/\/www.eldiario.net\/portal\/wp-content\/uploads\/2026\/01\/maquinaria-1-150x99.webp 150w, https:\/\/www.eldiario.net\/portal\/wp-content\/uploads\/2026\/01\/maquinaria-1-696x460.webp 696w, https:\/\/www.eldiario.net\/portal\/wp-content\/uploads\/2026\/01\/maquinaria-1-1068x706.webp 1068w, https:\/\/www.eldiario.net\/portal\/wp-content\/uploads\/2026\/01\/maquinaria-1.webp 1280w\" sizes=\"(max-width: 635px) 100vw, 635px\" alt=\"\">\r\n                            <\/a>\r\n                            <figcaption class = \"td-slide-caption td-gallery-slide-content\"><div class = \"td-gallery-slide-copywrite\">Maquinaria pesada que se traslada al puesto de control de Santa Cruz del Valle Ameno para ingresar al Madidi.<\/div><\/figcaption>\r\n                        <\/figure>\r\n                    <\/div>\r\n                            <\/div>\r\n                        <\/div>\r\n\r\n                        <div class = \"td-doubleSlider-2\">\r\n                            <div class = \"td-slider\">\r\n                                \r\n                    <div class = \"td-button td-item1\">\r\n                        <div class = \"td-border\"><\/div>\r\n                    <\/div>\r\n                    <div class = \"td-button td-item2\">\r\n                        <div class = \"td-border\"><\/div>\r\n                    <\/div>\r\n                    <div class = \"td-button td-item3\">\r\n                        <div class = \"td-border\"><\/div>\r\n                    <\/div>\r\n                            <\/div>\r\n                        <\/div>\r\n\r\n                    <\/div>\r\n\r\n                <\/div>\r\n                \n","protected":false},"excerpt":{"rendered":"<p>A pesar de la existencia de medidas cautelares ambientales en beneficio del r\u00edo Tuichi del Parque Nacional y \u00c1rea Natural de Manejo Integrado Madidi, emitido por la Sala Plena del Tribunal Agroambiental, se evidenci\u00f3 esta jornada, seg\u00fan los pobladores de la localidad de Apolo de la provincia Franz Tamayo del departamento de La Paz, que [&hellip;]<\/p>\n","protected":false},"author":1,"featured_media":360665,"comment_status":"closed","ping_status":"open","sticky":false,"template":"","format":"standard","meta":{"_acf_changed":false,"footnotes":""},"categories":[15],"tags":[],"class_list":["post-360662","post","type-post","status-publish","format-standard","has-post-thumbnail","category-portada"],"acf":{"antetitulo":"Madidi"},"yoast_head":"<!-- This site is optimized with the Yoast SEO plugin v28.3 - https:\/\/yoast.com\/product\/yoast-seo-wordpress\/ -->\n<title>Pretenden ingresar maquinaria para actividad minera ilegal en r\u00edo Tuichi - El Diario - Bolivia<\/title>\n<meta name=\"robots\" content=\"index, follow, max-snippet:-1, max-image-preview:large, max-video-preview:-1\" \/>\n<link rel=\"canonical\" href=\"https:\/\/www.eldiario.net\/portal\/2026\/01\/17\/pretenden-ingresar-maquinaria-para-actividad-minera-ilegal-en-rio-tuichi\/\" \/>\n<meta property=\"og:locale\" content=\"es_ES\" \/>\n<meta property=\"og:type\" content=\"article\" \/>\n<meta property=\"og:title\" content=\"Pretenden ingresar maquinaria para actividad minera ilegal en r\u00edo Tuichi - El Diario - Bolivia\" \/>\n<meta property=\"og:description\" content=\"A pesar de la existencia de medidas cautelares ambientales en beneficio del r\u00edo Tuichi del Parque Nacional y \u00c1rea Natural de Manejo Integrado Madidi, emitido por la Sala Plena del Tribunal Agroambiental, se evidenci\u00f3 esta jornada, seg\u00fan los pobladores de la localidad de Apolo de la provincia Franz Tamayo del departamento de La Paz, que [&hellip;]\" \/>\n<meta property=\"og:url\" content=\"https:\/\/www.eldiario.net\/portal\/2026\/01\/17\/pretenden-ingresar-maquinaria-para-actividad-minera-ilegal-en-rio-tuichi\/\" \/>\n<meta property=\"og:site_name\" content=\"El Diario - Bolivia\" \/>\n<meta property=\"article:publisher\" content=\"https:\/\/www.facebook.com\/eldiario.bolivia\/\" \/>\n<meta property=\"article:published_time\" content=\"2026-01-17T10:21:42+00:00\" \/>\n<meta property=\"og:image\" content=\"https:\/\/www.eldiario.net\/portal\/wp-content\/uploads\/2026\/01\/maquinaria-1.webp\" \/>\n\t<meta property=\"og:image:width\" content=\"1280\" \/>\n\t<meta property=\"og:image:height\" content=\"846\" \/>\n\t<meta property=\"og:image:type\" content=\"image\/webp\" \/>\n<meta name=\"author\" content=\"Jeanette\" \/>\n<meta name=\"twitter:card\" content=\"summary_large_image\" \/>\n<meta name=\"twitter:creator\" content=\"@eldiario_net\" \/>\n<meta name=\"twitter:site\" content=\"@eldiario_net\" \/>\n<meta name=\"twitter:label1\" content=\"Escrito por\" \/>\n\t<meta name=\"twitter:data1\" content=\"Jeanette\" \/>\n\t<meta name=\"twitter:label2\" content=\"Tiempo de lectura\" \/>\n\t<meta name=\"twitter:data2\" content=\"2 minutos\" \/>\n<script type=\"application\/ld+json\" class=\"yoast-schema-graph\">{\"@context\":\"https:\\\/\\\/schema.org\",\"@graph\":[{\"@type\":\"Article\",\"@id\":\"https:\\\/\\\/www.eldiario.net\\\/portal\\\/2026\\\/01\\\/17\\\/pretenden-ingresar-maquinaria-para-actividad-minera-ilegal-en-rio-tuichi\\\/#article\",\"isPartOf\":{\"@id\":\"https:\\\/\\\/www.eldiario.net\\\/portal\\\/2026\\\/01\\\/17\\\/pretenden-ingresar-maquinaria-para-actividad-minera-ilegal-en-rio-tuichi\\\/\"},\"author\":{\"name\":\"Jeanette\",\"@id\":\"https:\\\/\\\/www.eldiario.net\\\/portal\\\/#\\\/schema\\\/person\\\/f46445640444750d7d753ccd04ae01b7\"},\"headline\":\"Pretenden ingresar maquinaria para actividad minera ilegal en r\u00edo Tuichi\",\"datePublished\":\"2026-01-17T10:21:42+00:00\",\"mainEntityOfPage\":{\"@id\":\"https:\\\/\\\/www.eldiario.net\\\/portal\\\/2026\\\/01\\\/17\\\/pretenden-ingresar-maquinaria-para-actividad-minera-ilegal-en-rio-tuichi\\\/\"},\"wordCount\":275,\"publisher\":{\"@id\":\"https:\\\/\\\/www.eldiario.net\\\/portal\\\/#organization\"},\"image\":{\"@id\":\"https:\\\/\\\/www.eldiario.net\\\/portal\\\/2026\\\/01\\\/17\\\/pretenden-ingresar-maquinaria-para-actividad-minera-ilegal-en-rio-tuichi\\\/#primaryimage\"},\"thumbnailUrl\":\"https:\\\/\\\/www.eldiario.net\\\/portal\\\/wp-content\\\/uploads\\\/2026\\\/01\\\/maquinaria-1.webp\",\"articleSection\":[\"Portada\"],\"inLanguage\":\"es\"},{\"@type\":\"WebPage\",\"@id\":\"https:\\\/\\\/www.eldiario.net\\\/portal\\\/2026\\\/01\\\/17\\\/pretenden-ingresar-maquinaria-para-actividad-minera-ilegal-en-rio-tuichi\\\/\",\"url\":\"https:\\\/\\\/www.eldiario.net\\\/portal\\\/2026\\\/01\\\/17\\\/pretenden-ingresar-maquinaria-para-actividad-minera-ilegal-en-rio-tuichi\\\/\",\"name\":\"Pretenden ingresar maquinaria para actividad minera ilegal en r\u00edo Tuichi - El Diario - Bolivia\",\"isPartOf\":{\"@id\":\"https:\\\/\\\/www.eldiario.net\\\/portal\\\/#website\"},\"primaryImageOfPage\":{\"@id\":\"https:\\\/\\\/www.eldiario.net\\\/portal\\\/2026\\\/01\\\/17\\\/pretenden-ingresar-maquinaria-para-actividad-minera-ilegal-en-rio-tuichi\\\/#primaryimage\"},\"image\":{\"@id\":\"https:\\\/\\\/www.eldiario.net\\\/portal\\\/2026\\\/01\\\/17\\\/pretenden-ingresar-maquinaria-para-actividad-minera-ilegal-en-rio-tuichi\\\/#primaryimage\"},\"thumbnailUrl\":\"https:\\\/\\\/www.eldiario.net\\\/portal\\\/wp-content\\\/uploads\\\/2026\\\/01\\\/maquinaria-1.webp\",\"datePublished\":\"2026-01-17T10:21:42+00:00\",\"breadcrumb\":{\"@id\":\"https:\\\/\\\/www.eldiario.net\\\/portal\\\/2026\\\/01\\\/17\\\/pretenden-ingresar-maquinaria-para-actividad-minera-ilegal-en-rio-tuichi\\\/#breadcrumb\"},\"inLanguage\":\"es\",\"potentialAction\":[{\"@type\":\"ReadAction\",\"target\":[\"https:\\\/\\\/www.eldiario.net\\\/portal\\\/2026\\\/01\\\/17\\\/pretenden-ingresar-maquinaria-para-actividad-minera-ilegal-en-rio-tuichi\\\/\"]}]},{\"@type\":\"ImageObject\",\"inLanguage\":\"es\",\"@id\":\"https:\\\/\\\/www.eldiario.net\\\/portal\\\/2026\\\/01\\\/17\\\/pretenden-ingresar-maquinaria-para-actividad-minera-ilegal-en-rio-tuichi\\\/#primaryimage\",\"url\":\"https:\\\/\\\/www.eldiario.net\\\/portal\\\/wp-content\\\/uploads\\\/2026\\\/01\\\/maquinaria-1.webp\",\"contentUrl\":\"https:\\\/\\\/www.eldiario.net\\\/portal\\\/wp-content\\\/uploads\\\/2026\\\/01\\\/maquinaria-1.webp\",\"width\":1280,\"height\":846,\"caption\":\"Maquinaria pesada que se traslada al puesto de control de Santa Cruz del Valle Ameno para ingresar al Madidi.\"},{\"@type\":\"BreadcrumbList\",\"@id\":\"https:\\\/\\\/www.eldiario.net\\\/portal\\\/2026\\\/01\\\/17\\\/pretenden-ingresar-maquinaria-para-actividad-minera-ilegal-en-rio-tuichi\\\/#breadcrumb\",\"itemListElement\":[{\"@type\":\"ListItem\",\"position\":1,\"name\":\"Portada\",\"item\":\"https:\\\/\\\/www.eldiario.net\\\/portal\\\/\"},{\"@type\":\"ListItem\",\"position\":2,\"name\":\"Pretenden ingresar maquinaria para actividad minera ilegal en r\u00edo Tuichi\"}]},{\"@type\":\"WebSite\",\"@id\":\"https:\\\/\\\/www.eldiario.net\\\/portal\\\/#website\",\"url\":\"https:\\\/\\\/www.eldiario.net\\\/portal\\\/\",\"name\":\"El Diario - Decano de la prensa nacional\",\"description\":\"El Diario - Decano de la prensa nacional\",\"publisher\":{\"@id\":\"https:\\\/\\\/www.eldiario.net\\\/portal\\\/#organization\"},\"potentialAction\":[{\"@type\":\"SearchAction\",\"target\":{\"@type\":\"EntryPoint\",\"urlTemplate\":\"https:\\\/\\\/www.eldiario.net\\\/portal\\\/?s={search_term_string}\"},\"query-input\":{\"@type\":\"PropertyValueSpecification\",\"valueRequired\":true,\"valueName\":\"search_term_string\"}}],\"inLanguage\":\"es\"},{\"@type\":\"Organization\",\"@id\":\"https:\\\/\\\/www.eldiario.net\\\/portal\\\/#organization\",\"name\":\"El Diario - Decano de la prensa nacional\",\"url\":\"https:\\\/\\\/www.eldiario.net\\\/portal\\\/\",\"logo\":{\"@type\":\"ImageObject\",\"inLanguage\":\"es\",\"@id\":\"https:\\\/\\\/www.eldiario.net\\\/portal\\\/#\\\/schema\\\/logo\\\/image\\\/\",\"url\":\"https:\\\/\\\/www.eldiario.net\\\/portal\\\/wp-content\\\/uploads\\\/2023\\\/07\\\/logo_ED.jpg\",\"contentUrl\":\"https:\\\/\\\/www.eldiario.net\\\/portal\\\/wp-content\\\/uploads\\\/2023\\\/07\\\/logo_ED.jpg\",\"width\":272,\"height\":52,\"caption\":\"El Diario - Decano de la prensa nacional\"},\"image\":{\"@id\":\"https:\\\/\\\/www.eldiario.net\\\/portal\\\/#\\\/schema\\\/logo\\\/image\\\/\"},\"sameAs\":[\"https:\\\/\\\/www.facebook.com\\\/eldiario.bolivia\\\/\",\"https:\\\/\\\/x.com\\\/eldiario_net\"]},{\"@type\":\"Person\",\"@id\":\"https:\\\/\\\/www.eldiario.net\\\/portal\\\/#\\\/schema\\\/person\\\/f46445640444750d7d753ccd04ae01b7\",\"name\":\"Jeanette\",\"image\":{\"@type\":\"ImageObject\",\"inLanguage\":\"es\",\"@id\":\"https:\\\/\\\/secure.gravatar.com\\\/avatar\\\/3ea2118a5f7dad2b7138b1187a6b7ee55f160b9968b66013c3a3ef39dd7e5798?s=96&d=mm&r=g\",\"url\":\"https:\\\/\\\/secure.gravatar.com\\\/avatar\\\/3ea2118a5f7dad2b7138b1187a6b7ee55f160b9968b66013c3a3ef39dd7e5798?s=96&d=mm&r=g\",\"contentUrl\":\"https:\\\/\\\/secure.gravatar.com\\\/avatar\\\/3ea2118a5f7dad2b7138b1187a6b7ee55f160b9968b66013c3a3ef39dd7e5798?s=96&d=mm&r=g\",\"caption\":\"Jeanette\"},\"sameAs\":[\"https:\\\/\\\/www.eldiario.net\\\/portal\"],\"url\":\"https:\\\/\\\/www.eldiario.net\\\/portal\\\/author\\\/jeanette\\\/\"}]}<\/script>\n<!-- \/ Yoast SEO plugin. -->","yoast_head_json":{"title":"Pretenden ingresar maquinaria para actividad minera ilegal en r\u00edo Tuichi - El Diario - Bolivia","robots":{"index":"index","follow":"follow","max-snippet":"max-snippet:-1","max-image-preview":"max-image-preview:large","max-video-preview":"max-video-preview:-1"},"canonical":"https:\/\/www.eldiario.net\/portal\/2026\/01\/17\/pretenden-ingresar-maquinaria-para-actividad-minera-ilegal-en-rio-tuichi\/","og_locale":"es_ES","og_type":"article","og_title":"Pretenden ingresar maquinaria para actividad minera ilegal en r\u00edo Tuichi - El Diario - Bolivia","og_description":"A pesar de la existencia de medidas cautelares ambientales en beneficio del r\u00edo Tuichi del Parque Nacional y \u00c1rea Natural de Manejo Integrado Madidi, emitido por la Sala Plena del Tribunal Agroambiental, se evidenci\u00f3 esta jornada, seg\u00fan los pobladores de la localidad de Apolo de la provincia Franz Tamayo del departamento de La Paz, que [&hellip;]","og_url":"https:\/\/www.eldiario.net\/portal\/2026\/01\/17\/pretenden-ingresar-maquinaria-para-actividad-minera-ilegal-en-rio-tuichi\/","og_site_name":"El Diario - Bolivia","article_publisher":"https:\/\/www.facebook.com\/eldiario.bolivia\/","article_published_time":"2026-01-17T10:21:42+00:00","og_image":[{"width":1280,"height":846,"url":"https:\/\/www.eldiario.net\/portal\/wp-content\/uploads\/2026\/01\/maquinaria-1.webp","type":"image\/webp"}],"author":"Jeanette","twitter_card":"summary_large_image","twitter_creator":"@eldiario_net","twitter_site":"@eldiario_net","twitter_misc":{"Escrito por":"Jeanette","Tiempo de lectura":"2 minutos"},"schema":{"@context":"https:\/\/schema.org","@graph":[{"@type":"Article","@id":"https:\/\/www.eldiario.net\/portal\/2026\/01\/17\/pretenden-ingresar-maquinaria-para-actividad-minera-ilegal-en-rio-tuichi\/#article","isPartOf":{"@id":"https:\/\/www.eldiario.net\/portal\/2026\/01\/17\/pretenden-ingresar-maquinaria-para-actividad-minera-ilegal-en-rio-tuichi\/"},"author":{"name":"Jeanette","@id":"https:\/\/www.eldiario.net\/portal\/#\/schema\/person\/f46445640444750d7d753ccd04ae01b7"},"headline":"Pretenden ingresar maquinaria para actividad minera ilegal en r\u00edo Tuichi","datePublished":"2026-01-17T10:21:42+00:00","mainEntityOfPage":{"@id":"https:\/\/www.eldiario.net\/portal\/2026\/01\/17\/pretenden-ingresar-maquinaria-para-actividad-minera-ilegal-en-rio-tuichi\/"},"wordCount":275,"publisher":{"@id":"https:\/\/www.eldiario.net\/portal\/#organization"},"image":{"@id":"https:\/\/www.eldiario.net\/portal\/2026\/01\/17\/pretenden-ingresar-maquinaria-para-actividad-minera-ilegal-en-rio-tuichi\/#primaryimage"},"thumbnailUrl":"https:\/\/www.eldiario.net\/portal\/wp-content\/uploads\/2026\/01\/maquinaria-1.webp","articleSection":["Portada"],"inLanguage":"es"},{"@type":"WebPage","@id":"https:\/\/www.eldiario.net\/portal\/2026\/01\/17\/pretenden-ingresar-maquinaria-para-actividad-minera-ilegal-en-rio-tuichi\/","url":"https:\/\/www.eldiario.net\/portal\/2026\/01\/17\/pretenden-ingresar-maquinaria-para-actividad-minera-ilegal-en-rio-tuichi\/","name":"Pretenden ingresar maquinaria para actividad minera ilegal en r\u00edo Tuichi - El Diario - Bolivia","isPartOf":{"@id":"https:\/\/www.eldiario.net\/portal\/#website"},"primaryImageOfPage":{"@id":"https:\/\/www.eldiario.net\/portal\/2026\/01\/17\/pretenden-ingresar-maquinaria-para-actividad-minera-ilegal-en-rio-tuichi\/#primaryimage"},"image":{"@id":"https:\/\/www.eldiario.net\/portal\/2026\/01\/17\/pretenden-ingresar-maquinaria-para-actividad-minera-ilegal-en-rio-tuichi\/#primaryimage"},"thumbnailUrl":"https:\/\/www.eldiario.net\/portal\/wp-content\/uploads\/2026\/01\/maquinaria-1.webp","datePublished":"2026-01-17T10:21:42+00:00","breadcrumb":{"@id":"https:\/\/www.eldiario.net\/portal\/2026\/01\/17\/pretenden-ingresar-maquinaria-para-actividad-minera-ilegal-en-rio-tuichi\/#breadcrumb"},"inLanguage":"es","potentialAction":[{"@type":"ReadAction","target":["https:\/\/www.eldiario.net\/portal\/2026\/01\/17\/pretenden-ingresar-maquinaria-para-actividad-minera-ilegal-en-rio-tuichi\/"]}]},{"@type":"ImageObject","inLanguage":"es","@id":"https:\/\/www.eldiario.net\/portal\/2026\/01\/17\/pretenden-ingresar-maquinaria-para-actividad-minera-ilegal-en-rio-tuichi\/#primaryimage","url":"https:\/\/www.eldiario.net\/portal\/wp-content\/uploads\/2026\/01\/maquinaria-1.webp","contentUrl":"https:\/\/www.eldiario.net\/portal\/wp-content\/uploads\/2026\/01\/maquinaria-1.webp","width":1280,"height":846,"caption":"Maquinaria pesada que se traslada al puesto de control de Santa Cruz del Valle Ameno para ingresar al Madidi."},{"@type":"BreadcrumbList","@id":"https:\/\/www.eldiario.net\/portal\/2026\/01\/17\/pretenden-ingresar-maquinaria-para-actividad-minera-ilegal-en-rio-tuichi\/#breadcrumb","itemListElement":[{"@type":"ListItem","position":1,"name":"Portada","item":"https:\/\/www.eldiario.net\/portal\/"},{"@type":"ListItem","position":2,"name":"Pretenden ingresar maquinaria para actividad minera ilegal en r\u00edo Tuichi"}]},{"@type":"WebSite","@id":"https:\/\/www.eldiario.net\/portal\/#website","url":"https:\/\/www.eldiario.net\/portal\/","name":"El Diario - Decano de la prensa nacional","description":"El Diario - Decano de la prensa nacional","publisher":{"@id":"https:\/\/www.eldiario.net\/portal\/#organization"},"potentialAction":[{"@type":"SearchAction","target":{"@type":"EntryPoint","urlTemplate":"https:\/\/www.eldiario.net\/portal\/?s={search_term_string}"},"query-input":{"@type":"PropertyValueSpecification","valueRequired":true,"valueName":"search_term_string"}}],"inLanguage":"es"},{"@type":"Organization","@id":"https:\/\/www.eldiario.net\/portal\/#organization","name":"El Diario - Decano de la prensa nacional","url":"https:\/\/www.eldiario.net\/portal\/","logo":{"@type":"ImageObject","inLanguage":"es","@id":"https:\/\/www.eldiario.net\/portal\/#\/schema\/logo\/image\/","url":"https:\/\/www.eldiario.net\/portal\/wp-content\/uploads\/2023\/07\/logo_ED.jpg","contentUrl":"https:\/\/www.eldiario.net\/portal\/wp-content\/uploads\/2023\/07\/logo_ED.jpg","width":272,"height":52,"caption":"El Diario - Decano de la prensa nacional"},"image":{"@id":"https:\/\/www.eldiario.net\/portal\/#\/schema\/logo\/image\/"},"sameAs":["https:\/\/www.facebook.com\/eldiario.bolivia\/","https:\/\/x.com\/eldiario_net"]},{"@type":"Person","@id":"https:\/\/www.eldiario.net\/portal\/#\/schema\/person\/f46445640444750d7d753ccd04ae01b7","name":"Jeanette","image":{"@type":"ImageObject","inLanguage":"es","@id":"https:\/\/secure.gravatar.com\/avatar\/3ea2118a5f7dad2b7138b1187a6b7ee55f160b9968b66013c3a3ef39dd7e5798?s=96&d=mm&r=g","url":"https:\/\/secure.gravatar.com\/avatar\/3ea2118a5f7dad2b7138b1187a6b7ee55f160b9968b66013c3a3ef39dd7e5798?s=96&d=mm&r=g","contentUrl":"https:\/\/secure.gravatar.com\/avatar\/3ea2118a5f7dad2b7138b1187a6b7ee55f160b9968b66013c3a3ef39dd7e5798?s=96&d=mm&r=g","caption":"Jeanette"},"sameAs":["https:\/\/www.eldiario.net\/portal"],"url":"https:\/\/www.eldiario.net\/portal\/author\/jeanette\/"}]}},"_links":{"self":[{"href":"https:\/\/www.eldiario.net\/portal\/wp-json\/wp\/v2\/posts\/360662","targetHints":{"allow":["GET"]}}],"collection":[{"href":"https:\/\/www.eldiario.net\/portal\/wp-json\/wp\/v2\/posts"}],"about":[{"href":"https:\/\/www.eldiario.net\/portal\/wp-json\/wp\/v2\/types\/post"}],"author":[{"embeddable":true,"href":"https:\/\/www.eldiario.net\/portal\/wp-json\/wp\/v2\/users\/1"}],"replies":[{"embeddable":true,"href":"https:\/\/www.eldiario.net\/portal\/wp-json\/wp\/v2\/comments?post=360662"}],"version-history":[{"count":1,"href":"https:\/\/www.eldiario.net\/portal\/wp-json\/wp\/v2\/posts\/360662\/revisions"}],"predecessor-version":[{"id":360666,"href":"https:\/\/www.eldiario.net\/portal\/wp-json\/wp\/v2\/posts\/360662\/revisions\/360666"}],"wp:featuredmedia":[{"embeddable":true,"href":"https:\/\/www.eldiario.net\/portal\/wp-json\/wp\/v2\/media\/360665"}],"wp:attachment":[{"href":"https:\/\/www.eldiario.net\/portal\/wp-json\/wp\/v2\/media?parent=360662"}],"wp:term":[{"taxonomy":"category","embeddable":true,"href":"https:\/\/www.eldiario.net\/portal\/wp-json\/wp\/v2\/categories?post=360662"},{"taxonomy":"post_tag","embeddable":true,"href":"https:\/\/www.eldiario.net\/portal\/wp-json\/wp\/v2\/tags?post=360662"}],"curies":[{"name":"wp","href":"https:\/\/api.w.org\/{rel}","templated":true}]}}