{"id":360558,"date":"2026-01-16T11:40:43","date_gmt":"2026-01-16T15:40:43","guid":{"rendered":"https:\/\/www.eldiario.net\/portal\/?p=360558"},"modified":"2026-01-16T11:41:10","modified_gmt":"2026-01-16T15:41:10","slug":"gripe-k-tres-nuevos-casos-en-santa-cruz-y-nueve-en-total-en-el-pais-1140","status":"publish","type":"post","link":"https:\/\/www.eldiario.net\/portal\/2026\/01\/16\/gripe-k-tres-nuevos-casos-en-santa-cruz-y-nueve-en-total-en-el-pais-1140\/","title":{"rendered":"Gripe K: tres nuevos casos en Santa Cruz y nueve en total en el pa\u00eds (11:40)"},"content":{"rendered":"<p>El Servicio Departamental de Salud de Santa Cruz confirm\u00f3 tres nuevos casos de influenza A H3N2 subclado K, elevando a cuatro el n\u00famero de pacientes con esta variante, conocida como \u00abgripe K\u00bb, en el departamento.<\/p>\n<p>As\u00ed lo inform\u00f3 el jefe de Epidemiolog\u00eda, Carlos Hurtado, quien precis\u00f3 que con este reporte, el n\u00famero de casos confirmados en el territorio nacional asciende a nueve.<\/p>\n<p>Entre los casos se report\u00f3 un ni\u00f1o de siete a\u00f1os, lo que preocupa a las autoridades, ya que la enfermedad estar\u00eda afectando a grupos vulnerables.<\/p>\n<p>Por ello, se pide a la ciudadan\u00eda adoptar medidas de bioseguridad, especialmente para el retorno a clases, ya que se confirma la circulaci\u00f3n del virus en la capital cruce\u00f1a.<\/p>\n<p>El Sedes realiza seguimiento epidemiol\u00f3gico y reitera el llamado a la vacunaci\u00f3n y al uso de medidas preventivas ante s\u00edntomas respiratorios.<\/p>\n","protected":false},"excerpt":{"rendered":"<p>El Servicio Departamental de Salud de Santa Cruz confirm\u00f3 tres nuevos casos de influenza A H3N2 subclado K, elevando a cuatro el n\u00famero de pacientes con esta variante, conocida como \u00abgripe K\u00bb, en el departamento. As\u00ed lo inform\u00f3 el jefe de Epidemiolog\u00eda, Carlos Hurtado, quien precis\u00f3 que con este reporte, el n\u00famero de casos confirmados [&hellip;]<\/p>\n","protected":false},"author":7,"featured_media":360561,"comment_status":"closed","ping_status":"open","sticky":false,"template":"","format":"standard","meta":{"_acf_changed":false,"footnotes":""},"categories":[51],"tags":[],"class_list":["post-360558","post","type-post","status-publish","format-standard","has-post-thumbnail","category-ultima-hora"],"acf":{"antetitulo":""},"yoast_head":"<!-- This site is optimized with the Yoast SEO plugin v28.3 - https:\/\/yoast.com\/product\/yoast-seo-wordpress\/ -->\n<title>Gripe K: tres nuevos casos en Santa Cruz y nueve en total en el pa\u00eds (11:40) - El Diario - Bolivia<\/title>\n<meta name=\"robots\" content=\"index, follow, max-snippet:-1, max-image-preview:large, max-video-preview:-1\" \/>\n<link rel=\"canonical\" href=\"https:\/\/www.eldiario.net\/portal\/2026\/01\/16\/gripe-k-tres-nuevos-casos-en-santa-cruz-y-nueve-en-total-en-el-pais-1140\/\" \/>\n<meta property=\"og:locale\" content=\"es_ES\" \/>\n<meta property=\"og:type\" content=\"article\" \/>\n<meta property=\"og:title\" content=\"Gripe K: tres nuevos casos en Santa Cruz y nueve en total en el pa\u00eds (11:40) - El Diario - Bolivia\" \/>\n<meta property=\"og:description\" content=\"El Servicio Departamental de Salud de Santa Cruz confirm\u00f3 tres nuevos casos de influenza A H3N2 subclado K, elevando a cuatro el n\u00famero de pacientes con esta variante, conocida como \u00abgripe K\u00bb, en el departamento. As\u00ed lo inform\u00f3 el jefe de Epidemiolog\u00eda, Carlos Hurtado, quien precis\u00f3 que con este reporte, el n\u00famero de casos confirmados [&hellip;]\" \/>\n<meta property=\"og:url\" content=\"https:\/\/www.eldiario.net\/portal\/2026\/01\/16\/gripe-k-tres-nuevos-casos-en-santa-cruz-y-nueve-en-total-en-el-pais-1140\/\" \/>\n<meta property=\"og:site_name\" content=\"El Diario - Bolivia\" \/>\n<meta property=\"article:publisher\" content=\"https:\/\/www.facebook.com\/eldiario.bolivia\/\" \/>\n<meta property=\"article:published_time\" content=\"2026-01-16T15:40:43+00:00\" \/>\n<meta property=\"article:modified_time\" content=\"2026-01-16T15:41:10+00:00\" \/>\n<meta property=\"og:image\" content=\"https:\/\/www.eldiario.net\/portal\/wp-content\/uploads\/2026\/01\/carlos-hurtado-1-16.01.26-copia.webp\" \/>\n\t<meta property=\"og:image:width\" content=\"641\" \/>\n\t<meta property=\"og:image:height\" content=\"594\" \/>\n\t<meta property=\"og:image:type\" content=\"image\/webp\" \/>\n<meta name=\"author\" content=\"Viviana Monrroy\" \/>\n<meta name=\"twitter:card\" content=\"summary_large_image\" \/>\n<meta name=\"twitter:creator\" content=\"@eldiario_net\" \/>\n<meta name=\"twitter:site\" content=\"@eldiario_net\" \/>\n<meta name=\"twitter:label1\" content=\"Escrito por\" \/>\n\t<meta name=\"twitter:data1\" content=\"Viviana Monrroy\" \/>\n\t<meta name=\"twitter:label2\" content=\"Tiempo de lectura\" \/>\n\t<meta name=\"twitter:data2\" content=\"1 minuto\" \/>\n<script type=\"application\/ld+json\" class=\"yoast-schema-graph\">{\"@context\":\"https:\\\/\\\/schema.org\",\"@graph\":[{\"@type\":\"Article\",\"@id\":\"https:\\\/\\\/www.eldiario.net\\\/portal\\\/2026\\\/01\\\/16\\\/gripe-k-tres-nuevos-casos-en-santa-cruz-y-nueve-en-total-en-el-pais-1140\\\/#article\",\"isPartOf\":{\"@id\":\"https:\\\/\\\/www.eldiario.net\\\/portal\\\/2026\\\/01\\\/16\\\/gripe-k-tres-nuevos-casos-en-santa-cruz-y-nueve-en-total-en-el-pais-1140\\\/\"},\"author\":{\"name\":\"Viviana Monrroy\",\"@id\":\"https:\\\/\\\/www.eldiario.net\\\/portal\\\/#\\\/schema\\\/person\\\/ba370d92d160f4d3574381f6d9b78fab\"},\"headline\":\"Gripe K: tres nuevos casos en Santa Cruz y nueve en total en el pa\u00eds (11:40)\",\"datePublished\":\"2026-01-16T15:40:43+00:00\",\"dateModified\":\"2026-01-16T15:41:10+00:00\",\"mainEntityOfPage\":{\"@id\":\"https:\\\/\\\/www.eldiario.net\\\/portal\\\/2026\\\/01\\\/16\\\/gripe-k-tres-nuevos-casos-en-santa-cruz-y-nueve-en-total-en-el-pais-1140\\\/\"},\"wordCount\":166,\"publisher\":{\"@id\":\"https:\\\/\\\/www.eldiario.net\\\/portal\\\/#organization\"},\"image\":{\"@id\":\"https:\\\/\\\/www.eldiario.net\\\/portal\\\/2026\\\/01\\\/16\\\/gripe-k-tres-nuevos-casos-en-santa-cruz-y-nueve-en-total-en-el-pais-1140\\\/#primaryimage\"},\"thumbnailUrl\":\"https:\\\/\\\/www.eldiario.net\\\/portal\\\/wp-content\\\/uploads\\\/2026\\\/01\\\/carlos-hurtado-1-16.01.26-copia.webp\",\"articleSection\":[\"\u00daltima Hora\"],\"inLanguage\":\"es\"},{\"@type\":\"WebPage\",\"@id\":\"https:\\\/\\\/www.eldiario.net\\\/portal\\\/2026\\\/01\\\/16\\\/gripe-k-tres-nuevos-casos-en-santa-cruz-y-nueve-en-total-en-el-pais-1140\\\/\",\"url\":\"https:\\\/\\\/www.eldiario.net\\\/portal\\\/2026\\\/01\\\/16\\\/gripe-k-tres-nuevos-casos-en-santa-cruz-y-nueve-en-total-en-el-pais-1140\\\/\",\"name\":\"Gripe K: tres nuevos casos en Santa Cruz y nueve en total en el pa\u00eds (11:40) - El Diario - Bolivia\",\"isPartOf\":{\"@id\":\"https:\\\/\\\/www.eldiario.net\\\/portal\\\/#website\"},\"primaryImageOfPage\":{\"@id\":\"https:\\\/\\\/www.eldiario.net\\\/portal\\\/2026\\\/01\\\/16\\\/gripe-k-tres-nuevos-casos-en-santa-cruz-y-nueve-en-total-en-el-pais-1140\\\/#primaryimage\"},\"image\":{\"@id\":\"https:\\\/\\\/www.eldiario.net\\\/portal\\\/2026\\\/01\\\/16\\\/gripe-k-tres-nuevos-casos-en-santa-cruz-y-nueve-en-total-en-el-pais-1140\\\/#primaryimage\"},\"thumbnailUrl\":\"https:\\\/\\\/www.eldiario.net\\\/portal\\\/wp-content\\\/uploads\\\/2026\\\/01\\\/carlos-hurtado-1-16.01.26-copia.webp\",\"datePublished\":\"2026-01-16T15:40:43+00:00\",\"dateModified\":\"2026-01-16T15:41:10+00:00\",\"breadcrumb\":{\"@id\":\"https:\\\/\\\/www.eldiario.net\\\/portal\\\/2026\\\/01\\\/16\\\/gripe-k-tres-nuevos-casos-en-santa-cruz-y-nueve-en-total-en-el-pais-1140\\\/#breadcrumb\"},\"inLanguage\":\"es\",\"potentialAction\":[{\"@type\":\"ReadAction\",\"target\":[\"https:\\\/\\\/www.eldiario.net\\\/portal\\\/2026\\\/01\\\/16\\\/gripe-k-tres-nuevos-casos-en-santa-cruz-y-nueve-en-total-en-el-pais-1140\\\/\"]}]},{\"@type\":\"ImageObject\",\"inLanguage\":\"es\",\"@id\":\"https:\\\/\\\/www.eldiario.net\\\/portal\\\/2026\\\/01\\\/16\\\/gripe-k-tres-nuevos-casos-en-santa-cruz-y-nueve-en-total-en-el-pais-1140\\\/#primaryimage\",\"url\":\"https:\\\/\\\/www.eldiario.net\\\/portal\\\/wp-content\\\/uploads\\\/2026\\\/01\\\/carlos-hurtado-1-16.01.26-copia.webp\",\"contentUrl\":\"https:\\\/\\\/www.eldiario.net\\\/portal\\\/wp-content\\\/uploads\\\/2026\\\/01\\\/carlos-hurtado-1-16.01.26-copia.webp\",\"width\":641,\"height\":594,\"caption\":\"Foto: Carlos Hurtado, el jefe de Epidemiolog\u00eda Santa Cruz.\"},{\"@type\":\"BreadcrumbList\",\"@id\":\"https:\\\/\\\/www.eldiario.net\\\/portal\\\/2026\\\/01\\\/16\\\/gripe-k-tres-nuevos-casos-en-santa-cruz-y-nueve-en-total-en-el-pais-1140\\\/#breadcrumb\",\"itemListElement\":[{\"@type\":\"ListItem\",\"position\":1,\"name\":\"Portada\",\"item\":\"https:\\\/\\\/www.eldiario.net\\\/portal\\\/\"},{\"@type\":\"ListItem\",\"position\":2,\"name\":\"Gripe K: tres nuevos casos en Santa Cruz y nueve en total en el pa\u00eds (11:40)\"}]},{\"@type\":\"WebSite\",\"@id\":\"https:\\\/\\\/www.eldiario.net\\\/portal\\\/#website\",\"url\":\"https:\\\/\\\/www.eldiario.net\\\/portal\\\/\",\"name\":\"El Diario - Decano de la prensa nacional\",\"description\":\"El Diario - Decano de la prensa nacional\",\"publisher\":{\"@id\":\"https:\\\/\\\/www.eldiario.net\\\/portal\\\/#organization\"},\"potentialAction\":[{\"@type\":\"SearchAction\",\"target\":{\"@type\":\"EntryPoint\",\"urlTemplate\":\"https:\\\/\\\/www.eldiario.net\\\/portal\\\/?s={search_term_string}\"},\"query-input\":{\"@type\":\"PropertyValueSpecification\",\"valueRequired\":true,\"valueName\":\"search_term_string\"}}],\"inLanguage\":\"es\"},{\"@type\":\"Organization\",\"@id\":\"https:\\\/\\\/www.eldiario.net\\\/portal\\\/#organization\",\"name\":\"El Diario - Decano de la prensa nacional\",\"url\":\"https:\\\/\\\/www.eldiario.net\\\/portal\\\/\",\"logo\":{\"@type\":\"ImageObject\",\"inLanguage\":\"es\",\"@id\":\"https:\\\/\\\/www.eldiario.net\\\/portal\\\/#\\\/schema\\\/logo\\\/image\\\/\",\"url\":\"https:\\\/\\\/www.eldiario.net\\\/portal\\\/wp-content\\\/uploads\\\/2023\\\/07\\\/logo_ED.jpg\",\"contentUrl\":\"https:\\\/\\\/www.eldiario.net\\\/portal\\\/wp-content\\\/uploads\\\/2023\\\/07\\\/logo_ED.jpg\",\"width\":272,\"height\":52,\"caption\":\"El Diario - Decano de la prensa nacional\"},\"image\":{\"@id\":\"https:\\\/\\\/www.eldiario.net\\\/portal\\\/#\\\/schema\\\/logo\\\/image\\\/\"},\"sameAs\":[\"https:\\\/\\\/www.facebook.com\\\/eldiario.bolivia\\\/\",\"https:\\\/\\\/x.com\\\/eldiario_net\"]},{\"@type\":\"Person\",\"@id\":\"https:\\\/\\\/www.eldiario.net\\\/portal\\\/#\\\/schema\\\/person\\\/ba370d92d160f4d3574381f6d9b78fab\",\"name\":\"Viviana Monrroy\",\"image\":{\"@type\":\"ImageObject\",\"inLanguage\":\"es\",\"@id\":\"https:\\\/\\\/secure.gravatar.com\\\/avatar\\\/dfd1611ed5600959a0e5a9754503b6c05d1dcf190010998e0363aee2ad98afca?s=96&d=mm&r=g\",\"url\":\"https:\\\/\\\/secure.gravatar.com\\\/avatar\\\/dfd1611ed5600959a0e5a9754503b6c05d1dcf190010998e0363aee2ad98afca?s=96&d=mm&r=g\",\"contentUrl\":\"https:\\\/\\\/secure.gravatar.com\\\/avatar\\\/dfd1611ed5600959a0e5a9754503b6c05d1dcf190010998e0363aee2ad98afca?s=96&d=mm&r=g\",\"caption\":\"Viviana Monrroy\"},\"sameAs\":[\"http:\\\/\\\/www.eldiario.net\"],\"url\":\"https:\\\/\\\/www.eldiario.net\\\/portal\\\/author\\\/vivianamonrroy\\\/\"}]}<\/script>\n<!-- \/ Yoast SEO plugin. -->","yoast_head_json":{"title":"Gripe K: tres nuevos casos en Santa Cruz y nueve en total en el pa\u00eds (11:40) - El Diario - Bolivia","robots":{"index":"index","follow":"follow","max-snippet":"max-snippet:-1","max-image-preview":"max-image-preview:large","max-video-preview":"max-video-preview:-1"},"canonical":"https:\/\/www.eldiario.net\/portal\/2026\/01\/16\/gripe-k-tres-nuevos-casos-en-santa-cruz-y-nueve-en-total-en-el-pais-1140\/","og_locale":"es_ES","og_type":"article","og_title":"Gripe K: tres nuevos casos en Santa Cruz y nueve en total en el pa\u00eds (11:40) - El Diario - Bolivia","og_description":"El Servicio Departamental de Salud de Santa Cruz confirm\u00f3 tres nuevos casos de influenza A H3N2 subclado K, elevando a cuatro el n\u00famero de pacientes con esta variante, conocida como \u00abgripe K\u00bb, en el departamento. As\u00ed lo inform\u00f3 el jefe de Epidemiolog\u00eda, Carlos Hurtado, quien precis\u00f3 que con este reporte, el n\u00famero de casos confirmados [&hellip;]","og_url":"https:\/\/www.eldiario.net\/portal\/2026\/01\/16\/gripe-k-tres-nuevos-casos-en-santa-cruz-y-nueve-en-total-en-el-pais-1140\/","og_site_name":"El Diario - Bolivia","article_publisher":"https:\/\/www.facebook.com\/eldiario.bolivia\/","article_published_time":"2026-01-16T15:40:43+00:00","article_modified_time":"2026-01-16T15:41:10+00:00","og_image":[{"width":641,"height":594,"url":"https:\/\/www.eldiario.net\/portal\/wp-content\/uploads\/2026\/01\/carlos-hurtado-1-16.01.26-copia.webp","type":"image\/webp"}],"author":"Viviana Monrroy","twitter_card":"summary_large_image","twitter_creator":"@eldiario_net","twitter_site":"@eldiario_net","twitter_misc":{"Escrito por":"Viviana Monrroy","Tiempo de lectura":"1 minuto"},"schema":{"@context":"https:\/\/schema.org","@graph":[{"@type":"Article","@id":"https:\/\/www.eldiario.net\/portal\/2026\/01\/16\/gripe-k-tres-nuevos-casos-en-santa-cruz-y-nueve-en-total-en-el-pais-1140\/#article","isPartOf":{"@id":"https:\/\/www.eldiario.net\/portal\/2026\/01\/16\/gripe-k-tres-nuevos-casos-en-santa-cruz-y-nueve-en-total-en-el-pais-1140\/"},"author":{"name":"Viviana Monrroy","@id":"https:\/\/www.eldiario.net\/portal\/#\/schema\/person\/ba370d92d160f4d3574381f6d9b78fab"},"headline":"Gripe K: tres nuevos casos en Santa Cruz y nueve en total en el pa\u00eds (11:40)","datePublished":"2026-01-16T15:40:43+00:00","dateModified":"2026-01-16T15:41:10+00:00","mainEntityOfPage":{"@id":"https:\/\/www.eldiario.net\/portal\/2026\/01\/16\/gripe-k-tres-nuevos-casos-en-santa-cruz-y-nueve-en-total-en-el-pais-1140\/"},"wordCount":166,"publisher":{"@id":"https:\/\/www.eldiario.net\/portal\/#organization"},"image":{"@id":"https:\/\/www.eldiario.net\/portal\/2026\/01\/16\/gripe-k-tres-nuevos-casos-en-santa-cruz-y-nueve-en-total-en-el-pais-1140\/#primaryimage"},"thumbnailUrl":"https:\/\/www.eldiario.net\/portal\/wp-content\/uploads\/2026\/01\/carlos-hurtado-1-16.01.26-copia.webp","articleSection":["\u00daltima Hora"],"inLanguage":"es"},{"@type":"WebPage","@id":"https:\/\/www.eldiario.net\/portal\/2026\/01\/16\/gripe-k-tres-nuevos-casos-en-santa-cruz-y-nueve-en-total-en-el-pais-1140\/","url":"https:\/\/www.eldiario.net\/portal\/2026\/01\/16\/gripe-k-tres-nuevos-casos-en-santa-cruz-y-nueve-en-total-en-el-pais-1140\/","name":"Gripe K: tres nuevos casos en Santa Cruz y nueve en total en el pa\u00eds (11:40) - El Diario - Bolivia","isPartOf":{"@id":"https:\/\/www.eldiario.net\/portal\/#website"},"primaryImageOfPage":{"@id":"https:\/\/www.eldiario.net\/portal\/2026\/01\/16\/gripe-k-tres-nuevos-casos-en-santa-cruz-y-nueve-en-total-en-el-pais-1140\/#primaryimage"},"image":{"@id":"https:\/\/www.eldiario.net\/portal\/2026\/01\/16\/gripe-k-tres-nuevos-casos-en-santa-cruz-y-nueve-en-total-en-el-pais-1140\/#primaryimage"},"thumbnailUrl":"https:\/\/www.eldiario.net\/portal\/wp-content\/uploads\/2026\/01\/carlos-hurtado-1-16.01.26-copia.webp","datePublished":"2026-01-16T15:40:43+00:00","dateModified":"2026-01-16T15:41:10+00:00","breadcrumb":{"@id":"https:\/\/www.eldiario.net\/portal\/2026\/01\/16\/gripe-k-tres-nuevos-casos-en-santa-cruz-y-nueve-en-total-en-el-pais-1140\/#breadcrumb"},"inLanguage":"es","potentialAction":[{"@type":"ReadAction","target":["https:\/\/www.eldiario.net\/portal\/2026\/01\/16\/gripe-k-tres-nuevos-casos-en-santa-cruz-y-nueve-en-total-en-el-pais-1140\/"]}]},{"@type":"ImageObject","inLanguage":"es","@id":"https:\/\/www.eldiario.net\/portal\/2026\/01\/16\/gripe-k-tres-nuevos-casos-en-santa-cruz-y-nueve-en-total-en-el-pais-1140\/#primaryimage","url":"https:\/\/www.eldiario.net\/portal\/wp-content\/uploads\/2026\/01\/carlos-hurtado-1-16.01.26-copia.webp","contentUrl":"https:\/\/www.eldiario.net\/portal\/wp-content\/uploads\/2026\/01\/carlos-hurtado-1-16.01.26-copia.webp","width":641,"height":594,"caption":"Foto: Carlos Hurtado, el jefe de Epidemiolog\u00eda Santa Cruz."},{"@type":"BreadcrumbList","@id":"https:\/\/www.eldiario.net\/portal\/2026\/01\/16\/gripe-k-tres-nuevos-casos-en-santa-cruz-y-nueve-en-total-en-el-pais-1140\/#breadcrumb","itemListElement":[{"@type":"ListItem","position":1,"name":"Portada","item":"https:\/\/www.eldiario.net\/portal\/"},{"@type":"ListItem","position":2,"name":"Gripe K: tres nuevos casos en Santa Cruz y nueve en total en el pa\u00eds (11:40)"}]},{"@type":"WebSite","@id":"https:\/\/www.eldiario.net\/portal\/#website","url":"https:\/\/www.eldiario.net\/portal\/","name":"El Diario - Decano de la prensa nacional","description":"El Diario - Decano de la prensa nacional","publisher":{"@id":"https:\/\/www.eldiario.net\/portal\/#organization"},"potentialAction":[{"@type":"SearchAction","target":{"@type":"EntryPoint","urlTemplate":"https:\/\/www.eldiario.net\/portal\/?s={search_term_string}"},"query-input":{"@type":"PropertyValueSpecification","valueRequired":true,"valueName":"search_term_string"}}],"inLanguage":"es"},{"@type":"Organization","@id":"https:\/\/www.eldiario.net\/portal\/#organization","name":"El Diario - Decano de la prensa nacional","url":"https:\/\/www.eldiario.net\/portal\/","logo":{"@type":"ImageObject","inLanguage":"es","@id":"https:\/\/www.eldiario.net\/portal\/#\/schema\/logo\/image\/","url":"https:\/\/www.eldiario.net\/portal\/wp-content\/uploads\/2023\/07\/logo_ED.jpg","contentUrl":"https:\/\/www.eldiario.net\/portal\/wp-content\/uploads\/2023\/07\/logo_ED.jpg","width":272,"height":52,"caption":"El Diario - Decano de la prensa nacional"},"image":{"@id":"https:\/\/www.eldiario.net\/portal\/#\/schema\/logo\/image\/"},"sameAs":["https:\/\/www.facebook.com\/eldiario.bolivia\/","https:\/\/x.com\/eldiario_net"]},{"@type":"Person","@id":"https:\/\/www.eldiario.net\/portal\/#\/schema\/person\/ba370d92d160f4d3574381f6d9b78fab","name":"Viviana Monrroy","image":{"@type":"ImageObject","inLanguage":"es","@id":"https:\/\/secure.gravatar.com\/avatar\/dfd1611ed5600959a0e5a9754503b6c05d1dcf190010998e0363aee2ad98afca?s=96&d=mm&r=g","url":"https:\/\/secure.gravatar.com\/avatar\/dfd1611ed5600959a0e5a9754503b6c05d1dcf190010998e0363aee2ad98afca?s=96&d=mm&r=g","contentUrl":"https:\/\/secure.gravatar.com\/avatar\/dfd1611ed5600959a0e5a9754503b6c05d1dcf190010998e0363aee2ad98afca?s=96&d=mm&r=g","caption":"Viviana Monrroy"},"sameAs":["http:\/\/www.eldiario.net"],"url":"https:\/\/www.eldiario.net\/portal\/author\/vivianamonrroy\/"}]}},"_links":{"self":[{"href":"https:\/\/www.eldiario.net\/portal\/wp-json\/wp\/v2\/posts\/360558","targetHints":{"allow":["GET"]}}],"collection":[{"href":"https:\/\/www.eldiario.net\/portal\/wp-json\/wp\/v2\/posts"}],"about":[{"href":"https:\/\/www.eldiario.net\/portal\/wp-json\/wp\/v2\/types\/post"}],"author":[{"embeddable":true,"href":"https:\/\/www.eldiario.net\/portal\/wp-json\/wp\/v2\/users\/7"}],"replies":[{"embeddable":true,"href":"https:\/\/www.eldiario.net\/portal\/wp-json\/wp\/v2\/comments?post=360558"}],"version-history":[{"count":1,"href":"https:\/\/www.eldiario.net\/portal\/wp-json\/wp\/v2\/posts\/360558\/revisions"}],"predecessor-version":[{"id":360562,"href":"https:\/\/www.eldiario.net\/portal\/wp-json\/wp\/v2\/posts\/360558\/revisions\/360562"}],"wp:featuredmedia":[{"embeddable":true,"href":"https:\/\/www.eldiario.net\/portal\/wp-json\/wp\/v2\/media\/360561"}],"wp:attachment":[{"href":"https:\/\/www.eldiario.net\/portal\/wp-json\/wp\/v2\/media?parent=360558"}],"wp:term":[{"taxonomy":"category","embeddable":true,"href":"https:\/\/www.eldiario.net\/portal\/wp-json\/wp\/v2\/categories?post=360558"},{"taxonomy":"post_tag","embeddable":true,"href":"https:\/\/www.eldiario.net\/portal\/wp-json\/wp\/v2\/tags?post=360558"}],"curies":[{"name":"wp","href":"https:\/\/api.w.org\/{rel}","templated":true}]}}