{"id":360544,"date":"2026-01-16T09:12:37","date_gmt":"2026-01-16T13:12:37","guid":{"rendered":"https:\/\/www.eldiario.net\/portal\/?p=360544"},"modified":"2026-01-16T09:14:16","modified_gmt":"2026-01-16T13:14:16","slug":"rios-en-vigilancia-tras-lluvias-y-pronostico-de-nuevas-precipitaciones-908","status":"publish","type":"post","link":"https:\/\/www.eldiario.net\/portal\/2026\/01\/16\/rios-en-vigilancia-tras-lluvias-y-pronostico-de-nuevas-precipitaciones-908\/","title":{"rendered":"R\u00edos en vigilancia tras lluvias y pron\u00f3stico de nuevas precipitaciones (9:08)"},"content":{"rendered":"<p>Desde el Gobierno Aut\u00f3nomo Municipal de La Paz informaron que luego de la intensa lluvia registrada desde la madrugada de este viernes, varios r\u00edos de la ciudad presentan incremento de caudal y se mantienen en nivel amarillo, sin reportes de emergencias mayores.<\/p>\n<p>Las precipitaciones fueron m\u00e1s intensas en Ovejuyo, Huayllani y Hampaturi, donde se activ\u00f3 el monitoreo preventivo.<\/p>\n<p>Los equipos de emergencia realizan vigilancia permanente en cuencas como Achumani, Huay\u00f1ajahuira, Choqueyapu y Orkojahuira.<\/p>\n<p>Se prev\u00e9 lluvia intensa para el domingo, por lo que se recomienda tomar precauciones ante posibles cierres de v\u00edas y puentes por seguridad.<\/p>\n","protected":false},"excerpt":{"rendered":"<p>Desde el Gobierno Aut\u00f3nomo Municipal de La Paz informaron que luego de la intensa lluvia registrada desde la madrugada de este viernes, varios r\u00edos de la ciudad presentan incremento de caudal y se mantienen en nivel amarillo, sin reportes de emergencias mayores. Las precipitaciones fueron m\u00e1s intensas en Ovejuyo, Huayllani y Hampaturi, donde se activ\u00f3 [&hellip;]<\/p>\n","protected":false},"author":7,"featured_media":360545,"comment_status":"closed","ping_status":"open","sticky":false,"template":"","format":"standard","meta":{"_acf_changed":false,"footnotes":""},"categories":[51],"tags":[],"class_list":["post-360544","post","type-post","status-publish","format-standard","has-post-thumbnail","category-ultima-hora"],"acf":{"antetitulo":""},"yoast_head":"<!-- This site is optimized with the Yoast SEO plugin v28.4 - https:\/\/yoast.com\/product\/yoast-seo-wordpress\/ -->\n<title>R\u00edos en vigilancia tras lluvias y pron\u00f3stico de nuevas precipitaciones (9:08) - El Diario - Bolivia<\/title>\n<meta name=\"robots\" content=\"index, follow, max-snippet:-1, max-image-preview:large, max-video-preview:-1\" \/>\n<link rel=\"canonical\" href=\"https:\/\/www.eldiario.net\/portal\/2026\/01\/16\/rios-en-vigilancia-tras-lluvias-y-pronostico-de-nuevas-precipitaciones-908\/\" \/>\n<meta property=\"og:locale\" content=\"es_ES\" \/>\n<meta property=\"og:type\" content=\"article\" \/>\n<meta property=\"og:title\" content=\"R\u00edos en vigilancia tras lluvias y pron\u00f3stico de nuevas precipitaciones (9:08) - El Diario - Bolivia\" \/>\n<meta property=\"og:description\" content=\"Desde el Gobierno Aut\u00f3nomo Municipal de La Paz informaron que luego de la intensa lluvia registrada desde la madrugada de este viernes, varios r\u00edos de la ciudad presentan incremento de caudal y se mantienen en nivel amarillo, sin reportes de emergencias mayores. Las precipitaciones fueron m\u00e1s intensas en Ovejuyo, Huayllani y Hampaturi, donde se activ\u00f3 [&hellip;]\" \/>\n<meta property=\"og:url\" content=\"https:\/\/www.eldiario.net\/portal\/2026\/01\/16\/rios-en-vigilancia-tras-lluvias-y-pronostico-de-nuevas-precipitaciones-908\/\" \/>\n<meta property=\"og:site_name\" content=\"El Diario - Bolivia\" \/>\n<meta property=\"article:publisher\" content=\"https:\/\/www.facebook.com\/eldiario.bolivia\/\" \/>\n<meta property=\"article:published_time\" content=\"2026-01-16T13:12:37+00:00\" \/>\n<meta property=\"article:modified_time\" content=\"2026-01-16T13:14:16+00:00\" \/>\n<meta property=\"og:image\" content=\"https:\/\/www.eldiario.net\/portal\/wp-content\/uploads\/2026\/01\/lluvias-16.01.25-copia.webp\" \/>\n\t<meta property=\"og:image:width\" content=\"344\" \/>\n\t<meta property=\"og:image:height\" content=\"548\" \/>\n\t<meta property=\"og:image:type\" content=\"image\/webp\" \/>\n<meta name=\"author\" content=\"Viviana Monrroy\" \/>\n<meta name=\"twitter:card\" content=\"summary_large_image\" \/>\n<meta name=\"twitter:creator\" content=\"@eldiario_net\" \/>\n<meta name=\"twitter:site\" content=\"@eldiario_net\" \/>\n<meta name=\"twitter:label1\" content=\"Escrito por\" \/>\n\t<meta name=\"twitter:data1\" content=\"Viviana Monrroy\" \/>\n\t<meta name=\"twitter:label2\" content=\"Tiempo de lectura\" \/>\n\t<meta name=\"twitter:data2\" content=\"1 minuto\" \/>\n<script type=\"application\/ld+json\" class=\"yoast-schema-graph\">{\"@context\":\"https:\\\/\\\/schema.org\",\"@graph\":[{\"@type\":\"Article\",\"@id\":\"https:\\\/\\\/www.eldiario.net\\\/portal\\\/2026\\\/01\\\/16\\\/rios-en-vigilancia-tras-lluvias-y-pronostico-de-nuevas-precipitaciones-908\\\/#article\",\"isPartOf\":{\"@id\":\"https:\\\/\\\/www.eldiario.net\\\/portal\\\/2026\\\/01\\\/16\\\/rios-en-vigilancia-tras-lluvias-y-pronostico-de-nuevas-precipitaciones-908\\\/\"},\"author\":{\"name\":\"Viviana Monrroy\",\"@id\":\"https:\\\/\\\/www.eldiario.net\\\/portal\\\/#\\\/schema\\\/person\\\/ba370d92d160f4d3574381f6d9b78fab\"},\"headline\":\"R\u00edos en vigilancia tras lluvias y pron\u00f3stico de nuevas precipitaciones (9:08)\",\"datePublished\":\"2026-01-16T13:12:37+00:00\",\"dateModified\":\"2026-01-16T13:14:16+00:00\",\"mainEntityOfPage\":{\"@id\":\"https:\\\/\\\/www.eldiario.net\\\/portal\\\/2026\\\/01\\\/16\\\/rios-en-vigilancia-tras-lluvias-y-pronostico-de-nuevas-precipitaciones-908\\\/\"},\"wordCount\":113,\"publisher\":{\"@id\":\"https:\\\/\\\/www.eldiario.net\\\/portal\\\/#organization\"},\"image\":{\"@id\":\"https:\\\/\\\/www.eldiario.net\\\/portal\\\/2026\\\/01\\\/16\\\/rios-en-vigilancia-tras-lluvias-y-pronostico-de-nuevas-precipitaciones-908\\\/#primaryimage\"},\"thumbnailUrl\":\"https:\\\/\\\/www.eldiario.net\\\/portal\\\/wp-content\\\/uploads\\\/2026\\\/01\\\/lluvias-16.01.25-copia.webp\",\"articleSection\":[\"\u00daltima Hora\"],\"inLanguage\":\"es\"},{\"@type\":\"WebPage\",\"@id\":\"https:\\\/\\\/www.eldiario.net\\\/portal\\\/2026\\\/01\\\/16\\\/rios-en-vigilancia-tras-lluvias-y-pronostico-de-nuevas-precipitaciones-908\\\/\",\"url\":\"https:\\\/\\\/www.eldiario.net\\\/portal\\\/2026\\\/01\\\/16\\\/rios-en-vigilancia-tras-lluvias-y-pronostico-de-nuevas-precipitaciones-908\\\/\",\"name\":\"R\u00edos en vigilancia tras lluvias y pron\u00f3stico de nuevas precipitaciones (9:08) - El Diario - Bolivia\",\"isPartOf\":{\"@id\":\"https:\\\/\\\/www.eldiario.net\\\/portal\\\/#website\"},\"primaryImageOfPage\":{\"@id\":\"https:\\\/\\\/www.eldiario.net\\\/portal\\\/2026\\\/01\\\/16\\\/rios-en-vigilancia-tras-lluvias-y-pronostico-de-nuevas-precipitaciones-908\\\/#primaryimage\"},\"image\":{\"@id\":\"https:\\\/\\\/www.eldiario.net\\\/portal\\\/2026\\\/01\\\/16\\\/rios-en-vigilancia-tras-lluvias-y-pronostico-de-nuevas-precipitaciones-908\\\/#primaryimage\"},\"thumbnailUrl\":\"https:\\\/\\\/www.eldiario.net\\\/portal\\\/wp-content\\\/uploads\\\/2026\\\/01\\\/lluvias-16.01.25-copia.webp\",\"datePublished\":\"2026-01-16T13:12:37+00:00\",\"dateModified\":\"2026-01-16T13:14:16+00:00\",\"breadcrumb\":{\"@id\":\"https:\\\/\\\/www.eldiario.net\\\/portal\\\/2026\\\/01\\\/16\\\/rios-en-vigilancia-tras-lluvias-y-pronostico-de-nuevas-precipitaciones-908\\\/#breadcrumb\"},\"inLanguage\":\"es\",\"potentialAction\":[{\"@type\":\"ReadAction\",\"target\":[\"https:\\\/\\\/www.eldiario.net\\\/portal\\\/2026\\\/01\\\/16\\\/rios-en-vigilancia-tras-lluvias-y-pronostico-de-nuevas-precipitaciones-908\\\/\"]}]},{\"@type\":\"ImageObject\",\"inLanguage\":\"es\",\"@id\":\"https:\\\/\\\/www.eldiario.net\\\/portal\\\/2026\\\/01\\\/16\\\/rios-en-vigilancia-tras-lluvias-y-pronostico-de-nuevas-precipitaciones-908\\\/#primaryimage\",\"url\":\"https:\\\/\\\/www.eldiario.net\\\/portal\\\/wp-content\\\/uploads\\\/2026\\\/01\\\/lluvias-16.01.25-copia.webp\",\"contentUrl\":\"https:\\\/\\\/www.eldiario.net\\\/portal\\\/wp-content\\\/uploads\\\/2026\\\/01\\\/lluvias-16.01.25-copia.webp\",\"width\":344,\"height\":548,\"caption\":\"Foto: GAMLP\"},{\"@type\":\"BreadcrumbList\",\"@id\":\"https:\\\/\\\/www.eldiario.net\\\/portal\\\/2026\\\/01\\\/16\\\/rios-en-vigilancia-tras-lluvias-y-pronostico-de-nuevas-precipitaciones-908\\\/#breadcrumb\",\"itemListElement\":[{\"@type\":\"ListItem\",\"position\":1,\"name\":\"Portada\",\"item\":\"https:\\\/\\\/www.eldiario.net\\\/portal\\\/\"},{\"@type\":\"ListItem\",\"position\":2,\"name\":\"R\u00edos en vigilancia tras lluvias y pron\u00f3stico de nuevas precipitaciones (9:08)\"}]},{\"@type\":\"WebSite\",\"@id\":\"https:\\\/\\\/www.eldiario.net\\\/portal\\\/#website\",\"url\":\"https:\\\/\\\/www.eldiario.net\\\/portal\\\/\",\"name\":\"El Diario - Decano de la prensa nacional\",\"description\":\"El Diario - Decano de la prensa nacional\",\"publisher\":{\"@id\":\"https:\\\/\\\/www.eldiario.net\\\/portal\\\/#organization\"},\"potentialAction\":[{\"@type\":\"SearchAction\",\"target\":{\"@type\":\"EntryPoint\",\"urlTemplate\":\"https:\\\/\\\/www.eldiario.net\\\/portal\\\/?s={search_term_string}\"},\"query-input\":{\"@type\":\"PropertyValueSpecification\",\"valueRequired\":true,\"valueName\":\"search_term_string\"}}],\"inLanguage\":\"es\"},{\"@type\":\"Organization\",\"@id\":\"https:\\\/\\\/www.eldiario.net\\\/portal\\\/#organization\",\"name\":\"El Diario - Decano de la prensa nacional\",\"url\":\"https:\\\/\\\/www.eldiario.net\\\/portal\\\/\",\"logo\":{\"@type\":\"ImageObject\",\"inLanguage\":\"es\",\"@id\":\"https:\\\/\\\/www.eldiario.net\\\/portal\\\/#\\\/schema\\\/logo\\\/image\\\/\",\"url\":\"https:\\\/\\\/www.eldiario.net\\\/portal\\\/wp-content\\\/uploads\\\/2023\\\/07\\\/logo_ED.jpg\",\"contentUrl\":\"https:\\\/\\\/www.eldiario.net\\\/portal\\\/wp-content\\\/uploads\\\/2023\\\/07\\\/logo_ED.jpg\",\"width\":272,\"height\":52,\"caption\":\"El Diario - Decano de la prensa nacional\"},\"image\":{\"@id\":\"https:\\\/\\\/www.eldiario.net\\\/portal\\\/#\\\/schema\\\/logo\\\/image\\\/\"},\"sameAs\":[\"https:\\\/\\\/www.facebook.com\\\/eldiario.bolivia\\\/\",\"https:\\\/\\\/x.com\\\/eldiario_net\"]},{\"@type\":\"Person\",\"@id\":\"https:\\\/\\\/www.eldiario.net\\\/portal\\\/#\\\/schema\\\/person\\\/ba370d92d160f4d3574381f6d9b78fab\",\"name\":\"Viviana Monrroy\",\"image\":{\"@type\":\"ImageObject\",\"inLanguage\":\"es\",\"@id\":\"https:\\\/\\\/secure.gravatar.com\\\/avatar\\\/dfd1611ed5600959a0e5a9754503b6c05d1dcf190010998e0363aee2ad98afca?s=96&d=mm&r=g\",\"url\":\"https:\\\/\\\/secure.gravatar.com\\\/avatar\\\/dfd1611ed5600959a0e5a9754503b6c05d1dcf190010998e0363aee2ad98afca?s=96&d=mm&r=g\",\"contentUrl\":\"https:\\\/\\\/secure.gravatar.com\\\/avatar\\\/dfd1611ed5600959a0e5a9754503b6c05d1dcf190010998e0363aee2ad98afca?s=96&d=mm&r=g\",\"caption\":\"Viviana Monrroy\"},\"sameAs\":[\"http:\\\/\\\/www.eldiario.net\"],\"url\":\"https:\\\/\\\/www.eldiario.net\\\/portal\\\/author\\\/vivianamonrroy\\\/\"}]}<\/script>\n<!-- \/ Yoast SEO plugin. -->","yoast_head_json":{"title":"R\u00edos en vigilancia tras lluvias y pron\u00f3stico de nuevas precipitaciones (9:08) - El Diario - Bolivia","robots":{"index":"index","follow":"follow","max-snippet":"max-snippet:-1","max-image-preview":"max-image-preview:large","max-video-preview":"max-video-preview:-1"},"canonical":"https:\/\/www.eldiario.net\/portal\/2026\/01\/16\/rios-en-vigilancia-tras-lluvias-y-pronostico-de-nuevas-precipitaciones-908\/","og_locale":"es_ES","og_type":"article","og_title":"R\u00edos en vigilancia tras lluvias y pron\u00f3stico de nuevas precipitaciones (9:08) - El Diario - Bolivia","og_description":"Desde el Gobierno Aut\u00f3nomo Municipal de La Paz informaron que luego de la intensa lluvia registrada desde la madrugada de este viernes, varios r\u00edos de la ciudad presentan incremento de caudal y se mantienen en nivel amarillo, sin reportes de emergencias mayores. Las precipitaciones fueron m\u00e1s intensas en Ovejuyo, Huayllani y Hampaturi, donde se activ\u00f3 [&hellip;]","og_url":"https:\/\/www.eldiario.net\/portal\/2026\/01\/16\/rios-en-vigilancia-tras-lluvias-y-pronostico-de-nuevas-precipitaciones-908\/","og_site_name":"El Diario - Bolivia","article_publisher":"https:\/\/www.facebook.com\/eldiario.bolivia\/","article_published_time":"2026-01-16T13:12:37+00:00","article_modified_time":"2026-01-16T13:14:16+00:00","og_image":[{"width":344,"height":548,"url":"https:\/\/www.eldiario.net\/portal\/wp-content\/uploads\/2026\/01\/lluvias-16.01.25-copia.webp","type":"image\/webp"}],"author":"Viviana Monrroy","twitter_card":"summary_large_image","twitter_creator":"@eldiario_net","twitter_site":"@eldiario_net","twitter_misc":{"Escrito por":"Viviana Monrroy","Tiempo de lectura":"1 minuto"},"schema":{"@context":"https:\/\/schema.org","@graph":[{"@type":"Article","@id":"https:\/\/www.eldiario.net\/portal\/2026\/01\/16\/rios-en-vigilancia-tras-lluvias-y-pronostico-de-nuevas-precipitaciones-908\/#article","isPartOf":{"@id":"https:\/\/www.eldiario.net\/portal\/2026\/01\/16\/rios-en-vigilancia-tras-lluvias-y-pronostico-de-nuevas-precipitaciones-908\/"},"author":{"name":"Viviana Monrroy","@id":"https:\/\/www.eldiario.net\/portal\/#\/schema\/person\/ba370d92d160f4d3574381f6d9b78fab"},"headline":"R\u00edos en vigilancia tras lluvias y pron\u00f3stico de nuevas precipitaciones (9:08)","datePublished":"2026-01-16T13:12:37+00:00","dateModified":"2026-01-16T13:14:16+00:00","mainEntityOfPage":{"@id":"https:\/\/www.eldiario.net\/portal\/2026\/01\/16\/rios-en-vigilancia-tras-lluvias-y-pronostico-de-nuevas-precipitaciones-908\/"},"wordCount":113,"publisher":{"@id":"https:\/\/www.eldiario.net\/portal\/#organization"},"image":{"@id":"https:\/\/www.eldiario.net\/portal\/2026\/01\/16\/rios-en-vigilancia-tras-lluvias-y-pronostico-de-nuevas-precipitaciones-908\/#primaryimage"},"thumbnailUrl":"https:\/\/www.eldiario.net\/portal\/wp-content\/uploads\/2026\/01\/lluvias-16.01.25-copia.webp","articleSection":["\u00daltima Hora"],"inLanguage":"es"},{"@type":"WebPage","@id":"https:\/\/www.eldiario.net\/portal\/2026\/01\/16\/rios-en-vigilancia-tras-lluvias-y-pronostico-de-nuevas-precipitaciones-908\/","url":"https:\/\/www.eldiario.net\/portal\/2026\/01\/16\/rios-en-vigilancia-tras-lluvias-y-pronostico-de-nuevas-precipitaciones-908\/","name":"R\u00edos en vigilancia tras lluvias y pron\u00f3stico de nuevas precipitaciones (9:08) - El Diario - Bolivia","isPartOf":{"@id":"https:\/\/www.eldiario.net\/portal\/#website"},"primaryImageOfPage":{"@id":"https:\/\/www.eldiario.net\/portal\/2026\/01\/16\/rios-en-vigilancia-tras-lluvias-y-pronostico-de-nuevas-precipitaciones-908\/#primaryimage"},"image":{"@id":"https:\/\/www.eldiario.net\/portal\/2026\/01\/16\/rios-en-vigilancia-tras-lluvias-y-pronostico-de-nuevas-precipitaciones-908\/#primaryimage"},"thumbnailUrl":"https:\/\/www.eldiario.net\/portal\/wp-content\/uploads\/2026\/01\/lluvias-16.01.25-copia.webp","datePublished":"2026-01-16T13:12:37+00:00","dateModified":"2026-01-16T13:14:16+00:00","breadcrumb":{"@id":"https:\/\/www.eldiario.net\/portal\/2026\/01\/16\/rios-en-vigilancia-tras-lluvias-y-pronostico-de-nuevas-precipitaciones-908\/#breadcrumb"},"inLanguage":"es","potentialAction":[{"@type":"ReadAction","target":["https:\/\/www.eldiario.net\/portal\/2026\/01\/16\/rios-en-vigilancia-tras-lluvias-y-pronostico-de-nuevas-precipitaciones-908\/"]}]},{"@type":"ImageObject","inLanguage":"es","@id":"https:\/\/www.eldiario.net\/portal\/2026\/01\/16\/rios-en-vigilancia-tras-lluvias-y-pronostico-de-nuevas-precipitaciones-908\/#primaryimage","url":"https:\/\/www.eldiario.net\/portal\/wp-content\/uploads\/2026\/01\/lluvias-16.01.25-copia.webp","contentUrl":"https:\/\/www.eldiario.net\/portal\/wp-content\/uploads\/2026\/01\/lluvias-16.01.25-copia.webp","width":344,"height":548,"caption":"Foto: GAMLP"},{"@type":"BreadcrumbList","@id":"https:\/\/www.eldiario.net\/portal\/2026\/01\/16\/rios-en-vigilancia-tras-lluvias-y-pronostico-de-nuevas-precipitaciones-908\/#breadcrumb","itemListElement":[{"@type":"ListItem","position":1,"name":"Portada","item":"https:\/\/www.eldiario.net\/portal\/"},{"@type":"ListItem","position":2,"name":"R\u00edos en vigilancia tras lluvias y pron\u00f3stico de nuevas precipitaciones (9:08)"}]},{"@type":"WebSite","@id":"https:\/\/www.eldiario.net\/portal\/#website","url":"https:\/\/www.eldiario.net\/portal\/","name":"El Diario - Decano de la prensa nacional","description":"El Diario - Decano de la prensa nacional","publisher":{"@id":"https:\/\/www.eldiario.net\/portal\/#organization"},"potentialAction":[{"@type":"SearchAction","target":{"@type":"EntryPoint","urlTemplate":"https:\/\/www.eldiario.net\/portal\/?s={search_term_string}"},"query-input":{"@type":"PropertyValueSpecification","valueRequired":true,"valueName":"search_term_string"}}],"inLanguage":"es"},{"@type":"Organization","@id":"https:\/\/www.eldiario.net\/portal\/#organization","name":"El Diario - Decano de la prensa nacional","url":"https:\/\/www.eldiario.net\/portal\/","logo":{"@type":"ImageObject","inLanguage":"es","@id":"https:\/\/www.eldiario.net\/portal\/#\/schema\/logo\/image\/","url":"https:\/\/www.eldiario.net\/portal\/wp-content\/uploads\/2023\/07\/logo_ED.jpg","contentUrl":"https:\/\/www.eldiario.net\/portal\/wp-content\/uploads\/2023\/07\/logo_ED.jpg","width":272,"height":52,"caption":"El Diario - Decano de la prensa nacional"},"image":{"@id":"https:\/\/www.eldiario.net\/portal\/#\/schema\/logo\/image\/"},"sameAs":["https:\/\/www.facebook.com\/eldiario.bolivia\/","https:\/\/x.com\/eldiario_net"]},{"@type":"Person","@id":"https:\/\/www.eldiario.net\/portal\/#\/schema\/person\/ba370d92d160f4d3574381f6d9b78fab","name":"Viviana Monrroy","image":{"@type":"ImageObject","inLanguage":"es","@id":"https:\/\/secure.gravatar.com\/avatar\/dfd1611ed5600959a0e5a9754503b6c05d1dcf190010998e0363aee2ad98afca?s=96&d=mm&r=g","url":"https:\/\/secure.gravatar.com\/avatar\/dfd1611ed5600959a0e5a9754503b6c05d1dcf190010998e0363aee2ad98afca?s=96&d=mm&r=g","contentUrl":"https:\/\/secure.gravatar.com\/avatar\/dfd1611ed5600959a0e5a9754503b6c05d1dcf190010998e0363aee2ad98afca?s=96&d=mm&r=g","caption":"Viviana Monrroy"},"sameAs":["http:\/\/www.eldiario.net"],"url":"https:\/\/www.eldiario.net\/portal\/author\/vivianamonrroy\/"}]}},"_links":{"self":[{"href":"https:\/\/www.eldiario.net\/portal\/wp-json\/wp\/v2\/posts\/360544","targetHints":{"allow":["GET"]}}],"collection":[{"href":"https:\/\/www.eldiario.net\/portal\/wp-json\/wp\/v2\/posts"}],"about":[{"href":"https:\/\/www.eldiario.net\/portal\/wp-json\/wp\/v2\/types\/post"}],"author":[{"embeddable":true,"href":"https:\/\/www.eldiario.net\/portal\/wp-json\/wp\/v2\/users\/7"}],"replies":[{"embeddable":true,"href":"https:\/\/www.eldiario.net\/portal\/wp-json\/wp\/v2\/comments?post=360544"}],"version-history":[{"count":2,"href":"https:\/\/www.eldiario.net\/portal\/wp-json\/wp\/v2\/posts\/360544\/revisions"}],"predecessor-version":[{"id":360547,"href":"https:\/\/www.eldiario.net\/portal\/wp-json\/wp\/v2\/posts\/360544\/revisions\/360547"}],"wp:featuredmedia":[{"embeddable":true,"href":"https:\/\/www.eldiario.net\/portal\/wp-json\/wp\/v2\/media\/360545"}],"wp:attachment":[{"href":"https:\/\/www.eldiario.net\/portal\/wp-json\/wp\/v2\/media?parent=360544"}],"wp:term":[{"taxonomy":"category","embeddable":true,"href":"https:\/\/www.eldiario.net\/portal\/wp-json\/wp\/v2\/categories?post=360544"},{"taxonomy":"post_tag","embeddable":true,"href":"https:\/\/www.eldiario.net\/portal\/wp-json\/wp\/v2\/tags?post=360544"}],"curies":[{"name":"wp","href":"https:\/\/api.w.org\/{rel}","templated":true}]}}