{"id":3601,"date":"2021-05-13T06:50:52","date_gmt":"2021-05-13T10:50:52","guid":{"rendered":"https:\/\/www.eldiario.net\/portal\/?p=3601"},"modified":"2021-05-13T06:50:52","modified_gmt":"2021-05-13T10:50:52","slug":"la-juve-se-mantiene-fuera-de-la-champions","status":"publish","type":"post","link":"https:\/\/www.eldiario.net\/portal\/2021\/05\/13\/la-juve-se-mantiene-fuera-de-la-champions\/","title":{"rendered":"La Juve se mantiene fuera de la Champions"},"content":{"rendered":"<p>Despu\u00e9s de que el N\u00e1poles (ahora 4\u00ba) goleara 5-1 al Udinese el martes, el Atalanta (2\u00ba), el AC Milan (3\u00ba) y la Juventus (5\u00ba) no cedieron en la carrera por los puestos de Liga de Campeones y ganaron ayer en sus respectivos partidos de la 36\u00aa jornada de la Serie A.<\/p>\n<p>El Atalanta venci\u00f3 en B\u00e9rgamo por 2-0 al Benevento (18\u00ba), mientras que el Milan gole\u00f3 como visitante al Torino (16\u00ba) por 7-0 y la Juventus gan\u00f3 3-1 en su desplazamiento a Sassuolo (8\u00ba).<\/p>\n<p>Todo sigue por lo tanto igual en los puestos de cabeza de la liga italiana.<\/p>\n<p>El Inter de Mil\u00e1n, que gan\u00f3 este mi\u00e9rcoles 3-1 a la Roma (7\u00aa), es campe\u00f3n matem\u00e1ticamente desde hace diez d\u00edas y el gran inter\u00e9s en el &#8216;Calcio&#8217; se centra ahora en saber qu\u00e9 otros tres equipos le acompa\u00f1ar\u00e1n el pr\u00f3ximo curso en la Liga de Campeones, un honor reservado en Italia a las formaciones que terminen en el &#8216;Top 4&#8217; de la tabla.<\/p>\n<p>El segundo puesto es para el Atalanta (75 puntos), seguido de Milan (3\u00ba, tambi\u00e9n 75), N\u00e1poles (4\u00ba, 73) y de la Juventus (5\u00aa, 72).<\/p>\n<p>La &#8216;Vecchia Signora&#8217;, campeona de Italia en las nueve temporadas anteriores, sigue por lo tanto fuera de los puestos de Champions cuando apenas quedan por jugarse dos jornadas, lo que contin\u00faa disparando las alarmas en el equipo de Cristiano Ronaldo.<\/p>\n<p>El astro luso firm\u00f3 su tanto 100 con la Juventus, teniendo en cuenta todas las competiciones, al poner al borde del descanso (45) el 2 a 0 provisional para los suyos, con un golpeo con la izquierda tras recibir de Adrien Rabiot, que hab\u00eda conseguido el primero de los turineses en el 28.<\/p>\n<p>El Sassuolo acort\u00f3 su desventaja en el 59 gracias a Giacomo Raspadori, que bati\u00f3 al veterano Gianluigi Buffon, pero el argentino Paulo Dybala (66), elevando sobre el arquero tras ser asistido por Dejan Kulusevski, puso el tercero de los visitantes y firm\u00f3 tambi\u00e9n a su vez su 100\u00ba gol como &#8216;bianconero&#8217;.<\/p>\n<p>La Juventus pudo por lo tanto sacar adelante este partido crucial, despu\u00e9s de la bofetada del 3 a 0 sufrido el domingo ante el Milan y antes del important\u00edsimo duelo del s\u00e1bado ante el Inter de Mil\u00e1n en la siguiente jornada italiana.<\/p>\n<p>\u00abNo era f\u00e1cil levantar la cabeza despu\u00e9s de una derrota dura, pero todav\u00eda estamos ah\u00ed, con vida. Lucharemos hasta el final\u00bb, prometi\u00f3 el entrenador de la Juventus, Andrea Pirlo.<\/p>\n<p>Buffon pudo batir un r\u00e9cord este mi\u00e9rcoles, el de arquero de m\u00e1s edad (43 a\u00f1os) en detener un penal en la Serie A, al parar el lanzado por Dom\u00e9nico Berardi cuando el marcador era de empate a cero (minuto 16).<\/p>\n<p>La gran goleada del mi\u00e9rcoles la firm\u00f3 el Milan con su 7 a 0 en el terreno del Torino.<\/p>\n<p>El croata Ante Rebic firm\u00f3 un triplete en la \u00faltima media hora (67, 72, 79), cuando su equipo dominaba ya 4 a 0, gracias a un doblete previo del franc\u00e9s Theo Hern\u00e1ndez (19, 62) y a los tantos del marfile\u00f1o Franck Kessi\u00e9 (26 de penal) y del espa\u00f1ol Brahim D\u00edaz (50).<\/p>\n<p>\u00abHasta que no cruzas la l\u00ednea de meta no puedes rendirte\u00bb, se\u00f1al\u00f3 el entrenador de Milan, Stefano Pioli, en alusi\u00f3n a lo equilibrada que est\u00e1 la pugna por los puestos de Liga de Campeones.<\/p>\n<p>\u00abEl equipo se lo merece y el club tambi\u00e9n se lo merece\u00bb, apunt\u00f3.<\/p>\n<p>En el caso del Atalanta, los goles de su victoria 2-0 sobre el Benevento lleg\u00f3 con un gol del colombiano Luis Muriel (22) y otro del croata Mario Pasalic (67).<\/p>\n<p>Es el tanto n\u00famero 22 de Muriel en esta Serie A, donde es segundo de la tabla de goleadores, igualado con el belga Romelu Lukaku, que firm\u00f3 uno de los goles del Inter en su triunfo sobre la Roma. Por delante sigue distanciado Cristiano Ronaldo, ahora con 28 dianas.<\/p>\n<p>&nbsp;<\/p>\n<p>&nbsp;<\/p>\n<p>&nbsp;<\/p>\n","protected":false},"excerpt":{"rendered":"<p>Despu\u00e9s de que el N\u00e1poles (ahora 4\u00ba) goleara 5-1 al Udinese el martes, el Atalanta (2\u00ba), el AC Milan (3\u00ba) y la Juventus (5\u00ba) no cedieron en la carrera por los puestos de Liga de Campeones y ganaron ayer en sus respectivos partidos de la 36\u00aa jornada de la Serie A. El Atalanta venci\u00f3 en [&hellip;]<\/p>\n","protected":false},"author":1,"featured_media":3602,"comment_status":"closed","ping_status":"closed","sticky":false,"template":"","format":"standard","meta":{"_acf_changed":false,"footnotes":""},"categories":[6],"tags":[],"class_list":["post-3601","post","type-post","status-publish","format-standard","has-post-thumbnail","category-deportes"],"acf":{"antetitulo":""},"yoast_head":"<!-- This site is optimized with the Yoast SEO plugin v28.4 - https:\/\/yoast.com\/product\/yoast-seo-wordpress\/ -->\n<title>La Juve se mantiene fuera de la Champions - El Diario - Bolivia<\/title>\n<meta name=\"robots\" content=\"index, follow, max-snippet:-1, max-image-preview:large, max-video-preview:-1\" \/>\n<link rel=\"canonical\" href=\"https:\/\/www.eldiario.net\/portal\/2021\/05\/13\/la-juve-se-mantiene-fuera-de-la-champions\/\" \/>\n<meta property=\"og:locale\" content=\"es_ES\" \/>\n<meta property=\"og:type\" content=\"article\" \/>\n<meta property=\"og:title\" content=\"La Juve se mantiene fuera de la Champions - El Diario - Bolivia\" \/>\n<meta property=\"og:description\" content=\"Despu\u00e9s de que el N\u00e1poles (ahora 4\u00ba) goleara 5-1 al Udinese el martes, el Atalanta (2\u00ba), el AC Milan (3\u00ba) y la Juventus (5\u00ba) no cedieron en la carrera por los puestos de Liga de Campeones y ganaron ayer en sus respectivos partidos de la 36\u00aa jornada de la Serie A. El Atalanta venci\u00f3 en [&hellip;]\" \/>\n<meta property=\"og:url\" content=\"https:\/\/www.eldiario.net\/portal\/2021\/05\/13\/la-juve-se-mantiene-fuera-de-la-champions\/\" \/>\n<meta property=\"og:site_name\" content=\"El Diario - Bolivia\" \/>\n<meta property=\"article:publisher\" content=\"https:\/\/www.facebook.com\/eldiario.bolivia\/\" \/>\n<meta property=\"article:published_time\" content=\"2021-05-13T10:50:52+00:00\" \/>\n<meta name=\"author\" content=\"Jeanette\" \/>\n<meta name=\"twitter:card\" content=\"summary_large_image\" \/>\n<meta name=\"twitter:creator\" content=\"@eldiario_net\" \/>\n<meta name=\"twitter:site\" content=\"@eldiario_net\" \/>\n<meta name=\"twitter:label1\" content=\"Escrito por\" \/>\n\t<meta name=\"twitter:data1\" content=\"Jeanette\" \/>\n\t<meta name=\"twitter:label2\" content=\"Tiempo de lectura\" \/>\n\t<meta name=\"twitter:data2\" content=\"3 minutos\" \/>\n<script type=\"application\/ld+json\" class=\"yoast-schema-graph\">{\"@context\":\"https:\\\/\\\/schema.org\",\"@graph\":[{\"@type\":\"Article\",\"@id\":\"https:\\\/\\\/www.eldiario.net\\\/portal\\\/2021\\\/05\\\/13\\\/la-juve-se-mantiene-fuera-de-la-champions\\\/#article\",\"isPartOf\":{\"@id\":\"https:\\\/\\\/www.eldiario.net\\\/portal\\\/2021\\\/05\\\/13\\\/la-juve-se-mantiene-fuera-de-la-champions\\\/\"},\"author\":{\"name\":\"Jeanette\",\"@id\":\"https:\\\/\\\/www.eldiario.net\\\/portal\\\/#\\\/schema\\\/person\\\/2c57cf2b7a7ae032e449e4c9b1019eac\"},\"headline\":\"La Juve se mantiene fuera de la Champions\",\"datePublished\":\"2021-05-13T10:50:52+00:00\",\"mainEntityOfPage\":{\"@id\":\"https:\\\/\\\/www.eldiario.net\\\/portal\\\/2021\\\/05\\\/13\\\/la-juve-se-mantiene-fuera-de-la-champions\\\/\"},\"wordCount\":644,\"publisher\":{\"@id\":\"https:\\\/\\\/www.eldiario.net\\\/portal\\\/#organization\"},\"image\":{\"@id\":\"https:\\\/\\\/www.eldiario.net\\\/portal\\\/2021\\\/05\\\/13\\\/la-juve-se-mantiene-fuera-de-la-champions\\\/#primaryimage\"},\"thumbnailUrl\":\"\",\"articleSection\":[\"Deportes\"],\"inLanguage\":\"es\"},{\"@type\":\"WebPage\",\"@id\":\"https:\\\/\\\/www.eldiario.net\\\/portal\\\/2021\\\/05\\\/13\\\/la-juve-se-mantiene-fuera-de-la-champions\\\/\",\"url\":\"https:\\\/\\\/www.eldiario.net\\\/portal\\\/2021\\\/05\\\/13\\\/la-juve-se-mantiene-fuera-de-la-champions\\\/\",\"name\":\"La Juve se mantiene fuera de la Champions - El Diario - Bolivia\",\"isPartOf\":{\"@id\":\"https:\\\/\\\/www.eldiario.net\\\/portal\\\/#website\"},\"primaryImageOfPage\":{\"@id\":\"https:\\\/\\\/www.eldiario.net\\\/portal\\\/2021\\\/05\\\/13\\\/la-juve-se-mantiene-fuera-de-la-champions\\\/#primaryimage\"},\"image\":{\"@id\":\"https:\\\/\\\/www.eldiario.net\\\/portal\\\/2021\\\/05\\\/13\\\/la-juve-se-mantiene-fuera-de-la-champions\\\/#primaryimage\"},\"thumbnailUrl\":\"\",\"datePublished\":\"2021-05-13T10:50:52+00:00\",\"breadcrumb\":{\"@id\":\"https:\\\/\\\/www.eldiario.net\\\/portal\\\/2021\\\/05\\\/13\\\/la-juve-se-mantiene-fuera-de-la-champions\\\/#breadcrumb\"},\"inLanguage\":\"es\",\"potentialAction\":[{\"@type\":\"ReadAction\",\"target\":[\"https:\\\/\\\/www.eldiario.net\\\/portal\\\/2021\\\/05\\\/13\\\/la-juve-se-mantiene-fuera-de-la-champions\\\/\"]}]},{\"@type\":\"ImageObject\",\"inLanguage\":\"es\",\"@id\":\"https:\\\/\\\/www.eldiario.net\\\/portal\\\/2021\\\/05\\\/13\\\/la-juve-se-mantiene-fuera-de-la-champions\\\/#primaryimage\",\"url\":\"\",\"contentUrl\":\"\"},{\"@type\":\"BreadcrumbList\",\"@id\":\"https:\\\/\\\/www.eldiario.net\\\/portal\\\/2021\\\/05\\\/13\\\/la-juve-se-mantiene-fuera-de-la-champions\\\/#breadcrumb\",\"itemListElement\":[{\"@type\":\"ListItem\",\"position\":1,\"name\":\"Portada\",\"item\":\"https:\\\/\\\/www.eldiario.net\\\/portal\\\/\"},{\"@type\":\"ListItem\",\"position\":2,\"name\":\"La Juve se mantiene fuera de la Champions\"}]},{\"@type\":\"WebSite\",\"@id\":\"https:\\\/\\\/www.eldiario.net\\\/portal\\\/#website\",\"url\":\"https:\\\/\\\/www.eldiario.net\\\/portal\\\/\",\"name\":\"El Diario - Decano de la prensa nacional\",\"description\":\"El Diario - Decano de la prensa nacional\",\"publisher\":{\"@id\":\"https:\\\/\\\/www.eldiario.net\\\/portal\\\/#organization\"},\"potentialAction\":[{\"@type\":\"SearchAction\",\"target\":{\"@type\":\"EntryPoint\",\"urlTemplate\":\"https:\\\/\\\/www.eldiario.net\\\/portal\\\/?s={search_term_string}\"},\"query-input\":{\"@type\":\"PropertyValueSpecification\",\"valueRequired\":true,\"valueName\":\"search_term_string\"}}],\"inLanguage\":\"es\"},{\"@type\":\"Organization\",\"@id\":\"https:\\\/\\\/www.eldiario.net\\\/portal\\\/#organization\",\"name\":\"El Diario - Decano de la prensa nacional\",\"url\":\"https:\\\/\\\/www.eldiario.net\\\/portal\\\/\",\"logo\":{\"@type\":\"ImageObject\",\"inLanguage\":\"es\",\"@id\":\"https:\\\/\\\/www.eldiario.net\\\/portal\\\/#\\\/schema\\\/logo\\\/image\\\/\",\"url\":\"https:\\\/\\\/www.eldiario.net\\\/portal\\\/wp-content\\\/uploads\\\/2023\\\/07\\\/logo_ED.jpg\",\"contentUrl\":\"https:\\\/\\\/www.eldiario.net\\\/portal\\\/wp-content\\\/uploads\\\/2023\\\/07\\\/logo_ED.jpg\",\"width\":272,\"height\":52,\"caption\":\"El Diario - Decano de la prensa nacional\"},\"image\":{\"@id\":\"https:\\\/\\\/www.eldiario.net\\\/portal\\\/#\\\/schema\\\/logo\\\/image\\\/\"},\"sameAs\":[\"https:\\\/\\\/www.facebook.com\\\/eldiario.bolivia\\\/\",\"https:\\\/\\\/x.com\\\/eldiario_net\"]},{\"@type\":\"Person\",\"@id\":\"https:\\\/\\\/www.eldiario.net\\\/portal\\\/#\\\/schema\\\/person\\\/2c57cf2b7a7ae032e449e4c9b1019eac\",\"name\":\"Jeanette\",\"image\":{\"@type\":\"ImageObject\",\"inLanguage\":\"es\",\"@id\":\"https:\\\/\\\/secure.gravatar.com\\\/avatar\\\/3ea2118a5f7dad2b7138b1187a6b7ee55f160b9968b66013c3a3ef39dd7e5798?s=96&d=mm&r=g\",\"url\":\"https:\\\/\\\/secure.gravatar.com\\\/avatar\\\/3ea2118a5f7dad2b7138b1187a6b7ee55f160b9968b66013c3a3ef39dd7e5798?s=96&d=mm&r=g\",\"contentUrl\":\"https:\\\/\\\/secure.gravatar.com\\\/avatar\\\/3ea2118a5f7dad2b7138b1187a6b7ee55f160b9968b66013c3a3ef39dd7e5798?s=96&d=mm&r=g\",\"caption\":\"Jeanette\"},\"sameAs\":[\"https:\\\/\\\/www.eldiario.net\\\/portal\"],\"url\":\"https:\\\/\\\/www.eldiario.net\\\/portal\\\/author\\\/jeanette\\\/\"}]}<\/script>\n<!-- \/ Yoast SEO plugin. -->","yoast_head_json":{"title":"La Juve se mantiene fuera de la Champions - El Diario - Bolivia","robots":{"index":"index","follow":"follow","max-snippet":"max-snippet:-1","max-image-preview":"max-image-preview:large","max-video-preview":"max-video-preview:-1"},"canonical":"https:\/\/www.eldiario.net\/portal\/2021\/05\/13\/la-juve-se-mantiene-fuera-de-la-champions\/","og_locale":"es_ES","og_type":"article","og_title":"La Juve se mantiene fuera de la Champions - El Diario - Bolivia","og_description":"Despu\u00e9s de que el N\u00e1poles (ahora 4\u00ba) goleara 5-1 al Udinese el martes, el Atalanta (2\u00ba), el AC Milan (3\u00ba) y la Juventus (5\u00ba) no cedieron en la carrera por los puestos de Liga de Campeones y ganaron ayer en sus respectivos partidos de la 36\u00aa jornada de la Serie A. El Atalanta venci\u00f3 en [&hellip;]","og_url":"https:\/\/www.eldiario.net\/portal\/2021\/05\/13\/la-juve-se-mantiene-fuera-de-la-champions\/","og_site_name":"El Diario - Bolivia","article_publisher":"https:\/\/www.facebook.com\/eldiario.bolivia\/","article_published_time":"2021-05-13T10:50:52+00:00","author":"Jeanette","twitter_card":"summary_large_image","twitter_creator":"@eldiario_net","twitter_site":"@eldiario_net","twitter_misc":{"Escrito por":"Jeanette","Tiempo de lectura":"3 minutos"},"schema":{"@context":"https:\/\/schema.org","@graph":[{"@type":"Article","@id":"https:\/\/www.eldiario.net\/portal\/2021\/05\/13\/la-juve-se-mantiene-fuera-de-la-champions\/#article","isPartOf":{"@id":"https:\/\/www.eldiario.net\/portal\/2021\/05\/13\/la-juve-se-mantiene-fuera-de-la-champions\/"},"author":{"name":"Jeanette","@id":"https:\/\/www.eldiario.net\/portal\/#\/schema\/person\/2c57cf2b7a7ae032e449e4c9b1019eac"},"headline":"La Juve se mantiene fuera de la Champions","datePublished":"2021-05-13T10:50:52+00:00","mainEntityOfPage":{"@id":"https:\/\/www.eldiario.net\/portal\/2021\/05\/13\/la-juve-se-mantiene-fuera-de-la-champions\/"},"wordCount":644,"publisher":{"@id":"https:\/\/www.eldiario.net\/portal\/#organization"},"image":{"@id":"https:\/\/www.eldiario.net\/portal\/2021\/05\/13\/la-juve-se-mantiene-fuera-de-la-champions\/#primaryimage"},"thumbnailUrl":"","articleSection":["Deportes"],"inLanguage":"es"},{"@type":"WebPage","@id":"https:\/\/www.eldiario.net\/portal\/2021\/05\/13\/la-juve-se-mantiene-fuera-de-la-champions\/","url":"https:\/\/www.eldiario.net\/portal\/2021\/05\/13\/la-juve-se-mantiene-fuera-de-la-champions\/","name":"La Juve se mantiene fuera de la Champions - El Diario - Bolivia","isPartOf":{"@id":"https:\/\/www.eldiario.net\/portal\/#website"},"primaryImageOfPage":{"@id":"https:\/\/www.eldiario.net\/portal\/2021\/05\/13\/la-juve-se-mantiene-fuera-de-la-champions\/#primaryimage"},"image":{"@id":"https:\/\/www.eldiario.net\/portal\/2021\/05\/13\/la-juve-se-mantiene-fuera-de-la-champions\/#primaryimage"},"thumbnailUrl":"","datePublished":"2021-05-13T10:50:52+00:00","breadcrumb":{"@id":"https:\/\/www.eldiario.net\/portal\/2021\/05\/13\/la-juve-se-mantiene-fuera-de-la-champions\/#breadcrumb"},"inLanguage":"es","potentialAction":[{"@type":"ReadAction","target":["https:\/\/www.eldiario.net\/portal\/2021\/05\/13\/la-juve-se-mantiene-fuera-de-la-champions\/"]}]},{"@type":"ImageObject","inLanguage":"es","@id":"https:\/\/www.eldiario.net\/portal\/2021\/05\/13\/la-juve-se-mantiene-fuera-de-la-champions\/#primaryimage","url":"","contentUrl":""},{"@type":"BreadcrumbList","@id":"https:\/\/www.eldiario.net\/portal\/2021\/05\/13\/la-juve-se-mantiene-fuera-de-la-champions\/#breadcrumb","itemListElement":[{"@type":"ListItem","position":1,"name":"Portada","item":"https:\/\/www.eldiario.net\/portal\/"},{"@type":"ListItem","position":2,"name":"La Juve se mantiene fuera de la Champions"}]},{"@type":"WebSite","@id":"https:\/\/www.eldiario.net\/portal\/#website","url":"https:\/\/www.eldiario.net\/portal\/","name":"El Diario - Decano de la prensa nacional","description":"El Diario - Decano de la prensa nacional","publisher":{"@id":"https:\/\/www.eldiario.net\/portal\/#organization"},"potentialAction":[{"@type":"SearchAction","target":{"@type":"EntryPoint","urlTemplate":"https:\/\/www.eldiario.net\/portal\/?s={search_term_string}"},"query-input":{"@type":"PropertyValueSpecification","valueRequired":true,"valueName":"search_term_string"}}],"inLanguage":"es"},{"@type":"Organization","@id":"https:\/\/www.eldiario.net\/portal\/#organization","name":"El Diario - Decano de la prensa nacional","url":"https:\/\/www.eldiario.net\/portal\/","logo":{"@type":"ImageObject","inLanguage":"es","@id":"https:\/\/www.eldiario.net\/portal\/#\/schema\/logo\/image\/","url":"https:\/\/www.eldiario.net\/portal\/wp-content\/uploads\/2023\/07\/logo_ED.jpg","contentUrl":"https:\/\/www.eldiario.net\/portal\/wp-content\/uploads\/2023\/07\/logo_ED.jpg","width":272,"height":52,"caption":"El Diario - Decano de la prensa nacional"},"image":{"@id":"https:\/\/www.eldiario.net\/portal\/#\/schema\/logo\/image\/"},"sameAs":["https:\/\/www.facebook.com\/eldiario.bolivia\/","https:\/\/x.com\/eldiario_net"]},{"@type":"Person","@id":"https:\/\/www.eldiario.net\/portal\/#\/schema\/person\/2c57cf2b7a7ae032e449e4c9b1019eac","name":"Jeanette","image":{"@type":"ImageObject","inLanguage":"es","@id":"https:\/\/secure.gravatar.com\/avatar\/3ea2118a5f7dad2b7138b1187a6b7ee55f160b9968b66013c3a3ef39dd7e5798?s=96&d=mm&r=g","url":"https:\/\/secure.gravatar.com\/avatar\/3ea2118a5f7dad2b7138b1187a6b7ee55f160b9968b66013c3a3ef39dd7e5798?s=96&d=mm&r=g","contentUrl":"https:\/\/secure.gravatar.com\/avatar\/3ea2118a5f7dad2b7138b1187a6b7ee55f160b9968b66013c3a3ef39dd7e5798?s=96&d=mm&r=g","caption":"Jeanette"},"sameAs":["https:\/\/www.eldiario.net\/portal"],"url":"https:\/\/www.eldiario.net\/portal\/author\/jeanette\/"}]}},"_links":{"self":[{"href":"https:\/\/www.eldiario.net\/portal\/wp-json\/wp\/v2\/posts\/3601","targetHints":{"allow":["GET"]}}],"collection":[{"href":"https:\/\/www.eldiario.net\/portal\/wp-json\/wp\/v2\/posts"}],"about":[{"href":"https:\/\/www.eldiario.net\/portal\/wp-json\/wp\/v2\/types\/post"}],"author":[{"embeddable":true,"href":"https:\/\/www.eldiario.net\/portal\/wp-json\/wp\/v2\/users\/1"}],"replies":[{"embeddable":true,"href":"https:\/\/www.eldiario.net\/portal\/wp-json\/wp\/v2\/comments?post=3601"}],"version-history":[{"count":0,"href":"https:\/\/www.eldiario.net\/portal\/wp-json\/wp\/v2\/posts\/3601\/revisions"}],"wp:attachment":[{"href":"https:\/\/www.eldiario.net\/portal\/wp-json\/wp\/v2\/media?parent=3601"}],"wp:term":[{"taxonomy":"category","embeddable":true,"href":"https:\/\/www.eldiario.net\/portal\/wp-json\/wp\/v2\/categories?post=3601"},{"taxonomy":"post_tag","embeddable":true,"href":"https:\/\/www.eldiario.net\/portal\/wp-json\/wp\/v2\/tags?post=3601"}],"curies":[{"name":"wp","href":"https:\/\/api.w.org\/{rel}","templated":true}]}}