{"id":360065,"date":"2026-01-15T06:10:42","date_gmt":"2026-01-15T10:10:42","guid":{"rendered":"https:\/\/www.eldiario.net\/portal\/?p=360065"},"modified":"2026-01-15T06:10:42","modified_gmt":"2026-01-15T10:10:42","slug":"aprehenden-a-cinco-sujetos-que-transportaban-armas-a-villamontes","status":"publish","type":"post","link":"https:\/\/www.eldiario.net\/portal\/2026\/01\/15\/aprehenden-a-cinco-sujetos-que-transportaban-armas-a-villamontes\/","title":{"rendered":"Aprehenden a cinco sujetos que transportaban armas a Villamontes"},"content":{"rendered":"<p>Cinco personas fueron aprehendidas tras ser\u00a0sorprendidas transportando dos armas de fuego y municiones al interior de un veh\u00edculo\u00a0cuando circulaban por la carretera que une Santa Cruz con Villamontes, Tarija.<\/p>\n<p>De acuerdo con la informaci\u00f3n, la captura se procedi\u00f3 durante un operativo de efectivos de la Unidad M\u00f3vil de Patrullaje Rural (Umopar) que\u00a0se desarrollaba de manera rutinaria sobre esta v\u00eda.<\/p>\n<p>Los uniformados detuvieron a un veh\u00edculo para su revisi\u00f3n y, durante la inspecci\u00f3n inicial, detectaron municiones al interior de la guantera, lo que motiv\u00f3 a una revisi\u00f3n m\u00e1s exhaustiva del motorizado.<\/p>\n<p>Al continuar con la requisa, los efectivos encontraron\u00a0dos armas de fuego, una de calibre 9 mil\u00edmetros y otra de 22, que estaban escondidas debajo del asiento del copiloto, adem\u00e1s de varios proyectiles que estaban guardados en una maleta de mano.<\/p>\n<p>Ante esto, los sujetos que iban a bordo de la camioneta quedaron aprehendidos y\u00a0fueron trasladados a dependencias policiales para que presten su declaraci\u00f3n correspondiente.<\/p>\n<p>De acuerdo con el informe policial, el veh\u00edculo y todo el material encontrado, fue incautado y\u00a0quedaron bajo su custodia con fines investigativos para determinar el origen y el posible destino de las armas. Tambi\u00e9n intervienen unidades especializadas de lucha contra el narcotr\u00e1fico. (Con informaci\u00f3n de agencias)<\/p>\n","protected":false},"excerpt":{"rendered":"<p>Cinco personas fueron aprehendidas tras ser\u00a0sorprendidas transportando dos armas de fuego y municiones al interior de un veh\u00edculo\u00a0cuando circulaban por la carretera que une Santa Cruz con Villamontes, Tarija. De acuerdo con la informaci\u00f3n, la captura se procedi\u00f3 durante un operativo de efectivos de la Unidad M\u00f3vil de Patrullaje Rural (Umopar) que\u00a0se desarrollaba de manera [&hellip;]<\/p>\n","protected":false},"author":1,"featured_media":360066,"comment_status":"closed","ping_status":"open","sticky":false,"template":"","format":"standard","meta":{"_acf_changed":false,"footnotes":""},"categories":[39],"tags":[],"class_list":["post-360065","post","type-post","status-publish","format-standard","has-post-thumbnail","category-sociedad"],"acf":{"antetitulo":""},"yoast_head":"<!-- This site is optimized with the Yoast SEO plugin v28.4 - https:\/\/yoast.com\/product\/yoast-seo-wordpress\/ -->\n<title>Aprehenden a cinco sujetos que transportaban armas a Villamontes - El Diario - Bolivia<\/title>\n<meta name=\"robots\" content=\"index, follow, max-snippet:-1, max-image-preview:large, max-video-preview:-1\" \/>\n<link rel=\"canonical\" href=\"https:\/\/www.eldiario.net\/portal\/2026\/01\/15\/aprehenden-a-cinco-sujetos-que-transportaban-armas-a-villamontes\/\" \/>\n<meta property=\"og:locale\" content=\"es_ES\" \/>\n<meta property=\"og:type\" content=\"article\" \/>\n<meta property=\"og:title\" content=\"Aprehenden a cinco sujetos que transportaban armas a Villamontes - El Diario - Bolivia\" \/>\n<meta property=\"og:description\" content=\"Cinco personas fueron aprehendidas tras ser\u00a0sorprendidas transportando dos armas de fuego y municiones al interior de un veh\u00edculo\u00a0cuando circulaban por la carretera que une Santa Cruz con Villamontes, Tarija. De acuerdo con la informaci\u00f3n, la captura se procedi\u00f3 durante un operativo de efectivos de la Unidad M\u00f3vil de Patrullaje Rural (Umopar) que\u00a0se desarrollaba de manera [&hellip;]\" \/>\n<meta property=\"og:url\" content=\"https:\/\/www.eldiario.net\/portal\/2026\/01\/15\/aprehenden-a-cinco-sujetos-que-transportaban-armas-a-villamontes\/\" \/>\n<meta property=\"og:site_name\" content=\"El Diario - Bolivia\" \/>\n<meta property=\"article:publisher\" content=\"https:\/\/www.facebook.com\/eldiario.bolivia\/\" \/>\n<meta property=\"article:published_time\" content=\"2026-01-15T10:10:42+00:00\" \/>\n<meta property=\"og:image\" content=\"https:\/\/www.eldiario.net\/portal\/wp-content\/uploads\/2026\/01\/ARMAS-FOTO.webp\" \/>\n\t<meta property=\"og:image:width\" content=\"1225\" \/>\n\t<meta property=\"og:image:height\" content=\"821\" \/>\n\t<meta property=\"og:image:type\" content=\"image\/webp\" \/>\n<meta name=\"author\" content=\"Jeanette\" \/>\n<meta name=\"twitter:card\" content=\"summary_large_image\" \/>\n<meta name=\"twitter:creator\" content=\"@eldiario_net\" \/>\n<meta name=\"twitter:site\" content=\"@eldiario_net\" \/>\n<meta name=\"twitter:label1\" content=\"Escrito por\" \/>\n\t<meta name=\"twitter:data1\" content=\"Jeanette\" \/>\n\t<meta name=\"twitter:label2\" content=\"Tiempo de lectura\" \/>\n\t<meta name=\"twitter:data2\" content=\"2 minutos\" \/>\n<script type=\"application\/ld+json\" class=\"yoast-schema-graph\">{\"@context\":\"https:\\\/\\\/schema.org\",\"@graph\":[{\"@type\":\"Article\",\"@id\":\"https:\\\/\\\/www.eldiario.net\\\/portal\\\/2026\\\/01\\\/15\\\/aprehenden-a-cinco-sujetos-que-transportaban-armas-a-villamontes\\\/#article\",\"isPartOf\":{\"@id\":\"https:\\\/\\\/www.eldiario.net\\\/portal\\\/2026\\\/01\\\/15\\\/aprehenden-a-cinco-sujetos-que-transportaban-armas-a-villamontes\\\/\"},\"author\":{\"name\":\"Jeanette\",\"@id\":\"https:\\\/\\\/www.eldiario.net\\\/portal\\\/#\\\/schema\\\/person\\\/f46445640444750d7d753ccd04ae01b7\"},\"headline\":\"Aprehenden a cinco sujetos que transportaban armas a Villamontes\",\"datePublished\":\"2026-01-15T10:10:42+00:00\",\"mainEntityOfPage\":{\"@id\":\"https:\\\/\\\/www.eldiario.net\\\/portal\\\/2026\\\/01\\\/15\\\/aprehenden-a-cinco-sujetos-que-transportaban-armas-a-villamontes\\\/\"},\"wordCount\":229,\"publisher\":{\"@id\":\"https:\\\/\\\/www.eldiario.net\\\/portal\\\/#organization\"},\"image\":{\"@id\":\"https:\\\/\\\/www.eldiario.net\\\/portal\\\/2026\\\/01\\\/15\\\/aprehenden-a-cinco-sujetos-que-transportaban-armas-a-villamontes\\\/#primaryimage\"},\"thumbnailUrl\":\"https:\\\/\\\/www.eldiario.net\\\/portal\\\/wp-content\\\/uploads\\\/2026\\\/01\\\/ARMAS-FOTO.webp\",\"articleSection\":[\"Sociedad - Seguridad\"],\"inLanguage\":\"es\"},{\"@type\":\"WebPage\",\"@id\":\"https:\\\/\\\/www.eldiario.net\\\/portal\\\/2026\\\/01\\\/15\\\/aprehenden-a-cinco-sujetos-que-transportaban-armas-a-villamontes\\\/\",\"url\":\"https:\\\/\\\/www.eldiario.net\\\/portal\\\/2026\\\/01\\\/15\\\/aprehenden-a-cinco-sujetos-que-transportaban-armas-a-villamontes\\\/\",\"name\":\"Aprehenden a cinco sujetos que transportaban armas a Villamontes - El Diario - Bolivia\",\"isPartOf\":{\"@id\":\"https:\\\/\\\/www.eldiario.net\\\/portal\\\/#website\"},\"primaryImageOfPage\":{\"@id\":\"https:\\\/\\\/www.eldiario.net\\\/portal\\\/2026\\\/01\\\/15\\\/aprehenden-a-cinco-sujetos-que-transportaban-armas-a-villamontes\\\/#primaryimage\"},\"image\":{\"@id\":\"https:\\\/\\\/www.eldiario.net\\\/portal\\\/2026\\\/01\\\/15\\\/aprehenden-a-cinco-sujetos-que-transportaban-armas-a-villamontes\\\/#primaryimage\"},\"thumbnailUrl\":\"https:\\\/\\\/www.eldiario.net\\\/portal\\\/wp-content\\\/uploads\\\/2026\\\/01\\\/ARMAS-FOTO.webp\",\"datePublished\":\"2026-01-15T10:10:42+00:00\",\"breadcrumb\":{\"@id\":\"https:\\\/\\\/www.eldiario.net\\\/portal\\\/2026\\\/01\\\/15\\\/aprehenden-a-cinco-sujetos-que-transportaban-armas-a-villamontes\\\/#breadcrumb\"},\"inLanguage\":\"es\",\"potentialAction\":[{\"@type\":\"ReadAction\",\"target\":[\"https:\\\/\\\/www.eldiario.net\\\/portal\\\/2026\\\/01\\\/15\\\/aprehenden-a-cinco-sujetos-que-transportaban-armas-a-villamontes\\\/\"]}]},{\"@type\":\"ImageObject\",\"inLanguage\":\"es\",\"@id\":\"https:\\\/\\\/www.eldiario.net\\\/portal\\\/2026\\\/01\\\/15\\\/aprehenden-a-cinco-sujetos-que-transportaban-armas-a-villamontes\\\/#primaryimage\",\"url\":\"https:\\\/\\\/www.eldiario.net\\\/portal\\\/wp-content\\\/uploads\\\/2026\\\/01\\\/ARMAS-FOTO.webp\",\"contentUrl\":\"https:\\\/\\\/www.eldiario.net\\\/portal\\\/wp-content\\\/uploads\\\/2026\\\/01\\\/ARMAS-FOTO.webp\",\"width\":1225,\"height\":821,\"caption\":\"Encontraron armas y municiones. Foto: Captura Unitel\"},{\"@type\":\"BreadcrumbList\",\"@id\":\"https:\\\/\\\/www.eldiario.net\\\/portal\\\/2026\\\/01\\\/15\\\/aprehenden-a-cinco-sujetos-que-transportaban-armas-a-villamontes\\\/#breadcrumb\",\"itemListElement\":[{\"@type\":\"ListItem\",\"position\":1,\"name\":\"Portada\",\"item\":\"https:\\\/\\\/www.eldiario.net\\\/portal\\\/\"},{\"@type\":\"ListItem\",\"position\":2,\"name\":\"Aprehenden a cinco sujetos que transportaban armas a Villamontes\"}]},{\"@type\":\"WebSite\",\"@id\":\"https:\\\/\\\/www.eldiario.net\\\/portal\\\/#website\",\"url\":\"https:\\\/\\\/www.eldiario.net\\\/portal\\\/\",\"name\":\"El Diario - Decano de la prensa nacional\",\"description\":\"El Diario - Decano de la prensa nacional\",\"publisher\":{\"@id\":\"https:\\\/\\\/www.eldiario.net\\\/portal\\\/#organization\"},\"potentialAction\":[{\"@type\":\"SearchAction\",\"target\":{\"@type\":\"EntryPoint\",\"urlTemplate\":\"https:\\\/\\\/www.eldiario.net\\\/portal\\\/?s={search_term_string}\"},\"query-input\":{\"@type\":\"PropertyValueSpecification\",\"valueRequired\":true,\"valueName\":\"search_term_string\"}}],\"inLanguage\":\"es\"},{\"@type\":\"Organization\",\"@id\":\"https:\\\/\\\/www.eldiario.net\\\/portal\\\/#organization\",\"name\":\"El Diario - Decano de la prensa nacional\",\"url\":\"https:\\\/\\\/www.eldiario.net\\\/portal\\\/\",\"logo\":{\"@type\":\"ImageObject\",\"inLanguage\":\"es\",\"@id\":\"https:\\\/\\\/www.eldiario.net\\\/portal\\\/#\\\/schema\\\/logo\\\/image\\\/\",\"url\":\"https:\\\/\\\/www.eldiario.net\\\/portal\\\/wp-content\\\/uploads\\\/2023\\\/07\\\/logo_ED.jpg\",\"contentUrl\":\"https:\\\/\\\/www.eldiario.net\\\/portal\\\/wp-content\\\/uploads\\\/2023\\\/07\\\/logo_ED.jpg\",\"width\":272,\"height\":52,\"caption\":\"El Diario - Decano de la prensa nacional\"},\"image\":{\"@id\":\"https:\\\/\\\/www.eldiario.net\\\/portal\\\/#\\\/schema\\\/logo\\\/image\\\/\"},\"sameAs\":[\"https:\\\/\\\/www.facebook.com\\\/eldiario.bolivia\\\/\",\"https:\\\/\\\/x.com\\\/eldiario_net\"]},{\"@type\":\"Person\",\"@id\":\"https:\\\/\\\/www.eldiario.net\\\/portal\\\/#\\\/schema\\\/person\\\/f46445640444750d7d753ccd04ae01b7\",\"name\":\"Jeanette\",\"image\":{\"@type\":\"ImageObject\",\"inLanguage\":\"es\",\"@id\":\"https:\\\/\\\/secure.gravatar.com\\\/avatar\\\/3ea2118a5f7dad2b7138b1187a6b7ee55f160b9968b66013c3a3ef39dd7e5798?s=96&d=mm&r=g\",\"url\":\"https:\\\/\\\/secure.gravatar.com\\\/avatar\\\/3ea2118a5f7dad2b7138b1187a6b7ee55f160b9968b66013c3a3ef39dd7e5798?s=96&d=mm&r=g\",\"contentUrl\":\"https:\\\/\\\/secure.gravatar.com\\\/avatar\\\/3ea2118a5f7dad2b7138b1187a6b7ee55f160b9968b66013c3a3ef39dd7e5798?s=96&d=mm&r=g\",\"caption\":\"Jeanette\"},\"sameAs\":[\"https:\\\/\\\/www.eldiario.net\\\/portal\"],\"url\":\"https:\\\/\\\/www.eldiario.net\\\/portal\\\/author\\\/jeanette\\\/\"}]}<\/script>\n<!-- \/ Yoast SEO plugin. -->","yoast_head_json":{"title":"Aprehenden a cinco sujetos que transportaban armas a Villamontes - El Diario - Bolivia","robots":{"index":"index","follow":"follow","max-snippet":"max-snippet:-1","max-image-preview":"max-image-preview:large","max-video-preview":"max-video-preview:-1"},"canonical":"https:\/\/www.eldiario.net\/portal\/2026\/01\/15\/aprehenden-a-cinco-sujetos-que-transportaban-armas-a-villamontes\/","og_locale":"es_ES","og_type":"article","og_title":"Aprehenden a cinco sujetos que transportaban armas a Villamontes - El Diario - Bolivia","og_description":"Cinco personas fueron aprehendidas tras ser\u00a0sorprendidas transportando dos armas de fuego y municiones al interior de un veh\u00edculo\u00a0cuando circulaban por la carretera que une Santa Cruz con Villamontes, Tarija. De acuerdo con la informaci\u00f3n, la captura se procedi\u00f3 durante un operativo de efectivos de la Unidad M\u00f3vil de Patrullaje Rural (Umopar) que\u00a0se desarrollaba de manera [&hellip;]","og_url":"https:\/\/www.eldiario.net\/portal\/2026\/01\/15\/aprehenden-a-cinco-sujetos-que-transportaban-armas-a-villamontes\/","og_site_name":"El Diario - Bolivia","article_publisher":"https:\/\/www.facebook.com\/eldiario.bolivia\/","article_published_time":"2026-01-15T10:10:42+00:00","og_image":[{"width":1225,"height":821,"url":"https:\/\/www.eldiario.net\/portal\/wp-content\/uploads\/2026\/01\/ARMAS-FOTO.webp","type":"image\/webp"}],"author":"Jeanette","twitter_card":"summary_large_image","twitter_creator":"@eldiario_net","twitter_site":"@eldiario_net","twitter_misc":{"Escrito por":"Jeanette","Tiempo de lectura":"2 minutos"},"schema":{"@context":"https:\/\/schema.org","@graph":[{"@type":"Article","@id":"https:\/\/www.eldiario.net\/portal\/2026\/01\/15\/aprehenden-a-cinco-sujetos-que-transportaban-armas-a-villamontes\/#article","isPartOf":{"@id":"https:\/\/www.eldiario.net\/portal\/2026\/01\/15\/aprehenden-a-cinco-sujetos-que-transportaban-armas-a-villamontes\/"},"author":{"name":"Jeanette","@id":"https:\/\/www.eldiario.net\/portal\/#\/schema\/person\/f46445640444750d7d753ccd04ae01b7"},"headline":"Aprehenden a cinco sujetos que transportaban armas a Villamontes","datePublished":"2026-01-15T10:10:42+00:00","mainEntityOfPage":{"@id":"https:\/\/www.eldiario.net\/portal\/2026\/01\/15\/aprehenden-a-cinco-sujetos-que-transportaban-armas-a-villamontes\/"},"wordCount":229,"publisher":{"@id":"https:\/\/www.eldiario.net\/portal\/#organization"},"image":{"@id":"https:\/\/www.eldiario.net\/portal\/2026\/01\/15\/aprehenden-a-cinco-sujetos-que-transportaban-armas-a-villamontes\/#primaryimage"},"thumbnailUrl":"https:\/\/www.eldiario.net\/portal\/wp-content\/uploads\/2026\/01\/ARMAS-FOTO.webp","articleSection":["Sociedad - Seguridad"],"inLanguage":"es"},{"@type":"WebPage","@id":"https:\/\/www.eldiario.net\/portal\/2026\/01\/15\/aprehenden-a-cinco-sujetos-que-transportaban-armas-a-villamontes\/","url":"https:\/\/www.eldiario.net\/portal\/2026\/01\/15\/aprehenden-a-cinco-sujetos-que-transportaban-armas-a-villamontes\/","name":"Aprehenden a cinco sujetos que transportaban armas a Villamontes - El Diario - Bolivia","isPartOf":{"@id":"https:\/\/www.eldiario.net\/portal\/#website"},"primaryImageOfPage":{"@id":"https:\/\/www.eldiario.net\/portal\/2026\/01\/15\/aprehenden-a-cinco-sujetos-que-transportaban-armas-a-villamontes\/#primaryimage"},"image":{"@id":"https:\/\/www.eldiario.net\/portal\/2026\/01\/15\/aprehenden-a-cinco-sujetos-que-transportaban-armas-a-villamontes\/#primaryimage"},"thumbnailUrl":"https:\/\/www.eldiario.net\/portal\/wp-content\/uploads\/2026\/01\/ARMAS-FOTO.webp","datePublished":"2026-01-15T10:10:42+00:00","breadcrumb":{"@id":"https:\/\/www.eldiario.net\/portal\/2026\/01\/15\/aprehenden-a-cinco-sujetos-que-transportaban-armas-a-villamontes\/#breadcrumb"},"inLanguage":"es","potentialAction":[{"@type":"ReadAction","target":["https:\/\/www.eldiario.net\/portal\/2026\/01\/15\/aprehenden-a-cinco-sujetos-que-transportaban-armas-a-villamontes\/"]}]},{"@type":"ImageObject","inLanguage":"es","@id":"https:\/\/www.eldiario.net\/portal\/2026\/01\/15\/aprehenden-a-cinco-sujetos-que-transportaban-armas-a-villamontes\/#primaryimage","url":"https:\/\/www.eldiario.net\/portal\/wp-content\/uploads\/2026\/01\/ARMAS-FOTO.webp","contentUrl":"https:\/\/www.eldiario.net\/portal\/wp-content\/uploads\/2026\/01\/ARMAS-FOTO.webp","width":1225,"height":821,"caption":"Encontraron armas y municiones. Foto: Captura Unitel"},{"@type":"BreadcrumbList","@id":"https:\/\/www.eldiario.net\/portal\/2026\/01\/15\/aprehenden-a-cinco-sujetos-que-transportaban-armas-a-villamontes\/#breadcrumb","itemListElement":[{"@type":"ListItem","position":1,"name":"Portada","item":"https:\/\/www.eldiario.net\/portal\/"},{"@type":"ListItem","position":2,"name":"Aprehenden a cinco sujetos que transportaban armas a Villamontes"}]},{"@type":"WebSite","@id":"https:\/\/www.eldiario.net\/portal\/#website","url":"https:\/\/www.eldiario.net\/portal\/","name":"El Diario - Decano de la prensa nacional","description":"El Diario - Decano de la prensa nacional","publisher":{"@id":"https:\/\/www.eldiario.net\/portal\/#organization"},"potentialAction":[{"@type":"SearchAction","target":{"@type":"EntryPoint","urlTemplate":"https:\/\/www.eldiario.net\/portal\/?s={search_term_string}"},"query-input":{"@type":"PropertyValueSpecification","valueRequired":true,"valueName":"search_term_string"}}],"inLanguage":"es"},{"@type":"Organization","@id":"https:\/\/www.eldiario.net\/portal\/#organization","name":"El Diario - Decano de la prensa nacional","url":"https:\/\/www.eldiario.net\/portal\/","logo":{"@type":"ImageObject","inLanguage":"es","@id":"https:\/\/www.eldiario.net\/portal\/#\/schema\/logo\/image\/","url":"https:\/\/www.eldiario.net\/portal\/wp-content\/uploads\/2023\/07\/logo_ED.jpg","contentUrl":"https:\/\/www.eldiario.net\/portal\/wp-content\/uploads\/2023\/07\/logo_ED.jpg","width":272,"height":52,"caption":"El Diario - Decano de la prensa nacional"},"image":{"@id":"https:\/\/www.eldiario.net\/portal\/#\/schema\/logo\/image\/"},"sameAs":["https:\/\/www.facebook.com\/eldiario.bolivia\/","https:\/\/x.com\/eldiario_net"]},{"@type":"Person","@id":"https:\/\/www.eldiario.net\/portal\/#\/schema\/person\/f46445640444750d7d753ccd04ae01b7","name":"Jeanette","image":{"@type":"ImageObject","inLanguage":"es","@id":"https:\/\/secure.gravatar.com\/avatar\/3ea2118a5f7dad2b7138b1187a6b7ee55f160b9968b66013c3a3ef39dd7e5798?s=96&d=mm&r=g","url":"https:\/\/secure.gravatar.com\/avatar\/3ea2118a5f7dad2b7138b1187a6b7ee55f160b9968b66013c3a3ef39dd7e5798?s=96&d=mm&r=g","contentUrl":"https:\/\/secure.gravatar.com\/avatar\/3ea2118a5f7dad2b7138b1187a6b7ee55f160b9968b66013c3a3ef39dd7e5798?s=96&d=mm&r=g","caption":"Jeanette"},"sameAs":["https:\/\/www.eldiario.net\/portal"],"url":"https:\/\/www.eldiario.net\/portal\/author\/jeanette\/"}]}},"_links":{"self":[{"href":"https:\/\/www.eldiario.net\/portal\/wp-json\/wp\/v2\/posts\/360065","targetHints":{"allow":["GET"]}}],"collection":[{"href":"https:\/\/www.eldiario.net\/portal\/wp-json\/wp\/v2\/posts"}],"about":[{"href":"https:\/\/www.eldiario.net\/portal\/wp-json\/wp\/v2\/types\/post"}],"author":[{"embeddable":true,"href":"https:\/\/www.eldiario.net\/portal\/wp-json\/wp\/v2\/users\/1"}],"replies":[{"embeddable":true,"href":"https:\/\/www.eldiario.net\/portal\/wp-json\/wp\/v2\/comments?post=360065"}],"version-history":[{"count":1,"href":"https:\/\/www.eldiario.net\/portal\/wp-json\/wp\/v2\/posts\/360065\/revisions"}],"predecessor-version":[{"id":360067,"href":"https:\/\/www.eldiario.net\/portal\/wp-json\/wp\/v2\/posts\/360065\/revisions\/360067"}],"wp:featuredmedia":[{"embeddable":true,"href":"https:\/\/www.eldiario.net\/portal\/wp-json\/wp\/v2\/media\/360066"}],"wp:attachment":[{"href":"https:\/\/www.eldiario.net\/portal\/wp-json\/wp\/v2\/media?parent=360065"}],"wp:term":[{"taxonomy":"category","embeddable":true,"href":"https:\/\/www.eldiario.net\/portal\/wp-json\/wp\/v2\/categories?post=360065"},{"taxonomy":"post_tag","embeddable":true,"href":"https:\/\/www.eldiario.net\/portal\/wp-json\/wp\/v2\/tags?post=360065"}],"curies":[{"name":"wp","href":"https:\/\/api.w.org\/{rel}","templated":true}]}}