{"id":360062,"date":"2026-01-15T06:10:15","date_gmt":"2026-01-15T10:10:15","guid":{"rendered":"https:\/\/www.eldiario.net\/portal\/?p=360062"},"modified":"2026-01-15T06:10:15","modified_gmt":"2026-01-15T10:10:15","slug":"admiten-denuncia-contra-directorios-de-ypfb-y-anuncian-viaje-a-paraguay","status":"publish","type":"post","link":"https:\/\/www.eldiario.net\/portal\/2026\/01\/15\/admiten-denuncia-contra-directorios-de-ypfb-y-anuncian-viaje-a-paraguay\/","title":{"rendered":"Admiten denuncia contra directorios de YPFB y anuncian viaje a Paraguay"},"content":{"rendered":"<p>El procurador general del Estado, Hugo Le\u00f3n La Faye, inform\u00f3 que la Fiscal\u00eda admiti\u00f3 la denuncia contra dos directorios de Yacimientos Petrol\u00edferos Fiscales Bolivianos (YPFB) por el caso Botrading II y la Comisi\u00f3n de la Verdad anunci\u00f3 un viaje a Paraguay con fines investigativos.<br \/>\n\u201cSe ha aceptado esta investigaci\u00f3n y no son solo seis de esa instancia de Yacimientos que han autorizado todo esto que ha ocurrido\u201d, anunci\u00f3, pues el pr\u00f3ximo paso de la Comisi\u00f3n de la Verdad de los Hidrocarburos que investiga la presunta corrupci\u00f3n en la petrolera estatal es un viaje a Paraguay, repartici\u00f3n que anunci\u00f3 la semana pasada la apertura del caso Botrading II.<br \/>\n\u201cLo que est\u00e1 previsto es poder realizar acciones en el Paraguay\u201d, revel\u00f3 Le\u00f3n al explicar que se lleva adelante investigaciones a un presunto pr\u00e9stamo que le hizo la petrolera estatal a su subsidiaria, entre honorarios profesionales y \u201calguno que otro hallazgo\u201d.<br \/>\nSeg\u00fan el informe de la Procuradur\u00eda y la Comisi\u00f3n de la Verdad de los Hidrocarburos, YPFB prest\u00f3 $us 80 millones a Botrading, de los cuales solo \u201chay constancia de devoluci\u00f3n\u201d de $us 25 millones. Se estima un da\u00f1o econ\u00f3mico de $us 55 millones.<br \/>\nPero, adem\u00e1s, se indaga el pago de $us 1,5 millones a una mujer paraguaya, quien fue parte de Botrading, que ten\u00eda sede en ese pa\u00eds. \u201cLa que ten\u00eda una acci\u00f3n de Botrading era una ciudadana paraguaya y era, a la vez, integrante de un estudio jur\u00eddico que ha cobrado mill\u00f3n y medio de d\u00f3lares por honorarios profesionales\u201d, detall\u00f3.<br \/>\nAdem\u00e1s, reside en La Paz el caso Botrading I, en el cual se investiga los 12 contratos con YPFB para la importaci\u00f3n de combustibles con presunto sobreprecio. Se estima un da\u00f1o econ\u00f3mico de m\u00e1s de 800 millones de d\u00f3lares. (Con informaci\u00f3n de Unitel)<\/p>\n","protected":false},"excerpt":{"rendered":"<p>El procurador general del Estado, Hugo Le\u00f3n La Faye, inform\u00f3 que la Fiscal\u00eda admiti\u00f3 la denuncia contra dos directorios de Yacimientos Petrol\u00edferos Fiscales Bolivianos (YPFB) por el caso Botrading II y la Comisi\u00f3n de la Verdad anunci\u00f3 un viaje a Paraguay con fines investigativos. \u201cSe ha aceptado esta investigaci\u00f3n y no son solo seis de [&hellip;]<\/p>\n","protected":false},"author":1,"featured_media":360063,"comment_status":"closed","ping_status":"open","sticky":false,"template":"","format":"standard","meta":{"_acf_changed":false,"footnotes":""},"categories":[39],"tags":[],"class_list":["post-360062","post","type-post","status-publish","format-standard","has-post-thumbnail","category-sociedad"],"acf":{"antetitulo":"Caso Botrading II"},"yoast_head":"<!-- This site is optimized with the Yoast SEO plugin v28.4 - https:\/\/yoast.com\/product\/yoast-seo-wordpress\/ -->\n<title>Admiten denuncia contra directorios de YPFB y anuncian viaje a Paraguay - El Diario - Bolivia<\/title>\n<meta name=\"robots\" content=\"index, follow, max-snippet:-1, max-image-preview:large, max-video-preview:-1\" \/>\n<link rel=\"canonical\" href=\"https:\/\/www.eldiario.net\/portal\/2026\/01\/15\/admiten-denuncia-contra-directorios-de-ypfb-y-anuncian-viaje-a-paraguay\/\" \/>\n<meta property=\"og:locale\" content=\"es_ES\" \/>\n<meta property=\"og:type\" content=\"article\" \/>\n<meta property=\"og:title\" content=\"Admiten denuncia contra directorios de YPFB y anuncian viaje a Paraguay - El Diario - Bolivia\" \/>\n<meta property=\"og:description\" content=\"El procurador general del Estado, Hugo Le\u00f3n La Faye, inform\u00f3 que la Fiscal\u00eda admiti\u00f3 la denuncia contra dos directorios de Yacimientos Petrol\u00edferos Fiscales Bolivianos (YPFB) por el caso Botrading II y la Comisi\u00f3n de la Verdad anunci\u00f3 un viaje a Paraguay con fines investigativos. \u201cSe ha aceptado esta investigaci\u00f3n y no son solo seis de [&hellip;]\" \/>\n<meta property=\"og:url\" content=\"https:\/\/www.eldiario.net\/portal\/2026\/01\/15\/admiten-denuncia-contra-directorios-de-ypfb-y-anuncian-viaje-a-paraguay\/\" \/>\n<meta property=\"og:site_name\" content=\"El Diario - Bolivia\" \/>\n<meta property=\"article:publisher\" content=\"https:\/\/www.facebook.com\/eldiario.bolivia\/\" \/>\n<meta property=\"article:published_time\" content=\"2026-01-15T10:10:15+00:00\" \/>\n<meta property=\"og:image\" content=\"https:\/\/www.eldiario.net\/portal\/wp-content\/uploads\/2026\/01\/BOT-FOTO.webp\" \/>\n\t<meta property=\"og:image:width\" content=\"1599\" \/>\n\t<meta property=\"og:image:height\" content=\"899\" \/>\n\t<meta property=\"og:image:type\" content=\"image\/webp\" \/>\n<meta name=\"author\" content=\"Jeanette\" \/>\n<meta name=\"twitter:card\" content=\"summary_large_image\" \/>\n<meta name=\"twitter:creator\" content=\"@eldiario_net\" \/>\n<meta name=\"twitter:site\" content=\"@eldiario_net\" \/>\n<meta name=\"twitter:label1\" content=\"Escrito por\" \/>\n\t<meta name=\"twitter:data1\" content=\"Jeanette\" \/>\n\t<meta name=\"twitter:label2\" content=\"Tiempo de lectura\" \/>\n\t<meta name=\"twitter:data2\" content=\"2 minutos\" \/>\n<script type=\"application\/ld+json\" class=\"yoast-schema-graph\">{\"@context\":\"https:\\\/\\\/schema.org\",\"@graph\":[{\"@type\":\"Article\",\"@id\":\"https:\\\/\\\/www.eldiario.net\\\/portal\\\/2026\\\/01\\\/15\\\/admiten-denuncia-contra-directorios-de-ypfb-y-anuncian-viaje-a-paraguay\\\/#article\",\"isPartOf\":{\"@id\":\"https:\\\/\\\/www.eldiario.net\\\/portal\\\/2026\\\/01\\\/15\\\/admiten-denuncia-contra-directorios-de-ypfb-y-anuncian-viaje-a-paraguay\\\/\"},\"author\":{\"name\":\"Jeanette\",\"@id\":\"https:\\\/\\\/www.eldiario.net\\\/portal\\\/#\\\/schema\\\/person\\\/f46445640444750d7d753ccd04ae01b7\"},\"headline\":\"Admiten denuncia contra directorios de YPFB y anuncian viaje a Paraguay\",\"datePublished\":\"2026-01-15T10:10:15+00:00\",\"mainEntityOfPage\":{\"@id\":\"https:\\\/\\\/www.eldiario.net\\\/portal\\\/2026\\\/01\\\/15\\\/admiten-denuncia-contra-directorios-de-ypfb-y-anuncian-viaje-a-paraguay\\\/\"},\"wordCount\":329,\"publisher\":{\"@id\":\"https:\\\/\\\/www.eldiario.net\\\/portal\\\/#organization\"},\"image\":{\"@id\":\"https:\\\/\\\/www.eldiario.net\\\/portal\\\/2026\\\/01\\\/15\\\/admiten-denuncia-contra-directorios-de-ypfb-y-anuncian-viaje-a-paraguay\\\/#primaryimage\"},\"thumbnailUrl\":\"https:\\\/\\\/www.eldiario.net\\\/portal\\\/wp-content\\\/uploads\\\/2026\\\/01\\\/BOT-FOTO.webp\",\"articleSection\":[\"Sociedad - Seguridad\"],\"inLanguage\":\"es\"},{\"@type\":\"WebPage\",\"@id\":\"https:\\\/\\\/www.eldiario.net\\\/portal\\\/2026\\\/01\\\/15\\\/admiten-denuncia-contra-directorios-de-ypfb-y-anuncian-viaje-a-paraguay\\\/\",\"url\":\"https:\\\/\\\/www.eldiario.net\\\/portal\\\/2026\\\/01\\\/15\\\/admiten-denuncia-contra-directorios-de-ypfb-y-anuncian-viaje-a-paraguay\\\/\",\"name\":\"Admiten denuncia contra directorios de YPFB y anuncian viaje a Paraguay - El Diario - Bolivia\",\"isPartOf\":{\"@id\":\"https:\\\/\\\/www.eldiario.net\\\/portal\\\/#website\"},\"primaryImageOfPage\":{\"@id\":\"https:\\\/\\\/www.eldiario.net\\\/portal\\\/2026\\\/01\\\/15\\\/admiten-denuncia-contra-directorios-de-ypfb-y-anuncian-viaje-a-paraguay\\\/#primaryimage\"},\"image\":{\"@id\":\"https:\\\/\\\/www.eldiario.net\\\/portal\\\/2026\\\/01\\\/15\\\/admiten-denuncia-contra-directorios-de-ypfb-y-anuncian-viaje-a-paraguay\\\/#primaryimage\"},\"thumbnailUrl\":\"https:\\\/\\\/www.eldiario.net\\\/portal\\\/wp-content\\\/uploads\\\/2026\\\/01\\\/BOT-FOTO.webp\",\"datePublished\":\"2026-01-15T10:10:15+00:00\",\"breadcrumb\":{\"@id\":\"https:\\\/\\\/www.eldiario.net\\\/portal\\\/2026\\\/01\\\/15\\\/admiten-denuncia-contra-directorios-de-ypfb-y-anuncian-viaje-a-paraguay\\\/#breadcrumb\"},\"inLanguage\":\"es\",\"potentialAction\":[{\"@type\":\"ReadAction\",\"target\":[\"https:\\\/\\\/www.eldiario.net\\\/portal\\\/2026\\\/01\\\/15\\\/admiten-denuncia-contra-directorios-de-ypfb-y-anuncian-viaje-a-paraguay\\\/\"]}]},{\"@type\":\"ImageObject\",\"inLanguage\":\"es\",\"@id\":\"https:\\\/\\\/www.eldiario.net\\\/portal\\\/2026\\\/01\\\/15\\\/admiten-denuncia-contra-directorios-de-ypfb-y-anuncian-viaje-a-paraguay\\\/#primaryimage\",\"url\":\"https:\\\/\\\/www.eldiario.net\\\/portal\\\/wp-content\\\/uploads\\\/2026\\\/01\\\/BOT-FOTO.webp\",\"contentUrl\":\"https:\\\/\\\/www.eldiario.net\\\/portal\\\/wp-content\\\/uploads\\\/2026\\\/01\\\/BOT-FOTO.webp\",\"width\":1599,\"height\":899,\"caption\":\"Procurador general, Hugo Le\u00f3n. Foto: PGE\"},{\"@type\":\"BreadcrumbList\",\"@id\":\"https:\\\/\\\/www.eldiario.net\\\/portal\\\/2026\\\/01\\\/15\\\/admiten-denuncia-contra-directorios-de-ypfb-y-anuncian-viaje-a-paraguay\\\/#breadcrumb\",\"itemListElement\":[{\"@type\":\"ListItem\",\"position\":1,\"name\":\"Portada\",\"item\":\"https:\\\/\\\/www.eldiario.net\\\/portal\\\/\"},{\"@type\":\"ListItem\",\"position\":2,\"name\":\"Admiten denuncia contra directorios de YPFB y anuncian viaje a Paraguay\"}]},{\"@type\":\"WebSite\",\"@id\":\"https:\\\/\\\/www.eldiario.net\\\/portal\\\/#website\",\"url\":\"https:\\\/\\\/www.eldiario.net\\\/portal\\\/\",\"name\":\"El Diario - Decano de la prensa nacional\",\"description\":\"El Diario - Decano de la prensa nacional\",\"publisher\":{\"@id\":\"https:\\\/\\\/www.eldiario.net\\\/portal\\\/#organization\"},\"potentialAction\":[{\"@type\":\"SearchAction\",\"target\":{\"@type\":\"EntryPoint\",\"urlTemplate\":\"https:\\\/\\\/www.eldiario.net\\\/portal\\\/?s={search_term_string}\"},\"query-input\":{\"@type\":\"PropertyValueSpecification\",\"valueRequired\":true,\"valueName\":\"search_term_string\"}}],\"inLanguage\":\"es\"},{\"@type\":\"Organization\",\"@id\":\"https:\\\/\\\/www.eldiario.net\\\/portal\\\/#organization\",\"name\":\"El Diario - Decano de la prensa nacional\",\"url\":\"https:\\\/\\\/www.eldiario.net\\\/portal\\\/\",\"logo\":{\"@type\":\"ImageObject\",\"inLanguage\":\"es\",\"@id\":\"https:\\\/\\\/www.eldiario.net\\\/portal\\\/#\\\/schema\\\/logo\\\/image\\\/\",\"url\":\"https:\\\/\\\/www.eldiario.net\\\/portal\\\/wp-content\\\/uploads\\\/2023\\\/07\\\/logo_ED.jpg\",\"contentUrl\":\"https:\\\/\\\/www.eldiario.net\\\/portal\\\/wp-content\\\/uploads\\\/2023\\\/07\\\/logo_ED.jpg\",\"width\":272,\"height\":52,\"caption\":\"El Diario - Decano de la prensa nacional\"},\"image\":{\"@id\":\"https:\\\/\\\/www.eldiario.net\\\/portal\\\/#\\\/schema\\\/logo\\\/image\\\/\"},\"sameAs\":[\"https:\\\/\\\/www.facebook.com\\\/eldiario.bolivia\\\/\",\"https:\\\/\\\/x.com\\\/eldiario_net\"]},{\"@type\":\"Person\",\"@id\":\"https:\\\/\\\/www.eldiario.net\\\/portal\\\/#\\\/schema\\\/person\\\/f46445640444750d7d753ccd04ae01b7\",\"name\":\"Jeanette\",\"image\":{\"@type\":\"ImageObject\",\"inLanguage\":\"es\",\"@id\":\"https:\\\/\\\/secure.gravatar.com\\\/avatar\\\/3ea2118a5f7dad2b7138b1187a6b7ee55f160b9968b66013c3a3ef39dd7e5798?s=96&d=mm&r=g\",\"url\":\"https:\\\/\\\/secure.gravatar.com\\\/avatar\\\/3ea2118a5f7dad2b7138b1187a6b7ee55f160b9968b66013c3a3ef39dd7e5798?s=96&d=mm&r=g\",\"contentUrl\":\"https:\\\/\\\/secure.gravatar.com\\\/avatar\\\/3ea2118a5f7dad2b7138b1187a6b7ee55f160b9968b66013c3a3ef39dd7e5798?s=96&d=mm&r=g\",\"caption\":\"Jeanette\"},\"sameAs\":[\"https:\\\/\\\/www.eldiario.net\\\/portal\"],\"url\":\"https:\\\/\\\/www.eldiario.net\\\/portal\\\/author\\\/jeanette\\\/\"}]}<\/script>\n<!-- \/ Yoast SEO plugin. -->","yoast_head_json":{"title":"Admiten denuncia contra directorios de YPFB y anuncian viaje a Paraguay - El Diario - Bolivia","robots":{"index":"index","follow":"follow","max-snippet":"max-snippet:-1","max-image-preview":"max-image-preview:large","max-video-preview":"max-video-preview:-1"},"canonical":"https:\/\/www.eldiario.net\/portal\/2026\/01\/15\/admiten-denuncia-contra-directorios-de-ypfb-y-anuncian-viaje-a-paraguay\/","og_locale":"es_ES","og_type":"article","og_title":"Admiten denuncia contra directorios de YPFB y anuncian viaje a Paraguay - El Diario - Bolivia","og_description":"El procurador general del Estado, Hugo Le\u00f3n La Faye, inform\u00f3 que la Fiscal\u00eda admiti\u00f3 la denuncia contra dos directorios de Yacimientos Petrol\u00edferos Fiscales Bolivianos (YPFB) por el caso Botrading II y la Comisi\u00f3n de la Verdad anunci\u00f3 un viaje a Paraguay con fines investigativos. \u201cSe ha aceptado esta investigaci\u00f3n y no son solo seis de [&hellip;]","og_url":"https:\/\/www.eldiario.net\/portal\/2026\/01\/15\/admiten-denuncia-contra-directorios-de-ypfb-y-anuncian-viaje-a-paraguay\/","og_site_name":"El Diario - Bolivia","article_publisher":"https:\/\/www.facebook.com\/eldiario.bolivia\/","article_published_time":"2026-01-15T10:10:15+00:00","og_image":[{"width":1599,"height":899,"url":"https:\/\/www.eldiario.net\/portal\/wp-content\/uploads\/2026\/01\/BOT-FOTO.webp","type":"image\/webp"}],"author":"Jeanette","twitter_card":"summary_large_image","twitter_creator":"@eldiario_net","twitter_site":"@eldiario_net","twitter_misc":{"Escrito por":"Jeanette","Tiempo de lectura":"2 minutos"},"schema":{"@context":"https:\/\/schema.org","@graph":[{"@type":"Article","@id":"https:\/\/www.eldiario.net\/portal\/2026\/01\/15\/admiten-denuncia-contra-directorios-de-ypfb-y-anuncian-viaje-a-paraguay\/#article","isPartOf":{"@id":"https:\/\/www.eldiario.net\/portal\/2026\/01\/15\/admiten-denuncia-contra-directorios-de-ypfb-y-anuncian-viaje-a-paraguay\/"},"author":{"name":"Jeanette","@id":"https:\/\/www.eldiario.net\/portal\/#\/schema\/person\/f46445640444750d7d753ccd04ae01b7"},"headline":"Admiten denuncia contra directorios de YPFB y anuncian viaje a Paraguay","datePublished":"2026-01-15T10:10:15+00:00","mainEntityOfPage":{"@id":"https:\/\/www.eldiario.net\/portal\/2026\/01\/15\/admiten-denuncia-contra-directorios-de-ypfb-y-anuncian-viaje-a-paraguay\/"},"wordCount":329,"publisher":{"@id":"https:\/\/www.eldiario.net\/portal\/#organization"},"image":{"@id":"https:\/\/www.eldiario.net\/portal\/2026\/01\/15\/admiten-denuncia-contra-directorios-de-ypfb-y-anuncian-viaje-a-paraguay\/#primaryimage"},"thumbnailUrl":"https:\/\/www.eldiario.net\/portal\/wp-content\/uploads\/2026\/01\/BOT-FOTO.webp","articleSection":["Sociedad - Seguridad"],"inLanguage":"es"},{"@type":"WebPage","@id":"https:\/\/www.eldiario.net\/portal\/2026\/01\/15\/admiten-denuncia-contra-directorios-de-ypfb-y-anuncian-viaje-a-paraguay\/","url":"https:\/\/www.eldiario.net\/portal\/2026\/01\/15\/admiten-denuncia-contra-directorios-de-ypfb-y-anuncian-viaje-a-paraguay\/","name":"Admiten denuncia contra directorios de YPFB y anuncian viaje a Paraguay - El Diario - Bolivia","isPartOf":{"@id":"https:\/\/www.eldiario.net\/portal\/#website"},"primaryImageOfPage":{"@id":"https:\/\/www.eldiario.net\/portal\/2026\/01\/15\/admiten-denuncia-contra-directorios-de-ypfb-y-anuncian-viaje-a-paraguay\/#primaryimage"},"image":{"@id":"https:\/\/www.eldiario.net\/portal\/2026\/01\/15\/admiten-denuncia-contra-directorios-de-ypfb-y-anuncian-viaje-a-paraguay\/#primaryimage"},"thumbnailUrl":"https:\/\/www.eldiario.net\/portal\/wp-content\/uploads\/2026\/01\/BOT-FOTO.webp","datePublished":"2026-01-15T10:10:15+00:00","breadcrumb":{"@id":"https:\/\/www.eldiario.net\/portal\/2026\/01\/15\/admiten-denuncia-contra-directorios-de-ypfb-y-anuncian-viaje-a-paraguay\/#breadcrumb"},"inLanguage":"es","potentialAction":[{"@type":"ReadAction","target":["https:\/\/www.eldiario.net\/portal\/2026\/01\/15\/admiten-denuncia-contra-directorios-de-ypfb-y-anuncian-viaje-a-paraguay\/"]}]},{"@type":"ImageObject","inLanguage":"es","@id":"https:\/\/www.eldiario.net\/portal\/2026\/01\/15\/admiten-denuncia-contra-directorios-de-ypfb-y-anuncian-viaje-a-paraguay\/#primaryimage","url":"https:\/\/www.eldiario.net\/portal\/wp-content\/uploads\/2026\/01\/BOT-FOTO.webp","contentUrl":"https:\/\/www.eldiario.net\/portal\/wp-content\/uploads\/2026\/01\/BOT-FOTO.webp","width":1599,"height":899,"caption":"Procurador general, Hugo Le\u00f3n. Foto: PGE"},{"@type":"BreadcrumbList","@id":"https:\/\/www.eldiario.net\/portal\/2026\/01\/15\/admiten-denuncia-contra-directorios-de-ypfb-y-anuncian-viaje-a-paraguay\/#breadcrumb","itemListElement":[{"@type":"ListItem","position":1,"name":"Portada","item":"https:\/\/www.eldiario.net\/portal\/"},{"@type":"ListItem","position":2,"name":"Admiten denuncia contra directorios de YPFB y anuncian viaje a Paraguay"}]},{"@type":"WebSite","@id":"https:\/\/www.eldiario.net\/portal\/#website","url":"https:\/\/www.eldiario.net\/portal\/","name":"El Diario - Decano de la prensa nacional","description":"El Diario - Decano de la prensa nacional","publisher":{"@id":"https:\/\/www.eldiario.net\/portal\/#organization"},"potentialAction":[{"@type":"SearchAction","target":{"@type":"EntryPoint","urlTemplate":"https:\/\/www.eldiario.net\/portal\/?s={search_term_string}"},"query-input":{"@type":"PropertyValueSpecification","valueRequired":true,"valueName":"search_term_string"}}],"inLanguage":"es"},{"@type":"Organization","@id":"https:\/\/www.eldiario.net\/portal\/#organization","name":"El Diario - Decano de la prensa nacional","url":"https:\/\/www.eldiario.net\/portal\/","logo":{"@type":"ImageObject","inLanguage":"es","@id":"https:\/\/www.eldiario.net\/portal\/#\/schema\/logo\/image\/","url":"https:\/\/www.eldiario.net\/portal\/wp-content\/uploads\/2023\/07\/logo_ED.jpg","contentUrl":"https:\/\/www.eldiario.net\/portal\/wp-content\/uploads\/2023\/07\/logo_ED.jpg","width":272,"height":52,"caption":"El Diario - Decano de la prensa nacional"},"image":{"@id":"https:\/\/www.eldiario.net\/portal\/#\/schema\/logo\/image\/"},"sameAs":["https:\/\/www.facebook.com\/eldiario.bolivia\/","https:\/\/x.com\/eldiario_net"]},{"@type":"Person","@id":"https:\/\/www.eldiario.net\/portal\/#\/schema\/person\/f46445640444750d7d753ccd04ae01b7","name":"Jeanette","image":{"@type":"ImageObject","inLanguage":"es","@id":"https:\/\/secure.gravatar.com\/avatar\/3ea2118a5f7dad2b7138b1187a6b7ee55f160b9968b66013c3a3ef39dd7e5798?s=96&d=mm&r=g","url":"https:\/\/secure.gravatar.com\/avatar\/3ea2118a5f7dad2b7138b1187a6b7ee55f160b9968b66013c3a3ef39dd7e5798?s=96&d=mm&r=g","contentUrl":"https:\/\/secure.gravatar.com\/avatar\/3ea2118a5f7dad2b7138b1187a6b7ee55f160b9968b66013c3a3ef39dd7e5798?s=96&d=mm&r=g","caption":"Jeanette"},"sameAs":["https:\/\/www.eldiario.net\/portal"],"url":"https:\/\/www.eldiario.net\/portal\/author\/jeanette\/"}]}},"_links":{"self":[{"href":"https:\/\/www.eldiario.net\/portal\/wp-json\/wp\/v2\/posts\/360062","targetHints":{"allow":["GET"]}}],"collection":[{"href":"https:\/\/www.eldiario.net\/portal\/wp-json\/wp\/v2\/posts"}],"about":[{"href":"https:\/\/www.eldiario.net\/portal\/wp-json\/wp\/v2\/types\/post"}],"author":[{"embeddable":true,"href":"https:\/\/www.eldiario.net\/portal\/wp-json\/wp\/v2\/users\/1"}],"replies":[{"embeddable":true,"href":"https:\/\/www.eldiario.net\/portal\/wp-json\/wp\/v2\/comments?post=360062"}],"version-history":[{"count":1,"href":"https:\/\/www.eldiario.net\/portal\/wp-json\/wp\/v2\/posts\/360062\/revisions"}],"predecessor-version":[{"id":360064,"href":"https:\/\/www.eldiario.net\/portal\/wp-json\/wp\/v2\/posts\/360062\/revisions\/360064"}],"wp:featuredmedia":[{"embeddable":true,"href":"https:\/\/www.eldiario.net\/portal\/wp-json\/wp\/v2\/media\/360063"}],"wp:attachment":[{"href":"https:\/\/www.eldiario.net\/portal\/wp-json\/wp\/v2\/media?parent=360062"}],"wp:term":[{"taxonomy":"category","embeddable":true,"href":"https:\/\/www.eldiario.net\/portal\/wp-json\/wp\/v2\/categories?post=360062"},{"taxonomy":"post_tag","embeddable":true,"href":"https:\/\/www.eldiario.net\/portal\/wp-json\/wp\/v2\/tags?post=360062"}],"curies":[{"name":"wp","href":"https:\/\/api.w.org\/{rel}","templated":true}]}}