{"id":360059,"date":"2026-01-15T06:09:37","date_gmt":"2026-01-15T10:09:37","guid":{"rendered":"https:\/\/www.eldiario.net\/portal\/?p=360059"},"modified":"2026-01-15T06:09:37","modified_gmt":"2026-01-15T10:09:37","slug":"declaran-a-dorgathen-rebelde-y-disponen-su-aprehension","status":"publish","type":"post","link":"https:\/\/www.eldiario.net\/portal\/2026\/01\/15\/declaran-a-dorgathen-rebelde-y-disponen-su-aprehension\/","title":{"rendered":"Declaran a Dorgathen rebelde y disponen su aprehensi\u00f3n"},"content":{"rendered":"<p>Un juez declar\u00f3 en rebeld\u00eda al expresidente de Yacimientos Petrol\u00edferos Fiscales Bolivianos (YPFB), Armin Dorgathen, y orden\u00f3 su aprehensi\u00f3n tras su inasistencia a una audiencia cautelar, as\u00ed como la activaci\u00f3n del sello rojo de Interpol en su contra.<\/p>\n<p>El procurador general, Hugo Le\u00f3n, confirm\u00f3 ayer que tambi\u00e9n se emiti\u00f3 un mandamiento de aprehensi\u00f3n, anotaci\u00f3n preventiva de bienes, congelamiento de cuentas y otras medidas cautelares contra Dorgathen, durante su audiencia por el caso Botrading por presuntas irregularidades en la compra de combustibles.<\/p>\n<p>Asimismo, Le\u00f3n destac\u00f3 que esta determinaci\u00f3n judicial permite tambi\u00e9n la emisi\u00f3n del sello rojo de Interpol, organizaci\u00f3n internacional de polic\u00eda criminal que podr\u00e1 \u201cproceder con la tramitaci\u00f3n de la extradici\u00f3n para que el ciudadano llegue al pa\u00eds y responda por sus actos ante los bolivianos\u201d.<\/p>\n<p>Se conoci\u00f3 que Dorgathen se encuentra en la rep\u00fablica de Brasil, desde donde habr\u00eda enviado memorial alegando que estaba en calidad de refugiado. Sin embargo, el juez desestim\u00f3 el memorial porque no contaba con aval del Ministerio de Relaciones Exteriores, seg\u00fan inform\u00f3 el abogado, Kurmi Rocha.<\/p>\n<p>El expresidente de la petrolera estatal ya hab\u00eda sido visto semanas atr\u00e1s en el vecino pa\u00eds, por lo que su inasistencia judicial ya estaba prevista. Es investigado por varios delitos, entre ellos uso indebido de influencias y conducta antiecon\u00f3mica, por la presunta compra irregular de combustible a trav\u00e9s de la subsidiaria de YPFB, llamada Botrading.<\/p>\n<p>La audiencia se efectu\u00f3 ayer a las 10:00 en el Juzgado Quinto de Instrucci\u00f3n Penal, Anticorrupci\u00f3n y Contra la Violencia Hacia la Mujer, en la sede de Gobierno. Entre las medidas cautelares dispuestas tambi\u00e9n figuran arraigo nacional, conservaci\u00f3n de actuaciones y publicaci\u00f3n de datos personales.<\/p>\n","protected":false},"excerpt":{"rendered":"<p>Un juez declar\u00f3 en rebeld\u00eda al expresidente de Yacimientos Petrol\u00edferos Fiscales Bolivianos (YPFB), Armin Dorgathen, y orden\u00f3 su aprehensi\u00f3n tras su inasistencia a una audiencia cautelar, as\u00ed como la activaci\u00f3n del sello rojo de Interpol en su contra. El procurador general, Hugo Le\u00f3n, confirm\u00f3 ayer que tambi\u00e9n se emiti\u00f3 un mandamiento de aprehensi\u00f3n, anotaci\u00f3n preventiva [&hellip;]<\/p>\n","protected":false},"author":1,"featured_media":360060,"comment_status":"closed","ping_status":"open","sticky":false,"template":"","format":"standard","meta":{"_acf_changed":false,"footnotes":""},"categories":[39],"tags":[],"class_list":["post-360059","post","type-post","status-publish","format-standard","has-post-thumbnail","category-sociedad"],"acf":{"antetitulo":"Tras inasistencia a su audiencia"},"yoast_head":"<!-- This site is optimized with the Yoast SEO plugin v28.4 - https:\/\/yoast.com\/product\/yoast-seo-wordpress\/ -->\n<title>Declaran a Dorgathen rebelde y disponen su aprehensi\u00f3n - El Diario - Bolivia<\/title>\n<meta name=\"robots\" content=\"index, follow, max-snippet:-1, max-image-preview:large, max-video-preview:-1\" \/>\n<link rel=\"canonical\" href=\"https:\/\/www.eldiario.net\/portal\/2026\/01\/15\/declaran-a-dorgathen-rebelde-y-disponen-su-aprehension\/\" \/>\n<meta property=\"og:locale\" content=\"es_ES\" \/>\n<meta property=\"og:type\" content=\"article\" \/>\n<meta property=\"og:title\" content=\"Declaran a Dorgathen rebelde y disponen su aprehensi\u00f3n - El Diario - Bolivia\" \/>\n<meta property=\"og:description\" content=\"Un juez declar\u00f3 en rebeld\u00eda al expresidente de Yacimientos Petrol\u00edferos Fiscales Bolivianos (YPFB), Armin Dorgathen, y orden\u00f3 su aprehensi\u00f3n tras su inasistencia a una audiencia cautelar, as\u00ed como la activaci\u00f3n del sello rojo de Interpol en su contra. El procurador general, Hugo Le\u00f3n, confirm\u00f3 ayer que tambi\u00e9n se emiti\u00f3 un mandamiento de aprehensi\u00f3n, anotaci\u00f3n preventiva [&hellip;]\" \/>\n<meta property=\"og:url\" content=\"https:\/\/www.eldiario.net\/portal\/2026\/01\/15\/declaran-a-dorgathen-rebelde-y-disponen-su-aprehension\/\" \/>\n<meta property=\"og:site_name\" content=\"El Diario - Bolivia\" \/>\n<meta property=\"article:publisher\" content=\"https:\/\/www.facebook.com\/eldiario.bolivia\/\" \/>\n<meta property=\"article:published_time\" content=\"2026-01-15T10:09:37+00:00\" \/>\n<meta property=\"og:image\" content=\"https:\/\/www.eldiario.net\/portal\/wp-content\/uploads\/2026\/01\/DOR-FOTO.webp\" \/>\n\t<meta property=\"og:image:width\" content=\"900\" \/>\n\t<meta property=\"og:image:height\" content=\"583\" \/>\n\t<meta property=\"og:image:type\" content=\"image\/webp\" \/>\n<meta name=\"author\" content=\"Jeanette\" \/>\n<meta name=\"twitter:card\" content=\"summary_large_image\" \/>\n<meta name=\"twitter:creator\" content=\"@eldiario_net\" \/>\n<meta name=\"twitter:site\" content=\"@eldiario_net\" \/>\n<meta name=\"twitter:label1\" content=\"Escrito por\" \/>\n\t<meta name=\"twitter:data1\" content=\"Jeanette\" \/>\n\t<meta name=\"twitter:label2\" content=\"Tiempo de lectura\" \/>\n\t<meta name=\"twitter:data2\" content=\"2 minutos\" \/>\n<script type=\"application\/ld+json\" class=\"yoast-schema-graph\">{\"@context\":\"https:\\\/\\\/schema.org\",\"@graph\":[{\"@type\":\"Article\",\"@id\":\"https:\\\/\\\/www.eldiario.net\\\/portal\\\/2026\\\/01\\\/15\\\/declaran-a-dorgathen-rebelde-y-disponen-su-aprehension\\\/#article\",\"isPartOf\":{\"@id\":\"https:\\\/\\\/www.eldiario.net\\\/portal\\\/2026\\\/01\\\/15\\\/declaran-a-dorgathen-rebelde-y-disponen-su-aprehension\\\/\"},\"author\":{\"name\":\"Jeanette\",\"@id\":\"https:\\\/\\\/www.eldiario.net\\\/portal\\\/#\\\/schema\\\/person\\\/f46445640444750d7d753ccd04ae01b7\"},\"headline\":\"Declaran a Dorgathen rebelde y disponen su aprehensi\u00f3n\",\"datePublished\":\"2026-01-15T10:09:37+00:00\",\"mainEntityOfPage\":{\"@id\":\"https:\\\/\\\/www.eldiario.net\\\/portal\\\/2026\\\/01\\\/15\\\/declaran-a-dorgathen-rebelde-y-disponen-su-aprehension\\\/\"},\"wordCount\":310,\"publisher\":{\"@id\":\"https:\\\/\\\/www.eldiario.net\\\/portal\\\/#organization\"},\"image\":{\"@id\":\"https:\\\/\\\/www.eldiario.net\\\/portal\\\/2026\\\/01\\\/15\\\/declaran-a-dorgathen-rebelde-y-disponen-su-aprehension\\\/#primaryimage\"},\"thumbnailUrl\":\"https:\\\/\\\/www.eldiario.net\\\/portal\\\/wp-content\\\/uploads\\\/2026\\\/01\\\/DOR-FOTO.webp\",\"articleSection\":[\"Sociedad - Seguridad\"],\"inLanguage\":\"es\"},{\"@type\":\"WebPage\",\"@id\":\"https:\\\/\\\/www.eldiario.net\\\/portal\\\/2026\\\/01\\\/15\\\/declaran-a-dorgathen-rebelde-y-disponen-su-aprehension\\\/\",\"url\":\"https:\\\/\\\/www.eldiario.net\\\/portal\\\/2026\\\/01\\\/15\\\/declaran-a-dorgathen-rebelde-y-disponen-su-aprehension\\\/\",\"name\":\"Declaran a Dorgathen rebelde y disponen su aprehensi\u00f3n - El Diario - Bolivia\",\"isPartOf\":{\"@id\":\"https:\\\/\\\/www.eldiario.net\\\/portal\\\/#website\"},\"primaryImageOfPage\":{\"@id\":\"https:\\\/\\\/www.eldiario.net\\\/portal\\\/2026\\\/01\\\/15\\\/declaran-a-dorgathen-rebelde-y-disponen-su-aprehension\\\/#primaryimage\"},\"image\":{\"@id\":\"https:\\\/\\\/www.eldiario.net\\\/portal\\\/2026\\\/01\\\/15\\\/declaran-a-dorgathen-rebelde-y-disponen-su-aprehension\\\/#primaryimage\"},\"thumbnailUrl\":\"https:\\\/\\\/www.eldiario.net\\\/portal\\\/wp-content\\\/uploads\\\/2026\\\/01\\\/DOR-FOTO.webp\",\"datePublished\":\"2026-01-15T10:09:37+00:00\",\"breadcrumb\":{\"@id\":\"https:\\\/\\\/www.eldiario.net\\\/portal\\\/2026\\\/01\\\/15\\\/declaran-a-dorgathen-rebelde-y-disponen-su-aprehension\\\/#breadcrumb\"},\"inLanguage\":\"es\",\"potentialAction\":[{\"@type\":\"ReadAction\",\"target\":[\"https:\\\/\\\/www.eldiario.net\\\/portal\\\/2026\\\/01\\\/15\\\/declaran-a-dorgathen-rebelde-y-disponen-su-aprehension\\\/\"]}]},{\"@type\":\"ImageObject\",\"inLanguage\":\"es\",\"@id\":\"https:\\\/\\\/www.eldiario.net\\\/portal\\\/2026\\\/01\\\/15\\\/declaran-a-dorgathen-rebelde-y-disponen-su-aprehension\\\/#primaryimage\",\"url\":\"https:\\\/\\\/www.eldiario.net\\\/portal\\\/wp-content\\\/uploads\\\/2026\\\/01\\\/DOR-FOTO.webp\",\"contentUrl\":\"https:\\\/\\\/www.eldiario.net\\\/portal\\\/wp-content\\\/uploads\\\/2026\\\/01\\\/DOR-FOTO.webp\",\"width\":900,\"height\":583,\"caption\":\"Expresidente de YPFB, Armin Dorgathen. Cr\u00e9ditos: Composici\u00f3n Erbol\"},{\"@type\":\"BreadcrumbList\",\"@id\":\"https:\\\/\\\/www.eldiario.net\\\/portal\\\/2026\\\/01\\\/15\\\/declaran-a-dorgathen-rebelde-y-disponen-su-aprehension\\\/#breadcrumb\",\"itemListElement\":[{\"@type\":\"ListItem\",\"position\":1,\"name\":\"Portada\",\"item\":\"https:\\\/\\\/www.eldiario.net\\\/portal\\\/\"},{\"@type\":\"ListItem\",\"position\":2,\"name\":\"Declaran a Dorgathen rebelde y disponen su aprehensi\u00f3n\"}]},{\"@type\":\"WebSite\",\"@id\":\"https:\\\/\\\/www.eldiario.net\\\/portal\\\/#website\",\"url\":\"https:\\\/\\\/www.eldiario.net\\\/portal\\\/\",\"name\":\"El Diario - Decano de la prensa nacional\",\"description\":\"El Diario - Decano de la prensa nacional\",\"publisher\":{\"@id\":\"https:\\\/\\\/www.eldiario.net\\\/portal\\\/#organization\"},\"potentialAction\":[{\"@type\":\"SearchAction\",\"target\":{\"@type\":\"EntryPoint\",\"urlTemplate\":\"https:\\\/\\\/www.eldiario.net\\\/portal\\\/?s={search_term_string}\"},\"query-input\":{\"@type\":\"PropertyValueSpecification\",\"valueRequired\":true,\"valueName\":\"search_term_string\"}}],\"inLanguage\":\"es\"},{\"@type\":\"Organization\",\"@id\":\"https:\\\/\\\/www.eldiario.net\\\/portal\\\/#organization\",\"name\":\"El Diario - Decano de la prensa nacional\",\"url\":\"https:\\\/\\\/www.eldiario.net\\\/portal\\\/\",\"logo\":{\"@type\":\"ImageObject\",\"inLanguage\":\"es\",\"@id\":\"https:\\\/\\\/www.eldiario.net\\\/portal\\\/#\\\/schema\\\/logo\\\/image\\\/\",\"url\":\"https:\\\/\\\/www.eldiario.net\\\/portal\\\/wp-content\\\/uploads\\\/2023\\\/07\\\/logo_ED.jpg\",\"contentUrl\":\"https:\\\/\\\/www.eldiario.net\\\/portal\\\/wp-content\\\/uploads\\\/2023\\\/07\\\/logo_ED.jpg\",\"width\":272,\"height\":52,\"caption\":\"El Diario - Decano de la prensa nacional\"},\"image\":{\"@id\":\"https:\\\/\\\/www.eldiario.net\\\/portal\\\/#\\\/schema\\\/logo\\\/image\\\/\"},\"sameAs\":[\"https:\\\/\\\/www.facebook.com\\\/eldiario.bolivia\\\/\",\"https:\\\/\\\/x.com\\\/eldiario_net\"]},{\"@type\":\"Person\",\"@id\":\"https:\\\/\\\/www.eldiario.net\\\/portal\\\/#\\\/schema\\\/person\\\/f46445640444750d7d753ccd04ae01b7\",\"name\":\"Jeanette\",\"image\":{\"@type\":\"ImageObject\",\"inLanguage\":\"es\",\"@id\":\"https:\\\/\\\/secure.gravatar.com\\\/avatar\\\/3ea2118a5f7dad2b7138b1187a6b7ee55f160b9968b66013c3a3ef39dd7e5798?s=96&d=mm&r=g\",\"url\":\"https:\\\/\\\/secure.gravatar.com\\\/avatar\\\/3ea2118a5f7dad2b7138b1187a6b7ee55f160b9968b66013c3a3ef39dd7e5798?s=96&d=mm&r=g\",\"contentUrl\":\"https:\\\/\\\/secure.gravatar.com\\\/avatar\\\/3ea2118a5f7dad2b7138b1187a6b7ee55f160b9968b66013c3a3ef39dd7e5798?s=96&d=mm&r=g\",\"caption\":\"Jeanette\"},\"sameAs\":[\"https:\\\/\\\/www.eldiario.net\\\/portal\"],\"url\":\"https:\\\/\\\/www.eldiario.net\\\/portal\\\/author\\\/jeanette\\\/\"}]}<\/script>\n<!-- \/ Yoast SEO plugin. -->","yoast_head_json":{"title":"Declaran a Dorgathen rebelde y disponen su aprehensi\u00f3n - El Diario - Bolivia","robots":{"index":"index","follow":"follow","max-snippet":"max-snippet:-1","max-image-preview":"max-image-preview:large","max-video-preview":"max-video-preview:-1"},"canonical":"https:\/\/www.eldiario.net\/portal\/2026\/01\/15\/declaran-a-dorgathen-rebelde-y-disponen-su-aprehension\/","og_locale":"es_ES","og_type":"article","og_title":"Declaran a Dorgathen rebelde y disponen su aprehensi\u00f3n - El Diario - Bolivia","og_description":"Un juez declar\u00f3 en rebeld\u00eda al expresidente de Yacimientos Petrol\u00edferos Fiscales Bolivianos (YPFB), Armin Dorgathen, y orden\u00f3 su aprehensi\u00f3n tras su inasistencia a una audiencia cautelar, as\u00ed como la activaci\u00f3n del sello rojo de Interpol en su contra. El procurador general, Hugo Le\u00f3n, confirm\u00f3 ayer que tambi\u00e9n se emiti\u00f3 un mandamiento de aprehensi\u00f3n, anotaci\u00f3n preventiva [&hellip;]","og_url":"https:\/\/www.eldiario.net\/portal\/2026\/01\/15\/declaran-a-dorgathen-rebelde-y-disponen-su-aprehension\/","og_site_name":"El Diario - Bolivia","article_publisher":"https:\/\/www.facebook.com\/eldiario.bolivia\/","article_published_time":"2026-01-15T10:09:37+00:00","og_image":[{"width":900,"height":583,"url":"https:\/\/www.eldiario.net\/portal\/wp-content\/uploads\/2026\/01\/DOR-FOTO.webp","type":"image\/webp"}],"author":"Jeanette","twitter_card":"summary_large_image","twitter_creator":"@eldiario_net","twitter_site":"@eldiario_net","twitter_misc":{"Escrito por":"Jeanette","Tiempo de lectura":"2 minutos"},"schema":{"@context":"https:\/\/schema.org","@graph":[{"@type":"Article","@id":"https:\/\/www.eldiario.net\/portal\/2026\/01\/15\/declaran-a-dorgathen-rebelde-y-disponen-su-aprehension\/#article","isPartOf":{"@id":"https:\/\/www.eldiario.net\/portal\/2026\/01\/15\/declaran-a-dorgathen-rebelde-y-disponen-su-aprehension\/"},"author":{"name":"Jeanette","@id":"https:\/\/www.eldiario.net\/portal\/#\/schema\/person\/f46445640444750d7d753ccd04ae01b7"},"headline":"Declaran a Dorgathen rebelde y disponen su aprehensi\u00f3n","datePublished":"2026-01-15T10:09:37+00:00","mainEntityOfPage":{"@id":"https:\/\/www.eldiario.net\/portal\/2026\/01\/15\/declaran-a-dorgathen-rebelde-y-disponen-su-aprehension\/"},"wordCount":310,"publisher":{"@id":"https:\/\/www.eldiario.net\/portal\/#organization"},"image":{"@id":"https:\/\/www.eldiario.net\/portal\/2026\/01\/15\/declaran-a-dorgathen-rebelde-y-disponen-su-aprehension\/#primaryimage"},"thumbnailUrl":"https:\/\/www.eldiario.net\/portal\/wp-content\/uploads\/2026\/01\/DOR-FOTO.webp","articleSection":["Sociedad - Seguridad"],"inLanguage":"es"},{"@type":"WebPage","@id":"https:\/\/www.eldiario.net\/portal\/2026\/01\/15\/declaran-a-dorgathen-rebelde-y-disponen-su-aprehension\/","url":"https:\/\/www.eldiario.net\/portal\/2026\/01\/15\/declaran-a-dorgathen-rebelde-y-disponen-su-aprehension\/","name":"Declaran a Dorgathen rebelde y disponen su aprehensi\u00f3n - El Diario - Bolivia","isPartOf":{"@id":"https:\/\/www.eldiario.net\/portal\/#website"},"primaryImageOfPage":{"@id":"https:\/\/www.eldiario.net\/portal\/2026\/01\/15\/declaran-a-dorgathen-rebelde-y-disponen-su-aprehension\/#primaryimage"},"image":{"@id":"https:\/\/www.eldiario.net\/portal\/2026\/01\/15\/declaran-a-dorgathen-rebelde-y-disponen-su-aprehension\/#primaryimage"},"thumbnailUrl":"https:\/\/www.eldiario.net\/portal\/wp-content\/uploads\/2026\/01\/DOR-FOTO.webp","datePublished":"2026-01-15T10:09:37+00:00","breadcrumb":{"@id":"https:\/\/www.eldiario.net\/portal\/2026\/01\/15\/declaran-a-dorgathen-rebelde-y-disponen-su-aprehension\/#breadcrumb"},"inLanguage":"es","potentialAction":[{"@type":"ReadAction","target":["https:\/\/www.eldiario.net\/portal\/2026\/01\/15\/declaran-a-dorgathen-rebelde-y-disponen-su-aprehension\/"]}]},{"@type":"ImageObject","inLanguage":"es","@id":"https:\/\/www.eldiario.net\/portal\/2026\/01\/15\/declaran-a-dorgathen-rebelde-y-disponen-su-aprehension\/#primaryimage","url":"https:\/\/www.eldiario.net\/portal\/wp-content\/uploads\/2026\/01\/DOR-FOTO.webp","contentUrl":"https:\/\/www.eldiario.net\/portal\/wp-content\/uploads\/2026\/01\/DOR-FOTO.webp","width":900,"height":583,"caption":"Expresidente de YPFB, Armin Dorgathen. Cr\u00e9ditos: Composici\u00f3n Erbol"},{"@type":"BreadcrumbList","@id":"https:\/\/www.eldiario.net\/portal\/2026\/01\/15\/declaran-a-dorgathen-rebelde-y-disponen-su-aprehension\/#breadcrumb","itemListElement":[{"@type":"ListItem","position":1,"name":"Portada","item":"https:\/\/www.eldiario.net\/portal\/"},{"@type":"ListItem","position":2,"name":"Declaran a Dorgathen rebelde y disponen su aprehensi\u00f3n"}]},{"@type":"WebSite","@id":"https:\/\/www.eldiario.net\/portal\/#website","url":"https:\/\/www.eldiario.net\/portal\/","name":"El Diario - Decano de la prensa nacional","description":"El Diario - Decano de la prensa nacional","publisher":{"@id":"https:\/\/www.eldiario.net\/portal\/#organization"},"potentialAction":[{"@type":"SearchAction","target":{"@type":"EntryPoint","urlTemplate":"https:\/\/www.eldiario.net\/portal\/?s={search_term_string}"},"query-input":{"@type":"PropertyValueSpecification","valueRequired":true,"valueName":"search_term_string"}}],"inLanguage":"es"},{"@type":"Organization","@id":"https:\/\/www.eldiario.net\/portal\/#organization","name":"El Diario - Decano de la prensa nacional","url":"https:\/\/www.eldiario.net\/portal\/","logo":{"@type":"ImageObject","inLanguage":"es","@id":"https:\/\/www.eldiario.net\/portal\/#\/schema\/logo\/image\/","url":"https:\/\/www.eldiario.net\/portal\/wp-content\/uploads\/2023\/07\/logo_ED.jpg","contentUrl":"https:\/\/www.eldiario.net\/portal\/wp-content\/uploads\/2023\/07\/logo_ED.jpg","width":272,"height":52,"caption":"El Diario - Decano de la prensa nacional"},"image":{"@id":"https:\/\/www.eldiario.net\/portal\/#\/schema\/logo\/image\/"},"sameAs":["https:\/\/www.facebook.com\/eldiario.bolivia\/","https:\/\/x.com\/eldiario_net"]},{"@type":"Person","@id":"https:\/\/www.eldiario.net\/portal\/#\/schema\/person\/f46445640444750d7d753ccd04ae01b7","name":"Jeanette","image":{"@type":"ImageObject","inLanguage":"es","@id":"https:\/\/secure.gravatar.com\/avatar\/3ea2118a5f7dad2b7138b1187a6b7ee55f160b9968b66013c3a3ef39dd7e5798?s=96&d=mm&r=g","url":"https:\/\/secure.gravatar.com\/avatar\/3ea2118a5f7dad2b7138b1187a6b7ee55f160b9968b66013c3a3ef39dd7e5798?s=96&d=mm&r=g","contentUrl":"https:\/\/secure.gravatar.com\/avatar\/3ea2118a5f7dad2b7138b1187a6b7ee55f160b9968b66013c3a3ef39dd7e5798?s=96&d=mm&r=g","caption":"Jeanette"},"sameAs":["https:\/\/www.eldiario.net\/portal"],"url":"https:\/\/www.eldiario.net\/portal\/author\/jeanette\/"}]}},"_links":{"self":[{"href":"https:\/\/www.eldiario.net\/portal\/wp-json\/wp\/v2\/posts\/360059","targetHints":{"allow":["GET"]}}],"collection":[{"href":"https:\/\/www.eldiario.net\/portal\/wp-json\/wp\/v2\/posts"}],"about":[{"href":"https:\/\/www.eldiario.net\/portal\/wp-json\/wp\/v2\/types\/post"}],"author":[{"embeddable":true,"href":"https:\/\/www.eldiario.net\/portal\/wp-json\/wp\/v2\/users\/1"}],"replies":[{"embeddable":true,"href":"https:\/\/www.eldiario.net\/portal\/wp-json\/wp\/v2\/comments?post=360059"}],"version-history":[{"count":1,"href":"https:\/\/www.eldiario.net\/portal\/wp-json\/wp\/v2\/posts\/360059\/revisions"}],"predecessor-version":[{"id":360061,"href":"https:\/\/www.eldiario.net\/portal\/wp-json\/wp\/v2\/posts\/360059\/revisions\/360061"}],"wp:featuredmedia":[{"embeddable":true,"href":"https:\/\/www.eldiario.net\/portal\/wp-json\/wp\/v2\/media\/360060"}],"wp:attachment":[{"href":"https:\/\/www.eldiario.net\/portal\/wp-json\/wp\/v2\/media?parent=360059"}],"wp:term":[{"taxonomy":"category","embeddable":true,"href":"https:\/\/www.eldiario.net\/portal\/wp-json\/wp\/v2\/categories?post=360059"},{"taxonomy":"post_tag","embeddable":true,"href":"https:\/\/www.eldiario.net\/portal\/wp-json\/wp\/v2\/tags?post=360059"}],"curies":[{"name":"wp","href":"https:\/\/api.w.org\/{rel}","templated":true}]}}