{"id":360056,"date":"2026-01-15T06:09:05","date_gmt":"2026-01-15T10:09:05","guid":{"rendered":"https:\/\/www.eldiario.net\/portal\/?p=360056"},"modified":"2026-01-15T06:09:05","modified_gmt":"2026-01-15T10:09:05","slug":"socios-de-empresa-maderera-investigada-por-droga-son-espanoles-dice-justiniano","status":"publish","type":"post","link":"https:\/\/www.eldiario.net\/portal\/2026\/01\/15\/socios-de-empresa-maderera-investigada-por-droga-son-espanoles-dice-justiniano\/","title":{"rendered":"Socios de empresa maderera investigada por droga son espa\u00f1oles, dice Justiniano"},"content":{"rendered":"<p>Autoridades antidroga informaron sobre la incautaci\u00f3n de 480 kilos de clorhidrato de coca\u00edna en un laboratorio clandestino desmantelado en Villa Tunari, Cochabamba, y sobre avances en una investigaci\u00f3n conjunta con Chile y Espa\u00f1a vinculada a la exportaci\u00f3n de madera contaminada con sustancias controladas.<\/p>\n<p>El viceministro de Defensa Social y Sustancias Controladas, Ernesto Justiniano, inform\u00f3 que el principal operativo se ejecut\u00f3 en el municipio de Villa Tunari, donde personal de la Fuerza Especial de Lucha contra el Narcotr\u00e1fico (Felcn) identific\u00f3 y desmantel\u00f3 un laboratorio clandestino destinado a la cristalizaci\u00f3n de clorhidrato de coca\u00edna, conformado por diez \u00e1reas operativas.<\/p>\n<p>En el lugar se incaut\u00f3 aproximadamente 480 kilos de la sustancia en estado l\u00edquido, adem\u00e1s de precursores qu\u00edmicos y combustible utilizados en la producci\u00f3n il\u00edcita. Justiniano se\u00f1al\u00f3 que estas acciones forman parte de una estrategia orientada a afectar de manera simult\u00e1nea la producci\u00f3n, la log\u00edstica y las redes de articulaci\u00f3n internacional del narcotr\u00e1fico.<\/p>\n<p>En ese marco, inform\u00f3 sobre avances en una investigaci\u00f3n conjunta con autoridades de Chile y Espa\u00f1a relacionada con contenedores de madera contaminados con sustancias controladas, detectados en puertos chilenos.<\/p>\n<p>De acuerdo con la informaci\u00f3n compartida en reuniones de coordinaci\u00f3n internacional, el caso se investiga bajo un Equipo Conjunto de Investigaci\u00f3n, con el objetivo de establecer responsabilidades y desarticular la estructura criminal vinculada a esta modalidad de tr\u00e1fico.<\/p>\n","protected":false},"excerpt":{"rendered":"<p>Autoridades antidroga informaron sobre la incautaci\u00f3n de 480 kilos de clorhidrato de coca\u00edna en un laboratorio clandestino desmantelado en Villa Tunari, Cochabamba, y sobre avances en una investigaci\u00f3n conjunta con Chile y Espa\u00f1a vinculada a la exportaci\u00f3n de madera contaminada con sustancias controladas. El viceministro de Defensa Social y Sustancias Controladas, Ernesto Justiniano, inform\u00f3 que [&hellip;]<\/p>\n","protected":false},"author":1,"featured_media":360057,"comment_status":"closed","ping_status":"open","sticky":false,"template":"","format":"standard","meta":{"_acf_changed":false,"footnotes":""},"categories":[39],"tags":[],"class_list":["post-360056","post","type-post","status-publish","format-standard","has-post-thumbnail","category-sociedad"],"acf":{"antetitulo":"Incautan m\u00e1s droga en Villa Tunari"},"yoast_head":"<!-- This site is optimized with the Yoast SEO plugin v28.4 - https:\/\/yoast.com\/product\/yoast-seo-wordpress\/ -->\n<title>Socios de empresa maderera investigada por droga son espa\u00f1oles, dice Justiniano - El Diario - Bolivia<\/title>\n<meta name=\"robots\" content=\"index, follow, max-snippet:-1, max-image-preview:large, max-video-preview:-1\" \/>\n<link rel=\"canonical\" href=\"https:\/\/www.eldiario.net\/portal\/2026\/01\/15\/socios-de-empresa-maderera-investigada-por-droga-son-espanoles-dice-justiniano\/\" \/>\n<meta property=\"og:locale\" content=\"es_ES\" \/>\n<meta property=\"og:type\" content=\"article\" \/>\n<meta property=\"og:title\" content=\"Socios de empresa maderera investigada por droga son espa\u00f1oles, dice Justiniano - El Diario - Bolivia\" \/>\n<meta property=\"og:description\" content=\"Autoridades antidroga informaron sobre la incautaci\u00f3n de 480 kilos de clorhidrato de coca\u00edna en un laboratorio clandestino desmantelado en Villa Tunari, Cochabamba, y sobre avances en una investigaci\u00f3n conjunta con Chile y Espa\u00f1a vinculada a la exportaci\u00f3n de madera contaminada con sustancias controladas. El viceministro de Defensa Social y Sustancias Controladas, Ernesto Justiniano, inform\u00f3 que [&hellip;]\" \/>\n<meta property=\"og:url\" content=\"https:\/\/www.eldiario.net\/portal\/2026\/01\/15\/socios-de-empresa-maderera-investigada-por-droga-son-espanoles-dice-justiniano\/\" \/>\n<meta property=\"og:site_name\" content=\"El Diario - Bolivia\" \/>\n<meta property=\"article:publisher\" content=\"https:\/\/www.facebook.com\/eldiario.bolivia\/\" \/>\n<meta property=\"article:published_time\" content=\"2026-01-15T10:09:05+00:00\" \/>\n<meta property=\"og:image\" content=\"https:\/\/www.eldiario.net\/portal\/wp-content\/uploads\/2026\/01\/MAD-FOTO.webp\" \/>\n\t<meta property=\"og:image:width\" content=\"1051\" \/>\n\t<meta property=\"og:image:height\" content=\"734\" \/>\n\t<meta property=\"og:image:type\" content=\"image\/webp\" \/>\n<meta name=\"author\" content=\"Jeanette\" \/>\n<meta name=\"twitter:card\" content=\"summary_large_image\" \/>\n<meta name=\"twitter:creator\" content=\"@eldiario_net\" \/>\n<meta name=\"twitter:site\" content=\"@eldiario_net\" \/>\n<meta name=\"twitter:label1\" content=\"Escrito por\" \/>\n\t<meta name=\"twitter:data1\" content=\"Jeanette\" \/>\n\t<meta name=\"twitter:label2\" content=\"Tiempo de lectura\" \/>\n\t<meta name=\"twitter:data2\" content=\"2 minutos\" \/>\n<script type=\"application\/ld+json\" class=\"yoast-schema-graph\">{\"@context\":\"https:\\\/\\\/schema.org\",\"@graph\":[{\"@type\":\"Article\",\"@id\":\"https:\\\/\\\/www.eldiario.net\\\/portal\\\/2026\\\/01\\\/15\\\/socios-de-empresa-maderera-investigada-por-droga-son-espanoles-dice-justiniano\\\/#article\",\"isPartOf\":{\"@id\":\"https:\\\/\\\/www.eldiario.net\\\/portal\\\/2026\\\/01\\\/15\\\/socios-de-empresa-maderera-investigada-por-droga-son-espanoles-dice-justiniano\\\/\"},\"author\":{\"name\":\"Jeanette\",\"@id\":\"https:\\\/\\\/www.eldiario.net\\\/portal\\\/#\\\/schema\\\/person\\\/f46445640444750d7d753ccd04ae01b7\"},\"headline\":\"Socios de empresa maderera investigada por droga son espa\u00f1oles, dice Justiniano\",\"datePublished\":\"2026-01-15T10:09:05+00:00\",\"mainEntityOfPage\":{\"@id\":\"https:\\\/\\\/www.eldiario.net\\\/portal\\\/2026\\\/01\\\/15\\\/socios-de-empresa-maderera-investigada-por-droga-son-espanoles-dice-justiniano\\\/\"},\"wordCount\":252,\"publisher\":{\"@id\":\"https:\\\/\\\/www.eldiario.net\\\/portal\\\/#organization\"},\"image\":{\"@id\":\"https:\\\/\\\/www.eldiario.net\\\/portal\\\/2026\\\/01\\\/15\\\/socios-de-empresa-maderera-investigada-por-droga-son-espanoles-dice-justiniano\\\/#primaryimage\"},\"thumbnailUrl\":\"https:\\\/\\\/www.eldiario.net\\\/portal\\\/wp-content\\\/uploads\\\/2026\\\/01\\\/MAD-FOTO.webp\",\"articleSection\":[\"Sociedad - Seguridad\"],\"inLanguage\":\"es\"},{\"@type\":\"WebPage\",\"@id\":\"https:\\\/\\\/www.eldiario.net\\\/portal\\\/2026\\\/01\\\/15\\\/socios-de-empresa-maderera-investigada-por-droga-son-espanoles-dice-justiniano\\\/\",\"url\":\"https:\\\/\\\/www.eldiario.net\\\/portal\\\/2026\\\/01\\\/15\\\/socios-de-empresa-maderera-investigada-por-droga-son-espanoles-dice-justiniano\\\/\",\"name\":\"Socios de empresa maderera investigada por droga son espa\u00f1oles, dice Justiniano - El Diario - Bolivia\",\"isPartOf\":{\"@id\":\"https:\\\/\\\/www.eldiario.net\\\/portal\\\/#website\"},\"primaryImageOfPage\":{\"@id\":\"https:\\\/\\\/www.eldiario.net\\\/portal\\\/2026\\\/01\\\/15\\\/socios-de-empresa-maderera-investigada-por-droga-son-espanoles-dice-justiniano\\\/#primaryimage\"},\"image\":{\"@id\":\"https:\\\/\\\/www.eldiario.net\\\/portal\\\/2026\\\/01\\\/15\\\/socios-de-empresa-maderera-investigada-por-droga-son-espanoles-dice-justiniano\\\/#primaryimage\"},\"thumbnailUrl\":\"https:\\\/\\\/www.eldiario.net\\\/portal\\\/wp-content\\\/uploads\\\/2026\\\/01\\\/MAD-FOTO.webp\",\"datePublished\":\"2026-01-15T10:09:05+00:00\",\"breadcrumb\":{\"@id\":\"https:\\\/\\\/www.eldiario.net\\\/portal\\\/2026\\\/01\\\/15\\\/socios-de-empresa-maderera-investigada-por-droga-son-espanoles-dice-justiniano\\\/#breadcrumb\"},\"inLanguage\":\"es\",\"potentialAction\":[{\"@type\":\"ReadAction\",\"target\":[\"https:\\\/\\\/www.eldiario.net\\\/portal\\\/2026\\\/01\\\/15\\\/socios-de-empresa-maderera-investigada-por-droga-son-espanoles-dice-justiniano\\\/\"]}]},{\"@type\":\"ImageObject\",\"inLanguage\":\"es\",\"@id\":\"https:\\\/\\\/www.eldiario.net\\\/portal\\\/2026\\\/01\\\/15\\\/socios-de-empresa-maderera-investigada-por-droga-son-espanoles-dice-justiniano\\\/#primaryimage\",\"url\":\"https:\\\/\\\/www.eldiario.net\\\/portal\\\/wp-content\\\/uploads\\\/2026\\\/01\\\/MAD-FOTO.webp\",\"contentUrl\":\"https:\\\/\\\/www.eldiario.net\\\/portal\\\/wp-content\\\/uploads\\\/2026\\\/01\\\/MAD-FOTO.webp\",\"width\":1051,\"height\":734,\"caption\":\"Zar antidrogas, Ernesto Justiniano. Foto: Captura DTV\"},{\"@type\":\"BreadcrumbList\",\"@id\":\"https:\\\/\\\/www.eldiario.net\\\/portal\\\/2026\\\/01\\\/15\\\/socios-de-empresa-maderera-investigada-por-droga-son-espanoles-dice-justiniano\\\/#breadcrumb\",\"itemListElement\":[{\"@type\":\"ListItem\",\"position\":1,\"name\":\"Portada\",\"item\":\"https:\\\/\\\/www.eldiario.net\\\/portal\\\/\"},{\"@type\":\"ListItem\",\"position\":2,\"name\":\"Socios de empresa maderera investigada por droga son espa\u00f1oles, dice Justiniano\"}]},{\"@type\":\"WebSite\",\"@id\":\"https:\\\/\\\/www.eldiario.net\\\/portal\\\/#website\",\"url\":\"https:\\\/\\\/www.eldiario.net\\\/portal\\\/\",\"name\":\"El Diario - Decano de la prensa nacional\",\"description\":\"El Diario - Decano de la prensa nacional\",\"publisher\":{\"@id\":\"https:\\\/\\\/www.eldiario.net\\\/portal\\\/#organization\"},\"potentialAction\":[{\"@type\":\"SearchAction\",\"target\":{\"@type\":\"EntryPoint\",\"urlTemplate\":\"https:\\\/\\\/www.eldiario.net\\\/portal\\\/?s={search_term_string}\"},\"query-input\":{\"@type\":\"PropertyValueSpecification\",\"valueRequired\":true,\"valueName\":\"search_term_string\"}}],\"inLanguage\":\"es\"},{\"@type\":\"Organization\",\"@id\":\"https:\\\/\\\/www.eldiario.net\\\/portal\\\/#organization\",\"name\":\"El Diario - Decano de la prensa nacional\",\"url\":\"https:\\\/\\\/www.eldiario.net\\\/portal\\\/\",\"logo\":{\"@type\":\"ImageObject\",\"inLanguage\":\"es\",\"@id\":\"https:\\\/\\\/www.eldiario.net\\\/portal\\\/#\\\/schema\\\/logo\\\/image\\\/\",\"url\":\"https:\\\/\\\/www.eldiario.net\\\/portal\\\/wp-content\\\/uploads\\\/2023\\\/07\\\/logo_ED.jpg\",\"contentUrl\":\"https:\\\/\\\/www.eldiario.net\\\/portal\\\/wp-content\\\/uploads\\\/2023\\\/07\\\/logo_ED.jpg\",\"width\":272,\"height\":52,\"caption\":\"El Diario - Decano de la prensa nacional\"},\"image\":{\"@id\":\"https:\\\/\\\/www.eldiario.net\\\/portal\\\/#\\\/schema\\\/logo\\\/image\\\/\"},\"sameAs\":[\"https:\\\/\\\/www.facebook.com\\\/eldiario.bolivia\\\/\",\"https:\\\/\\\/x.com\\\/eldiario_net\"]},{\"@type\":\"Person\",\"@id\":\"https:\\\/\\\/www.eldiario.net\\\/portal\\\/#\\\/schema\\\/person\\\/f46445640444750d7d753ccd04ae01b7\",\"name\":\"Jeanette\",\"image\":{\"@type\":\"ImageObject\",\"inLanguage\":\"es\",\"@id\":\"https:\\\/\\\/secure.gravatar.com\\\/avatar\\\/3ea2118a5f7dad2b7138b1187a6b7ee55f160b9968b66013c3a3ef39dd7e5798?s=96&d=mm&r=g\",\"url\":\"https:\\\/\\\/secure.gravatar.com\\\/avatar\\\/3ea2118a5f7dad2b7138b1187a6b7ee55f160b9968b66013c3a3ef39dd7e5798?s=96&d=mm&r=g\",\"contentUrl\":\"https:\\\/\\\/secure.gravatar.com\\\/avatar\\\/3ea2118a5f7dad2b7138b1187a6b7ee55f160b9968b66013c3a3ef39dd7e5798?s=96&d=mm&r=g\",\"caption\":\"Jeanette\"},\"sameAs\":[\"https:\\\/\\\/www.eldiario.net\\\/portal\"],\"url\":\"https:\\\/\\\/www.eldiario.net\\\/portal\\\/author\\\/jeanette\\\/\"}]}<\/script>\n<!-- \/ Yoast SEO plugin. -->","yoast_head_json":{"title":"Socios de empresa maderera investigada por droga son espa\u00f1oles, dice Justiniano - El Diario - Bolivia","robots":{"index":"index","follow":"follow","max-snippet":"max-snippet:-1","max-image-preview":"max-image-preview:large","max-video-preview":"max-video-preview:-1"},"canonical":"https:\/\/www.eldiario.net\/portal\/2026\/01\/15\/socios-de-empresa-maderera-investigada-por-droga-son-espanoles-dice-justiniano\/","og_locale":"es_ES","og_type":"article","og_title":"Socios de empresa maderera investigada por droga son espa\u00f1oles, dice Justiniano - El Diario - Bolivia","og_description":"Autoridades antidroga informaron sobre la incautaci\u00f3n de 480 kilos de clorhidrato de coca\u00edna en un laboratorio clandestino desmantelado en Villa Tunari, Cochabamba, y sobre avances en una investigaci\u00f3n conjunta con Chile y Espa\u00f1a vinculada a la exportaci\u00f3n de madera contaminada con sustancias controladas. El viceministro de Defensa Social y Sustancias Controladas, Ernesto Justiniano, inform\u00f3 que [&hellip;]","og_url":"https:\/\/www.eldiario.net\/portal\/2026\/01\/15\/socios-de-empresa-maderera-investigada-por-droga-son-espanoles-dice-justiniano\/","og_site_name":"El Diario - Bolivia","article_publisher":"https:\/\/www.facebook.com\/eldiario.bolivia\/","article_published_time":"2026-01-15T10:09:05+00:00","og_image":[{"width":1051,"height":734,"url":"https:\/\/www.eldiario.net\/portal\/wp-content\/uploads\/2026\/01\/MAD-FOTO.webp","type":"image\/webp"}],"author":"Jeanette","twitter_card":"summary_large_image","twitter_creator":"@eldiario_net","twitter_site":"@eldiario_net","twitter_misc":{"Escrito por":"Jeanette","Tiempo de lectura":"2 minutos"},"schema":{"@context":"https:\/\/schema.org","@graph":[{"@type":"Article","@id":"https:\/\/www.eldiario.net\/portal\/2026\/01\/15\/socios-de-empresa-maderera-investigada-por-droga-son-espanoles-dice-justiniano\/#article","isPartOf":{"@id":"https:\/\/www.eldiario.net\/portal\/2026\/01\/15\/socios-de-empresa-maderera-investigada-por-droga-son-espanoles-dice-justiniano\/"},"author":{"name":"Jeanette","@id":"https:\/\/www.eldiario.net\/portal\/#\/schema\/person\/f46445640444750d7d753ccd04ae01b7"},"headline":"Socios de empresa maderera investigada por droga son espa\u00f1oles, dice Justiniano","datePublished":"2026-01-15T10:09:05+00:00","mainEntityOfPage":{"@id":"https:\/\/www.eldiario.net\/portal\/2026\/01\/15\/socios-de-empresa-maderera-investigada-por-droga-son-espanoles-dice-justiniano\/"},"wordCount":252,"publisher":{"@id":"https:\/\/www.eldiario.net\/portal\/#organization"},"image":{"@id":"https:\/\/www.eldiario.net\/portal\/2026\/01\/15\/socios-de-empresa-maderera-investigada-por-droga-son-espanoles-dice-justiniano\/#primaryimage"},"thumbnailUrl":"https:\/\/www.eldiario.net\/portal\/wp-content\/uploads\/2026\/01\/MAD-FOTO.webp","articleSection":["Sociedad - Seguridad"],"inLanguage":"es"},{"@type":"WebPage","@id":"https:\/\/www.eldiario.net\/portal\/2026\/01\/15\/socios-de-empresa-maderera-investigada-por-droga-son-espanoles-dice-justiniano\/","url":"https:\/\/www.eldiario.net\/portal\/2026\/01\/15\/socios-de-empresa-maderera-investigada-por-droga-son-espanoles-dice-justiniano\/","name":"Socios de empresa maderera investigada por droga son espa\u00f1oles, dice Justiniano - El Diario - Bolivia","isPartOf":{"@id":"https:\/\/www.eldiario.net\/portal\/#website"},"primaryImageOfPage":{"@id":"https:\/\/www.eldiario.net\/portal\/2026\/01\/15\/socios-de-empresa-maderera-investigada-por-droga-son-espanoles-dice-justiniano\/#primaryimage"},"image":{"@id":"https:\/\/www.eldiario.net\/portal\/2026\/01\/15\/socios-de-empresa-maderera-investigada-por-droga-son-espanoles-dice-justiniano\/#primaryimage"},"thumbnailUrl":"https:\/\/www.eldiario.net\/portal\/wp-content\/uploads\/2026\/01\/MAD-FOTO.webp","datePublished":"2026-01-15T10:09:05+00:00","breadcrumb":{"@id":"https:\/\/www.eldiario.net\/portal\/2026\/01\/15\/socios-de-empresa-maderera-investigada-por-droga-son-espanoles-dice-justiniano\/#breadcrumb"},"inLanguage":"es","potentialAction":[{"@type":"ReadAction","target":["https:\/\/www.eldiario.net\/portal\/2026\/01\/15\/socios-de-empresa-maderera-investigada-por-droga-son-espanoles-dice-justiniano\/"]}]},{"@type":"ImageObject","inLanguage":"es","@id":"https:\/\/www.eldiario.net\/portal\/2026\/01\/15\/socios-de-empresa-maderera-investigada-por-droga-son-espanoles-dice-justiniano\/#primaryimage","url":"https:\/\/www.eldiario.net\/portal\/wp-content\/uploads\/2026\/01\/MAD-FOTO.webp","contentUrl":"https:\/\/www.eldiario.net\/portal\/wp-content\/uploads\/2026\/01\/MAD-FOTO.webp","width":1051,"height":734,"caption":"Zar antidrogas, Ernesto Justiniano. Foto: Captura DTV"},{"@type":"BreadcrumbList","@id":"https:\/\/www.eldiario.net\/portal\/2026\/01\/15\/socios-de-empresa-maderera-investigada-por-droga-son-espanoles-dice-justiniano\/#breadcrumb","itemListElement":[{"@type":"ListItem","position":1,"name":"Portada","item":"https:\/\/www.eldiario.net\/portal\/"},{"@type":"ListItem","position":2,"name":"Socios de empresa maderera investigada por droga son espa\u00f1oles, dice Justiniano"}]},{"@type":"WebSite","@id":"https:\/\/www.eldiario.net\/portal\/#website","url":"https:\/\/www.eldiario.net\/portal\/","name":"El Diario - Decano de la prensa nacional","description":"El Diario - Decano de la prensa nacional","publisher":{"@id":"https:\/\/www.eldiario.net\/portal\/#organization"},"potentialAction":[{"@type":"SearchAction","target":{"@type":"EntryPoint","urlTemplate":"https:\/\/www.eldiario.net\/portal\/?s={search_term_string}"},"query-input":{"@type":"PropertyValueSpecification","valueRequired":true,"valueName":"search_term_string"}}],"inLanguage":"es"},{"@type":"Organization","@id":"https:\/\/www.eldiario.net\/portal\/#organization","name":"El Diario - Decano de la prensa nacional","url":"https:\/\/www.eldiario.net\/portal\/","logo":{"@type":"ImageObject","inLanguage":"es","@id":"https:\/\/www.eldiario.net\/portal\/#\/schema\/logo\/image\/","url":"https:\/\/www.eldiario.net\/portal\/wp-content\/uploads\/2023\/07\/logo_ED.jpg","contentUrl":"https:\/\/www.eldiario.net\/portal\/wp-content\/uploads\/2023\/07\/logo_ED.jpg","width":272,"height":52,"caption":"El Diario - Decano de la prensa nacional"},"image":{"@id":"https:\/\/www.eldiario.net\/portal\/#\/schema\/logo\/image\/"},"sameAs":["https:\/\/www.facebook.com\/eldiario.bolivia\/","https:\/\/x.com\/eldiario_net"]},{"@type":"Person","@id":"https:\/\/www.eldiario.net\/portal\/#\/schema\/person\/f46445640444750d7d753ccd04ae01b7","name":"Jeanette","image":{"@type":"ImageObject","inLanguage":"es","@id":"https:\/\/secure.gravatar.com\/avatar\/3ea2118a5f7dad2b7138b1187a6b7ee55f160b9968b66013c3a3ef39dd7e5798?s=96&d=mm&r=g","url":"https:\/\/secure.gravatar.com\/avatar\/3ea2118a5f7dad2b7138b1187a6b7ee55f160b9968b66013c3a3ef39dd7e5798?s=96&d=mm&r=g","contentUrl":"https:\/\/secure.gravatar.com\/avatar\/3ea2118a5f7dad2b7138b1187a6b7ee55f160b9968b66013c3a3ef39dd7e5798?s=96&d=mm&r=g","caption":"Jeanette"},"sameAs":["https:\/\/www.eldiario.net\/portal"],"url":"https:\/\/www.eldiario.net\/portal\/author\/jeanette\/"}]}},"_links":{"self":[{"href":"https:\/\/www.eldiario.net\/portal\/wp-json\/wp\/v2\/posts\/360056","targetHints":{"allow":["GET"]}}],"collection":[{"href":"https:\/\/www.eldiario.net\/portal\/wp-json\/wp\/v2\/posts"}],"about":[{"href":"https:\/\/www.eldiario.net\/portal\/wp-json\/wp\/v2\/types\/post"}],"author":[{"embeddable":true,"href":"https:\/\/www.eldiario.net\/portal\/wp-json\/wp\/v2\/users\/1"}],"replies":[{"embeddable":true,"href":"https:\/\/www.eldiario.net\/portal\/wp-json\/wp\/v2\/comments?post=360056"}],"version-history":[{"count":1,"href":"https:\/\/www.eldiario.net\/portal\/wp-json\/wp\/v2\/posts\/360056\/revisions"}],"predecessor-version":[{"id":360058,"href":"https:\/\/www.eldiario.net\/portal\/wp-json\/wp\/v2\/posts\/360056\/revisions\/360058"}],"wp:featuredmedia":[{"embeddable":true,"href":"https:\/\/www.eldiario.net\/portal\/wp-json\/wp\/v2\/media\/360057"}],"wp:attachment":[{"href":"https:\/\/www.eldiario.net\/portal\/wp-json\/wp\/v2\/media?parent=360056"}],"wp:term":[{"taxonomy":"category","embeddable":true,"href":"https:\/\/www.eldiario.net\/portal\/wp-json\/wp\/v2\/categories?post=360056"},{"taxonomy":"post_tag","embeddable":true,"href":"https:\/\/www.eldiario.net\/portal\/wp-json\/wp\/v2\/tags?post=360056"}],"curies":[{"name":"wp","href":"https:\/\/api.w.org\/{rel}","templated":true}]}}