{"id":360051,"date":"2026-01-15T06:05:49","date_gmt":"2026-01-15T10:05:49","guid":{"rendered":"https:\/\/www.eldiario.net\/portal\/?p=360051"},"modified":"2026-01-15T06:05:49","modified_gmt":"2026-01-15T10:05:49","slug":"otro-lamentable-episodio-politico","status":"publish","type":"post","link":"https:\/\/www.eldiario.net\/portal\/2026\/01\/15\/otro-lamentable-episodio-politico\/","title":{"rendered":"Otro lamentable episodio pol\u00edtico"},"content":{"rendered":"<p><em>Acaba de presenciar el pueblo boliviano otro lamentable episodio pol\u00edtico, por lo ocurrido a ra\u00edz del Decreto Supremo 5503, dictado por el gobierno para resolver la crisis en que vive el pa\u00eds, debido a gobiernos masistas que por veinte a\u00f1os tuvieron en sus manos el tim\u00f3n de la nave del Estado.<\/em><\/p>\n<p><em>Las protestas sociales por ese decreto se produjeron a menos de dos meses de la llegada al gobierno de un nuevo aparato partidario, que ofrec\u00eda algunas esperanzas de cambiar dicha situaci\u00f3n cr\u00edtica. Pero surgieron de inmediato conflictos que terminaron con las esperanzas de llegar a un nuevo orden de cosas. Las dificultades emergieron con m\u00e1s violencia y el pa\u00eds qued\u00f3 sacudido por una situaci\u00f3n en la que seudo organizaciones sociales, lideradas por la COB, pasaron de las amenazas a hechos violentos, al extremo de que surgieron rumores sobre que ser\u00eda interrumpida la provisi\u00f3n de agua a La Paz, ciudad de m\u00e1s de un mill\u00f3n de habitantes.<\/em><\/p>\n<p><em>En todo caso, ese dram\u00e1tico episodio de convulsi\u00f3n, con medidas extremas de sectores sociales descontentos, como el bloqueo de caminos, fue, en esencia, la prolongaci\u00f3n de un anterior sistema de caos, sembrado durante veinte a\u00f1os por gobiernos masistas y que condujo al pa\u00eds a un callej\u00f3n sin salida.\u00a0 No fue un hecho aislado. Adem\u00e1s, estuvo protagonizado por los mismos personajes de la \u00e9poca populista del desorden, cuyas ra\u00edces siguen produciendo l\u00edos por inter\u00e9s pol\u00edtico, que requieren de soluciones oportunas, acertadas y no improvisaciones.<\/em><\/p>\n<p><em>De otro lado, habr\u00eda que adoptar medidas para que no se produzca una crisis mayor, pues siempre est\u00e1 latente el estado de emergencia de las seudo organizaciones sociales. Es de pensar que, al rev\u00e9s de los te\u00f3ricos emp\u00edrico positivistas que nos rodean, estar\u00e1n siempre al acecho y que la historieta de la meritocracia siga vigente.<\/em><\/p>\n<p><em>Como producto del caos, la crisis no ha sido solucionada con la abrogaci\u00f3n del DS 5503, reemplazada por otro que mantiene medidas importantes como la eliminaci\u00f3n de la subvenci\u00f3n a la gasolina y el di\u00e9sel, y no lo ser\u00e1, si no se toma al toro por las astas, como aconseja la realidad. Por ello es preciso remarcar que la crisis no ha terminado, pues es muy dif\u00edcil solucionar en poco tiempo numerosos problemas creados por el masismo en el poder por d\u00e9cadas. Es m\u00e1s, si no se adopta f\u00f3rmulas de soluci\u00f3n de fondo, sin poses demag\u00f3gicas y l\u00edricas, el pa\u00eds puede seguir en el mismo camino establecido hace veinte a\u00f1os, es decir, en una marcha hacia el abismo.<\/em><\/p>\n<p><em>Algunos dicen que \u201cBolivia no tiene soluci\u00f3n\u201d. Por el contrario, s\u00ed la tiene. M\u00e1s de una vez lo ha demostrado, por ejemplo, en el pasado con la ejemplar administraci\u00f3n gubernamental del presidente Andr\u00e9s de Santa Cruz, lo que es innegable. En consecuencia, resta esperar acciones acertadas de los nuevos gobernantes y reflexi\u00f3n de las seudo organizaciones laborales, encabezadas por la COB, para no volver a aplicar nefastas medidas como los bloqueos de carreteras, que causan enormes da\u00f1os a la mayor\u00eda de la poblaci\u00f3n, que depende de sus actividades cotidianas para sobrevivir.<\/em><\/p>\n","protected":false},"excerpt":{"rendered":"<p>Acaba de presenciar el pueblo boliviano otro lamentable episodio pol\u00edtico, por lo ocurrido a ra\u00edz del Decreto Supremo 5503, dictado por el gobierno para resolver la crisis en que vive el pa\u00eds, debido a gobiernos masistas que por veinte a\u00f1os tuvieron en sus manos el tim\u00f3n de la nave del Estado. Las protestas sociales por [&hellip;]<\/p>\n","protected":false},"author":1,"featured_media":194776,"comment_status":"closed","ping_status":"open","sticky":false,"template":"","format":"standard","meta":{"_acf_changed":false,"footnotes":""},"categories":[4],"tags":[],"class_list":["post-360051","post","type-post","status-publish","format-standard","has-post-thumbnail","category-editorial"],"acf":{"antetitulo":""},"yoast_head":"<!-- This site is optimized with the Yoast SEO plugin v28.4 - https:\/\/yoast.com\/product\/yoast-seo-wordpress\/ -->\n<title>Otro lamentable episodio pol\u00edtico - El Diario - Bolivia<\/title>\n<meta name=\"robots\" content=\"index, follow, max-snippet:-1, max-image-preview:large, max-video-preview:-1\" \/>\n<link rel=\"canonical\" href=\"https:\/\/www.eldiario.net\/portal\/2026\/01\/15\/otro-lamentable-episodio-politico\/\" \/>\n<meta property=\"og:locale\" content=\"es_ES\" \/>\n<meta property=\"og:type\" content=\"article\" \/>\n<meta property=\"og:title\" content=\"Otro lamentable episodio pol\u00edtico - El Diario - Bolivia\" \/>\n<meta property=\"og:description\" content=\"Acaba de presenciar el pueblo boliviano otro lamentable episodio pol\u00edtico, por lo ocurrido a ra\u00edz del Decreto Supremo 5503, dictado por el gobierno para resolver la crisis en que vive el pa\u00eds, debido a gobiernos masistas que por veinte a\u00f1os tuvieron en sus manos el tim\u00f3n de la nave del Estado. Las protestas sociales por [&hellip;]\" \/>\n<meta property=\"og:url\" content=\"https:\/\/www.eldiario.net\/portal\/2026\/01\/15\/otro-lamentable-episodio-politico\/\" \/>\n<meta property=\"og:site_name\" content=\"El Diario - Bolivia\" \/>\n<meta property=\"article:publisher\" content=\"https:\/\/www.facebook.com\/eldiario.bolivia\/\" \/>\n<meta property=\"article:published_time\" content=\"2026-01-15T10:05:49+00:00\" \/>\n<meta property=\"og:image\" content=\"https:\/\/www.eldiario.net\/portal\/wp-content\/uploads\/2023\/12\/Editorial.jpg\" \/>\n\t<meta property=\"og:image:width\" content=\"800\" \/>\n\t<meta property=\"og:image:height\" content=\"500\" \/>\n\t<meta property=\"og:image:type\" content=\"image\/jpeg\" \/>\n<meta name=\"author\" content=\"Jeanette\" \/>\n<meta name=\"twitter:card\" content=\"summary_large_image\" \/>\n<meta name=\"twitter:creator\" content=\"@eldiario_net\" \/>\n<meta name=\"twitter:site\" content=\"@eldiario_net\" \/>\n<meta name=\"twitter:label1\" content=\"Escrito por\" \/>\n\t<meta name=\"twitter:data1\" content=\"Jeanette\" \/>\n\t<meta name=\"twitter:label2\" content=\"Tiempo de lectura\" \/>\n\t<meta name=\"twitter:data2\" content=\"3 minutos\" \/>\n<script type=\"application\/ld+json\" class=\"yoast-schema-graph\">{\"@context\":\"https:\\\/\\\/schema.org\",\"@graph\":[{\"@type\":\"Article\",\"@id\":\"https:\\\/\\\/www.eldiario.net\\\/portal\\\/2026\\\/01\\\/15\\\/otro-lamentable-episodio-politico\\\/#article\",\"isPartOf\":{\"@id\":\"https:\\\/\\\/www.eldiario.net\\\/portal\\\/2026\\\/01\\\/15\\\/otro-lamentable-episodio-politico\\\/\"},\"author\":{\"name\":\"Jeanette\",\"@id\":\"https:\\\/\\\/www.eldiario.net\\\/portal\\\/#\\\/schema\\\/person\\\/f46445640444750d7d753ccd04ae01b7\"},\"headline\":\"Otro lamentable episodio pol\u00edtico\",\"datePublished\":\"2026-01-15T10:05:49+00:00\",\"mainEntityOfPage\":{\"@id\":\"https:\\\/\\\/www.eldiario.net\\\/portal\\\/2026\\\/01\\\/15\\\/otro-lamentable-episodio-politico\\\/\"},\"wordCount\":559,\"publisher\":{\"@id\":\"https:\\\/\\\/www.eldiario.net\\\/portal\\\/#organization\"},\"image\":{\"@id\":\"https:\\\/\\\/www.eldiario.net\\\/portal\\\/2026\\\/01\\\/15\\\/otro-lamentable-episodio-politico\\\/#primaryimage\"},\"thumbnailUrl\":\"https:\\\/\\\/www.eldiario.net\\\/portal\\\/wp-content\\\/uploads\\\/2023\\\/12\\\/Editorial.jpg\",\"articleSection\":[\"Editorial\"],\"inLanguage\":\"es\"},{\"@type\":\"WebPage\",\"@id\":\"https:\\\/\\\/www.eldiario.net\\\/portal\\\/2026\\\/01\\\/15\\\/otro-lamentable-episodio-politico\\\/\",\"url\":\"https:\\\/\\\/www.eldiario.net\\\/portal\\\/2026\\\/01\\\/15\\\/otro-lamentable-episodio-politico\\\/\",\"name\":\"Otro lamentable episodio pol\u00edtico - El Diario - Bolivia\",\"isPartOf\":{\"@id\":\"https:\\\/\\\/www.eldiario.net\\\/portal\\\/#website\"},\"primaryImageOfPage\":{\"@id\":\"https:\\\/\\\/www.eldiario.net\\\/portal\\\/2026\\\/01\\\/15\\\/otro-lamentable-episodio-politico\\\/#primaryimage\"},\"image\":{\"@id\":\"https:\\\/\\\/www.eldiario.net\\\/portal\\\/2026\\\/01\\\/15\\\/otro-lamentable-episodio-politico\\\/#primaryimage\"},\"thumbnailUrl\":\"https:\\\/\\\/www.eldiario.net\\\/portal\\\/wp-content\\\/uploads\\\/2023\\\/12\\\/Editorial.jpg\",\"datePublished\":\"2026-01-15T10:05:49+00:00\",\"breadcrumb\":{\"@id\":\"https:\\\/\\\/www.eldiario.net\\\/portal\\\/2026\\\/01\\\/15\\\/otro-lamentable-episodio-politico\\\/#breadcrumb\"},\"inLanguage\":\"es\",\"potentialAction\":[{\"@type\":\"ReadAction\",\"target\":[\"https:\\\/\\\/www.eldiario.net\\\/portal\\\/2026\\\/01\\\/15\\\/otro-lamentable-episodio-politico\\\/\"]}]},{\"@type\":\"ImageObject\",\"inLanguage\":\"es\",\"@id\":\"https:\\\/\\\/www.eldiario.net\\\/portal\\\/2026\\\/01\\\/15\\\/otro-lamentable-episodio-politico\\\/#primaryimage\",\"url\":\"https:\\\/\\\/www.eldiario.net\\\/portal\\\/wp-content\\\/uploads\\\/2023\\\/12\\\/Editorial.jpg\",\"contentUrl\":\"https:\\\/\\\/www.eldiario.net\\\/portal\\\/wp-content\\\/uploads\\\/2023\\\/12\\\/Editorial.jpg\",\"width\":800,\"height\":500},{\"@type\":\"BreadcrumbList\",\"@id\":\"https:\\\/\\\/www.eldiario.net\\\/portal\\\/2026\\\/01\\\/15\\\/otro-lamentable-episodio-politico\\\/#breadcrumb\",\"itemListElement\":[{\"@type\":\"ListItem\",\"position\":1,\"name\":\"Portada\",\"item\":\"https:\\\/\\\/www.eldiario.net\\\/portal\\\/\"},{\"@type\":\"ListItem\",\"position\":2,\"name\":\"Otro lamentable episodio pol\u00edtico\"}]},{\"@type\":\"WebSite\",\"@id\":\"https:\\\/\\\/www.eldiario.net\\\/portal\\\/#website\",\"url\":\"https:\\\/\\\/www.eldiario.net\\\/portal\\\/\",\"name\":\"El Diario - Decano de la prensa nacional\",\"description\":\"El Diario - Decano de la prensa nacional\",\"publisher\":{\"@id\":\"https:\\\/\\\/www.eldiario.net\\\/portal\\\/#organization\"},\"potentialAction\":[{\"@type\":\"SearchAction\",\"target\":{\"@type\":\"EntryPoint\",\"urlTemplate\":\"https:\\\/\\\/www.eldiario.net\\\/portal\\\/?s={search_term_string}\"},\"query-input\":{\"@type\":\"PropertyValueSpecification\",\"valueRequired\":true,\"valueName\":\"search_term_string\"}}],\"inLanguage\":\"es\"},{\"@type\":\"Organization\",\"@id\":\"https:\\\/\\\/www.eldiario.net\\\/portal\\\/#organization\",\"name\":\"El Diario - Decano de la prensa nacional\",\"url\":\"https:\\\/\\\/www.eldiario.net\\\/portal\\\/\",\"logo\":{\"@type\":\"ImageObject\",\"inLanguage\":\"es\",\"@id\":\"https:\\\/\\\/www.eldiario.net\\\/portal\\\/#\\\/schema\\\/logo\\\/image\\\/\",\"url\":\"https:\\\/\\\/www.eldiario.net\\\/portal\\\/wp-content\\\/uploads\\\/2023\\\/07\\\/logo_ED.jpg\",\"contentUrl\":\"https:\\\/\\\/www.eldiario.net\\\/portal\\\/wp-content\\\/uploads\\\/2023\\\/07\\\/logo_ED.jpg\",\"width\":272,\"height\":52,\"caption\":\"El Diario - Decano de la prensa nacional\"},\"image\":{\"@id\":\"https:\\\/\\\/www.eldiario.net\\\/portal\\\/#\\\/schema\\\/logo\\\/image\\\/\"},\"sameAs\":[\"https:\\\/\\\/www.facebook.com\\\/eldiario.bolivia\\\/\",\"https:\\\/\\\/x.com\\\/eldiario_net\"]},{\"@type\":\"Person\",\"@id\":\"https:\\\/\\\/www.eldiario.net\\\/portal\\\/#\\\/schema\\\/person\\\/f46445640444750d7d753ccd04ae01b7\",\"name\":\"Jeanette\",\"image\":{\"@type\":\"ImageObject\",\"inLanguage\":\"es\",\"@id\":\"https:\\\/\\\/secure.gravatar.com\\\/avatar\\\/3ea2118a5f7dad2b7138b1187a6b7ee55f160b9968b66013c3a3ef39dd7e5798?s=96&d=mm&r=g\",\"url\":\"https:\\\/\\\/secure.gravatar.com\\\/avatar\\\/3ea2118a5f7dad2b7138b1187a6b7ee55f160b9968b66013c3a3ef39dd7e5798?s=96&d=mm&r=g\",\"contentUrl\":\"https:\\\/\\\/secure.gravatar.com\\\/avatar\\\/3ea2118a5f7dad2b7138b1187a6b7ee55f160b9968b66013c3a3ef39dd7e5798?s=96&d=mm&r=g\",\"caption\":\"Jeanette\"},\"sameAs\":[\"https:\\\/\\\/www.eldiario.net\\\/portal\"],\"url\":\"https:\\\/\\\/www.eldiario.net\\\/portal\\\/author\\\/jeanette\\\/\"}]}<\/script>\n<!-- \/ Yoast SEO plugin. -->","yoast_head_json":{"title":"Otro lamentable episodio pol\u00edtico - El Diario - Bolivia","robots":{"index":"index","follow":"follow","max-snippet":"max-snippet:-1","max-image-preview":"max-image-preview:large","max-video-preview":"max-video-preview:-1"},"canonical":"https:\/\/www.eldiario.net\/portal\/2026\/01\/15\/otro-lamentable-episodio-politico\/","og_locale":"es_ES","og_type":"article","og_title":"Otro lamentable episodio pol\u00edtico - El Diario - Bolivia","og_description":"Acaba de presenciar el pueblo boliviano otro lamentable episodio pol\u00edtico, por lo ocurrido a ra\u00edz del Decreto Supremo 5503, dictado por el gobierno para resolver la crisis en que vive el pa\u00eds, debido a gobiernos masistas que por veinte a\u00f1os tuvieron en sus manos el tim\u00f3n de la nave del Estado. Las protestas sociales por [&hellip;]","og_url":"https:\/\/www.eldiario.net\/portal\/2026\/01\/15\/otro-lamentable-episodio-politico\/","og_site_name":"El Diario - Bolivia","article_publisher":"https:\/\/www.facebook.com\/eldiario.bolivia\/","article_published_time":"2026-01-15T10:05:49+00:00","og_image":[{"width":800,"height":500,"url":"https:\/\/www.eldiario.net\/portal\/wp-content\/uploads\/2023\/12\/Editorial.jpg","type":"image\/jpeg"}],"author":"Jeanette","twitter_card":"summary_large_image","twitter_creator":"@eldiario_net","twitter_site":"@eldiario_net","twitter_misc":{"Escrito por":"Jeanette","Tiempo de lectura":"3 minutos"},"schema":{"@context":"https:\/\/schema.org","@graph":[{"@type":"Article","@id":"https:\/\/www.eldiario.net\/portal\/2026\/01\/15\/otro-lamentable-episodio-politico\/#article","isPartOf":{"@id":"https:\/\/www.eldiario.net\/portal\/2026\/01\/15\/otro-lamentable-episodio-politico\/"},"author":{"name":"Jeanette","@id":"https:\/\/www.eldiario.net\/portal\/#\/schema\/person\/f46445640444750d7d753ccd04ae01b7"},"headline":"Otro lamentable episodio pol\u00edtico","datePublished":"2026-01-15T10:05:49+00:00","mainEntityOfPage":{"@id":"https:\/\/www.eldiario.net\/portal\/2026\/01\/15\/otro-lamentable-episodio-politico\/"},"wordCount":559,"publisher":{"@id":"https:\/\/www.eldiario.net\/portal\/#organization"},"image":{"@id":"https:\/\/www.eldiario.net\/portal\/2026\/01\/15\/otro-lamentable-episodio-politico\/#primaryimage"},"thumbnailUrl":"https:\/\/www.eldiario.net\/portal\/wp-content\/uploads\/2023\/12\/Editorial.jpg","articleSection":["Editorial"],"inLanguage":"es"},{"@type":"WebPage","@id":"https:\/\/www.eldiario.net\/portal\/2026\/01\/15\/otro-lamentable-episodio-politico\/","url":"https:\/\/www.eldiario.net\/portal\/2026\/01\/15\/otro-lamentable-episodio-politico\/","name":"Otro lamentable episodio pol\u00edtico - El Diario - Bolivia","isPartOf":{"@id":"https:\/\/www.eldiario.net\/portal\/#website"},"primaryImageOfPage":{"@id":"https:\/\/www.eldiario.net\/portal\/2026\/01\/15\/otro-lamentable-episodio-politico\/#primaryimage"},"image":{"@id":"https:\/\/www.eldiario.net\/portal\/2026\/01\/15\/otro-lamentable-episodio-politico\/#primaryimage"},"thumbnailUrl":"https:\/\/www.eldiario.net\/portal\/wp-content\/uploads\/2023\/12\/Editorial.jpg","datePublished":"2026-01-15T10:05:49+00:00","breadcrumb":{"@id":"https:\/\/www.eldiario.net\/portal\/2026\/01\/15\/otro-lamentable-episodio-politico\/#breadcrumb"},"inLanguage":"es","potentialAction":[{"@type":"ReadAction","target":["https:\/\/www.eldiario.net\/portal\/2026\/01\/15\/otro-lamentable-episodio-politico\/"]}]},{"@type":"ImageObject","inLanguage":"es","@id":"https:\/\/www.eldiario.net\/portal\/2026\/01\/15\/otro-lamentable-episodio-politico\/#primaryimage","url":"https:\/\/www.eldiario.net\/portal\/wp-content\/uploads\/2023\/12\/Editorial.jpg","contentUrl":"https:\/\/www.eldiario.net\/portal\/wp-content\/uploads\/2023\/12\/Editorial.jpg","width":800,"height":500},{"@type":"BreadcrumbList","@id":"https:\/\/www.eldiario.net\/portal\/2026\/01\/15\/otro-lamentable-episodio-politico\/#breadcrumb","itemListElement":[{"@type":"ListItem","position":1,"name":"Portada","item":"https:\/\/www.eldiario.net\/portal\/"},{"@type":"ListItem","position":2,"name":"Otro lamentable episodio pol\u00edtico"}]},{"@type":"WebSite","@id":"https:\/\/www.eldiario.net\/portal\/#website","url":"https:\/\/www.eldiario.net\/portal\/","name":"El Diario - Decano de la prensa nacional","description":"El Diario - Decano de la prensa nacional","publisher":{"@id":"https:\/\/www.eldiario.net\/portal\/#organization"},"potentialAction":[{"@type":"SearchAction","target":{"@type":"EntryPoint","urlTemplate":"https:\/\/www.eldiario.net\/portal\/?s={search_term_string}"},"query-input":{"@type":"PropertyValueSpecification","valueRequired":true,"valueName":"search_term_string"}}],"inLanguage":"es"},{"@type":"Organization","@id":"https:\/\/www.eldiario.net\/portal\/#organization","name":"El Diario - Decano de la prensa nacional","url":"https:\/\/www.eldiario.net\/portal\/","logo":{"@type":"ImageObject","inLanguage":"es","@id":"https:\/\/www.eldiario.net\/portal\/#\/schema\/logo\/image\/","url":"https:\/\/www.eldiario.net\/portal\/wp-content\/uploads\/2023\/07\/logo_ED.jpg","contentUrl":"https:\/\/www.eldiario.net\/portal\/wp-content\/uploads\/2023\/07\/logo_ED.jpg","width":272,"height":52,"caption":"El Diario - Decano de la prensa nacional"},"image":{"@id":"https:\/\/www.eldiario.net\/portal\/#\/schema\/logo\/image\/"},"sameAs":["https:\/\/www.facebook.com\/eldiario.bolivia\/","https:\/\/x.com\/eldiario_net"]},{"@type":"Person","@id":"https:\/\/www.eldiario.net\/portal\/#\/schema\/person\/f46445640444750d7d753ccd04ae01b7","name":"Jeanette","image":{"@type":"ImageObject","inLanguage":"es","@id":"https:\/\/secure.gravatar.com\/avatar\/3ea2118a5f7dad2b7138b1187a6b7ee55f160b9968b66013c3a3ef39dd7e5798?s=96&d=mm&r=g","url":"https:\/\/secure.gravatar.com\/avatar\/3ea2118a5f7dad2b7138b1187a6b7ee55f160b9968b66013c3a3ef39dd7e5798?s=96&d=mm&r=g","contentUrl":"https:\/\/secure.gravatar.com\/avatar\/3ea2118a5f7dad2b7138b1187a6b7ee55f160b9968b66013c3a3ef39dd7e5798?s=96&d=mm&r=g","caption":"Jeanette"},"sameAs":["https:\/\/www.eldiario.net\/portal"],"url":"https:\/\/www.eldiario.net\/portal\/author\/jeanette\/"}]}},"_links":{"self":[{"href":"https:\/\/www.eldiario.net\/portal\/wp-json\/wp\/v2\/posts\/360051","targetHints":{"allow":["GET"]}}],"collection":[{"href":"https:\/\/www.eldiario.net\/portal\/wp-json\/wp\/v2\/posts"}],"about":[{"href":"https:\/\/www.eldiario.net\/portal\/wp-json\/wp\/v2\/types\/post"}],"author":[{"embeddable":true,"href":"https:\/\/www.eldiario.net\/portal\/wp-json\/wp\/v2\/users\/1"}],"replies":[{"embeddable":true,"href":"https:\/\/www.eldiario.net\/portal\/wp-json\/wp\/v2\/comments?post=360051"}],"version-history":[{"count":1,"href":"https:\/\/www.eldiario.net\/portal\/wp-json\/wp\/v2\/posts\/360051\/revisions"}],"predecessor-version":[{"id":360052,"href":"https:\/\/www.eldiario.net\/portal\/wp-json\/wp\/v2\/posts\/360051\/revisions\/360052"}],"wp:featuredmedia":[{"embeddable":true,"href":"https:\/\/www.eldiario.net\/portal\/wp-json\/wp\/v2\/media\/194776"}],"wp:attachment":[{"href":"https:\/\/www.eldiario.net\/portal\/wp-json\/wp\/v2\/media?parent=360051"}],"wp:term":[{"taxonomy":"category","embeddable":true,"href":"https:\/\/www.eldiario.net\/portal\/wp-json\/wp\/v2\/categories?post=360051"},{"taxonomy":"post_tag","embeddable":true,"href":"https:\/\/www.eldiario.net\/portal\/wp-json\/wp\/v2\/tags?post=360051"}],"curies":[{"name":"wp","href":"https:\/\/api.w.org\/{rel}","templated":true}]}}