{"id":360049,"date":"2026-01-15T06:05:02","date_gmt":"2026-01-15T10:05:02","guid":{"rendered":"https:\/\/www.eldiario.net\/portal\/?p=360049"},"modified":"2026-01-15T06:05:02","modified_gmt":"2026-01-15T10:05:02","slug":"bolivia-entre-la-transicion-y-el-caos-administrado-el-dia-en-que-la-autoridad-se-quebro-en-el-alto","status":"publish","type":"post","link":"https:\/\/www.eldiario.net\/portal\/2026\/01\/15\/bolivia-entre-la-transicion-y-el-caos-administrado-el-dia-en-que-la-autoridad-se-quebro-en-el-alto\/","title":{"rendered":"Bolivia entre la transici\u00f3n y el caos administrado  El d\u00eda en que la autoridad se quebr\u00f3 en El Alto"},"content":{"rendered":"<p><em>\u201cLa acci\u00f3n pol\u00edtica sin pensamiento previo se convierte en mera administraci\u00f3n del caos\u201d. \u2014 Hannah Arendt.<\/em><\/p>\n<p>&nbsp;<\/p>\n<p>Esta advertencia no es teor\u00eda abstracta. Describe con precisi\u00f3n lo que ocurre cuando un gobierno act\u00faa sin dise\u00f1ar procesos, decide sin construir legitimidad y confunde urgencia con conducci\u00f3n. Lo sucedido en Bolivia con el DS 5503 es una demostraci\u00f3n emp\u00edrica de ese caos administrado.<\/p>\n<p>&nbsp;<\/p>\n<p><strong>Cuando la palabra del Estado se rompe <\/strong><\/p>\n<p>Lo ocurrido en El Alto no fue solo una negociaci\u00f3n social dif\u00edcil. Fue la exhibici\u00f3n p\u00fablica de los escombros de la autoridad del Estado y de la quiebra de la palabra presidencial, luego de que se afirmara que el decreto no ser\u00eda modificado. En pol\u00edtica, la palabra no es ret\u00f3rica: es poder. Cuando se rompe frente a c\u00e1maras y multitudes, la autoridad no se erosiona: se derrumba. Desde ese momento, el Estado deja de proyectar credibilidad, certeza y comienza a transmitir debilidad, vulnerabilidad.<\/p>\n<p>&nbsp;<\/p>\n<p><strong>La p\u00e9rdida de la iniciativa: cuando la calle impone agenda <\/strong><\/p>\n<p>Lo m\u00e1s grave fue la p\u00e9rdida de la iniciativa pol\u00edtica. La Central Obrera Boliviana no solo presion\u00f3: impuso agenda. Seis ministros quedaron contra las cuerdas y el Ejecutivo acept\u00f3 reescribir, en tiempo real, una norma estructural. El mensaje fue inequ\u00edvoco: quien bloquea gobierna; quien gobierna, cede. Ese precedente no se corrige con un nuevo decreto: tiende a institucionalizarse, redefiniendo d\u00f3nde reside el poder real de decisi\u00f3n.<\/p>\n<p>&nbsp;<\/p>\n<p><strong>Incertidumbre como pol\u00edtica p\u00fablica <\/strong><\/p>\n<p>El da\u00f1o econ\u00f3mico no proviene del ajuste en s\u00ed, sino de algo m\u00e1s corrosivo: la incertidumbre regulatoria convertida en m\u00e9todo. Fue como decirles a los ciudadanos y a los mercados: \u201cdisculpen, el DS 5503 fue solo un ejercicio; ahora trabajaremos en serio\u201d. En pocos d\u00edas, Bolivia mostr\u00f3 que una norma estructural puede nacer, colapsar y reescribirse bajo presi\u00f3n y chantaje. Para cualquier inversor, el mensaje fue claro: las reglas no son reglas, son borradores condicionados al pr\u00f3ximo conflicto pol\u00edtico &#8211; social. La econom\u00eda puede absorber ajustes; lo que no absorbe ni ahora ni en el futuro es la imprevisibilidad pol\u00edtica normalizada y doblegada por el matonaje pol\u00edtico-sindical.<\/p>\n<p>&nbsp;<\/p>\n<p><strong>Cuando la calle sustituye al Estado <\/strong><\/p>\n<p>Socialmente, el error fue a\u00fan m\u00e1s profundo. Al no dise\u00f1ar procesos previos de compensaci\u00f3n, gradualidad y di\u00e1logo estructurado, el Gobierno permiti\u00f3 que los movimientos que dominaron las calles durante el ciclo del MAS se reapropiaran del espacio p\u00fablico. La poblaci\u00f3n observa c\u00f3mo la COB impone su pulso al Gobierno y surge una pregunta inevitable: \u00bfc\u00f3mo confiar en medidas duras para salir de la crisis si el Estado retrocede ante una fuerza pol\u00edtico-sindical desmedida? \u00bfD\u00f3nde est\u00e1 el Estado? Hoy, el eje de poder aparece peligrosamente inclinado fuera del Gobierno.<\/p>\n<p>Cuando el Estado gestiona sin actuar sobre procesos anticipados, guiados por pensamiento pol\u00edtico y visi\u00f3n estrat\u00e9gica, no solo produce conflicto: restablece viejas l\u00f3gicas de dominaci\u00f3n. La calle vuelve a decidir la pol\u00edtica p\u00fablica por coerci\u00f3n, no por deliberaci\u00f3n democr\u00e1tica. El costo lo pagan miles de empresas y millones de ciudadanos, mientras el ciudadano com\u00fan queda reducido a espectador de una disputa que define su futuro sin representarlo.<\/p>\n<p>&nbsp;<\/p>\n<p><strong>Gobernar consecuencias es renunciar a gobernar <\/strong><\/p>\n<p>Aqu\u00ed se materializa la advertencia de Arendt. El Gobierno no gobern\u00f3 procesos: administr\u00f3 consecuencias. Apag\u00f3 incendios que \u00e9l mismo encendi\u00f3 por falta de previsi\u00f3n y visi\u00f3n. Negoci\u00f3 desde la debilidad lo que debi\u00f3 haber construido desde la anticipaci\u00f3n. Gobernar consecuencias es llegar siempre tarde, abrir la puerta al abuso corporativo y convertir la gesti\u00f3n p\u00fablica en una sucesi\u00f3n de parches, sin horizonte ni autoridad.<\/p>\n<p>&nbsp;<\/p>\n<p><strong>Una oportunidad apenas te\u00f3rica \u2014y el alto riesgo de perderla <\/strong><\/p>\n<p>La abrogaci\u00f3n del DS 5503 abre, en teor\u00eda, una oportunidad para corregir, profundizar el n\u00facleo econ\u00f3mico, completar lo que le faltaba para ser un programa integral y reconstruir legitimidad. Pero presentar que el n\u00facleo econ\u00f3mico del DS 5503 se mantiene como victoria, es una victoria p\u00edrrica. Esa oportunidad solo existe si el Gobierno comienza y aprende a gobernar desde los procesos. La crisis es demasiado grave para que el Gobierno aprenda a gestionar sobre la marcha. El costo pol\u00edtico ya es visible: autoridad da\u00f1ada, gobernabilidad fr\u00e1gil y poder fragmentado. Las concesiones no cerraron la crisis: la desplazaron, cambiando un problema econ\u00f3mico por una crisis de autoridad que ser\u00e1 dif\u00edcil recuperar.<\/p>\n<p>\u00bfGana Bolivia con la abrogaci\u00f3n? No necesariamente. Lo que qued\u00f3 en evidencia es el triunfo del veto pol\u00edtico-sindical y el secuestro de la agenda p\u00fablica \u2014y de la sociedad\u2014 mediante el terror pol\u00edtico de la COB. Un pa\u00eds no colapsa solo por desequilibrios fiscales o inflaci\u00f3n elevada; colapsa cuando pierde, a la vez, autoridad, previsibilidad y rumbo. La abrogaci\u00f3n pudo descomprimir transitoriamente la calle, pero no resolvi\u00f3 la crisis: la desplaz\u00f3. Bolivia a\u00fan puede evitar un desenlace mayor si usa esta pausa para reconstruir conducci\u00f3n, reglas claras y un horizonte cre\u00edble. Pero la ventana pol\u00edtica se estrecha y la tolerancia social se agota. Gobernar apagando incendios ya no es una opci\u00f3n. Persistir en la improvisaci\u00f3n no es un error t\u00e9cnico: es una decisi\u00f3n pol\u00edtica clara.<\/p>\n<p>&nbsp;<\/p>\n<p><em>El autor es economista PhD, consultor internacional.<\/em><\/p>\n","protected":false},"excerpt":{"rendered":"<p>\u201cLa acci\u00f3n pol\u00edtica sin pensamiento previo se convierte en mera administraci\u00f3n del caos\u201d. \u2014 Hannah Arendt. &nbsp; Esta advertencia no es teor\u00eda abstracta. Describe con precisi\u00f3n lo que ocurre cuando un gobierno act\u00faa sin dise\u00f1ar procesos, decide sin construir legitimidad y confunde urgencia con conducci\u00f3n. Lo sucedido en Bolivia con el DS 5503 es una [&hellip;]<\/p>\n","protected":false},"author":1,"featured_media":172767,"comment_status":"closed","ping_status":"open","sticky":false,"template":"","format":"standard","meta":{"_acf_changed":false,"footnotes":""},"categories":[9],"tags":[],"class_list":["post-360049","post","type-post","status-publish","format-standard","has-post-thumbnail","category-opinion"],"acf":{"antetitulo":""},"yoast_head":"<!-- This site is optimized with the Yoast SEO plugin v28.4 - https:\/\/yoast.com\/product\/yoast-seo-wordpress\/ -->\n<title>Bolivia entre la transici\u00f3n y el caos administrado El d\u00eda en que la autoridad se quebr\u00f3 en El Alto - El Diario - Bolivia<\/title>\n<meta name=\"robots\" content=\"index, follow, max-snippet:-1, max-image-preview:large, max-video-preview:-1\" \/>\n<link rel=\"canonical\" href=\"https:\/\/www.eldiario.net\/portal\/2026\/01\/15\/bolivia-entre-la-transicion-y-el-caos-administrado-el-dia-en-que-la-autoridad-se-quebro-en-el-alto\/\" \/>\n<meta property=\"og:locale\" content=\"es_ES\" \/>\n<meta property=\"og:type\" content=\"article\" \/>\n<meta property=\"og:title\" content=\"Bolivia entre la transici\u00f3n y el caos administrado El d\u00eda en que la autoridad se quebr\u00f3 en El Alto - El Diario - Bolivia\" \/>\n<meta property=\"og:description\" content=\"\u201cLa acci\u00f3n pol\u00edtica sin pensamiento previo se convierte en mera administraci\u00f3n del caos\u201d. \u2014 Hannah Arendt. &nbsp; Esta advertencia no es teor\u00eda abstracta. Describe con precisi\u00f3n lo que ocurre cuando un gobierno act\u00faa sin dise\u00f1ar procesos, decide sin construir legitimidad y confunde urgencia con conducci\u00f3n. Lo sucedido en Bolivia con el DS 5503 es una [&hellip;]\" \/>\n<meta property=\"og:url\" content=\"https:\/\/www.eldiario.net\/portal\/2026\/01\/15\/bolivia-entre-la-transicion-y-el-caos-administrado-el-dia-en-que-la-autoridad-se-quebro-en-el-alto\/\" \/>\n<meta property=\"og:site_name\" content=\"El Diario - Bolivia\" \/>\n<meta property=\"article:publisher\" content=\"https:\/\/www.facebook.com\/eldiario.bolivia\/\" \/>\n<meta property=\"article:published_time\" content=\"2026-01-15T10:05:02+00:00\" \/>\n<meta property=\"og:image\" content=\"https:\/\/www.eldiario.net\/portal\/wp-content\/uploads\/2023\/08\/Carlos-Jahnsen-Gutierrez.jpg\" \/>\n\t<meta property=\"og:image:width\" content=\"1200\" \/>\n\t<meta property=\"og:image:height\" content=\"628\" \/>\n\t<meta property=\"og:image:type\" content=\"image\/jpeg\" \/>\n<meta name=\"author\" content=\"Jeanette\" \/>\n<meta name=\"twitter:card\" content=\"summary_large_image\" \/>\n<meta name=\"twitter:creator\" content=\"@eldiario_net\" \/>\n<meta name=\"twitter:site\" content=\"@eldiario_net\" \/>\n<meta name=\"twitter:label1\" content=\"Escrito por\" \/>\n\t<meta name=\"twitter:data1\" content=\"Jeanette\" \/>\n\t<meta name=\"twitter:label2\" content=\"Tiempo de lectura\" \/>\n\t<meta name=\"twitter:data2\" content=\"4 minutos\" \/>\n<script type=\"application\/ld+json\" class=\"yoast-schema-graph\">{\"@context\":\"https:\\\/\\\/schema.org\",\"@graph\":[{\"@type\":\"Article\",\"@id\":\"https:\\\/\\\/www.eldiario.net\\\/portal\\\/2026\\\/01\\\/15\\\/bolivia-entre-la-transicion-y-el-caos-administrado-el-dia-en-que-la-autoridad-se-quebro-en-el-alto\\\/#article\",\"isPartOf\":{\"@id\":\"https:\\\/\\\/www.eldiario.net\\\/portal\\\/2026\\\/01\\\/15\\\/bolivia-entre-la-transicion-y-el-caos-administrado-el-dia-en-que-la-autoridad-se-quebro-en-el-alto\\\/\"},\"author\":{\"name\":\"Jeanette\",\"@id\":\"https:\\\/\\\/www.eldiario.net\\\/portal\\\/#\\\/schema\\\/person\\\/f46445640444750d7d753ccd04ae01b7\"},\"headline\":\"Bolivia entre la transici\u00f3n y el caos administrado El d\u00eda en que la autoridad se quebr\u00f3 en El Alto\",\"datePublished\":\"2026-01-15T10:05:02+00:00\",\"mainEntityOfPage\":{\"@id\":\"https:\\\/\\\/www.eldiario.net\\\/portal\\\/2026\\\/01\\\/15\\\/bolivia-entre-la-transicion-y-el-caos-administrado-el-dia-en-que-la-autoridad-se-quebro-en-el-alto\\\/\"},\"wordCount\":939,\"publisher\":{\"@id\":\"https:\\\/\\\/www.eldiario.net\\\/portal\\\/#organization\"},\"image\":{\"@id\":\"https:\\\/\\\/www.eldiario.net\\\/portal\\\/2026\\\/01\\\/15\\\/bolivia-entre-la-transicion-y-el-caos-administrado-el-dia-en-que-la-autoridad-se-quebro-en-el-alto\\\/#primaryimage\"},\"thumbnailUrl\":\"https:\\\/\\\/www.eldiario.net\\\/portal\\\/wp-content\\\/uploads\\\/2023\\\/08\\\/Carlos-Jahnsen-Gutierrez.jpg\",\"articleSection\":[\"Opini\u00f3n\"],\"inLanguage\":\"es\"},{\"@type\":\"WebPage\",\"@id\":\"https:\\\/\\\/www.eldiario.net\\\/portal\\\/2026\\\/01\\\/15\\\/bolivia-entre-la-transicion-y-el-caos-administrado-el-dia-en-que-la-autoridad-se-quebro-en-el-alto\\\/\",\"url\":\"https:\\\/\\\/www.eldiario.net\\\/portal\\\/2026\\\/01\\\/15\\\/bolivia-entre-la-transicion-y-el-caos-administrado-el-dia-en-que-la-autoridad-se-quebro-en-el-alto\\\/\",\"name\":\"Bolivia entre la transici\u00f3n y el caos administrado El d\u00eda en que la autoridad se quebr\u00f3 en El Alto - El Diario - Bolivia\",\"isPartOf\":{\"@id\":\"https:\\\/\\\/www.eldiario.net\\\/portal\\\/#website\"},\"primaryImageOfPage\":{\"@id\":\"https:\\\/\\\/www.eldiario.net\\\/portal\\\/2026\\\/01\\\/15\\\/bolivia-entre-la-transicion-y-el-caos-administrado-el-dia-en-que-la-autoridad-se-quebro-en-el-alto\\\/#primaryimage\"},\"image\":{\"@id\":\"https:\\\/\\\/www.eldiario.net\\\/portal\\\/2026\\\/01\\\/15\\\/bolivia-entre-la-transicion-y-el-caos-administrado-el-dia-en-que-la-autoridad-se-quebro-en-el-alto\\\/#primaryimage\"},\"thumbnailUrl\":\"https:\\\/\\\/www.eldiario.net\\\/portal\\\/wp-content\\\/uploads\\\/2023\\\/08\\\/Carlos-Jahnsen-Gutierrez.jpg\",\"datePublished\":\"2026-01-15T10:05:02+00:00\",\"breadcrumb\":{\"@id\":\"https:\\\/\\\/www.eldiario.net\\\/portal\\\/2026\\\/01\\\/15\\\/bolivia-entre-la-transicion-y-el-caos-administrado-el-dia-en-que-la-autoridad-se-quebro-en-el-alto\\\/#breadcrumb\"},\"inLanguage\":\"es\",\"potentialAction\":[{\"@type\":\"ReadAction\",\"target\":[\"https:\\\/\\\/www.eldiario.net\\\/portal\\\/2026\\\/01\\\/15\\\/bolivia-entre-la-transicion-y-el-caos-administrado-el-dia-en-que-la-autoridad-se-quebro-en-el-alto\\\/\"]}]},{\"@type\":\"ImageObject\",\"inLanguage\":\"es\",\"@id\":\"https:\\\/\\\/www.eldiario.net\\\/portal\\\/2026\\\/01\\\/15\\\/bolivia-entre-la-transicion-y-el-caos-administrado-el-dia-en-que-la-autoridad-se-quebro-en-el-alto\\\/#primaryimage\",\"url\":\"https:\\\/\\\/www.eldiario.net\\\/portal\\\/wp-content\\\/uploads\\\/2023\\\/08\\\/Carlos-Jahnsen-Gutierrez.jpg\",\"contentUrl\":\"https:\\\/\\\/www.eldiario.net\\\/portal\\\/wp-content\\\/uploads\\\/2023\\\/08\\\/Carlos-Jahnsen-Gutierrez.jpg\",\"width\":1200,\"height\":628,\"caption\":\"Carlos Jahnsen Guti\u00e9rrez\"},{\"@type\":\"BreadcrumbList\",\"@id\":\"https:\\\/\\\/www.eldiario.net\\\/portal\\\/2026\\\/01\\\/15\\\/bolivia-entre-la-transicion-y-el-caos-administrado-el-dia-en-que-la-autoridad-se-quebro-en-el-alto\\\/#breadcrumb\",\"itemListElement\":[{\"@type\":\"ListItem\",\"position\":1,\"name\":\"Portada\",\"item\":\"https:\\\/\\\/www.eldiario.net\\\/portal\\\/\"},{\"@type\":\"ListItem\",\"position\":2,\"name\":\"Bolivia entre la transici\u00f3n y el caos administrado El d\u00eda en que la autoridad se quebr\u00f3 en El Alto\"}]},{\"@type\":\"WebSite\",\"@id\":\"https:\\\/\\\/www.eldiario.net\\\/portal\\\/#website\",\"url\":\"https:\\\/\\\/www.eldiario.net\\\/portal\\\/\",\"name\":\"El Diario - Decano de la prensa nacional\",\"description\":\"El Diario - Decano de la prensa nacional\",\"publisher\":{\"@id\":\"https:\\\/\\\/www.eldiario.net\\\/portal\\\/#organization\"},\"potentialAction\":[{\"@type\":\"SearchAction\",\"target\":{\"@type\":\"EntryPoint\",\"urlTemplate\":\"https:\\\/\\\/www.eldiario.net\\\/portal\\\/?s={search_term_string}\"},\"query-input\":{\"@type\":\"PropertyValueSpecification\",\"valueRequired\":true,\"valueName\":\"search_term_string\"}}],\"inLanguage\":\"es\"},{\"@type\":\"Organization\",\"@id\":\"https:\\\/\\\/www.eldiario.net\\\/portal\\\/#organization\",\"name\":\"El Diario - Decano de la prensa nacional\",\"url\":\"https:\\\/\\\/www.eldiario.net\\\/portal\\\/\",\"logo\":{\"@type\":\"ImageObject\",\"inLanguage\":\"es\",\"@id\":\"https:\\\/\\\/www.eldiario.net\\\/portal\\\/#\\\/schema\\\/logo\\\/image\\\/\",\"url\":\"https:\\\/\\\/www.eldiario.net\\\/portal\\\/wp-content\\\/uploads\\\/2023\\\/07\\\/logo_ED.jpg\",\"contentUrl\":\"https:\\\/\\\/www.eldiario.net\\\/portal\\\/wp-content\\\/uploads\\\/2023\\\/07\\\/logo_ED.jpg\",\"width\":272,\"height\":52,\"caption\":\"El Diario - Decano de la prensa nacional\"},\"image\":{\"@id\":\"https:\\\/\\\/www.eldiario.net\\\/portal\\\/#\\\/schema\\\/logo\\\/image\\\/\"},\"sameAs\":[\"https:\\\/\\\/www.facebook.com\\\/eldiario.bolivia\\\/\",\"https:\\\/\\\/x.com\\\/eldiario_net\"]},{\"@type\":\"Person\",\"@id\":\"https:\\\/\\\/www.eldiario.net\\\/portal\\\/#\\\/schema\\\/person\\\/f46445640444750d7d753ccd04ae01b7\",\"name\":\"Jeanette\",\"image\":{\"@type\":\"ImageObject\",\"inLanguage\":\"es\",\"@id\":\"https:\\\/\\\/secure.gravatar.com\\\/avatar\\\/3ea2118a5f7dad2b7138b1187a6b7ee55f160b9968b66013c3a3ef39dd7e5798?s=96&d=mm&r=g\",\"url\":\"https:\\\/\\\/secure.gravatar.com\\\/avatar\\\/3ea2118a5f7dad2b7138b1187a6b7ee55f160b9968b66013c3a3ef39dd7e5798?s=96&d=mm&r=g\",\"contentUrl\":\"https:\\\/\\\/secure.gravatar.com\\\/avatar\\\/3ea2118a5f7dad2b7138b1187a6b7ee55f160b9968b66013c3a3ef39dd7e5798?s=96&d=mm&r=g\",\"caption\":\"Jeanette\"},\"sameAs\":[\"https:\\\/\\\/www.eldiario.net\\\/portal\"],\"url\":\"https:\\\/\\\/www.eldiario.net\\\/portal\\\/author\\\/jeanette\\\/\"}]}<\/script>\n<!-- \/ Yoast SEO plugin. -->","yoast_head_json":{"title":"Bolivia entre la transici\u00f3n y el caos administrado El d\u00eda en que la autoridad se quebr\u00f3 en El Alto - El Diario - Bolivia","robots":{"index":"index","follow":"follow","max-snippet":"max-snippet:-1","max-image-preview":"max-image-preview:large","max-video-preview":"max-video-preview:-1"},"canonical":"https:\/\/www.eldiario.net\/portal\/2026\/01\/15\/bolivia-entre-la-transicion-y-el-caos-administrado-el-dia-en-que-la-autoridad-se-quebro-en-el-alto\/","og_locale":"es_ES","og_type":"article","og_title":"Bolivia entre la transici\u00f3n y el caos administrado El d\u00eda en que la autoridad se quebr\u00f3 en El Alto - El Diario - Bolivia","og_description":"\u201cLa acci\u00f3n pol\u00edtica sin pensamiento previo se convierte en mera administraci\u00f3n del caos\u201d. \u2014 Hannah Arendt. &nbsp; Esta advertencia no es teor\u00eda abstracta. Describe con precisi\u00f3n lo que ocurre cuando un gobierno act\u00faa sin dise\u00f1ar procesos, decide sin construir legitimidad y confunde urgencia con conducci\u00f3n. Lo sucedido en Bolivia con el DS 5503 es una [&hellip;]","og_url":"https:\/\/www.eldiario.net\/portal\/2026\/01\/15\/bolivia-entre-la-transicion-y-el-caos-administrado-el-dia-en-que-la-autoridad-se-quebro-en-el-alto\/","og_site_name":"El Diario - Bolivia","article_publisher":"https:\/\/www.facebook.com\/eldiario.bolivia\/","article_published_time":"2026-01-15T10:05:02+00:00","og_image":[{"width":1200,"height":628,"url":"https:\/\/www.eldiario.net\/portal\/wp-content\/uploads\/2023\/08\/Carlos-Jahnsen-Gutierrez.jpg","type":"image\/jpeg"}],"author":"Jeanette","twitter_card":"summary_large_image","twitter_creator":"@eldiario_net","twitter_site":"@eldiario_net","twitter_misc":{"Escrito por":"Jeanette","Tiempo de lectura":"4 minutos"},"schema":{"@context":"https:\/\/schema.org","@graph":[{"@type":"Article","@id":"https:\/\/www.eldiario.net\/portal\/2026\/01\/15\/bolivia-entre-la-transicion-y-el-caos-administrado-el-dia-en-que-la-autoridad-se-quebro-en-el-alto\/#article","isPartOf":{"@id":"https:\/\/www.eldiario.net\/portal\/2026\/01\/15\/bolivia-entre-la-transicion-y-el-caos-administrado-el-dia-en-que-la-autoridad-se-quebro-en-el-alto\/"},"author":{"name":"Jeanette","@id":"https:\/\/www.eldiario.net\/portal\/#\/schema\/person\/f46445640444750d7d753ccd04ae01b7"},"headline":"Bolivia entre la transici\u00f3n y el caos administrado El d\u00eda en que la autoridad se quebr\u00f3 en El Alto","datePublished":"2026-01-15T10:05:02+00:00","mainEntityOfPage":{"@id":"https:\/\/www.eldiario.net\/portal\/2026\/01\/15\/bolivia-entre-la-transicion-y-el-caos-administrado-el-dia-en-que-la-autoridad-se-quebro-en-el-alto\/"},"wordCount":939,"publisher":{"@id":"https:\/\/www.eldiario.net\/portal\/#organization"},"image":{"@id":"https:\/\/www.eldiario.net\/portal\/2026\/01\/15\/bolivia-entre-la-transicion-y-el-caos-administrado-el-dia-en-que-la-autoridad-se-quebro-en-el-alto\/#primaryimage"},"thumbnailUrl":"https:\/\/www.eldiario.net\/portal\/wp-content\/uploads\/2023\/08\/Carlos-Jahnsen-Gutierrez.jpg","articleSection":["Opini\u00f3n"],"inLanguage":"es"},{"@type":"WebPage","@id":"https:\/\/www.eldiario.net\/portal\/2026\/01\/15\/bolivia-entre-la-transicion-y-el-caos-administrado-el-dia-en-que-la-autoridad-se-quebro-en-el-alto\/","url":"https:\/\/www.eldiario.net\/portal\/2026\/01\/15\/bolivia-entre-la-transicion-y-el-caos-administrado-el-dia-en-que-la-autoridad-se-quebro-en-el-alto\/","name":"Bolivia entre la transici\u00f3n y el caos administrado El d\u00eda en que la autoridad se quebr\u00f3 en El Alto - El Diario - Bolivia","isPartOf":{"@id":"https:\/\/www.eldiario.net\/portal\/#website"},"primaryImageOfPage":{"@id":"https:\/\/www.eldiario.net\/portal\/2026\/01\/15\/bolivia-entre-la-transicion-y-el-caos-administrado-el-dia-en-que-la-autoridad-se-quebro-en-el-alto\/#primaryimage"},"image":{"@id":"https:\/\/www.eldiario.net\/portal\/2026\/01\/15\/bolivia-entre-la-transicion-y-el-caos-administrado-el-dia-en-que-la-autoridad-se-quebro-en-el-alto\/#primaryimage"},"thumbnailUrl":"https:\/\/www.eldiario.net\/portal\/wp-content\/uploads\/2023\/08\/Carlos-Jahnsen-Gutierrez.jpg","datePublished":"2026-01-15T10:05:02+00:00","breadcrumb":{"@id":"https:\/\/www.eldiario.net\/portal\/2026\/01\/15\/bolivia-entre-la-transicion-y-el-caos-administrado-el-dia-en-que-la-autoridad-se-quebro-en-el-alto\/#breadcrumb"},"inLanguage":"es","potentialAction":[{"@type":"ReadAction","target":["https:\/\/www.eldiario.net\/portal\/2026\/01\/15\/bolivia-entre-la-transicion-y-el-caos-administrado-el-dia-en-que-la-autoridad-se-quebro-en-el-alto\/"]}]},{"@type":"ImageObject","inLanguage":"es","@id":"https:\/\/www.eldiario.net\/portal\/2026\/01\/15\/bolivia-entre-la-transicion-y-el-caos-administrado-el-dia-en-que-la-autoridad-se-quebro-en-el-alto\/#primaryimage","url":"https:\/\/www.eldiario.net\/portal\/wp-content\/uploads\/2023\/08\/Carlos-Jahnsen-Gutierrez.jpg","contentUrl":"https:\/\/www.eldiario.net\/portal\/wp-content\/uploads\/2023\/08\/Carlos-Jahnsen-Gutierrez.jpg","width":1200,"height":628,"caption":"Carlos Jahnsen Guti\u00e9rrez"},{"@type":"BreadcrumbList","@id":"https:\/\/www.eldiario.net\/portal\/2026\/01\/15\/bolivia-entre-la-transicion-y-el-caos-administrado-el-dia-en-que-la-autoridad-se-quebro-en-el-alto\/#breadcrumb","itemListElement":[{"@type":"ListItem","position":1,"name":"Portada","item":"https:\/\/www.eldiario.net\/portal\/"},{"@type":"ListItem","position":2,"name":"Bolivia entre la transici\u00f3n y el caos administrado El d\u00eda en que la autoridad se quebr\u00f3 en El Alto"}]},{"@type":"WebSite","@id":"https:\/\/www.eldiario.net\/portal\/#website","url":"https:\/\/www.eldiario.net\/portal\/","name":"El Diario - Decano de la prensa nacional","description":"El Diario - Decano de la prensa nacional","publisher":{"@id":"https:\/\/www.eldiario.net\/portal\/#organization"},"potentialAction":[{"@type":"SearchAction","target":{"@type":"EntryPoint","urlTemplate":"https:\/\/www.eldiario.net\/portal\/?s={search_term_string}"},"query-input":{"@type":"PropertyValueSpecification","valueRequired":true,"valueName":"search_term_string"}}],"inLanguage":"es"},{"@type":"Organization","@id":"https:\/\/www.eldiario.net\/portal\/#organization","name":"El Diario - Decano de la prensa nacional","url":"https:\/\/www.eldiario.net\/portal\/","logo":{"@type":"ImageObject","inLanguage":"es","@id":"https:\/\/www.eldiario.net\/portal\/#\/schema\/logo\/image\/","url":"https:\/\/www.eldiario.net\/portal\/wp-content\/uploads\/2023\/07\/logo_ED.jpg","contentUrl":"https:\/\/www.eldiario.net\/portal\/wp-content\/uploads\/2023\/07\/logo_ED.jpg","width":272,"height":52,"caption":"El Diario - Decano de la prensa nacional"},"image":{"@id":"https:\/\/www.eldiario.net\/portal\/#\/schema\/logo\/image\/"},"sameAs":["https:\/\/www.facebook.com\/eldiario.bolivia\/","https:\/\/x.com\/eldiario_net"]},{"@type":"Person","@id":"https:\/\/www.eldiario.net\/portal\/#\/schema\/person\/f46445640444750d7d753ccd04ae01b7","name":"Jeanette","image":{"@type":"ImageObject","inLanguage":"es","@id":"https:\/\/secure.gravatar.com\/avatar\/3ea2118a5f7dad2b7138b1187a6b7ee55f160b9968b66013c3a3ef39dd7e5798?s=96&d=mm&r=g","url":"https:\/\/secure.gravatar.com\/avatar\/3ea2118a5f7dad2b7138b1187a6b7ee55f160b9968b66013c3a3ef39dd7e5798?s=96&d=mm&r=g","contentUrl":"https:\/\/secure.gravatar.com\/avatar\/3ea2118a5f7dad2b7138b1187a6b7ee55f160b9968b66013c3a3ef39dd7e5798?s=96&d=mm&r=g","caption":"Jeanette"},"sameAs":["https:\/\/www.eldiario.net\/portal"],"url":"https:\/\/www.eldiario.net\/portal\/author\/jeanette\/"}]}},"_links":{"self":[{"href":"https:\/\/www.eldiario.net\/portal\/wp-json\/wp\/v2\/posts\/360049","targetHints":{"allow":["GET"]}}],"collection":[{"href":"https:\/\/www.eldiario.net\/portal\/wp-json\/wp\/v2\/posts"}],"about":[{"href":"https:\/\/www.eldiario.net\/portal\/wp-json\/wp\/v2\/types\/post"}],"author":[{"embeddable":true,"href":"https:\/\/www.eldiario.net\/portal\/wp-json\/wp\/v2\/users\/1"}],"replies":[{"embeddable":true,"href":"https:\/\/www.eldiario.net\/portal\/wp-json\/wp\/v2\/comments?post=360049"}],"version-history":[{"count":1,"href":"https:\/\/www.eldiario.net\/portal\/wp-json\/wp\/v2\/posts\/360049\/revisions"}],"predecessor-version":[{"id":360050,"href":"https:\/\/www.eldiario.net\/portal\/wp-json\/wp\/v2\/posts\/360049\/revisions\/360050"}],"wp:featuredmedia":[{"embeddable":true,"href":"https:\/\/www.eldiario.net\/portal\/wp-json\/wp\/v2\/media\/172767"}],"wp:attachment":[{"href":"https:\/\/www.eldiario.net\/portal\/wp-json\/wp\/v2\/media?parent=360049"}],"wp:term":[{"taxonomy":"category","embeddable":true,"href":"https:\/\/www.eldiario.net\/portal\/wp-json\/wp\/v2\/categories?post=360049"},{"taxonomy":"post_tag","embeddable":true,"href":"https:\/\/www.eldiario.net\/portal\/wp-json\/wp\/v2\/tags?post=360049"}],"curies":[{"name":"wp","href":"https:\/\/api.w.org\/{rel}","templated":true}]}}