{"id":360047,"date":"2026-01-15T06:04:26","date_gmt":"2026-01-15T10:04:26","guid":{"rendered":"https:\/\/www.eldiario.net\/portal\/?p=360047"},"modified":"2026-01-15T06:04:26","modified_gmt":"2026-01-15T10:04:26","slug":"ds-5503-y-ds-5515-bloqueo-fisico-y-bloqueo-mental","status":"publish","type":"post","link":"https:\/\/www.eldiario.net\/portal\/2026\/01\/15\/ds-5503-y-ds-5515-bloqueo-fisico-y-bloqueo-mental\/","title":{"rendered":"DS 5503 y DS 5515: Bloqueo f\u00edsico y bloqueo mental"},"content":{"rendered":"<p>Una vez m\u00e1s, Bolivia se halla inmersa en nuevos conflictos, provocando una alta inestabilidad, siendo la m\u00e1s afectada, la gente pobre y necesitada. Tal parece que no se aprendi\u00f3 la lecci\u00f3n, al repetirse los brutales \u201cbloqueos de caminos y esperanzas\u201d.<\/p>\n<p>El \u201cbloqueo f\u00edsico\u201d de los desacreditados movimientos sociales identificados con el socialismo y el comunismo, pone en vilo al pa\u00eds, encarece la vida, rompe cadenas productivas y castiga a quien vive de su trabajo. Cada d\u00eda de bloqueo implica menos pan en la mesa y menos empleos dignos. Sin embargo, a ello se a\u00f1ade otro bloqueo, no menos da\u00f1ino, el \u201cbloqueo mental\u201d, protagonizado por los pol\u00edticos que se empe\u00f1an en hacer las cosas mal.<\/p>\n<p>Mientras el \u00d3rgano Ejecutivo intenta resolver los problemas estructurales de la econom\u00eda, cuya soluci\u00f3n exige actuar con sentido de Patria para garantizar la gobernabilidad del pa\u00eds, quienes electoralmente juraban un \u201ccambio verdadero\u201d, frente a la intentona de llevar a Bolivia al socialismo, aquellos que deb\u00edan jugarse por el DS 5503 y el DS 5515, son hoy una \u201coposici\u00f3n no colaborativa\u201d, ya que, en vez de apoyar y mejorar lo bueno, parecen querer demolerlo todo.<\/p>\n<p>Empezando por el Vicepresidente, secundado por fuerzas que dicen ser conservadoras, pero que compiten en una actitud negativa, pareci\u00e9ndose a los que llevaron a Bolivia a la crisis actual, es algo inaudito. La pol\u00edtica se ha convertido en un campo minado donde pocos construyen y muchos act\u00faan por intereses bastardos, buscando su lucro personal, ego\u00edsta y deshonesto, sin importar el bien com\u00fan ni la moralidad.<\/p>\n<p>\u00bfCu\u00e1l es la intenci\u00f3n de los decretos? Que la inflaci\u00f3n, no sufrida en 40 a\u00f1os y que erosiona los salarios, se combata enfrentando la causa principal, el d\u00e9ficit fiscal; que la escasez de combustibles, que afecta a todos, se solucione con un sinceramiento de precios para frenar el contrabando y la corrupci\u00f3n; que la falta de divisas, que encarece las importaciones y provoca la subida de costos y precios, se resuelva dando condiciones para producir, exportar y crecer mucho m\u00e1s, para lo que debe haber paz social; que, para revertir la p\u00e9rdida de empleos dignos que lleva a un aumento de la informalidad, mayor pobreza y deterioro de la calidad de vida, haya m\u00e1s inversi\u00f3n nacional y extranjera, para lo cual las condiciones del entorno deben mejorar y haber gobernabilidad. Incre\u00edblemente, hay quienes se oponen a esto, ya sea por un bloqueo f\u00edsico o un bloqueo mental.<\/p>\n<p>Parece que de nada vale lo que pasa en Venezuela y Cuba, donde la planificaci\u00f3n centralizada, las insostenibles subvenciones y el control de precios distorsionaron todo, provocando una escasez cr\u00f3nica, la emigraci\u00f3n masiva de ciudadanos y la pobreza generalizada, por causa de recetas econ\u00f3micas fracasadas.<\/p>\n<p>Parece que tampoco se recuerda que en 1985 nuestro pa\u00eds toc\u00f3 fondo con una hiperinflaci\u00f3n que pulveriz\u00f3 la moneda nacional, los salarios y los ahorros de la gente, impactando severamente en el sector productivo y en toda la sociedad, para superar lo cual, fue necesario el DS 21060, una decisi\u00f3n dolorosa, realista y valiente para evitar el colapso total.<\/p>\n<p>Es cierto que el sacrificio fue enorme, y aunque el ciudadano de a pie fue quien un mayor precio pag\u00f3, ese esfuerzo colectivo permiti\u00f3 estabilizar la econom\u00eda, recuperar la esperanza y volver a crecer con otro modelo que vino a sustituir al de la UDP basado en el marxismo, el populismo, el prebendalismo y el sindicalismo que, pens\u00e1ndolo bien, era lo mismo\u2026<\/p>\n<p>Lo cierto es que las crisis no son superadas con gritos, dinamitazos y bloqueos de calles y carreteras, tampoco con discursos rimbombantes y c\u00e1lculos mezquinos desde una palestra legislativa, m\u00e1s bien, se resuelven con decisiones urgentes, oportunas y perfectibles, como los criticados DS 5503 y DS 5515.<\/p>\n<p>El riesgo de hoy no es equivocarse al intentarlo, sino el nada hacer o ceder a presiones que ya demostraron su capacidad destructiva en los \u00faltimos 20 a\u00f1os: Sucumbir al chantaje de los bloqueos es condenar a nuestro pa\u00eds a un c\u00edrculo vicioso de un mayor empobrecimiento y frustraci\u00f3n.<\/p>\n<p>Hay que decirlo sin pelos en la lengua, todo bloqueo f\u00edsico, a quien m\u00e1s castiga es al pobre, al hacer subir el precio de los alimentos y negarles ingresos por no poder trabajar: permitir esta \u201cpraxis\u201d es algo peligroso porque deteriora la econom\u00eda del pa\u00eds con un impacto negativo en f\u00e1bricas, talleres, comercios, empresas de servicios, chacos y hogares.<\/p>\n<p>El tiempo apremia: para superar la crisis de hoy, todos &#8211;gobernantes, empresarios, trabajadores, pol\u00edticos y ciudadanos&#8211; debemos estar dispuestos a ceder algo para que Bolivia no caiga ma\u00f1ana en el abismo de lo que fue la UDP.<\/p>\n<p>La oposici\u00f3n miope y el aturdido sindicalismo, que solamente sabotean, pagar\u00e1n un alto precio por no apoyar las normas dictadas, sin olvidar que Dios, la Patria y el pueblo boliviano no solo podr\u00e1n premiar, sino tambi\u00e9n, juzgar y demandar su accionar, m\u00e1s temprano que tarde: Persistir en el bloqueo f\u00edsico y el bloqueo mental, es condenar a Bolivia, al fracaso\u2026<\/p>\n<p>&nbsp;<\/p>\n<p><em>El autor es Economista y Mag\u00edster en Comercio Internacional.<\/em><\/p>\n","protected":false},"excerpt":{"rendered":"<p>Una vez m\u00e1s, Bolivia se halla inmersa en nuevos conflictos, provocando una alta inestabilidad, siendo la m\u00e1s afectada, la gente pobre y necesitada. Tal parece que no se aprendi\u00f3 la lecci\u00f3n, al repetirse los brutales \u201cbloqueos de caminos y esperanzas\u201d. El \u201cbloqueo f\u00edsico\u201d de los desacreditados movimientos sociales identificados con el socialismo y el comunismo, [&hellip;]<\/p>\n","protected":false},"author":1,"featured_media":157466,"comment_status":"closed","ping_status":"open","sticky":false,"template":"","format":"standard","meta":{"_acf_changed":false,"footnotes":""},"categories":[9],"tags":[],"class_list":["post-360047","post","type-post","status-publish","format-standard","has-post-thumbnail","category-opinion"],"acf":{"antetitulo":"Buscando la verdad "},"yoast_head":"<!-- This site is optimized with the Yoast SEO plugin v28.4 - https:\/\/yoast.com\/product\/yoast-seo-wordpress\/ -->\n<title>DS 5503 y DS 5515: Bloqueo f\u00edsico y bloqueo mental - El Diario - Bolivia<\/title>\n<meta name=\"robots\" content=\"index, follow, max-snippet:-1, max-image-preview:large, max-video-preview:-1\" \/>\n<link rel=\"canonical\" href=\"https:\/\/www.eldiario.net\/portal\/2026\/01\/15\/ds-5503-y-ds-5515-bloqueo-fisico-y-bloqueo-mental\/\" \/>\n<meta property=\"og:locale\" content=\"es_ES\" \/>\n<meta property=\"og:type\" content=\"article\" \/>\n<meta property=\"og:title\" content=\"DS 5503 y DS 5515: Bloqueo f\u00edsico y bloqueo mental - El Diario - Bolivia\" \/>\n<meta property=\"og:description\" content=\"Una vez m\u00e1s, Bolivia se halla inmersa en nuevos conflictos, provocando una alta inestabilidad, siendo la m\u00e1s afectada, la gente pobre y necesitada. Tal parece que no se aprendi\u00f3 la lecci\u00f3n, al repetirse los brutales \u201cbloqueos de caminos y esperanzas\u201d. El \u201cbloqueo f\u00edsico\u201d de los desacreditados movimientos sociales identificados con el socialismo y el comunismo, [&hellip;]\" \/>\n<meta property=\"og:url\" content=\"https:\/\/www.eldiario.net\/portal\/2026\/01\/15\/ds-5503-y-ds-5515-bloqueo-fisico-y-bloqueo-mental\/\" \/>\n<meta property=\"og:site_name\" content=\"El Diario - Bolivia\" \/>\n<meta property=\"article:publisher\" content=\"https:\/\/www.facebook.com\/eldiario.bolivia\/\" \/>\n<meta property=\"article:published_time\" content=\"2026-01-15T10:04:26+00:00\" \/>\n<meta property=\"og:image\" content=\"https:\/\/www.eldiario.net\/portal\/wp-content\/uploads\/2023\/06\/Gary-Antonio-Rodriguez-Alvarez.jpg\" \/>\n\t<meta property=\"og:image:width\" content=\"1200\" \/>\n\t<meta property=\"og:image:height\" content=\"628\" \/>\n\t<meta property=\"og:image:type\" content=\"image\/jpeg\" \/>\n<meta name=\"author\" content=\"Jeanette\" \/>\n<meta name=\"twitter:card\" content=\"summary_large_image\" \/>\n<meta name=\"twitter:creator\" content=\"@eldiario_net\" \/>\n<meta name=\"twitter:site\" content=\"@eldiario_net\" \/>\n<meta name=\"twitter:label1\" content=\"Escrito por\" \/>\n\t<meta name=\"twitter:data1\" content=\"Jeanette\" \/>\n\t<meta name=\"twitter:label2\" content=\"Tiempo de lectura\" \/>\n\t<meta name=\"twitter:data2\" content=\"4 minutos\" \/>\n<script type=\"application\/ld+json\" class=\"yoast-schema-graph\">{\"@context\":\"https:\\\/\\\/schema.org\",\"@graph\":[{\"@type\":\"Article\",\"@id\":\"https:\\\/\\\/www.eldiario.net\\\/portal\\\/2026\\\/01\\\/15\\\/ds-5503-y-ds-5515-bloqueo-fisico-y-bloqueo-mental\\\/#article\",\"isPartOf\":{\"@id\":\"https:\\\/\\\/www.eldiario.net\\\/portal\\\/2026\\\/01\\\/15\\\/ds-5503-y-ds-5515-bloqueo-fisico-y-bloqueo-mental\\\/\"},\"author\":{\"name\":\"Jeanette\",\"@id\":\"https:\\\/\\\/www.eldiario.net\\\/portal\\\/#\\\/schema\\\/person\\\/f46445640444750d7d753ccd04ae01b7\"},\"headline\":\"DS 5503 y DS 5515: Bloqueo f\u00edsico y bloqueo mental\",\"datePublished\":\"2026-01-15T10:04:26+00:00\",\"mainEntityOfPage\":{\"@id\":\"https:\\\/\\\/www.eldiario.net\\\/portal\\\/2026\\\/01\\\/15\\\/ds-5503-y-ds-5515-bloqueo-fisico-y-bloqueo-mental\\\/\"},\"wordCount\":890,\"publisher\":{\"@id\":\"https:\\\/\\\/www.eldiario.net\\\/portal\\\/#organization\"},\"image\":{\"@id\":\"https:\\\/\\\/www.eldiario.net\\\/portal\\\/2026\\\/01\\\/15\\\/ds-5503-y-ds-5515-bloqueo-fisico-y-bloqueo-mental\\\/#primaryimage\"},\"thumbnailUrl\":\"https:\\\/\\\/www.eldiario.net\\\/portal\\\/wp-content\\\/uploads\\\/2023\\\/06\\\/Gary-Antonio-Rodriguez-Alvarez.jpg\",\"articleSection\":[\"Opini\u00f3n\"],\"inLanguage\":\"es\"},{\"@type\":\"WebPage\",\"@id\":\"https:\\\/\\\/www.eldiario.net\\\/portal\\\/2026\\\/01\\\/15\\\/ds-5503-y-ds-5515-bloqueo-fisico-y-bloqueo-mental\\\/\",\"url\":\"https:\\\/\\\/www.eldiario.net\\\/portal\\\/2026\\\/01\\\/15\\\/ds-5503-y-ds-5515-bloqueo-fisico-y-bloqueo-mental\\\/\",\"name\":\"DS 5503 y DS 5515: Bloqueo f\u00edsico y bloqueo mental - El Diario - Bolivia\",\"isPartOf\":{\"@id\":\"https:\\\/\\\/www.eldiario.net\\\/portal\\\/#website\"},\"primaryImageOfPage\":{\"@id\":\"https:\\\/\\\/www.eldiario.net\\\/portal\\\/2026\\\/01\\\/15\\\/ds-5503-y-ds-5515-bloqueo-fisico-y-bloqueo-mental\\\/#primaryimage\"},\"image\":{\"@id\":\"https:\\\/\\\/www.eldiario.net\\\/portal\\\/2026\\\/01\\\/15\\\/ds-5503-y-ds-5515-bloqueo-fisico-y-bloqueo-mental\\\/#primaryimage\"},\"thumbnailUrl\":\"https:\\\/\\\/www.eldiario.net\\\/portal\\\/wp-content\\\/uploads\\\/2023\\\/06\\\/Gary-Antonio-Rodriguez-Alvarez.jpg\",\"datePublished\":\"2026-01-15T10:04:26+00:00\",\"breadcrumb\":{\"@id\":\"https:\\\/\\\/www.eldiario.net\\\/portal\\\/2026\\\/01\\\/15\\\/ds-5503-y-ds-5515-bloqueo-fisico-y-bloqueo-mental\\\/#breadcrumb\"},\"inLanguage\":\"es\",\"potentialAction\":[{\"@type\":\"ReadAction\",\"target\":[\"https:\\\/\\\/www.eldiario.net\\\/portal\\\/2026\\\/01\\\/15\\\/ds-5503-y-ds-5515-bloqueo-fisico-y-bloqueo-mental\\\/\"]}]},{\"@type\":\"ImageObject\",\"inLanguage\":\"es\",\"@id\":\"https:\\\/\\\/www.eldiario.net\\\/portal\\\/2026\\\/01\\\/15\\\/ds-5503-y-ds-5515-bloqueo-fisico-y-bloqueo-mental\\\/#primaryimage\",\"url\":\"https:\\\/\\\/www.eldiario.net\\\/portal\\\/wp-content\\\/uploads\\\/2023\\\/06\\\/Gary-Antonio-Rodriguez-Alvarez.jpg\",\"contentUrl\":\"https:\\\/\\\/www.eldiario.net\\\/portal\\\/wp-content\\\/uploads\\\/2023\\\/06\\\/Gary-Antonio-Rodriguez-Alvarez.jpg\",\"width\":1200,\"height\":628},{\"@type\":\"BreadcrumbList\",\"@id\":\"https:\\\/\\\/www.eldiario.net\\\/portal\\\/2026\\\/01\\\/15\\\/ds-5503-y-ds-5515-bloqueo-fisico-y-bloqueo-mental\\\/#breadcrumb\",\"itemListElement\":[{\"@type\":\"ListItem\",\"position\":1,\"name\":\"Portada\",\"item\":\"https:\\\/\\\/www.eldiario.net\\\/portal\\\/\"},{\"@type\":\"ListItem\",\"position\":2,\"name\":\"DS 5503 y DS 5515: Bloqueo f\u00edsico y bloqueo mental\"}]},{\"@type\":\"WebSite\",\"@id\":\"https:\\\/\\\/www.eldiario.net\\\/portal\\\/#website\",\"url\":\"https:\\\/\\\/www.eldiario.net\\\/portal\\\/\",\"name\":\"El Diario - Decano de la prensa nacional\",\"description\":\"El Diario - Decano de la prensa nacional\",\"publisher\":{\"@id\":\"https:\\\/\\\/www.eldiario.net\\\/portal\\\/#organization\"},\"potentialAction\":[{\"@type\":\"SearchAction\",\"target\":{\"@type\":\"EntryPoint\",\"urlTemplate\":\"https:\\\/\\\/www.eldiario.net\\\/portal\\\/?s={search_term_string}\"},\"query-input\":{\"@type\":\"PropertyValueSpecification\",\"valueRequired\":true,\"valueName\":\"search_term_string\"}}],\"inLanguage\":\"es\"},{\"@type\":\"Organization\",\"@id\":\"https:\\\/\\\/www.eldiario.net\\\/portal\\\/#organization\",\"name\":\"El Diario - Decano de la prensa nacional\",\"url\":\"https:\\\/\\\/www.eldiario.net\\\/portal\\\/\",\"logo\":{\"@type\":\"ImageObject\",\"inLanguage\":\"es\",\"@id\":\"https:\\\/\\\/www.eldiario.net\\\/portal\\\/#\\\/schema\\\/logo\\\/image\\\/\",\"url\":\"https:\\\/\\\/www.eldiario.net\\\/portal\\\/wp-content\\\/uploads\\\/2023\\\/07\\\/logo_ED.jpg\",\"contentUrl\":\"https:\\\/\\\/www.eldiario.net\\\/portal\\\/wp-content\\\/uploads\\\/2023\\\/07\\\/logo_ED.jpg\",\"width\":272,\"height\":52,\"caption\":\"El Diario - Decano de la prensa nacional\"},\"image\":{\"@id\":\"https:\\\/\\\/www.eldiario.net\\\/portal\\\/#\\\/schema\\\/logo\\\/image\\\/\"},\"sameAs\":[\"https:\\\/\\\/www.facebook.com\\\/eldiario.bolivia\\\/\",\"https:\\\/\\\/x.com\\\/eldiario_net\"]},{\"@type\":\"Person\",\"@id\":\"https:\\\/\\\/www.eldiario.net\\\/portal\\\/#\\\/schema\\\/person\\\/f46445640444750d7d753ccd04ae01b7\",\"name\":\"Jeanette\",\"image\":{\"@type\":\"ImageObject\",\"inLanguage\":\"es\",\"@id\":\"https:\\\/\\\/secure.gravatar.com\\\/avatar\\\/3ea2118a5f7dad2b7138b1187a6b7ee55f160b9968b66013c3a3ef39dd7e5798?s=96&d=mm&r=g\",\"url\":\"https:\\\/\\\/secure.gravatar.com\\\/avatar\\\/3ea2118a5f7dad2b7138b1187a6b7ee55f160b9968b66013c3a3ef39dd7e5798?s=96&d=mm&r=g\",\"contentUrl\":\"https:\\\/\\\/secure.gravatar.com\\\/avatar\\\/3ea2118a5f7dad2b7138b1187a6b7ee55f160b9968b66013c3a3ef39dd7e5798?s=96&d=mm&r=g\",\"caption\":\"Jeanette\"},\"sameAs\":[\"https:\\\/\\\/www.eldiario.net\\\/portal\"],\"url\":\"https:\\\/\\\/www.eldiario.net\\\/portal\\\/author\\\/jeanette\\\/\"}]}<\/script>\n<!-- \/ Yoast SEO plugin. -->","yoast_head_json":{"title":"DS 5503 y DS 5515: Bloqueo f\u00edsico y bloqueo mental - El Diario - Bolivia","robots":{"index":"index","follow":"follow","max-snippet":"max-snippet:-1","max-image-preview":"max-image-preview:large","max-video-preview":"max-video-preview:-1"},"canonical":"https:\/\/www.eldiario.net\/portal\/2026\/01\/15\/ds-5503-y-ds-5515-bloqueo-fisico-y-bloqueo-mental\/","og_locale":"es_ES","og_type":"article","og_title":"DS 5503 y DS 5515: Bloqueo f\u00edsico y bloqueo mental - El Diario - Bolivia","og_description":"Una vez m\u00e1s, Bolivia se halla inmersa en nuevos conflictos, provocando una alta inestabilidad, siendo la m\u00e1s afectada, la gente pobre y necesitada. Tal parece que no se aprendi\u00f3 la lecci\u00f3n, al repetirse los brutales \u201cbloqueos de caminos y esperanzas\u201d. El \u201cbloqueo f\u00edsico\u201d de los desacreditados movimientos sociales identificados con el socialismo y el comunismo, [&hellip;]","og_url":"https:\/\/www.eldiario.net\/portal\/2026\/01\/15\/ds-5503-y-ds-5515-bloqueo-fisico-y-bloqueo-mental\/","og_site_name":"El Diario - Bolivia","article_publisher":"https:\/\/www.facebook.com\/eldiario.bolivia\/","article_published_time":"2026-01-15T10:04:26+00:00","og_image":[{"width":1200,"height":628,"url":"https:\/\/www.eldiario.net\/portal\/wp-content\/uploads\/2023\/06\/Gary-Antonio-Rodriguez-Alvarez.jpg","type":"image\/jpeg"}],"author":"Jeanette","twitter_card":"summary_large_image","twitter_creator":"@eldiario_net","twitter_site":"@eldiario_net","twitter_misc":{"Escrito por":"Jeanette","Tiempo de lectura":"4 minutos"},"schema":{"@context":"https:\/\/schema.org","@graph":[{"@type":"Article","@id":"https:\/\/www.eldiario.net\/portal\/2026\/01\/15\/ds-5503-y-ds-5515-bloqueo-fisico-y-bloqueo-mental\/#article","isPartOf":{"@id":"https:\/\/www.eldiario.net\/portal\/2026\/01\/15\/ds-5503-y-ds-5515-bloqueo-fisico-y-bloqueo-mental\/"},"author":{"name":"Jeanette","@id":"https:\/\/www.eldiario.net\/portal\/#\/schema\/person\/f46445640444750d7d753ccd04ae01b7"},"headline":"DS 5503 y DS 5515: Bloqueo f\u00edsico y bloqueo mental","datePublished":"2026-01-15T10:04:26+00:00","mainEntityOfPage":{"@id":"https:\/\/www.eldiario.net\/portal\/2026\/01\/15\/ds-5503-y-ds-5515-bloqueo-fisico-y-bloqueo-mental\/"},"wordCount":890,"publisher":{"@id":"https:\/\/www.eldiario.net\/portal\/#organization"},"image":{"@id":"https:\/\/www.eldiario.net\/portal\/2026\/01\/15\/ds-5503-y-ds-5515-bloqueo-fisico-y-bloqueo-mental\/#primaryimage"},"thumbnailUrl":"https:\/\/www.eldiario.net\/portal\/wp-content\/uploads\/2023\/06\/Gary-Antonio-Rodriguez-Alvarez.jpg","articleSection":["Opini\u00f3n"],"inLanguage":"es"},{"@type":"WebPage","@id":"https:\/\/www.eldiario.net\/portal\/2026\/01\/15\/ds-5503-y-ds-5515-bloqueo-fisico-y-bloqueo-mental\/","url":"https:\/\/www.eldiario.net\/portal\/2026\/01\/15\/ds-5503-y-ds-5515-bloqueo-fisico-y-bloqueo-mental\/","name":"DS 5503 y DS 5515: Bloqueo f\u00edsico y bloqueo mental - El Diario - Bolivia","isPartOf":{"@id":"https:\/\/www.eldiario.net\/portal\/#website"},"primaryImageOfPage":{"@id":"https:\/\/www.eldiario.net\/portal\/2026\/01\/15\/ds-5503-y-ds-5515-bloqueo-fisico-y-bloqueo-mental\/#primaryimage"},"image":{"@id":"https:\/\/www.eldiario.net\/portal\/2026\/01\/15\/ds-5503-y-ds-5515-bloqueo-fisico-y-bloqueo-mental\/#primaryimage"},"thumbnailUrl":"https:\/\/www.eldiario.net\/portal\/wp-content\/uploads\/2023\/06\/Gary-Antonio-Rodriguez-Alvarez.jpg","datePublished":"2026-01-15T10:04:26+00:00","breadcrumb":{"@id":"https:\/\/www.eldiario.net\/portal\/2026\/01\/15\/ds-5503-y-ds-5515-bloqueo-fisico-y-bloqueo-mental\/#breadcrumb"},"inLanguage":"es","potentialAction":[{"@type":"ReadAction","target":["https:\/\/www.eldiario.net\/portal\/2026\/01\/15\/ds-5503-y-ds-5515-bloqueo-fisico-y-bloqueo-mental\/"]}]},{"@type":"ImageObject","inLanguage":"es","@id":"https:\/\/www.eldiario.net\/portal\/2026\/01\/15\/ds-5503-y-ds-5515-bloqueo-fisico-y-bloqueo-mental\/#primaryimage","url":"https:\/\/www.eldiario.net\/portal\/wp-content\/uploads\/2023\/06\/Gary-Antonio-Rodriguez-Alvarez.jpg","contentUrl":"https:\/\/www.eldiario.net\/portal\/wp-content\/uploads\/2023\/06\/Gary-Antonio-Rodriguez-Alvarez.jpg","width":1200,"height":628},{"@type":"BreadcrumbList","@id":"https:\/\/www.eldiario.net\/portal\/2026\/01\/15\/ds-5503-y-ds-5515-bloqueo-fisico-y-bloqueo-mental\/#breadcrumb","itemListElement":[{"@type":"ListItem","position":1,"name":"Portada","item":"https:\/\/www.eldiario.net\/portal\/"},{"@type":"ListItem","position":2,"name":"DS 5503 y DS 5515: Bloqueo f\u00edsico y bloqueo mental"}]},{"@type":"WebSite","@id":"https:\/\/www.eldiario.net\/portal\/#website","url":"https:\/\/www.eldiario.net\/portal\/","name":"El Diario - Decano de la prensa nacional","description":"El Diario - Decano de la prensa nacional","publisher":{"@id":"https:\/\/www.eldiario.net\/portal\/#organization"},"potentialAction":[{"@type":"SearchAction","target":{"@type":"EntryPoint","urlTemplate":"https:\/\/www.eldiario.net\/portal\/?s={search_term_string}"},"query-input":{"@type":"PropertyValueSpecification","valueRequired":true,"valueName":"search_term_string"}}],"inLanguage":"es"},{"@type":"Organization","@id":"https:\/\/www.eldiario.net\/portal\/#organization","name":"El Diario - Decano de la prensa nacional","url":"https:\/\/www.eldiario.net\/portal\/","logo":{"@type":"ImageObject","inLanguage":"es","@id":"https:\/\/www.eldiario.net\/portal\/#\/schema\/logo\/image\/","url":"https:\/\/www.eldiario.net\/portal\/wp-content\/uploads\/2023\/07\/logo_ED.jpg","contentUrl":"https:\/\/www.eldiario.net\/portal\/wp-content\/uploads\/2023\/07\/logo_ED.jpg","width":272,"height":52,"caption":"El Diario - Decano de la prensa nacional"},"image":{"@id":"https:\/\/www.eldiario.net\/portal\/#\/schema\/logo\/image\/"},"sameAs":["https:\/\/www.facebook.com\/eldiario.bolivia\/","https:\/\/x.com\/eldiario_net"]},{"@type":"Person","@id":"https:\/\/www.eldiario.net\/portal\/#\/schema\/person\/f46445640444750d7d753ccd04ae01b7","name":"Jeanette","image":{"@type":"ImageObject","inLanguage":"es","@id":"https:\/\/secure.gravatar.com\/avatar\/3ea2118a5f7dad2b7138b1187a6b7ee55f160b9968b66013c3a3ef39dd7e5798?s=96&d=mm&r=g","url":"https:\/\/secure.gravatar.com\/avatar\/3ea2118a5f7dad2b7138b1187a6b7ee55f160b9968b66013c3a3ef39dd7e5798?s=96&d=mm&r=g","contentUrl":"https:\/\/secure.gravatar.com\/avatar\/3ea2118a5f7dad2b7138b1187a6b7ee55f160b9968b66013c3a3ef39dd7e5798?s=96&d=mm&r=g","caption":"Jeanette"},"sameAs":["https:\/\/www.eldiario.net\/portal"],"url":"https:\/\/www.eldiario.net\/portal\/author\/jeanette\/"}]}},"_links":{"self":[{"href":"https:\/\/www.eldiario.net\/portal\/wp-json\/wp\/v2\/posts\/360047","targetHints":{"allow":["GET"]}}],"collection":[{"href":"https:\/\/www.eldiario.net\/portal\/wp-json\/wp\/v2\/posts"}],"about":[{"href":"https:\/\/www.eldiario.net\/portal\/wp-json\/wp\/v2\/types\/post"}],"author":[{"embeddable":true,"href":"https:\/\/www.eldiario.net\/portal\/wp-json\/wp\/v2\/users\/1"}],"replies":[{"embeddable":true,"href":"https:\/\/www.eldiario.net\/portal\/wp-json\/wp\/v2\/comments?post=360047"}],"version-history":[{"count":1,"href":"https:\/\/www.eldiario.net\/portal\/wp-json\/wp\/v2\/posts\/360047\/revisions"}],"predecessor-version":[{"id":360048,"href":"https:\/\/www.eldiario.net\/portal\/wp-json\/wp\/v2\/posts\/360047\/revisions\/360048"}],"wp:featuredmedia":[{"embeddable":true,"href":"https:\/\/www.eldiario.net\/portal\/wp-json\/wp\/v2\/media\/157466"}],"wp:attachment":[{"href":"https:\/\/www.eldiario.net\/portal\/wp-json\/wp\/v2\/media?parent=360047"}],"wp:term":[{"taxonomy":"category","embeddable":true,"href":"https:\/\/www.eldiario.net\/portal\/wp-json\/wp\/v2\/categories?post=360047"},{"taxonomy":"post_tag","embeddable":true,"href":"https:\/\/www.eldiario.net\/portal\/wp-json\/wp\/v2\/tags?post=360047"}],"curies":[{"name":"wp","href":"https:\/\/api.w.org\/{rel}","templated":true}]}}