{"id":360043,"date":"2026-01-15T06:03:19","date_gmt":"2026-01-15T10:03:19","guid":{"rendered":"https:\/\/www.eldiario.net\/portal\/?p=360043"},"modified":"2026-01-15T06:03:19","modified_gmt":"2026-01-15T10:03:19","slug":"habra-muerto-la-rabia","status":"publish","type":"post","link":"https:\/\/www.eldiario.net\/portal\/2026\/01\/15\/habra-muerto-la-rabia\/","title":{"rendered":"\u00bfHabr\u00e1 muerto la rabia?"},"content":{"rendered":"<p>Atendiendo ese viejo refr\u00e1n que reza: <em>\u201cMuerto el perro, muerta la rabia\u201d<\/em> aplicado a los recientes acontecimientos pol\u00edticos que se est\u00e1n desarrollando en Venezuela, con la aprehensi\u00f3n y deportaci\u00f3n a los Estados Unidos, de Nicol\u00e1s Maduro y su esposa Cilia Flores, por parte de fuerzas militares de esa potencia estadounidense, se desvel\u00f3 el misterioso objetivo de esa enorme tarea conjunta de operaci\u00f3n\u00a0 militar, desplegada en el Caribe, que lejos de llevar la liberalidad democr\u00e1tica a nuestro continente, lleva el encargo de recomponer pol\u00edticamente la regi\u00f3n, bajo la tutela de los EEUU, despu\u00e9s de 25 a\u00f1os de un rancio Socialismo del Siglo XXI, que nos fue impuesto por el castrochavismo, desde M\u00e9xico hasta la Argentina.<\/p>\n<p>Echando mano a la controvertida Doctrina Monroe, que acaba de cumplir sus doscientos a\u00f1os de haber sido proclamada por el expresidente James Monroe, de quien lleva su nombre, el presidente Donald Trump sostiene que Am\u00e9rica, y muy en especial Latinoam\u00e9rica, no deber\u00eda ser objeto de nuevas colonizaciones ni intervenciones europeas, chinas o rusas y que cualquier intento en ese sentido ser\u00eda visto como una amenaza. A cambio, Estados Unidos promete no intervenir en los asuntos internos de Europa. Sin embargo, con el tiempo, la doctrina fue usada para justificar la influencia e intervenciones de EEUU en Am\u00e9rica Latina, como fue el caso de Granada en 1983, Panam\u00e1 en 1989 y ahora en Venezuela.<\/p>\n<p>Ahora bien, tanto en nuestra historia, como en la historia de casi la totalidad de los pa\u00edses que integran la regi\u00f3n, se establece que la ca\u00edda de un r\u00e9gimen no se debe necesariamente a la ca\u00edda, muerte o desaparici\u00f3n de su l\u00edder, como sucede en Cuba y ahora en Venezuela, sino cuando se desarman las estructuras que les sirvieron de fundamento a esos aut\u00f3cratas y apoyo para su discrecionalidad.<\/p>\n<p>Tal es el caso de la administraci\u00f3n Trump, al desmantelar las estructuras que se enraizaron a partir de la mafiosa organizaci\u00f3n criminal del narcotr\u00e1fico y volver a insertar a Venezuela\u00a0 en el globalismo con su rica y exitosa producci\u00f3n petrolera, abominando\u00a0 la colusi\u00f3n del poder con los c\u00e1rteles de la droga que convirtieron dicho recurso en una d\u00e1diva\u00a0 para los pa\u00edses c\u00f3mplices de esa infeliz doctrina, como el \u201cC\u00e1rtel de los Soles\u201d, el \u201cTren de Aragua\u201d y muchos otros\u00a0 de la regi\u00f3n que operaban a sus anchas en territorio venezolano y universal.<\/p>\n<p>La aparatosa captura del d\u00e9spota colombo-venezolano y su mujer y su inmediata sustituci\u00f3n con sus m\u00e1s serviles adl\u00e1teres, a m\u00e1s de significar una se\u00f1al pol\u00edtica en Venezuela y en los pa\u00edses atingidos por tal acontecimiento, lejos de significar la pronta restauraci\u00f3n de la democracia, es una clara advertencia a los pa\u00edses que cayeron en la epidemia forista de Sao Paulo y el destino que les espera, de no girar sus antenas hacia las directrices emitidas por la \u201cVoz de Am\u00e9rica\u201d.<\/p>\n<p>En lo que a nuestro pa\u00eds concierne, el sobrevuelo de un helic\u00f3ptero en las tierras \u201cindependientes del Chapare\u201d visto como un adelanto expedicionario de las fuerzas antidrogas estadounidenses, ya que en dicha nave se encontraban miembros de la famosa DEA, que retornaban al pa\u00eds, luego de una vacaci\u00f3n forzada de m\u00e1s de veinte a\u00f1os. Resulta anecd\u00f3tico, por no decir c\u00f3mico, que lo que m\u00e1s asombr\u00f3 a nuestros visitantes y a los propios anfitriones, fue la cantidad de hojas de coca colocadas, para su secado, sobre el asfalto de la carretera, hoy convertida en el sustituto de aquellos peque\u00f1os patios caseros, que no excedan los veinte metros cuadrados. En nuestro modesto parecer, dicha nota de color, no deja de reflejar nuestra inmensa creatividad y una pregunta al Sr. Trump, \u00bfSi ya habr\u00e1 muerto la rabia?<\/p>\n","protected":false},"excerpt":{"rendered":"<p>Atendiendo ese viejo refr\u00e1n que reza: \u201cMuerto el perro, muerta la rabia\u201d aplicado a los recientes acontecimientos pol\u00edticos que se est\u00e1n desarrollando en Venezuela, con la aprehensi\u00f3n y deportaci\u00f3n a los Estados Unidos, de Nicol\u00e1s Maduro y su esposa Cilia Flores, por parte de fuerzas militares de esa potencia estadounidense, se desvel\u00f3 el misterioso objetivo [&hellip;]<\/p>\n","protected":false},"author":1,"featured_media":157469,"comment_status":"closed","ping_status":"open","sticky":false,"template":"","format":"standard","meta":{"_acf_changed":false,"footnotes":""},"categories":[9],"tags":[],"class_list":["post-360043","post","type-post","status-publish","format-standard","has-post-thumbnail","category-opinion"],"acf":{"antetitulo":"Clepsidra"},"yoast_head":"<!-- This site is optimized with the Yoast SEO plugin v28.4 - https:\/\/yoast.com\/product\/yoast-seo-wordpress\/ -->\n<title>\u00bfHabr\u00e1 muerto la rabia? - El Diario - Bolivia<\/title>\n<meta name=\"robots\" content=\"index, follow, max-snippet:-1, max-image-preview:large, max-video-preview:-1\" \/>\n<link rel=\"canonical\" href=\"https:\/\/www.eldiario.net\/portal\/2026\/01\/15\/habra-muerto-la-rabia\/\" \/>\n<meta property=\"og:locale\" content=\"es_ES\" \/>\n<meta property=\"og:type\" content=\"article\" \/>\n<meta property=\"og:title\" content=\"\u00bfHabr\u00e1 muerto la rabia? - El Diario - Bolivia\" \/>\n<meta property=\"og:description\" content=\"Atendiendo ese viejo refr\u00e1n que reza: \u201cMuerto el perro, muerta la rabia\u201d aplicado a los recientes acontecimientos pol\u00edticos que se est\u00e1n desarrollando en Venezuela, con la aprehensi\u00f3n y deportaci\u00f3n a los Estados Unidos, de Nicol\u00e1s Maduro y su esposa Cilia Flores, por parte de fuerzas militares de esa potencia estadounidense, se desvel\u00f3 el misterioso objetivo [&hellip;]\" \/>\n<meta property=\"og:url\" content=\"https:\/\/www.eldiario.net\/portal\/2026\/01\/15\/habra-muerto-la-rabia\/\" \/>\n<meta property=\"og:site_name\" content=\"El Diario - Bolivia\" \/>\n<meta property=\"article:publisher\" content=\"https:\/\/www.facebook.com\/eldiario.bolivia\/\" \/>\n<meta property=\"article:published_time\" content=\"2026-01-15T10:03:19+00:00\" \/>\n<meta property=\"og:image\" content=\"https:\/\/www.eldiario.net\/portal\/wp-content\/uploads\/2023\/06\/Alvaro-Riveros-Tejada.jpg\" \/>\n\t<meta property=\"og:image:width\" content=\"1200\" \/>\n\t<meta property=\"og:image:height\" content=\"628\" \/>\n\t<meta property=\"og:image:type\" content=\"image\/jpeg\" \/>\n<meta name=\"author\" content=\"Jeanette\" \/>\n<meta name=\"twitter:card\" content=\"summary_large_image\" \/>\n<meta name=\"twitter:creator\" content=\"@eldiario_net\" \/>\n<meta name=\"twitter:site\" content=\"@eldiario_net\" \/>\n<meta name=\"twitter:label1\" content=\"Escrito por\" \/>\n\t<meta name=\"twitter:data1\" content=\"Jeanette\" \/>\n\t<meta name=\"twitter:label2\" content=\"Tiempo de lectura\" \/>\n\t<meta name=\"twitter:data2\" content=\"3 minutos\" \/>\n<script type=\"application\/ld+json\" class=\"yoast-schema-graph\">{\"@context\":\"https:\\\/\\\/schema.org\",\"@graph\":[{\"@type\":\"Article\",\"@id\":\"https:\\\/\\\/www.eldiario.net\\\/portal\\\/2026\\\/01\\\/15\\\/habra-muerto-la-rabia\\\/#article\",\"isPartOf\":{\"@id\":\"https:\\\/\\\/www.eldiario.net\\\/portal\\\/2026\\\/01\\\/15\\\/habra-muerto-la-rabia\\\/\"},\"author\":{\"name\":\"Jeanette\",\"@id\":\"https:\\\/\\\/www.eldiario.net\\\/portal\\\/#\\\/schema\\\/person\\\/f46445640444750d7d753ccd04ae01b7\"},\"headline\":\"\u00bfHabr\u00e1 muerto la rabia?\",\"datePublished\":\"2026-01-15T10:03:19+00:00\",\"mainEntityOfPage\":{\"@id\":\"https:\\\/\\\/www.eldiario.net\\\/portal\\\/2026\\\/01\\\/15\\\/habra-muerto-la-rabia\\\/\"},\"wordCount\":662,\"publisher\":{\"@id\":\"https:\\\/\\\/www.eldiario.net\\\/portal\\\/#organization\"},\"image\":{\"@id\":\"https:\\\/\\\/www.eldiario.net\\\/portal\\\/2026\\\/01\\\/15\\\/habra-muerto-la-rabia\\\/#primaryimage\"},\"thumbnailUrl\":\"https:\\\/\\\/www.eldiario.net\\\/portal\\\/wp-content\\\/uploads\\\/2023\\\/06\\\/Alvaro-Riveros-Tejada.jpg\",\"articleSection\":[\"Opini\u00f3n\"],\"inLanguage\":\"es\"},{\"@type\":\"WebPage\",\"@id\":\"https:\\\/\\\/www.eldiario.net\\\/portal\\\/2026\\\/01\\\/15\\\/habra-muerto-la-rabia\\\/\",\"url\":\"https:\\\/\\\/www.eldiario.net\\\/portal\\\/2026\\\/01\\\/15\\\/habra-muerto-la-rabia\\\/\",\"name\":\"\u00bfHabr\u00e1 muerto la rabia? - El Diario - Bolivia\",\"isPartOf\":{\"@id\":\"https:\\\/\\\/www.eldiario.net\\\/portal\\\/#website\"},\"primaryImageOfPage\":{\"@id\":\"https:\\\/\\\/www.eldiario.net\\\/portal\\\/2026\\\/01\\\/15\\\/habra-muerto-la-rabia\\\/#primaryimage\"},\"image\":{\"@id\":\"https:\\\/\\\/www.eldiario.net\\\/portal\\\/2026\\\/01\\\/15\\\/habra-muerto-la-rabia\\\/#primaryimage\"},\"thumbnailUrl\":\"https:\\\/\\\/www.eldiario.net\\\/portal\\\/wp-content\\\/uploads\\\/2023\\\/06\\\/Alvaro-Riveros-Tejada.jpg\",\"datePublished\":\"2026-01-15T10:03:19+00:00\",\"breadcrumb\":{\"@id\":\"https:\\\/\\\/www.eldiario.net\\\/portal\\\/2026\\\/01\\\/15\\\/habra-muerto-la-rabia\\\/#breadcrumb\"},\"inLanguage\":\"es\",\"potentialAction\":[{\"@type\":\"ReadAction\",\"target\":[\"https:\\\/\\\/www.eldiario.net\\\/portal\\\/2026\\\/01\\\/15\\\/habra-muerto-la-rabia\\\/\"]}]},{\"@type\":\"ImageObject\",\"inLanguage\":\"es\",\"@id\":\"https:\\\/\\\/www.eldiario.net\\\/portal\\\/2026\\\/01\\\/15\\\/habra-muerto-la-rabia\\\/#primaryimage\",\"url\":\"https:\\\/\\\/www.eldiario.net\\\/portal\\\/wp-content\\\/uploads\\\/2023\\\/06\\\/Alvaro-Riveros-Tejada.jpg\",\"contentUrl\":\"https:\\\/\\\/www.eldiario.net\\\/portal\\\/wp-content\\\/uploads\\\/2023\\\/06\\\/Alvaro-Riveros-Tejada.jpg\",\"width\":1200,\"height\":628},{\"@type\":\"BreadcrumbList\",\"@id\":\"https:\\\/\\\/www.eldiario.net\\\/portal\\\/2026\\\/01\\\/15\\\/habra-muerto-la-rabia\\\/#breadcrumb\",\"itemListElement\":[{\"@type\":\"ListItem\",\"position\":1,\"name\":\"Portada\",\"item\":\"https:\\\/\\\/www.eldiario.net\\\/portal\\\/\"},{\"@type\":\"ListItem\",\"position\":2,\"name\":\"\u00bfHabr\u00e1 muerto la rabia?\"}]},{\"@type\":\"WebSite\",\"@id\":\"https:\\\/\\\/www.eldiario.net\\\/portal\\\/#website\",\"url\":\"https:\\\/\\\/www.eldiario.net\\\/portal\\\/\",\"name\":\"El Diario - Decano de la prensa nacional\",\"description\":\"El Diario - Decano de la prensa nacional\",\"publisher\":{\"@id\":\"https:\\\/\\\/www.eldiario.net\\\/portal\\\/#organization\"},\"potentialAction\":[{\"@type\":\"SearchAction\",\"target\":{\"@type\":\"EntryPoint\",\"urlTemplate\":\"https:\\\/\\\/www.eldiario.net\\\/portal\\\/?s={search_term_string}\"},\"query-input\":{\"@type\":\"PropertyValueSpecification\",\"valueRequired\":true,\"valueName\":\"search_term_string\"}}],\"inLanguage\":\"es\"},{\"@type\":\"Organization\",\"@id\":\"https:\\\/\\\/www.eldiario.net\\\/portal\\\/#organization\",\"name\":\"El Diario - Decano de la prensa nacional\",\"url\":\"https:\\\/\\\/www.eldiario.net\\\/portal\\\/\",\"logo\":{\"@type\":\"ImageObject\",\"inLanguage\":\"es\",\"@id\":\"https:\\\/\\\/www.eldiario.net\\\/portal\\\/#\\\/schema\\\/logo\\\/image\\\/\",\"url\":\"https:\\\/\\\/www.eldiario.net\\\/portal\\\/wp-content\\\/uploads\\\/2023\\\/07\\\/logo_ED.jpg\",\"contentUrl\":\"https:\\\/\\\/www.eldiario.net\\\/portal\\\/wp-content\\\/uploads\\\/2023\\\/07\\\/logo_ED.jpg\",\"width\":272,\"height\":52,\"caption\":\"El Diario - Decano de la prensa nacional\"},\"image\":{\"@id\":\"https:\\\/\\\/www.eldiario.net\\\/portal\\\/#\\\/schema\\\/logo\\\/image\\\/\"},\"sameAs\":[\"https:\\\/\\\/www.facebook.com\\\/eldiario.bolivia\\\/\",\"https:\\\/\\\/x.com\\\/eldiario_net\"]},{\"@type\":\"Person\",\"@id\":\"https:\\\/\\\/www.eldiario.net\\\/portal\\\/#\\\/schema\\\/person\\\/f46445640444750d7d753ccd04ae01b7\",\"name\":\"Jeanette\",\"image\":{\"@type\":\"ImageObject\",\"inLanguage\":\"es\",\"@id\":\"https:\\\/\\\/secure.gravatar.com\\\/avatar\\\/3ea2118a5f7dad2b7138b1187a6b7ee55f160b9968b66013c3a3ef39dd7e5798?s=96&d=mm&r=g\",\"url\":\"https:\\\/\\\/secure.gravatar.com\\\/avatar\\\/3ea2118a5f7dad2b7138b1187a6b7ee55f160b9968b66013c3a3ef39dd7e5798?s=96&d=mm&r=g\",\"contentUrl\":\"https:\\\/\\\/secure.gravatar.com\\\/avatar\\\/3ea2118a5f7dad2b7138b1187a6b7ee55f160b9968b66013c3a3ef39dd7e5798?s=96&d=mm&r=g\",\"caption\":\"Jeanette\"},\"sameAs\":[\"https:\\\/\\\/www.eldiario.net\\\/portal\"],\"url\":\"https:\\\/\\\/www.eldiario.net\\\/portal\\\/author\\\/jeanette\\\/\"}]}<\/script>\n<!-- \/ Yoast SEO plugin. -->","yoast_head_json":{"title":"\u00bfHabr\u00e1 muerto la rabia? - El Diario - Bolivia","robots":{"index":"index","follow":"follow","max-snippet":"max-snippet:-1","max-image-preview":"max-image-preview:large","max-video-preview":"max-video-preview:-1"},"canonical":"https:\/\/www.eldiario.net\/portal\/2026\/01\/15\/habra-muerto-la-rabia\/","og_locale":"es_ES","og_type":"article","og_title":"\u00bfHabr\u00e1 muerto la rabia? - El Diario - Bolivia","og_description":"Atendiendo ese viejo refr\u00e1n que reza: \u201cMuerto el perro, muerta la rabia\u201d aplicado a los recientes acontecimientos pol\u00edticos que se est\u00e1n desarrollando en Venezuela, con la aprehensi\u00f3n y deportaci\u00f3n a los Estados Unidos, de Nicol\u00e1s Maduro y su esposa Cilia Flores, por parte de fuerzas militares de esa potencia estadounidense, se desvel\u00f3 el misterioso objetivo [&hellip;]","og_url":"https:\/\/www.eldiario.net\/portal\/2026\/01\/15\/habra-muerto-la-rabia\/","og_site_name":"El Diario - Bolivia","article_publisher":"https:\/\/www.facebook.com\/eldiario.bolivia\/","article_published_time":"2026-01-15T10:03:19+00:00","og_image":[{"width":1200,"height":628,"url":"https:\/\/www.eldiario.net\/portal\/wp-content\/uploads\/2023\/06\/Alvaro-Riveros-Tejada.jpg","type":"image\/jpeg"}],"author":"Jeanette","twitter_card":"summary_large_image","twitter_creator":"@eldiario_net","twitter_site":"@eldiario_net","twitter_misc":{"Escrito por":"Jeanette","Tiempo de lectura":"3 minutos"},"schema":{"@context":"https:\/\/schema.org","@graph":[{"@type":"Article","@id":"https:\/\/www.eldiario.net\/portal\/2026\/01\/15\/habra-muerto-la-rabia\/#article","isPartOf":{"@id":"https:\/\/www.eldiario.net\/portal\/2026\/01\/15\/habra-muerto-la-rabia\/"},"author":{"name":"Jeanette","@id":"https:\/\/www.eldiario.net\/portal\/#\/schema\/person\/f46445640444750d7d753ccd04ae01b7"},"headline":"\u00bfHabr\u00e1 muerto la rabia?","datePublished":"2026-01-15T10:03:19+00:00","mainEntityOfPage":{"@id":"https:\/\/www.eldiario.net\/portal\/2026\/01\/15\/habra-muerto-la-rabia\/"},"wordCount":662,"publisher":{"@id":"https:\/\/www.eldiario.net\/portal\/#organization"},"image":{"@id":"https:\/\/www.eldiario.net\/portal\/2026\/01\/15\/habra-muerto-la-rabia\/#primaryimage"},"thumbnailUrl":"https:\/\/www.eldiario.net\/portal\/wp-content\/uploads\/2023\/06\/Alvaro-Riveros-Tejada.jpg","articleSection":["Opini\u00f3n"],"inLanguage":"es"},{"@type":"WebPage","@id":"https:\/\/www.eldiario.net\/portal\/2026\/01\/15\/habra-muerto-la-rabia\/","url":"https:\/\/www.eldiario.net\/portal\/2026\/01\/15\/habra-muerto-la-rabia\/","name":"\u00bfHabr\u00e1 muerto la rabia? - El Diario - Bolivia","isPartOf":{"@id":"https:\/\/www.eldiario.net\/portal\/#website"},"primaryImageOfPage":{"@id":"https:\/\/www.eldiario.net\/portal\/2026\/01\/15\/habra-muerto-la-rabia\/#primaryimage"},"image":{"@id":"https:\/\/www.eldiario.net\/portal\/2026\/01\/15\/habra-muerto-la-rabia\/#primaryimage"},"thumbnailUrl":"https:\/\/www.eldiario.net\/portal\/wp-content\/uploads\/2023\/06\/Alvaro-Riveros-Tejada.jpg","datePublished":"2026-01-15T10:03:19+00:00","breadcrumb":{"@id":"https:\/\/www.eldiario.net\/portal\/2026\/01\/15\/habra-muerto-la-rabia\/#breadcrumb"},"inLanguage":"es","potentialAction":[{"@type":"ReadAction","target":["https:\/\/www.eldiario.net\/portal\/2026\/01\/15\/habra-muerto-la-rabia\/"]}]},{"@type":"ImageObject","inLanguage":"es","@id":"https:\/\/www.eldiario.net\/portal\/2026\/01\/15\/habra-muerto-la-rabia\/#primaryimage","url":"https:\/\/www.eldiario.net\/portal\/wp-content\/uploads\/2023\/06\/Alvaro-Riveros-Tejada.jpg","contentUrl":"https:\/\/www.eldiario.net\/portal\/wp-content\/uploads\/2023\/06\/Alvaro-Riveros-Tejada.jpg","width":1200,"height":628},{"@type":"BreadcrumbList","@id":"https:\/\/www.eldiario.net\/portal\/2026\/01\/15\/habra-muerto-la-rabia\/#breadcrumb","itemListElement":[{"@type":"ListItem","position":1,"name":"Portada","item":"https:\/\/www.eldiario.net\/portal\/"},{"@type":"ListItem","position":2,"name":"\u00bfHabr\u00e1 muerto la rabia?"}]},{"@type":"WebSite","@id":"https:\/\/www.eldiario.net\/portal\/#website","url":"https:\/\/www.eldiario.net\/portal\/","name":"El Diario - Decano de la prensa nacional","description":"El Diario - Decano de la prensa nacional","publisher":{"@id":"https:\/\/www.eldiario.net\/portal\/#organization"},"potentialAction":[{"@type":"SearchAction","target":{"@type":"EntryPoint","urlTemplate":"https:\/\/www.eldiario.net\/portal\/?s={search_term_string}"},"query-input":{"@type":"PropertyValueSpecification","valueRequired":true,"valueName":"search_term_string"}}],"inLanguage":"es"},{"@type":"Organization","@id":"https:\/\/www.eldiario.net\/portal\/#organization","name":"El Diario - Decano de la prensa nacional","url":"https:\/\/www.eldiario.net\/portal\/","logo":{"@type":"ImageObject","inLanguage":"es","@id":"https:\/\/www.eldiario.net\/portal\/#\/schema\/logo\/image\/","url":"https:\/\/www.eldiario.net\/portal\/wp-content\/uploads\/2023\/07\/logo_ED.jpg","contentUrl":"https:\/\/www.eldiario.net\/portal\/wp-content\/uploads\/2023\/07\/logo_ED.jpg","width":272,"height":52,"caption":"El Diario - Decano de la prensa nacional"},"image":{"@id":"https:\/\/www.eldiario.net\/portal\/#\/schema\/logo\/image\/"},"sameAs":["https:\/\/www.facebook.com\/eldiario.bolivia\/","https:\/\/x.com\/eldiario_net"]},{"@type":"Person","@id":"https:\/\/www.eldiario.net\/portal\/#\/schema\/person\/f46445640444750d7d753ccd04ae01b7","name":"Jeanette","image":{"@type":"ImageObject","inLanguage":"es","@id":"https:\/\/secure.gravatar.com\/avatar\/3ea2118a5f7dad2b7138b1187a6b7ee55f160b9968b66013c3a3ef39dd7e5798?s=96&d=mm&r=g","url":"https:\/\/secure.gravatar.com\/avatar\/3ea2118a5f7dad2b7138b1187a6b7ee55f160b9968b66013c3a3ef39dd7e5798?s=96&d=mm&r=g","contentUrl":"https:\/\/secure.gravatar.com\/avatar\/3ea2118a5f7dad2b7138b1187a6b7ee55f160b9968b66013c3a3ef39dd7e5798?s=96&d=mm&r=g","caption":"Jeanette"},"sameAs":["https:\/\/www.eldiario.net\/portal"],"url":"https:\/\/www.eldiario.net\/portal\/author\/jeanette\/"}]}},"_links":{"self":[{"href":"https:\/\/www.eldiario.net\/portal\/wp-json\/wp\/v2\/posts\/360043","targetHints":{"allow":["GET"]}}],"collection":[{"href":"https:\/\/www.eldiario.net\/portal\/wp-json\/wp\/v2\/posts"}],"about":[{"href":"https:\/\/www.eldiario.net\/portal\/wp-json\/wp\/v2\/types\/post"}],"author":[{"embeddable":true,"href":"https:\/\/www.eldiario.net\/portal\/wp-json\/wp\/v2\/users\/1"}],"replies":[{"embeddable":true,"href":"https:\/\/www.eldiario.net\/portal\/wp-json\/wp\/v2\/comments?post=360043"}],"version-history":[{"count":1,"href":"https:\/\/www.eldiario.net\/portal\/wp-json\/wp\/v2\/posts\/360043\/revisions"}],"predecessor-version":[{"id":360044,"href":"https:\/\/www.eldiario.net\/portal\/wp-json\/wp\/v2\/posts\/360043\/revisions\/360044"}],"wp:featuredmedia":[{"embeddable":true,"href":"https:\/\/www.eldiario.net\/portal\/wp-json\/wp\/v2\/media\/157469"}],"wp:attachment":[{"href":"https:\/\/www.eldiario.net\/portal\/wp-json\/wp\/v2\/media?parent=360043"}],"wp:term":[{"taxonomy":"category","embeddable":true,"href":"https:\/\/www.eldiario.net\/portal\/wp-json\/wp\/v2\/categories?post=360043"},{"taxonomy":"post_tag","embeddable":true,"href":"https:\/\/www.eldiario.net\/portal\/wp-json\/wp\/v2\/tags?post=360043"}],"curies":[{"name":"wp","href":"https:\/\/api.w.org\/{rel}","templated":true}]}}