{"id":360041,"date":"2026-01-15T05:58:43","date_gmt":"2026-01-15T09:58:43","guid":{"rendered":"https:\/\/www.eldiario.net\/portal\/?p=360041"},"modified":"2026-01-15T05:58:43","modified_gmt":"2026-01-15T09:58:43","slug":"las-lecciones-que-deja-el-conflicto-por-el-ds-5503","status":"publish","type":"post","link":"https:\/\/www.eldiario.net\/portal\/2026\/01\/15\/las-lecciones-que-deja-el-conflicto-por-el-ds-5503\/","title":{"rendered":"Las lecciones que deja el conflicto por el DS 5503"},"content":{"rendered":"<p>Hace algunos d\u00edas, al caminar por la calle Potos\u00ed de la ciudad de La Paz, me encontr\u00e9 con mi colega del \u00e1rea de deportes, quien me pregunt\u00f3: \u00bfQu\u00e9 pasar\u00e1 ahora con el gobierno de Paz y en qu\u00e9 posici\u00f3n se encuentra la Central Obrera Boliviana (COB)? Inmediatamente le respond\u00ed que existe un reposicionamiento de los factores de poderes y el \u00d3rgano Ejecutivo deber\u00e1 guardar el cumplimiento de las normas y buscar consenso pol\u00edtico para las futuras acciones que asuma.<\/p>\n<p>La tarde del pasado domingo, la dirigencia de la COB y los ministros del presidente Rodrigo Paz, acordaron la abrogaci\u00f3n del Decreto Supremo 5503 y la redacci\u00f3n de otra norma, para lo cual se mantendr\u00e1 la eliminaci\u00f3n de la subvenci\u00f3n a los carburantes, los bonos sociales, el salario m\u00ednimo de Bs 3.300, la reducci\u00f3n de los aranceles para la importaci\u00f3n de repuestos para veh\u00edculos y la reprogramaci\u00f3n de los cr\u00e9ditos financieros. El pasado lunes, se promulg\u00f3 el DS 5516 en cumplimiento de dicho pacto.<\/p>\n<p>Empero, debe quedar claro para todas las autoridades del Estado que un DS no debe vulnerar ni sobreponerse al Par\u00e1grafo II del Art\u00edculo 410 de la Constituci\u00f3n Pol\u00edtica del Estado (CPE), que establece los principios de constitucionalidad y de jerarqu\u00eda jur\u00eddica. El mencionado art\u00edculo constitucional se\u00f1ala que en primer lugar se encuentra la Carta Magna; en segundo, los tratados internacionales; en tercero, las leyes nacionales, los estatutos auton\u00f3micos, las cartas org\u00e1nicas y el resto de la legislaci\u00f3n departamental, municipal e ind\u00edgena, y en cuarto, los decretos, reglamentos y dem\u00e1s resoluciones emanadas de los \u00f3rganos ejecutivos correspondientes.<\/p>\n<p>En ese sentido, se debe entender por principio constitucional, que la CPE es la norma suprema y fundamental de un Estado, superior a todas las dem\u00e1s leyes, la cual exige que toda norma y poder p\u00fablico se ajuste a ella en forma y contenido para que sean v\u00e1lidos y garanticen el orden jur\u00eddico. A su vez, el principio de jerarqu\u00eda jur\u00eddica establece la prelaci\u00f3n de las normas, donde la CPE es la norma suprema, y ninguna ley, reglamento o acto de menor rango puede contradecirla. La Carta Magna est\u00e1 en la c\u00faspide, la cual garantiza la unidad y coherencia del ordenamiento jur\u00eddico.<\/p>\n<p>Durante el conflicto por el DS 5503 hubo varias observaciones, por ejemplo, el Art\u00edculo 5 que autorizaba al Banco Central de Bolivia (BCB) acceder a cr\u00e9ditos externos de forma directa y sin autorizaci\u00f3n de la Asamblea Legislativa, para lo cual pod\u00edan recibir dep\u00f3sitos, garant\u00edas y colaterales del Tesoro General de la Naci\u00f3n (TGN) para asegurar el cumplimiento de las obligaciones. Adem\u00e1s, los Arts. 12 y 21 establecen el mecanismo de <em>fast track<\/em> para que los proyectos privados se aprueben en 30 d\u00edas de forma inmediata y los incentivos tributarios sin aprobaci\u00f3n por el Legislativo, a pesar que lo establece la CPE.<\/p>\n<p>La intenci\u00f3n de la gesti\u00f3n de Paz Pereira, de gobernar por decreto no s\u00f3lo dej\u00f3 efectos pol\u00edticos, mermas econ\u00f3micas, sino la p\u00e9rdida de la iniciativa pol\u00edtica y un reposicionamiento de los espacios de poder material y simb\u00f3lico, que ahora es favorable para la COB. A partir de ahora, el gobierno deber\u00e1 contar con un relato coherente y un amplio consenso con las diferentes fuerzas pol\u00edticas con representaci\u00f3n parlamentaria para la aprobaci\u00f3n de los proyectos de ley, que sean propuestos por el Ejecutivo y su implementaci\u00f3n en el \u00e1mbito econ\u00f3mico.<\/p>\n<p>Esto se debe a que no se puede establecer un nuevo modelo econ\u00f3mico por DS, porque ya existe en la Cuarta Parte de la CPE (Arts. 306 al 409), el cual fue refrendado por el soberano mediante consulta popular y las autoridades del Estado tienen el deber de conocerlo y cumplirlo. Ahora, si el gobierno vuelve a promulgar otro decreto similar al 5503 que contradiga a la Carta Magna, por ejemplo, el negar las atribuciones del \u00d3rgano Legislativo (Art 158 de la CPE) para la aprobaci\u00f3n de cr\u00e9ditos externos, podr\u00eda sufrir otro rev\u00e9s, pues debe tomar en cuenta los art\u00edculos 112, 113 y el numeral 1 del Par\u00e1grafo II del Art. 124, los cuales podr\u00edan llevar a procesos legales a las autoridades que la promuevan.<\/p>\n<p>Se debe tomar en cuenta que cambiar el actual r\u00e9gimen econ\u00f3mico constitucionalizado por un nuevo modelo demandar\u00e1 de una reforma parcial de la Constituci\u00f3n Pol\u00edtica del Estado (CPE), conforme al Par\u00e1grafo II, del Art\u00edculo 411, el cual se\u00f1ala lo siguiente: \u00abLa reforma parcial de la Constituci\u00f3n podr\u00e1 iniciarse por iniciativa popular, con la firma de al menos el veinte por ciento del electorado; o por la Asamblea Legislativa Plurinacional, mediante ley de reforma constitucional aprobada por dos tercios del total de los miembros presentes de la Asamblea Legislativa Plurinacional. Cualquier reforma parcial necesitar\u00e1 referendo constitucional aprobatorio\u00bb.<\/p>\n<p>A partir de los argumentos planteados, los asamble\u00edstas del Legislativo est\u00e1n llamados a vigilar el cumplimiento de la CPE y no cometer el error de semanas atr\u00e1s, de no tratar el an\u00e1lisis del DS 5503 que vulneraba la Carta Magna y la ley, lo que hubiera derivado en la presunci\u00f3n de la violaci\u00f3n al principio de constitucionalidad. Se recuerda que el Tribunal Constitucional Plurinacional (TCP) es la instancia que ejerce el control constitucional, quien est\u00e1 facultado para declarar constitucional o inconstitucional una norma o acci\u00f3n p\u00fablica conforme al Art\u00edculo 196 constitucional.<\/p>\n<p>El gobierno puede tener la intenci\u00f3n de reducir el d\u00e9ficit fiscal, lograr la estabilidad del tipo de cambio y el control de la inflaci\u00f3n, pero para ello es necesaria la realizaci\u00f3n de acuerdos entre todos los actores sociales, econ\u00f3micos, pol\u00edticos y generar se\u00f1ales, que indiquen que no s\u00f3lo el pueblo se ajusta los bolsillos, sino tambi\u00e9n las autoridades del Estado. Si bien es necesario controlar las pol\u00edticas fiscales y monetarias que forman parte de la macroeconom\u00eda para alcanzar las metas se\u00f1aladas, es importante un clima de certidumbre o certeza para salir de la crisis econ\u00f3mica.<\/p>\n<p>En adelante, la tarea para salir de la crisis en la que est\u00e1 sumida el pa\u00eds, demandar\u00e1 de una estrategia, amplio consenso, sutileza e iniciativa pol\u00edtica por parte del gobierno, que internamente est\u00e1 fracturado por la posici\u00f3n que asumi\u00f3 el vicepresidente Edmand Lara, al considerarse opositor. Pues, cualquier medida econ\u00f3mica que se quiera aplicar pasar\u00e1 por el ojo cl\u00ednico de las organizaciones e instituciones sociales que podr\u00edan convertirse en una piedra en el zapato.<\/p>\n<p>&nbsp;<\/p>\n<p><em>El autor es periodista y docente universitario.<\/em><\/p>\n","protected":false},"excerpt":{"rendered":"<p>Hace algunos d\u00edas, al caminar por la calle Potos\u00ed de la ciudad de La Paz, me encontr\u00e9 con mi colega del \u00e1rea de deportes, quien me pregunt\u00f3: \u00bfQu\u00e9 pasar\u00e1 ahora con el gobierno de Paz y en qu\u00e9 posici\u00f3n se encuentra la Central Obrera Boliviana (COB)? Inmediatamente le respond\u00ed que existe un reposicionamiento de los [&hellip;]<\/p>\n","protected":false},"author":1,"featured_media":180983,"comment_status":"closed","ping_status":"open","sticky":false,"template":"","format":"standard","meta":{"_acf_changed":false,"footnotes":""},"categories":[9],"tags":[],"class_list":["post-360041","post","type-post","status-publish","format-standard","has-post-thumbnail","category-opinion"],"acf":{"antetitulo":""},"yoast_head":"<!-- This site is optimized with the Yoast SEO plugin v28.4 - https:\/\/yoast.com\/product\/yoast-seo-wordpress\/ -->\n<title>Las lecciones que deja el conflicto por el DS 5503 - El Diario - Bolivia<\/title>\n<meta name=\"robots\" content=\"index, follow, max-snippet:-1, max-image-preview:large, max-video-preview:-1\" \/>\n<link rel=\"canonical\" href=\"https:\/\/www.eldiario.net\/portal\/2026\/01\/15\/las-lecciones-que-deja-el-conflicto-por-el-ds-5503\/\" \/>\n<meta property=\"og:locale\" content=\"es_ES\" \/>\n<meta property=\"og:type\" content=\"article\" \/>\n<meta property=\"og:title\" content=\"Las lecciones que deja el conflicto por el DS 5503 - El Diario - Bolivia\" \/>\n<meta property=\"og:description\" content=\"Hace algunos d\u00edas, al caminar por la calle Potos\u00ed de la ciudad de La Paz, me encontr\u00e9 con mi colega del \u00e1rea de deportes, quien me pregunt\u00f3: \u00bfQu\u00e9 pasar\u00e1 ahora con el gobierno de Paz y en qu\u00e9 posici\u00f3n se encuentra la Central Obrera Boliviana (COB)? Inmediatamente le respond\u00ed que existe un reposicionamiento de los [&hellip;]\" \/>\n<meta property=\"og:url\" content=\"https:\/\/www.eldiario.net\/portal\/2026\/01\/15\/las-lecciones-que-deja-el-conflicto-por-el-ds-5503\/\" \/>\n<meta property=\"og:site_name\" content=\"El Diario - Bolivia\" \/>\n<meta property=\"article:publisher\" content=\"https:\/\/www.facebook.com\/eldiario.bolivia\/\" \/>\n<meta property=\"article:published_time\" content=\"2026-01-15T09:58:43+00:00\" \/>\n<meta property=\"og:image\" content=\"https:\/\/www.eldiario.net\/portal\/wp-content\/uploads\/2023\/10\/Willy-Marcos-Chipana-Mamani.jpg\" \/>\n\t<meta property=\"og:image:width\" content=\"1200\" \/>\n\t<meta property=\"og:image:height\" content=\"628\" \/>\n\t<meta property=\"og:image:type\" content=\"image\/jpeg\" \/>\n<meta name=\"author\" content=\"Jeanette\" \/>\n<meta name=\"twitter:card\" content=\"summary_large_image\" \/>\n<meta name=\"twitter:creator\" content=\"@eldiario_net\" \/>\n<meta name=\"twitter:site\" content=\"@eldiario_net\" \/>\n<meta name=\"twitter:label1\" content=\"Escrito por\" \/>\n\t<meta name=\"twitter:data1\" content=\"Jeanette\" \/>\n\t<meta name=\"twitter:label2\" content=\"Tiempo de lectura\" \/>\n\t<meta name=\"twitter:data2\" content=\"5 minutos\" \/>\n<script type=\"application\/ld+json\" class=\"yoast-schema-graph\">{\"@context\":\"https:\\\/\\\/schema.org\",\"@graph\":[{\"@type\":\"Article\",\"@id\":\"https:\\\/\\\/www.eldiario.net\\\/portal\\\/2026\\\/01\\\/15\\\/las-lecciones-que-deja-el-conflicto-por-el-ds-5503\\\/#article\",\"isPartOf\":{\"@id\":\"https:\\\/\\\/www.eldiario.net\\\/portal\\\/2026\\\/01\\\/15\\\/las-lecciones-que-deja-el-conflicto-por-el-ds-5503\\\/\"},\"author\":{\"name\":\"Jeanette\",\"@id\":\"https:\\\/\\\/www.eldiario.net\\\/portal\\\/#\\\/schema\\\/person\\\/f46445640444750d7d753ccd04ae01b7\"},\"headline\":\"Las lecciones que deja el conflicto por el DS 5503\",\"datePublished\":\"2026-01-15T09:58:43+00:00\",\"mainEntityOfPage\":{\"@id\":\"https:\\\/\\\/www.eldiario.net\\\/portal\\\/2026\\\/01\\\/15\\\/las-lecciones-que-deja-el-conflicto-por-el-ds-5503\\\/\"},\"wordCount\":1131,\"publisher\":{\"@id\":\"https:\\\/\\\/www.eldiario.net\\\/portal\\\/#organization\"},\"image\":{\"@id\":\"https:\\\/\\\/www.eldiario.net\\\/portal\\\/2026\\\/01\\\/15\\\/las-lecciones-que-deja-el-conflicto-por-el-ds-5503\\\/#primaryimage\"},\"thumbnailUrl\":\"https:\\\/\\\/www.eldiario.net\\\/portal\\\/wp-content\\\/uploads\\\/2023\\\/10\\\/Willy-Marcos-Chipana-Mamani.jpg\",\"articleSection\":[\"Opini\u00f3n\"],\"inLanguage\":\"es\"},{\"@type\":\"WebPage\",\"@id\":\"https:\\\/\\\/www.eldiario.net\\\/portal\\\/2026\\\/01\\\/15\\\/las-lecciones-que-deja-el-conflicto-por-el-ds-5503\\\/\",\"url\":\"https:\\\/\\\/www.eldiario.net\\\/portal\\\/2026\\\/01\\\/15\\\/las-lecciones-que-deja-el-conflicto-por-el-ds-5503\\\/\",\"name\":\"Las lecciones que deja el conflicto por el DS 5503 - El Diario - Bolivia\",\"isPartOf\":{\"@id\":\"https:\\\/\\\/www.eldiario.net\\\/portal\\\/#website\"},\"primaryImageOfPage\":{\"@id\":\"https:\\\/\\\/www.eldiario.net\\\/portal\\\/2026\\\/01\\\/15\\\/las-lecciones-que-deja-el-conflicto-por-el-ds-5503\\\/#primaryimage\"},\"image\":{\"@id\":\"https:\\\/\\\/www.eldiario.net\\\/portal\\\/2026\\\/01\\\/15\\\/las-lecciones-que-deja-el-conflicto-por-el-ds-5503\\\/#primaryimage\"},\"thumbnailUrl\":\"https:\\\/\\\/www.eldiario.net\\\/portal\\\/wp-content\\\/uploads\\\/2023\\\/10\\\/Willy-Marcos-Chipana-Mamani.jpg\",\"datePublished\":\"2026-01-15T09:58:43+00:00\",\"breadcrumb\":{\"@id\":\"https:\\\/\\\/www.eldiario.net\\\/portal\\\/2026\\\/01\\\/15\\\/las-lecciones-que-deja-el-conflicto-por-el-ds-5503\\\/#breadcrumb\"},\"inLanguage\":\"es\",\"potentialAction\":[{\"@type\":\"ReadAction\",\"target\":[\"https:\\\/\\\/www.eldiario.net\\\/portal\\\/2026\\\/01\\\/15\\\/las-lecciones-que-deja-el-conflicto-por-el-ds-5503\\\/\"]}]},{\"@type\":\"ImageObject\",\"inLanguage\":\"es\",\"@id\":\"https:\\\/\\\/www.eldiario.net\\\/portal\\\/2026\\\/01\\\/15\\\/las-lecciones-que-deja-el-conflicto-por-el-ds-5503\\\/#primaryimage\",\"url\":\"https:\\\/\\\/www.eldiario.net\\\/portal\\\/wp-content\\\/uploads\\\/2023\\\/10\\\/Willy-Marcos-Chipana-Mamani.jpg\",\"contentUrl\":\"https:\\\/\\\/www.eldiario.net\\\/portal\\\/wp-content\\\/uploads\\\/2023\\\/10\\\/Willy-Marcos-Chipana-Mamani.jpg\",\"width\":1200,\"height\":628},{\"@type\":\"BreadcrumbList\",\"@id\":\"https:\\\/\\\/www.eldiario.net\\\/portal\\\/2026\\\/01\\\/15\\\/las-lecciones-que-deja-el-conflicto-por-el-ds-5503\\\/#breadcrumb\",\"itemListElement\":[{\"@type\":\"ListItem\",\"position\":1,\"name\":\"Portada\",\"item\":\"https:\\\/\\\/www.eldiario.net\\\/portal\\\/\"},{\"@type\":\"ListItem\",\"position\":2,\"name\":\"Las lecciones que deja el conflicto por el DS 5503\"}]},{\"@type\":\"WebSite\",\"@id\":\"https:\\\/\\\/www.eldiario.net\\\/portal\\\/#website\",\"url\":\"https:\\\/\\\/www.eldiario.net\\\/portal\\\/\",\"name\":\"El Diario - Decano de la prensa nacional\",\"description\":\"El Diario - Decano de la prensa nacional\",\"publisher\":{\"@id\":\"https:\\\/\\\/www.eldiario.net\\\/portal\\\/#organization\"},\"potentialAction\":[{\"@type\":\"SearchAction\",\"target\":{\"@type\":\"EntryPoint\",\"urlTemplate\":\"https:\\\/\\\/www.eldiario.net\\\/portal\\\/?s={search_term_string}\"},\"query-input\":{\"@type\":\"PropertyValueSpecification\",\"valueRequired\":true,\"valueName\":\"search_term_string\"}}],\"inLanguage\":\"es\"},{\"@type\":\"Organization\",\"@id\":\"https:\\\/\\\/www.eldiario.net\\\/portal\\\/#organization\",\"name\":\"El Diario - Decano de la prensa nacional\",\"url\":\"https:\\\/\\\/www.eldiario.net\\\/portal\\\/\",\"logo\":{\"@type\":\"ImageObject\",\"inLanguage\":\"es\",\"@id\":\"https:\\\/\\\/www.eldiario.net\\\/portal\\\/#\\\/schema\\\/logo\\\/image\\\/\",\"url\":\"https:\\\/\\\/www.eldiario.net\\\/portal\\\/wp-content\\\/uploads\\\/2023\\\/07\\\/logo_ED.jpg\",\"contentUrl\":\"https:\\\/\\\/www.eldiario.net\\\/portal\\\/wp-content\\\/uploads\\\/2023\\\/07\\\/logo_ED.jpg\",\"width\":272,\"height\":52,\"caption\":\"El Diario - Decano de la prensa nacional\"},\"image\":{\"@id\":\"https:\\\/\\\/www.eldiario.net\\\/portal\\\/#\\\/schema\\\/logo\\\/image\\\/\"},\"sameAs\":[\"https:\\\/\\\/www.facebook.com\\\/eldiario.bolivia\\\/\",\"https:\\\/\\\/x.com\\\/eldiario_net\"]},{\"@type\":\"Person\",\"@id\":\"https:\\\/\\\/www.eldiario.net\\\/portal\\\/#\\\/schema\\\/person\\\/f46445640444750d7d753ccd04ae01b7\",\"name\":\"Jeanette\",\"image\":{\"@type\":\"ImageObject\",\"inLanguage\":\"es\",\"@id\":\"https:\\\/\\\/secure.gravatar.com\\\/avatar\\\/3ea2118a5f7dad2b7138b1187a6b7ee55f160b9968b66013c3a3ef39dd7e5798?s=96&d=mm&r=g\",\"url\":\"https:\\\/\\\/secure.gravatar.com\\\/avatar\\\/3ea2118a5f7dad2b7138b1187a6b7ee55f160b9968b66013c3a3ef39dd7e5798?s=96&d=mm&r=g\",\"contentUrl\":\"https:\\\/\\\/secure.gravatar.com\\\/avatar\\\/3ea2118a5f7dad2b7138b1187a6b7ee55f160b9968b66013c3a3ef39dd7e5798?s=96&d=mm&r=g\",\"caption\":\"Jeanette\"},\"sameAs\":[\"https:\\\/\\\/www.eldiario.net\\\/portal\"],\"url\":\"https:\\\/\\\/www.eldiario.net\\\/portal\\\/author\\\/jeanette\\\/\"}]}<\/script>\n<!-- \/ Yoast SEO plugin. -->","yoast_head_json":{"title":"Las lecciones que deja el conflicto por el DS 5503 - El Diario - Bolivia","robots":{"index":"index","follow":"follow","max-snippet":"max-snippet:-1","max-image-preview":"max-image-preview:large","max-video-preview":"max-video-preview:-1"},"canonical":"https:\/\/www.eldiario.net\/portal\/2026\/01\/15\/las-lecciones-que-deja-el-conflicto-por-el-ds-5503\/","og_locale":"es_ES","og_type":"article","og_title":"Las lecciones que deja el conflicto por el DS 5503 - El Diario - Bolivia","og_description":"Hace algunos d\u00edas, al caminar por la calle Potos\u00ed de la ciudad de La Paz, me encontr\u00e9 con mi colega del \u00e1rea de deportes, quien me pregunt\u00f3: \u00bfQu\u00e9 pasar\u00e1 ahora con el gobierno de Paz y en qu\u00e9 posici\u00f3n se encuentra la Central Obrera Boliviana (COB)? Inmediatamente le respond\u00ed que existe un reposicionamiento de los [&hellip;]","og_url":"https:\/\/www.eldiario.net\/portal\/2026\/01\/15\/las-lecciones-que-deja-el-conflicto-por-el-ds-5503\/","og_site_name":"El Diario - Bolivia","article_publisher":"https:\/\/www.facebook.com\/eldiario.bolivia\/","article_published_time":"2026-01-15T09:58:43+00:00","og_image":[{"width":1200,"height":628,"url":"https:\/\/www.eldiario.net\/portal\/wp-content\/uploads\/2023\/10\/Willy-Marcos-Chipana-Mamani.jpg","type":"image\/jpeg"}],"author":"Jeanette","twitter_card":"summary_large_image","twitter_creator":"@eldiario_net","twitter_site":"@eldiario_net","twitter_misc":{"Escrito por":"Jeanette","Tiempo de lectura":"5 minutos"},"schema":{"@context":"https:\/\/schema.org","@graph":[{"@type":"Article","@id":"https:\/\/www.eldiario.net\/portal\/2026\/01\/15\/las-lecciones-que-deja-el-conflicto-por-el-ds-5503\/#article","isPartOf":{"@id":"https:\/\/www.eldiario.net\/portal\/2026\/01\/15\/las-lecciones-que-deja-el-conflicto-por-el-ds-5503\/"},"author":{"name":"Jeanette","@id":"https:\/\/www.eldiario.net\/portal\/#\/schema\/person\/f46445640444750d7d753ccd04ae01b7"},"headline":"Las lecciones que deja el conflicto por el DS 5503","datePublished":"2026-01-15T09:58:43+00:00","mainEntityOfPage":{"@id":"https:\/\/www.eldiario.net\/portal\/2026\/01\/15\/las-lecciones-que-deja-el-conflicto-por-el-ds-5503\/"},"wordCount":1131,"publisher":{"@id":"https:\/\/www.eldiario.net\/portal\/#organization"},"image":{"@id":"https:\/\/www.eldiario.net\/portal\/2026\/01\/15\/las-lecciones-que-deja-el-conflicto-por-el-ds-5503\/#primaryimage"},"thumbnailUrl":"https:\/\/www.eldiario.net\/portal\/wp-content\/uploads\/2023\/10\/Willy-Marcos-Chipana-Mamani.jpg","articleSection":["Opini\u00f3n"],"inLanguage":"es"},{"@type":"WebPage","@id":"https:\/\/www.eldiario.net\/portal\/2026\/01\/15\/las-lecciones-que-deja-el-conflicto-por-el-ds-5503\/","url":"https:\/\/www.eldiario.net\/portal\/2026\/01\/15\/las-lecciones-que-deja-el-conflicto-por-el-ds-5503\/","name":"Las lecciones que deja el conflicto por el DS 5503 - El Diario - Bolivia","isPartOf":{"@id":"https:\/\/www.eldiario.net\/portal\/#website"},"primaryImageOfPage":{"@id":"https:\/\/www.eldiario.net\/portal\/2026\/01\/15\/las-lecciones-que-deja-el-conflicto-por-el-ds-5503\/#primaryimage"},"image":{"@id":"https:\/\/www.eldiario.net\/portal\/2026\/01\/15\/las-lecciones-que-deja-el-conflicto-por-el-ds-5503\/#primaryimage"},"thumbnailUrl":"https:\/\/www.eldiario.net\/portal\/wp-content\/uploads\/2023\/10\/Willy-Marcos-Chipana-Mamani.jpg","datePublished":"2026-01-15T09:58:43+00:00","breadcrumb":{"@id":"https:\/\/www.eldiario.net\/portal\/2026\/01\/15\/las-lecciones-que-deja-el-conflicto-por-el-ds-5503\/#breadcrumb"},"inLanguage":"es","potentialAction":[{"@type":"ReadAction","target":["https:\/\/www.eldiario.net\/portal\/2026\/01\/15\/las-lecciones-que-deja-el-conflicto-por-el-ds-5503\/"]}]},{"@type":"ImageObject","inLanguage":"es","@id":"https:\/\/www.eldiario.net\/portal\/2026\/01\/15\/las-lecciones-que-deja-el-conflicto-por-el-ds-5503\/#primaryimage","url":"https:\/\/www.eldiario.net\/portal\/wp-content\/uploads\/2023\/10\/Willy-Marcos-Chipana-Mamani.jpg","contentUrl":"https:\/\/www.eldiario.net\/portal\/wp-content\/uploads\/2023\/10\/Willy-Marcos-Chipana-Mamani.jpg","width":1200,"height":628},{"@type":"BreadcrumbList","@id":"https:\/\/www.eldiario.net\/portal\/2026\/01\/15\/las-lecciones-que-deja-el-conflicto-por-el-ds-5503\/#breadcrumb","itemListElement":[{"@type":"ListItem","position":1,"name":"Portada","item":"https:\/\/www.eldiario.net\/portal\/"},{"@type":"ListItem","position":2,"name":"Las lecciones que deja el conflicto por el DS 5503"}]},{"@type":"WebSite","@id":"https:\/\/www.eldiario.net\/portal\/#website","url":"https:\/\/www.eldiario.net\/portal\/","name":"El Diario - Decano de la prensa nacional","description":"El Diario - Decano de la prensa nacional","publisher":{"@id":"https:\/\/www.eldiario.net\/portal\/#organization"},"potentialAction":[{"@type":"SearchAction","target":{"@type":"EntryPoint","urlTemplate":"https:\/\/www.eldiario.net\/portal\/?s={search_term_string}"},"query-input":{"@type":"PropertyValueSpecification","valueRequired":true,"valueName":"search_term_string"}}],"inLanguage":"es"},{"@type":"Organization","@id":"https:\/\/www.eldiario.net\/portal\/#organization","name":"El Diario - Decano de la prensa nacional","url":"https:\/\/www.eldiario.net\/portal\/","logo":{"@type":"ImageObject","inLanguage":"es","@id":"https:\/\/www.eldiario.net\/portal\/#\/schema\/logo\/image\/","url":"https:\/\/www.eldiario.net\/portal\/wp-content\/uploads\/2023\/07\/logo_ED.jpg","contentUrl":"https:\/\/www.eldiario.net\/portal\/wp-content\/uploads\/2023\/07\/logo_ED.jpg","width":272,"height":52,"caption":"El Diario - Decano de la prensa nacional"},"image":{"@id":"https:\/\/www.eldiario.net\/portal\/#\/schema\/logo\/image\/"},"sameAs":["https:\/\/www.facebook.com\/eldiario.bolivia\/","https:\/\/x.com\/eldiario_net"]},{"@type":"Person","@id":"https:\/\/www.eldiario.net\/portal\/#\/schema\/person\/f46445640444750d7d753ccd04ae01b7","name":"Jeanette","image":{"@type":"ImageObject","inLanguage":"es","@id":"https:\/\/secure.gravatar.com\/avatar\/3ea2118a5f7dad2b7138b1187a6b7ee55f160b9968b66013c3a3ef39dd7e5798?s=96&d=mm&r=g","url":"https:\/\/secure.gravatar.com\/avatar\/3ea2118a5f7dad2b7138b1187a6b7ee55f160b9968b66013c3a3ef39dd7e5798?s=96&d=mm&r=g","contentUrl":"https:\/\/secure.gravatar.com\/avatar\/3ea2118a5f7dad2b7138b1187a6b7ee55f160b9968b66013c3a3ef39dd7e5798?s=96&d=mm&r=g","caption":"Jeanette"},"sameAs":["https:\/\/www.eldiario.net\/portal"],"url":"https:\/\/www.eldiario.net\/portal\/author\/jeanette\/"}]}},"_links":{"self":[{"href":"https:\/\/www.eldiario.net\/portal\/wp-json\/wp\/v2\/posts\/360041","targetHints":{"allow":["GET"]}}],"collection":[{"href":"https:\/\/www.eldiario.net\/portal\/wp-json\/wp\/v2\/posts"}],"about":[{"href":"https:\/\/www.eldiario.net\/portal\/wp-json\/wp\/v2\/types\/post"}],"author":[{"embeddable":true,"href":"https:\/\/www.eldiario.net\/portal\/wp-json\/wp\/v2\/users\/1"}],"replies":[{"embeddable":true,"href":"https:\/\/www.eldiario.net\/portal\/wp-json\/wp\/v2\/comments?post=360041"}],"version-history":[{"count":1,"href":"https:\/\/www.eldiario.net\/portal\/wp-json\/wp\/v2\/posts\/360041\/revisions"}],"predecessor-version":[{"id":360042,"href":"https:\/\/www.eldiario.net\/portal\/wp-json\/wp\/v2\/posts\/360041\/revisions\/360042"}],"wp:featuredmedia":[{"embeddable":true,"href":"https:\/\/www.eldiario.net\/portal\/wp-json\/wp\/v2\/media\/180983"}],"wp:attachment":[{"href":"https:\/\/www.eldiario.net\/portal\/wp-json\/wp\/v2\/media?parent=360041"}],"wp:term":[{"taxonomy":"category","embeddable":true,"href":"https:\/\/www.eldiario.net\/portal\/wp-json\/wp\/v2\/categories?post=360041"},{"taxonomy":"post_tag","embeddable":true,"href":"https:\/\/www.eldiario.net\/portal\/wp-json\/wp\/v2\/tags?post=360041"}],"curies":[{"name":"wp","href":"https:\/\/api.w.org\/{rel}","templated":true}]}}