{"id":360037,"date":"2026-01-15T05:57:25","date_gmt":"2026-01-15T09:57:25","guid":{"rendered":"https:\/\/www.eldiario.net\/portal\/?p=360037"},"modified":"2026-01-15T05:57:25","modified_gmt":"2026-01-15T09:57:25","slug":"nuevos-vientos","status":"publish","type":"post","link":"https:\/\/www.eldiario.net\/portal\/2026\/01\/15\/nuevos-vientos\/","title":{"rendered":"Nuevos vientos"},"content":{"rendered":"<p>Tengo la certeza de que nuevos vientos est\u00e1n llegando a nuestro pa\u00eds desde Europa, referente a una honesta y m\u00e1s que todo confiable relaci\u00f3n de entendimiento para comenzar una estrategia de Bolivia y atraer capitales extranjeros, m\u00e1s que todos capitales europeos.<\/p>\n<p>Recientemente el Reino Unido manifest\u00f3 su apoyo al plan del gobierno en su estrategia para atraer inversiones. La representaci\u00f3n y el gobierno de Bolivia atreves del Ministerio de Planificaci\u00f3n firmaron un Memorando de Entendimiento para un plan sobre c\u00f3mo fortalecer la actual estrategia de Bolivia para acceder a capitales extranjeros.<\/p>\n<p>El estudio analizar\u00e1 la actual situaci\u00f3n de la inversi\u00f3n extranjera en Bolivia e identificar\u00e1 pol\u00edticas y reformas institucionales que podr\u00edan aplicarse al caso boliviano a fin de incrementar los actuales niveles de flujo de capitales provenientes del exterior.<\/p>\n<p>Durante el proceso, se buscar\u00e1 resaltar y analizar la posible aplicaci\u00f3n en Bolivia de buenas pr\u00e1cticas que han permitido facilitar la creaci\u00f3n de nuevos negocios en otros pa\u00edses comparables.<\/p>\n<p>Asimismo, y tomando el ejemplo de la experiencia brit\u00e1nica, se estudiar\u00e1 las asociaciones p\u00fablico-privadas como modelos de negocio innovadores para atraer inversi\u00f3n extranjera hacia aquellos sectores de la econom\u00eda considerados estrat\u00e9gicos.<\/p>\n<p>Se espera que el estudio proponga un esquema de prioridades y un cronograma de implementaci\u00f3n de las reformas y acciones identificadas que podr\u00edan implementarse en Bolivia con el objetivo de fortalecer la atracci\u00f3n de capitales de manera sostenible.<\/p>\n<p>Mientras tanto, el acercamiento entre Bolivia y la Uni\u00f3n Europea se produce en un momento decisivo para la pol\u00edtica comercial europea, marcado por la incertidumbre en torno al acuerdo de libre comercio entre la UE y Mercosur. Tras 25 a\u00f1os de negociaciones, el pacto se encuentra en su fase final, en la que destaca la divisi\u00f3n entre los Estados miembros de la UE y el parlamento europeo.<\/p>\n<p>La Comisi\u00f3n Europea conf\u00eda en lograr el respaldo necesario para su firma, varios pa\u00edses mantienen reticencias, especialmente por el impacto del acuerdo en el sector agr\u00edcola y por la exigencia de cl\u00e1usulas de reciprocidad y salvaguardias. El Parlamento Europeo tendr\u00e1 un papel determinante en las pr\u00f3ximas semanas y, de no prosperar el consenso, el acuerdo podr\u00eda verse bloqueado a lo largo de este nuevo a\u00f1o. En este contexto, la Uni\u00f3n Europea busca reforzar sus relaciones con Am\u00e9rica Latina y diversificar sus alianzas estrat\u00e9gicas, un escenario que otorga mayor relevancia a encuentros como el sostenido en La Paz, donde Bolivia y la UE ratificaron su compromiso de seguir avanzando juntos en una agenda compartida de desarrollo y cooperaci\u00f3n internacional.<\/p>\n<p>Para que los vientos de confianza de inversi\u00f3n internacional regresen a Bolivia, el gobierno tiene que poner en orden a la inseguridad jur\u00eddica, la inestabilidad pol\u00edtica y social, restricciones cambiarias, la alta burocracia, competencia desleal (contrabando) y una competencia con empresas estatales en. condiciones desiguales, altos costos de producci\u00f3n y poco desarrollo en sectores claves como la prospecci\u00f3n. Estos elementos combinados hacen que Bolivia sea percibida como un pa\u00eds de alto riesgo, donde los inversores exigen mayores retornos para compensar la incertidumbre desincentivando as\u00ed la inversi\u00f3n privada.<\/p>\n<p>&nbsp;<\/p>\n<p>Londres, Inglaterra.<\/p>\n","protected":false},"excerpt":{"rendered":"<p>Tengo la certeza de que nuevos vientos est\u00e1n llegando a nuestro pa\u00eds desde Europa, referente a una honesta y m\u00e1s que todo confiable relaci\u00f3n de entendimiento para comenzar una estrategia de Bolivia y atraer capitales extranjeros, m\u00e1s que todos capitales europeos. Recientemente el Reino Unido manifest\u00f3 su apoyo al plan del gobierno en su estrategia [&hellip;]<\/p>\n","protected":false},"author":1,"featured_media":195330,"comment_status":"closed","ping_status":"open","sticky":false,"template":"","format":"standard","meta":{"_acf_changed":false,"footnotes":""},"categories":[9],"tags":[],"class_list":["post-360037","post","type-post","status-publish","format-standard","has-post-thumbnail","category-opinion"],"acf":{"antetitulo":"Cartas desde el Viejo mundo"},"yoast_head":"<!-- This site is optimized with the Yoast SEO plugin v28.4 - https:\/\/yoast.com\/product\/yoast-seo-wordpress\/ -->\n<title>Nuevos vientos - El Diario - Bolivia<\/title>\n<meta name=\"robots\" content=\"index, follow, max-snippet:-1, max-image-preview:large, max-video-preview:-1\" \/>\n<link rel=\"canonical\" href=\"https:\/\/www.eldiario.net\/portal\/2026\/01\/15\/nuevos-vientos\/\" \/>\n<meta property=\"og:locale\" content=\"es_ES\" \/>\n<meta property=\"og:type\" content=\"article\" \/>\n<meta property=\"og:title\" content=\"Nuevos vientos - El Diario - Bolivia\" \/>\n<meta property=\"og:description\" content=\"Tengo la certeza de que nuevos vientos est\u00e1n llegando a nuestro pa\u00eds desde Europa, referente a una honesta y m\u00e1s que todo confiable relaci\u00f3n de entendimiento para comenzar una estrategia de Bolivia y atraer capitales extranjeros, m\u00e1s que todos capitales europeos. Recientemente el Reino Unido manifest\u00f3 su apoyo al plan del gobierno en su estrategia [&hellip;]\" \/>\n<meta property=\"og:url\" content=\"https:\/\/www.eldiario.net\/portal\/2026\/01\/15\/nuevos-vientos\/\" \/>\n<meta property=\"og:site_name\" content=\"El Diario - Bolivia\" \/>\n<meta property=\"article:publisher\" content=\"https:\/\/www.facebook.com\/eldiario.bolivia\/\" \/>\n<meta property=\"article:published_time\" content=\"2026-01-15T09:57:25+00:00\" \/>\n<meta property=\"og:image\" content=\"https:\/\/www.eldiario.net\/portal\/wp-content\/uploads\/2023\/12\/Julio-Salas-Benavides.jpg\" \/>\n\t<meta property=\"og:image:width\" content=\"1200\" \/>\n\t<meta property=\"og:image:height\" content=\"628\" \/>\n\t<meta property=\"og:image:type\" content=\"image\/jpeg\" \/>\n<meta name=\"author\" content=\"Jeanette\" \/>\n<meta name=\"twitter:card\" content=\"summary_large_image\" \/>\n<meta name=\"twitter:creator\" content=\"@eldiario_net\" \/>\n<meta name=\"twitter:site\" content=\"@eldiario_net\" \/>\n<meta name=\"twitter:label1\" content=\"Escrito por\" \/>\n\t<meta name=\"twitter:data1\" content=\"Jeanette\" \/>\n\t<meta name=\"twitter:label2\" content=\"Tiempo de lectura\" \/>\n\t<meta name=\"twitter:data2\" content=\"3 minutos\" \/>\n<script type=\"application\/ld+json\" class=\"yoast-schema-graph\">{\"@context\":\"https:\\\/\\\/schema.org\",\"@graph\":[{\"@type\":\"Article\",\"@id\":\"https:\\\/\\\/www.eldiario.net\\\/portal\\\/2026\\\/01\\\/15\\\/nuevos-vientos\\\/#article\",\"isPartOf\":{\"@id\":\"https:\\\/\\\/www.eldiario.net\\\/portal\\\/2026\\\/01\\\/15\\\/nuevos-vientos\\\/\"},\"author\":{\"name\":\"Jeanette\",\"@id\":\"https:\\\/\\\/www.eldiario.net\\\/portal\\\/#\\\/schema\\\/person\\\/f46445640444750d7d753ccd04ae01b7\"},\"headline\":\"Nuevos vientos\",\"datePublished\":\"2026-01-15T09:57:25+00:00\",\"mainEntityOfPage\":{\"@id\":\"https:\\\/\\\/www.eldiario.net\\\/portal\\\/2026\\\/01\\\/15\\\/nuevos-vientos\\\/\"},\"wordCount\":550,\"publisher\":{\"@id\":\"https:\\\/\\\/www.eldiario.net\\\/portal\\\/#organization\"},\"image\":{\"@id\":\"https:\\\/\\\/www.eldiario.net\\\/portal\\\/2026\\\/01\\\/15\\\/nuevos-vientos\\\/#primaryimage\"},\"thumbnailUrl\":\"https:\\\/\\\/www.eldiario.net\\\/portal\\\/wp-content\\\/uploads\\\/2023\\\/12\\\/Julio-Salas-Benavides.jpg\",\"articleSection\":[\"Opini\u00f3n\"],\"inLanguage\":\"es\"},{\"@type\":\"WebPage\",\"@id\":\"https:\\\/\\\/www.eldiario.net\\\/portal\\\/2026\\\/01\\\/15\\\/nuevos-vientos\\\/\",\"url\":\"https:\\\/\\\/www.eldiario.net\\\/portal\\\/2026\\\/01\\\/15\\\/nuevos-vientos\\\/\",\"name\":\"Nuevos vientos - El Diario - Bolivia\",\"isPartOf\":{\"@id\":\"https:\\\/\\\/www.eldiario.net\\\/portal\\\/#website\"},\"primaryImageOfPage\":{\"@id\":\"https:\\\/\\\/www.eldiario.net\\\/portal\\\/2026\\\/01\\\/15\\\/nuevos-vientos\\\/#primaryimage\"},\"image\":{\"@id\":\"https:\\\/\\\/www.eldiario.net\\\/portal\\\/2026\\\/01\\\/15\\\/nuevos-vientos\\\/#primaryimage\"},\"thumbnailUrl\":\"https:\\\/\\\/www.eldiario.net\\\/portal\\\/wp-content\\\/uploads\\\/2023\\\/12\\\/Julio-Salas-Benavides.jpg\",\"datePublished\":\"2026-01-15T09:57:25+00:00\",\"breadcrumb\":{\"@id\":\"https:\\\/\\\/www.eldiario.net\\\/portal\\\/2026\\\/01\\\/15\\\/nuevos-vientos\\\/#breadcrumb\"},\"inLanguage\":\"es\",\"potentialAction\":[{\"@type\":\"ReadAction\",\"target\":[\"https:\\\/\\\/www.eldiario.net\\\/portal\\\/2026\\\/01\\\/15\\\/nuevos-vientos\\\/\"]}]},{\"@type\":\"ImageObject\",\"inLanguage\":\"es\",\"@id\":\"https:\\\/\\\/www.eldiario.net\\\/portal\\\/2026\\\/01\\\/15\\\/nuevos-vientos\\\/#primaryimage\",\"url\":\"https:\\\/\\\/www.eldiario.net\\\/portal\\\/wp-content\\\/uploads\\\/2023\\\/12\\\/Julio-Salas-Benavides.jpg\",\"contentUrl\":\"https:\\\/\\\/www.eldiario.net\\\/portal\\\/wp-content\\\/uploads\\\/2023\\\/12\\\/Julio-Salas-Benavides.jpg\",\"width\":1200,\"height\":628,\"caption\":\"Julio Salas Benavides\"},{\"@type\":\"BreadcrumbList\",\"@id\":\"https:\\\/\\\/www.eldiario.net\\\/portal\\\/2026\\\/01\\\/15\\\/nuevos-vientos\\\/#breadcrumb\",\"itemListElement\":[{\"@type\":\"ListItem\",\"position\":1,\"name\":\"Portada\",\"item\":\"https:\\\/\\\/www.eldiario.net\\\/portal\\\/\"},{\"@type\":\"ListItem\",\"position\":2,\"name\":\"Nuevos vientos\"}]},{\"@type\":\"WebSite\",\"@id\":\"https:\\\/\\\/www.eldiario.net\\\/portal\\\/#website\",\"url\":\"https:\\\/\\\/www.eldiario.net\\\/portal\\\/\",\"name\":\"El Diario - Decano de la prensa nacional\",\"description\":\"El Diario - Decano de la prensa nacional\",\"publisher\":{\"@id\":\"https:\\\/\\\/www.eldiario.net\\\/portal\\\/#organization\"},\"potentialAction\":[{\"@type\":\"SearchAction\",\"target\":{\"@type\":\"EntryPoint\",\"urlTemplate\":\"https:\\\/\\\/www.eldiario.net\\\/portal\\\/?s={search_term_string}\"},\"query-input\":{\"@type\":\"PropertyValueSpecification\",\"valueRequired\":true,\"valueName\":\"search_term_string\"}}],\"inLanguage\":\"es\"},{\"@type\":\"Organization\",\"@id\":\"https:\\\/\\\/www.eldiario.net\\\/portal\\\/#organization\",\"name\":\"El Diario - Decano de la prensa nacional\",\"url\":\"https:\\\/\\\/www.eldiario.net\\\/portal\\\/\",\"logo\":{\"@type\":\"ImageObject\",\"inLanguage\":\"es\",\"@id\":\"https:\\\/\\\/www.eldiario.net\\\/portal\\\/#\\\/schema\\\/logo\\\/image\\\/\",\"url\":\"https:\\\/\\\/www.eldiario.net\\\/portal\\\/wp-content\\\/uploads\\\/2023\\\/07\\\/logo_ED.jpg\",\"contentUrl\":\"https:\\\/\\\/www.eldiario.net\\\/portal\\\/wp-content\\\/uploads\\\/2023\\\/07\\\/logo_ED.jpg\",\"width\":272,\"height\":52,\"caption\":\"El Diario - Decano de la prensa nacional\"},\"image\":{\"@id\":\"https:\\\/\\\/www.eldiario.net\\\/portal\\\/#\\\/schema\\\/logo\\\/image\\\/\"},\"sameAs\":[\"https:\\\/\\\/www.facebook.com\\\/eldiario.bolivia\\\/\",\"https:\\\/\\\/x.com\\\/eldiario_net\"]},{\"@type\":\"Person\",\"@id\":\"https:\\\/\\\/www.eldiario.net\\\/portal\\\/#\\\/schema\\\/person\\\/f46445640444750d7d753ccd04ae01b7\",\"name\":\"Jeanette\",\"image\":{\"@type\":\"ImageObject\",\"inLanguage\":\"es\",\"@id\":\"https:\\\/\\\/secure.gravatar.com\\\/avatar\\\/3ea2118a5f7dad2b7138b1187a6b7ee55f160b9968b66013c3a3ef39dd7e5798?s=96&d=mm&r=g\",\"url\":\"https:\\\/\\\/secure.gravatar.com\\\/avatar\\\/3ea2118a5f7dad2b7138b1187a6b7ee55f160b9968b66013c3a3ef39dd7e5798?s=96&d=mm&r=g\",\"contentUrl\":\"https:\\\/\\\/secure.gravatar.com\\\/avatar\\\/3ea2118a5f7dad2b7138b1187a6b7ee55f160b9968b66013c3a3ef39dd7e5798?s=96&d=mm&r=g\",\"caption\":\"Jeanette\"},\"sameAs\":[\"https:\\\/\\\/www.eldiario.net\\\/portal\"],\"url\":\"https:\\\/\\\/www.eldiario.net\\\/portal\\\/author\\\/jeanette\\\/\"}]}<\/script>\n<!-- \/ Yoast SEO plugin. -->","yoast_head_json":{"title":"Nuevos vientos - El Diario - Bolivia","robots":{"index":"index","follow":"follow","max-snippet":"max-snippet:-1","max-image-preview":"max-image-preview:large","max-video-preview":"max-video-preview:-1"},"canonical":"https:\/\/www.eldiario.net\/portal\/2026\/01\/15\/nuevos-vientos\/","og_locale":"es_ES","og_type":"article","og_title":"Nuevos vientos - El Diario - Bolivia","og_description":"Tengo la certeza de que nuevos vientos est\u00e1n llegando a nuestro pa\u00eds desde Europa, referente a una honesta y m\u00e1s que todo confiable relaci\u00f3n de entendimiento para comenzar una estrategia de Bolivia y atraer capitales extranjeros, m\u00e1s que todos capitales europeos. Recientemente el Reino Unido manifest\u00f3 su apoyo al plan del gobierno en su estrategia [&hellip;]","og_url":"https:\/\/www.eldiario.net\/portal\/2026\/01\/15\/nuevos-vientos\/","og_site_name":"El Diario - Bolivia","article_publisher":"https:\/\/www.facebook.com\/eldiario.bolivia\/","article_published_time":"2026-01-15T09:57:25+00:00","og_image":[{"width":1200,"height":628,"url":"https:\/\/www.eldiario.net\/portal\/wp-content\/uploads\/2023\/12\/Julio-Salas-Benavides.jpg","type":"image\/jpeg"}],"author":"Jeanette","twitter_card":"summary_large_image","twitter_creator":"@eldiario_net","twitter_site":"@eldiario_net","twitter_misc":{"Escrito por":"Jeanette","Tiempo de lectura":"3 minutos"},"schema":{"@context":"https:\/\/schema.org","@graph":[{"@type":"Article","@id":"https:\/\/www.eldiario.net\/portal\/2026\/01\/15\/nuevos-vientos\/#article","isPartOf":{"@id":"https:\/\/www.eldiario.net\/portal\/2026\/01\/15\/nuevos-vientos\/"},"author":{"name":"Jeanette","@id":"https:\/\/www.eldiario.net\/portal\/#\/schema\/person\/f46445640444750d7d753ccd04ae01b7"},"headline":"Nuevos vientos","datePublished":"2026-01-15T09:57:25+00:00","mainEntityOfPage":{"@id":"https:\/\/www.eldiario.net\/portal\/2026\/01\/15\/nuevos-vientos\/"},"wordCount":550,"publisher":{"@id":"https:\/\/www.eldiario.net\/portal\/#organization"},"image":{"@id":"https:\/\/www.eldiario.net\/portal\/2026\/01\/15\/nuevos-vientos\/#primaryimage"},"thumbnailUrl":"https:\/\/www.eldiario.net\/portal\/wp-content\/uploads\/2023\/12\/Julio-Salas-Benavides.jpg","articleSection":["Opini\u00f3n"],"inLanguage":"es"},{"@type":"WebPage","@id":"https:\/\/www.eldiario.net\/portal\/2026\/01\/15\/nuevos-vientos\/","url":"https:\/\/www.eldiario.net\/portal\/2026\/01\/15\/nuevos-vientos\/","name":"Nuevos vientos - El Diario - Bolivia","isPartOf":{"@id":"https:\/\/www.eldiario.net\/portal\/#website"},"primaryImageOfPage":{"@id":"https:\/\/www.eldiario.net\/portal\/2026\/01\/15\/nuevos-vientos\/#primaryimage"},"image":{"@id":"https:\/\/www.eldiario.net\/portal\/2026\/01\/15\/nuevos-vientos\/#primaryimage"},"thumbnailUrl":"https:\/\/www.eldiario.net\/portal\/wp-content\/uploads\/2023\/12\/Julio-Salas-Benavides.jpg","datePublished":"2026-01-15T09:57:25+00:00","breadcrumb":{"@id":"https:\/\/www.eldiario.net\/portal\/2026\/01\/15\/nuevos-vientos\/#breadcrumb"},"inLanguage":"es","potentialAction":[{"@type":"ReadAction","target":["https:\/\/www.eldiario.net\/portal\/2026\/01\/15\/nuevos-vientos\/"]}]},{"@type":"ImageObject","inLanguage":"es","@id":"https:\/\/www.eldiario.net\/portal\/2026\/01\/15\/nuevos-vientos\/#primaryimage","url":"https:\/\/www.eldiario.net\/portal\/wp-content\/uploads\/2023\/12\/Julio-Salas-Benavides.jpg","contentUrl":"https:\/\/www.eldiario.net\/portal\/wp-content\/uploads\/2023\/12\/Julio-Salas-Benavides.jpg","width":1200,"height":628,"caption":"Julio Salas Benavides"},{"@type":"BreadcrumbList","@id":"https:\/\/www.eldiario.net\/portal\/2026\/01\/15\/nuevos-vientos\/#breadcrumb","itemListElement":[{"@type":"ListItem","position":1,"name":"Portada","item":"https:\/\/www.eldiario.net\/portal\/"},{"@type":"ListItem","position":2,"name":"Nuevos vientos"}]},{"@type":"WebSite","@id":"https:\/\/www.eldiario.net\/portal\/#website","url":"https:\/\/www.eldiario.net\/portal\/","name":"El Diario - Decano de la prensa nacional","description":"El Diario - Decano de la prensa nacional","publisher":{"@id":"https:\/\/www.eldiario.net\/portal\/#organization"},"potentialAction":[{"@type":"SearchAction","target":{"@type":"EntryPoint","urlTemplate":"https:\/\/www.eldiario.net\/portal\/?s={search_term_string}"},"query-input":{"@type":"PropertyValueSpecification","valueRequired":true,"valueName":"search_term_string"}}],"inLanguage":"es"},{"@type":"Organization","@id":"https:\/\/www.eldiario.net\/portal\/#organization","name":"El Diario - Decano de la prensa nacional","url":"https:\/\/www.eldiario.net\/portal\/","logo":{"@type":"ImageObject","inLanguage":"es","@id":"https:\/\/www.eldiario.net\/portal\/#\/schema\/logo\/image\/","url":"https:\/\/www.eldiario.net\/portal\/wp-content\/uploads\/2023\/07\/logo_ED.jpg","contentUrl":"https:\/\/www.eldiario.net\/portal\/wp-content\/uploads\/2023\/07\/logo_ED.jpg","width":272,"height":52,"caption":"El Diario - Decano de la prensa nacional"},"image":{"@id":"https:\/\/www.eldiario.net\/portal\/#\/schema\/logo\/image\/"},"sameAs":["https:\/\/www.facebook.com\/eldiario.bolivia\/","https:\/\/x.com\/eldiario_net"]},{"@type":"Person","@id":"https:\/\/www.eldiario.net\/portal\/#\/schema\/person\/f46445640444750d7d753ccd04ae01b7","name":"Jeanette","image":{"@type":"ImageObject","inLanguage":"es","@id":"https:\/\/secure.gravatar.com\/avatar\/3ea2118a5f7dad2b7138b1187a6b7ee55f160b9968b66013c3a3ef39dd7e5798?s=96&d=mm&r=g","url":"https:\/\/secure.gravatar.com\/avatar\/3ea2118a5f7dad2b7138b1187a6b7ee55f160b9968b66013c3a3ef39dd7e5798?s=96&d=mm&r=g","contentUrl":"https:\/\/secure.gravatar.com\/avatar\/3ea2118a5f7dad2b7138b1187a6b7ee55f160b9968b66013c3a3ef39dd7e5798?s=96&d=mm&r=g","caption":"Jeanette"},"sameAs":["https:\/\/www.eldiario.net\/portal"],"url":"https:\/\/www.eldiario.net\/portal\/author\/jeanette\/"}]}},"_links":{"self":[{"href":"https:\/\/www.eldiario.net\/portal\/wp-json\/wp\/v2\/posts\/360037","targetHints":{"allow":["GET"]}}],"collection":[{"href":"https:\/\/www.eldiario.net\/portal\/wp-json\/wp\/v2\/posts"}],"about":[{"href":"https:\/\/www.eldiario.net\/portal\/wp-json\/wp\/v2\/types\/post"}],"author":[{"embeddable":true,"href":"https:\/\/www.eldiario.net\/portal\/wp-json\/wp\/v2\/users\/1"}],"replies":[{"embeddable":true,"href":"https:\/\/www.eldiario.net\/portal\/wp-json\/wp\/v2\/comments?post=360037"}],"version-history":[{"count":1,"href":"https:\/\/www.eldiario.net\/portal\/wp-json\/wp\/v2\/posts\/360037\/revisions"}],"predecessor-version":[{"id":360038,"href":"https:\/\/www.eldiario.net\/portal\/wp-json\/wp\/v2\/posts\/360037\/revisions\/360038"}],"wp:featuredmedia":[{"embeddable":true,"href":"https:\/\/www.eldiario.net\/portal\/wp-json\/wp\/v2\/media\/195330"}],"wp:attachment":[{"href":"https:\/\/www.eldiario.net\/portal\/wp-json\/wp\/v2\/media?parent=360037"}],"wp:term":[{"taxonomy":"category","embeddable":true,"href":"https:\/\/www.eldiario.net\/portal\/wp-json\/wp\/v2\/categories?post=360037"},{"taxonomy":"post_tag","embeddable":true,"href":"https:\/\/www.eldiario.net\/portal\/wp-json\/wp\/v2\/tags?post=360037"}],"curies":[{"name":"wp","href":"https:\/\/api.w.org\/{rel}","templated":true}]}}